{"id":26235,"date":"2024-04-04T13:48:46","date_gmt":"2024-04-04T11:48:46","guid":{"rendered":"https:\/\/www.organisator.ch\/?p=26235"},"modified":"2024-04-04T13:48:46","modified_gmt":"2024-04-04T11:48:46","slug":"landesweite-sensibilisierungskampagne-fuer-cybersicherheit-gestartet","status":"publish","type":"post","link":"https:\/\/www.organisator.ch\/fr\/operational-excellence\/2024-04-04\/landesweite-sensibilisierungskampagne-fuer-cybersicherheit-gestartet\/","title":{"rendered":"Lancement d'une campagne nationale de sensibilisation \u00e0 la cybers\u00e9curit\u00e9"},"content":{"rendered":"<figure id=\"attachment_26236\" aria-describedby=\"caption-attachment-26236\" style=\"width: 680px\" class=\"wp-caption alignnone\"><img loading=\"lazy\" decoding=\"async\" class=\"size-full wp-image-26236\" src=\"https:\/\/www.organisator.ch\/wp-content\/uploads\/2024\/04\/Landesweite-Sensibilisierungskampagne-fuer-Cybersicherheit-gestartet_Organisator.jpg\" alt=\"\" width=\"680\" height=\"424\" srcset=\"https:\/\/www.organisator.ch\/wp-content\/uploads\/2024\/04\/Landesweite-Sensibilisierungskampagne-fuer-Cybersicherheit-gestartet_Organisator.jpg 680w, https:\/\/www.organisator.ch\/wp-content\/uploads\/2024\/04\/Landesweite-Sensibilisierungskampagne-fuer-Cybersicherheit-gestartet_Organisator-18x12.jpg 18w, https:\/\/www.organisator.ch\/wp-content\/uploads\/2024\/04\/Landesweite-Sensibilisierungskampagne-fuer-Cybersicherheit-gestartet_Organisator-375x234.jpg 375w, https:\/\/www.organisator.ch\/wp-content\/uploads\/2024\/04\/Landesweite-Sensibilisierungskampagne-fuer-Cybersicherheit-gestartet_Organisator-561x350.jpg 561w\" sizes=\"auto, (max-width: 680px) 100vw, 680px\" \/><figcaption id=\"caption-attachment-26236\" class=\"wp-caption-text\">Une campagne nationale de sensibilisation attire l'attention sur la n\u00e9cessit\u00e9 d'une protection antivirus et de mises \u00e0 jour. (Image : Pr\u00e9vention Suisse de la Criminalit\u00e9)<\/figcaption><\/figure>\n<p>Sous le slogan \"Promouvoir votre sant\u00e9 num\u00e9rique\", la nouvelle campagne \"S-U-P-E-R.ch\" d\u00e9marre en 2024 en mettant l'accent sur les th\u00e8mes \"Mises \u00e0 jour\" et \"Protection contre les virus\". Cette campagne s'inscrit dans la tendance \u00e0 un mode de vie sain qui perdure depuis des ann\u00e9es. Mais qu'en est-il de la sant\u00e9 num\u00e9rique ? Des mises \u00e0 jour r\u00e9guli\u00e8res du syst\u00e8me d'exploitation, des logiciels et des applications ainsi qu'une protection antivirus actualis\u00e9e prot\u00e8gent activement les appareils num\u00e9riques contre les intrus. En prot\u00e9geant correctement son appareil, on rend les cyber-attaques plus difficiles. Cela vaut pour les entreprises, les organisations comme pour les particuliers.<\/p>\n<p>A partir du 4 avril, le BACS, la PSC et les corps de police cantonaux et municipaux, soutenus par iBarry et EBAS, sensibiliseront la population suisse \u00e0 l'importance des mises \u00e0 jour et de la protection contre les virus. Sur les supports de communication, diff\u00e9rents sujets sur la forme physique et la sant\u00e9 permettent de visualiser que non seulement le corps, mais aussi les logiciels doivent \u00eatre maintenus en forme. Le site web de la campagne <a href=\"https:\/\/www.s-u-p-e-r.ch\/de\/\">S-U-P-E-R.ch<\/a> fournit des informations compl\u00e9mentaires sur le sujet et les connaissances acquises peuvent \u00eatre test\u00e9es \u00e0 l'aide d'un quiz. La campagne durera jusqu'au 30 avril 2024.\u00a0<\/p>\n<p><em>Source : <a href=\"http:\/\/www.skppsc.ch\">Pr\u00e9vention Suisse de la Criminalit\u00e9 (PSC)<\/a><\/em><\/p>","protected":false},"excerpt":{"rendered":"<p>Des mises \u00e0 jour r\u00e9guli\u00e8res et une protection antivirus actualis\u00e9e contribuent de mani\u00e8re d\u00e9terminante \u00e0 la cybers\u00e9curit\u00e9. C'est pourquoi l'Office f\u00e9d\u00e9ral de la cybers\u00e9curit\u00e9 (OCS), la Pr\u00e9vention suisse de la criminalit\u00e9 (PSC) et les corps de police cantonaux et municipaux lancent en avril un nouveau volet de la campagne nationale \"S-U-P-E-R.ch\", dans lequel ils soulignent l'importance des mises \u00e0 jour et de la protection contre les virus. <\/p>","protected":false},"author":4,"featured_media":0,"comment_status":"closed","ping_status":"closed","sticky":false,"template":"","format":"standard","meta":{"_acf_changed":false,"_yoast_wpseo_focuskw":"Sensibilisierungskampagne","_yoast_wpseo_metadesc":"Regelm\u00e4ssige Updates und ein aktueller Virenschutz tragen massgeblich zur Cybersicherheit bei und ist Thema einer Sensibilisierungskampagne.","articlekey":"","footnotes":""},"categories":[582],"tags":[142,260,286,3747],"class_list":["post-26235","post","type-post","status-publish","format-standard","hentry","category-operational-excellence","tag-cyber-crime","tag-ict-sicherheit","tag-it","tag-sensibilisierungskampagne"],"acf":[],"yoast_head":"<!-- This site is optimized with the Yoast SEO plugin v27.4 - https:\/\/yoast.com\/product\/yoast-seo-wordpress\/ -->\n<title>Landesweite Sensibilisierungskampagne f\u00fcr Cybersicherheit gestartet - Organisator<\/title>\n<meta name=\"description\" content=\"Regelm\u00e4ssige Updates und ein aktueller Virenschutz tragen massgeblich zur Cybersicherheit bei und ist Thema einer Sensibilisierungskampagne.\" \/>\n<meta name=\"robots\" content=\"index, follow, max-snippet:-1, max-image-preview:large, max-video-preview:-1\" \/>\n<link rel=\"canonical\" href=\"https:\/\/www.organisator.ch\/fr\/excellence-operationnelle\/2024-04-04\/landesweite-sensibilisierungskampagne-fuer-cybersicherheit-gestartet\/\" \/>\n<meta property=\"og:locale\" content=\"fr_FR\" \/>\n<meta property=\"og:type\" content=\"article\" \/>\n<meta property=\"og:title\" content=\"Landesweite Sensibilisierungskampagne f\u00fcr Cybersicherheit gestartet\" \/>\n<meta property=\"og:description\" content=\"Regelm\u00e4ssige Updates und ein aktueller Virenschutz tragen massgeblich zur Cybersicherheit bei und ist Thema einer Sensibilisierungskampagne.\" \/>\n<meta property=\"og:url\" content=\"https:\/\/www.organisator.ch\/fr\/excellence-operationnelle\/2024-04-04\/landesweite-sensibilisierungskampagne-fuer-cybersicherheit-gestartet\/\" \/>\n<meta property=\"og:site_name\" content=\"Organisator\" \/>\n<meta property=\"article:publisher\" content=\"https:\/\/www.facebook.com\/OrganisatorFachmagazin\" \/>\n<meta property=\"article:published_time\" content=\"2024-04-04T11:48:46+00:00\" \/>\n<meta property=\"og:image\" content=\"https:\/\/www.organisator.ch\/wp-content\/uploads\/2024\/04\/Landesweite-Sensibilisierungskampagne-fuer-Cybersicherheit-gestartet_Organisator.jpg\" \/>\n\t<meta property=\"og:image:width\" content=\"680\" \/>\n\t<meta property=\"og:image:height\" content=\"424\" \/>\n\t<meta property=\"og:image:type\" content=\"image\/jpeg\" \/>\n<meta name=\"author\" content=\"thomas.berner\" \/>\n<meta name=\"twitter:card\" content=\"summary_large_image\" \/>\n<meta name=\"twitter:title\" content=\"Landesweite #Sensibilisierungskampagne f\u00fcr Cybersicherheit gestartet\" \/>\n<meta name=\"twitter:description\" content=\"Regelm\u00e4ssige #Updates und ein aktueller #Virenschutz tragen massgeblich zur #Cybersicherheit bei und ist Thema einer #Sensibilisierungskampagne.\" \/>\n<meta name=\"twitter:image\" content=\"https:\/\/www.organisator.ch\/wp-content\/uploads\/2024\/04\/Landesweite-Sensibilisierungskampagne-fuer-Cybersicherheit-gestartet_Organisator.jpg\" \/>\n<script type=\"application\/ld+json\" class=\"yoast-schema-graph\">{\"@context\":\"https:\\\/\\\/schema.org\",\"@graph\":[{\"@type\":\"Article\",\"@id\":\"https:\\\/\\\/www.organisator.ch\\\/operational-excellence\\\/2024-04-04\\\/landesweite-sensibilisierungskampagne-fuer-cybersicherheit-gestartet\\\/#article\",\"isPartOf\":{\"@id\":\"https:\\\/\\\/www.organisator.ch\\\/operational-excellence\\\/2024-04-04\\\/landesweite-sensibilisierungskampagne-fuer-cybersicherheit-gestartet\\\/\"},\"author\":{\"name\":\"thomas.berner\",\"@id\":\"https:\\\/\\\/www.organisator.ch\\\/#\\\/schema\\\/person\\\/6f650f90b2842cd4c0cc334b4e36f67e\"},\"headline\":\"Landesweite Sensibilisierungskampagne f\u00fcr Cybersicherheit gestartet\",\"datePublished\":\"2024-04-04T11:48:46+00:00\",\"mainEntityOfPage\":{\"@id\":\"https:\\\/\\\/www.organisator.ch\\\/operational-excellence\\\/2024-04-04\\\/landesweite-sensibilisierungskampagne-fuer-cybersicherheit-gestartet\\\/\"},\"wordCount\":205,\"publisher\":{\"@id\":\"https:\\\/\\\/www.organisator.ch\\\/#organization\"},\"image\":{\"@id\":\"https:\\\/\\\/www.organisator.ch\\\/operational-excellence\\\/2024-04-04\\\/landesweite-sensibilisierungskampagne-fuer-cybersicherheit-gestartet\\\/#primaryimage\"},\"thumbnailUrl\":\"https:\\\/\\\/www.organisator.ch\\\/wp-content\\\/uploads\\\/2024\\\/04\\\/Landesweite-Sensibilisierungskampagne-fuer-Cybersicherheit-gestartet_Organisator.jpg\",\"keywords\":[\"Cyber-Crime\",\"ICT-Sicherheit\",\"IT\",\"Sensibilisierungskampagne\"],\"articleSection\":[\"OPERATIONAL EXCELLENCE\"],\"inLanguage\":\"fr-FR\"},{\"@type\":\"WebPage\",\"@id\":\"https:\\\/\\\/www.organisator.ch\\\/operational-excellence\\\/2024-04-04\\\/landesweite-sensibilisierungskampagne-fuer-cybersicherheit-gestartet\\\/\",\"url\":\"https:\\\/\\\/www.organisator.ch\\\/operational-excellence\\\/2024-04-04\\\/landesweite-sensibilisierungskampagne-fuer-cybersicherheit-gestartet\\\/\",\"name\":\"Landesweite Sensibilisierungskampagne f\u00fcr Cybersicherheit gestartet - Organisator\",\"isPartOf\":{\"@id\":\"https:\\\/\\\/www.organisator.ch\\\/#website\"},\"primaryImageOfPage\":{\"@id\":\"https:\\\/\\\/www.organisator.ch\\\/operational-excellence\\\/2024-04-04\\\/landesweite-sensibilisierungskampagne-fuer-cybersicherheit-gestartet\\\/#primaryimage\"},\"image\":{\"@id\":\"https:\\\/\\\/www.organisator.ch\\\/operational-excellence\\\/2024-04-04\\\/landesweite-sensibilisierungskampagne-fuer-cybersicherheit-gestartet\\\/#primaryimage\"},\"thumbnailUrl\":\"https:\\\/\\\/www.organisator.ch\\\/wp-content\\\/uploads\\\/2024\\\/04\\\/Landesweite-Sensibilisierungskampagne-fuer-Cybersicherheit-gestartet_Organisator.jpg\",\"datePublished\":\"2024-04-04T11:48:46+00:00\",\"description\":\"Regelm\u00e4ssige Updates und ein aktueller Virenschutz tragen massgeblich zur Cybersicherheit bei und ist Thema einer Sensibilisierungskampagne.\",\"breadcrumb\":{\"@id\":\"https:\\\/\\\/www.organisator.ch\\\/operational-excellence\\\/2024-04-04\\\/landesweite-sensibilisierungskampagne-fuer-cybersicherheit-gestartet\\\/#breadcrumb\"},\"inLanguage\":\"fr-FR\",\"potentialAction\":[{\"@type\":\"ReadAction\",\"target\":[\"https:\\\/\\\/www.organisator.ch\\\/operational-excellence\\\/2024-04-04\\\/landesweite-sensibilisierungskampagne-fuer-cybersicherheit-gestartet\\\/\"]}]},{\"@type\":\"ImageObject\",\"inLanguage\":\"fr-FR\",\"@id\":\"https:\\\/\\\/www.organisator.ch\\\/operational-excellence\\\/2024-04-04\\\/landesweite-sensibilisierungskampagne-fuer-cybersicherheit-gestartet\\\/#primaryimage\",\"url\":\"https:\\\/\\\/www.organisator.ch\\\/wp-content\\\/uploads\\\/2024\\\/04\\\/Landesweite-Sensibilisierungskampagne-fuer-Cybersicherheit-gestartet_Organisator.jpg\",\"contentUrl\":\"https:\\\/\\\/www.organisator.ch\\\/wp-content\\\/uploads\\\/2024\\\/04\\\/Landesweite-Sensibilisierungskampagne-fuer-Cybersicherheit-gestartet_Organisator.jpg\"},{\"@type\":\"BreadcrumbList\",\"@id\":\"https:\\\/\\\/www.organisator.ch\\\/operational-excellence\\\/2024-04-04\\\/landesweite-sensibilisierungskampagne-fuer-cybersicherheit-gestartet\\\/#breadcrumb\",\"itemListElement\":[{\"@type\":\"ListItem\",\"position\":1,\"name\":\"Home\",\"item\":\"https:\\\/\\\/www.organisator.ch\\\/\"},{\"@type\":\"ListItem\",\"position\":2,\"name\":\"Landesweite Sensibilisierungskampagne f\u00fcr Cybersicherheit gestartet\"}]},{\"@type\":\"WebSite\",\"@id\":\"https:\\\/\\\/www.organisator.ch\\\/#website\",\"url\":\"https:\\\/\\\/www.organisator.ch\\\/\",\"name\":\"Organisator\",\"description\":\"Kompetent. Praxisnah. Der ORGANISATOR bereitet in 10 Ausgaben pro Jahr die wesentlichen Themen f\u00fcr F\u00fchrungskr\u00e4fte von KMU auf.\",\"publisher\":{\"@id\":\"https:\\\/\\\/www.organisator.ch\\\/#organization\"},\"potentialAction\":[{\"@type\":\"SearchAction\",\"target\":{\"@type\":\"EntryPoint\",\"urlTemplate\":\"https:\\\/\\\/www.organisator.ch\\\/?s={search_term_string}\"},\"query-input\":{\"@type\":\"PropertyValueSpecification\",\"valueRequired\":true,\"valueName\":\"search_term_string\"}}],\"inLanguage\":\"fr-FR\"},{\"@type\":\"Organization\",\"@id\":\"https:\\\/\\\/www.organisator.ch\\\/#organization\",\"name\":\"Organisator\",\"url\":\"https:\\\/\\\/www.organisator.ch\\\/\",\"logo\":{\"@type\":\"ImageObject\",\"inLanguage\":\"fr-FR\",\"@id\":\"https:\\\/\\\/www.organisator.ch\\\/#\\\/schema\\\/logo\\\/image\\\/\",\"url\":\"https:\\\/\\\/www.organisator.ch\\\/wp-content\\\/uploads\\\/2022\\\/01\\\/Logo_Organisator_Website.png\",\"contentUrl\":\"https:\\\/\\\/www.organisator.ch\\\/wp-content\\\/uploads\\\/2022\\\/01\\\/Logo_Organisator_Website.png\",\"width\":800,\"height\":77,\"caption\":\"Organisator\"},\"image\":{\"@id\":\"https:\\\/\\\/www.organisator.ch\\\/#\\\/schema\\\/logo\\\/image\\\/\"},\"sameAs\":[\"https:\\\/\\\/www.facebook.com\\\/OrganisatorFachmagazin\",\"https:\\\/\\\/www.linkedin.com\\\/showcase\\\/organisator-das-magazin-fr-kmu\",\"https:\\\/\\\/www.xing.com\\\/news\\\/pages\\\/organisator-ch-695\",\"https:\\\/\\\/www.youtube.com\\\/channel\\\/UCGP2Sq0iWaZwT3BdIAQFYpw\"]},{\"@type\":\"Person\",\"@id\":\"https:\\\/\\\/www.organisator.ch\\\/#\\\/schema\\\/person\\\/6f650f90b2842cd4c0cc334b4e36f67e\",\"name\":\"thomas.berner\",\"image\":{\"@type\":\"ImageObject\",\"inLanguage\":\"fr-FR\",\"@id\":\"https:\\\/\\\/secure.gravatar.com\\\/avatar\\\/ac5001d2a36cb6c6cd3e50789007ffca834b477b74a2144564522e944eabff61?s=96&d=mm&r=g\",\"url\":\"https:\\\/\\\/secure.gravatar.com\\\/avatar\\\/ac5001d2a36cb6c6cd3e50789007ffca834b477b74a2144564522e944eabff61?s=96&d=mm&r=g\",\"contentUrl\":\"https:\\\/\\\/secure.gravatar.com\\\/avatar\\\/ac5001d2a36cb6c6cd3e50789007ffca834b477b74a2144564522e944eabff61?s=96&d=mm&r=g\",\"caption\":\"thomas.berner\"},\"url\":\"https:\\\/\\\/www.organisator.ch\\\/fr\\\/author\\\/thomas-berner\\\/\"}]}<\/script>\n<!-- \/ Yoast SEO plugin. -->","yoast_head_json":{"title":"Lancement d'une campagne nationale de sensibilisation \u00e0 la cybers\u00e9curit\u00e9 - organisateur","description":"Des mises \u00e0 jour r\u00e9guli\u00e8res et une protection antivirus actualis\u00e9e contribuent de mani\u00e8re d\u00e9terminante \u00e0 la cybers\u00e9curit\u00e9 et font l'objet d'une campagne de sensibilisation.","robots":{"index":"index","follow":"follow","max-snippet":"max-snippet:-1","max-image-preview":"max-image-preview:large","max-video-preview":"max-video-preview:-1"},"canonical":"https:\/\/www.organisator.ch\/fr\/excellence-operationnelle\/2024-04-04\/landesweite-sensibilisierungskampagne-fuer-cybersicherheit-gestartet\/","og_locale":"fr_FR","og_type":"article","og_title":"Landesweite Sensibilisierungskampagne f\u00fcr Cybersicherheit gestartet","og_description":"Regelm\u00e4ssige Updates und ein aktueller Virenschutz tragen massgeblich zur Cybersicherheit bei und ist Thema einer Sensibilisierungskampagne.","og_url":"https:\/\/www.organisator.ch\/fr\/excellence-operationnelle\/2024-04-04\/landesweite-sensibilisierungskampagne-fuer-cybersicherheit-gestartet\/","og_site_name":"Organisator","article_publisher":"https:\/\/www.facebook.com\/OrganisatorFachmagazin","article_published_time":"2024-04-04T11:48:46+00:00","og_image":[{"width":680,"height":424,"url":"https:\/\/www.organisator.ch\/wp-content\/uploads\/2024\/04\/Landesweite-Sensibilisierungskampagne-fuer-Cybersicherheit-gestartet_Organisator.jpg","type":"image\/jpeg"}],"author":"thomas.berner","twitter_card":"summary_large_image","twitter_title":"Landesweite #Sensibilisierungskampagne f\u00fcr Cybersicherheit gestartet","twitter_description":"Regelm\u00e4ssige #Updates und ein aktueller #Virenschutz tragen massgeblich zur #Cybersicherheit bei und ist Thema einer #Sensibilisierungskampagne.","twitter_image":"https:\/\/www.organisator.ch\/wp-content\/uploads\/2024\/04\/Landesweite-Sensibilisierungskampagne-fuer-Cybersicherheit-gestartet_Organisator.jpg","schema":{"@context":"https:\/\/schema.org","@graph":[{"@type":"Article","@id":"https:\/\/www.organisator.ch\/operational-excellence\/2024-04-04\/landesweite-sensibilisierungskampagne-fuer-cybersicherheit-gestartet\/#article","isPartOf":{"@id":"https:\/\/www.organisator.ch\/operational-excellence\/2024-04-04\/landesweite-sensibilisierungskampagne-fuer-cybersicherheit-gestartet\/"},"author":{"name":"thomas.berner","@id":"https:\/\/www.organisator.ch\/#\/schema\/person\/6f650f90b2842cd4c0cc334b4e36f67e"},"headline":"Landesweite Sensibilisierungskampagne f\u00fcr Cybersicherheit gestartet","datePublished":"2024-04-04T11:48:46+00:00","mainEntityOfPage":{"@id":"https:\/\/www.organisator.ch\/operational-excellence\/2024-04-04\/landesweite-sensibilisierungskampagne-fuer-cybersicherheit-gestartet\/"},"wordCount":205,"publisher":{"@id":"https:\/\/www.organisator.ch\/#organization"},"image":{"@id":"https:\/\/www.organisator.ch\/operational-excellence\/2024-04-04\/landesweite-sensibilisierungskampagne-fuer-cybersicherheit-gestartet\/#primaryimage"},"thumbnailUrl":"https:\/\/www.organisator.ch\/wp-content\/uploads\/2024\/04\/Landesweite-Sensibilisierungskampagne-fuer-Cybersicherheit-gestartet_Organisator.jpg","keywords":["Cyber-Crime","ICT-Sicherheit","IT","Sensibilisierungskampagne"],"articleSection":["OPERATIONAL EXCELLENCE"],"inLanguage":"fr-FR"},{"@type":"WebPage","@id":"https:\/\/www.organisator.ch\/operational-excellence\/2024-04-04\/landesweite-sensibilisierungskampagne-fuer-cybersicherheit-gestartet\/","url":"https:\/\/www.organisator.ch\/operational-excellence\/2024-04-04\/landesweite-sensibilisierungskampagne-fuer-cybersicherheit-gestartet\/","name":"Lancement d'une campagne nationale de sensibilisation \u00e0 la cybers\u00e9curit\u00e9 - organisateur","isPartOf":{"@id":"https:\/\/www.organisator.ch\/#website"},"primaryImageOfPage":{"@id":"https:\/\/www.organisator.ch\/operational-excellence\/2024-04-04\/landesweite-sensibilisierungskampagne-fuer-cybersicherheit-gestartet\/#primaryimage"},"image":{"@id":"https:\/\/www.organisator.ch\/operational-excellence\/2024-04-04\/landesweite-sensibilisierungskampagne-fuer-cybersicherheit-gestartet\/#primaryimage"},"thumbnailUrl":"https:\/\/www.organisator.ch\/wp-content\/uploads\/2024\/04\/Landesweite-Sensibilisierungskampagne-fuer-Cybersicherheit-gestartet_Organisator.jpg","datePublished":"2024-04-04T11:48:46+00:00","description":"Des mises \u00e0 jour r\u00e9guli\u00e8res et une protection antivirus actualis\u00e9e contribuent de mani\u00e8re d\u00e9terminante \u00e0 la cybers\u00e9curit\u00e9 et font l'objet d'une campagne de sensibilisation.","breadcrumb":{"@id":"https:\/\/www.organisator.ch\/operational-excellence\/2024-04-04\/landesweite-sensibilisierungskampagne-fuer-cybersicherheit-gestartet\/#breadcrumb"},"inLanguage":"fr-FR","potentialAction":[{"@type":"ReadAction","target":["https:\/\/www.organisator.ch\/operational-excellence\/2024-04-04\/landesweite-sensibilisierungskampagne-fuer-cybersicherheit-gestartet\/"]}]},{"@type":"ImageObject","inLanguage":"fr-FR","@id":"https:\/\/www.organisator.ch\/operational-excellence\/2024-04-04\/landesweite-sensibilisierungskampagne-fuer-cybersicherheit-gestartet\/#primaryimage","url":"https:\/\/www.organisator.ch\/wp-content\/uploads\/2024\/04\/Landesweite-Sensibilisierungskampagne-fuer-Cybersicherheit-gestartet_Organisator.jpg","contentUrl":"https:\/\/www.organisator.ch\/wp-content\/uploads\/2024\/04\/Landesweite-Sensibilisierungskampagne-fuer-Cybersicherheit-gestartet_Organisator.jpg"},{"@type":"BreadcrumbList","@id":"https:\/\/www.organisator.ch\/operational-excellence\/2024-04-04\/landesweite-sensibilisierungskampagne-fuer-cybersicherheit-gestartet\/#breadcrumb","itemListElement":[{"@type":"ListItem","position":1,"name":"Home","item":"https:\/\/www.organisator.ch\/"},{"@type":"ListItem","position":2,"name":"Landesweite Sensibilisierungskampagne f\u00fcr Cybersicherheit gestartet"}]},{"@type":"WebSite","@id":"https:\/\/www.organisator.ch\/#website","url":"https:\/\/www.organisator.ch\/","name":"Organisateur","description":"Comp\u00e9tence et comp\u00e9tence. Proches de la pratique. L'ORGANISATEUR pr\u00e9pare 10 num\u00e9ros par an sur les th\u00e8mes essentiels pour les dirigeants de PME.","publisher":{"@id":"https:\/\/www.organisator.ch\/#organization"},"potentialAction":[{"@type":"SearchAction","target":{"@type":"EntryPoint","urlTemplate":"https:\/\/www.organisator.ch\/?s={search_term_string}"},"query-input":{"@type":"PropertyValueSpecification","valueRequired":true,"valueName":"search_term_string"}}],"inLanguage":"fr-FR"},{"@type":"Organization","@id":"https:\/\/www.organisator.ch\/#organization","name":"Organisateur","url":"https:\/\/www.organisator.ch\/","logo":{"@type":"ImageObject","inLanguage":"fr-FR","@id":"https:\/\/www.organisator.ch\/#\/schema\/logo\/image\/","url":"https:\/\/www.organisator.ch\/wp-content\/uploads\/2022\/01\/Logo_Organisator_Website.png","contentUrl":"https:\/\/www.organisator.ch\/wp-content\/uploads\/2022\/01\/Logo_Organisator_Website.png","width":800,"height":77,"caption":"Organisator"},"image":{"@id":"https:\/\/www.organisator.ch\/#\/schema\/logo\/image\/"},"sameAs":["https:\/\/www.facebook.com\/OrganisatorFachmagazin","https:\/\/www.linkedin.com\/showcase\/organisator-das-magazin-fr-kmu","https:\/\/www.xing.com\/news\/pages\/organisator-ch-695","https:\/\/www.youtube.com\/channel\/UCGP2Sq0iWaZwT3BdIAQFYpw"]},{"@type":"Person","@id":"https:\/\/www.organisator.ch\/#\/schema\/person\/6f650f90b2842cd4c0cc334b4e36f67e","name":"thomas.berner","image":{"@type":"ImageObject","inLanguage":"fr-FR","@id":"https:\/\/secure.gravatar.com\/avatar\/ac5001d2a36cb6c6cd3e50789007ffca834b477b74a2144564522e944eabff61?s=96&d=mm&r=g","url":"https:\/\/secure.gravatar.com\/avatar\/ac5001d2a36cb6c6cd3e50789007ffca834b477b74a2144564522e944eabff61?s=96&d=mm&r=g","contentUrl":"https:\/\/secure.gravatar.com\/avatar\/ac5001d2a36cb6c6cd3e50789007ffca834b477b74a2144564522e944eabff61?s=96&d=mm&r=g","caption":"thomas.berner"},"url":"https:\/\/www.organisator.ch\/fr\/author\/thomas-berner\/"}]}},"_links":{"self":[{"href":"https:\/\/www.organisator.ch\/fr\/wp-json\/wp\/v2\/posts\/26235","targetHints":{"allow":["GET"]}}],"collection":[{"href":"https:\/\/www.organisator.ch\/fr\/wp-json\/wp\/v2\/posts"}],"about":[{"href":"https:\/\/www.organisator.ch\/fr\/wp-json\/wp\/v2\/types\/post"}],"author":[{"embeddable":true,"href":"https:\/\/www.organisator.ch\/fr\/wp-json\/wp\/v2\/users\/4"}],"replies":[{"embeddable":true,"href":"https:\/\/www.organisator.ch\/fr\/wp-json\/wp\/v2\/comments?post=26235"}],"version-history":[{"count":4,"href":"https:\/\/www.organisator.ch\/fr\/wp-json\/wp\/v2\/posts\/26235\/revisions"}],"predecessor-version":[{"id":26273,"href":"https:\/\/www.organisator.ch\/fr\/wp-json\/wp\/v2\/posts\/26235\/revisions\/26273"}],"wp:attachment":[{"href":"https:\/\/www.organisator.ch\/fr\/wp-json\/wp\/v2\/media?parent=26235"}],"wp:term":[{"taxonomy":"category","embeddable":true,"href":"https:\/\/www.organisator.ch\/fr\/wp-json\/wp\/v2\/categories?post=26235"},{"taxonomy":"post_tag","embeddable":true,"href":"https:\/\/www.organisator.ch\/fr\/wp-json\/wp\/v2\/tags?post=26235"}],"curies":[{"name":"wp","href":"https:\/\/api.w.org\/{rel}","templated":true}]}}