{"id":2626,"date":"2017-10-30T15:32:27","date_gmt":"2017-10-30T14:32:27","guid":{"rendered":"https:\/\/www.organisator.ch\/?p=2626"},"modified":"2017-10-30T15:32:27","modified_gmt":"2017-10-30T14:32:27","slug":"kmu-tag-2017-die-jugend-uebernimmt","status":"publish","type":"post","link":"https:\/\/www.organisator.ch\/fr\/allgemein\/2017-10-30\/kmu-tag-2017-die-jugend-uebernimmt\/","title":{"rendered":"Journ\u00e9e des PME 2017 : les jeunes prennent le relais..."},"content":{"rendered":"<figure id=\"attachment_2627\" aria-describedby=\"caption-attachment-2627\" style=\"width: 640px\" class=\"wp-caption alignnone\"><img loading=\"lazy\" decoding=\"async\" class=\"size-full wp-image-2627\" src=\"https:\/\/www.organisator.ch\/wp-content\/uploads\/2017\/10\/KMU-Tag2017-1.jpg\" alt=\"\" width=\"640\" height=\"400\" srcset=\"https:\/\/www.organisator.ch\/wp-content\/uploads\/2017\/10\/KMU-Tag2017-1.jpg 640w, https:\/\/www.organisator.ch\/wp-content\/uploads\/2017\/10\/KMU-Tag2017-1-16x10.jpg 16w, https:\/\/www.organisator.ch\/wp-content\/uploads\/2017\/10\/KMU-Tag2017-1-280x175.jpg 280w, https:\/\/www.organisator.ch\/wp-content\/uploads\/2017\/10\/KMU-Tag2017-1-560x350.jpg 560w, https:\/\/www.organisator.ch\/wp-content\/uploads\/2017\/10\/KMU-Tag2017-1-300x188.jpg 300w\" sizes=\"auto, (max-width: 640px) 100vw, 640px\" \/><figcaption id=\"caption-attachment-2627\" class=\"wp-caption-text\">Lors de la Journ\u00e9e PME 2017, le professeur Urs Fueglistaller c\u00e8de sa place d'h\u00f4te au jeune Tobias Wolf.<\/figcaption><\/figure>\n<p>\"Je ne peux plus entendre les phrases toutes faites sur le changement\". C'est ainsi que s'est exprim\u00e9 le professeur Urs Fueglistaller, h\u00f4te et \"p\u00e8re\" de la Journ\u00e9e PME, dans son introduction. En effet, le changement a toujours exist\u00e9 : en 2003 d\u00e9j\u00e0, lors de l'une des premi\u00e8res \u00e9ditions de la Journ\u00e9e PME, le th\u00e8me \u00e9tait \"Les PME en mutation\". Et pour cette \u00e9dition, le changement ne s'arr\u00eate pas \u00e0 la manifestation elle-m\u00eame. En effet, la Journ\u00e9e PME 2017 a d\u00e9but\u00e9 par une \"passation de pouvoir\". Le professeur Urs Fueglistaller de KMU-HSG a \u00e9t\u00e9 remplac\u00e9 par Tobias Wolf, lui-m\u00eame dipl\u00f4m\u00e9 de cet institut et jeune entrepreneur. Il assumera \u00e0 l'avenir la direction du congr\u00e8s - \u00e0 cet effet, le professeur Fueglistaller lui a d\u00e9j\u00e0 remis les cl\u00e9s de la voiture de la Journ\u00e9e PME, en lui faisant remarquer qu'il fallait encore passer aux pneus d'hiver... Le professeur Fueglistaller a \u00e9t\u00e9 accueilli par une standing ovation du public pour son d\u00e9part \u00e0 la retraite.<\/p>\n<h2>Un autre facteur de la Journ\u00e9e des PME 2017 : les femmes entrepreneurs<\/h2>\n<p>C'est donc une jeune g\u00e9n\u00e9ration qui prend en charge l'\u00e9v\u00e9nement. Elle doit incarner le changement actuel. Et il y a bien d'autres choses \u00e0 changer. Le professeur Wolfgang Jenewein s'est exprim\u00e9 sur le th\u00e8me du \"leadership dans le changement\". Il a donn\u00e9 quelques recommandations pour les \"temps de rupture\" dans lesquels nous nous trouvons : Le changement n'a pas seulement besoin de leadership, mais le leadership doit \u00e9galement changer. Il faut faire preuve d'agilit\u00e9 et de capacit\u00e9 d'adaptation, ce qui est plus efficace \u00e0 long terme que de miser uniquement sur une plus grande efficacit\u00e9. Il ne s'agit pas seulement de g\u00e9rer, mais aussi de diriger, et il faut ma\u00eetriser le \"tant que\" id\u00e9al. \"Le management est une comp\u00e9tence, le leadership une attitude\", a d\u00e9clar\u00e9 Jenewein.<\/p>\n<figure id=\"attachment_2628\" aria-describedby=\"caption-attachment-2628\" style=\"width: 640px\" class=\"wp-caption alignnone\"><img loading=\"lazy\" decoding=\"async\" class=\"size-full wp-image-2628\" src=\"https:\/\/www.organisator.ch\/wp-content\/uploads\/2017\/10\/KMU-Tag2017-3.jpg\" alt=\"\" width=\"640\" height=\"291\" srcset=\"https:\/\/www.organisator.ch\/wp-content\/uploads\/2017\/10\/KMU-Tag2017-3.jpg 640w, https:\/\/www.organisator.ch\/wp-content\/uploads\/2017\/10\/KMU-Tag2017-3-16x7.jpg 16w, https:\/\/www.organisator.ch\/wp-content\/uploads\/2017\/10\/KMU-Tag2017-3-375x171.jpg 375w, https:\/\/www.organisator.ch\/wp-content\/uploads\/2017\/10\/KMU-Tag2017-3-300x136.jpg 300w\" sizes=\"auto, (max-width: 640px) 100vw, 640px\" \/><figcaption id=\"caption-attachment-2628\" class=\"wp-caption-text\">Patrizia Laeri (au centre) en discussion avec Gabriela Manser et le professeur Wolfgang Jenewein.<\/figcaption><\/figure>\n<p>L'animatrice Patrizia Laeri s'est ensuite entretenue avec l'entrepreneuse Gabriela Manser, CEO de Goba AG. Dans le contexte du changement et de la gestion d'entreprise, elle consid\u00e8re que son travail consiste \u00e0 \"cr\u00e9er des conditions pour que mon \u00e9quipe centrale puisse faire son travail\". Martina Gerster, directrice de H\u00e4rterei Gerster AG \u00e0 Egerkingen, vit son entreprise comme \"dure comme l'acier\" au sens propre du terme. Elle voit toutefois les changements \u00e9conomiques comme des opportunit\u00e9s - mais il faut d'abord les reconna\u00eetre. D'un autre c\u00f4t\u00e9, les exigences toujours plus \u00e9lev\u00e9es en mati\u00e8re de gestion des risques et de la qualit\u00e9 constituent un obstacle. Celles-ci auraient un effet de plus en plus n\u00e9gatif sur le plaisir de d\u00e9velopper.<\/p>\n<figure id=\"attachment_2630\" aria-describedby=\"caption-attachment-2630\" style=\"width: 637px\" class=\"wp-caption alignnone\"><img loading=\"lazy\" decoding=\"async\" class=\"size-full wp-image-2630\" src=\"https:\/\/www.organisator.ch\/wp-content\/uploads\/2017\/10\/KMU-Tag2017-4.jpg\" alt=\"\" width=\"637\" height=\"480\" srcset=\"https:\/\/www.organisator.ch\/wp-content\/uploads\/2017\/10\/KMU-Tag2017-4.jpg 637w, https:\/\/www.organisator.ch\/wp-content\/uploads\/2017\/10\/KMU-Tag2017-4-16x12.jpg 16w, https:\/\/www.organisator.ch\/wp-content\/uploads\/2017\/10\/KMU-Tag2017-4-232x175.jpg 232w, https:\/\/www.organisator.ch\/wp-content\/uploads\/2017\/10\/KMU-Tag2017-4-464x350.jpg 464w, https:\/\/www.organisator.ch\/wp-content\/uploads\/2017\/10\/KMU-Tag2017-4-300x226.jpg 300w\" sizes=\"auto, (max-width: 637px) 100vw, 637px\" \/><figcaption id=\"caption-attachment-2630\" class=\"wp-caption-text\">Ludwig Hasler \u00e0 la Journ\u00e9e des PME 2017.<\/figcaption><\/figure>\n<h2>De nombreux probl\u00e8mes analogiques ne peuvent pas \u00eatre r\u00e9solus num\u00e9riquement<\/h2>\n<p>Ludwig Hasler a ensuite fait son entr\u00e9e. Il a appel\u00e9 le public \u00e0 ne pas avoir peur des chemins de traverse, il est tout \u00e0 fait possible de se tromper. Concernant le th\u00e8me du congr\u00e8s, il a d\u00e9clar\u00e9 : \"La confiance dans le changement pr\u00e9suppose de pouvoir se transformer soi-m\u00eame. La cr\u00e9ativit\u00e9 de l'homme devient de plus en plus importante, car les machines ne pourront pas non plus la prendre en charge \u00e0 l'avenir. Le cerveau humain reste sup\u00e9rieur \u00e0 toute intelligence artificielle. Et : \"La confiance commence par une vista, une volont\u00e9. Tout cela ne vient pas du num\u00e9rique\".<\/p>\n<p>\"Les d\u00e9cisions sont des taux de change\". Tel \u00e9tait le titre de l'expos\u00e9 de Wolfgang Frick. De son point de vue marketing - il est directeur g\u00e9n\u00e9ral du marketing et de la gestion de l'assortiment chez SPAR (Suisse) - il a relativis\u00e9 certains acquis du changement num\u00e9rique. \"De nombreux probl\u00e8mes n\u00e9s du num\u00e9rique sont encore r\u00e9solus de mani\u00e8re analogique, mais peu de probl\u00e8mes analogiques peuvent \u00eatre r\u00e9solus de mani\u00e8re num\u00e9rique\". Son appel au public : se laisser moins guider par les chiffres, mais par la confiance, associ\u00e9e au courage : possibilit\u00e9s - mettre en \u0153uvre - faire.<\/p>\n<figure id=\"attachment_2629\" aria-describedby=\"caption-attachment-2629\" style=\"width: 640px\" class=\"wp-caption alignnone\"><img loading=\"lazy\" decoding=\"async\" class=\"size-full wp-image-2629\" src=\"https:\/\/www.organisator.ch\/wp-content\/uploads\/2017\/10\/KMU-Tag2017-5.jpg\" alt=\"\" width=\"640\" height=\"365\" srcset=\"https:\/\/www.organisator.ch\/wp-content\/uploads\/2017\/10\/KMU-Tag2017-5.jpg 640w, https:\/\/www.organisator.ch\/wp-content\/uploads\/2017\/10\/KMU-Tag2017-5-16x9.jpg 16w, https:\/\/www.organisator.ch\/wp-content\/uploads\/2017\/10\/KMU-Tag2017-5-307x175.jpg 307w, https:\/\/www.organisator.ch\/wp-content\/uploads\/2017\/10\/KMU-Tag2017-5-614x350.jpg 614w, https:\/\/www.organisator.ch\/wp-content\/uploads\/2017\/10\/KMU-Tag2017-5-300x171.jpg 300w\" sizes=\"auto, (max-width: 640px) 100vw, 640px\" \/><figcaption id=\"caption-attachment-2629\" class=\"wp-caption-text\">Philipp Riederle (\u00e0 gauche) en discussion avec Wolfgang Frick (\u00e0 droite).<\/figcaption><\/figure>\n<h2>Il n'y aura plus que des \"g\u00e9n\u00e9rations num\u00e9riques<\/h2>\n<p>C'est finalement Philipp Riederle qui a pr\u00e9sent\u00e9 aux personnes pr\u00e9sentes le point de vue de la jeune g\u00e9n\u00e9ration. Bien qu'il n'ait que 23 ans, il a sans doute quelques longueurs d'avance sur de nombreuses personnes pr\u00e9sentes, comme la conviction que l'id\u00e9e d'une \"fin du travail\" n'est peut-\u00eatre pas si \u00e9loign\u00e9e que cela. Actuellement, on discute encore trop de l'\"infrastructure\" et pas assez des \u00e9volutions sociales. En outre, de nombreuses technologies existent d\u00e9j\u00e0 depuis longtemps, mais leurs possibilit\u00e9s ne sont pas assez exploit\u00e9es. Et lorsque quelqu'un le fait, on pr\u00e9f\u00e8re s'en plaindre plut\u00f4t que de prendre soi-m\u00eame l'initiative. De ce point de vue, Philipp Riederle s'est montr\u00e9 plut\u00f4t peu confiant pour l'avenir. Car nous sommes en train de g\u00e2cher beaucoup de nos chances. La Journ\u00e9e des PME 2017 s'est donc termin\u00e9e sur une appr\u00e9ciation plut\u00f4t relativiste - de la part d'un repr\u00e9sentant de la jeune g\u00e9n\u00e9ration justement.<\/p>\n<figure id=\"attachment_2631\" aria-describedby=\"caption-attachment-2631\" style=\"width: 640px\" class=\"wp-caption alignnone\"><img loading=\"lazy\" decoding=\"async\" class=\"size-full wp-image-2631\" src=\"https:\/\/www.organisator.ch\/wp-content\/uploads\/2017\/10\/KMU-Tag2017-2.jpg\" alt=\"\" width=\"640\" height=\"474\" srcset=\"https:\/\/www.organisator.ch\/wp-content\/uploads\/2017\/10\/KMU-Tag2017-2.jpg 640w, https:\/\/www.organisator.ch\/wp-content\/uploads\/2017\/10\/KMU-Tag2017-2-16x12.jpg 16w, https:\/\/www.organisator.ch\/wp-content\/uploads\/2017\/10\/KMU-Tag2017-2-236x175.jpg 236w, https:\/\/www.organisator.ch\/wp-content\/uploads\/2017\/10\/KMU-Tag2017-2-473x350.jpg 473w, https:\/\/www.organisator.ch\/wp-content\/uploads\/2017\/10\/KMU-Tag2017-2-300x222.jpg 300w\" sizes=\"auto, (max-width: 640px) 100vw, 640px\" \/><figcaption id=\"caption-attachment-2631\" class=\"wp-caption-text\">Une autre repr\u00e9sentante de la jeune g\u00e9n\u00e9ration : la po\u00e9tesse slameuse et artiste de cabaret Hazel Brugger lors d'une de ses interventions impertinentes et frivoles.<\/figcaption><\/figure>\n<p><em>Plus d'informations : <a href=\"http:\/\/www.kmu-tag.ch\">www.kmu-tag.ch<\/a><\/em><\/p>","protected":false},"excerpt":{"rendered":"<p>\u201eIch kann die Floskeln rund um Wandel nicht mehr h\u00f6ren\u201c. So sprach Prof. Dr. Urs Fueglistaller, der Gastgeber und \u201eVater\u201c des KMU-Tags, in seiner Einleitung. Denn Wandel gab und gibt es bekanntlich schon immer: Bereits 2003, anl\u00e4sslich einer der ersten Durchf\u00fchrungen des KMU-Tags, lautete das Thema \u201eKMU im Wandel\u201c. Und der Wandel macht f\u00fcr dieses [&hellip;]<\/p>\n","protected":false},"author":4,"featured_media":2627,"comment_status":"open","ping_status":"open","sticky":false,"template":"","format":"standard","meta":{"_acf_changed":false,"_yoast_wpseo_focuskw":"KMU-Tag 2017","_yoast_wpseo_metadesc":"Am 27. Oktober 2017 ging in St.Gallen zum 15. Mal der Schweizer KMU-Tag \u00fcber die B\u00fchne. \"Zuversicht im Wandel\" lautete das Tagungsthema.","articlekey":"","footnotes":""},"categories":[1],"tags":[305,335,502,508,531],"class_list":["post-2626","post","type-post","status-publish","format-standard","has-post-thumbnail","hentry","category-allgemein","tag-kmu-tag","tag-management-und-unternehmensfuehrung","tag-veranstaltungen","tag-vermischtes","tag-wirtschaftspolitik"],"acf":[],"yoast_head":"<!-- This site is optimized with the Yoast SEO plugin v27.5 - https:\/\/yoast.com\/product\/yoast-seo-wordpress\/ -->\n<title>KMU-Tag 2017: Die Jugend \u00fcbernimmt\u2026 - Organisator<\/title>\n<meta name=\"description\" content=\"Am 27. Oktober 2017 ging in St.Gallen zum 15. Mal der Schweizer KMU-Tag \u00fcber die B\u00fchne. &quot;Zuversicht im Wandel&quot; lautete das Tagungsthema.\" \/>\n<meta name=\"robots\" content=\"index, follow, max-snippet:-1, max-image-preview:large, max-video-preview:-1\" \/>\n<link rel=\"canonical\" href=\"https:\/\/www.organisator.ch\/fr\/general\/2017-10-30\/kmu-tag-2017-die-jugend-uebernimmt\/\" \/>\n<meta property=\"og:locale\" content=\"fr_FR\" \/>\n<meta property=\"og:type\" content=\"article\" \/>\n<meta property=\"og:title\" content=\"KMU-Tag 2017: Die Jugend \u00fcbernimmt\u2026\" \/>\n<meta property=\"og:description\" content=\"Am 27. Oktober 2017 ging in #St.Gallen zum 15. Mal der Schweizer #KMU-Tag \u00fcber die B\u00fchne. Einmal mehr gelang es den Veranstaltern, mit dem Thema \u201eKMU \u2013 Zuversicht im Wandel\u201c den Nerv des Publikums zu treffen.\" \/>\n<meta property=\"og:url\" content=\"https:\/\/www.organisator.ch\/fr\/general\/2017-10-30\/kmu-tag-2017-die-jugend-uebernimmt\/\" \/>\n<meta property=\"og:site_name\" content=\"Organisator\" \/>\n<meta property=\"article:publisher\" content=\"https:\/\/www.facebook.com\/OrganisatorFachmagazin\" \/>\n<meta property=\"article:published_time\" content=\"2017-10-30T14:32:27+00:00\" \/>\n<meta property=\"og:image\" content=\"https:\/\/www.organisator.ch\/wp-content\/uploads\/2017\/10\/KMU-Tag2017-1.jpg\" \/>\n\t<meta property=\"og:image:width\" content=\"640\" \/>\n\t<meta property=\"og:image:height\" content=\"400\" \/>\n\t<meta property=\"og:image:type\" content=\"image\/jpeg\" \/>\n<meta name=\"author\" content=\"thomas.berner\" \/>\n<meta name=\"twitter:card\" content=\"summary_large_image\" \/>\n<meta name=\"twitter:title\" content=\"#KMU-Tag 2017: Die #Jugend \u00fcbernimmt\u2026\" \/>\n<meta name=\"twitter:description\" content=\"Am 27. Oktober 2017 ging in #St.Gallen zum 15. Mal der Schweizer #KMU-Tag \u00fcber die B\u00fchne. Einmal mehr gelang es den Veranstaltern, mit dem Thema \u201eKMU \u2013 Zuversicht im Wandel\u201c den Nerv des Publikums zu treffen.\" \/>\n<meta name=\"twitter:image\" content=\"https:\/\/www.organisator.ch\/wp-content\/uploads\/2017\/10\/KMU-Tag2017-5.jpg\" \/>\n<script type=\"application\/ld+json\" class=\"yoast-schema-graph\">{\"@context\":\"https:\\\/\\\/schema.org\",\"@graph\":[{\"@type\":\"Article\",\"@id\":\"https:\\\/\\\/www.organisator.ch\\\/de\\\/allgemein\\\/2017-10-30\\\/kmu-tag-2017-die-jugend-uebernimmt\\\/#article\",\"isPartOf\":{\"@id\":\"https:\\\/\\\/www.organisator.ch\\\/de\\\/allgemein\\\/2017-10-30\\\/kmu-tag-2017-die-jugend-uebernimmt\\\/\"},\"author\":{\"name\":\"thomas.berner\",\"@id\":\"https:\\\/\\\/www.organisator.ch\\\/#\\\/schema\\\/person\\\/6f650f90b2842cd4c0cc334b4e36f67e\"},\"headline\":\"KMU-Tag 2017: Die Jugend \u00fcbernimmt\u2026\",\"datePublished\":\"2017-10-30T14:32:27+00:00\",\"mainEntityOfPage\":{\"@id\":\"https:\\\/\\\/www.organisator.ch\\\/de\\\/allgemein\\\/2017-10-30\\\/kmu-tag-2017-die-jugend-uebernimmt\\\/\"},\"wordCount\":789,\"commentCount\":0,\"publisher\":{\"@id\":\"https:\\\/\\\/www.organisator.ch\\\/#organization\"},\"image\":{\"@id\":\"https:\\\/\\\/www.organisator.ch\\\/de\\\/allgemein\\\/2017-10-30\\\/kmu-tag-2017-die-jugend-uebernimmt\\\/#primaryimage\"},\"thumbnailUrl\":\"https:\\\/\\\/www.organisator.ch\\\/wp-content\\\/uploads\\\/2017\\\/10\\\/KMU-Tag2017-1.jpg\",\"keywords\":[\"KMU-Tag\",\"Management und Unternehmensf\u00fchrung\",\"Veranstaltungen\",\"Vermischtes\",\"Wirtschaftspolitik\"],\"articleSection\":[\"Allgemein\"],\"inLanguage\":\"fr-FR\"},{\"@type\":\"WebPage\",\"@id\":\"https:\\\/\\\/www.organisator.ch\\\/de\\\/allgemein\\\/2017-10-30\\\/kmu-tag-2017-die-jugend-uebernimmt\\\/\",\"url\":\"https:\\\/\\\/www.organisator.ch\\\/de\\\/allgemein\\\/2017-10-30\\\/kmu-tag-2017-die-jugend-uebernimmt\\\/\",\"name\":\"KMU-Tag 2017: Die Jugend \u00fcbernimmt\u2026 - Organisator\",\"isPartOf\":{\"@id\":\"https:\\\/\\\/www.organisator.ch\\\/#website\"},\"primaryImageOfPage\":{\"@id\":\"https:\\\/\\\/www.organisator.ch\\\/de\\\/allgemein\\\/2017-10-30\\\/kmu-tag-2017-die-jugend-uebernimmt\\\/#primaryimage\"},\"image\":{\"@id\":\"https:\\\/\\\/www.organisator.ch\\\/de\\\/allgemein\\\/2017-10-30\\\/kmu-tag-2017-die-jugend-uebernimmt\\\/#primaryimage\"},\"thumbnailUrl\":\"https:\\\/\\\/www.organisator.ch\\\/wp-content\\\/uploads\\\/2017\\\/10\\\/KMU-Tag2017-1.jpg\",\"datePublished\":\"2017-10-30T14:32:27+00:00\",\"description\":\"Am 27. Oktober 2017 ging in St.Gallen zum 15. Mal der Schweizer KMU-Tag \u00fcber die B\u00fchne. \\\"Zuversicht im Wandel\\\" lautete das Tagungsthema.\",\"breadcrumb\":{\"@id\":\"https:\\\/\\\/www.organisator.ch\\\/de\\\/allgemein\\\/2017-10-30\\\/kmu-tag-2017-die-jugend-uebernimmt\\\/#breadcrumb\"},\"inLanguage\":\"fr-FR\",\"potentialAction\":[{\"@type\":\"ReadAction\",\"target\":[\"https:\\\/\\\/www.organisator.ch\\\/de\\\/allgemein\\\/2017-10-30\\\/kmu-tag-2017-die-jugend-uebernimmt\\\/\"]}]},{\"@type\":\"ImageObject\",\"inLanguage\":\"fr-FR\",\"@id\":\"https:\\\/\\\/www.organisator.ch\\\/de\\\/allgemein\\\/2017-10-30\\\/kmu-tag-2017-die-jugend-uebernimmt\\\/#primaryimage\",\"url\":\"https:\\\/\\\/www.organisator.ch\\\/wp-content\\\/uploads\\\/2017\\\/10\\\/KMU-Tag2017-1.jpg\",\"contentUrl\":\"https:\\\/\\\/www.organisator.ch\\\/wp-content\\\/uploads\\\/2017\\\/10\\\/KMU-Tag2017-1.jpg\",\"width\":640,\"height\":400,\"caption\":\"Prof. Dr. Urs Fueglistaller \u00fcbergibt am KMU-Tag 2017 sein Amt als Gastgeber an den jungen Tobias Wolf.\"},{\"@type\":\"BreadcrumbList\",\"@id\":\"https:\\\/\\\/www.organisator.ch\\\/de\\\/allgemein\\\/2017-10-30\\\/kmu-tag-2017-die-jugend-uebernimmt\\\/#breadcrumb\",\"itemListElement\":[{\"@type\":\"ListItem\",\"position\":1,\"name\":\"Home\",\"item\":\"https:\\\/\\\/www.organisator.ch\\\/\"},{\"@type\":\"ListItem\",\"position\":2,\"name\":\"KMU-Tag 2017: Die Jugend \u00fcbernimmt\u2026\"}]},{\"@type\":\"WebSite\",\"@id\":\"https:\\\/\\\/www.organisator.ch\\\/#website\",\"url\":\"https:\\\/\\\/www.organisator.ch\\\/\",\"name\":\"Organisator\",\"description\":\"Kompetent. Praxisnah. Der ORGANISATOR bereitet in 10 Ausgaben pro Jahr die wesentlichen Themen f\u00fcr F\u00fchrungskr\u00e4fte von KMU auf.\",\"publisher\":{\"@id\":\"https:\\\/\\\/www.organisator.ch\\\/#organization\"},\"potentialAction\":[{\"@type\":\"SearchAction\",\"target\":{\"@type\":\"EntryPoint\",\"urlTemplate\":\"https:\\\/\\\/www.organisator.ch\\\/?s={search_term_string}\"},\"query-input\":{\"@type\":\"PropertyValueSpecification\",\"valueRequired\":true,\"valueName\":\"search_term_string\"}}],\"inLanguage\":\"fr-FR\"},{\"@type\":\"Organization\",\"@id\":\"https:\\\/\\\/www.organisator.ch\\\/#organization\",\"name\":\"Organisator\",\"url\":\"https:\\\/\\\/www.organisator.ch\\\/\",\"logo\":{\"@type\":\"ImageObject\",\"inLanguage\":\"fr-FR\",\"@id\":\"https:\\\/\\\/www.organisator.ch\\\/#\\\/schema\\\/logo\\\/image\\\/\",\"url\":\"https:\\\/\\\/www.organisator.ch\\\/wp-content\\\/uploads\\\/2022\\\/01\\\/Logo_Organisator_Website.png\",\"contentUrl\":\"https:\\\/\\\/www.organisator.ch\\\/wp-content\\\/uploads\\\/2022\\\/01\\\/Logo_Organisator_Website.png\",\"width\":800,\"height\":77,\"caption\":\"Organisator\"},\"image\":{\"@id\":\"https:\\\/\\\/www.organisator.ch\\\/#\\\/schema\\\/logo\\\/image\\\/\"},\"sameAs\":[\"https:\\\/\\\/www.facebook.com\\\/OrganisatorFachmagazin\",\"https:\\\/\\\/www.linkedin.com\\\/showcase\\\/organisator-das-magazin-fr-kmu\",\"https:\\\/\\\/www.xing.com\\\/news\\\/pages\\\/organisator-ch-695\",\"https:\\\/\\\/www.youtube.com\\\/channel\\\/UCGP2Sq0iWaZwT3BdIAQFYpw\"]},{\"@type\":\"Person\",\"@id\":\"https:\\\/\\\/www.organisator.ch\\\/#\\\/schema\\\/person\\\/6f650f90b2842cd4c0cc334b4e36f67e\",\"name\":\"thomas.berner\",\"image\":{\"@type\":\"ImageObject\",\"inLanguage\":\"fr-FR\",\"@id\":\"https:\\\/\\\/secure.gravatar.com\\\/avatar\\\/ac5001d2a36cb6c6cd3e50789007ffca834b477b74a2144564522e944eabff61?s=96&d=mm&r=g\",\"url\":\"https:\\\/\\\/secure.gravatar.com\\\/avatar\\\/ac5001d2a36cb6c6cd3e50789007ffca834b477b74a2144564522e944eabff61?s=96&d=mm&r=g\",\"contentUrl\":\"https:\\\/\\\/secure.gravatar.com\\\/avatar\\\/ac5001d2a36cb6c6cd3e50789007ffca834b477b74a2144564522e944eabff61?s=96&d=mm&r=g\",\"caption\":\"thomas.berner\"},\"url\":\"https:\\\/\\\/www.organisator.ch\\\/fr\\\/author\\\/thomas-berner\\\/\"}]}<\/script>\n<!-- \/ Yoast SEO plugin. -->","yoast_head_json":{"title":"Journ\u00e9e PME 2017 : Les jeunes prennent le relais... - Organisateur","description":"La 15e \u00e9dition de la Journ\u00e9e suisse des PME s'est d\u00e9roul\u00e9e le 27 octobre 2017 \u00e0 Saint-Gall. Le th\u00e8me de la journ\u00e9e \u00e9tait \"Confiance dans le changement\".","robots":{"index":"index","follow":"follow","max-snippet":"max-snippet:-1","max-image-preview":"max-image-preview:large","max-video-preview":"max-video-preview:-1"},"canonical":"https:\/\/www.organisator.ch\/fr\/general\/2017-10-30\/kmu-tag-2017-die-jugend-uebernimmt\/","og_locale":"fr_FR","og_type":"article","og_title":"KMU-Tag 2017: Die Jugend \u00fcbernimmt\u2026","og_description":"Am 27. Oktober 2017 ging in #St.Gallen zum 15. Mal der Schweizer #KMU-Tag \u00fcber die B\u00fchne. Einmal mehr gelang es den Veranstaltern, mit dem Thema \u201eKMU \u2013 Zuversicht im Wandel\u201c den Nerv des Publikums zu treffen.","og_url":"https:\/\/www.organisator.ch\/fr\/general\/2017-10-30\/kmu-tag-2017-die-jugend-uebernimmt\/","og_site_name":"Organisator","article_publisher":"https:\/\/www.facebook.com\/OrganisatorFachmagazin","article_published_time":"2017-10-30T14:32:27+00:00","og_image":[{"width":640,"height":400,"url":"https:\/\/www.organisator.ch\/wp-content\/uploads\/2017\/10\/KMU-Tag2017-1.jpg","type":"image\/jpeg"}],"author":"thomas.berner","twitter_card":"summary_large_image","twitter_title":"#KMU-Tag 2017: Die #Jugend \u00fcbernimmt\u2026","twitter_description":"Am 27. Oktober 2017 ging in #St.Gallen zum 15. Mal der Schweizer #KMU-Tag \u00fcber die B\u00fchne. Einmal mehr gelang es den Veranstaltern, mit dem Thema \u201eKMU \u2013 Zuversicht im Wandel\u201c den Nerv des Publikums zu treffen.","twitter_image":"https:\/\/www.organisator.ch\/wp-content\/uploads\/2017\/10\/KMU-Tag2017-5.jpg","schema":{"@context":"https:\/\/schema.org","@graph":[{"@type":"Article","@id":"https:\/\/www.organisator.ch\/de\/allgemein\/2017-10-30\/kmu-tag-2017-die-jugend-uebernimmt\/#article","isPartOf":{"@id":"https:\/\/www.organisator.ch\/de\/allgemein\/2017-10-30\/kmu-tag-2017-die-jugend-uebernimmt\/"},"author":{"name":"thomas.berner","@id":"https:\/\/www.organisator.ch\/#\/schema\/person\/6f650f90b2842cd4c0cc334b4e36f67e"},"headline":"KMU-Tag 2017: Die Jugend \u00fcbernimmt\u2026","datePublished":"2017-10-30T14:32:27+00:00","mainEntityOfPage":{"@id":"https:\/\/www.organisator.ch\/de\/allgemein\/2017-10-30\/kmu-tag-2017-die-jugend-uebernimmt\/"},"wordCount":789,"commentCount":0,"publisher":{"@id":"https:\/\/www.organisator.ch\/#organization"},"image":{"@id":"https:\/\/www.organisator.ch\/de\/allgemein\/2017-10-30\/kmu-tag-2017-die-jugend-uebernimmt\/#primaryimage"},"thumbnailUrl":"https:\/\/www.organisator.ch\/wp-content\/uploads\/2017\/10\/KMU-Tag2017-1.jpg","keywords":["KMU-Tag","Management und Unternehmensf\u00fchrung","Veranstaltungen","Vermischtes","Wirtschaftspolitik"],"articleSection":["Allgemein"],"inLanguage":"fr-FR"},{"@type":"WebPage","@id":"https:\/\/www.organisator.ch\/de\/allgemein\/2017-10-30\/kmu-tag-2017-die-jugend-uebernimmt\/","url":"https:\/\/www.organisator.ch\/de\/allgemein\/2017-10-30\/kmu-tag-2017-die-jugend-uebernimmt\/","name":"Journ\u00e9e PME 2017 : Les jeunes prennent le relais... - Organisateur","isPartOf":{"@id":"https:\/\/www.organisator.ch\/#website"},"primaryImageOfPage":{"@id":"https:\/\/www.organisator.ch\/de\/allgemein\/2017-10-30\/kmu-tag-2017-die-jugend-uebernimmt\/#primaryimage"},"image":{"@id":"https:\/\/www.organisator.ch\/de\/allgemein\/2017-10-30\/kmu-tag-2017-die-jugend-uebernimmt\/#primaryimage"},"thumbnailUrl":"https:\/\/www.organisator.ch\/wp-content\/uploads\/2017\/10\/KMU-Tag2017-1.jpg","datePublished":"2017-10-30T14:32:27+00:00","description":"La 15e \u00e9dition de la Journ\u00e9e suisse des PME s'est d\u00e9roul\u00e9e le 27 octobre 2017 \u00e0 Saint-Gall. Le th\u00e8me de la journ\u00e9e \u00e9tait \"Confiance dans le changement\".","breadcrumb":{"@id":"https:\/\/www.organisator.ch\/de\/allgemein\/2017-10-30\/kmu-tag-2017-die-jugend-uebernimmt\/#breadcrumb"},"inLanguage":"fr-FR","potentialAction":[{"@type":"ReadAction","target":["https:\/\/www.organisator.ch\/de\/allgemein\/2017-10-30\/kmu-tag-2017-die-jugend-uebernimmt\/"]}]},{"@type":"ImageObject","inLanguage":"fr-FR","@id":"https:\/\/www.organisator.ch\/de\/allgemein\/2017-10-30\/kmu-tag-2017-die-jugend-uebernimmt\/#primaryimage","url":"https:\/\/www.organisator.ch\/wp-content\/uploads\/2017\/10\/KMU-Tag2017-1.jpg","contentUrl":"https:\/\/www.organisator.ch\/wp-content\/uploads\/2017\/10\/KMU-Tag2017-1.jpg","width":640,"height":400,"caption":"Prof. Dr. Urs Fueglistaller \u00fcbergibt am KMU-Tag 2017 sein Amt als Gastgeber an den jungen Tobias Wolf."},{"@type":"BreadcrumbList","@id":"https:\/\/www.organisator.ch\/de\/allgemein\/2017-10-30\/kmu-tag-2017-die-jugend-uebernimmt\/#breadcrumb","itemListElement":[{"@type":"ListItem","position":1,"name":"Home","item":"https:\/\/www.organisator.ch\/"},{"@type":"ListItem","position":2,"name":"KMU-Tag 2017: Die Jugend \u00fcbernimmt\u2026"}]},{"@type":"WebSite","@id":"https:\/\/www.organisator.ch\/#website","url":"https:\/\/www.organisator.ch\/","name":"Organisateur","description":"Comp\u00e9tence et comp\u00e9tence. Proches de la pratique. L'ORGANISATEUR pr\u00e9pare 10 num\u00e9ros par an sur les th\u00e8mes essentiels pour les dirigeants de PME.","publisher":{"@id":"https:\/\/www.organisator.ch\/#organization"},"potentialAction":[{"@type":"SearchAction","target":{"@type":"EntryPoint","urlTemplate":"https:\/\/www.organisator.ch\/?s={search_term_string}"},"query-input":{"@type":"PropertyValueSpecification","valueRequired":true,"valueName":"search_term_string"}}],"inLanguage":"fr-FR"},{"@type":"Organization","@id":"https:\/\/www.organisator.ch\/#organization","name":"Organisateur","url":"https:\/\/www.organisator.ch\/","logo":{"@type":"ImageObject","inLanguage":"fr-FR","@id":"https:\/\/www.organisator.ch\/#\/schema\/logo\/image\/","url":"https:\/\/www.organisator.ch\/wp-content\/uploads\/2022\/01\/Logo_Organisator_Website.png","contentUrl":"https:\/\/www.organisator.ch\/wp-content\/uploads\/2022\/01\/Logo_Organisator_Website.png","width":800,"height":77,"caption":"Organisator"},"image":{"@id":"https:\/\/www.organisator.ch\/#\/schema\/logo\/image\/"},"sameAs":["https:\/\/www.facebook.com\/OrganisatorFachmagazin","https:\/\/www.linkedin.com\/showcase\/organisator-das-magazin-fr-kmu","https:\/\/www.xing.com\/news\/pages\/organisator-ch-695","https:\/\/www.youtube.com\/channel\/UCGP2Sq0iWaZwT3BdIAQFYpw"]},{"@type":"Person","@id":"https:\/\/www.organisator.ch\/#\/schema\/person\/6f650f90b2842cd4c0cc334b4e36f67e","name":"thomas.berner","image":{"@type":"ImageObject","inLanguage":"fr-FR","@id":"https:\/\/secure.gravatar.com\/avatar\/ac5001d2a36cb6c6cd3e50789007ffca834b477b74a2144564522e944eabff61?s=96&d=mm&r=g","url":"https:\/\/secure.gravatar.com\/avatar\/ac5001d2a36cb6c6cd3e50789007ffca834b477b74a2144564522e944eabff61?s=96&d=mm&r=g","contentUrl":"https:\/\/secure.gravatar.com\/avatar\/ac5001d2a36cb6c6cd3e50789007ffca834b477b74a2144564522e944eabff61?s=96&d=mm&r=g","caption":"thomas.berner"},"url":"https:\/\/www.organisator.ch\/fr\/author\/thomas-berner\/"}]}},"_links":{"self":[{"href":"https:\/\/www.organisator.ch\/fr\/wp-json\/wp\/v2\/posts\/2626","targetHints":{"allow":["GET"]}}],"collection":[{"href":"https:\/\/www.organisator.ch\/fr\/wp-json\/wp\/v2\/posts"}],"about":[{"href":"https:\/\/www.organisator.ch\/fr\/wp-json\/wp\/v2\/types\/post"}],"author":[{"embeddable":true,"href":"https:\/\/www.organisator.ch\/fr\/wp-json\/wp\/v2\/users\/4"}],"replies":[{"embeddable":true,"href":"https:\/\/www.organisator.ch\/fr\/wp-json\/wp\/v2\/comments?post=2626"}],"version-history":[{"count":0,"href":"https:\/\/www.organisator.ch\/fr\/wp-json\/wp\/v2\/posts\/2626\/revisions"}],"wp:featuredmedia":[{"embeddable":true,"href":"https:\/\/www.organisator.ch\/fr\/wp-json\/wp\/v2\/media\/2627"}],"wp:attachment":[{"href":"https:\/\/www.organisator.ch\/fr\/wp-json\/wp\/v2\/media?parent=2626"}],"wp:term":[{"taxonomy":"category","embeddable":true,"href":"https:\/\/www.organisator.ch\/fr\/wp-json\/wp\/v2\/categories?post=2626"},{"taxonomy":"post_tag","embeddable":true,"href":"https:\/\/www.organisator.ch\/fr\/wp-json\/wp\/v2\/tags?post=2626"}],"curies":[{"name":"wp","href":"https:\/\/api.w.org\/{rel}","templated":true}]}}