{"id":26294,"date":"2024-04-08T15:14:13","date_gmt":"2024-04-08T13:14:13","guid":{"rendered":"https:\/\/www.organisator.ch\/?p=26294"},"modified":"2024-04-08T15:14:13","modified_gmt":"2024-04-08T13:14:13","slug":"gegen-den-globalen-trend-schweizer-firmen-sind-pessimistischer","status":"publish","type":"post","link":"https:\/\/www.organisator.ch\/fr\/management\/2024-04-08\/gegen-den-globalen-trend-schweizer-firmen-sind-pessimistischer\/","title":{"rendered":"A contre-courant de la tendance mondiale : les entreprises suisses sont plus pessimistes"},"content":{"rendered":"<figure id=\"attachment_26295\" aria-describedby=\"caption-attachment-26295\" style=\"width: 680px\" class=\"wp-caption alignnone\"><img loading=\"lazy\" decoding=\"async\" class=\"wp-image-26295 size-full\" src=\"https:\/\/www.organisator.ch\/wp-content\/uploads\/2024\/04\/Gegen-den-globalen-Trend-Schweizer-Firmen-sind-pessimistischer_Organisator.jpg\" alt=\"\" width=\"680\" height=\"350\" srcset=\"https:\/\/www.organisator.ch\/wp-content\/uploads\/2024\/04\/Gegen-den-globalen-Trend-Schweizer-Firmen-sind-pessimistischer_Organisator.jpg 680w, https:\/\/www.organisator.ch\/wp-content\/uploads\/2024\/04\/Gegen-den-globalen-Trend-Schweizer-Firmen-sind-pessimistischer_Organisator-18x9.jpg 18w, https:\/\/www.organisator.ch\/wp-content\/uploads\/2024\/04\/Gegen-den-globalen-Trend-Schweizer-Firmen-sind-pessimistischer_Organisator-375x193.jpg 375w\" sizes=\"auto, (max-width: 680px) 100vw, 680px\" \/><figcaption id=\"caption-attachment-26295\" class=\"wp-caption-text\">Succ\u00e8s en vue ? Les entreprises suisses sont encore pessimistes \u00e0 ce sujet et h\u00e9sitent \u00e0 investir. (Image : geralt \/ Pixabay.com)<\/figcaption><\/figure>\n<p>Selon le dernier Global Business Optimism Insights Report de Dun &amp; Bradstreet (D&amp;B), le moral des entreprises suisses s'est encore d\u00e9grad\u00e9 au deuxi\u00e8me trimestre 2024. L'indice D&amp;B Global Business Optimism pour la Suisse a baiss\u00e9 de 6% pour atteindre 60,8 points, contre 64,8 points au trimestre pr\u00e9c\u00e9dent. Il restait ainsi l\u00e9g\u00e8rement sup\u00e9rieur \u00e0 la moyenne mondiale de 60,2 points (augmentation de cinq pour cent par rapport au premier trimestre 2024 avec 57,1 points), mais affichait une l\u00e9g\u00e8re tendance n\u00e9gative. Au niveau mondial, le moral s'est am\u00e9lior\u00e9, en particulier dans l'industrie. Le moteur central est la fin du resserrement de la politique mon\u00e9taire par les banques centrales des pays industrialis\u00e9s. En outre, pour la premi\u00e8re fois depuis 2023, les entreprises estiment avec optimisme le co\u00fbt de leurs intrants, ce qui favorise la production et am\u00e9liore nettement le climat dans l'industrie manufacturi\u00e8re.<\/p>\n<p>Pour ce rapport trimestriel, D&amp;B a interrog\u00e9 quelque 10 000 entreprises de 32 pays sur leurs attentes pour le deuxi\u00e8me trimestre 2024 en termes de croissance, d'activit\u00e9s en cours et d'investissements pr\u00e9vus. Voici un aper\u00e7u des principaux r\u00e9sultats des cinq indices Dun &amp; Bradstreet en ce qui concerne l'\u00e9volution \u00e9conomique en Suisse :<\/p>\n<ul>\n<li>Les probl\u00e8mes de la cha\u00eene d'approvisionnement mondiale continuent de peser sur le moral. Le Global Supply Chain Continuity Index de Dun &amp; Bradstreet a chut\u00e9 de 8 % au niveau mondial, passant de 47,9 au premier trimestre 2024 \u00e0 44,1 points. En Suisse, il a recul\u00e9 de cinq pour cent, passant de 46,5 \u00e0 44,3 points. Les tensions g\u00e9opolitiques affectent la cha\u00eene d'approvisionnement d'une entreprise sur sept dans le monde. Les entreprises les plus touch\u00e9es sont celles des \u00c9tats-Unis, de France, d'Italie, de Grande-Bretagne et de Hongrie.<\/li>\n<li>Selon le D&amp;B Global Business Financial Confidence Index, la confiance financi\u00e8re des entreprises suisses a atteint 60,4 points. Par rapport au trimestre pr\u00e9c\u00e9dent (61,1 points), cela repr\u00e9sente un recul mod\u00e9r\u00e9 d'un pour cent. La confiance financi\u00e8re reste toutefois l\u00e9g\u00e8rement sup\u00e9rieure \u00e0 la moyenne mondiale de 59,7 points pratiquement inchang\u00e9e (premier trimestre 2024 : 59,9 points). Cela montre que les entreprises estiment que leur situation financi\u00e8re est stable malgr\u00e9 un environnement \u00e9conomique difficile.<\/li>\n<li>Le D&amp;B Global Business Investment Confidence Index pour la Suisse a nettement baiss\u00e9 de dix pour cent, passant de 53,9 au premier trimestre 2024 \u00e0 48,3 points - la valeur la plus basse de toutes les \u00e9conomies \u00e9tudi\u00e9es. Au niveau mondial, l'indice a chut\u00e9 de cinq pour cent, passant de 58,7 \u00e0 55,6 points. Cela refl\u00e8te l'anticipation d'un assouplissement de la politique mon\u00e9taire par les grandes banques centrales en milieu d'ann\u00e9e et, par cons\u00e9quent, des d\u00e9cisions d'investissement retard\u00e9es.<\/li>\n<li>L'engagement des entreprises suisses dans la mise en \u0153uvre des normes environnementales, sociales et de gouvernance (ESG) a atteint 61,2 points selon le D&amp;B Global Business ESG Index. Cela repr\u00e9sente une augmentation de deux pour cent par rapport au trimestre pr\u00e9c\u00e9dent, o\u00f9 l'indice s'\u00e9levait \u00e0 60,2 points. Au niveau mondial, l'indice ESG a recul\u00e9 de trois pour cent, passant de 61,9 \u00e0 60,0 points. Malgr\u00e9 ce recul, la durabilit\u00e9 reste un sujet important pour les entreprises.<\/li>\n<\/ul>\n<p>\"Le recul prononc\u00e9 de l'indice D&amp;B Global Business Investment Confidence en Suisse est surprenant compte tenu de la robustesse de l'\u00e9conomie\", d\u00e9clare Macario Juan, Managing Director de Dun &amp; Bradstreet \"Il semble que les incertitudes g\u00e9opolitiques et les difficult\u00e9s d'approvisionnement persistantes aient ici un impact plus important sur la planification des investissements des entreprises. Cela pourrait \u00eatre le signe d'une \u00e9volution mod\u00e9r\u00e9e de la conjoncture en Suisse\".<\/p>\n<p><em>Source : <a href=\"http:\/\/www.dnb.com\">Dun &amp; Bradstreet<\/a><\/em><\/p>","protected":false},"excerpt":{"rendered":"<p>Au niveau mondial, on parle \u00e0 nouveau d'une am\u00e9lioration du climat \u00e9conomique, sous l'impulsion de l'industrie. Toutefois, les entreprises suisses ne participent pas (encore) \u00e0 cet optimisme : La r\u00e9ticence \u00e0 investir dans notre pays est plus marqu\u00e9e que dans d'autres pays, constate le dernier indice du climat des affaires de Dun &amp; Bradstreet.<\/p>","protected":false},"author":4,"featured_media":26295,"comment_status":"closed","ping_status":"closed","sticky":false,"template":"","format":"standard","meta":{"_acf_changed":false,"_yoast_wpseo_focuskw":"Business Optimism","_yoast_wpseo_metadesc":"Global ist wieder von einer wirtschaftlichen Stimmungsaufhellung die Rede. Allerdings: Schweizer Unternehmen haben wenig \"Business Optimism\".","articlekey":"","footnotes":""},"categories":[28],"tags":[202,310,335,459],"class_list":["post-26294","post","type-post","status-publish","format-standard","has-post-thumbnail","hentry","category-management","tag-finanzenrecht","tag-konjunktur","tag-management-und-unternehmensfuehrung","tag-studie"],"acf":[],"yoast_head":"<!-- This site is optimized with the Yoast SEO plugin v27.4 - https:\/\/yoast.com\/product\/yoast-seo-wordpress\/ -->\n<title>Gegen den globalen Trend: Schweizer Firmen sind pessimistischer - Organisator<\/title>\n<meta name=\"description\" content=\"Global ist wieder von einer wirtschaftlichen Stimmungsaufhellung die Rede. Allerdings: Schweizer Unternehmen haben wenig &quot;Business Optimism&quot;.\" \/>\n<meta name=\"robots\" content=\"index, follow, max-snippet:-1, max-image-preview:large, max-video-preview:-1\" \/>\n<link rel=\"canonical\" href=\"https:\/\/www.organisator.ch\/fr\/gestion-2\/2024-04-08\/gegen-den-globalen-trend-schweizer-firmen-sind-pessimistischer\/\" \/>\n<meta property=\"og:locale\" content=\"fr_FR\" \/>\n<meta property=\"og:type\" content=\"article\" \/>\n<meta property=\"og:title\" content=\"Gegen den globalen Trend: Schweizer Firmen sind pessimistischer\" \/>\n<meta property=\"og:description\" content=\"Global ist wieder von einer wirtschaftlichen Stimmungsaufhellung die Rede. Allerdings: Schweizer Unternehmen haben wenig &quot;Business Optimism&quot;.\" \/>\n<meta property=\"og:url\" content=\"https:\/\/www.organisator.ch\/fr\/gestion-2\/2024-04-08\/gegen-den-globalen-trend-schweizer-firmen-sind-pessimistischer\/\" \/>\n<meta property=\"og:site_name\" content=\"Organisator\" \/>\n<meta property=\"article:publisher\" content=\"https:\/\/www.facebook.com\/OrganisatorFachmagazin\" \/>\n<meta property=\"article:published_time\" content=\"2024-04-08T13:14:13+00:00\" \/>\n<meta property=\"og:image\" content=\"https:\/\/www.organisator.ch\/wp-content\/uploads\/2024\/04\/Gegen-den-globalen-Trend-Schweizer-Firmen-sind-pessimistischer_Organisator.jpg\" \/>\n\t<meta property=\"og:image:width\" content=\"680\" \/>\n\t<meta property=\"og:image:height\" content=\"350\" \/>\n\t<meta property=\"og:image:type\" content=\"image\/jpeg\" \/>\n<meta name=\"author\" content=\"thomas.berner\" \/>\n<meta name=\"twitter:card\" content=\"summary_large_image\" \/>\n<meta name=\"twitter:title\" content=\"Gegen den globalen #Trend: Schweizer Firmen sind #pessimistischer\" \/>\n<meta name=\"twitter:description\" content=\"Global ist wieder von einer wirtschaftlichen #Stimmungsaufhellung die Rede. Allerdings: Schweizer Unternehmen haben wenig &quot;Business Optimism&quot;.\" \/>\n<meta name=\"twitter:image\" content=\"https:\/\/www.organisator.ch\/wp-content\/uploads\/2024\/04\/Gegen-den-globalen-Trend-Schweizer-Firmen-sind-pessimistischer_Organisator.jpg\" \/>\n<script type=\"application\/ld+json\" class=\"yoast-schema-graph\">{\"@context\":\"https:\\\/\\\/schema.org\",\"@graph\":[{\"@type\":\"Article\",\"@id\":\"https:\\\/\\\/www.organisator.ch\\\/management\\\/2024-04-08\\\/gegen-den-globalen-trend-schweizer-firmen-sind-pessimistischer\\\/#article\",\"isPartOf\":{\"@id\":\"https:\\\/\\\/www.organisator.ch\\\/management\\\/2024-04-08\\\/gegen-den-globalen-trend-schweizer-firmen-sind-pessimistischer\\\/\"},\"author\":{\"name\":\"thomas.berner\",\"@id\":\"https:\\\/\\\/www.organisator.ch\\\/#\\\/schema\\\/person\\\/6f650f90b2842cd4c0cc334b4e36f67e\"},\"headline\":\"Gegen den globalen Trend: Schweizer Firmen sind pessimistischer\",\"datePublished\":\"2024-04-08T13:14:13+00:00\",\"mainEntityOfPage\":{\"@id\":\"https:\\\/\\\/www.organisator.ch\\\/management\\\/2024-04-08\\\/gegen-den-globalen-trend-schweizer-firmen-sind-pessimistischer\\\/\"},\"wordCount\":540,\"publisher\":{\"@id\":\"https:\\\/\\\/www.organisator.ch\\\/#organization\"},\"image\":{\"@id\":\"https:\\\/\\\/www.organisator.ch\\\/management\\\/2024-04-08\\\/gegen-den-globalen-trend-schweizer-firmen-sind-pessimistischer\\\/#primaryimage\"},\"thumbnailUrl\":\"https:\\\/\\\/www.organisator.ch\\\/wp-content\\\/uploads\\\/2024\\\/04\\\/Gegen-den-globalen-Trend-Schweizer-Firmen-sind-pessimistischer_Organisator.jpg\",\"keywords\":[\"Finanzen\\\/Recht\",\"Konjunktur\",\"Management und Unternehmensf\u00fchrung\",\"Studie\"],\"articleSection\":[\"MANAGEMENT\"],\"inLanguage\":\"fr-FR\"},{\"@type\":\"WebPage\",\"@id\":\"https:\\\/\\\/www.organisator.ch\\\/management\\\/2024-04-08\\\/gegen-den-globalen-trend-schweizer-firmen-sind-pessimistischer\\\/\",\"url\":\"https:\\\/\\\/www.organisator.ch\\\/management\\\/2024-04-08\\\/gegen-den-globalen-trend-schweizer-firmen-sind-pessimistischer\\\/\",\"name\":\"Gegen den globalen Trend: Schweizer Firmen sind pessimistischer - Organisator\",\"isPartOf\":{\"@id\":\"https:\\\/\\\/www.organisator.ch\\\/#website\"},\"primaryImageOfPage\":{\"@id\":\"https:\\\/\\\/www.organisator.ch\\\/management\\\/2024-04-08\\\/gegen-den-globalen-trend-schweizer-firmen-sind-pessimistischer\\\/#primaryimage\"},\"image\":{\"@id\":\"https:\\\/\\\/www.organisator.ch\\\/management\\\/2024-04-08\\\/gegen-den-globalen-trend-schweizer-firmen-sind-pessimistischer\\\/#primaryimage\"},\"thumbnailUrl\":\"https:\\\/\\\/www.organisator.ch\\\/wp-content\\\/uploads\\\/2024\\\/04\\\/Gegen-den-globalen-Trend-Schweizer-Firmen-sind-pessimistischer_Organisator.jpg\",\"datePublished\":\"2024-04-08T13:14:13+00:00\",\"description\":\"Global ist wieder von einer wirtschaftlichen Stimmungsaufhellung die Rede. Allerdings: Schweizer Unternehmen haben wenig \\\"Business Optimism\\\".\",\"breadcrumb\":{\"@id\":\"https:\\\/\\\/www.organisator.ch\\\/management\\\/2024-04-08\\\/gegen-den-globalen-trend-schweizer-firmen-sind-pessimistischer\\\/#breadcrumb\"},\"inLanguage\":\"fr-FR\",\"potentialAction\":[{\"@type\":\"ReadAction\",\"target\":[\"https:\\\/\\\/www.organisator.ch\\\/management\\\/2024-04-08\\\/gegen-den-globalen-trend-schweizer-firmen-sind-pessimistischer\\\/\"]}]},{\"@type\":\"ImageObject\",\"inLanguage\":\"fr-FR\",\"@id\":\"https:\\\/\\\/www.organisator.ch\\\/management\\\/2024-04-08\\\/gegen-den-globalen-trend-schweizer-firmen-sind-pessimistischer\\\/#primaryimage\",\"url\":\"https:\\\/\\\/www.organisator.ch\\\/wp-content\\\/uploads\\\/2024\\\/04\\\/Gegen-den-globalen-Trend-Schweizer-Firmen-sind-pessimistischer_Organisator.jpg\",\"contentUrl\":\"https:\\\/\\\/www.organisator.ch\\\/wp-content\\\/uploads\\\/2024\\\/04\\\/Gegen-den-globalen-Trend-Schweizer-Firmen-sind-pessimistischer_Organisator.jpg\",\"width\":680,\"height\":350,\"caption\":\"Erfolg in Sicht? Schweizer Unternehmen sind diesbez\u00fcglich noch pessimistisch (Bild: geralt \\\/ Pixabay.com)\"},{\"@type\":\"BreadcrumbList\",\"@id\":\"https:\\\/\\\/www.organisator.ch\\\/management\\\/2024-04-08\\\/gegen-den-globalen-trend-schweizer-firmen-sind-pessimistischer\\\/#breadcrumb\",\"itemListElement\":[{\"@type\":\"ListItem\",\"position\":1,\"name\":\"Home\",\"item\":\"https:\\\/\\\/www.organisator.ch\\\/\"},{\"@type\":\"ListItem\",\"position\":2,\"name\":\"Gegen den globalen Trend: Schweizer Firmen sind pessimistischer\"}]},{\"@type\":\"WebSite\",\"@id\":\"https:\\\/\\\/www.organisator.ch\\\/#website\",\"url\":\"https:\\\/\\\/www.organisator.ch\\\/\",\"name\":\"Organisator\",\"description\":\"Kompetent. Praxisnah. Der ORGANISATOR bereitet in 10 Ausgaben pro Jahr die wesentlichen Themen f\u00fcr F\u00fchrungskr\u00e4fte von KMU auf.\",\"publisher\":{\"@id\":\"https:\\\/\\\/www.organisator.ch\\\/#organization\"},\"potentialAction\":[{\"@type\":\"SearchAction\",\"target\":{\"@type\":\"EntryPoint\",\"urlTemplate\":\"https:\\\/\\\/www.organisator.ch\\\/?s={search_term_string}\"},\"query-input\":{\"@type\":\"PropertyValueSpecification\",\"valueRequired\":true,\"valueName\":\"search_term_string\"}}],\"inLanguage\":\"fr-FR\"},{\"@type\":\"Organization\",\"@id\":\"https:\\\/\\\/www.organisator.ch\\\/#organization\",\"name\":\"Organisator\",\"url\":\"https:\\\/\\\/www.organisator.ch\\\/\",\"logo\":{\"@type\":\"ImageObject\",\"inLanguage\":\"fr-FR\",\"@id\":\"https:\\\/\\\/www.organisator.ch\\\/#\\\/schema\\\/logo\\\/image\\\/\",\"url\":\"https:\\\/\\\/www.organisator.ch\\\/wp-content\\\/uploads\\\/2022\\\/01\\\/Logo_Organisator_Website.png\",\"contentUrl\":\"https:\\\/\\\/www.organisator.ch\\\/wp-content\\\/uploads\\\/2022\\\/01\\\/Logo_Organisator_Website.png\",\"width\":800,\"height\":77,\"caption\":\"Organisator\"},\"image\":{\"@id\":\"https:\\\/\\\/www.organisator.ch\\\/#\\\/schema\\\/logo\\\/image\\\/\"},\"sameAs\":[\"https:\\\/\\\/www.facebook.com\\\/OrganisatorFachmagazin\",\"https:\\\/\\\/www.linkedin.com\\\/showcase\\\/organisator-das-magazin-fr-kmu\",\"https:\\\/\\\/www.xing.com\\\/news\\\/pages\\\/organisator-ch-695\",\"https:\\\/\\\/www.youtube.com\\\/channel\\\/UCGP2Sq0iWaZwT3BdIAQFYpw\"]},{\"@type\":\"Person\",\"@id\":\"https:\\\/\\\/www.organisator.ch\\\/#\\\/schema\\\/person\\\/6f650f90b2842cd4c0cc334b4e36f67e\",\"name\":\"thomas.berner\",\"image\":{\"@type\":\"ImageObject\",\"inLanguage\":\"fr-FR\",\"@id\":\"https:\\\/\\\/secure.gravatar.com\\\/avatar\\\/ac5001d2a36cb6c6cd3e50789007ffca834b477b74a2144564522e944eabff61?s=96&d=mm&r=g\",\"url\":\"https:\\\/\\\/secure.gravatar.com\\\/avatar\\\/ac5001d2a36cb6c6cd3e50789007ffca834b477b74a2144564522e944eabff61?s=96&d=mm&r=g\",\"contentUrl\":\"https:\\\/\\\/secure.gravatar.com\\\/avatar\\\/ac5001d2a36cb6c6cd3e50789007ffca834b477b74a2144564522e944eabff61?s=96&d=mm&r=g\",\"caption\":\"thomas.berner\"},\"url\":\"https:\\\/\\\/www.organisator.ch\\\/fr\\\/author\\\/thomas-berner\\\/\"}]}<\/script>\n<!-- \/ Yoast SEO plugin. -->","yoast_head_json":{"title":"A contre-courant de la tendance mondiale : les entreprises suisses sont plus pessimistes - Organisateur","description":"Au niveau mondial, on parle \u00e0 nouveau d'une am\u00e9lioration du climat \u00e9conomique. Toutefois, les entreprises suisses font preuve de peu de \"business optimism\".","robots":{"index":"index","follow":"follow","max-snippet":"max-snippet:-1","max-image-preview":"max-image-preview:large","max-video-preview":"max-video-preview:-1"},"canonical":"https:\/\/www.organisator.ch\/fr\/gestion-2\/2024-04-08\/gegen-den-globalen-trend-schweizer-firmen-sind-pessimistischer\/","og_locale":"fr_FR","og_type":"article","og_title":"Gegen den globalen Trend: Schweizer Firmen sind pessimistischer","og_description":"Global ist wieder von einer wirtschaftlichen Stimmungsaufhellung die Rede. Allerdings: Schweizer Unternehmen haben wenig \"Business Optimism\".","og_url":"https:\/\/www.organisator.ch\/fr\/gestion-2\/2024-04-08\/gegen-den-globalen-trend-schweizer-firmen-sind-pessimistischer\/","og_site_name":"Organisator","article_publisher":"https:\/\/www.facebook.com\/OrganisatorFachmagazin","article_published_time":"2024-04-08T13:14:13+00:00","og_image":[{"width":680,"height":350,"url":"https:\/\/www.organisator.ch\/wp-content\/uploads\/2024\/04\/Gegen-den-globalen-Trend-Schweizer-Firmen-sind-pessimistischer_Organisator.jpg","type":"image\/jpeg"}],"author":"thomas.berner","twitter_card":"summary_large_image","twitter_title":"Gegen den globalen #Trend: Schweizer Firmen sind #pessimistischer","twitter_description":"Global ist wieder von einer wirtschaftlichen #Stimmungsaufhellung die Rede. Allerdings: Schweizer Unternehmen haben wenig \"Business Optimism\".","twitter_image":"https:\/\/www.organisator.ch\/wp-content\/uploads\/2024\/04\/Gegen-den-globalen-Trend-Schweizer-Firmen-sind-pessimistischer_Organisator.jpg","schema":{"@context":"https:\/\/schema.org","@graph":[{"@type":"Article","@id":"https:\/\/www.organisator.ch\/management\/2024-04-08\/gegen-den-globalen-trend-schweizer-firmen-sind-pessimistischer\/#article","isPartOf":{"@id":"https:\/\/www.organisator.ch\/management\/2024-04-08\/gegen-den-globalen-trend-schweizer-firmen-sind-pessimistischer\/"},"author":{"name":"thomas.berner","@id":"https:\/\/www.organisator.ch\/#\/schema\/person\/6f650f90b2842cd4c0cc334b4e36f67e"},"headline":"Gegen den globalen Trend: Schweizer Firmen sind pessimistischer","datePublished":"2024-04-08T13:14:13+00:00","mainEntityOfPage":{"@id":"https:\/\/www.organisator.ch\/management\/2024-04-08\/gegen-den-globalen-trend-schweizer-firmen-sind-pessimistischer\/"},"wordCount":540,"publisher":{"@id":"https:\/\/www.organisator.ch\/#organization"},"image":{"@id":"https:\/\/www.organisator.ch\/management\/2024-04-08\/gegen-den-globalen-trend-schweizer-firmen-sind-pessimistischer\/#primaryimage"},"thumbnailUrl":"https:\/\/www.organisator.ch\/wp-content\/uploads\/2024\/04\/Gegen-den-globalen-Trend-Schweizer-Firmen-sind-pessimistischer_Organisator.jpg","keywords":["Finanzen\/Recht","Konjunktur","Management und Unternehmensf\u00fchrung","Studie"],"articleSection":["MANAGEMENT"],"inLanguage":"fr-FR"},{"@type":"WebPage","@id":"https:\/\/www.organisator.ch\/management\/2024-04-08\/gegen-den-globalen-trend-schweizer-firmen-sind-pessimistischer\/","url":"https:\/\/www.organisator.ch\/management\/2024-04-08\/gegen-den-globalen-trend-schweizer-firmen-sind-pessimistischer\/","name":"A contre-courant de la tendance mondiale : les entreprises suisses sont plus pessimistes - Organisateur","isPartOf":{"@id":"https:\/\/www.organisator.ch\/#website"},"primaryImageOfPage":{"@id":"https:\/\/www.organisator.ch\/management\/2024-04-08\/gegen-den-globalen-trend-schweizer-firmen-sind-pessimistischer\/#primaryimage"},"image":{"@id":"https:\/\/www.organisator.ch\/management\/2024-04-08\/gegen-den-globalen-trend-schweizer-firmen-sind-pessimistischer\/#primaryimage"},"thumbnailUrl":"https:\/\/www.organisator.ch\/wp-content\/uploads\/2024\/04\/Gegen-den-globalen-Trend-Schweizer-Firmen-sind-pessimistischer_Organisator.jpg","datePublished":"2024-04-08T13:14:13+00:00","description":"Au niveau mondial, on parle \u00e0 nouveau d'une am\u00e9lioration du climat \u00e9conomique. Toutefois, les entreprises suisses font preuve de peu de \"business optimism\".","breadcrumb":{"@id":"https:\/\/www.organisator.ch\/management\/2024-04-08\/gegen-den-globalen-trend-schweizer-firmen-sind-pessimistischer\/#breadcrumb"},"inLanguage":"fr-FR","potentialAction":[{"@type":"ReadAction","target":["https:\/\/www.organisator.ch\/management\/2024-04-08\/gegen-den-globalen-trend-schweizer-firmen-sind-pessimistischer\/"]}]},{"@type":"ImageObject","inLanguage":"fr-FR","@id":"https:\/\/www.organisator.ch\/management\/2024-04-08\/gegen-den-globalen-trend-schweizer-firmen-sind-pessimistischer\/#primaryimage","url":"https:\/\/www.organisator.ch\/wp-content\/uploads\/2024\/04\/Gegen-den-globalen-Trend-Schweizer-Firmen-sind-pessimistischer_Organisator.jpg","contentUrl":"https:\/\/www.organisator.ch\/wp-content\/uploads\/2024\/04\/Gegen-den-globalen-Trend-Schweizer-Firmen-sind-pessimistischer_Organisator.jpg","width":680,"height":350,"caption":"Erfolg in Sicht? Schweizer Unternehmen sind diesbez\u00fcglich noch pessimistisch (Bild: geralt \/ Pixabay.com)"},{"@type":"BreadcrumbList","@id":"https:\/\/www.organisator.ch\/management\/2024-04-08\/gegen-den-globalen-trend-schweizer-firmen-sind-pessimistischer\/#breadcrumb","itemListElement":[{"@type":"ListItem","position":1,"name":"Home","item":"https:\/\/www.organisator.ch\/"},{"@type":"ListItem","position":2,"name":"Gegen den globalen Trend: Schweizer Firmen sind pessimistischer"}]},{"@type":"WebSite","@id":"https:\/\/www.organisator.ch\/#website","url":"https:\/\/www.organisator.ch\/","name":"Organisateur","description":"Comp\u00e9tence et comp\u00e9tence. Proches de la pratique. L'ORGANISATEUR pr\u00e9pare 10 num\u00e9ros par an sur les th\u00e8mes essentiels pour les dirigeants de PME.","publisher":{"@id":"https:\/\/www.organisator.ch\/#organization"},"potentialAction":[{"@type":"SearchAction","target":{"@type":"EntryPoint","urlTemplate":"https:\/\/www.organisator.ch\/?s={search_term_string}"},"query-input":{"@type":"PropertyValueSpecification","valueRequired":true,"valueName":"search_term_string"}}],"inLanguage":"fr-FR"},{"@type":"Organization","@id":"https:\/\/www.organisator.ch\/#organization","name":"Organisateur","url":"https:\/\/www.organisator.ch\/","logo":{"@type":"ImageObject","inLanguage":"fr-FR","@id":"https:\/\/www.organisator.ch\/#\/schema\/logo\/image\/","url":"https:\/\/www.organisator.ch\/wp-content\/uploads\/2022\/01\/Logo_Organisator_Website.png","contentUrl":"https:\/\/www.organisator.ch\/wp-content\/uploads\/2022\/01\/Logo_Organisator_Website.png","width":800,"height":77,"caption":"Organisator"},"image":{"@id":"https:\/\/www.organisator.ch\/#\/schema\/logo\/image\/"},"sameAs":["https:\/\/www.facebook.com\/OrganisatorFachmagazin","https:\/\/www.linkedin.com\/showcase\/organisator-das-magazin-fr-kmu","https:\/\/www.xing.com\/news\/pages\/organisator-ch-695","https:\/\/www.youtube.com\/channel\/UCGP2Sq0iWaZwT3BdIAQFYpw"]},{"@type":"Person","@id":"https:\/\/www.organisator.ch\/#\/schema\/person\/6f650f90b2842cd4c0cc334b4e36f67e","name":"thomas.berner","image":{"@type":"ImageObject","inLanguage":"fr-FR","@id":"https:\/\/secure.gravatar.com\/avatar\/ac5001d2a36cb6c6cd3e50789007ffca834b477b74a2144564522e944eabff61?s=96&d=mm&r=g","url":"https:\/\/secure.gravatar.com\/avatar\/ac5001d2a36cb6c6cd3e50789007ffca834b477b74a2144564522e944eabff61?s=96&d=mm&r=g","contentUrl":"https:\/\/secure.gravatar.com\/avatar\/ac5001d2a36cb6c6cd3e50789007ffca834b477b74a2144564522e944eabff61?s=96&d=mm&r=g","caption":"thomas.berner"},"url":"https:\/\/www.organisator.ch\/fr\/author\/thomas-berner\/"}]}},"_links":{"self":[{"href":"https:\/\/www.organisator.ch\/fr\/wp-json\/wp\/v2\/posts\/26294","targetHints":{"allow":["GET"]}}],"collection":[{"href":"https:\/\/www.organisator.ch\/fr\/wp-json\/wp\/v2\/posts"}],"about":[{"href":"https:\/\/www.organisator.ch\/fr\/wp-json\/wp\/v2\/types\/post"}],"author":[{"embeddable":true,"href":"https:\/\/www.organisator.ch\/fr\/wp-json\/wp\/v2\/users\/4"}],"replies":[{"embeddable":true,"href":"https:\/\/www.organisator.ch\/fr\/wp-json\/wp\/v2\/comments?post=26294"}],"version-history":[{"count":4,"href":"https:\/\/www.organisator.ch\/fr\/wp-json\/wp\/v2\/posts\/26294\/revisions"}],"predecessor-version":[{"id":26388,"href":"https:\/\/www.organisator.ch\/fr\/wp-json\/wp\/v2\/posts\/26294\/revisions\/26388"}],"wp:featuredmedia":[{"embeddable":true,"href":"https:\/\/www.organisator.ch\/fr\/wp-json\/wp\/v2\/media\/26295"}],"wp:attachment":[{"href":"https:\/\/www.organisator.ch\/fr\/wp-json\/wp\/v2\/media?parent=26294"}],"wp:term":[{"taxonomy":"category","embeddable":true,"href":"https:\/\/www.organisator.ch\/fr\/wp-json\/wp\/v2\/categories?post=26294"},{"taxonomy":"post_tag","embeddable":true,"href":"https:\/\/www.organisator.ch\/fr\/wp-json\/wp\/v2\/tags?post=26294"}],"curies":[{"name":"wp","href":"https:\/\/api.w.org\/{rel}","templated":true}]}}