{"id":26326,"date":"2024-04-21T16:55:25","date_gmt":"2024-04-21T14:55:25","guid":{"rendered":"https:\/\/www.organisator.ch\/de\/?p=26326"},"modified":"2024-05-02T14:59:14","modified_gmt":"2024-05-02T12:59:14","slug":"marijan-andelic-verliebt-in-den-job","status":"publish","type":"post","link":"https:\/\/www.organisator.ch\/fr\/management\/2024-04-21\/marijan-andelic-verliebt-in-den-job\/","title":{"rendered":"Marijan Andelic : \"Amoureux de son travail\"."},"content":{"rendered":"<div class=\"swpm-post-not-logged-in-msg\">Vous devez \u00eatre connect\u00e9 pour voir ce contenu. Veuillez <a class=\"swpm-login-link\" href=\"https:\/\/www.organisator.ch\/login\/\">Se connecter<\/a>. Pas un membre ? <a href=\"https:\/\/www.organisator.ch\/shop\/\">Nous Rejoindre<\/a><\/div>","protected":false},"excerpt":{"rendered":"<p>En novembre 2023, les marques Mobile Klinik, Fix Repair et Handy Doktor ont \u00e9t\u00e9 rachet\u00e9es par Swiss Mobile.  L'entreprise est ainsi devenue le plus grand fournisseur de r\u00e9parations imm\u00e9diates pour smartphones et tablettes dans toute la Suisse.  Mais qui se cache derri\u00e8re cette entreprise qui bouscule le march\u00e9 \u00e9tabli dans le commerce des abonnements de t\u00e9l\u00e9phonie mobile ? <\/p>","protected":false},"author":1,"featured_media":26323,"comment_status":"closed","ping_status":"closed","sticky":false,"template":"","format":"standard","meta":{"_acf_changed":false,"_yoast_wpseo_focuskw":"Marijan Andelic","_yoast_wpseo_metadesc":"Im November 2023 wurden die Marken Mobile Klinik, Fix Repair und Handy Doktor von Swiss Mobile unter F\u00fchrung von Marijan Andelic \u00fcbernommen.","articlekey":"88809","footnotes":""},"categories":[578,28],"tags":[283,335,492],"class_list":["post-26326","post","type-post","status-publish","format-standard","has-post-thumbnail","hentry","category-abo","category-management","tag-interview","tag-management-und-unternehmensfuehrung","tag-unternehmen"],"acf":[],"yoast_head":"<!-- This site is optimized with the Yoast SEO plugin v27.4 - https:\/\/yoast.com\/product\/yoast-seo-wordpress\/ -->\n<title>Marijan Andelic: \u00abVerliebt in den Job\u00bb - Organisator<\/title>\n<meta name=\"description\" content=\"Im November 2023 wurden die Marken Mobile Klinik, Fix Repair und Handy Doktor von Swiss Mobile unter F\u00fchrung von Marijan Andelic \u00fcbernommen.\" \/>\n<meta name=\"robots\" content=\"index, follow, max-snippet:-1, max-image-preview:large, max-video-preview:-1\" \/>\n<link rel=\"canonical\" href=\"https:\/\/www.organisator.ch\/fr\/gestion-2\/2024-04-21\/marijan-andelic-verliebt-in-den-job\/\" \/>\n<meta property=\"og:locale\" content=\"fr_FR\" \/>\n<meta property=\"og:type\" content=\"article\" \/>\n<meta property=\"og:title\" content=\"Marijan Andelic: \u00abVerliebt in den Job\u00bb - Organisator\" \/>\n<meta property=\"og:description\" content=\"Im November 2023 wurden die Marken Mobile Klinik, Fix Repair und Handy Doktor von Swiss Mobile unter F\u00fchrung von Marijan Andelic \u00fcbernommen.\" \/>\n<meta property=\"og:url\" content=\"https:\/\/www.organisator.ch\/fr\/gestion-2\/2024-04-21\/marijan-andelic-verliebt-in-den-job\/\" \/>\n<meta property=\"og:site_name\" content=\"Organisator\" \/>\n<meta property=\"article:publisher\" content=\"https:\/\/www.facebook.com\/OrganisatorFachmagazin\" \/>\n<meta property=\"article:published_time\" content=\"2024-04-21T14:55:25+00:00\" \/>\n<meta property=\"article:modified_time\" content=\"2024-05-02T12:59:14+00:00\" \/>\n<meta property=\"og:image\" content=\"https:\/\/www.organisator.ch\/wp-content\/uploads\/2024\/04\/Management_Auftakt_Bild1-Aufmacher_organisator_92912-scaled-e1714654721899.jpg\" \/>\n\t<meta property=\"og:image:width\" content=\"1043\" \/>\n\t<meta property=\"og:image:height\" content=\"772\" \/>\n\t<meta property=\"og:image:type\" content=\"image\/jpeg\" \/>\n<meta name=\"author\" content=\"admin\" \/>\n<meta name=\"twitter:card\" content=\"summary_large_image\" \/>\n<script type=\"application\/ld+json\" class=\"yoast-schema-graph\">{\"@context\":\"https:\\\/\\\/schema.org\",\"@graph\":[{\"@type\":\"Article\",\"@id\":\"https:\\\/\\\/www.organisator.ch\\\/management\\\/2024-04-21\\\/marijan-andelic-verliebt-in-den-job\\\/#article\",\"isPartOf\":{\"@id\":\"https:\\\/\\\/www.organisator.ch\\\/management\\\/2024-04-21\\\/marijan-andelic-verliebt-in-den-job\\\/\"},\"author\":{\"name\":\"admin\",\"@id\":\"https:\\\/\\\/www.organisator.ch\\\/#\\\/schema\\\/person\\\/aa2bace6c5c5aad60102004a50c4eb1c\"},\"headline\":\"Marijan Andelic: \u00abVerliebt in den Job\u00bb\",\"datePublished\":\"2024-04-21T14:55:25+00:00\",\"dateModified\":\"2024-05-02T12:59:14+00:00\",\"mainEntityOfPage\":{\"@id\":\"https:\\\/\\\/www.organisator.ch\\\/management\\\/2024-04-21\\\/marijan-andelic-verliebt-in-den-job\\\/\"},\"wordCount\":2456,\"publisher\":{\"@id\":\"https:\\\/\\\/www.organisator.ch\\\/#organization\"},\"image\":{\"@id\":\"https:\\\/\\\/www.organisator.ch\\\/management\\\/2024-04-21\\\/marijan-andelic-verliebt-in-den-job\\\/#primaryimage\"},\"thumbnailUrl\":\"https:\\\/\\\/www.organisator.ch\\\/wp-content\\\/uploads\\\/2024\\\/04\\\/Management_Auftakt_Bild1-Aufmacher_organisator_92912-scaled-e1714654721899.jpg\",\"keywords\":[\"Interview\",\"Management und Unternehmensf\u00fchrung\",\"Unternehmen\"],\"articleSection\":[\"ABO+\",\"MANAGEMENT\"],\"inLanguage\":\"fr-FR\"},{\"@type\":\"WebPage\",\"@id\":\"https:\\\/\\\/www.organisator.ch\\\/management\\\/2024-04-21\\\/marijan-andelic-verliebt-in-den-job\\\/\",\"url\":\"https:\\\/\\\/www.organisator.ch\\\/management\\\/2024-04-21\\\/marijan-andelic-verliebt-in-den-job\\\/\",\"name\":\"Marijan Andelic: \u00abVerliebt in den Job\u00bb - Organisator\",\"isPartOf\":{\"@id\":\"https:\\\/\\\/www.organisator.ch\\\/#website\"},\"primaryImageOfPage\":{\"@id\":\"https:\\\/\\\/www.organisator.ch\\\/management\\\/2024-04-21\\\/marijan-andelic-verliebt-in-den-job\\\/#primaryimage\"},\"image\":{\"@id\":\"https:\\\/\\\/www.organisator.ch\\\/management\\\/2024-04-21\\\/marijan-andelic-verliebt-in-den-job\\\/#primaryimage\"},\"thumbnailUrl\":\"https:\\\/\\\/www.organisator.ch\\\/wp-content\\\/uploads\\\/2024\\\/04\\\/Management_Auftakt_Bild1-Aufmacher_organisator_92912-scaled-e1714654721899.jpg\",\"datePublished\":\"2024-04-21T14:55:25+00:00\",\"dateModified\":\"2024-05-02T12:59:14+00:00\",\"description\":\"Im November 2023 wurden die Marken Mobile Klinik, Fix Repair und Handy Doktor von Swiss Mobile unter F\u00fchrung von Marijan Andelic \u00fcbernommen.\",\"breadcrumb\":{\"@id\":\"https:\\\/\\\/www.organisator.ch\\\/management\\\/2024-04-21\\\/marijan-andelic-verliebt-in-den-job\\\/#breadcrumb\"},\"inLanguage\":\"fr-FR\",\"potentialAction\":[{\"@type\":\"ReadAction\",\"target\":[\"https:\\\/\\\/www.organisator.ch\\\/management\\\/2024-04-21\\\/marijan-andelic-verliebt-in-den-job\\\/\"]}]},{\"@type\":\"ImageObject\",\"inLanguage\":\"fr-FR\",\"@id\":\"https:\\\/\\\/www.organisator.ch\\\/management\\\/2024-04-21\\\/marijan-andelic-verliebt-in-den-job\\\/#primaryimage\",\"url\":\"https:\\\/\\\/www.organisator.ch\\\/wp-content\\\/uploads\\\/2024\\\/04\\\/Management_Auftakt_Bild1-Aufmacher_organisator_92912-scaled-e1714654721899.jpg\",\"contentUrl\":\"https:\\\/\\\/www.organisator.ch\\\/wp-content\\\/uploads\\\/2024\\\/04\\\/Management_Auftakt_Bild1-Aufmacher_organisator_92912-scaled-e1714654721899.jpg\",\"width\":1043,\"height\":772,\"caption\":\"Foto: Linda Pollari\"},{\"@type\":\"BreadcrumbList\",\"@id\":\"https:\\\/\\\/www.organisator.ch\\\/management\\\/2024-04-21\\\/marijan-andelic-verliebt-in-den-job\\\/#breadcrumb\",\"itemListElement\":[{\"@type\":\"ListItem\",\"position\":1,\"name\":\"Home\",\"item\":\"https:\\\/\\\/www.organisator.ch\\\/\"},{\"@type\":\"ListItem\",\"position\":2,\"name\":\"Marijan Andelic: \u00abVerliebt in den Job\u00bb\"}]},{\"@type\":\"WebSite\",\"@id\":\"https:\\\/\\\/www.organisator.ch\\\/#website\",\"url\":\"https:\\\/\\\/www.organisator.ch\\\/\",\"name\":\"Organisator\",\"description\":\"Kompetent. Praxisnah. Der ORGANISATOR bereitet in 10 Ausgaben pro Jahr die wesentlichen Themen f\u00fcr F\u00fchrungskr\u00e4fte von KMU auf.\",\"publisher\":{\"@id\":\"https:\\\/\\\/www.organisator.ch\\\/#organization\"},\"potentialAction\":[{\"@type\":\"SearchAction\",\"target\":{\"@type\":\"EntryPoint\",\"urlTemplate\":\"https:\\\/\\\/www.organisator.ch\\\/?s={search_term_string}\"},\"query-input\":{\"@type\":\"PropertyValueSpecification\",\"valueRequired\":true,\"valueName\":\"search_term_string\"}}],\"inLanguage\":\"fr-FR\"},{\"@type\":\"Organization\",\"@id\":\"https:\\\/\\\/www.organisator.ch\\\/#organization\",\"name\":\"Organisator\",\"url\":\"https:\\\/\\\/www.organisator.ch\\\/\",\"logo\":{\"@type\":\"ImageObject\",\"inLanguage\":\"fr-FR\",\"@id\":\"https:\\\/\\\/www.organisator.ch\\\/#\\\/schema\\\/logo\\\/image\\\/\",\"url\":\"https:\\\/\\\/www.organisator.ch\\\/wp-content\\\/uploads\\\/2022\\\/01\\\/Logo_Organisator_Website.png\",\"contentUrl\":\"https:\\\/\\\/www.organisator.ch\\\/wp-content\\\/uploads\\\/2022\\\/01\\\/Logo_Organisator_Website.png\",\"width\":800,\"height\":77,\"caption\":\"Organisator\"},\"image\":{\"@id\":\"https:\\\/\\\/www.organisator.ch\\\/#\\\/schema\\\/logo\\\/image\\\/\"},\"sameAs\":[\"https:\\\/\\\/www.facebook.com\\\/OrganisatorFachmagazin\",\"https:\\\/\\\/www.linkedin.com\\\/showcase\\\/organisator-das-magazin-fr-kmu\",\"https:\\\/\\\/www.xing.com\\\/news\\\/pages\\\/organisator-ch-695\",\"https:\\\/\\\/www.youtube.com\\\/channel\\\/UCGP2Sq0iWaZwT3BdIAQFYpw\"]},{\"@type\":\"Person\",\"@id\":\"https:\\\/\\\/www.organisator.ch\\\/#\\\/schema\\\/person\\\/aa2bace6c5c5aad60102004a50c4eb1c\",\"name\":\"admin\",\"image\":{\"@type\":\"ImageObject\",\"inLanguage\":\"fr-FR\",\"@id\":\"https:\\\/\\\/secure.gravatar.com\\\/avatar\\\/ae2f4d718e6c49043e314ce431e7e645d646302a24a5ef5a8bc8e3f5a032e319?s=96&d=mm&r=g\",\"url\":\"https:\\\/\\\/secure.gravatar.com\\\/avatar\\\/ae2f4d718e6c49043e314ce431e7e645d646302a24a5ef5a8bc8e3f5a032e319?s=96&d=mm&r=g\",\"contentUrl\":\"https:\\\/\\\/secure.gravatar.com\\\/avatar\\\/ae2f4d718e6c49043e314ce431e7e645d646302a24a5ef5a8bc8e3f5a032e319?s=96&d=mm&r=g\",\"caption\":\"admin\"},\"sameAs\":[\"https:\\\/\\\/www.organisator.ch\"],\"url\":\"https:\\\/\\\/www.organisator.ch\\\/fr\\\/author\\\/admin\\\/\"}]}<\/script>\n<!-- \/ Yoast SEO plugin. -->","yoast_head_json":{"title":"Marijan Andelic : \"Amoureux du travail\" - Organisateur","description":"En novembre 2023, les marques Mobile Klinik, Fix Repair et Handy Doktor ont \u00e9t\u00e9 reprises par Swiss Mobile sous la direction de Marijan Andelic.","robots":{"index":"index","follow":"follow","max-snippet":"max-snippet:-1","max-image-preview":"max-image-preview:large","max-video-preview":"max-video-preview:-1"},"canonical":"https:\/\/www.organisator.ch\/fr\/gestion-2\/2024-04-21\/marijan-andelic-verliebt-in-den-job\/","og_locale":"fr_FR","og_type":"article","og_title":"Marijan Andelic: \u00abVerliebt in den Job\u00bb - Organisator","og_description":"Im November 2023 wurden die Marken Mobile Klinik, Fix Repair und Handy Doktor von Swiss Mobile unter F\u00fchrung von Marijan Andelic \u00fcbernommen.","og_url":"https:\/\/www.organisator.ch\/fr\/gestion-2\/2024-04-21\/marijan-andelic-verliebt-in-den-job\/","og_site_name":"Organisator","article_publisher":"https:\/\/www.facebook.com\/OrganisatorFachmagazin","article_published_time":"2024-04-21T14:55:25+00:00","article_modified_time":"2024-05-02T12:59:14+00:00","og_image":[{"width":1043,"height":772,"url":"https:\/\/www.organisator.ch\/wp-content\/uploads\/2024\/04\/Management_Auftakt_Bild1-Aufmacher_organisator_92912-scaled-e1714654721899.jpg","type":"image\/jpeg"}],"author":"admin","twitter_card":"summary_large_image","schema":{"@context":"https:\/\/schema.org","@graph":[{"@type":"Article","@id":"https:\/\/www.organisator.ch\/management\/2024-04-21\/marijan-andelic-verliebt-in-den-job\/#article","isPartOf":{"@id":"https:\/\/www.organisator.ch\/management\/2024-04-21\/marijan-andelic-verliebt-in-den-job\/"},"author":{"name":"admin","@id":"https:\/\/www.organisator.ch\/#\/schema\/person\/aa2bace6c5c5aad60102004a50c4eb1c"},"headline":"Marijan Andelic: \u00abVerliebt in den Job\u00bb","datePublished":"2024-04-21T14:55:25+00:00","dateModified":"2024-05-02T12:59:14+00:00","mainEntityOfPage":{"@id":"https:\/\/www.organisator.ch\/management\/2024-04-21\/marijan-andelic-verliebt-in-den-job\/"},"wordCount":2456,"publisher":{"@id":"https:\/\/www.organisator.ch\/#organization"},"image":{"@id":"https:\/\/www.organisator.ch\/management\/2024-04-21\/marijan-andelic-verliebt-in-den-job\/#primaryimage"},"thumbnailUrl":"https:\/\/www.organisator.ch\/wp-content\/uploads\/2024\/04\/Management_Auftakt_Bild1-Aufmacher_organisator_92912-scaled-e1714654721899.jpg","keywords":["Interview","Management und Unternehmensf\u00fchrung","Unternehmen"],"articleSection":["ABO+","MANAGEMENT"],"inLanguage":"fr-FR"},{"@type":"WebPage","@id":"https:\/\/www.organisator.ch\/management\/2024-04-21\/marijan-andelic-verliebt-in-den-job\/","url":"https:\/\/www.organisator.ch\/management\/2024-04-21\/marijan-andelic-verliebt-in-den-job\/","name":"Marijan Andelic : \"Amoureux du travail\" - Organisateur","isPartOf":{"@id":"https:\/\/www.organisator.ch\/#website"},"primaryImageOfPage":{"@id":"https:\/\/www.organisator.ch\/management\/2024-04-21\/marijan-andelic-verliebt-in-den-job\/#primaryimage"},"image":{"@id":"https:\/\/www.organisator.ch\/management\/2024-04-21\/marijan-andelic-verliebt-in-den-job\/#primaryimage"},"thumbnailUrl":"https:\/\/www.organisator.ch\/wp-content\/uploads\/2024\/04\/Management_Auftakt_Bild1-Aufmacher_organisator_92912-scaled-e1714654721899.jpg","datePublished":"2024-04-21T14:55:25+00:00","dateModified":"2024-05-02T12:59:14+00:00","description":"En novembre 2023, les marques Mobile Klinik, Fix Repair et Handy Doktor ont \u00e9t\u00e9 reprises par Swiss Mobile sous la direction de Marijan Andelic.","breadcrumb":{"@id":"https:\/\/www.organisator.ch\/management\/2024-04-21\/marijan-andelic-verliebt-in-den-job\/#breadcrumb"},"inLanguage":"fr-FR","potentialAction":[{"@type":"ReadAction","target":["https:\/\/www.organisator.ch\/management\/2024-04-21\/marijan-andelic-verliebt-in-den-job\/"]}]},{"@type":"ImageObject","inLanguage":"fr-FR","@id":"https:\/\/www.organisator.ch\/management\/2024-04-21\/marijan-andelic-verliebt-in-den-job\/#primaryimage","url":"https:\/\/www.organisator.ch\/wp-content\/uploads\/2024\/04\/Management_Auftakt_Bild1-Aufmacher_organisator_92912-scaled-e1714654721899.jpg","contentUrl":"https:\/\/www.organisator.ch\/wp-content\/uploads\/2024\/04\/Management_Auftakt_Bild1-Aufmacher_organisator_92912-scaled-e1714654721899.jpg","width":1043,"height":772,"caption":"Foto: Linda Pollari"},{"@type":"BreadcrumbList","@id":"https:\/\/www.organisator.ch\/management\/2024-04-21\/marijan-andelic-verliebt-in-den-job\/#breadcrumb","itemListElement":[{"@type":"ListItem","position":1,"name":"Home","item":"https:\/\/www.organisator.ch\/"},{"@type":"ListItem","position":2,"name":"Marijan Andelic: \u00abVerliebt in den Job\u00bb"}]},{"@type":"WebSite","@id":"https:\/\/www.organisator.ch\/#website","url":"https:\/\/www.organisator.ch\/","name":"Organisateur","description":"Comp\u00e9tence et comp\u00e9tence. Proches de la pratique. L'ORGANISATEUR pr\u00e9pare 10 num\u00e9ros par an sur les th\u00e8mes essentiels pour les dirigeants de PME.","publisher":{"@id":"https:\/\/www.organisator.ch\/#organization"},"potentialAction":[{"@type":"SearchAction","target":{"@type":"EntryPoint","urlTemplate":"https:\/\/www.organisator.ch\/?s={search_term_string}"},"query-input":{"@type":"PropertyValueSpecification","valueRequired":true,"valueName":"search_term_string"}}],"inLanguage":"fr-FR"},{"@type":"Organization","@id":"https:\/\/www.organisator.ch\/#organization","name":"Organisateur","url":"https:\/\/www.organisator.ch\/","logo":{"@type":"ImageObject","inLanguage":"fr-FR","@id":"https:\/\/www.organisator.ch\/#\/schema\/logo\/image\/","url":"https:\/\/www.organisator.ch\/wp-content\/uploads\/2022\/01\/Logo_Organisator_Website.png","contentUrl":"https:\/\/www.organisator.ch\/wp-content\/uploads\/2022\/01\/Logo_Organisator_Website.png","width":800,"height":77,"caption":"Organisator"},"image":{"@id":"https:\/\/www.organisator.ch\/#\/schema\/logo\/image\/"},"sameAs":["https:\/\/www.facebook.com\/OrganisatorFachmagazin","https:\/\/www.linkedin.com\/showcase\/organisator-das-magazin-fr-kmu","https:\/\/www.xing.com\/news\/pages\/organisator-ch-695","https:\/\/www.youtube.com\/channel\/UCGP2Sq0iWaZwT3BdIAQFYpw"]},{"@type":"Person","@id":"https:\/\/www.organisator.ch\/#\/schema\/person\/aa2bace6c5c5aad60102004a50c4eb1c","name":"admin","image":{"@type":"ImageObject","inLanguage":"fr-FR","@id":"https:\/\/secure.gravatar.com\/avatar\/ae2f4d718e6c49043e314ce431e7e645d646302a24a5ef5a8bc8e3f5a032e319?s=96&d=mm&r=g","url":"https:\/\/secure.gravatar.com\/avatar\/ae2f4d718e6c49043e314ce431e7e645d646302a24a5ef5a8bc8e3f5a032e319?s=96&d=mm&r=g","contentUrl":"https:\/\/secure.gravatar.com\/avatar\/ae2f4d718e6c49043e314ce431e7e645d646302a24a5ef5a8bc8e3f5a032e319?s=96&d=mm&r=g","caption":"admin"},"sameAs":["https:\/\/www.organisator.ch"],"url":"https:\/\/www.organisator.ch\/fr\/author\/admin\/"}]}},"_links":{"self":[{"href":"https:\/\/www.organisator.ch\/fr\/wp-json\/wp\/v2\/posts\/26326","targetHints":{"allow":["GET"]}}],"collection":[{"href":"https:\/\/www.organisator.ch\/fr\/wp-json\/wp\/v2\/posts"}],"about":[{"href":"https:\/\/www.organisator.ch\/fr\/wp-json\/wp\/v2\/types\/post"}],"author":[{"embeddable":true,"href":"https:\/\/www.organisator.ch\/fr\/wp-json\/wp\/v2\/users\/1"}],"replies":[{"embeddable":true,"href":"https:\/\/www.organisator.ch\/fr\/wp-json\/wp\/v2\/comments?post=26326"}],"version-history":[{"count":3,"href":"https:\/\/www.organisator.ch\/fr\/wp-json\/wp\/v2\/posts\/26326\/revisions"}],"predecessor-version":[{"id":26496,"href":"https:\/\/www.organisator.ch\/fr\/wp-json\/wp\/v2\/posts\/26326\/revisions\/26496"}],"wp:featuredmedia":[{"embeddable":true,"href":"https:\/\/www.organisator.ch\/fr\/wp-json\/wp\/v2\/media\/26323"}],"wp:attachment":[{"href":"https:\/\/www.organisator.ch\/fr\/wp-json\/wp\/v2\/media?parent=26326"}],"wp:term":[{"taxonomy":"category","embeddable":true,"href":"https:\/\/www.organisator.ch\/fr\/wp-json\/wp\/v2\/categories?post=26326"},{"taxonomy":"post_tag","embeddable":true,"href":"https:\/\/www.organisator.ch\/fr\/wp-json\/wp\/v2\/tags?post=26326"}],"curies":[{"name":"wp","href":"https:\/\/api.w.org\/{rel}","templated":true}]}}