{"id":2634,"date":"2019-11-19T09:09:28","date_gmt":"2019-11-19T08:09:28","guid":{"rendered":"https:\/\/www.umweltperspektiven.ch\/?p=2634"},"modified":"2022-02-09T11:05:35","modified_gmt":"2022-02-09T10:05:35","slug":"usa-konzerne-stellen-export-von-plastikabfall-ein","status":"publish","type":"post","link":"https:\/\/www.organisator.ch\/fr\/sustainability\/2019-11-19\/usa-konzerne-stellen-export-von-plastikabfall-ein\/","title":{"rendered":"\u00c9tats-Unis Les entreprises arr\u00eatent d'exporter des d\u00e9chets plastiques"},"content":{"rendered":"<p>&nbsp;<\/p>\n<figure id=\"attachment_2635\" aria-describedby=\"caption-attachment-2635\" style=\"width: 600px\" class=\"wp-caption alignnone\"><img loading=\"lazy\" decoding=\"async\" class=\"size-full wp-image-2635\" src=\"\/\/www.umweltperspektiven.ch\/wp-content\/uploads\/2019\/11\/plastikabfall-greenpeace-usa-UP-Umwelt-Perspektiven.jpg\" alt=\"\" width=\"600\" height=\"399\" srcset=\"https:\/\/www.organisator.ch\/wp-content\/uploads\/2019\/11\/plastikabfall-greenpeace-usa-UP-Umwelt-Perspektiven.jpg 600w, https:\/\/www.organisator.ch\/wp-content\/uploads\/2019\/11\/plastikabfall-greenpeace-usa-UP-Umwelt-Perspektiven-18x12.jpg 18w, https:\/\/www.organisator.ch\/wp-content\/uploads\/2019\/11\/plastikabfall-greenpeace-usa-UP-Umwelt-Perspektiven-263x175.jpg 263w, https:\/\/www.organisator.ch\/wp-content\/uploads\/2019\/11\/plastikabfall-greenpeace-usa-UP-Umwelt-Perspektiven-526x350.jpg 526w, https:\/\/www.organisator.ch\/wp-content\/uploads\/2019\/11\/plastikabfall-greenpeace-usa-UP-Umwelt-Perspektiven-300x200.jpg 300w\" sizes=\"auto, (max-width: 600px) 100vw, 600px\" \/><figcaption id=\"caption-attachment-2635\" class=\"wp-caption-text\">Les grands groupes am\u00e9ricains font enfin marche arri\u00e8re et \u00e9vitent d'exporter du plastique dans d'autres r\u00e9gions du monde. (Image : greenpeace)<\/figcaption><\/figure>\n<p class=\"bodytext\">Les d\u00e9chets plastiques am\u00e9ricains ne doivent plus finir dans les pays en voie de d\u00e9veloppement. Un certain nombre de grands gestionnaires de d\u00e9chets ont cess\u00e9 d'exporter les d\u00e9chets plastiques vers des pays autres que l'Am\u00e9rique du Nord, \u00e9crit\u00a0<a href=\"\/\/www.greenpeace.org\/usa\/\" target=\"_blank\" rel=\"noopener\">Greenpeace \u00c9tats-Unis<\/a>\u00a0dans une\u00a0<a href=\"\/\/www.greenpeace.org\/usa\/news\/waste-management-casella-announce-halt-to-plastic-waste-exports-to-countries-with-poor-waste-management\/\" target=\"_blank\" rel=\"noopener\">Communiqu\u00e9<\/a>.<\/p>\n<p class=\"bodytext\">Il s'agit notamment de\u00a0<a href=\"\/\/www.wm.com\/us\/en\/myhome\" target=\"_blank\" rel=\"noopener\">Gestion des d\u00e9chets<\/a>\u00a0et\u00a0<a href=\"\/\/www.casella.com\/\" target=\"_blank\" rel=\"noopener\">Casella Waste Systems<\/a>\u00a0\u00e9galement deux grandes entreprises du secteur am\u00e9ricain des d\u00e9chets.<\/p>\n<p class=\"bodytext\">Les entreprises r\u00e9pondent ainsi \u00e0 une demande de Greenpeace USA. Casella Waste Systems se consid\u00e8re depuis des d\u00e9cennies comme un pionnier de la gestion durable des d\u00e9chets et de leur recyclage, a d\u00e9clar\u00e9 le CEO John Casella, cit\u00e9 dans le communiqu\u00e9. C'est pourquoi son entreprise soutient la demande de Greenpeace.<\/p>\n<p><strong>Pas encore de solution universelle\u00a0<\/strong><\/p>\n<p class=\"bodytext\">Pour Greenpeace, l'arr\u00eat des exportations ne va pas encore assez loin. Waste Management et Casella ont pris la bonne d\u00e9cision, selon John Hocevar, directeur de la campagne pour la propret\u00e9 des oc\u00e9ans de Greenpeace USA, cit\u00e9 dans le communiqu\u00e9.<\/p>\n<p class=\"bodytext\">Mais ce n'est pas non plus une solution de stocker le plastique dans des d\u00e9charges, de le br\u00fbler ou de le transformer en carburant, a-t-il ajout\u00e9. \"Il est temps d'arr\u00eater de produire autant de plastique \u00e0 usage unique\", a d\u00e9clar\u00e9 Hovecar.<\/p>\n<p class=\"bodytext\">Rien qu'en 2018, les \u00c9tats-Unis ont export\u00e9 un total de 1,1 million de tonnes de d\u00e9chets plastiques. Sur ce total, 78 pour cent sont all\u00e9s \u00e0 des pays dont la gestion des d\u00e9chets est faible. Ce pourcentage \u00e9lev\u00e9 est \u00e9galement une cons\u00e9quence de l'interdiction chinoise d'importer des d\u00e9chets en 2018, \u00e9crit Greenpeace USA en se r\u00e9f\u00e9rant \u00e0 un rapport de la\u00a0<a href=\"\/\/wastetradestories.org\/\" target=\"_blank\" rel=\"noopener\">Alliance mondiale pour les alternatives aux incin\u00e9rateurs<\/a>. Les exportateurs se sont donc tourn\u00e9s vers des pays comme l'Indon\u00e9sie, la Malaisie et le Vietnam.<\/p>","protected":false},"excerpt":{"rendered":"<p>&nbsp; Amerikanischer Plastikabfall soll nicht mehr in Entwicklungsl\u00e4ndern landen. Eine Reihe grosser Abfallbewirtschafter hat\u00a0den Export des Plastikabfalls in L\u00e4nder ausserhalb Nordamerikas eingestellt, schreibt\u00a0Greenpeace USA\u00a0in einer\u00a0Mitteilung. Dazu geh\u00f6ren mit\u00a0Waste Management\u00a0und\u00a0Casella Waste Systems\u00a0auch zwei grosse Unternehmen der amerikanischen Abfallbranche. Damit reagieren die Unternehmen auf eine Forderung von Greenpeace USA. Casella Waste Systems sehe sich seit Jahrzehnten als [&hellip;]<\/p>\n","protected":false},"author":5,"featured_media":2635,"comment_status":"open","ping_status":"open","sticky":false,"template":"","format":"standard","meta":{"_acf_changed":false,"_yoast_wpseo_focuskw":"Plastikabf\u00e4lle","_yoast_wpseo_metadesc":"Plastikabf\u00e4lle: USA Konzerne wie Waste Management und Casella Waste Systems versuchen der Plastikverschmutzung in den Umweltsph\u00e4ren Herr zu werden.","articlekey":"","footnotes":""},"categories":[580],"tags":[189,1917,1928,2421],"class_list":["post-2634","post","type-post","status-publish","format-standard","has-post-thumbnail","hentry","category-sustainability","tag-export","tag-plastik","tag-plastikverschmutzung","tag-usa"],"acf":[],"yoast_head":"<!-- This site is optimized with the Yoast SEO plugin v27.5 - https:\/\/yoast.com\/product\/yoast-seo-wordpress\/ -->\n<title>USA Konzerne stellen Export von Plastikabfall ein - Organisator<\/title>\n<meta name=\"description\" content=\"Plastikabf\u00e4lle: USA Konzerne wie Waste Management und Casella Waste Systems versuchen der Plastikverschmutzung in den Umweltsph\u00e4ren Herr zu werden.\" \/>\n<meta name=\"robots\" content=\"index, follow, max-snippet:-1, max-image-preview:large, max-video-preview:-1\" \/>\n<link rel=\"canonical\" href=\"https:\/\/www.organisator.ch\/fr\/sustainability\/2019-11-19\/usa-konzerne-stellen-export-von-plastikabfall-ein\/\" \/>\n<meta property=\"og:locale\" content=\"fr_FR\" \/>\n<meta property=\"og:type\" content=\"article\" \/>\n<meta property=\"og:title\" content=\"USA Konzerne stellen Export von Plastikabfall ein - Organisator\" \/>\n<meta property=\"og:description\" content=\"Plastikabf\u00e4lle: USA Konzerne wie Waste Management und Casella Waste Systems versuchen der Plastikverschmutzung in den Umweltsph\u00e4ren Herr zu werden.\" \/>\n<meta property=\"og:url\" content=\"https:\/\/www.organisator.ch\/fr\/sustainability\/2019-11-19\/usa-konzerne-stellen-export-von-plastikabfall-ein\/\" \/>\n<meta property=\"og:site_name\" content=\"Organisator\" \/>\n<meta property=\"article:publisher\" content=\"https:\/\/www.facebook.com\/OrganisatorFachmagazin\" \/>\n<meta property=\"article:published_time\" content=\"2019-11-19T08:09:28+00:00\" \/>\n<meta property=\"article:modified_time\" content=\"2022-02-09T10:05:35+00:00\" \/>\n<meta property=\"og:image\" content=\"https:\/\/www.organisator.ch\/wp-content\/uploads\/2019\/11\/plastikabfall-greenpeace-usa-UP-Umwelt-Perspektiven.jpg\" \/>\n\t<meta property=\"og:image:width\" content=\"600\" \/>\n\t<meta property=\"og:image:height\" content=\"399\" \/>\n\t<meta property=\"og:image:type\" content=\"image\/jpeg\" \/>\n<meta name=\"author\" content=\"michael.merz\" \/>\n<meta name=\"twitter:card\" content=\"summary_large_image\" \/>\n<script type=\"application\/ld+json\" class=\"yoast-schema-graph\">{\"@context\":\"https:\\\/\\\/schema.org\",\"@graph\":[{\"@type\":\"Article\",\"@id\":\"https:\\\/\\\/www.organisator.ch\\\/sustainability\\\/2019-11-19\\\/usa-konzerne-stellen-export-von-plastikabfall-ein\\\/#article\",\"isPartOf\":{\"@id\":\"https:\\\/\\\/www.organisator.ch\\\/sustainability\\\/2019-11-19\\\/usa-konzerne-stellen-export-von-plastikabfall-ein\\\/\"},\"author\":{\"name\":\"michael.merz\",\"@id\":\"https:\\\/\\\/www.organisator.ch\\\/#\\\/schema\\\/person\\\/134708ca9321c57b0362cceb7948ffbd\"},\"headline\":\"USA Konzerne stellen Export von Plastikabfall ein\",\"datePublished\":\"2019-11-19T08:09:28+00:00\",\"dateModified\":\"2022-02-09T10:05:35+00:00\",\"mainEntityOfPage\":{\"@id\":\"https:\\\/\\\/www.organisator.ch\\\/sustainability\\\/2019-11-19\\\/usa-konzerne-stellen-export-von-plastikabfall-ein\\\/\"},\"wordCount\":265,\"commentCount\":0,\"publisher\":{\"@id\":\"https:\\\/\\\/www.organisator.ch\\\/#organization\"},\"image\":{\"@id\":\"https:\\\/\\\/www.organisator.ch\\\/sustainability\\\/2019-11-19\\\/usa-konzerne-stellen-export-von-plastikabfall-ein\\\/#primaryimage\"},\"thumbnailUrl\":\"https:\\\/\\\/www.organisator.ch\\\/wp-content\\\/uploads\\\/2019\\\/11\\\/plastikabfall-greenpeace-usa-UP-Umwelt-Perspektiven.jpg\",\"keywords\":[\"Export\",\"Plastik\",\"Plastikverschmutzung\",\"USA\"],\"articleSection\":[\"SUSTAINABILITY\"],\"inLanguage\":\"fr-FR\"},{\"@type\":\"WebPage\",\"@id\":\"https:\\\/\\\/www.organisator.ch\\\/sustainability\\\/2019-11-19\\\/usa-konzerne-stellen-export-von-plastikabfall-ein\\\/\",\"url\":\"https:\\\/\\\/www.organisator.ch\\\/sustainability\\\/2019-11-19\\\/usa-konzerne-stellen-export-von-plastikabfall-ein\\\/\",\"name\":\"USA Konzerne stellen Export von Plastikabfall ein - Organisator\",\"isPartOf\":{\"@id\":\"https:\\\/\\\/www.organisator.ch\\\/#website\"},\"primaryImageOfPage\":{\"@id\":\"https:\\\/\\\/www.organisator.ch\\\/sustainability\\\/2019-11-19\\\/usa-konzerne-stellen-export-von-plastikabfall-ein\\\/#primaryimage\"},\"image\":{\"@id\":\"https:\\\/\\\/www.organisator.ch\\\/sustainability\\\/2019-11-19\\\/usa-konzerne-stellen-export-von-plastikabfall-ein\\\/#primaryimage\"},\"thumbnailUrl\":\"https:\\\/\\\/www.organisator.ch\\\/wp-content\\\/uploads\\\/2019\\\/11\\\/plastikabfall-greenpeace-usa-UP-Umwelt-Perspektiven.jpg\",\"datePublished\":\"2019-11-19T08:09:28+00:00\",\"dateModified\":\"2022-02-09T10:05:35+00:00\",\"description\":\"Plastikabf\u00e4lle: USA Konzerne wie Waste Management und Casella Waste Systems versuchen der Plastikverschmutzung in den Umweltsph\u00e4ren Herr zu werden.\",\"breadcrumb\":{\"@id\":\"https:\\\/\\\/www.organisator.ch\\\/sustainability\\\/2019-11-19\\\/usa-konzerne-stellen-export-von-plastikabfall-ein\\\/#breadcrumb\"},\"inLanguage\":\"fr-FR\",\"potentialAction\":[{\"@type\":\"ReadAction\",\"target\":[\"https:\\\/\\\/www.organisator.ch\\\/sustainability\\\/2019-11-19\\\/usa-konzerne-stellen-export-von-plastikabfall-ein\\\/\"]}]},{\"@type\":\"ImageObject\",\"inLanguage\":\"fr-FR\",\"@id\":\"https:\\\/\\\/www.organisator.ch\\\/sustainability\\\/2019-11-19\\\/usa-konzerne-stellen-export-von-plastikabfall-ein\\\/#primaryimage\",\"url\":\"https:\\\/\\\/www.organisator.ch\\\/wp-content\\\/uploads\\\/2019\\\/11\\\/plastikabfall-greenpeace-usa-UP-Umwelt-Perspektiven.jpg\",\"contentUrl\":\"https:\\\/\\\/www.organisator.ch\\\/wp-content\\\/uploads\\\/2019\\\/11\\\/plastikabfall-greenpeace-usa-UP-Umwelt-Perspektiven.jpg\",\"width\":600,\"height\":399,\"caption\":\"Endlich krebsen gr\u00f6ssere US-Konzerne zur\u00fcck und vermeiden den Export von Plastik in andere Weltregionen. (Bild: greenpeace)\"},{\"@type\":\"BreadcrumbList\",\"@id\":\"https:\\\/\\\/www.organisator.ch\\\/sustainability\\\/2019-11-19\\\/usa-konzerne-stellen-export-von-plastikabfall-ein\\\/#breadcrumb\",\"itemListElement\":[{\"@type\":\"ListItem\",\"position\":1,\"name\":\"Home\",\"item\":\"https:\\\/\\\/www.organisator.ch\\\/\"},{\"@type\":\"ListItem\",\"position\":2,\"name\":\"USA Konzerne stellen Export von Plastikabfall ein\"}]},{\"@type\":\"WebSite\",\"@id\":\"https:\\\/\\\/www.organisator.ch\\\/#website\",\"url\":\"https:\\\/\\\/www.organisator.ch\\\/\",\"name\":\"Organisator\",\"description\":\"Kompetent. Praxisnah. Der ORGANISATOR bereitet in 10 Ausgaben pro Jahr die wesentlichen Themen f\u00fcr F\u00fchrungskr\u00e4fte von KMU auf.\",\"publisher\":{\"@id\":\"https:\\\/\\\/www.organisator.ch\\\/#organization\"},\"potentialAction\":[{\"@type\":\"SearchAction\",\"target\":{\"@type\":\"EntryPoint\",\"urlTemplate\":\"https:\\\/\\\/www.organisator.ch\\\/?s={search_term_string}\"},\"query-input\":{\"@type\":\"PropertyValueSpecification\",\"valueRequired\":true,\"valueName\":\"search_term_string\"}}],\"inLanguage\":\"fr-FR\"},{\"@type\":\"Organization\",\"@id\":\"https:\\\/\\\/www.organisator.ch\\\/#organization\",\"name\":\"Organisator\",\"url\":\"https:\\\/\\\/www.organisator.ch\\\/\",\"logo\":{\"@type\":\"ImageObject\",\"inLanguage\":\"fr-FR\",\"@id\":\"https:\\\/\\\/www.organisator.ch\\\/#\\\/schema\\\/logo\\\/image\\\/\",\"url\":\"https:\\\/\\\/www.organisator.ch\\\/wp-content\\\/uploads\\\/2022\\\/01\\\/Logo_Organisator_Website.png\",\"contentUrl\":\"https:\\\/\\\/www.organisator.ch\\\/wp-content\\\/uploads\\\/2022\\\/01\\\/Logo_Organisator_Website.png\",\"width\":800,\"height\":77,\"caption\":\"Organisator\"},\"image\":{\"@id\":\"https:\\\/\\\/www.organisator.ch\\\/#\\\/schema\\\/logo\\\/image\\\/\"},\"sameAs\":[\"https:\\\/\\\/www.facebook.com\\\/OrganisatorFachmagazin\",\"https:\\\/\\\/www.linkedin.com\\\/showcase\\\/organisator-das-magazin-fr-kmu\",\"https:\\\/\\\/www.xing.com\\\/news\\\/pages\\\/organisator-ch-695\",\"https:\\\/\\\/www.youtube.com\\\/channel\\\/UCGP2Sq0iWaZwT3BdIAQFYpw\"]},{\"@type\":\"Person\",\"@id\":\"https:\\\/\\\/www.organisator.ch\\\/#\\\/schema\\\/person\\\/134708ca9321c57b0362cceb7948ffbd\",\"name\":\"michael.merz\",\"image\":{\"@type\":\"ImageObject\",\"inLanguage\":\"fr-FR\",\"@id\":\"https:\\\/\\\/secure.gravatar.com\\\/avatar\\\/?s=96&d=mm&r=g\",\"url\":\"https:\\\/\\\/secure.gravatar.com\\\/avatar\\\/?s=96&d=mm&r=g\",\"contentUrl\":\"https:\\\/\\\/secure.gravatar.com\\\/avatar\\\/?s=96&d=mm&r=g\",\"caption\":\"michael.merz\"},\"url\":\"https:\\\/\\\/www.organisator.ch\\\/fr\\\/author\\\/michael-merz\\\/\"}]}<\/script>\n<!-- \/ Yoast SEO plugin. -->","yoast_head_json":{"title":"USA Les multinationales arr\u00eatent d'exporter des d\u00e9chets plastiques - Organisateur","description":"Les d\u00e9chets plastiques : Des groupes am\u00e9ricains comme Waste Management et Casella Waste Systems tentent de ma\u00eetriser la pollution plastique dans les sph\u00e8res environnementales.","robots":{"index":"index","follow":"follow","max-snippet":"max-snippet:-1","max-image-preview":"max-image-preview:large","max-video-preview":"max-video-preview:-1"},"canonical":"https:\/\/www.organisator.ch\/fr\/sustainability\/2019-11-19\/usa-konzerne-stellen-export-von-plastikabfall-ein\/","og_locale":"fr_FR","og_type":"article","og_title":"USA Konzerne stellen Export von Plastikabfall ein - Organisator","og_description":"Plastikabf\u00e4lle: USA Konzerne wie Waste Management und Casella Waste Systems versuchen der Plastikverschmutzung in den Umweltsph\u00e4ren Herr zu werden.","og_url":"https:\/\/www.organisator.ch\/fr\/sustainability\/2019-11-19\/usa-konzerne-stellen-export-von-plastikabfall-ein\/","og_site_name":"Organisator","article_publisher":"https:\/\/www.facebook.com\/OrganisatorFachmagazin","article_published_time":"2019-11-19T08:09:28+00:00","article_modified_time":"2022-02-09T10:05:35+00:00","og_image":[{"width":600,"height":399,"url":"https:\/\/www.organisator.ch\/wp-content\/uploads\/2019\/11\/plastikabfall-greenpeace-usa-UP-Umwelt-Perspektiven.jpg","type":"image\/jpeg"}],"author":"michael.merz","twitter_card":"summary_large_image","schema":{"@context":"https:\/\/schema.org","@graph":[{"@type":"Article","@id":"https:\/\/www.organisator.ch\/sustainability\/2019-11-19\/usa-konzerne-stellen-export-von-plastikabfall-ein\/#article","isPartOf":{"@id":"https:\/\/www.organisator.ch\/sustainability\/2019-11-19\/usa-konzerne-stellen-export-von-plastikabfall-ein\/"},"author":{"name":"michael.merz","@id":"https:\/\/www.organisator.ch\/#\/schema\/person\/134708ca9321c57b0362cceb7948ffbd"},"headline":"USA Konzerne stellen Export von Plastikabfall ein","datePublished":"2019-11-19T08:09:28+00:00","dateModified":"2022-02-09T10:05:35+00:00","mainEntityOfPage":{"@id":"https:\/\/www.organisator.ch\/sustainability\/2019-11-19\/usa-konzerne-stellen-export-von-plastikabfall-ein\/"},"wordCount":265,"commentCount":0,"publisher":{"@id":"https:\/\/www.organisator.ch\/#organization"},"image":{"@id":"https:\/\/www.organisator.ch\/sustainability\/2019-11-19\/usa-konzerne-stellen-export-von-plastikabfall-ein\/#primaryimage"},"thumbnailUrl":"https:\/\/www.organisator.ch\/wp-content\/uploads\/2019\/11\/plastikabfall-greenpeace-usa-UP-Umwelt-Perspektiven.jpg","keywords":["Export","Plastik","Plastikverschmutzung","USA"],"articleSection":["SUSTAINABILITY"],"inLanguage":"fr-FR"},{"@type":"WebPage","@id":"https:\/\/www.organisator.ch\/sustainability\/2019-11-19\/usa-konzerne-stellen-export-von-plastikabfall-ein\/","url":"https:\/\/www.organisator.ch\/sustainability\/2019-11-19\/usa-konzerne-stellen-export-von-plastikabfall-ein\/","name":"USA Les multinationales arr\u00eatent d'exporter des d\u00e9chets plastiques - Organisateur","isPartOf":{"@id":"https:\/\/www.organisator.ch\/#website"},"primaryImageOfPage":{"@id":"https:\/\/www.organisator.ch\/sustainability\/2019-11-19\/usa-konzerne-stellen-export-von-plastikabfall-ein\/#primaryimage"},"image":{"@id":"https:\/\/www.organisator.ch\/sustainability\/2019-11-19\/usa-konzerne-stellen-export-von-plastikabfall-ein\/#primaryimage"},"thumbnailUrl":"https:\/\/www.organisator.ch\/wp-content\/uploads\/2019\/11\/plastikabfall-greenpeace-usa-UP-Umwelt-Perspektiven.jpg","datePublished":"2019-11-19T08:09:28+00:00","dateModified":"2022-02-09T10:05:35+00:00","description":"Les d\u00e9chets plastiques : Des groupes am\u00e9ricains comme Waste Management et Casella Waste Systems tentent de ma\u00eetriser la pollution plastique dans les sph\u00e8res environnementales.","breadcrumb":{"@id":"https:\/\/www.organisator.ch\/sustainability\/2019-11-19\/usa-konzerne-stellen-export-von-plastikabfall-ein\/#breadcrumb"},"inLanguage":"fr-FR","potentialAction":[{"@type":"ReadAction","target":["https:\/\/www.organisator.ch\/sustainability\/2019-11-19\/usa-konzerne-stellen-export-von-plastikabfall-ein\/"]}]},{"@type":"ImageObject","inLanguage":"fr-FR","@id":"https:\/\/www.organisator.ch\/sustainability\/2019-11-19\/usa-konzerne-stellen-export-von-plastikabfall-ein\/#primaryimage","url":"https:\/\/www.organisator.ch\/wp-content\/uploads\/2019\/11\/plastikabfall-greenpeace-usa-UP-Umwelt-Perspektiven.jpg","contentUrl":"https:\/\/www.organisator.ch\/wp-content\/uploads\/2019\/11\/plastikabfall-greenpeace-usa-UP-Umwelt-Perspektiven.jpg","width":600,"height":399,"caption":"Endlich krebsen gr\u00f6ssere US-Konzerne zur\u00fcck und vermeiden den Export von Plastik in andere Weltregionen. (Bild: greenpeace)"},{"@type":"BreadcrumbList","@id":"https:\/\/www.organisator.ch\/sustainability\/2019-11-19\/usa-konzerne-stellen-export-von-plastikabfall-ein\/#breadcrumb","itemListElement":[{"@type":"ListItem","position":1,"name":"Home","item":"https:\/\/www.organisator.ch\/"},{"@type":"ListItem","position":2,"name":"USA Konzerne stellen Export von Plastikabfall ein"}]},{"@type":"WebSite","@id":"https:\/\/www.organisator.ch\/#website","url":"https:\/\/www.organisator.ch\/","name":"Organisateur","description":"Comp\u00e9tence et comp\u00e9tence. Proches de la pratique. L'ORGANISATEUR pr\u00e9pare 10 num\u00e9ros par an sur les th\u00e8mes essentiels pour les dirigeants de PME.","publisher":{"@id":"https:\/\/www.organisator.ch\/#organization"},"potentialAction":[{"@type":"SearchAction","target":{"@type":"EntryPoint","urlTemplate":"https:\/\/www.organisator.ch\/?s={search_term_string}"},"query-input":{"@type":"PropertyValueSpecification","valueRequired":true,"valueName":"search_term_string"}}],"inLanguage":"fr-FR"},{"@type":"Organization","@id":"https:\/\/www.organisator.ch\/#organization","name":"Organisateur","url":"https:\/\/www.organisator.ch\/","logo":{"@type":"ImageObject","inLanguage":"fr-FR","@id":"https:\/\/www.organisator.ch\/#\/schema\/logo\/image\/","url":"https:\/\/www.organisator.ch\/wp-content\/uploads\/2022\/01\/Logo_Organisator_Website.png","contentUrl":"https:\/\/www.organisator.ch\/wp-content\/uploads\/2022\/01\/Logo_Organisator_Website.png","width":800,"height":77,"caption":"Organisator"},"image":{"@id":"https:\/\/www.organisator.ch\/#\/schema\/logo\/image\/"},"sameAs":["https:\/\/www.facebook.com\/OrganisatorFachmagazin","https:\/\/www.linkedin.com\/showcase\/organisator-das-magazin-fr-kmu","https:\/\/www.xing.com\/news\/pages\/organisator-ch-695","https:\/\/www.youtube.com\/channel\/UCGP2Sq0iWaZwT3BdIAQFYpw"]},{"@type":"Person","@id":"https:\/\/www.organisator.ch\/#\/schema\/person\/134708ca9321c57b0362cceb7948ffbd","name":"michael.merz","image":{"@type":"ImageObject","inLanguage":"fr-FR","@id":"https:\/\/secure.gravatar.com\/avatar\/?s=96&d=mm&r=g","url":"https:\/\/secure.gravatar.com\/avatar\/?s=96&d=mm&r=g","contentUrl":"https:\/\/secure.gravatar.com\/avatar\/?s=96&d=mm&r=g","caption":"michael.merz"},"url":"https:\/\/www.organisator.ch\/fr\/author\/michael-merz\/"}]}},"_links":{"self":[{"href":"https:\/\/www.organisator.ch\/fr\/wp-json\/wp\/v2\/posts\/2634","targetHints":{"allow":["GET"]}}],"collection":[{"href":"https:\/\/www.organisator.ch\/fr\/wp-json\/wp\/v2\/posts"}],"about":[{"href":"https:\/\/www.organisator.ch\/fr\/wp-json\/wp\/v2\/types\/post"}],"author":[{"embeddable":true,"href":"https:\/\/www.organisator.ch\/fr\/wp-json\/wp\/v2\/users\/5"}],"replies":[{"embeddable":true,"href":"https:\/\/www.organisator.ch\/fr\/wp-json\/wp\/v2\/comments?post=2634"}],"version-history":[{"count":1,"href":"https:\/\/www.organisator.ch\/fr\/wp-json\/wp\/v2\/posts\/2634\/revisions"}],"predecessor-version":[{"id":10403,"href":"https:\/\/www.organisator.ch\/fr\/wp-json\/wp\/v2\/posts\/2634\/revisions\/10403"}],"wp:featuredmedia":[{"embeddable":true,"href":"https:\/\/www.organisator.ch\/fr\/wp-json\/wp\/v2\/media\/2635"}],"wp:attachment":[{"href":"https:\/\/www.organisator.ch\/fr\/wp-json\/wp\/v2\/media?parent=2634"}],"wp:term":[{"taxonomy":"category","embeddable":true,"href":"https:\/\/www.organisator.ch\/fr\/wp-json\/wp\/v2\/categories?post=2634"},{"taxonomy":"post_tag","embeddable":true,"href":"https:\/\/www.organisator.ch\/fr\/wp-json\/wp\/v2\/tags?post=2634"}],"curies":[{"name":"wp","href":"https:\/\/api.w.org\/{rel}","templated":true}]}}