{"id":26350,"date":"2024-04-21T13:20:42","date_gmt":"2024-04-21T11:20:42","guid":{"rendered":"https:\/\/www.organisator.ch\/de\/?p=26350"},"modified":"2024-04-11T14:35:29","modified_gmt":"2024-04-11T12:35:29","slug":"geschaeftsreisen-comeback-und-neue-alte-lieblingsziele","status":"publish","type":"post","link":"https:\/\/www.organisator.ch\/fr\/human-resources\/2024-04-21\/geschaeftsreisen-comeback-und-neue-alte-lieblingsziele\/","title":{"rendered":"Les voyages d'affaires : Retour en force et nouvelles (anciennes) destinations favorites"},"content":{"rendered":"<div class=\"swpm-post-not-logged-in-msg\">Vous devez \u00eatre connect\u00e9 pour voir ce contenu. Veuillez <a class=\"swpm-login-link\" href=\"https:\/\/www.organisator.ch\/login\/\">Se connecter<\/a>. Pas un membre ? <a href=\"https:\/\/www.organisator.ch\/shop\/\">Nous Rejoindre<\/a><\/div>","protected":false},"excerpt":{"rendered":"<p>Malgr\u00e9 les efforts d'\u00e9conomie et l'utilisation croissante de r\u00e9unions virtuelles, les voyages d'affaires restent d\u00e9cisifs pour les entreprises suisses afin d'entretenir des relations. C'est ce que montre l'analyse des transactions de billets d'avion dans le \"AirPlus Business Travel Index\". <\/p>","protected":false},"author":1,"featured_media":26349,"comment_status":"closed","ping_status":"closed","sticky":false,"template":"","format":"standard","meta":{"_acf_changed":false,"_yoast_wpseo_focuskw":"Lieblingsziele","_yoast_wpseo_metadesc":"Eine Analyse von Flugtickettransaktionen im \"AirPlus Business Travel Index\" zeigt neue und alte Lieblingsziele von Gesch\u00e4ftsreisen.","articlekey":"93382","footnotes":""},"categories":[578,579],"tags":[107,239,280,459],"class_list":["post-26350","post","type-post","status-publish","format-standard","has-post-thumbnail","hentry","category-abo","category-human-resources","tag-business-travel","tag-geschaeftsreisen","tag-internationalisierung","tag-studie"],"acf":[],"yoast_head":"<!-- This site is optimized with the Yoast SEO plugin v27.5 - https:\/\/yoast.com\/product\/yoast-seo-wordpress\/ -->\n<title>Gesch\u00e4ftsreisen: Comeback und neue (alte) Lieblingsziele - Organisator<\/title>\n<meta name=\"description\" content=\"Eine Analyse von Flugtickettransaktionen im &quot;AirPlus Business Travel Index&quot; zeigt neue und alte Lieblingsziele von Gesch\u00e4ftsreisen.\" \/>\n<meta name=\"robots\" content=\"index, follow, max-snippet:-1, max-image-preview:large, max-video-preview:-1\" \/>\n<link rel=\"canonical\" href=\"https:\/\/www.organisator.ch\/fr\/ressources-humaines\/2024-04-21\/geschaeftsreisen-comeback-und-neue-alte-lieblingsziele\/\" \/>\n<meta property=\"og:locale\" content=\"fr_FR\" \/>\n<meta property=\"og:type\" content=\"article\" \/>\n<meta property=\"og:title\" content=\"Gesch\u00e4ftsreisen: Comeback und neue (alte) Lieblingsziele - Organisator\" \/>\n<meta property=\"og:description\" content=\"Eine Analyse von Flugtickettransaktionen im &quot;AirPlus Business Travel Index&quot; zeigt neue und alte Lieblingsziele von Gesch\u00e4ftsreisen.\" \/>\n<meta property=\"og:url\" content=\"https:\/\/www.organisator.ch\/fr\/ressources-humaines\/2024-04-21\/geschaeftsreisen-comeback-und-neue-alte-lieblingsziele\/\" \/>\n<meta property=\"og:site_name\" content=\"Organisator\" \/>\n<meta property=\"article:publisher\" content=\"https:\/\/www.facebook.com\/OrganisatorFachmagazin\" \/>\n<meta property=\"article:published_time\" content=\"2024-04-21T11:20:42+00:00\" \/>\n<meta property=\"og:image\" content=\"https:\/\/www.organisator.ch\/wp-content\/uploads\/2024\/04\/HRM_Geschaeftsreisen_Adelisa_Andy_Stehrenberger_Interview-Bild_1_organisator_93389.jpg\" \/>\n\t<meta property=\"og:image:width\" content=\"377\" \/>\n\t<meta property=\"og:image:height\" content=\"419\" \/>\n\t<meta property=\"og:image:type\" content=\"image\/jpeg\" \/>\n<meta name=\"author\" content=\"admin\" \/>\n<meta name=\"twitter:card\" content=\"summary_large_image\" \/>\n<script type=\"application\/ld+json\" class=\"yoast-schema-graph\">{\"@context\":\"https:\\\/\\\/schema.org\",\"@graph\":[{\"@type\":\"Article\",\"@id\":\"https:\\\/\\\/www.organisator.ch\\\/human-resources\\\/2024-04-21\\\/geschaeftsreisen-comeback-und-neue-alte-lieblingsziele\\\/#article\",\"isPartOf\":{\"@id\":\"https:\\\/\\\/www.organisator.ch\\\/human-resources\\\/2024-04-21\\\/geschaeftsreisen-comeback-und-neue-alte-lieblingsziele\\\/\"},\"author\":{\"name\":\"admin\",\"@id\":\"https:\\\/\\\/www.organisator.ch\\\/#\\\/schema\\\/person\\\/aa2bace6c5c5aad60102004a50c4eb1c\"},\"headline\":\"Gesch\u00e4ftsreisen: Comeback und neue (alte) Lieblingsziele\",\"datePublished\":\"2024-04-21T11:20:42+00:00\",\"mainEntityOfPage\":{\"@id\":\"https:\\\/\\\/www.organisator.ch\\\/human-resources\\\/2024-04-21\\\/geschaeftsreisen-comeback-und-neue-alte-lieblingsziele\\\/\"},\"wordCount\":1083,\"publisher\":{\"@id\":\"https:\\\/\\\/www.organisator.ch\\\/#organization\"},\"image\":{\"@id\":\"https:\\\/\\\/www.organisator.ch\\\/human-resources\\\/2024-04-21\\\/geschaeftsreisen-comeback-und-neue-alte-lieblingsziele\\\/#primaryimage\"},\"thumbnailUrl\":\"https:\\\/\\\/www.organisator.ch\\\/wp-content\\\/uploads\\\/2024\\\/04\\\/HRM_Geschaeftsreisen_Adelisa_Andy_Stehrenberger_Interview-Bild_1_organisator_93389.jpg\",\"keywords\":[\"Business Travel\",\"Gesch\u00e4ftsreisen\",\"Internationalisierung\",\"Studie\"],\"articleSection\":[\"ABO+\",\"HUMAN RESOURCES\"],\"inLanguage\":\"fr-FR\"},{\"@type\":\"WebPage\",\"@id\":\"https:\\\/\\\/www.organisator.ch\\\/human-resources\\\/2024-04-21\\\/geschaeftsreisen-comeback-und-neue-alte-lieblingsziele\\\/\",\"url\":\"https:\\\/\\\/www.organisator.ch\\\/human-resources\\\/2024-04-21\\\/geschaeftsreisen-comeback-und-neue-alte-lieblingsziele\\\/\",\"name\":\"Gesch\u00e4ftsreisen: Comeback und neue (alte) Lieblingsziele - Organisator\",\"isPartOf\":{\"@id\":\"https:\\\/\\\/www.organisator.ch\\\/#website\"},\"primaryImageOfPage\":{\"@id\":\"https:\\\/\\\/www.organisator.ch\\\/human-resources\\\/2024-04-21\\\/geschaeftsreisen-comeback-und-neue-alte-lieblingsziele\\\/#primaryimage\"},\"image\":{\"@id\":\"https:\\\/\\\/www.organisator.ch\\\/human-resources\\\/2024-04-21\\\/geschaeftsreisen-comeback-und-neue-alte-lieblingsziele\\\/#primaryimage\"},\"thumbnailUrl\":\"https:\\\/\\\/www.organisator.ch\\\/wp-content\\\/uploads\\\/2024\\\/04\\\/HRM_Geschaeftsreisen_Adelisa_Andy_Stehrenberger_Interview-Bild_1_organisator_93389.jpg\",\"datePublished\":\"2024-04-21T11:20:42+00:00\",\"description\":\"Eine Analyse von Flugtickettransaktionen im \\\"AirPlus Business Travel Index\\\" zeigt neue und alte Lieblingsziele von Gesch\u00e4ftsreisen.\",\"breadcrumb\":{\"@id\":\"https:\\\/\\\/www.organisator.ch\\\/human-resources\\\/2024-04-21\\\/geschaeftsreisen-comeback-und-neue-alte-lieblingsziele\\\/#breadcrumb\"},\"inLanguage\":\"fr-FR\",\"potentialAction\":[{\"@type\":\"ReadAction\",\"target\":[\"https:\\\/\\\/www.organisator.ch\\\/human-resources\\\/2024-04-21\\\/geschaeftsreisen-comeback-und-neue-alte-lieblingsziele\\\/\"]}]},{\"@type\":\"ImageObject\",\"inLanguage\":\"fr-FR\",\"@id\":\"https:\\\/\\\/www.organisator.ch\\\/human-resources\\\/2024-04-21\\\/geschaeftsreisen-comeback-und-neue-alte-lieblingsziele\\\/#primaryimage\",\"url\":\"https:\\\/\\\/www.organisator.ch\\\/wp-content\\\/uploads\\\/2024\\\/04\\\/HRM_Geschaeftsreisen_Adelisa_Andy_Stehrenberger_Interview-Bild_1_organisator_93389.jpg\",\"contentUrl\":\"https:\\\/\\\/www.organisator.ch\\\/wp-content\\\/uploads\\\/2024\\\/04\\\/HRM_Geschaeftsreisen_Adelisa_Andy_Stehrenberger_Interview-Bild_1_organisator_93389.jpg\",\"width\":377,\"height\":419,\"caption\":\"Andy Stehrenberger \u2013 Managing Director von AirPlus International in der Schweiz. \u00a9 Airplus International\"},{\"@type\":\"BreadcrumbList\",\"@id\":\"https:\\\/\\\/www.organisator.ch\\\/human-resources\\\/2024-04-21\\\/geschaeftsreisen-comeback-und-neue-alte-lieblingsziele\\\/#breadcrumb\",\"itemListElement\":[{\"@type\":\"ListItem\",\"position\":1,\"name\":\"Home\",\"item\":\"https:\\\/\\\/www.organisator.ch\\\/\"},{\"@type\":\"ListItem\",\"position\":2,\"name\":\"Gesch\u00e4ftsreisen: Comeback und neue (alte) Lieblingsziele\"}]},{\"@type\":\"WebSite\",\"@id\":\"https:\\\/\\\/www.organisator.ch\\\/#website\",\"url\":\"https:\\\/\\\/www.organisator.ch\\\/\",\"name\":\"Organisator\",\"description\":\"Kompetent. Praxisnah. Der ORGANISATOR bereitet in 10 Ausgaben pro Jahr die wesentlichen Themen f\u00fcr F\u00fchrungskr\u00e4fte von KMU auf.\",\"publisher\":{\"@id\":\"https:\\\/\\\/www.organisator.ch\\\/#organization\"},\"potentialAction\":[{\"@type\":\"SearchAction\",\"target\":{\"@type\":\"EntryPoint\",\"urlTemplate\":\"https:\\\/\\\/www.organisator.ch\\\/?s={search_term_string}\"},\"query-input\":{\"@type\":\"PropertyValueSpecification\",\"valueRequired\":true,\"valueName\":\"search_term_string\"}}],\"inLanguage\":\"fr-FR\"},{\"@type\":\"Organization\",\"@id\":\"https:\\\/\\\/www.organisator.ch\\\/#organization\",\"name\":\"Organisator\",\"url\":\"https:\\\/\\\/www.organisator.ch\\\/\",\"logo\":{\"@type\":\"ImageObject\",\"inLanguage\":\"fr-FR\",\"@id\":\"https:\\\/\\\/www.organisator.ch\\\/#\\\/schema\\\/logo\\\/image\\\/\",\"url\":\"https:\\\/\\\/www.organisator.ch\\\/wp-content\\\/uploads\\\/2022\\\/01\\\/Logo_Organisator_Website.png\",\"contentUrl\":\"https:\\\/\\\/www.organisator.ch\\\/wp-content\\\/uploads\\\/2022\\\/01\\\/Logo_Organisator_Website.png\",\"width\":800,\"height\":77,\"caption\":\"Organisator\"},\"image\":{\"@id\":\"https:\\\/\\\/www.organisator.ch\\\/#\\\/schema\\\/logo\\\/image\\\/\"},\"sameAs\":[\"https:\\\/\\\/www.facebook.com\\\/OrganisatorFachmagazin\",\"https:\\\/\\\/www.linkedin.com\\\/showcase\\\/organisator-das-magazin-fr-kmu\",\"https:\\\/\\\/www.xing.com\\\/news\\\/pages\\\/organisator-ch-695\",\"https:\\\/\\\/www.youtube.com\\\/channel\\\/UCGP2Sq0iWaZwT3BdIAQFYpw\"]},{\"@type\":\"Person\",\"@id\":\"https:\\\/\\\/www.organisator.ch\\\/#\\\/schema\\\/person\\\/aa2bace6c5c5aad60102004a50c4eb1c\",\"name\":\"admin\",\"image\":{\"@type\":\"ImageObject\",\"inLanguage\":\"fr-FR\",\"@id\":\"https:\\\/\\\/secure.gravatar.com\\\/avatar\\\/ae2f4d718e6c49043e314ce431e7e645d646302a24a5ef5a8bc8e3f5a032e319?s=96&d=mm&r=g\",\"url\":\"https:\\\/\\\/secure.gravatar.com\\\/avatar\\\/ae2f4d718e6c49043e314ce431e7e645d646302a24a5ef5a8bc8e3f5a032e319?s=96&d=mm&r=g\",\"contentUrl\":\"https:\\\/\\\/secure.gravatar.com\\\/avatar\\\/ae2f4d718e6c49043e314ce431e7e645d646302a24a5ef5a8bc8e3f5a032e319?s=96&d=mm&r=g\",\"caption\":\"admin\"},\"sameAs\":[\"https:\\\/\\\/www.organisator.ch\"],\"url\":\"https:\\\/\\\/www.organisator.ch\\\/fr\\\/author\\\/admin\\\/\"}]}<\/script>\n<!-- \/ Yoast SEO plugin. -->","yoast_head_json":{"title":"Les voyages d'affaires : Retour en force et nouvelles (anciennes) destinations favorites - Organisateur","description":"Une analyse des transactions de billets d'avion dans le \"AirPlus Business Travel Index\" r\u00e9v\u00e8le les nouvelles et anciennes destinations favorites des voyages d'affaires.","robots":{"index":"index","follow":"follow","max-snippet":"max-snippet:-1","max-image-preview":"max-image-preview:large","max-video-preview":"max-video-preview:-1"},"canonical":"https:\/\/www.organisator.ch\/fr\/ressources-humaines\/2024-04-21\/geschaeftsreisen-comeback-und-neue-alte-lieblingsziele\/","og_locale":"fr_FR","og_type":"article","og_title":"Gesch\u00e4ftsreisen: Comeback und neue (alte) Lieblingsziele - Organisator","og_description":"Eine Analyse von Flugtickettransaktionen im \"AirPlus Business Travel Index\" zeigt neue und alte Lieblingsziele von Gesch\u00e4ftsreisen.","og_url":"https:\/\/www.organisator.ch\/fr\/ressources-humaines\/2024-04-21\/geschaeftsreisen-comeback-und-neue-alte-lieblingsziele\/","og_site_name":"Organisator","article_publisher":"https:\/\/www.facebook.com\/OrganisatorFachmagazin","article_published_time":"2024-04-21T11:20:42+00:00","og_image":[{"width":377,"height":419,"url":"https:\/\/www.organisator.ch\/wp-content\/uploads\/2024\/04\/HRM_Geschaeftsreisen_Adelisa_Andy_Stehrenberger_Interview-Bild_1_organisator_93389.jpg","type":"image\/jpeg"}],"author":"admin","twitter_card":"summary_large_image","schema":{"@context":"https:\/\/schema.org","@graph":[{"@type":"Article","@id":"https:\/\/www.organisator.ch\/human-resources\/2024-04-21\/geschaeftsreisen-comeback-und-neue-alte-lieblingsziele\/#article","isPartOf":{"@id":"https:\/\/www.organisator.ch\/human-resources\/2024-04-21\/geschaeftsreisen-comeback-und-neue-alte-lieblingsziele\/"},"author":{"name":"admin","@id":"https:\/\/www.organisator.ch\/#\/schema\/person\/aa2bace6c5c5aad60102004a50c4eb1c"},"headline":"Gesch\u00e4ftsreisen: Comeback und neue (alte) Lieblingsziele","datePublished":"2024-04-21T11:20:42+00:00","mainEntityOfPage":{"@id":"https:\/\/www.organisator.ch\/human-resources\/2024-04-21\/geschaeftsreisen-comeback-und-neue-alte-lieblingsziele\/"},"wordCount":1083,"publisher":{"@id":"https:\/\/www.organisator.ch\/#organization"},"image":{"@id":"https:\/\/www.organisator.ch\/human-resources\/2024-04-21\/geschaeftsreisen-comeback-und-neue-alte-lieblingsziele\/#primaryimage"},"thumbnailUrl":"https:\/\/www.organisator.ch\/wp-content\/uploads\/2024\/04\/HRM_Geschaeftsreisen_Adelisa_Andy_Stehrenberger_Interview-Bild_1_organisator_93389.jpg","keywords":["Business Travel","Gesch\u00e4ftsreisen","Internationalisierung","Studie"],"articleSection":["ABO+","HUMAN RESOURCES"],"inLanguage":"fr-FR"},{"@type":"WebPage","@id":"https:\/\/www.organisator.ch\/human-resources\/2024-04-21\/geschaeftsreisen-comeback-und-neue-alte-lieblingsziele\/","url":"https:\/\/www.organisator.ch\/human-resources\/2024-04-21\/geschaeftsreisen-comeback-und-neue-alte-lieblingsziele\/","name":"Les voyages d'affaires : Retour en force et nouvelles (anciennes) destinations favorites - Organisateur","isPartOf":{"@id":"https:\/\/www.organisator.ch\/#website"},"primaryImageOfPage":{"@id":"https:\/\/www.organisator.ch\/human-resources\/2024-04-21\/geschaeftsreisen-comeback-und-neue-alte-lieblingsziele\/#primaryimage"},"image":{"@id":"https:\/\/www.organisator.ch\/human-resources\/2024-04-21\/geschaeftsreisen-comeback-und-neue-alte-lieblingsziele\/#primaryimage"},"thumbnailUrl":"https:\/\/www.organisator.ch\/wp-content\/uploads\/2024\/04\/HRM_Geschaeftsreisen_Adelisa_Andy_Stehrenberger_Interview-Bild_1_organisator_93389.jpg","datePublished":"2024-04-21T11:20:42+00:00","description":"Une analyse des transactions de billets d'avion dans le \"AirPlus Business Travel Index\" r\u00e9v\u00e8le les nouvelles et anciennes destinations favorites des voyages d'affaires.","breadcrumb":{"@id":"https:\/\/www.organisator.ch\/human-resources\/2024-04-21\/geschaeftsreisen-comeback-und-neue-alte-lieblingsziele\/#breadcrumb"},"inLanguage":"fr-FR","potentialAction":[{"@type":"ReadAction","target":["https:\/\/www.organisator.ch\/human-resources\/2024-04-21\/geschaeftsreisen-comeback-und-neue-alte-lieblingsziele\/"]}]},{"@type":"ImageObject","inLanguage":"fr-FR","@id":"https:\/\/www.organisator.ch\/human-resources\/2024-04-21\/geschaeftsreisen-comeback-und-neue-alte-lieblingsziele\/#primaryimage","url":"https:\/\/www.organisator.ch\/wp-content\/uploads\/2024\/04\/HRM_Geschaeftsreisen_Adelisa_Andy_Stehrenberger_Interview-Bild_1_organisator_93389.jpg","contentUrl":"https:\/\/www.organisator.ch\/wp-content\/uploads\/2024\/04\/HRM_Geschaeftsreisen_Adelisa_Andy_Stehrenberger_Interview-Bild_1_organisator_93389.jpg","width":377,"height":419,"caption":"Andy Stehrenberger \u2013 Managing Director von AirPlus International in der Schweiz. \u00a9 Airplus International"},{"@type":"BreadcrumbList","@id":"https:\/\/www.organisator.ch\/human-resources\/2024-04-21\/geschaeftsreisen-comeback-und-neue-alte-lieblingsziele\/#breadcrumb","itemListElement":[{"@type":"ListItem","position":1,"name":"Home","item":"https:\/\/www.organisator.ch\/"},{"@type":"ListItem","position":2,"name":"Gesch\u00e4ftsreisen: Comeback und neue (alte) Lieblingsziele"}]},{"@type":"WebSite","@id":"https:\/\/www.organisator.ch\/#website","url":"https:\/\/www.organisator.ch\/","name":"Organisateur","description":"Comp\u00e9tence et comp\u00e9tence. Proches de la pratique. L'ORGANISATEUR pr\u00e9pare 10 num\u00e9ros par an sur les th\u00e8mes essentiels pour les dirigeants de PME.","publisher":{"@id":"https:\/\/www.organisator.ch\/#organization"},"potentialAction":[{"@type":"SearchAction","target":{"@type":"EntryPoint","urlTemplate":"https:\/\/www.organisator.ch\/?s={search_term_string}"},"query-input":{"@type":"PropertyValueSpecification","valueRequired":true,"valueName":"search_term_string"}}],"inLanguage":"fr-FR"},{"@type":"Organization","@id":"https:\/\/www.organisator.ch\/#organization","name":"Organisateur","url":"https:\/\/www.organisator.ch\/","logo":{"@type":"ImageObject","inLanguage":"fr-FR","@id":"https:\/\/www.organisator.ch\/#\/schema\/logo\/image\/","url":"https:\/\/www.organisator.ch\/wp-content\/uploads\/2022\/01\/Logo_Organisator_Website.png","contentUrl":"https:\/\/www.organisator.ch\/wp-content\/uploads\/2022\/01\/Logo_Organisator_Website.png","width":800,"height":77,"caption":"Organisator"},"image":{"@id":"https:\/\/www.organisator.ch\/#\/schema\/logo\/image\/"},"sameAs":["https:\/\/www.facebook.com\/OrganisatorFachmagazin","https:\/\/www.linkedin.com\/showcase\/organisator-das-magazin-fr-kmu","https:\/\/www.xing.com\/news\/pages\/organisator-ch-695","https:\/\/www.youtube.com\/channel\/UCGP2Sq0iWaZwT3BdIAQFYpw"]},{"@type":"Person","@id":"https:\/\/www.organisator.ch\/#\/schema\/person\/aa2bace6c5c5aad60102004a50c4eb1c","name":"admin","image":{"@type":"ImageObject","inLanguage":"fr-FR","@id":"https:\/\/secure.gravatar.com\/avatar\/ae2f4d718e6c49043e314ce431e7e645d646302a24a5ef5a8bc8e3f5a032e319?s=96&d=mm&r=g","url":"https:\/\/secure.gravatar.com\/avatar\/ae2f4d718e6c49043e314ce431e7e645d646302a24a5ef5a8bc8e3f5a032e319?s=96&d=mm&r=g","contentUrl":"https:\/\/secure.gravatar.com\/avatar\/ae2f4d718e6c49043e314ce431e7e645d646302a24a5ef5a8bc8e3f5a032e319?s=96&d=mm&r=g","caption":"admin"},"sameAs":["https:\/\/www.organisator.ch"],"url":"https:\/\/www.organisator.ch\/fr\/author\/admin\/"}]}},"_links":{"self":[{"href":"https:\/\/www.organisator.ch\/fr\/wp-json\/wp\/v2\/posts\/26350","targetHints":{"allow":["GET"]}}],"collection":[{"href":"https:\/\/www.organisator.ch\/fr\/wp-json\/wp\/v2\/posts"}],"about":[{"href":"https:\/\/www.organisator.ch\/fr\/wp-json\/wp\/v2\/types\/post"}],"author":[{"embeddable":true,"href":"https:\/\/www.organisator.ch\/fr\/wp-json\/wp\/v2\/users\/1"}],"replies":[{"embeddable":true,"href":"https:\/\/www.organisator.ch\/fr\/wp-json\/wp\/v2\/comments?post=26350"}],"version-history":[{"count":2,"href":"https:\/\/www.organisator.ch\/fr\/wp-json\/wp\/v2\/posts\/26350\/revisions"}],"predecessor-version":[{"id":26445,"href":"https:\/\/www.organisator.ch\/fr\/wp-json\/wp\/v2\/posts\/26350\/revisions\/26445"}],"wp:featuredmedia":[{"embeddable":true,"href":"https:\/\/www.organisator.ch\/fr\/wp-json\/wp\/v2\/media\/26349"}],"wp:attachment":[{"href":"https:\/\/www.organisator.ch\/fr\/wp-json\/wp\/v2\/media?parent=26350"}],"wp:term":[{"taxonomy":"category","embeddable":true,"href":"https:\/\/www.organisator.ch\/fr\/wp-json\/wp\/v2\/categories?post=26350"},{"taxonomy":"post_tag","embeddable":true,"href":"https:\/\/www.organisator.ch\/fr\/wp-json\/wp\/v2\/tags?post=26350"}],"curies":[{"name":"wp","href":"https:\/\/api.w.org\/{rel}","templated":true}]}}