{"id":26368,"date":"2024-04-20T22:14:12","date_gmt":"2024-04-20T20:14:12","guid":{"rendered":"https:\/\/www.organisator.ch\/de\/?p=26368"},"modified":"2024-04-10T09:20:31","modified_gmt":"2024-04-10T07:20:31","slug":"grenzueberschreitende-geschaeftsreisen","status":"publish","type":"post","link":"https:\/\/www.organisator.ch\/fr\/human-resources\/2024-04-20\/grenzueberschreitende-geschaeftsreisen\/","title":{"rendered":"Voyages d'affaires transfrontaliers"},"content":{"rendered":"<div class=\"swpm-post-not-logged-in-msg\">Vous devez \u00eatre connect\u00e9 pour voir ce contenu. Veuillez <a class=\"swpm-login-link\" href=\"https:\/\/www.organisator.ch\/login\/\">Se connecter<\/a>. Pas un membre ? <a href=\"https:\/\/www.organisator.ch\/shop\/\">Nous Rejoindre<\/a><\/div>","protected":false},"excerpt":{"rendered":"<p>Le monde est un village. Nous voyageons de plus en plus loin en de moins en moins de temps.  De ce fait, la zone de march\u00e9 potentielle s'\u00e9largit \u00e9galement, m\u00eame si la prestation n'est pas fournie exclusivement sous forme num\u00e9rique. N\u00e9anmoins, les d\u00e9fis juridiques et administratifs restent consid\u00e9rables.<\/p>","protected":false},"author":1,"featured_media":26366,"comment_status":"closed","ping_status":"closed","sticky":false,"template":"","format":"standard","meta":{"_acf_changed":false,"_yoast_wpseo_focuskw":"Grenz\u00fcberschreitende Gesch\u00e4ftsreisen","_yoast_wpseo_metadesc":"Reisen ist einfach, trotzdem sind f\u00fcr grenz\u00fcberschreitende Gesch\u00e4ftsreisen die rechtlichen und administrativen Herausforderungen beachtlich.","articlekey":"93505","footnotes":""},"categories":[578,579],"tags":[52,202,239,254],"class_list":["post-26368","post","type-post","status-publish","format-standard","has-post-thumbnail","hentry","category-abo","category-human-resources","tag-arbeitsrecht","tag-finanzenrecht","tag-geschaeftsreisen","tag-hrm"],"acf":[],"yoast_head":"<!-- This site is optimized with the Yoast SEO plugin v27.4 - https:\/\/yoast.com\/product\/yoast-seo-wordpress\/ -->\n<title>Grenz\u00fcberschreitende Gesch\u00e4ftsreisen - Organisator<\/title>\n<meta name=\"description\" content=\"Reisen ist einfach, trotzdem sind f\u00fcr grenz\u00fcberschreitende Gesch\u00e4ftsreisen die rechtlichen und administrativen Herausforderungen beachtlich.\" \/>\n<meta name=\"robots\" content=\"index, follow, max-snippet:-1, max-image-preview:large, max-video-preview:-1\" \/>\n<link rel=\"canonical\" href=\"https:\/\/www.organisator.ch\/fr\/ressources-humaines\/2024-04-20\/grenzueberschreitende-geschaeftsreisen\/\" \/>\n<meta property=\"og:locale\" content=\"fr_FR\" \/>\n<meta property=\"og:type\" content=\"article\" \/>\n<meta property=\"og:title\" content=\"Grenz\u00fcberschreitende Gesch\u00e4ftsreisen - Organisator\" \/>\n<meta property=\"og:description\" content=\"Reisen ist einfach, trotzdem sind f\u00fcr grenz\u00fcberschreitende Gesch\u00e4ftsreisen die rechtlichen und administrativen Herausforderungen beachtlich.\" \/>\n<meta property=\"og:url\" content=\"https:\/\/www.organisator.ch\/fr\/ressources-humaines\/2024-04-20\/grenzueberschreitende-geschaeftsreisen\/\" \/>\n<meta property=\"og:site_name\" content=\"Organisator\" \/>\n<meta property=\"article:publisher\" content=\"https:\/\/www.facebook.com\/OrganisatorFachmagazin\" \/>\n<meta property=\"article:published_time\" content=\"2024-04-20T20:14:12+00:00\" \/>\n<meta property=\"og:image\" content=\"https:\/\/www.organisator.ch\/wp-content\/uploads\/2024\/04\/HRM_Geschaeftsreisen_BDO_Bild_organisator_93522.jpg\" \/>\n\t<meta property=\"og:image:width\" content=\"1384\" \/>\n\t<meta property=\"og:image:height\" content=\"877\" \/>\n\t<meta property=\"og:image:type\" content=\"image\/jpeg\" \/>\n<meta name=\"author\" content=\"admin\" \/>\n<meta name=\"twitter:card\" content=\"summary_large_image\" \/>\n<script type=\"application\/ld+json\" class=\"yoast-schema-graph\">{\"@context\":\"https:\\\/\\\/schema.org\",\"@graph\":[{\"@type\":\"Article\",\"@id\":\"https:\\\/\\\/www.organisator.ch\\\/human-resources\\\/2024-04-20\\\/grenzueberschreitende-geschaeftsreisen\\\/#article\",\"isPartOf\":{\"@id\":\"https:\\\/\\\/www.organisator.ch\\\/human-resources\\\/2024-04-20\\\/grenzueberschreitende-geschaeftsreisen\\\/\"},\"author\":{\"name\":\"admin\",\"@id\":\"https:\\\/\\\/www.organisator.ch\\\/#\\\/schema\\\/person\\\/aa2bace6c5c5aad60102004a50c4eb1c\"},\"headline\":\"Grenz\u00fcberschreitende Gesch\u00e4ftsreisen\",\"datePublished\":\"2024-04-20T20:14:12+00:00\",\"mainEntityOfPage\":{\"@id\":\"https:\\\/\\\/www.organisator.ch\\\/human-resources\\\/2024-04-20\\\/grenzueberschreitende-geschaeftsreisen\\\/\"},\"wordCount\":1170,\"publisher\":{\"@id\":\"https:\\\/\\\/www.organisator.ch\\\/#organization\"},\"image\":{\"@id\":\"https:\\\/\\\/www.organisator.ch\\\/human-resources\\\/2024-04-20\\\/grenzueberschreitende-geschaeftsreisen\\\/#primaryimage\"},\"thumbnailUrl\":\"https:\\\/\\\/www.organisator.ch\\\/wp-content\\\/uploads\\\/2024\\\/04\\\/HRM_Geschaeftsreisen_BDO_Bild_organisator_93522.jpg\",\"keywords\":[\"Arbeitsrecht\",\"Finanzen\\\/Recht\",\"Gesch\u00e4ftsreisen\",\"HRM\"],\"articleSection\":[\"ABO+\",\"HUMAN RESOURCES\"],\"inLanguage\":\"fr-FR\"},{\"@type\":\"WebPage\",\"@id\":\"https:\\\/\\\/www.organisator.ch\\\/human-resources\\\/2024-04-20\\\/grenzueberschreitende-geschaeftsreisen\\\/\",\"url\":\"https:\\\/\\\/www.organisator.ch\\\/human-resources\\\/2024-04-20\\\/grenzueberschreitende-geschaeftsreisen\\\/\",\"name\":\"Grenz\u00fcberschreitende Gesch\u00e4ftsreisen - Organisator\",\"isPartOf\":{\"@id\":\"https:\\\/\\\/www.organisator.ch\\\/#website\"},\"primaryImageOfPage\":{\"@id\":\"https:\\\/\\\/www.organisator.ch\\\/human-resources\\\/2024-04-20\\\/grenzueberschreitende-geschaeftsreisen\\\/#primaryimage\"},\"image\":{\"@id\":\"https:\\\/\\\/www.organisator.ch\\\/human-resources\\\/2024-04-20\\\/grenzueberschreitende-geschaeftsreisen\\\/#primaryimage\"},\"thumbnailUrl\":\"https:\\\/\\\/www.organisator.ch\\\/wp-content\\\/uploads\\\/2024\\\/04\\\/HRM_Geschaeftsreisen_BDO_Bild_organisator_93522.jpg\",\"datePublished\":\"2024-04-20T20:14:12+00:00\",\"description\":\"Reisen ist einfach, trotzdem sind f\u00fcr grenz\u00fcberschreitende Gesch\u00e4ftsreisen die rechtlichen und administrativen Herausforderungen beachtlich.\",\"breadcrumb\":{\"@id\":\"https:\\\/\\\/www.organisator.ch\\\/human-resources\\\/2024-04-20\\\/grenzueberschreitende-geschaeftsreisen\\\/#breadcrumb\"},\"inLanguage\":\"fr-FR\",\"potentialAction\":[{\"@type\":\"ReadAction\",\"target\":[\"https:\\\/\\\/www.organisator.ch\\\/human-resources\\\/2024-04-20\\\/grenzueberschreitende-geschaeftsreisen\\\/\"]}]},{\"@type\":\"ImageObject\",\"inLanguage\":\"fr-FR\",\"@id\":\"https:\\\/\\\/www.organisator.ch\\\/human-resources\\\/2024-04-20\\\/grenzueberschreitende-geschaeftsreisen\\\/#primaryimage\",\"url\":\"https:\\\/\\\/www.organisator.ch\\\/wp-content\\\/uploads\\\/2024\\\/04\\\/HRM_Geschaeftsreisen_BDO_Bild_organisator_93522.jpg\",\"contentUrl\":\"https:\\\/\\\/www.organisator.ch\\\/wp-content\\\/uploads\\\/2024\\\/04\\\/HRM_Geschaeftsreisen_BDO_Bild_organisator_93522.jpg\",\"width\":1384,\"height\":877,\"caption\":\"Auch wer nur kurz gesch\u00e4ftlich ins Ausland verreisen muss, muss Aspekte von Arbeitsbewilligung, Arbeitsrecht, Steuern und Sozialversicherungen beachten. \u00a9 Jonathan Francisca \\\/ Unsplash.com\"},{\"@type\":\"BreadcrumbList\",\"@id\":\"https:\\\/\\\/www.organisator.ch\\\/human-resources\\\/2024-04-20\\\/grenzueberschreitende-geschaeftsreisen\\\/#breadcrumb\",\"itemListElement\":[{\"@type\":\"ListItem\",\"position\":1,\"name\":\"Home\",\"item\":\"https:\\\/\\\/www.organisator.ch\\\/\"},{\"@type\":\"ListItem\",\"position\":2,\"name\":\"Grenz\u00fcberschreitende Gesch\u00e4ftsreisen\"}]},{\"@type\":\"WebSite\",\"@id\":\"https:\\\/\\\/www.organisator.ch\\\/#website\",\"url\":\"https:\\\/\\\/www.organisator.ch\\\/\",\"name\":\"Organisator\",\"description\":\"Kompetent. Praxisnah. Der ORGANISATOR bereitet in 10 Ausgaben pro Jahr die wesentlichen Themen f\u00fcr F\u00fchrungskr\u00e4fte von KMU auf.\",\"publisher\":{\"@id\":\"https:\\\/\\\/www.organisator.ch\\\/#organization\"},\"potentialAction\":[{\"@type\":\"SearchAction\",\"target\":{\"@type\":\"EntryPoint\",\"urlTemplate\":\"https:\\\/\\\/www.organisator.ch\\\/?s={search_term_string}\"},\"query-input\":{\"@type\":\"PropertyValueSpecification\",\"valueRequired\":true,\"valueName\":\"search_term_string\"}}],\"inLanguage\":\"fr-FR\"},{\"@type\":\"Organization\",\"@id\":\"https:\\\/\\\/www.organisator.ch\\\/#organization\",\"name\":\"Organisator\",\"url\":\"https:\\\/\\\/www.organisator.ch\\\/\",\"logo\":{\"@type\":\"ImageObject\",\"inLanguage\":\"fr-FR\",\"@id\":\"https:\\\/\\\/www.organisator.ch\\\/#\\\/schema\\\/logo\\\/image\\\/\",\"url\":\"https:\\\/\\\/www.organisator.ch\\\/wp-content\\\/uploads\\\/2022\\\/01\\\/Logo_Organisator_Website.png\",\"contentUrl\":\"https:\\\/\\\/www.organisator.ch\\\/wp-content\\\/uploads\\\/2022\\\/01\\\/Logo_Organisator_Website.png\",\"width\":800,\"height\":77,\"caption\":\"Organisator\"},\"image\":{\"@id\":\"https:\\\/\\\/www.organisator.ch\\\/#\\\/schema\\\/logo\\\/image\\\/\"},\"sameAs\":[\"https:\\\/\\\/www.facebook.com\\\/OrganisatorFachmagazin\",\"https:\\\/\\\/www.linkedin.com\\\/showcase\\\/organisator-das-magazin-fr-kmu\",\"https:\\\/\\\/www.xing.com\\\/news\\\/pages\\\/organisator-ch-695\",\"https:\\\/\\\/www.youtube.com\\\/channel\\\/UCGP2Sq0iWaZwT3BdIAQFYpw\"]},{\"@type\":\"Person\",\"@id\":\"https:\\\/\\\/www.organisator.ch\\\/#\\\/schema\\\/person\\\/aa2bace6c5c5aad60102004a50c4eb1c\",\"name\":\"admin\",\"image\":{\"@type\":\"ImageObject\",\"inLanguage\":\"fr-FR\",\"@id\":\"https:\\\/\\\/secure.gravatar.com\\\/avatar\\\/ae2f4d718e6c49043e314ce431e7e645d646302a24a5ef5a8bc8e3f5a032e319?s=96&d=mm&r=g\",\"url\":\"https:\\\/\\\/secure.gravatar.com\\\/avatar\\\/ae2f4d718e6c49043e314ce431e7e645d646302a24a5ef5a8bc8e3f5a032e319?s=96&d=mm&r=g\",\"contentUrl\":\"https:\\\/\\\/secure.gravatar.com\\\/avatar\\\/ae2f4d718e6c49043e314ce431e7e645d646302a24a5ef5a8bc8e3f5a032e319?s=96&d=mm&r=g\",\"caption\":\"admin\"},\"sameAs\":[\"https:\\\/\\\/www.organisator.ch\"],\"url\":\"https:\\\/\\\/www.organisator.ch\\\/fr\\\/author\\\/admin\\\/\"}]}<\/script>\n<!-- \/ Yoast SEO plugin. -->","yoast_head_json":{"title":"Voyages d'affaires transfrontaliers - Organisateur","description":"Il est facile de voyager, mais les d\u00e9fis juridiques et administratifs sont consid\u00e9rables pour les voyages d'affaires transfrontaliers.","robots":{"index":"index","follow":"follow","max-snippet":"max-snippet:-1","max-image-preview":"max-image-preview:large","max-video-preview":"max-video-preview:-1"},"canonical":"https:\/\/www.organisator.ch\/fr\/ressources-humaines\/2024-04-20\/grenzueberschreitende-geschaeftsreisen\/","og_locale":"fr_FR","og_type":"article","og_title":"Grenz\u00fcberschreitende Gesch\u00e4ftsreisen - Organisator","og_description":"Reisen ist einfach, trotzdem sind f\u00fcr grenz\u00fcberschreitende Gesch\u00e4ftsreisen die rechtlichen und administrativen Herausforderungen beachtlich.","og_url":"https:\/\/www.organisator.ch\/fr\/ressources-humaines\/2024-04-20\/grenzueberschreitende-geschaeftsreisen\/","og_site_name":"Organisator","article_publisher":"https:\/\/www.facebook.com\/OrganisatorFachmagazin","article_published_time":"2024-04-20T20:14:12+00:00","og_image":[{"width":1384,"height":877,"url":"https:\/\/www.organisator.ch\/wp-content\/uploads\/2024\/04\/HRM_Geschaeftsreisen_BDO_Bild_organisator_93522.jpg","type":"image\/jpeg"}],"author":"admin","twitter_card":"summary_large_image","schema":{"@context":"https:\/\/schema.org","@graph":[{"@type":"Article","@id":"https:\/\/www.organisator.ch\/human-resources\/2024-04-20\/grenzueberschreitende-geschaeftsreisen\/#article","isPartOf":{"@id":"https:\/\/www.organisator.ch\/human-resources\/2024-04-20\/grenzueberschreitende-geschaeftsreisen\/"},"author":{"name":"admin","@id":"https:\/\/www.organisator.ch\/#\/schema\/person\/aa2bace6c5c5aad60102004a50c4eb1c"},"headline":"Grenz\u00fcberschreitende Gesch\u00e4ftsreisen","datePublished":"2024-04-20T20:14:12+00:00","mainEntityOfPage":{"@id":"https:\/\/www.organisator.ch\/human-resources\/2024-04-20\/grenzueberschreitende-geschaeftsreisen\/"},"wordCount":1170,"publisher":{"@id":"https:\/\/www.organisator.ch\/#organization"},"image":{"@id":"https:\/\/www.organisator.ch\/human-resources\/2024-04-20\/grenzueberschreitende-geschaeftsreisen\/#primaryimage"},"thumbnailUrl":"https:\/\/www.organisator.ch\/wp-content\/uploads\/2024\/04\/HRM_Geschaeftsreisen_BDO_Bild_organisator_93522.jpg","keywords":["Arbeitsrecht","Finanzen\/Recht","Gesch\u00e4ftsreisen","HRM"],"articleSection":["ABO+","HUMAN RESOURCES"],"inLanguage":"fr-FR"},{"@type":"WebPage","@id":"https:\/\/www.organisator.ch\/human-resources\/2024-04-20\/grenzueberschreitende-geschaeftsreisen\/","url":"https:\/\/www.organisator.ch\/human-resources\/2024-04-20\/grenzueberschreitende-geschaeftsreisen\/","name":"Voyages d'affaires transfrontaliers - Organisateur","isPartOf":{"@id":"https:\/\/www.organisator.ch\/#website"},"primaryImageOfPage":{"@id":"https:\/\/www.organisator.ch\/human-resources\/2024-04-20\/grenzueberschreitende-geschaeftsreisen\/#primaryimage"},"image":{"@id":"https:\/\/www.organisator.ch\/human-resources\/2024-04-20\/grenzueberschreitende-geschaeftsreisen\/#primaryimage"},"thumbnailUrl":"https:\/\/www.organisator.ch\/wp-content\/uploads\/2024\/04\/HRM_Geschaeftsreisen_BDO_Bild_organisator_93522.jpg","datePublished":"2024-04-20T20:14:12+00:00","description":"Il est facile de voyager, mais les d\u00e9fis juridiques et administratifs sont consid\u00e9rables pour les voyages d'affaires transfrontaliers.","breadcrumb":{"@id":"https:\/\/www.organisator.ch\/human-resources\/2024-04-20\/grenzueberschreitende-geschaeftsreisen\/#breadcrumb"},"inLanguage":"fr-FR","potentialAction":[{"@type":"ReadAction","target":["https:\/\/www.organisator.ch\/human-resources\/2024-04-20\/grenzueberschreitende-geschaeftsreisen\/"]}]},{"@type":"ImageObject","inLanguage":"fr-FR","@id":"https:\/\/www.organisator.ch\/human-resources\/2024-04-20\/grenzueberschreitende-geschaeftsreisen\/#primaryimage","url":"https:\/\/www.organisator.ch\/wp-content\/uploads\/2024\/04\/HRM_Geschaeftsreisen_BDO_Bild_organisator_93522.jpg","contentUrl":"https:\/\/www.organisator.ch\/wp-content\/uploads\/2024\/04\/HRM_Geschaeftsreisen_BDO_Bild_organisator_93522.jpg","width":1384,"height":877,"caption":"Auch wer nur kurz gesch\u00e4ftlich ins Ausland verreisen muss, muss Aspekte von Arbeitsbewilligung, Arbeitsrecht, Steuern und Sozialversicherungen beachten. \u00a9 Jonathan Francisca \/ Unsplash.com"},{"@type":"BreadcrumbList","@id":"https:\/\/www.organisator.ch\/human-resources\/2024-04-20\/grenzueberschreitende-geschaeftsreisen\/#breadcrumb","itemListElement":[{"@type":"ListItem","position":1,"name":"Home","item":"https:\/\/www.organisator.ch\/"},{"@type":"ListItem","position":2,"name":"Grenz\u00fcberschreitende Gesch\u00e4ftsreisen"}]},{"@type":"WebSite","@id":"https:\/\/www.organisator.ch\/#website","url":"https:\/\/www.organisator.ch\/","name":"Organisateur","description":"Comp\u00e9tence et comp\u00e9tence. Proches de la pratique. L'ORGANISATEUR pr\u00e9pare 10 num\u00e9ros par an sur les th\u00e8mes essentiels pour les dirigeants de PME.","publisher":{"@id":"https:\/\/www.organisator.ch\/#organization"},"potentialAction":[{"@type":"SearchAction","target":{"@type":"EntryPoint","urlTemplate":"https:\/\/www.organisator.ch\/?s={search_term_string}"},"query-input":{"@type":"PropertyValueSpecification","valueRequired":true,"valueName":"search_term_string"}}],"inLanguage":"fr-FR"},{"@type":"Organization","@id":"https:\/\/www.organisator.ch\/#organization","name":"Organisateur","url":"https:\/\/www.organisator.ch\/","logo":{"@type":"ImageObject","inLanguage":"fr-FR","@id":"https:\/\/www.organisator.ch\/#\/schema\/logo\/image\/","url":"https:\/\/www.organisator.ch\/wp-content\/uploads\/2022\/01\/Logo_Organisator_Website.png","contentUrl":"https:\/\/www.organisator.ch\/wp-content\/uploads\/2022\/01\/Logo_Organisator_Website.png","width":800,"height":77,"caption":"Organisator"},"image":{"@id":"https:\/\/www.organisator.ch\/#\/schema\/logo\/image\/"},"sameAs":["https:\/\/www.facebook.com\/OrganisatorFachmagazin","https:\/\/www.linkedin.com\/showcase\/organisator-das-magazin-fr-kmu","https:\/\/www.xing.com\/news\/pages\/organisator-ch-695","https:\/\/www.youtube.com\/channel\/UCGP2Sq0iWaZwT3BdIAQFYpw"]},{"@type":"Person","@id":"https:\/\/www.organisator.ch\/#\/schema\/person\/aa2bace6c5c5aad60102004a50c4eb1c","name":"admin","image":{"@type":"ImageObject","inLanguage":"fr-FR","@id":"https:\/\/secure.gravatar.com\/avatar\/ae2f4d718e6c49043e314ce431e7e645d646302a24a5ef5a8bc8e3f5a032e319?s=96&d=mm&r=g","url":"https:\/\/secure.gravatar.com\/avatar\/ae2f4d718e6c49043e314ce431e7e645d646302a24a5ef5a8bc8e3f5a032e319?s=96&d=mm&r=g","contentUrl":"https:\/\/secure.gravatar.com\/avatar\/ae2f4d718e6c49043e314ce431e7e645d646302a24a5ef5a8bc8e3f5a032e319?s=96&d=mm&r=g","caption":"admin"},"sameAs":["https:\/\/www.organisator.ch"],"url":"https:\/\/www.organisator.ch\/fr\/author\/admin\/"}]}},"_links":{"self":[{"href":"https:\/\/www.organisator.ch\/fr\/wp-json\/wp\/v2\/posts\/26368","targetHints":{"allow":["GET"]}}],"collection":[{"href":"https:\/\/www.organisator.ch\/fr\/wp-json\/wp\/v2\/posts"}],"about":[{"href":"https:\/\/www.organisator.ch\/fr\/wp-json\/wp\/v2\/types\/post"}],"author":[{"embeddable":true,"href":"https:\/\/www.organisator.ch\/fr\/wp-json\/wp\/v2\/users\/1"}],"replies":[{"embeddable":true,"href":"https:\/\/www.organisator.ch\/fr\/wp-json\/wp\/v2\/comments?post=26368"}],"version-history":[{"count":2,"href":"https:\/\/www.organisator.ch\/fr\/wp-json\/wp\/v2\/posts\/26368\/revisions"}],"predecessor-version":[{"id":26395,"href":"https:\/\/www.organisator.ch\/fr\/wp-json\/wp\/v2\/posts\/26368\/revisions\/26395"}],"wp:featuredmedia":[{"embeddable":true,"href":"https:\/\/www.organisator.ch\/fr\/wp-json\/wp\/v2\/media\/26366"}],"wp:attachment":[{"href":"https:\/\/www.organisator.ch\/fr\/wp-json\/wp\/v2\/media?parent=26368"}],"wp:term":[{"taxonomy":"category","embeddable":true,"href":"https:\/\/www.organisator.ch\/fr\/wp-json\/wp\/v2\/categories?post=26368"},{"taxonomy":"post_tag","embeddable":true,"href":"https:\/\/www.organisator.ch\/fr\/wp-json\/wp\/v2\/tags?post=26368"}],"curies":[{"name":"wp","href":"https:\/\/api.w.org\/{rel}","templated":true}]}}