{"id":2637,"date":"2017-11-01T08:37:57","date_gmt":"2017-11-01T07:37:57","guid":{"rendered":"https:\/\/www.organisator.ch\/?p=2637"},"modified":"2017-11-01T08:37:57","modified_gmt":"2017-11-01T07:37:57","slug":"swiss-green-economy-symposium-nachhaltigkeit-ist-ein-bedeutender-wirtschaftsfaktor-geworden","status":"publish","type":"post","link":"https:\/\/www.organisator.ch\/fr\/management\/2017-11-01\/swiss-green-economy-symposium-nachhaltigkeit-ist-ein-bedeutender-wirtschaftsfaktor-geworden\/","title":{"rendered":"Swiss Green Economy Symposium : La durabilit\u00e9 est devenue un facteur \u00e9conomique important"},"content":{"rendered":"<figure id=\"attachment_2638\" aria-describedby=\"caption-attachment-2638\" style=\"width: 640px\" class=\"wp-caption alignnone\"><img loading=\"lazy\" decoding=\"async\" class=\"size-full wp-image-2638\" src=\"https:\/\/www.organisator.ch\/wp-content\/uploads\/2017\/11\/Swiss-Green-Economy-Symposium-Nachhaltigkeit-ist-ein-bedeutender-Wirtschaftsfaktor-geworden_Organisator.jpg\" alt=\"\" width=\"640\" height=\"427\" srcset=\"https:\/\/www.organisator.ch\/wp-content\/uploads\/2017\/11\/Swiss-Green-Economy-Symposium-Nachhaltigkeit-ist-ein-bedeutender-Wirtschaftsfaktor-geworden_Organisator.jpg 640w, https:\/\/www.organisator.ch\/wp-content\/uploads\/2017\/11\/Swiss-Green-Economy-Symposium-Nachhaltigkeit-ist-ein-bedeutender-Wirtschaftsfaktor-geworden_Organisator-16x12.jpg 16w, https:\/\/www.organisator.ch\/wp-content\/uploads\/2017\/11\/Swiss-Green-Economy-Symposium-Nachhaltigkeit-ist-ein-bedeutender-Wirtschaftsfaktor-geworden_Organisator-262x175.jpg 262w, https:\/\/www.organisator.ch\/wp-content\/uploads\/2017\/11\/Swiss-Green-Economy-Symposium-Nachhaltigkeit-ist-ein-bedeutender-Wirtschaftsfaktor-geworden_Organisator-525x350.jpg 525w, https:\/\/www.organisator.ch\/wp-content\/uploads\/2017\/11\/Swiss-Green-Economy-Symposium-Nachhaltigkeit-ist-ein-bedeutender-Wirtschaftsfaktor-geworden_Organisator-300x200.jpg 300w\" sizes=\"auto, (max-width: 640px) 100vw, 640px\" \/><figcaption id=\"caption-attachment-2638\" class=\"wp-caption-text\">L'ambassadrice du Royaume des Pays-Bas en Suisse et au Liechtenstein, Anne Luwema, a parl\u00e9 de la durabilit\u00e9 dans son pays. (Image : PD)<\/figcaption><\/figure>\n<p>Le Swiss Green Economy Symposium est le sommet \u00e9conomique le plus complet de Suisse sur le th\u00e8me de la durabilit\u00e9. \"D\u00e9passer les fronti\u00e8res avec succ\u00e8s\" \u00e9tait le slogan de cette ann\u00e9e, suivi par les orateurs, qui ont montr\u00e9 comment l'\u00e9conomie durable peut \u00e9galement \u00eatre synonyme d'\u00e9conomie prosp\u00e8re et rentable. Les participants ont trouv\u00e9 l'inspiration aupr\u00e8s du pays partenaire de cette ann\u00e9e : d'ici 2050, l'\u00e9conomie circulaire doit \u00eatre une r\u00e9alit\u00e9 aux Pays-Bas. Cela signifie que les mati\u00e8res premi\u00e8res sont utilis\u00e9es de mani\u00e8re plus intelligente et sans \u00e9missions nocives pour l'environnement. \"Gr\u00e2ce \u00e0 cette initiative, les Pays-Bas sont devenus une sorte de \"laboratoire vivant\" dans le domaine de l'\u00e9conomie circulaire, dont les exp\u00e9riences peuvent profiter au reste du monde\", a propos\u00e9 l'ambassadrice du Royaume des Pays-Bas en Suisse et au Liechtenstein, Anne Luwema, dans son discours de bienvenue. Des repr\u00e9sentants d'entreprises n\u00e9erlandaises ont donn\u00e9 un aper\u00e7u d'exemples concrets de mise en \u0153uvre de l'\u00e9conomie circulaire dans les secteurs de la construction et de l'alimentation.<\/p>\n<h2>Les 17 objectifs de durabilit\u00e9<\/h2>\n<p>Les Objectifs de d\u00e9veloppement durable (ODD) de l'ONU sont un moteur important pour la mise en \u0153uvre de la durabilit\u00e9. Ces 17 objectifs doivent \u00eatre atteints par tous les \u00c9tats membres de l'ONU d'ici 2030. L'ambassadeur Michael Gerber, repr\u00e9sentant sp\u00e9cial du Conseil f\u00e9d\u00e9ral pour le d\u00e9veloppement durable mondial, a soulign\u00e9 qu'un quart des entreprises suisses travailleraient d\u00e9j\u00e0 avec ces objectifs. Car ils en valent la peine : 12 billions de dollars pourraient \u00eatre gagn\u00e9s par l'\u00e9conomie d'ici 2030 gr\u00e2ce \u00e0 leur mise en \u0153uvre, a-t-il soulign\u00e9. Dante Pesce, membre du groupe de travail sur les droits de l'homme de l'ONU et expert en d\u00e9veloppement durable \u00e0 l'universit\u00e9 de Valparaiso (Chili), a expliqu\u00e9 le lien avec les droits de l'homme, dont la mise en \u0153uvre dans l'ensemble de la cha\u00eene de cr\u00e9ation de valeur am\u00e9liore la performance des entreprises.<\/p>\n<p>Un commerce ouvert qui se concentre sur la durabilit\u00e9 est aussi un commerce rentable, a d\u00e9clar\u00e9 Christian Ewert, directeur g\u00e9n\u00e9ral de la Foreign Trade Association \u00e0 l'auditoire. Son organisation se voit attribuer un nouveau nom : Elle s'appellera \"amfori\" \u00e0 partir de 2018 et sera synonyme de commerce responsable. Elle ne veut rien de plus que d'ancrer l'\u00e9conomie, l'\u00e9cologie et la conscience sociale dans le commerce mondial. En ce qui concerne le financement de l'\u00e9conomie durable, Jean-Daniel Gerber, pr\u00e9sident de Swiss Sustainable Finance, estime qu'il reste encore beaucoup \u00e0 faire. \"Il n'existe pas encore de d\u00e9finition uniforme de ce qu'est un investissement durable en g\u00e9n\u00e9ral !\"<\/p>\n<h2>La technologie comme moteur<\/h2>\n<p>Outre les aspects financiers, la technologie joue un r\u00f4le d\u00e9cisif en tant que moteur et catalyseur du changement. La num\u00e9risation a ainsi \u00e9t\u00e9 abord\u00e9e par plusieurs intervenants. Le professeur Lino Guzzella, pr\u00e9sident de l'ETH Zurich, a attir\u00e9 l'attention sur le secteur de la construction, qui s'est montr\u00e9 peu innovant jusqu'\u00e0 pr\u00e9sent. Gr\u00e2ce \u00e0 la num\u00e9risation et \u00e0 l'impression 3D, les choses bougent d\u00e9sormais dans ce secteur. Siegfried Gerlach, CEO de Siemens pour la Suisse, a expliqu\u00e9 les quatre leviers de son groupe : l'efficacit\u00e9 \u00e9nerg\u00e9tique, l'approvisionnement d\u00e9centralis\u00e9 en \u00e9nergie, l'utilisation d'\u00e9lectricit\u00e9 verte et la modernisation de sa propre flotte de v\u00e9hicules. D'ici 2030, le groupe veut \u00eatre neutre en termes de C0\u00b2 gr\u00e2ce \u00e0 une technologie de pointe.<\/p>\n<p>La num\u00e9risation modifie fortement le monde du travail, a soulign\u00e9 Hans C. Werner, membre de la direction de Swisscom, en appelant \u00e0 la disposition \u00e0 un changement permanent et au d\u00e9passement de ses propres limites. Pour cela, il faut une formation continue \u00e0 court terme et surtout une curiosit\u00e9 marqu\u00e9e pour la nouveaut\u00e9. Le d\u00e9bat Smart Changemaker avec Denise Fessler, CEO d'InnoPark Suisse, Simona Scarpaleggia, CEO d'IKEA Suisse et Max Schachinger, CEO de Schachinger Logistik Holding, a \u00e9galement port\u00e9 sur l'attitude personnelle, les changements int\u00e9rieurs qui conduisent finalement \u00e0 une transformation durable de l'organisation. \"Je r\u00e9fl\u00e9chis plus qu'avant \u00e0 ma responsabilit\u00e9 personnelle\", a d\u00e9crit Denise Fessler \u00e0 propos de son changement de conscience.<\/p>\n<h2>Ouverture des personnes et des institutions aux id\u00e9es<\/h2>\n<p>Changement de culture, collaboration, transfert de connaissances - tels \u00e9taient les principaux mots-cl\u00e9s de l'ambassadeur Raymund Furrer, qui a mis en lumi\u00e8re ce que la Suisse entreprend d\u00e9j\u00e0 aujourd'hui \u00e0 titre d'exemple pour rendre plus durables des destinations touristiques comme l'Indon\u00e9sie par exemple. L'entretien entre l'animatrice Sonja Hasler (SRF) et Peter Gehler, responsable de la communication de l'entreprise pharmaceutique Siegfried, a port\u00e9 sur une culture d'entreprise ouverte. Il a soulign\u00e9 que cela devait \u00eatre une obligation et une \u00e9vidence pour une entreprise implant\u00e9e dans le monde entier si l'on voulait travailler dans ces structures.<\/p>\n<p>Le pr\u00e9sident de la ville de Berne Alec von Graffenried s'est prononc\u00e9 en faveur d'une plus grande responsabilisation des habitants. Il aimerait voir les quartiers se renforcer, en tant qu'\u00e9chelon fort en dessous du canton et de la ville. Hubert M.F. Bruls, maire de Nim\u00e8gue, capitale verte de l'Europe en 2018, a introduit un autre aspect dans le d\u00e9bat.  Il a parl\u00e9 de la quantit\u00e9 de donn\u00e9es produites par les grandes villes et a rappel\u00e9 que l'\u00eatre humain devait toujours rester au centre. \"Nous sommes la ville la plus durable d'Europe et nous le devons \u00e0 notre capital vert - les habitants !\"<\/p>\n<p>L'ouverture des personnes et des institutions aux id\u00e9es ext\u00e9rieures est un facteur de r\u00e9ussite critique pour une innovation durable. C'est dans cet esprit que Ian Roberts, Chief Technology Officer B\u00fchler Management AG, a pr\u00e9sent\u00e9 le B\u00fchler Innovation Campus, un espace nouvellement cr\u00e9\u00e9 \u00e0 Uzwil pour la collaboration de toutes les fonctions, de tous les \u00e2ges et de tous les d\u00e9tenteurs de connaissances - internes et externes.<\/p>\n<p><em>Plus d'informations :\u00a0<\/em><\/p>\n<p><em><a href=\"http:\/\/www.forum.lifefair.org\/\">www.forum.lifefair.org<\/a><\/em><\/p>\n<p><em><a href=\"http:\/\/sges.ch\/\">www.sges.ch<\/a><\/em><\/p>","protected":false},"excerpt":{"rendered":"<p>Das Swiss Green Economy Symposium ist der umfassendste Wirtschaftsgipfel in der Schweiz zum Thema Nachhaltigkeit. \u00abErfolgreich Grenzen \u00fcberschreiten\u00bb war das diesj\u00e4hrige Motto, dem die Rednerinnen und Redner folgten und darstellen, wie nachhaltiges Wirtschaften zugleich auch erfolgreiches und profitables Wirtschaften bedeuten kann. Inspiration fanden die Teilnehmenden beim diesj\u00e4hrigen Partnerland: Bis 2050 soll n\u00e4mlich die Kreislaufwirtschaft in [&hellip;]<\/p>\n","protected":false},"author":4,"featured_media":2638,"comment_status":"open","ping_status":"open","sticky":false,"template":"","format":"standard","meta":{"_acf_changed":false,"_yoast_wpseo_focuskw":"Nachhaltigkeit","_yoast_wpseo_metadesc":"Nachhaltigkeit hat sich zu einem bedeutenden Wirtschaftsfaktor entwickelt, Gesellschaft und Unternehmen haben das erkannt und befinden sich im Aufbruch.","articlekey":"","footnotes":""},"categories":[28],"tags":[193,358,502,531],"class_list":["post-2637","post","type-post","status-publish","format-standard","has-post-thumbnail","hentry","category-management","tag-fachkongressfachmesse","tag-nachhaltige-wirtschaft","tag-veranstaltungen","tag-wirtschaftspolitik"],"acf":[],"yoast_head":"<!-- This site is optimized with the Yoast SEO plugin v27.5 - https:\/\/yoast.com\/product\/yoast-seo-wordpress\/ -->\n<title>Swiss Green Economy Symposium: Nachhaltigkeit ist ein bedeutender Wirtschaftsfaktor geworden - Organisator<\/title>\n<meta name=\"description\" content=\"Nachhaltigkeit hat sich zu einem bedeutenden Wirtschaftsfaktor entwickelt, Gesellschaft und Unternehmen haben das erkannt und befinden sich im Aufbruch.\" \/>\n<meta name=\"robots\" content=\"index, follow, max-snippet:-1, max-image-preview:large, max-video-preview:-1\" \/>\n<link rel=\"canonical\" href=\"https:\/\/www.organisator.ch\/fr\/gestion-2\/2017-11-01\/swiss-green-economy-symposium-nachhaltigkeit-ist-ein-bedeutender-wirtschaftsfaktor-geworden\/\" \/>\n<meta property=\"og:locale\" content=\"fr_FR\" \/>\n<meta property=\"og:type\" content=\"article\" \/>\n<meta property=\"og:title\" content=\"Swiss Green Economy Symposium: Nachhaltigkeit ist ein bedeutender Wirtschaftsfaktor geworden\" \/>\n<meta property=\"og:description\" content=\"#Nachhaltigkeit hat sich zu einem bedeutenden #Wirtschaftsfaktor entwickelt, Gesellschaft und Unternehmen haben das erkannt und befinden sich im nachhaltigen Aufbruch.\" \/>\n<meta property=\"og:url\" content=\"https:\/\/www.organisator.ch\/fr\/gestion-2\/2017-11-01\/swiss-green-economy-symposium-nachhaltigkeit-ist-ein-bedeutender-wirtschaftsfaktor-geworden\/\" \/>\n<meta property=\"og:site_name\" content=\"Organisator\" \/>\n<meta property=\"article:publisher\" content=\"https:\/\/www.facebook.com\/OrganisatorFachmagazin\" \/>\n<meta property=\"article:published_time\" content=\"2017-11-01T07:37:57+00:00\" \/>\n<meta property=\"og:image\" content=\"https:\/\/www.organisator.ch\/wp-content\/uploads\/2017\/11\/Swiss-Green-Economy-Symposium-Nachhaltigkeit-ist-ein-bedeutender-Wirtschaftsfaktor-geworden_Organisator.jpg\" \/>\n\t<meta property=\"og:image:width\" content=\"640\" \/>\n\t<meta property=\"og:image:height\" content=\"427\" \/>\n\t<meta property=\"og:image:type\" content=\"image\/jpeg\" \/>\n<meta name=\"author\" content=\"thomas.berner\" \/>\n<meta name=\"twitter:card\" content=\"summary_large_image\" \/>\n<meta name=\"twitter:title\" content=\"Swiss Green Economy Symposium: #Nachhaltigkeit ist ein bedeutender #Wirtschaftsfaktor geworden\" \/>\n<meta name=\"twitter:description\" content=\"#Nachhaltigkeit hat sich zu einem bedeutenden #Wirtschaftsfaktor entwickelt, Gesellschaft und Unternehmen haben das erkannt und befinden sich im nachhaltigen Aufbruch.\" \/>\n<meta name=\"twitter:image\" content=\"https:\/\/www.organisator.ch\/wp-content\/uploads\/2017\/11\/Swiss-Green-Economy-Symposium-Nachhaltigkeit-ist-ein-bedeutender-Wirtschaftsfaktor-geworden_Organisator.jpg\" \/>\n<script type=\"application\/ld+json\" class=\"yoast-schema-graph\">{\"@context\":\"https:\\\/\\\/schema.org\",\"@graph\":[{\"@type\":\"Article\",\"@id\":\"https:\\\/\\\/www.organisator.ch\\\/management\\\/2017-11-01\\\/swiss-green-economy-symposium-nachhaltigkeit-ist-ein-bedeutender-wirtschaftsfaktor-geworden\\\/#article\",\"isPartOf\":{\"@id\":\"https:\\\/\\\/www.organisator.ch\\\/management\\\/2017-11-01\\\/swiss-green-economy-symposium-nachhaltigkeit-ist-ein-bedeutender-wirtschaftsfaktor-geworden\\\/\"},\"author\":{\"name\":\"thomas.berner\",\"@id\":\"https:\\\/\\\/www.organisator.ch\\\/#\\\/schema\\\/person\\\/6f650f90b2842cd4c0cc334b4e36f67e\"},\"headline\":\"Swiss Green Economy Symposium: Nachhaltigkeit ist ein bedeutender Wirtschaftsfaktor geworden\",\"datePublished\":\"2017-11-01T07:37:57+00:00\",\"mainEntityOfPage\":{\"@id\":\"https:\\\/\\\/www.organisator.ch\\\/management\\\/2017-11-01\\\/swiss-green-economy-symposium-nachhaltigkeit-ist-ein-bedeutender-wirtschaftsfaktor-geworden\\\/\"},\"wordCount\":840,\"commentCount\":0,\"publisher\":{\"@id\":\"https:\\\/\\\/www.organisator.ch\\\/#organization\"},\"image\":{\"@id\":\"https:\\\/\\\/www.organisator.ch\\\/management\\\/2017-11-01\\\/swiss-green-economy-symposium-nachhaltigkeit-ist-ein-bedeutender-wirtschaftsfaktor-geworden\\\/#primaryimage\"},\"thumbnailUrl\":\"https:\\\/\\\/www.organisator.ch\\\/wp-content\\\/uploads\\\/2017\\\/11\\\/Swiss-Green-Economy-Symposium-Nachhaltigkeit-ist-ein-bedeutender-Wirtschaftsfaktor-geworden_Organisator.jpg\",\"keywords\":[\"Fachkongress\\\/Fachmesse\",\"Nachhaltige Wirtschaft\",\"Veranstaltungen\",\"Wirtschaftspolitik\"],\"articleSection\":[\"MANAGEMENT\"],\"inLanguage\":\"fr-FR\"},{\"@type\":\"WebPage\",\"@id\":\"https:\\\/\\\/www.organisator.ch\\\/management\\\/2017-11-01\\\/swiss-green-economy-symposium-nachhaltigkeit-ist-ein-bedeutender-wirtschaftsfaktor-geworden\\\/\",\"url\":\"https:\\\/\\\/www.organisator.ch\\\/management\\\/2017-11-01\\\/swiss-green-economy-symposium-nachhaltigkeit-ist-ein-bedeutender-wirtschaftsfaktor-geworden\\\/\",\"name\":\"Swiss Green Economy Symposium: Nachhaltigkeit ist ein bedeutender Wirtschaftsfaktor geworden - Organisator\",\"isPartOf\":{\"@id\":\"https:\\\/\\\/www.organisator.ch\\\/#website\"},\"primaryImageOfPage\":{\"@id\":\"https:\\\/\\\/www.organisator.ch\\\/management\\\/2017-11-01\\\/swiss-green-economy-symposium-nachhaltigkeit-ist-ein-bedeutender-wirtschaftsfaktor-geworden\\\/#primaryimage\"},\"image\":{\"@id\":\"https:\\\/\\\/www.organisator.ch\\\/management\\\/2017-11-01\\\/swiss-green-economy-symposium-nachhaltigkeit-ist-ein-bedeutender-wirtschaftsfaktor-geworden\\\/#primaryimage\"},\"thumbnailUrl\":\"https:\\\/\\\/www.organisator.ch\\\/wp-content\\\/uploads\\\/2017\\\/11\\\/Swiss-Green-Economy-Symposium-Nachhaltigkeit-ist-ein-bedeutender-Wirtschaftsfaktor-geworden_Organisator.jpg\",\"datePublished\":\"2017-11-01T07:37:57+00:00\",\"description\":\"Nachhaltigkeit hat sich zu einem bedeutenden Wirtschaftsfaktor entwickelt, Gesellschaft und Unternehmen haben das erkannt und befinden sich im Aufbruch.\",\"breadcrumb\":{\"@id\":\"https:\\\/\\\/www.organisator.ch\\\/management\\\/2017-11-01\\\/swiss-green-economy-symposium-nachhaltigkeit-ist-ein-bedeutender-wirtschaftsfaktor-geworden\\\/#breadcrumb\"},\"inLanguage\":\"fr-FR\",\"potentialAction\":[{\"@type\":\"ReadAction\",\"target\":[\"https:\\\/\\\/www.organisator.ch\\\/management\\\/2017-11-01\\\/swiss-green-economy-symposium-nachhaltigkeit-ist-ein-bedeutender-wirtschaftsfaktor-geworden\\\/\"]}]},{\"@type\":\"ImageObject\",\"inLanguage\":\"fr-FR\",\"@id\":\"https:\\\/\\\/www.organisator.ch\\\/management\\\/2017-11-01\\\/swiss-green-economy-symposium-nachhaltigkeit-ist-ein-bedeutender-wirtschaftsfaktor-geworden\\\/#primaryimage\",\"url\":\"https:\\\/\\\/www.organisator.ch\\\/wp-content\\\/uploads\\\/2017\\\/11\\\/Swiss-Green-Economy-Symposium-Nachhaltigkeit-ist-ein-bedeutender-Wirtschaftsfaktor-geworden_Organisator.jpg\",\"contentUrl\":\"https:\\\/\\\/www.organisator.ch\\\/wp-content\\\/uploads\\\/2017\\\/11\\\/Swiss-Green-Economy-Symposium-Nachhaltigkeit-ist-ein-bedeutender-Wirtschaftsfaktor-geworden_Organisator.jpg\",\"width\":640,\"height\":427,\"caption\":\"Botschafterin des K\u00f6nigreichs der Niederlande in der Schweiz und Liechtenstein, Anne Luwema, sprach \u00fcber Nachhaltigkeit in ihrem Land. (Bild: PD)\"},{\"@type\":\"BreadcrumbList\",\"@id\":\"https:\\\/\\\/www.organisator.ch\\\/management\\\/2017-11-01\\\/swiss-green-economy-symposium-nachhaltigkeit-ist-ein-bedeutender-wirtschaftsfaktor-geworden\\\/#breadcrumb\",\"itemListElement\":[{\"@type\":\"ListItem\",\"position\":1,\"name\":\"Home\",\"item\":\"https:\\\/\\\/www.organisator.ch\\\/\"},{\"@type\":\"ListItem\",\"position\":2,\"name\":\"Swiss Green Economy Symposium: Nachhaltigkeit ist ein bedeutender Wirtschaftsfaktor geworden\"}]},{\"@type\":\"WebSite\",\"@id\":\"https:\\\/\\\/www.organisator.ch\\\/#website\",\"url\":\"https:\\\/\\\/www.organisator.ch\\\/\",\"name\":\"Organisator\",\"description\":\"Kompetent. Praxisnah. Der ORGANISATOR bereitet in 10 Ausgaben pro Jahr die wesentlichen Themen f\u00fcr F\u00fchrungskr\u00e4fte von KMU auf.\",\"publisher\":{\"@id\":\"https:\\\/\\\/www.organisator.ch\\\/#organization\"},\"potentialAction\":[{\"@type\":\"SearchAction\",\"target\":{\"@type\":\"EntryPoint\",\"urlTemplate\":\"https:\\\/\\\/www.organisator.ch\\\/?s={search_term_string}\"},\"query-input\":{\"@type\":\"PropertyValueSpecification\",\"valueRequired\":true,\"valueName\":\"search_term_string\"}}],\"inLanguage\":\"fr-FR\"},{\"@type\":\"Organization\",\"@id\":\"https:\\\/\\\/www.organisator.ch\\\/#organization\",\"name\":\"Organisator\",\"url\":\"https:\\\/\\\/www.organisator.ch\\\/\",\"logo\":{\"@type\":\"ImageObject\",\"inLanguage\":\"fr-FR\",\"@id\":\"https:\\\/\\\/www.organisator.ch\\\/#\\\/schema\\\/logo\\\/image\\\/\",\"url\":\"https:\\\/\\\/www.organisator.ch\\\/wp-content\\\/uploads\\\/2022\\\/01\\\/Logo_Organisator_Website.png\",\"contentUrl\":\"https:\\\/\\\/www.organisator.ch\\\/wp-content\\\/uploads\\\/2022\\\/01\\\/Logo_Organisator_Website.png\",\"width\":800,\"height\":77,\"caption\":\"Organisator\"},\"image\":{\"@id\":\"https:\\\/\\\/www.organisator.ch\\\/#\\\/schema\\\/logo\\\/image\\\/\"},\"sameAs\":[\"https:\\\/\\\/www.facebook.com\\\/OrganisatorFachmagazin\",\"https:\\\/\\\/www.linkedin.com\\\/showcase\\\/organisator-das-magazin-fr-kmu\",\"https:\\\/\\\/www.xing.com\\\/news\\\/pages\\\/organisator-ch-695\",\"https:\\\/\\\/www.youtube.com\\\/channel\\\/UCGP2Sq0iWaZwT3BdIAQFYpw\"]},{\"@type\":\"Person\",\"@id\":\"https:\\\/\\\/www.organisator.ch\\\/#\\\/schema\\\/person\\\/6f650f90b2842cd4c0cc334b4e36f67e\",\"name\":\"thomas.berner\",\"image\":{\"@type\":\"ImageObject\",\"inLanguage\":\"fr-FR\",\"@id\":\"https:\\\/\\\/secure.gravatar.com\\\/avatar\\\/ac5001d2a36cb6c6cd3e50789007ffca834b477b74a2144564522e944eabff61?s=96&d=mm&r=g\",\"url\":\"https:\\\/\\\/secure.gravatar.com\\\/avatar\\\/ac5001d2a36cb6c6cd3e50789007ffca834b477b74a2144564522e944eabff61?s=96&d=mm&r=g\",\"contentUrl\":\"https:\\\/\\\/secure.gravatar.com\\\/avatar\\\/ac5001d2a36cb6c6cd3e50789007ffca834b477b74a2144564522e944eabff61?s=96&d=mm&r=g\",\"caption\":\"thomas.berner\"},\"url\":\"https:\\\/\\\/www.organisator.ch\\\/fr\\\/author\\\/thomas-berner\\\/\"}]}<\/script>\n<!-- \/ Yoast SEO plugin. -->","yoast_head_json":{"title":"Swiss Green Economy Symposium : La durabilit\u00e9 est devenue un facteur \u00e9conomique important - Organisateur","description":"La durabilit\u00e9 est devenue un facteur \u00e9conomique important, la soci\u00e9t\u00e9 et les entreprises l'ont reconnu et sont en pleine \u00e9volution.","robots":{"index":"index","follow":"follow","max-snippet":"max-snippet:-1","max-image-preview":"max-image-preview:large","max-video-preview":"max-video-preview:-1"},"canonical":"https:\/\/www.organisator.ch\/fr\/gestion-2\/2017-11-01\/swiss-green-economy-symposium-nachhaltigkeit-ist-ein-bedeutender-wirtschaftsfaktor-geworden\/","og_locale":"fr_FR","og_type":"article","og_title":"Swiss Green Economy Symposium: Nachhaltigkeit ist ein bedeutender Wirtschaftsfaktor geworden","og_description":"#Nachhaltigkeit hat sich zu einem bedeutenden #Wirtschaftsfaktor entwickelt, Gesellschaft und Unternehmen haben das erkannt und befinden sich im nachhaltigen Aufbruch.","og_url":"https:\/\/www.organisator.ch\/fr\/gestion-2\/2017-11-01\/swiss-green-economy-symposium-nachhaltigkeit-ist-ein-bedeutender-wirtschaftsfaktor-geworden\/","og_site_name":"Organisator","article_publisher":"https:\/\/www.facebook.com\/OrganisatorFachmagazin","article_published_time":"2017-11-01T07:37:57+00:00","og_image":[{"width":640,"height":427,"url":"https:\/\/www.organisator.ch\/wp-content\/uploads\/2017\/11\/Swiss-Green-Economy-Symposium-Nachhaltigkeit-ist-ein-bedeutender-Wirtschaftsfaktor-geworden_Organisator.jpg","type":"image\/jpeg"}],"author":"thomas.berner","twitter_card":"summary_large_image","twitter_title":"Swiss Green Economy Symposium: #Nachhaltigkeit ist ein bedeutender #Wirtschaftsfaktor geworden","twitter_description":"#Nachhaltigkeit hat sich zu einem bedeutenden #Wirtschaftsfaktor entwickelt, Gesellschaft und Unternehmen haben das erkannt und befinden sich im nachhaltigen Aufbruch.","twitter_image":"https:\/\/www.organisator.ch\/wp-content\/uploads\/2017\/11\/Swiss-Green-Economy-Symposium-Nachhaltigkeit-ist-ein-bedeutender-Wirtschaftsfaktor-geworden_Organisator.jpg","schema":{"@context":"https:\/\/schema.org","@graph":[{"@type":"Article","@id":"https:\/\/www.organisator.ch\/management\/2017-11-01\/swiss-green-economy-symposium-nachhaltigkeit-ist-ein-bedeutender-wirtschaftsfaktor-geworden\/#article","isPartOf":{"@id":"https:\/\/www.organisator.ch\/management\/2017-11-01\/swiss-green-economy-symposium-nachhaltigkeit-ist-ein-bedeutender-wirtschaftsfaktor-geworden\/"},"author":{"name":"thomas.berner","@id":"https:\/\/www.organisator.ch\/#\/schema\/person\/6f650f90b2842cd4c0cc334b4e36f67e"},"headline":"Swiss Green Economy Symposium: Nachhaltigkeit ist ein bedeutender Wirtschaftsfaktor geworden","datePublished":"2017-11-01T07:37:57+00:00","mainEntityOfPage":{"@id":"https:\/\/www.organisator.ch\/management\/2017-11-01\/swiss-green-economy-symposium-nachhaltigkeit-ist-ein-bedeutender-wirtschaftsfaktor-geworden\/"},"wordCount":840,"commentCount":0,"publisher":{"@id":"https:\/\/www.organisator.ch\/#organization"},"image":{"@id":"https:\/\/www.organisator.ch\/management\/2017-11-01\/swiss-green-economy-symposium-nachhaltigkeit-ist-ein-bedeutender-wirtschaftsfaktor-geworden\/#primaryimage"},"thumbnailUrl":"https:\/\/www.organisator.ch\/wp-content\/uploads\/2017\/11\/Swiss-Green-Economy-Symposium-Nachhaltigkeit-ist-ein-bedeutender-Wirtschaftsfaktor-geworden_Organisator.jpg","keywords":["Fachkongress\/Fachmesse","Nachhaltige Wirtschaft","Veranstaltungen","Wirtschaftspolitik"],"articleSection":["MANAGEMENT"],"inLanguage":"fr-FR"},{"@type":"WebPage","@id":"https:\/\/www.organisator.ch\/management\/2017-11-01\/swiss-green-economy-symposium-nachhaltigkeit-ist-ein-bedeutender-wirtschaftsfaktor-geworden\/","url":"https:\/\/www.organisator.ch\/management\/2017-11-01\/swiss-green-economy-symposium-nachhaltigkeit-ist-ein-bedeutender-wirtschaftsfaktor-geworden\/","name":"Swiss Green Economy Symposium : La durabilit\u00e9 est devenue un facteur \u00e9conomique important - Organisateur","isPartOf":{"@id":"https:\/\/www.organisator.ch\/#website"},"primaryImageOfPage":{"@id":"https:\/\/www.organisator.ch\/management\/2017-11-01\/swiss-green-economy-symposium-nachhaltigkeit-ist-ein-bedeutender-wirtschaftsfaktor-geworden\/#primaryimage"},"image":{"@id":"https:\/\/www.organisator.ch\/management\/2017-11-01\/swiss-green-economy-symposium-nachhaltigkeit-ist-ein-bedeutender-wirtschaftsfaktor-geworden\/#primaryimage"},"thumbnailUrl":"https:\/\/www.organisator.ch\/wp-content\/uploads\/2017\/11\/Swiss-Green-Economy-Symposium-Nachhaltigkeit-ist-ein-bedeutender-Wirtschaftsfaktor-geworden_Organisator.jpg","datePublished":"2017-11-01T07:37:57+00:00","description":"La durabilit\u00e9 est devenue un facteur \u00e9conomique important, la soci\u00e9t\u00e9 et les entreprises l'ont reconnu et sont en pleine \u00e9volution.","breadcrumb":{"@id":"https:\/\/www.organisator.ch\/management\/2017-11-01\/swiss-green-economy-symposium-nachhaltigkeit-ist-ein-bedeutender-wirtschaftsfaktor-geworden\/#breadcrumb"},"inLanguage":"fr-FR","potentialAction":[{"@type":"ReadAction","target":["https:\/\/www.organisator.ch\/management\/2017-11-01\/swiss-green-economy-symposium-nachhaltigkeit-ist-ein-bedeutender-wirtschaftsfaktor-geworden\/"]}]},{"@type":"ImageObject","inLanguage":"fr-FR","@id":"https:\/\/www.organisator.ch\/management\/2017-11-01\/swiss-green-economy-symposium-nachhaltigkeit-ist-ein-bedeutender-wirtschaftsfaktor-geworden\/#primaryimage","url":"https:\/\/www.organisator.ch\/wp-content\/uploads\/2017\/11\/Swiss-Green-Economy-Symposium-Nachhaltigkeit-ist-ein-bedeutender-Wirtschaftsfaktor-geworden_Organisator.jpg","contentUrl":"https:\/\/www.organisator.ch\/wp-content\/uploads\/2017\/11\/Swiss-Green-Economy-Symposium-Nachhaltigkeit-ist-ein-bedeutender-Wirtschaftsfaktor-geworden_Organisator.jpg","width":640,"height":427,"caption":"Botschafterin des K\u00f6nigreichs der Niederlande in der Schweiz und Liechtenstein, Anne Luwema, sprach \u00fcber Nachhaltigkeit in ihrem Land. (Bild: PD)"},{"@type":"BreadcrumbList","@id":"https:\/\/www.organisator.ch\/management\/2017-11-01\/swiss-green-economy-symposium-nachhaltigkeit-ist-ein-bedeutender-wirtschaftsfaktor-geworden\/#breadcrumb","itemListElement":[{"@type":"ListItem","position":1,"name":"Home","item":"https:\/\/www.organisator.ch\/"},{"@type":"ListItem","position":2,"name":"Swiss Green Economy Symposium: Nachhaltigkeit ist ein bedeutender Wirtschaftsfaktor geworden"}]},{"@type":"WebSite","@id":"https:\/\/www.organisator.ch\/#website","url":"https:\/\/www.organisator.ch\/","name":"Organisateur","description":"Comp\u00e9tence et comp\u00e9tence. Proches de la pratique. L'ORGANISATEUR pr\u00e9pare 10 num\u00e9ros par an sur les th\u00e8mes essentiels pour les dirigeants de PME.","publisher":{"@id":"https:\/\/www.organisator.ch\/#organization"},"potentialAction":[{"@type":"SearchAction","target":{"@type":"EntryPoint","urlTemplate":"https:\/\/www.organisator.ch\/?s={search_term_string}"},"query-input":{"@type":"PropertyValueSpecification","valueRequired":true,"valueName":"search_term_string"}}],"inLanguage":"fr-FR"},{"@type":"Organization","@id":"https:\/\/www.organisator.ch\/#organization","name":"Organisateur","url":"https:\/\/www.organisator.ch\/","logo":{"@type":"ImageObject","inLanguage":"fr-FR","@id":"https:\/\/www.organisator.ch\/#\/schema\/logo\/image\/","url":"https:\/\/www.organisator.ch\/wp-content\/uploads\/2022\/01\/Logo_Organisator_Website.png","contentUrl":"https:\/\/www.organisator.ch\/wp-content\/uploads\/2022\/01\/Logo_Organisator_Website.png","width":800,"height":77,"caption":"Organisator"},"image":{"@id":"https:\/\/www.organisator.ch\/#\/schema\/logo\/image\/"},"sameAs":["https:\/\/www.facebook.com\/OrganisatorFachmagazin","https:\/\/www.linkedin.com\/showcase\/organisator-das-magazin-fr-kmu","https:\/\/www.xing.com\/news\/pages\/organisator-ch-695","https:\/\/www.youtube.com\/channel\/UCGP2Sq0iWaZwT3BdIAQFYpw"]},{"@type":"Person","@id":"https:\/\/www.organisator.ch\/#\/schema\/person\/6f650f90b2842cd4c0cc334b4e36f67e","name":"thomas.berner","image":{"@type":"ImageObject","inLanguage":"fr-FR","@id":"https:\/\/secure.gravatar.com\/avatar\/ac5001d2a36cb6c6cd3e50789007ffca834b477b74a2144564522e944eabff61?s=96&d=mm&r=g","url":"https:\/\/secure.gravatar.com\/avatar\/ac5001d2a36cb6c6cd3e50789007ffca834b477b74a2144564522e944eabff61?s=96&d=mm&r=g","contentUrl":"https:\/\/secure.gravatar.com\/avatar\/ac5001d2a36cb6c6cd3e50789007ffca834b477b74a2144564522e944eabff61?s=96&d=mm&r=g","caption":"thomas.berner"},"url":"https:\/\/www.organisator.ch\/fr\/author\/thomas-berner\/"}]}},"_links":{"self":[{"href":"https:\/\/www.organisator.ch\/fr\/wp-json\/wp\/v2\/posts\/2637","targetHints":{"allow":["GET"]}}],"collection":[{"href":"https:\/\/www.organisator.ch\/fr\/wp-json\/wp\/v2\/posts"}],"about":[{"href":"https:\/\/www.organisator.ch\/fr\/wp-json\/wp\/v2\/types\/post"}],"author":[{"embeddable":true,"href":"https:\/\/www.organisator.ch\/fr\/wp-json\/wp\/v2\/users\/4"}],"replies":[{"embeddable":true,"href":"https:\/\/www.organisator.ch\/fr\/wp-json\/wp\/v2\/comments?post=2637"}],"version-history":[{"count":0,"href":"https:\/\/www.organisator.ch\/fr\/wp-json\/wp\/v2\/posts\/2637\/revisions"}],"wp:featuredmedia":[{"embeddable":true,"href":"https:\/\/www.organisator.ch\/fr\/wp-json\/wp\/v2\/media\/2638"}],"wp:attachment":[{"href":"https:\/\/www.organisator.ch\/fr\/wp-json\/wp\/v2\/media?parent=2637"}],"wp:term":[{"taxonomy":"category","embeddable":true,"href":"https:\/\/www.organisator.ch\/fr\/wp-json\/wp\/v2\/categories?post=2637"},{"taxonomy":"post_tag","embeddable":true,"href":"https:\/\/www.organisator.ch\/fr\/wp-json\/wp\/v2\/tags?post=2637"}],"curies":[{"name":"wp","href":"https:\/\/api.w.org\/{rel}","templated":true}]}}