{"id":26508,"date":"2024-04-15T11:21:27","date_gmt":"2024-04-15T09:21:27","guid":{"rendered":"https:\/\/www.organisator.ch\/?p=26508"},"modified":"2024-05-14T11:45:01","modified_gmt":"2024-05-14T09:45:01","slug":"kmu-studie-2024-eine-analyse-der-aktuellsten-zahlen","status":"publish","type":"post","link":"https:\/\/www.organisator.ch\/fr\/management\/2024-04-15\/kmu-studie-2024-eine-analyse-der-aktuellsten-zahlen\/","title":{"rendered":"\u00c9tude PME 2024 : une analyse des chiffres les plus r\u00e9cents"},"content":{"rendered":"<figure id=\"attachment_26516\" aria-describedby=\"caption-attachment-26516\" style=\"width: 680px\" class=\"wp-caption alignnone\"><img loading=\"lazy\" decoding=\"async\" class=\"size-full wp-image-26516\" src=\"https:\/\/www.organisator.ch\/wp-content\/uploads\/2024\/04\/Unsplash-Bild_ps.jpg\" alt=\"\" width=\"680\" height=\"453\" srcset=\"https:\/\/www.organisator.ch\/wp-content\/uploads\/2024\/04\/Unsplash-Bild_ps.jpg 680w, https:\/\/www.organisator.ch\/wp-content\/uploads\/2024\/04\/Unsplash-Bild_ps-18x12.jpg 18w, https:\/\/www.organisator.ch\/wp-content\/uploads\/2024\/04\/Unsplash-Bild_ps-375x250.jpg 375w, https:\/\/www.organisator.ch\/wp-content\/uploads\/2024\/04\/Unsplash-Bild_ps-525x350.jpg 525w\" sizes=\"auto, (max-width: 680px) 100vw, 680px\" \/><figcaption id=\"caption-attachment-26516\" class=\"wp-caption-text\">99,7 % des entreprises en Suisse sont consid\u00e9r\u00e9es comme des PME selon les derniers chiffres provisoires de l'Office f\u00e9d\u00e9ral de la statistique. (Image : www.unsplash.com)<\/figcaption><\/figure>\n<p>Ce ne sont pas les grandes entreprises de plus de 250 collaborateurs (MA) qui dominent le paysage entrepreneurial suisse, mais ce que l'on appelle les petites et moyennes entreprises (PME) : 99,7 % des entreprises en Suisse sont consid\u00e9r\u00e9es comme des PME selon les derniers chiffres provisoires de l'Office f\u00e9d\u00e9ral de la statistique. Parmi elles, les micro-entreprises ou les microentreprises de moins de dix employ\u00e9s constituent la forme de PME la plus fr\u00e9quente, avec pr\u00e8s de 90 % des entreprises. Les deux autres formes de PME, \u00e0 savoir les petites et moyennes entreprises, ne repr\u00e9sentent ensemble qu'une entreprise sur dix en Suisse : 8,4 % des entreprises sont des petites entreprises employant de 10 \u00e0 49 personnes et seulement 1,5 % des entreprises sont des moyennes entreprises employant de 50 \u00e0 249 personnes (OFS, 2023a).\u00a0<\/p>\n<p>Un coup d'\u0153il sur les chiffres de l'emploi montre qu'environ deux tiers des salari\u00e9s en Suisse - mesur\u00e9s en \u00e9quivalents temps plein (ETP) - sont employ\u00e9s dans des PME. Les employ\u00e9s sont r\u00e9partis \u00e0 peu pr\u00e8s \u00e0 parts \u00e9gales entre les diff\u00e9rentes tailles d'entreprises dans les PME : 22,6 % des employ\u00e9s travaillent dans des micro-entreprises (&lt; 10 MA), 21,6 % dans des petites entreprises (10 - 49 MA) et 20,9 % dans des entreprises moyennes (50 - 249 MA).<\/p>\n<p><figure id=\"attachment_26509\" aria-describedby=\"caption-attachment-26509\" style=\"width: 616px\" class=\"wp-caption alignnone\"><img loading=\"lazy\" decoding=\"async\" class=\"size-medium wp-image-26509\" src=\"https:\/\/www.organisator.ch\/wp-content\/uploads\/2024\/04\/KMU-Studie_Bild1_ps-616x1000.jpg\" alt=\"\" width=\"616\" height=\"1000\" srcset=\"https:\/\/www.organisator.ch\/wp-content\/uploads\/2024\/04\/KMU-Studie_Bild1_ps-616x1000.jpg 616w, https:\/\/www.organisator.ch\/wp-content\/uploads\/2024\/04\/KMU-Studie_Bild1_ps-631x1024.jpg 631w, https:\/\/www.organisator.ch\/wp-content\/uploads\/2024\/04\/KMU-Studie_Bild1_ps-7x12.jpg 7w, https:\/\/www.organisator.ch\/wp-content\/uploads\/2024\/04\/KMU-Studie_Bild1_ps-185x300.jpg 185w, https:\/\/www.organisator.ch\/wp-content\/uploads\/2024\/04\/KMU-Studie_Bild1_ps-216x350.jpg 216w, https:\/\/www.organisator.ch\/wp-content\/uploads\/2024\/04\/KMU-Studie_Bild1_ps-493x800.jpg 493w, https:\/\/www.organisator.ch\/wp-content\/uploads\/2024\/04\/KMU-Studie_Bild1_ps.jpg 680w\" sizes=\"auto, (max-width: 616px) 100vw, 616px\" \/><figcaption id=\"caption-attachment-26509\" class=\"wp-caption-text\">(Image : OBT et PME-HSG)<\/figcaption><\/figure> <figure id=\"attachment_26510\" aria-describedby=\"caption-attachment-26510\" style=\"width: 680px\" class=\"wp-caption alignnone\"><img loading=\"lazy\" decoding=\"async\" class=\"size-full wp-image-26510\" src=\"https:\/\/www.organisator.ch\/wp-content\/uploads\/2024\/04\/KMU-Studie_Bild2_ps.jpg\" alt=\"\" width=\"680\" height=\"236\" srcset=\"https:\/\/www.organisator.ch\/wp-content\/uploads\/2024\/04\/KMU-Studie_Bild2_ps.jpg 680w, https:\/\/www.organisator.ch\/wp-content\/uploads\/2024\/04\/KMU-Studie_Bild2_ps-18x6.jpg 18w, https:\/\/www.organisator.ch\/wp-content\/uploads\/2024\/04\/KMU-Studie_Bild2_ps-375x130.jpg 375w\" sizes=\"auto, (max-width: 680px) 100vw, 680px\" \/><figcaption id=\"caption-attachment-26510\" class=\"wp-caption-text\">(Image : OBT et PME-HSG)<\/figcaption><\/figure><\/p>\n<p>Les microentreprises ne dominent pas de la m\u00eame mani\u00e8re dans tous les secteurs. Si l'on compare les diff\u00e9rents secteurs, on obtient l'image suivante : Dans le premier secteur - l'agriculture - on trouve principalement des microentreprises. Elles repr\u00e9sentent 98,0 % des entreprises. Dans le troisi\u00e8me secteur - celui des services - les microentreprises sont \u00e9galement tr\u00e8s dominantes, avec 90,7 % des entreprises. Et m\u00eame dans le deuxi\u00e8me, le secteur industriel, leur nombre est de 80,6 % des entreprises.<\/p>\n<p>En ce qui concerne le nombre de personnes employ\u00e9es, les secteurs se distinguent fortement : dans le premier secteur, presque toutes les personnes travaillent dans des PME (99.7 %) et 84.8 % sont employ\u00e9s dans des micro-entreprises. Dans le deuxi\u00e8me secteur, en revanche, 67,6 % des personnes travaillent dans des PME. Avec 15,8 %, moins d'un cinqui\u00e8me des salari\u00e9s travaillent dans des micro-entreprises. Dans le troisi\u00e8me secteur, avec 62,8 % des salari\u00e9s, ce sont les PME qui emploient le moins de personnes en pourcentage par rapport aux autres secteurs. Cependant, leur part est \u00e0 nouveau plus importante dans les micro-entreprises que dans le secteur industriel : 22,8 % des personnes employ\u00e9es dans le secteur des services rel\u00e8vent de micro-entreprises.<\/p>\n<figure id=\"attachment_26511\" aria-describedby=\"caption-attachment-26511\" style=\"width: 680px\" class=\"wp-caption alignnone\"><img loading=\"lazy\" decoding=\"async\" class=\"size-full wp-image-26511\" src=\"https:\/\/www.organisator.ch\/wp-content\/uploads\/2024\/04\/KMU-Studie_Bild3_ps.jpg\" alt=\"\" width=\"680\" height=\"572\" srcset=\"https:\/\/www.organisator.ch\/wp-content\/uploads\/2024\/04\/KMU-Studie_Bild3_ps.jpg 680w, https:\/\/www.organisator.ch\/wp-content\/uploads\/2024\/04\/KMU-Studie_Bild3_ps-14x12.jpg 14w, https:\/\/www.organisator.ch\/wp-content\/uploads\/2024\/04\/KMU-Studie_Bild3_ps-357x300.jpg 357w, https:\/\/www.organisator.ch\/wp-content\/uploads\/2024\/04\/KMU-Studie_Bild3_ps-416x350.jpg 416w\" sizes=\"auto, (max-width: 680px) 100vw, 680px\" \/><figcaption id=\"caption-attachment-26511\" class=\"wp-caption-text\">(Image : OBT et PME-HSG)<\/figcaption><\/figure>\n<p>Au sein des cantons, il existe de grandes diff\u00e9rences en ce qui concerne la r\u00e9partition des employ\u00e9s dans les secteurs. Alors que dans le canton de B\u00e2le-Ville, un nombre sup\u00e9rieur \u00e0 la moyenne d'employ\u00e9s travaillent dans de grandes entreprises de l'industrie et des services, les cantons d'Appenzell Rhodes-Int\u00e9rieures et d'Appenzell Rhodes-Ext\u00e9rieures pr\u00e9sentent une image diff\u00e9rente et tr\u00e8s diversifi\u00e9e : la plupart des employ\u00e9s y travaillent dans des PME, et ce dans tous les secteurs.<\/p>\n<figure id=\"attachment_26512\" aria-describedby=\"caption-attachment-26512\" style=\"width: 680px\" class=\"wp-caption alignnone\"><img loading=\"lazy\" decoding=\"async\" class=\"size-full wp-image-26512\" src=\"https:\/\/www.organisator.ch\/wp-content\/uploads\/2024\/04\/KMU-Studie_Bild4_ps.jpg\" alt=\"\" width=\"680\" height=\"453\" srcset=\"https:\/\/www.organisator.ch\/wp-content\/uploads\/2024\/04\/KMU-Studie_Bild4_ps.jpg 680w, https:\/\/www.organisator.ch\/wp-content\/uploads\/2024\/04\/KMU-Studie_Bild4_ps-18x12.jpg 18w, https:\/\/www.organisator.ch\/wp-content\/uploads\/2024\/04\/KMU-Studie_Bild4_ps-375x250.jpg 375w, https:\/\/www.organisator.ch\/wp-content\/uploads\/2024\/04\/KMU-Studie_Bild4_ps-525x350.jpg 525w\" sizes=\"auto, (max-width: 680px) 100vw, 680px\" \/><figcaption id=\"caption-attachment-26512\" class=\"wp-caption-text\">(Image : OBT et PME-HSG)<\/figcaption><\/figure>\n<p>De grandes diff\u00e9rences apparaissent \u00e9galement entre les branches, surtout si l'on compare la taille moyenne des entreprises et la structuration des PME au sein d'une m\u00eame branche. La taille varie de 1,1 collaborateur en ETP par entreprise dans la branche \"Activit\u00e9s artistiques\" (musiciens, artistes plasticiens ind\u00e9pendants, journalistes ind\u00e9pendants, etc.) \u00e0 282 collaborateurs par entreprise dans la branche du traitement du tabac. Les branches suivantes, entre autres, pr\u00e9sentent un nombre \u00e9lev\u00e9 de micro-entreprises :<\/p>\n<ul>\n<li>Immobilier\u00a0<\/li>\n<li>Conseil juridique et fiscal, audit, conseil aux entreprises<\/li>\n<li>Sant\u00e9 publique<\/li>\n<li>autres activit\u00e9s lib\u00e9rales<\/li>\n<li>activit\u00e9s artistiques<\/li>\n<li>Activit\u00e9s de services divers<\/li>\n<li>Agriculture<\/li>\n<\/ul>\n<p>Dans ces secteurs, les micro-entreprises repr\u00e9sentent plus de 90 % des entreprises. En revanche, dans le secteur pharmaceutique ou les services postaux, seuls 16,3 % et 9,1 % des salari\u00e9s (en ETP) travaillent dans des PME.<\/p>\n<figure id=\"attachment_26513\" aria-describedby=\"caption-attachment-26513\" style=\"width: 680px\" class=\"wp-caption alignnone\"><img loading=\"lazy\" decoding=\"async\" class=\"size-medium wp-image-26513\" src=\"https:\/\/www.organisator.ch\/wp-content\/uploads\/2024\/04\/KMU-Studie_Bild5_ps-680x335.jpg\" alt=\"\" width=\"680\" height=\"335\" srcset=\"https:\/\/www.organisator.ch\/wp-content\/uploads\/2024\/04\/KMU-Studie_Bild5_ps-680x335.jpg 680w, https:\/\/www.organisator.ch\/wp-content\/uploads\/2024\/04\/KMU-Studie_Bild5_ps-768x379.jpg 768w, https:\/\/www.organisator.ch\/wp-content\/uploads\/2024\/04\/KMU-Studie_Bild5_ps-18x9.jpg 18w, https:\/\/www.organisator.ch\/wp-content\/uploads\/2024\/04\/KMU-Studie_Bild5_ps-375x185.jpg 375w, https:\/\/www.organisator.ch\/wp-content\/uploads\/2024\/04\/KMU-Studie_Bild5_ps-710x350.jpg 710w, https:\/\/www.organisator.ch\/wp-content\/uploads\/2024\/04\/KMU-Studie_Bild5_ps.jpg 933w\" sizes=\"auto, (max-width: 680px) 100vw, 680px\" \/><figcaption id=\"caption-attachment-26513\" class=\"wp-caption-text\">(Image : OBT et PME-HSG)<\/figcaption><\/figure>\n<p>En ce qui concerne les formes juridiques, il est frappant de constater que la plupart des PME sont organis\u00e9es en entreprises individuelles. Dans l'agriculture en particulier, pr\u00e8s de 80 % des PME sont des entreprises individuelles. Les PME de l'industrie et des services sont souvent organis\u00e9es en SA ou en S\u00e0rl. Plus la taille de l'entreprise augmente, plus le nombre de soci\u00e9t\u00e9s individuelles et de S\u00e0rl tend \u00e0 diminuer.<\/p>\n<p><a href=\"https:\/\/www.obt.ch\/de\/infoboard\/kmu-studie-2024\/\"><em>(Extrait de l'\u00e9tude, parution en 2024)<\/em><\/a><\/p>\n<p><em>Source : <a href=\"https:\/\/www.obt.ch\/de\/infoboard\/kmu-studie-2024\/\">Alexander Fust, Urs Fueglistaller, Thomas Z\u00fcger, Christoph Brunner, Alexander Graf : PME suisses. Une analyse des chiffres les plus r\u00e9cents - \u00e9dition 2024. OBT et PME-HSG 2024.<\/a><\/em><\/p>","protected":false},"excerpt":{"rendered":"<p>Pour la derni\u00e8re \u00e9tude sur les PME suisses, qui est d\u00e9j\u00e0 la 10e \u00e9dition de cette s\u00e9rie d'\u00e9tudes, les chiffres actuels de l'Office f\u00e9d\u00e9ral de la statistique (OFS) de 2021 ont \u00e9t\u00e9 \u00e9valu\u00e9s et compar\u00e9s avec les ann\u00e9es pr\u00e9c\u00e9dentes.<\/p>","protected":false},"author":58,"featured_media":26516,"comment_status":"closed","ping_status":"closed","sticky":false,"template":"","format":"standard","meta":{"_acf_changed":false,"_yoast_wpseo_focuskw":"KMU","_yoast_wpseo_metadesc":"F\u00fcr die Schweizer KMU-Studie wurden die aktuellen Zahlen des Bundesamts f\u00fcr Statistik von 2021 ausgewertet und mit den Vorjahren verglichen.","articlekey":"","footnotes":""},"categories":[28],"tags":[301,424,459,492],"class_list":["post-26508","post","type-post","status-publish","format-standard","has-post-thumbnail","hentry","category-management","tag-kmu","tag-schweiz","tag-studie","tag-unternehmen"],"acf":[],"yoast_head":"<!-- This site is optimized with the Yoast SEO plugin v27.5 - https:\/\/yoast.com\/product\/yoast-seo-wordpress\/ -->\n<title>KMU-Studie 2024: Eine Analyse der aktuellsten Zahlen - Organisator<\/title>\n<meta name=\"description\" content=\"F\u00fcr die Schweizer KMU-Studie wurden die aktuellen Zahlen des Bundesamts f\u00fcr Statistik von 2021 ausgewertet und mit den Vorjahren verglichen.\" \/>\n<meta name=\"robots\" content=\"index, follow, max-snippet:-1, max-image-preview:large, max-video-preview:-1\" \/>\n<link rel=\"canonical\" href=\"https:\/\/www.organisator.ch\/fr\/gestion-2\/2024-04-15\/kmu-studie-2024-eine-analyse-der-aktuellsten-zahlen\/\" \/>\n<meta property=\"og:locale\" content=\"fr_FR\" \/>\n<meta property=\"og:type\" content=\"article\" \/>\n<meta property=\"og:title\" content=\"KMU-Studie 2024: Eine Analyse der aktuellsten Zahlen\" \/>\n<meta property=\"og:description\" content=\"F\u00fcr die Schweizer KMU-Studie wurden die aktuellen Zahlen des Bundesamts f\u00fcr Statistik von 2021 ausgewertet und mit den Vorjahren verglichen.\" \/>\n<meta property=\"og:url\" content=\"https:\/\/www.organisator.ch\/fr\/gestion-2\/2024-04-15\/kmu-studie-2024-eine-analyse-der-aktuellsten-zahlen\/\" \/>\n<meta property=\"og:site_name\" content=\"Organisator\" \/>\n<meta property=\"article:publisher\" content=\"https:\/\/www.facebook.com\/OrganisatorFachmagazin\" \/>\n<meta property=\"article:published_time\" content=\"2024-04-15T09:21:27+00:00\" \/>\n<meta property=\"article:modified_time\" content=\"2024-05-14T09:45:01+00:00\" \/>\n<meta property=\"og:image\" content=\"https:\/\/www.organisator.ch\/wp-content\/uploads\/2024\/04\/Unsplash-Bild_ps.jpg\" \/>\n\t<meta property=\"og:image:width\" content=\"680\" \/>\n\t<meta property=\"og:image:height\" content=\"453\" \/>\n\t<meta property=\"og:image:type\" content=\"image\/jpeg\" \/>\n<meta name=\"author\" content=\"Adelisa Kalajdzini\" \/>\n<meta name=\"twitter:card\" content=\"summary_large_image\" \/>\n<meta name=\"twitter:title\" content=\"KMU-Studie 2024: Eine Analyse der aktuellsten Zahlen\" \/>\n<meta name=\"twitter:description\" content=\"F\u00fcr die #Schweizer #KMU-Studie wurden die #aktuellen #Zahlen des Bundesamts f\u00fcr Statistik von 2021 ausgewertet und mit den Vorjahren verglichen.\" \/>\n<meta name=\"twitter:image\" content=\"https:\/\/www.organisator.ch\/wp-content\/uploads\/2024\/04\/Unsplash-Bild_ps.jpg\" \/>\n<script type=\"application\/ld+json\" class=\"yoast-schema-graph\">{\"@context\":\"https:\\\/\\\/schema.org\",\"@graph\":[{\"@type\":\"Article\",\"@id\":\"https:\\\/\\\/www.organisator.ch\\\/management\\\/2024-04-15\\\/kmu-studie-2024-eine-analyse-der-aktuellsten-zahlen\\\/#article\",\"isPartOf\":{\"@id\":\"https:\\\/\\\/www.organisator.ch\\\/management\\\/2024-04-15\\\/kmu-studie-2024-eine-analyse-der-aktuellsten-zahlen\\\/\"},\"author\":{\"name\":\"Adelisa Kalajdzini\",\"@id\":\"https:\\\/\\\/www.organisator.ch\\\/#\\\/schema\\\/person\\\/2e1314a2172123f874db408d8911d3f3\"},\"headline\":\"KMU-Studie 2024: Eine Analyse der aktuellsten Zahlen\",\"datePublished\":\"2024-04-15T09:21:27+00:00\",\"dateModified\":\"2024-05-14T09:45:01+00:00\",\"mainEntityOfPage\":{\"@id\":\"https:\\\/\\\/www.organisator.ch\\\/management\\\/2024-04-15\\\/kmu-studie-2024-eine-analyse-der-aktuellsten-zahlen\\\/\"},\"wordCount\":673,\"publisher\":{\"@id\":\"https:\\\/\\\/www.organisator.ch\\\/#organization\"},\"image\":{\"@id\":\"https:\\\/\\\/www.organisator.ch\\\/management\\\/2024-04-15\\\/kmu-studie-2024-eine-analyse-der-aktuellsten-zahlen\\\/#primaryimage\"},\"thumbnailUrl\":\"https:\\\/\\\/www.organisator.ch\\\/wp-content\\\/uploads\\\/2024\\\/04\\\/Unsplash-Bild_ps.jpg\",\"keywords\":[\"KMU\",\"Schweiz\",\"Studie\",\"Unternehmen\"],\"articleSection\":[\"MANAGEMENT\"],\"inLanguage\":\"fr-FR\"},{\"@type\":\"WebPage\",\"@id\":\"https:\\\/\\\/www.organisator.ch\\\/management\\\/2024-04-15\\\/kmu-studie-2024-eine-analyse-der-aktuellsten-zahlen\\\/\",\"url\":\"https:\\\/\\\/www.organisator.ch\\\/management\\\/2024-04-15\\\/kmu-studie-2024-eine-analyse-der-aktuellsten-zahlen\\\/\",\"name\":\"KMU-Studie 2024: Eine Analyse der aktuellsten Zahlen - Organisator\",\"isPartOf\":{\"@id\":\"https:\\\/\\\/www.organisator.ch\\\/#website\"},\"primaryImageOfPage\":{\"@id\":\"https:\\\/\\\/www.organisator.ch\\\/management\\\/2024-04-15\\\/kmu-studie-2024-eine-analyse-der-aktuellsten-zahlen\\\/#primaryimage\"},\"image\":{\"@id\":\"https:\\\/\\\/www.organisator.ch\\\/management\\\/2024-04-15\\\/kmu-studie-2024-eine-analyse-der-aktuellsten-zahlen\\\/#primaryimage\"},\"thumbnailUrl\":\"https:\\\/\\\/www.organisator.ch\\\/wp-content\\\/uploads\\\/2024\\\/04\\\/Unsplash-Bild_ps.jpg\",\"datePublished\":\"2024-04-15T09:21:27+00:00\",\"dateModified\":\"2024-05-14T09:45:01+00:00\",\"description\":\"F\u00fcr die Schweizer KMU-Studie wurden die aktuellen Zahlen des Bundesamts f\u00fcr Statistik von 2021 ausgewertet und mit den Vorjahren verglichen.\",\"breadcrumb\":{\"@id\":\"https:\\\/\\\/www.organisator.ch\\\/management\\\/2024-04-15\\\/kmu-studie-2024-eine-analyse-der-aktuellsten-zahlen\\\/#breadcrumb\"},\"inLanguage\":\"fr-FR\",\"potentialAction\":[{\"@type\":\"ReadAction\",\"target\":[\"https:\\\/\\\/www.organisator.ch\\\/management\\\/2024-04-15\\\/kmu-studie-2024-eine-analyse-der-aktuellsten-zahlen\\\/\"]}]},{\"@type\":\"ImageObject\",\"inLanguage\":\"fr-FR\",\"@id\":\"https:\\\/\\\/www.organisator.ch\\\/management\\\/2024-04-15\\\/kmu-studie-2024-eine-analyse-der-aktuellsten-zahlen\\\/#primaryimage\",\"url\":\"https:\\\/\\\/www.organisator.ch\\\/wp-content\\\/uploads\\\/2024\\\/04\\\/Unsplash-Bild_ps.jpg\",\"contentUrl\":\"https:\\\/\\\/www.organisator.ch\\\/wp-content\\\/uploads\\\/2024\\\/04\\\/Unsplash-Bild_ps.jpg\",\"width\":680,\"height\":453,\"caption\":\"99.7 % der Unternehmen in der Schweiz gelten gem\u00e4ss den neusten provisorischen Zahlen des Bundesamts f\u00fcr Statistik als KMU. (Bild: www.unsplash.com)\"},{\"@type\":\"BreadcrumbList\",\"@id\":\"https:\\\/\\\/www.organisator.ch\\\/management\\\/2024-04-15\\\/kmu-studie-2024-eine-analyse-der-aktuellsten-zahlen\\\/#breadcrumb\",\"itemListElement\":[{\"@type\":\"ListItem\",\"position\":1,\"name\":\"Home\",\"item\":\"https:\\\/\\\/www.organisator.ch\\\/\"},{\"@type\":\"ListItem\",\"position\":2,\"name\":\"KMU-Studie 2024: Eine Analyse der aktuellsten Zahlen\"}]},{\"@type\":\"WebSite\",\"@id\":\"https:\\\/\\\/www.organisator.ch\\\/#website\",\"url\":\"https:\\\/\\\/www.organisator.ch\\\/\",\"name\":\"Organisator\",\"description\":\"Kompetent. Praxisnah. Der ORGANISATOR bereitet in 10 Ausgaben pro Jahr die wesentlichen Themen f\u00fcr F\u00fchrungskr\u00e4fte von KMU auf.\",\"publisher\":{\"@id\":\"https:\\\/\\\/www.organisator.ch\\\/#organization\"},\"potentialAction\":[{\"@type\":\"SearchAction\",\"target\":{\"@type\":\"EntryPoint\",\"urlTemplate\":\"https:\\\/\\\/www.organisator.ch\\\/?s={search_term_string}\"},\"query-input\":{\"@type\":\"PropertyValueSpecification\",\"valueRequired\":true,\"valueName\":\"search_term_string\"}}],\"inLanguage\":\"fr-FR\"},{\"@type\":\"Organization\",\"@id\":\"https:\\\/\\\/www.organisator.ch\\\/#organization\",\"name\":\"Organisator\",\"url\":\"https:\\\/\\\/www.organisator.ch\\\/\",\"logo\":{\"@type\":\"ImageObject\",\"inLanguage\":\"fr-FR\",\"@id\":\"https:\\\/\\\/www.organisator.ch\\\/#\\\/schema\\\/logo\\\/image\\\/\",\"url\":\"https:\\\/\\\/www.organisator.ch\\\/wp-content\\\/uploads\\\/2022\\\/01\\\/Logo_Organisator_Website.png\",\"contentUrl\":\"https:\\\/\\\/www.organisator.ch\\\/wp-content\\\/uploads\\\/2022\\\/01\\\/Logo_Organisator_Website.png\",\"width\":800,\"height\":77,\"caption\":\"Organisator\"},\"image\":{\"@id\":\"https:\\\/\\\/www.organisator.ch\\\/#\\\/schema\\\/logo\\\/image\\\/\"},\"sameAs\":[\"https:\\\/\\\/www.facebook.com\\\/OrganisatorFachmagazin\",\"https:\\\/\\\/www.linkedin.com\\\/showcase\\\/organisator-das-magazin-fr-kmu\",\"https:\\\/\\\/www.xing.com\\\/news\\\/pages\\\/organisator-ch-695\",\"https:\\\/\\\/www.youtube.com\\\/channel\\\/UCGP2Sq0iWaZwT3BdIAQFYpw\"]},{\"@type\":\"Person\",\"@id\":\"https:\\\/\\\/www.organisator.ch\\\/#\\\/schema\\\/person\\\/2e1314a2172123f874db408d8911d3f3\",\"name\":\"Adelisa Kalajdzini\",\"image\":{\"@type\":\"ImageObject\",\"inLanguage\":\"fr-FR\",\"@id\":\"https:\\\/\\\/secure.gravatar.com\\\/avatar\\\/09a397c22ac58cad6f160ee8306348599df9df58a8ede73696226897b9fa4b24?s=96&d=mm&r=g\",\"url\":\"https:\\\/\\\/secure.gravatar.com\\\/avatar\\\/09a397c22ac58cad6f160ee8306348599df9df58a8ede73696226897b9fa4b24?s=96&d=mm&r=g\",\"contentUrl\":\"https:\\\/\\\/secure.gravatar.com\\\/avatar\\\/09a397c22ac58cad6f160ee8306348599df9df58a8ede73696226897b9fa4b24?s=96&d=mm&r=g\",\"caption\":\"Adelisa Kalajdzini\"},\"url\":\"https:\\\/\\\/www.organisator.ch\\\/fr\\\/author\\\/adelisa-kalajdzini\\\/\"}]}<\/script>\n<!-- \/ Yoast SEO plugin. -->","yoast_head_json":{"title":"\u00c9tude PME 2024 : une analyse des chiffres les plus r\u00e9cents - Organisateur","description":"Pour l'\u00e9tude sur les PME suisses, les chiffres actuels de l'Office f\u00e9d\u00e9ral de la statistique de 2021 ont \u00e9t\u00e9 \u00e9valu\u00e9s et compar\u00e9s avec les ann\u00e9es pr\u00e9c\u00e9dentes.","robots":{"index":"index","follow":"follow","max-snippet":"max-snippet:-1","max-image-preview":"max-image-preview:large","max-video-preview":"max-video-preview:-1"},"canonical":"https:\/\/www.organisator.ch\/fr\/gestion-2\/2024-04-15\/kmu-studie-2024-eine-analyse-der-aktuellsten-zahlen\/","og_locale":"fr_FR","og_type":"article","og_title":"KMU-Studie 2024: Eine Analyse der aktuellsten Zahlen","og_description":"F\u00fcr die Schweizer KMU-Studie wurden die aktuellen Zahlen des Bundesamts f\u00fcr Statistik von 2021 ausgewertet und mit den Vorjahren verglichen.","og_url":"https:\/\/www.organisator.ch\/fr\/gestion-2\/2024-04-15\/kmu-studie-2024-eine-analyse-der-aktuellsten-zahlen\/","og_site_name":"Organisator","article_publisher":"https:\/\/www.facebook.com\/OrganisatorFachmagazin","article_published_time":"2024-04-15T09:21:27+00:00","article_modified_time":"2024-05-14T09:45:01+00:00","og_image":[{"width":680,"height":453,"url":"https:\/\/www.organisator.ch\/wp-content\/uploads\/2024\/04\/Unsplash-Bild_ps.jpg","type":"image\/jpeg"}],"author":"Adelisa Kalajdzini","twitter_card":"summary_large_image","twitter_title":"KMU-Studie 2024: Eine Analyse der aktuellsten Zahlen","twitter_description":"F\u00fcr die #Schweizer #KMU-Studie wurden die #aktuellen #Zahlen des Bundesamts f\u00fcr Statistik von 2021 ausgewertet und mit den Vorjahren verglichen.","twitter_image":"https:\/\/www.organisator.ch\/wp-content\/uploads\/2024\/04\/Unsplash-Bild_ps.jpg","schema":{"@context":"https:\/\/schema.org","@graph":[{"@type":"Article","@id":"https:\/\/www.organisator.ch\/management\/2024-04-15\/kmu-studie-2024-eine-analyse-der-aktuellsten-zahlen\/#article","isPartOf":{"@id":"https:\/\/www.organisator.ch\/management\/2024-04-15\/kmu-studie-2024-eine-analyse-der-aktuellsten-zahlen\/"},"author":{"name":"Adelisa Kalajdzini","@id":"https:\/\/www.organisator.ch\/#\/schema\/person\/2e1314a2172123f874db408d8911d3f3"},"headline":"KMU-Studie 2024: Eine Analyse der aktuellsten Zahlen","datePublished":"2024-04-15T09:21:27+00:00","dateModified":"2024-05-14T09:45:01+00:00","mainEntityOfPage":{"@id":"https:\/\/www.organisator.ch\/management\/2024-04-15\/kmu-studie-2024-eine-analyse-der-aktuellsten-zahlen\/"},"wordCount":673,"publisher":{"@id":"https:\/\/www.organisator.ch\/#organization"},"image":{"@id":"https:\/\/www.organisator.ch\/management\/2024-04-15\/kmu-studie-2024-eine-analyse-der-aktuellsten-zahlen\/#primaryimage"},"thumbnailUrl":"https:\/\/www.organisator.ch\/wp-content\/uploads\/2024\/04\/Unsplash-Bild_ps.jpg","keywords":["KMU","Schweiz","Studie","Unternehmen"],"articleSection":["MANAGEMENT"],"inLanguage":"fr-FR"},{"@type":"WebPage","@id":"https:\/\/www.organisator.ch\/management\/2024-04-15\/kmu-studie-2024-eine-analyse-der-aktuellsten-zahlen\/","url":"https:\/\/www.organisator.ch\/management\/2024-04-15\/kmu-studie-2024-eine-analyse-der-aktuellsten-zahlen\/","name":"\u00c9tude PME 2024 : une analyse des chiffres les plus r\u00e9cents - Organisateur","isPartOf":{"@id":"https:\/\/www.organisator.ch\/#website"},"primaryImageOfPage":{"@id":"https:\/\/www.organisator.ch\/management\/2024-04-15\/kmu-studie-2024-eine-analyse-der-aktuellsten-zahlen\/#primaryimage"},"image":{"@id":"https:\/\/www.organisator.ch\/management\/2024-04-15\/kmu-studie-2024-eine-analyse-der-aktuellsten-zahlen\/#primaryimage"},"thumbnailUrl":"https:\/\/www.organisator.ch\/wp-content\/uploads\/2024\/04\/Unsplash-Bild_ps.jpg","datePublished":"2024-04-15T09:21:27+00:00","dateModified":"2024-05-14T09:45:01+00:00","description":"Pour l'\u00e9tude sur les PME suisses, les chiffres actuels de l'Office f\u00e9d\u00e9ral de la statistique de 2021 ont \u00e9t\u00e9 \u00e9valu\u00e9s et compar\u00e9s avec les ann\u00e9es pr\u00e9c\u00e9dentes.","breadcrumb":{"@id":"https:\/\/www.organisator.ch\/management\/2024-04-15\/kmu-studie-2024-eine-analyse-der-aktuellsten-zahlen\/#breadcrumb"},"inLanguage":"fr-FR","potentialAction":[{"@type":"ReadAction","target":["https:\/\/www.organisator.ch\/management\/2024-04-15\/kmu-studie-2024-eine-analyse-der-aktuellsten-zahlen\/"]}]},{"@type":"ImageObject","inLanguage":"fr-FR","@id":"https:\/\/www.organisator.ch\/management\/2024-04-15\/kmu-studie-2024-eine-analyse-der-aktuellsten-zahlen\/#primaryimage","url":"https:\/\/www.organisator.ch\/wp-content\/uploads\/2024\/04\/Unsplash-Bild_ps.jpg","contentUrl":"https:\/\/www.organisator.ch\/wp-content\/uploads\/2024\/04\/Unsplash-Bild_ps.jpg","width":680,"height":453,"caption":"99.7 % der Unternehmen in der Schweiz gelten gem\u00e4ss den neusten provisorischen Zahlen des Bundesamts f\u00fcr Statistik als KMU. (Bild: www.unsplash.com)"},{"@type":"BreadcrumbList","@id":"https:\/\/www.organisator.ch\/management\/2024-04-15\/kmu-studie-2024-eine-analyse-der-aktuellsten-zahlen\/#breadcrumb","itemListElement":[{"@type":"ListItem","position":1,"name":"Home","item":"https:\/\/www.organisator.ch\/"},{"@type":"ListItem","position":2,"name":"KMU-Studie 2024: Eine Analyse der aktuellsten Zahlen"}]},{"@type":"WebSite","@id":"https:\/\/www.organisator.ch\/#website","url":"https:\/\/www.organisator.ch\/","name":"Organisateur","description":"Comp\u00e9tence et comp\u00e9tence. Proches de la pratique. L'ORGANISATEUR pr\u00e9pare 10 num\u00e9ros par an sur les th\u00e8mes essentiels pour les dirigeants de PME.","publisher":{"@id":"https:\/\/www.organisator.ch\/#organization"},"potentialAction":[{"@type":"SearchAction","target":{"@type":"EntryPoint","urlTemplate":"https:\/\/www.organisator.ch\/?s={search_term_string}"},"query-input":{"@type":"PropertyValueSpecification","valueRequired":true,"valueName":"search_term_string"}}],"inLanguage":"fr-FR"},{"@type":"Organization","@id":"https:\/\/www.organisator.ch\/#organization","name":"Organisateur","url":"https:\/\/www.organisator.ch\/","logo":{"@type":"ImageObject","inLanguage":"fr-FR","@id":"https:\/\/www.organisator.ch\/#\/schema\/logo\/image\/","url":"https:\/\/www.organisator.ch\/wp-content\/uploads\/2022\/01\/Logo_Organisator_Website.png","contentUrl":"https:\/\/www.organisator.ch\/wp-content\/uploads\/2022\/01\/Logo_Organisator_Website.png","width":800,"height":77,"caption":"Organisator"},"image":{"@id":"https:\/\/www.organisator.ch\/#\/schema\/logo\/image\/"},"sameAs":["https:\/\/www.facebook.com\/OrganisatorFachmagazin","https:\/\/www.linkedin.com\/showcase\/organisator-das-magazin-fr-kmu","https:\/\/www.xing.com\/news\/pages\/organisator-ch-695","https:\/\/www.youtube.com\/channel\/UCGP2Sq0iWaZwT3BdIAQFYpw"]},{"@type":"Person","@id":"https:\/\/www.organisator.ch\/#\/schema\/person\/2e1314a2172123f874db408d8911d3f3","name":"Adelisa Kalajdzini","image":{"@type":"ImageObject","inLanguage":"fr-FR","@id":"https:\/\/secure.gravatar.com\/avatar\/09a397c22ac58cad6f160ee8306348599df9df58a8ede73696226897b9fa4b24?s=96&d=mm&r=g","url":"https:\/\/secure.gravatar.com\/avatar\/09a397c22ac58cad6f160ee8306348599df9df58a8ede73696226897b9fa4b24?s=96&d=mm&r=g","contentUrl":"https:\/\/secure.gravatar.com\/avatar\/09a397c22ac58cad6f160ee8306348599df9df58a8ede73696226897b9fa4b24?s=96&d=mm&r=g","caption":"Adelisa Kalajdzini"},"url":"https:\/\/www.organisator.ch\/fr\/author\/adelisa-kalajdzini\/"}]}},"_links":{"self":[{"href":"https:\/\/www.organisator.ch\/fr\/wp-json\/wp\/v2\/posts\/26508","targetHints":{"allow":["GET"]}}],"collection":[{"href":"https:\/\/www.organisator.ch\/fr\/wp-json\/wp\/v2\/posts"}],"about":[{"href":"https:\/\/www.organisator.ch\/fr\/wp-json\/wp\/v2\/types\/post"}],"author":[{"embeddable":true,"href":"https:\/\/www.organisator.ch\/fr\/wp-json\/wp\/v2\/users\/58"}],"replies":[{"embeddable":true,"href":"https:\/\/www.organisator.ch\/fr\/wp-json\/wp\/v2\/comments?post=26508"}],"version-history":[{"count":8,"href":"https:\/\/www.organisator.ch\/fr\/wp-json\/wp\/v2\/posts\/26508\/revisions"}],"predecessor-version":[{"id":26592,"href":"https:\/\/www.organisator.ch\/fr\/wp-json\/wp\/v2\/posts\/26508\/revisions\/26592"}],"wp:featuredmedia":[{"embeddable":true,"href":"https:\/\/www.organisator.ch\/fr\/wp-json\/wp\/v2\/media\/26516"}],"wp:attachment":[{"href":"https:\/\/www.organisator.ch\/fr\/wp-json\/wp\/v2\/media?parent=26508"}],"wp:term":[{"taxonomy":"category","embeddable":true,"href":"https:\/\/www.organisator.ch\/fr\/wp-json\/wp\/v2\/categories?post=26508"},{"taxonomy":"post_tag","embeddable":true,"href":"https:\/\/www.organisator.ch\/fr\/wp-json\/wp\/v2\/tags?post=26508"}],"curies":[{"name":"wp","href":"https:\/\/api.w.org\/{rel}","templated":true}]}}