{"id":26580,"date":"2024-04-17T07:53:01","date_gmt":"2024-04-17T05:53:01","guid":{"rendered":"https:\/\/www.m-q.ch\/?p=19642"},"modified":"2024-11-11T07:02:27","modified_gmt":"2024-11-11T06:02:27","slug":"canon-schweiz-mit-friendly-work-space-qualitaetssiegel-ausgezeichnet","status":"publish","type":"post","link":"https:\/\/www.organisator.ch\/fr\/operational-excellence\/2024-04-17\/canon-schweiz-mit-friendly-work-space-qualitaetssiegel-ausgezeichnet\/","title":{"rendered":"Canon Suisse r\u00e9compens\u00e9 par le label de qualit\u00e9 \"Friendly Work Space"},"content":{"rendered":"<figure id=\"attachment_19644\" class=\"wp-caption alignnone\" style=\"width: 680px\" aria-describedby=\"caption-attachment-19644\"><img class=\"alignnone wp-image-19644 size-full\" src=\"https:\/\/www.m-q.ch\/wp-content\/uploads\/2024\/04\/Friendly-Work-Space_Bild1_ps.jpg\" alt=\"Canon Suisse\" width=\"680\" height=\"672\" \/>\r\n<figcaption id=\"caption-attachment-19644\" class=\"wp-caption-text\">Canon Suisse porte d\u00e9sormais le label \"Friendly Work Space\" de Promotion Sant\u00e9 Suisse. (Image : www.friendlyworkspace.ch \/ www.canon.ch)<\/figcaption>\r\n<\/figure>\r\n<p>\"Ce label est une belle confirmation que nous disposons d'une gestion de la sant\u00e9 exceptionnelle\", explique Corinne von Felten, directrice des ressources humaines chez Canon (Suisse) SA. \"Nous faisons d\u00e9sormais partie des presque 90 entreprises en Suisse qui peuvent porter le label de qualit\u00e9 \"Friendly Work Space\". Nous en sommes naturellement fiers\".<\/p>\r\n<p>Pour pouvoir devenir une entreprise certifi\u00e9e Friendly Work Space, il faut passer par un processus d'\u00e9valuation complet. Les crit\u00e8res utilis\u00e9s pour \u00e9valuer l'attribution du label par Promotion Sant\u00e9 Suisse se basent sur les crit\u00e8res de qualit\u00e9 europ\u00e9ens du ENWHP (European Network for Workplace Health Promotion) et ont \u00e9t\u00e9 d\u00e9velopp\u00e9s par Promotion Sant\u00e9 Suisse en collaboration avec des entreprises suisses de premier plan.<\/p>\r\n<p>Dans le cadre du processus d'\u00e9valuation, Canon Suisse a pu d\u00e9montrer que l'entreprise a solidement ancr\u00e9 la gestion de la sant\u00e9 en entreprise dans sa philosophie ainsi que dans sa politique d'entreprise.<\/p>\r\n<p>\"La gestion de la sant\u00e9 en entreprise fait partie de notre strat\u00e9gie en mati\u00e8re de personnel depuis de nombreuses ann\u00e9es et nous travaillons continuellement \u00e0 la cr\u00e9ation de conditions encore plus favorables au bien-\u00eatre et \u00e0 la sant\u00e9 de nos collaborateurs\", explique la responsable des RH. \"Nous sommes tr\u00e8s heureux de recevoir le prix \"Friendly Work Space\", qui nous confirme qu'il vaut la peine d'investir dans la gestion de la sant\u00e9\".<\/p>\r\n<p>Pour que Canon Suisse puisse continuer \u00e0 se qualifier d'entreprise Friendly Work Space dans trois ans, nous travaillons continuellement \u00e0 une gestion de la sant\u00e9 durable et \u00e0 long terme.<\/p>\r\n<p><em>Source : <a href=\"http:\/\/www.friendlyworkspace.ch\/\">www.friendlyworkspace.ch<\/a> \/ <a href=\"http:\/\/www.canon.ch\/\">www.canon.ch<\/a><\/em><\/p>\n<p class=\"syndicated-attribution\">Cet article est paru initialement sur m-q.ch - <a href=\"https:\/\/www.m-q.ch\/de\/canon-schweiz-mit-friendly-work-space-qualitaetssiegel-ausgezeichnet\/\" target=\"_blank\">https:\/\/www.m-q.ch\/de\/canon-schweiz-mit-friendly-work-space-qualitaetssiegel-ausgezeichnet\/<\/a><\/p>","protected":false},"excerpt":{"rendered":"<p>Canon Suisse porte d\u00e9sormais le label \"Friendly Work Space\" de Promotion Sant\u00e9 Suisse. Ce label de qualit\u00e9 reconnu, valable trois ans, r\u00e9compense les organisations qui font preuve d'un engagement syst\u00e9matique en faveur de bonnes conditions de travail et de la sant\u00e9 de leurs collaborateurs.<\/p>","protected":false},"author":58,"featured_media":0,"comment_status":"closed","ping_status":"closed","sticky":false,"template":"","format":"standard","meta":{"_acf_changed":false,"_yoast_wpseo_focuskw":"Canon Schweiz","_yoast_wpseo_metadesc":"Canon Schweiz erh\u00e4lt \u00abFriendly Work Space\u00bb Siegel f\u00fcr herausragendes Gesundheitsmanagement und Engagement f\u00fcr Mitarbeitende.","articlekey":"","footnotes":""},"categories":[582],"tags":[743,103,3630,424,492,613],"class_list":["post-26580","post","type-post","status-publish","format-standard","hentry","category-operational-excellence","tag-auszeichnung","tag-business-excellence","tag-friendly-work-space","tag-schweiz","tag-unternehmen","tag-zertifizierung"],"acf":[],"yoast_head":"<!-- This site is optimized with the Yoast SEO plugin v27.4 - https:\/\/yoast.com\/product\/yoast-seo-wordpress\/ -->\n<title>Canon Schweiz mit \u00abFriendly Work Space\u00bb Qualit\u00e4tssiegel ausgezeichnet - Organisator<\/title>\n<meta name=\"description\" content=\"Canon Schweiz erh\u00e4lt \u00abFriendly Work Space\u00bb Siegel f\u00fcr herausragendes Gesundheitsmanagement und Engagement f\u00fcr Mitarbeitende.\" \/>\n<meta name=\"robots\" content=\"index, follow, max-snippet:-1, max-image-preview:large, max-video-preview:-1\" \/>\n<link rel=\"canonical\" href=\"https:\/\/www.organisator.ch\/fr\/excellence-operationnelle\/2024-04-17\/canon-schweiz-mit-friendly-work-space-qualitaetssiegel-ausgezeichnet\/\" \/>\n<meta property=\"og:locale\" content=\"fr_FR\" \/>\n<meta property=\"og:type\" content=\"article\" \/>\n<meta property=\"og:title\" content=\"Canon Schweiz mit \u00abFriendly Work Space\u00bb Qualit\u00e4tssiegel ausgezeichnet - Organisator\" \/>\n<meta property=\"og:description\" content=\"Canon Schweiz erh\u00e4lt \u00abFriendly Work Space\u00bb Siegel f\u00fcr herausragendes Gesundheitsmanagement und Engagement f\u00fcr Mitarbeitende.\" \/>\n<meta property=\"og:url\" content=\"https:\/\/www.organisator.ch\/fr\/excellence-operationnelle\/2024-04-17\/canon-schweiz-mit-friendly-work-space-qualitaetssiegel-ausgezeichnet\/\" \/>\n<meta property=\"og:site_name\" content=\"Organisator\" \/>\n<meta property=\"article:publisher\" content=\"https:\/\/www.facebook.com\/OrganisatorFachmagazin\" \/>\n<meta property=\"article:published_time\" content=\"2024-04-17T05:53:01+00:00\" \/>\n<meta property=\"article:modified_time\" content=\"2024-11-11T06:02:27+00:00\" \/>\n<meta property=\"og:image\" content=\"https:\/\/www.m-q.ch\/wp-content\/uploads\/2024\/04\/Friendly-Work-Space_Bild1_ps.jpg\" \/>\n<meta name=\"author\" content=\"Adelisa Kalajdzini\" \/>\n<meta name=\"twitter:card\" content=\"summary_large_image\" \/>\n<script type=\"application\/ld+json\" class=\"yoast-schema-graph\">{\"@context\":\"https:\\\/\\\/schema.org\",\"@graph\":[{\"@type\":\"Article\",\"@id\":\"https:\\\/\\\/www.organisator.ch\\\/operational-excellence\\\/2024-04-17\\\/canon-schweiz-mit-friendly-work-space-qualitaetssiegel-ausgezeichnet\\\/#article\",\"isPartOf\":{\"@id\":\"https:\\\/\\\/www.organisator.ch\\\/operational-excellence\\\/2024-04-17\\\/canon-schweiz-mit-friendly-work-space-qualitaetssiegel-ausgezeichnet\\\/\"},\"author\":{\"name\":\"Adelisa Kalajdzini\",\"@id\":\"https:\\\/\\\/www.organisator.ch\\\/#\\\/schema\\\/person\\\/2e1314a2172123f874db408d8911d3f3\"},\"headline\":\"Canon Schweiz mit \u00abFriendly Work Space\u00bb Qualit\u00e4tssiegel ausgezeichnet\",\"datePublished\":\"2024-04-17T05:53:01+00:00\",\"dateModified\":\"2024-11-11T06:02:27+00:00\",\"mainEntityOfPage\":{\"@id\":\"https:\\\/\\\/www.organisator.ch\\\/operational-excellence\\\/2024-04-17\\\/canon-schweiz-mit-friendly-work-space-qualitaetssiegel-ausgezeichnet\\\/\"},\"wordCount\":260,\"publisher\":{\"@id\":\"https:\\\/\\\/www.organisator.ch\\\/#organization\"},\"image\":{\"@id\":\"https:\\\/\\\/www.organisator.ch\\\/operational-excellence\\\/2024-04-17\\\/canon-schweiz-mit-friendly-work-space-qualitaetssiegel-ausgezeichnet\\\/#primaryimage\"},\"thumbnailUrl\":\"https:\\\/\\\/www.m-q.ch\\\/wp-content\\\/uploads\\\/2024\\\/04\\\/Friendly-Work-Space_Bild1_ps.jpg\",\"keywords\":[\"Auszeichnung\",\"Business Excellence\",\"Friendly Work Space\",\"Schweiz\",\"Unternehmen\",\"Zertifizierung\"],\"articleSection\":[\"OPERATIONAL EXCELLENCE\"],\"inLanguage\":\"fr-FR\"},{\"@type\":\"WebPage\",\"@id\":\"https:\\\/\\\/www.organisator.ch\\\/operational-excellence\\\/2024-04-17\\\/canon-schweiz-mit-friendly-work-space-qualitaetssiegel-ausgezeichnet\\\/\",\"url\":\"https:\\\/\\\/www.organisator.ch\\\/operational-excellence\\\/2024-04-17\\\/canon-schweiz-mit-friendly-work-space-qualitaetssiegel-ausgezeichnet\\\/\",\"name\":\"Canon Schweiz mit \u00abFriendly Work Space\u00bb Qualit\u00e4tssiegel ausgezeichnet - Organisator\",\"isPartOf\":{\"@id\":\"https:\\\/\\\/www.organisator.ch\\\/#website\"},\"primaryImageOfPage\":{\"@id\":\"https:\\\/\\\/www.organisator.ch\\\/operational-excellence\\\/2024-04-17\\\/canon-schweiz-mit-friendly-work-space-qualitaetssiegel-ausgezeichnet\\\/#primaryimage\"},\"image\":{\"@id\":\"https:\\\/\\\/www.organisator.ch\\\/operational-excellence\\\/2024-04-17\\\/canon-schweiz-mit-friendly-work-space-qualitaetssiegel-ausgezeichnet\\\/#primaryimage\"},\"thumbnailUrl\":\"https:\\\/\\\/www.m-q.ch\\\/wp-content\\\/uploads\\\/2024\\\/04\\\/Friendly-Work-Space_Bild1_ps.jpg\",\"datePublished\":\"2024-04-17T05:53:01+00:00\",\"dateModified\":\"2024-11-11T06:02:27+00:00\",\"description\":\"Canon Schweiz erh\u00e4lt \u00abFriendly Work Space\u00bb Siegel f\u00fcr herausragendes Gesundheitsmanagement und Engagement f\u00fcr Mitarbeitende.\",\"breadcrumb\":{\"@id\":\"https:\\\/\\\/www.organisator.ch\\\/operational-excellence\\\/2024-04-17\\\/canon-schweiz-mit-friendly-work-space-qualitaetssiegel-ausgezeichnet\\\/#breadcrumb\"},\"inLanguage\":\"fr-FR\",\"potentialAction\":[{\"@type\":\"ReadAction\",\"target\":[\"https:\\\/\\\/www.organisator.ch\\\/operational-excellence\\\/2024-04-17\\\/canon-schweiz-mit-friendly-work-space-qualitaetssiegel-ausgezeichnet\\\/\"]}]},{\"@type\":\"ImageObject\",\"inLanguage\":\"fr-FR\",\"@id\":\"https:\\\/\\\/www.organisator.ch\\\/operational-excellence\\\/2024-04-17\\\/canon-schweiz-mit-friendly-work-space-qualitaetssiegel-ausgezeichnet\\\/#primaryimage\",\"url\":\"https:\\\/\\\/www.m-q.ch\\\/wp-content\\\/uploads\\\/2024\\\/04\\\/Friendly-Work-Space_Bild1_ps.jpg\",\"contentUrl\":\"https:\\\/\\\/www.m-q.ch\\\/wp-content\\\/uploads\\\/2024\\\/04\\\/Friendly-Work-Space_Bild1_ps.jpg\"},{\"@type\":\"BreadcrumbList\",\"@id\":\"https:\\\/\\\/www.organisator.ch\\\/operational-excellence\\\/2024-04-17\\\/canon-schweiz-mit-friendly-work-space-qualitaetssiegel-ausgezeichnet\\\/#breadcrumb\",\"itemListElement\":[{\"@type\":\"ListItem\",\"position\":1,\"name\":\"Home\",\"item\":\"https:\\\/\\\/www.organisator.ch\\\/\"},{\"@type\":\"ListItem\",\"position\":2,\"name\":\"Canon Schweiz mit \u00abFriendly Work Space\u00bb Qualit\u00e4tssiegel ausgezeichnet\"}]},{\"@type\":\"WebSite\",\"@id\":\"https:\\\/\\\/www.organisator.ch\\\/#website\",\"url\":\"https:\\\/\\\/www.organisator.ch\\\/\",\"name\":\"Organisator\",\"description\":\"Kompetent. Praxisnah. Der ORGANISATOR bereitet in 10 Ausgaben pro Jahr die wesentlichen Themen f\u00fcr F\u00fchrungskr\u00e4fte von KMU auf.\",\"publisher\":{\"@id\":\"https:\\\/\\\/www.organisator.ch\\\/#organization\"},\"potentialAction\":[{\"@type\":\"SearchAction\",\"target\":{\"@type\":\"EntryPoint\",\"urlTemplate\":\"https:\\\/\\\/www.organisator.ch\\\/?s={search_term_string}\"},\"query-input\":{\"@type\":\"PropertyValueSpecification\",\"valueRequired\":true,\"valueName\":\"search_term_string\"}}],\"inLanguage\":\"fr-FR\"},{\"@type\":\"Organization\",\"@id\":\"https:\\\/\\\/www.organisator.ch\\\/#organization\",\"name\":\"Organisator\",\"url\":\"https:\\\/\\\/www.organisator.ch\\\/\",\"logo\":{\"@type\":\"ImageObject\",\"inLanguage\":\"fr-FR\",\"@id\":\"https:\\\/\\\/www.organisator.ch\\\/#\\\/schema\\\/logo\\\/image\\\/\",\"url\":\"https:\\\/\\\/www.organisator.ch\\\/wp-content\\\/uploads\\\/2022\\\/01\\\/Logo_Organisator_Website.png\",\"contentUrl\":\"https:\\\/\\\/www.organisator.ch\\\/wp-content\\\/uploads\\\/2022\\\/01\\\/Logo_Organisator_Website.png\",\"width\":800,\"height\":77,\"caption\":\"Organisator\"},\"image\":{\"@id\":\"https:\\\/\\\/www.organisator.ch\\\/#\\\/schema\\\/logo\\\/image\\\/\"},\"sameAs\":[\"https:\\\/\\\/www.facebook.com\\\/OrganisatorFachmagazin\",\"https:\\\/\\\/www.linkedin.com\\\/showcase\\\/organisator-das-magazin-fr-kmu\",\"https:\\\/\\\/www.xing.com\\\/news\\\/pages\\\/organisator-ch-695\",\"https:\\\/\\\/www.youtube.com\\\/channel\\\/UCGP2Sq0iWaZwT3BdIAQFYpw\"]},{\"@type\":\"Person\",\"@id\":\"https:\\\/\\\/www.organisator.ch\\\/#\\\/schema\\\/person\\\/2e1314a2172123f874db408d8911d3f3\",\"name\":\"Adelisa Kalajdzini\",\"image\":{\"@type\":\"ImageObject\",\"inLanguage\":\"fr-FR\",\"@id\":\"https:\\\/\\\/secure.gravatar.com\\\/avatar\\\/09a397c22ac58cad6f160ee8306348599df9df58a8ede73696226897b9fa4b24?s=96&d=mm&r=g\",\"url\":\"https:\\\/\\\/secure.gravatar.com\\\/avatar\\\/09a397c22ac58cad6f160ee8306348599df9df58a8ede73696226897b9fa4b24?s=96&d=mm&r=g\",\"contentUrl\":\"https:\\\/\\\/secure.gravatar.com\\\/avatar\\\/09a397c22ac58cad6f160ee8306348599df9df58a8ede73696226897b9fa4b24?s=96&d=mm&r=g\",\"caption\":\"Adelisa Kalajdzini\"},\"url\":\"https:\\\/\\\/www.organisator.ch\\\/fr\\\/author\\\/adelisa-kalajdzini\\\/\"}]}<\/script>\n<!-- \/ Yoast SEO plugin. -->","yoast_head_json":{"title":"Canon Suisse re\u00e7oit le label de qualit\u00e9 \"Friendly Work Space\" - Organisateur","description":"Canon Suisse re\u00e7oit le label \"Friendly Work Space\" pour son excellente gestion de la sant\u00e9 et son engagement envers ses collaborateurs.","robots":{"index":"index","follow":"follow","max-snippet":"max-snippet:-1","max-image-preview":"max-image-preview:large","max-video-preview":"max-video-preview:-1"},"canonical":"https:\/\/www.organisator.ch\/fr\/excellence-operationnelle\/2024-04-17\/canon-schweiz-mit-friendly-work-space-qualitaetssiegel-ausgezeichnet\/","og_locale":"fr_FR","og_type":"article","og_title":"Canon Schweiz mit \u00abFriendly Work Space\u00bb Qualit\u00e4tssiegel ausgezeichnet - Organisator","og_description":"Canon Schweiz erh\u00e4lt \u00abFriendly Work Space\u00bb Siegel f\u00fcr herausragendes Gesundheitsmanagement und Engagement f\u00fcr Mitarbeitende.","og_url":"https:\/\/www.organisator.ch\/fr\/excellence-operationnelle\/2024-04-17\/canon-schweiz-mit-friendly-work-space-qualitaetssiegel-ausgezeichnet\/","og_site_name":"Organisator","article_publisher":"https:\/\/www.facebook.com\/OrganisatorFachmagazin","article_published_time":"2024-04-17T05:53:01+00:00","article_modified_time":"2024-11-11T06:02:27+00:00","og_image":[{"url":"https:\/\/www.m-q.ch\/wp-content\/uploads\/2024\/04\/Friendly-Work-Space_Bild1_ps.jpg","type":"","width":"","height":""}],"author":"Adelisa Kalajdzini","twitter_card":"summary_large_image","schema":{"@context":"https:\/\/schema.org","@graph":[{"@type":"Article","@id":"https:\/\/www.organisator.ch\/operational-excellence\/2024-04-17\/canon-schweiz-mit-friendly-work-space-qualitaetssiegel-ausgezeichnet\/#article","isPartOf":{"@id":"https:\/\/www.organisator.ch\/operational-excellence\/2024-04-17\/canon-schweiz-mit-friendly-work-space-qualitaetssiegel-ausgezeichnet\/"},"author":{"name":"Adelisa Kalajdzini","@id":"https:\/\/www.organisator.ch\/#\/schema\/person\/2e1314a2172123f874db408d8911d3f3"},"headline":"Canon Schweiz mit \u00abFriendly Work Space\u00bb Qualit\u00e4tssiegel ausgezeichnet","datePublished":"2024-04-17T05:53:01+00:00","dateModified":"2024-11-11T06:02:27+00:00","mainEntityOfPage":{"@id":"https:\/\/www.organisator.ch\/operational-excellence\/2024-04-17\/canon-schweiz-mit-friendly-work-space-qualitaetssiegel-ausgezeichnet\/"},"wordCount":260,"publisher":{"@id":"https:\/\/www.organisator.ch\/#organization"},"image":{"@id":"https:\/\/www.organisator.ch\/operational-excellence\/2024-04-17\/canon-schweiz-mit-friendly-work-space-qualitaetssiegel-ausgezeichnet\/#primaryimage"},"thumbnailUrl":"https:\/\/www.m-q.ch\/wp-content\/uploads\/2024\/04\/Friendly-Work-Space_Bild1_ps.jpg","keywords":["Auszeichnung","Business Excellence","Friendly Work Space","Schweiz","Unternehmen","Zertifizierung"],"articleSection":["OPERATIONAL EXCELLENCE"],"inLanguage":"fr-FR"},{"@type":"WebPage","@id":"https:\/\/www.organisator.ch\/operational-excellence\/2024-04-17\/canon-schweiz-mit-friendly-work-space-qualitaetssiegel-ausgezeichnet\/","url":"https:\/\/www.organisator.ch\/operational-excellence\/2024-04-17\/canon-schweiz-mit-friendly-work-space-qualitaetssiegel-ausgezeichnet\/","name":"Canon Suisse re\u00e7oit le label de qualit\u00e9 \"Friendly Work Space\" - Organisateur","isPartOf":{"@id":"https:\/\/www.organisator.ch\/#website"},"primaryImageOfPage":{"@id":"https:\/\/www.organisator.ch\/operational-excellence\/2024-04-17\/canon-schweiz-mit-friendly-work-space-qualitaetssiegel-ausgezeichnet\/#primaryimage"},"image":{"@id":"https:\/\/www.organisator.ch\/operational-excellence\/2024-04-17\/canon-schweiz-mit-friendly-work-space-qualitaetssiegel-ausgezeichnet\/#primaryimage"},"thumbnailUrl":"https:\/\/www.m-q.ch\/wp-content\/uploads\/2024\/04\/Friendly-Work-Space_Bild1_ps.jpg","datePublished":"2024-04-17T05:53:01+00:00","dateModified":"2024-11-11T06:02:27+00:00","description":"Canon Suisse re\u00e7oit le label \"Friendly Work Space\" pour son excellente gestion de la sant\u00e9 et son engagement envers ses collaborateurs.","breadcrumb":{"@id":"https:\/\/www.organisator.ch\/operational-excellence\/2024-04-17\/canon-schweiz-mit-friendly-work-space-qualitaetssiegel-ausgezeichnet\/#breadcrumb"},"inLanguage":"fr-FR","potentialAction":[{"@type":"ReadAction","target":["https:\/\/www.organisator.ch\/operational-excellence\/2024-04-17\/canon-schweiz-mit-friendly-work-space-qualitaetssiegel-ausgezeichnet\/"]}]},{"@type":"ImageObject","inLanguage":"fr-FR","@id":"https:\/\/www.organisator.ch\/operational-excellence\/2024-04-17\/canon-schweiz-mit-friendly-work-space-qualitaetssiegel-ausgezeichnet\/#primaryimage","url":"https:\/\/www.m-q.ch\/wp-content\/uploads\/2024\/04\/Friendly-Work-Space_Bild1_ps.jpg","contentUrl":"https:\/\/www.m-q.ch\/wp-content\/uploads\/2024\/04\/Friendly-Work-Space_Bild1_ps.jpg"},{"@type":"BreadcrumbList","@id":"https:\/\/www.organisator.ch\/operational-excellence\/2024-04-17\/canon-schweiz-mit-friendly-work-space-qualitaetssiegel-ausgezeichnet\/#breadcrumb","itemListElement":[{"@type":"ListItem","position":1,"name":"Home","item":"https:\/\/www.organisator.ch\/"},{"@type":"ListItem","position":2,"name":"Canon Schweiz mit \u00abFriendly Work Space\u00bb Qualit\u00e4tssiegel ausgezeichnet"}]},{"@type":"WebSite","@id":"https:\/\/www.organisator.ch\/#website","url":"https:\/\/www.organisator.ch\/","name":"Organisateur","description":"Comp\u00e9tence et comp\u00e9tence. Proches de la pratique. L'ORGANISATEUR pr\u00e9pare 10 num\u00e9ros par an sur les th\u00e8mes essentiels pour les dirigeants de PME.","publisher":{"@id":"https:\/\/www.organisator.ch\/#organization"},"potentialAction":[{"@type":"SearchAction","target":{"@type":"EntryPoint","urlTemplate":"https:\/\/www.organisator.ch\/?s={search_term_string}"},"query-input":{"@type":"PropertyValueSpecification","valueRequired":true,"valueName":"search_term_string"}}],"inLanguage":"fr-FR"},{"@type":"Organization","@id":"https:\/\/www.organisator.ch\/#organization","name":"Organisateur","url":"https:\/\/www.organisator.ch\/","logo":{"@type":"ImageObject","inLanguage":"fr-FR","@id":"https:\/\/www.organisator.ch\/#\/schema\/logo\/image\/","url":"https:\/\/www.organisator.ch\/wp-content\/uploads\/2022\/01\/Logo_Organisator_Website.png","contentUrl":"https:\/\/www.organisator.ch\/wp-content\/uploads\/2022\/01\/Logo_Organisator_Website.png","width":800,"height":77,"caption":"Organisator"},"image":{"@id":"https:\/\/www.organisator.ch\/#\/schema\/logo\/image\/"},"sameAs":["https:\/\/www.facebook.com\/OrganisatorFachmagazin","https:\/\/www.linkedin.com\/showcase\/organisator-das-magazin-fr-kmu","https:\/\/www.xing.com\/news\/pages\/organisator-ch-695","https:\/\/www.youtube.com\/channel\/UCGP2Sq0iWaZwT3BdIAQFYpw"]},{"@type":"Person","@id":"https:\/\/www.organisator.ch\/#\/schema\/person\/2e1314a2172123f874db408d8911d3f3","name":"Adelisa Kalajdzini","image":{"@type":"ImageObject","inLanguage":"fr-FR","@id":"https:\/\/secure.gravatar.com\/avatar\/09a397c22ac58cad6f160ee8306348599df9df58a8ede73696226897b9fa4b24?s=96&d=mm&r=g","url":"https:\/\/secure.gravatar.com\/avatar\/09a397c22ac58cad6f160ee8306348599df9df58a8ede73696226897b9fa4b24?s=96&d=mm&r=g","contentUrl":"https:\/\/secure.gravatar.com\/avatar\/09a397c22ac58cad6f160ee8306348599df9df58a8ede73696226897b9fa4b24?s=96&d=mm&r=g","caption":"Adelisa Kalajdzini"},"url":"https:\/\/www.organisator.ch\/fr\/author\/adelisa-kalajdzini\/"}]}},"_links":{"self":[{"href":"https:\/\/www.organisator.ch\/fr\/wp-json\/wp\/v2\/posts\/26580","targetHints":{"allow":["GET"]}}],"collection":[{"href":"https:\/\/www.organisator.ch\/fr\/wp-json\/wp\/v2\/posts"}],"about":[{"href":"https:\/\/www.organisator.ch\/fr\/wp-json\/wp\/v2\/types\/post"}],"author":[{"embeddable":true,"href":"https:\/\/www.organisator.ch\/fr\/wp-json\/wp\/v2\/users\/58"}],"replies":[{"embeddable":true,"href":"https:\/\/www.organisator.ch\/fr\/wp-json\/wp\/v2\/comments?post=26580"}],"version-history":[{"count":5,"href":"https:\/\/www.organisator.ch\/fr\/wp-json\/wp\/v2\/posts\/26580\/revisions"}],"predecessor-version":[{"id":32312,"href":"https:\/\/www.organisator.ch\/fr\/wp-json\/wp\/v2\/posts\/26580\/revisions\/32312"}],"wp:attachment":[{"href":"https:\/\/www.organisator.ch\/fr\/wp-json\/wp\/v2\/media?parent=26580"}],"wp:term":[{"taxonomy":"category","embeddable":true,"href":"https:\/\/www.organisator.ch\/fr\/wp-json\/wp\/v2\/categories?post=26580"},{"taxonomy":"post_tag","embeddable":true,"href":"https:\/\/www.organisator.ch\/fr\/wp-json\/wp\/v2\/tags?post=26580"}],"curies":[{"name":"wp","href":"https:\/\/api.w.org\/{rel}","templated":true}]}}