{"id":26609,"date":"2024-04-18T13:43:11","date_gmt":"2024-04-18T11:43:11","guid":{"rendered":"https:\/\/www.werbewoche.ch\/?p=213892"},"modified":"2024-11-11T06:53:38","modified_gmt":"2024-11-11T05:53:38","slug":"upcycling-aktion-mercedes-benz-macht-aus-alten-megapostern-taschen","status":"publish","type":"post","link":"https:\/\/www.organisator.ch\/fr\/marketing\/2024-04-18\/upcycling-aktion-mercedes-benz-macht-aus-alten-megapostern-taschen\/","title":{"rendered":"Action d'upcycling : Mercedes-Benz transforme de vieux m\u00e9ga-posters en sacs"},"content":{"rendered":"<p><img class=\"aligncenter wp-image-213895 size-full\" src=\"https:\/\/www.werbewoche.ch\/wp-content\/uploads\/2024\/04\/mercedes-benz-drahtzug-04.jpg\" alt=\"Mercedes\" width=\"1200\" height=\"900\" \/><\/p>\r\n<p>Afin de rendre visible vers l'ext\u00e9rieur son engagement dans le domaine de la durabilit\u00e9 - \u00e9galement dans le domaine de la distribution et du marketing - Mercedes-Benz collabore actuellement pour un projet d'upcycling avec Drahtzug, une entreprise \u00e0 vocation sociale de Zurich.<\/p>\r\n<h3>Revaloriser au lieu d'\u00e9liminer<\/h3>\r\n<p>Au centre de ce projet se trouvent des m\u00e9ga-posters qui ont \u00e9t\u00e9 utilis\u00e9s en Suisse en 2023 comme surfaces publicitaires pour Mercedes-Benz. Les six posters, d'une surface totale d'environ 830 m\u00e8tres carr\u00e9s, ne seront pas jet\u00e9s, mais transform\u00e9s en sacs \u00e0 provisions par Drahtzug. \"Avec cette initiative, nous ne contribuons pas seulement \u00e0 une utilisation responsable des ressources\", explique Patrick Bossart, directeur Marketing &amp; Corporate Communications chez Mercedes-Benz Suisse. \"Nous soutenons \u00e9galement un partenaire qui apporte une contribution pr\u00e9cieuse \u00e0 la promotion du deuxi\u00e8me march\u00e9 du travail en Suisse\". Drahtzug encadre et emploie des personnes souffrant d'un handicap psychique et soutient ainsi leur int\u00e9gration durable dans notre soci\u00e9t\u00e9.<\/p>\r\n<p><a href=\"https:\/\/www.werbewoche.ch\/wp-content\/uploads\/2024\/04\/mercedes-benz-drahtzug-01.jpg\"><img class=\"attachment-full size-full\" src=\"https:\/\/www.werbewoche.ch\/wp-content\/uploads\/2024\/04\/mercedes-benz-drahtzug-01.jpg\" alt=\"\" width=\"1200\" height=\"900\" \/><\/a> <a href=\"https:\/\/www.werbewoche.ch\/wp-content\/uploads\/2024\/04\/mercedes-benz-drahtzug-06.jpg\"><img class=\"attachment-full size-full\" src=\"https:\/\/www.werbewoche.ch\/wp-content\/uploads\/2024\/04\/mercedes-benz-drahtzug-06.jpg\" alt=\"\" width=\"1200\" height=\"786\" \/><\/a><\/p>\r\n<h3>La page de renvoi indique le lieu d'intervention<\/h3>\r\n<p>200 des sacs fabriqu\u00e9s en nombre limit\u00e9 seront tir\u00e9s au sort \u00e0 partir de lundi sur les canaux de m\u00e9dias sociaux de Mercedes-Benz Suisse. Les gagnants pourront d\u00e9couvrir sur la page d'accueil du projet des informations int\u00e9ressantes sur leur fabrication et sur l'utilisation pass\u00e9e du m\u00e9ga-poster utilis\u00e9 \u00e0 cet effet. La majeure partie des quelque 1000 sacs produits sera offerte par Mercedes-Benz Suisse \u00e0 ses collaborateurs. Ceux-ci devront \u00e0 l'avenir litt\u00e9ralement porter l'engagement de l'entreprise en faveur du d\u00e9veloppement durable dans le monde entier.<\/p>\r\n<p><a href=\"https:\/\/www.werbewoche.ch\/wp-content\/uploads\/2024\/04\/mercedes-benz-drahtzug-03.jpg\"><img class=\"attachment-full size-full\" src=\"https:\/\/www.werbewoche.ch\/wp-content\/uploads\/2024\/04\/mercedes-benz-drahtzug-03.jpg\" alt=\"\" width=\"1200\" height=\"778\" \/><\/a> <a href=\"https:\/\/www.werbewoche.ch\/wp-content\/uploads\/2024\/04\/mercedes-benz-drahtzug-05.jpg\"><img class=\"attachment-full size-full\" src=\"https:\/\/www.werbewoche.ch\/wp-content\/uploads\/2024\/04\/mercedes-benz-drahtzug-05.jpg\" alt=\"\" width=\"1200\" height=\"942\" \/><\/a><\/p>","protected":false},"excerpt":{"rendered":"<p>Dans le cadre d'un projet d'upcycling, Mercedes-Benz Suisse et Drahtzug transforment des m\u00e9ga-posters mis au rebut en sacs \u00e0 provisions pratiques. Un nombre limit\u00e9 d'entre eux sera tir\u00e9 au sort publiquement \u00e0 partir de lundi.<\/p>","protected":false},"author":8,"featured_media":0,"comment_status":"closed","ping_status":"closed","sticky":false,"template":"","format":"standard","meta":{"_acf_changed":false,"_yoast_wpseo_focuskw":"Mercedes-Benz","_yoast_wpseo_metadesc":"Mercedes-Benz: Upcycling-Projekt mit Drahtzug. Megaposter werden zu Taschen \u2013 nachhaltige Initiative mit sozialem Auftrag","articlekey":"","footnotes":""},"categories":[29],"tags":[339,4194,1787],"class_list":["post-26609","post","type-post","status-publish","format-standard","hentry","category-marketing","tag-marketing","tag-mercedes-benz","tag-nachhaltigkeit"],"acf":[],"yoast_head":"<!-- This site is optimized with the Yoast SEO plugin v27.5 - https:\/\/yoast.com\/product\/yoast-seo-wordpress\/ -->\n<title>Upcycling-Aktion: Mercedes-Benz macht aus alten Megapostern Taschen - Organisator<\/title>\n<meta name=\"description\" content=\"Mercedes-Benz: Upcycling-Projekt mit Drahtzug. Megaposter werden zu Taschen \u2013 nachhaltige Initiative mit sozialem Auftrag\" \/>\n<meta name=\"robots\" content=\"index, follow, max-snippet:-1, max-image-preview:large, max-video-preview:-1\" \/>\n<link rel=\"canonical\" href=\"https:\/\/www.organisator.ch\/fr\/marketing\/2024-04-18\/upcycling-aktion-mercedes-benz-macht-aus-alten-megapostern-taschen\/\" \/>\n<meta property=\"og:locale\" content=\"fr_FR\" \/>\n<meta property=\"og:type\" content=\"article\" \/>\n<meta property=\"og:title\" content=\"Upcycling-Aktion: Mercedes-Benz macht aus alten Megapostern Taschen - Organisator\" \/>\n<meta property=\"og:description\" content=\"Mercedes-Benz: Upcycling-Projekt mit Drahtzug. Megaposter werden zu Taschen \u2013 nachhaltige Initiative mit sozialem Auftrag\" \/>\n<meta property=\"og:url\" content=\"https:\/\/www.organisator.ch\/fr\/marketing\/2024-04-18\/upcycling-aktion-mercedes-benz-macht-aus-alten-megapostern-taschen\/\" \/>\n<meta property=\"og:site_name\" content=\"Organisator\" \/>\n<meta property=\"article:publisher\" content=\"https:\/\/www.facebook.com\/OrganisatorFachmagazin\" \/>\n<meta property=\"article:published_time\" content=\"2024-04-18T11:43:11+00:00\" \/>\n<meta property=\"article:modified_time\" content=\"2024-11-11T05:53:38+00:00\" \/>\n<meta property=\"og:image\" content=\"https:\/\/www.werbewoche.ch\/wp-content\/uploads\/2024\/04\/mercedes-benz-drahtzug-04.jpg\" \/>\n<meta name=\"author\" content=\"galledia\" \/>\n<meta name=\"twitter:card\" content=\"summary_large_image\" \/>\n<meta name=\"twitter:creator\" content=\"@admin\" \/>\n<script type=\"application\/ld+json\" class=\"yoast-schema-graph\">{\"@context\":\"https:\\\/\\\/schema.org\",\"@graph\":[{\"@type\":\"Article\",\"@id\":\"https:\\\/\\\/www.organisator.ch\\\/marketing\\\/2024-04-18\\\/upcycling-aktion-mercedes-benz-macht-aus-alten-megapostern-taschen\\\/#article\",\"isPartOf\":{\"@id\":\"https:\\\/\\\/www.organisator.ch\\\/marketing\\\/2024-04-18\\\/upcycling-aktion-mercedes-benz-macht-aus-alten-megapostern-taschen\\\/\"},\"author\":{\"name\":\"galledia\",\"@id\":\"https:\\\/\\\/www.organisator.ch\\\/#\\\/schema\\\/person\\\/4e51799071cd2dd1232ac003643ef5f0\"},\"headline\":\"Upcycling-Aktion: Mercedes-Benz macht aus alten Megapostern Taschen\",\"datePublished\":\"2024-04-18T11:43:11+00:00\",\"dateModified\":\"2024-11-11T05:53:38+00:00\",\"mainEntityOfPage\":{\"@id\":\"https:\\\/\\\/www.organisator.ch\\\/marketing\\\/2024-04-18\\\/upcycling-aktion-mercedes-benz-macht-aus-alten-megapostern-taschen\\\/\"},\"wordCount\":220,\"publisher\":{\"@id\":\"https:\\\/\\\/www.organisator.ch\\\/#organization\"},\"image\":{\"@id\":\"https:\\\/\\\/www.organisator.ch\\\/marketing\\\/2024-04-18\\\/upcycling-aktion-mercedes-benz-macht-aus-alten-megapostern-taschen\\\/#primaryimage\"},\"thumbnailUrl\":\"https:\\\/\\\/www.werbewoche.ch\\\/wp-content\\\/uploads\\\/2024\\\/04\\\/mercedes-benz-drahtzug-04.jpg\",\"keywords\":[\"Marketing\",\"Mercedes-Benz\",\"Nachhaltigkeit\"],\"articleSection\":[\"MARKETING\"],\"inLanguage\":\"fr-FR\"},{\"@type\":\"WebPage\",\"@id\":\"https:\\\/\\\/www.organisator.ch\\\/marketing\\\/2024-04-18\\\/upcycling-aktion-mercedes-benz-macht-aus-alten-megapostern-taschen\\\/\",\"url\":\"https:\\\/\\\/www.organisator.ch\\\/marketing\\\/2024-04-18\\\/upcycling-aktion-mercedes-benz-macht-aus-alten-megapostern-taschen\\\/\",\"name\":\"Upcycling-Aktion: Mercedes-Benz macht aus alten Megapostern Taschen - Organisator\",\"isPartOf\":{\"@id\":\"https:\\\/\\\/www.organisator.ch\\\/#website\"},\"primaryImageOfPage\":{\"@id\":\"https:\\\/\\\/www.organisator.ch\\\/marketing\\\/2024-04-18\\\/upcycling-aktion-mercedes-benz-macht-aus-alten-megapostern-taschen\\\/#primaryimage\"},\"image\":{\"@id\":\"https:\\\/\\\/www.organisator.ch\\\/marketing\\\/2024-04-18\\\/upcycling-aktion-mercedes-benz-macht-aus-alten-megapostern-taschen\\\/#primaryimage\"},\"thumbnailUrl\":\"https:\\\/\\\/www.werbewoche.ch\\\/wp-content\\\/uploads\\\/2024\\\/04\\\/mercedes-benz-drahtzug-04.jpg\",\"datePublished\":\"2024-04-18T11:43:11+00:00\",\"dateModified\":\"2024-11-11T05:53:38+00:00\",\"description\":\"Mercedes-Benz: Upcycling-Projekt mit Drahtzug. Megaposter werden zu Taschen \u2013 nachhaltige Initiative mit sozialem Auftrag\",\"breadcrumb\":{\"@id\":\"https:\\\/\\\/www.organisator.ch\\\/marketing\\\/2024-04-18\\\/upcycling-aktion-mercedes-benz-macht-aus-alten-megapostern-taschen\\\/#breadcrumb\"},\"inLanguage\":\"fr-FR\",\"potentialAction\":[{\"@type\":\"ReadAction\",\"target\":[\"https:\\\/\\\/www.organisator.ch\\\/marketing\\\/2024-04-18\\\/upcycling-aktion-mercedes-benz-macht-aus-alten-megapostern-taschen\\\/\"]}]},{\"@type\":\"ImageObject\",\"inLanguage\":\"fr-FR\",\"@id\":\"https:\\\/\\\/www.organisator.ch\\\/marketing\\\/2024-04-18\\\/upcycling-aktion-mercedes-benz-macht-aus-alten-megapostern-taschen\\\/#primaryimage\",\"url\":\"https:\\\/\\\/www.werbewoche.ch\\\/wp-content\\\/uploads\\\/2024\\\/04\\\/mercedes-benz-drahtzug-04.jpg\",\"contentUrl\":\"https:\\\/\\\/www.werbewoche.ch\\\/wp-content\\\/uploads\\\/2024\\\/04\\\/mercedes-benz-drahtzug-04.jpg\"},{\"@type\":\"BreadcrumbList\",\"@id\":\"https:\\\/\\\/www.organisator.ch\\\/marketing\\\/2024-04-18\\\/upcycling-aktion-mercedes-benz-macht-aus-alten-megapostern-taschen\\\/#breadcrumb\",\"itemListElement\":[{\"@type\":\"ListItem\",\"position\":1,\"name\":\"Home\",\"item\":\"https:\\\/\\\/www.organisator.ch\\\/\"},{\"@type\":\"ListItem\",\"position\":2,\"name\":\"Upcycling-Aktion: Mercedes-Benz macht aus alten Megapostern Taschen\"}]},{\"@type\":\"WebSite\",\"@id\":\"https:\\\/\\\/www.organisator.ch\\\/#website\",\"url\":\"https:\\\/\\\/www.organisator.ch\\\/\",\"name\":\"Organisator\",\"description\":\"Kompetent. Praxisnah. Der ORGANISATOR bereitet in 10 Ausgaben pro Jahr die wesentlichen Themen f\u00fcr F\u00fchrungskr\u00e4fte von KMU auf.\",\"publisher\":{\"@id\":\"https:\\\/\\\/www.organisator.ch\\\/#organization\"},\"potentialAction\":[{\"@type\":\"SearchAction\",\"target\":{\"@type\":\"EntryPoint\",\"urlTemplate\":\"https:\\\/\\\/www.organisator.ch\\\/?s={search_term_string}\"},\"query-input\":{\"@type\":\"PropertyValueSpecification\",\"valueRequired\":true,\"valueName\":\"search_term_string\"}}],\"inLanguage\":\"fr-FR\"},{\"@type\":\"Organization\",\"@id\":\"https:\\\/\\\/www.organisator.ch\\\/#organization\",\"name\":\"Organisator\",\"url\":\"https:\\\/\\\/www.organisator.ch\\\/\",\"logo\":{\"@type\":\"ImageObject\",\"inLanguage\":\"fr-FR\",\"@id\":\"https:\\\/\\\/www.organisator.ch\\\/#\\\/schema\\\/logo\\\/image\\\/\",\"url\":\"https:\\\/\\\/www.organisator.ch\\\/wp-content\\\/uploads\\\/2022\\\/01\\\/Logo_Organisator_Website.png\",\"contentUrl\":\"https:\\\/\\\/www.organisator.ch\\\/wp-content\\\/uploads\\\/2022\\\/01\\\/Logo_Organisator_Website.png\",\"width\":800,\"height\":77,\"caption\":\"Organisator\"},\"image\":{\"@id\":\"https:\\\/\\\/www.organisator.ch\\\/#\\\/schema\\\/logo\\\/image\\\/\"},\"sameAs\":[\"https:\\\/\\\/www.facebook.com\\\/OrganisatorFachmagazin\",\"https:\\\/\\\/www.linkedin.com\\\/showcase\\\/organisator-das-magazin-fr-kmu\",\"https:\\\/\\\/www.xing.com\\\/news\\\/pages\\\/organisator-ch-695\",\"https:\\\/\\\/www.youtube.com\\\/channel\\\/UCGP2Sq0iWaZwT3BdIAQFYpw\"]},{\"@type\":\"Person\",\"@id\":\"https:\\\/\\\/www.organisator.ch\\\/#\\\/schema\\\/person\\\/4e51799071cd2dd1232ac003643ef5f0\",\"name\":\"galledia\",\"image\":{\"@type\":\"ImageObject\",\"inLanguage\":\"fr-FR\",\"@id\":\"https:\\\/\\\/secure.gravatar.com\\\/avatar\\\/78a7f90c01fc2bfc875782a0d4922b37cde2cf184ce347b91316d23cd7f69a36?s=96&d=mm&r=g\",\"url\":\"https:\\\/\\\/secure.gravatar.com\\\/avatar\\\/78a7f90c01fc2bfc875782a0d4922b37cde2cf184ce347b91316d23cd7f69a36?s=96&d=mm&r=g\",\"contentUrl\":\"https:\\\/\\\/secure.gravatar.com\\\/avatar\\\/78a7f90c01fc2bfc875782a0d4922b37cde2cf184ce347b91316d23cd7f69a36?s=96&d=mm&r=g\",\"caption\":\"galledia\"},\"sameAs\":[\"https:\\\/\\\/x.com\\\/admin\"],\"url\":\"https:\\\/\\\/www.organisator.ch\\\/fr\\\/author\\\/galledia\\\/\"}]}<\/script>\n<!-- \/ Yoast SEO plugin. -->","yoast_head_json":{"title":"Action d'upcycling : Mercedes-Benz transforme de vieux m\u00e9ga-posters en sacs - Organisateur","description":"Mercedes-Benz : projet d'upcycling avec du fil de fer. Des m\u00e9ga-posters transform\u00e9s en sacs - une initiative durable \u00e0 vocation sociale","robots":{"index":"index","follow":"follow","max-snippet":"max-snippet:-1","max-image-preview":"max-image-preview:large","max-video-preview":"max-video-preview:-1"},"canonical":"https:\/\/www.organisator.ch\/fr\/marketing\/2024-04-18\/upcycling-aktion-mercedes-benz-macht-aus-alten-megapostern-taschen\/","og_locale":"fr_FR","og_type":"article","og_title":"Upcycling-Aktion: Mercedes-Benz macht aus alten Megapostern Taschen - Organisator","og_description":"Mercedes-Benz: Upcycling-Projekt mit Drahtzug. Megaposter werden zu Taschen \u2013 nachhaltige Initiative mit sozialem Auftrag","og_url":"https:\/\/www.organisator.ch\/fr\/marketing\/2024-04-18\/upcycling-aktion-mercedes-benz-macht-aus-alten-megapostern-taschen\/","og_site_name":"Organisator","article_publisher":"https:\/\/www.facebook.com\/OrganisatorFachmagazin","article_published_time":"2024-04-18T11:43:11+00:00","article_modified_time":"2024-11-11T05:53:38+00:00","og_image":[{"url":"https:\/\/www.werbewoche.ch\/wp-content\/uploads\/2024\/04\/mercedes-benz-drahtzug-04.jpg","type":"","width":"","height":""}],"author":"galledia","twitter_card":"summary_large_image","twitter_creator":"@admin","schema":{"@context":"https:\/\/schema.org","@graph":[{"@type":"Article","@id":"https:\/\/www.organisator.ch\/marketing\/2024-04-18\/upcycling-aktion-mercedes-benz-macht-aus-alten-megapostern-taschen\/#article","isPartOf":{"@id":"https:\/\/www.organisator.ch\/marketing\/2024-04-18\/upcycling-aktion-mercedes-benz-macht-aus-alten-megapostern-taschen\/"},"author":{"name":"galledia","@id":"https:\/\/www.organisator.ch\/#\/schema\/person\/4e51799071cd2dd1232ac003643ef5f0"},"headline":"Upcycling-Aktion: Mercedes-Benz macht aus alten Megapostern Taschen","datePublished":"2024-04-18T11:43:11+00:00","dateModified":"2024-11-11T05:53:38+00:00","mainEntityOfPage":{"@id":"https:\/\/www.organisator.ch\/marketing\/2024-04-18\/upcycling-aktion-mercedes-benz-macht-aus-alten-megapostern-taschen\/"},"wordCount":220,"publisher":{"@id":"https:\/\/www.organisator.ch\/#organization"},"image":{"@id":"https:\/\/www.organisator.ch\/marketing\/2024-04-18\/upcycling-aktion-mercedes-benz-macht-aus-alten-megapostern-taschen\/#primaryimage"},"thumbnailUrl":"https:\/\/www.werbewoche.ch\/wp-content\/uploads\/2024\/04\/mercedes-benz-drahtzug-04.jpg","keywords":["Marketing","Mercedes-Benz","Nachhaltigkeit"],"articleSection":["MARKETING"],"inLanguage":"fr-FR"},{"@type":"WebPage","@id":"https:\/\/www.organisator.ch\/marketing\/2024-04-18\/upcycling-aktion-mercedes-benz-macht-aus-alten-megapostern-taschen\/","url":"https:\/\/www.organisator.ch\/marketing\/2024-04-18\/upcycling-aktion-mercedes-benz-macht-aus-alten-megapostern-taschen\/","name":"Action d'upcycling : Mercedes-Benz transforme de vieux m\u00e9ga-posters en sacs - Organisateur","isPartOf":{"@id":"https:\/\/www.organisator.ch\/#website"},"primaryImageOfPage":{"@id":"https:\/\/www.organisator.ch\/marketing\/2024-04-18\/upcycling-aktion-mercedes-benz-macht-aus-alten-megapostern-taschen\/#primaryimage"},"image":{"@id":"https:\/\/www.organisator.ch\/marketing\/2024-04-18\/upcycling-aktion-mercedes-benz-macht-aus-alten-megapostern-taschen\/#primaryimage"},"thumbnailUrl":"https:\/\/www.werbewoche.ch\/wp-content\/uploads\/2024\/04\/mercedes-benz-drahtzug-04.jpg","datePublished":"2024-04-18T11:43:11+00:00","dateModified":"2024-11-11T05:53:38+00:00","description":"Mercedes-Benz : projet d'upcycling avec du fil de fer. Des m\u00e9ga-posters transform\u00e9s en sacs - une initiative durable \u00e0 vocation sociale","breadcrumb":{"@id":"https:\/\/www.organisator.ch\/marketing\/2024-04-18\/upcycling-aktion-mercedes-benz-macht-aus-alten-megapostern-taschen\/#breadcrumb"},"inLanguage":"fr-FR","potentialAction":[{"@type":"ReadAction","target":["https:\/\/www.organisator.ch\/marketing\/2024-04-18\/upcycling-aktion-mercedes-benz-macht-aus-alten-megapostern-taschen\/"]}]},{"@type":"ImageObject","inLanguage":"fr-FR","@id":"https:\/\/www.organisator.ch\/marketing\/2024-04-18\/upcycling-aktion-mercedes-benz-macht-aus-alten-megapostern-taschen\/#primaryimage","url":"https:\/\/www.werbewoche.ch\/wp-content\/uploads\/2024\/04\/mercedes-benz-drahtzug-04.jpg","contentUrl":"https:\/\/www.werbewoche.ch\/wp-content\/uploads\/2024\/04\/mercedes-benz-drahtzug-04.jpg"},{"@type":"BreadcrumbList","@id":"https:\/\/www.organisator.ch\/marketing\/2024-04-18\/upcycling-aktion-mercedes-benz-macht-aus-alten-megapostern-taschen\/#breadcrumb","itemListElement":[{"@type":"ListItem","position":1,"name":"Home","item":"https:\/\/www.organisator.ch\/"},{"@type":"ListItem","position":2,"name":"Upcycling-Aktion: Mercedes-Benz macht aus alten Megapostern Taschen"}]},{"@type":"WebSite","@id":"https:\/\/www.organisator.ch\/#website","url":"https:\/\/www.organisator.ch\/","name":"Organisateur","description":"Comp\u00e9tence et comp\u00e9tence. Proches de la pratique. L'ORGANISATEUR pr\u00e9pare 10 num\u00e9ros par an sur les th\u00e8mes essentiels pour les dirigeants de PME.","publisher":{"@id":"https:\/\/www.organisator.ch\/#organization"},"potentialAction":[{"@type":"SearchAction","target":{"@type":"EntryPoint","urlTemplate":"https:\/\/www.organisator.ch\/?s={search_term_string}"},"query-input":{"@type":"PropertyValueSpecification","valueRequired":true,"valueName":"search_term_string"}}],"inLanguage":"fr-FR"},{"@type":"Organization","@id":"https:\/\/www.organisator.ch\/#organization","name":"Organisateur","url":"https:\/\/www.organisator.ch\/","logo":{"@type":"ImageObject","inLanguage":"fr-FR","@id":"https:\/\/www.organisator.ch\/#\/schema\/logo\/image\/","url":"https:\/\/www.organisator.ch\/wp-content\/uploads\/2022\/01\/Logo_Organisator_Website.png","contentUrl":"https:\/\/www.organisator.ch\/wp-content\/uploads\/2022\/01\/Logo_Organisator_Website.png","width":800,"height":77,"caption":"Organisator"},"image":{"@id":"https:\/\/www.organisator.ch\/#\/schema\/logo\/image\/"},"sameAs":["https:\/\/www.facebook.com\/OrganisatorFachmagazin","https:\/\/www.linkedin.com\/showcase\/organisator-das-magazin-fr-kmu","https:\/\/www.xing.com\/news\/pages\/organisator-ch-695","https:\/\/www.youtube.com\/channel\/UCGP2Sq0iWaZwT3BdIAQFYpw"]},{"@type":"Person","@id":"https:\/\/www.organisator.ch\/#\/schema\/person\/4e51799071cd2dd1232ac003643ef5f0","name":"galledia","image":{"@type":"ImageObject","inLanguage":"fr-FR","@id":"https:\/\/secure.gravatar.com\/avatar\/78a7f90c01fc2bfc875782a0d4922b37cde2cf184ce347b91316d23cd7f69a36?s=96&d=mm&r=g","url":"https:\/\/secure.gravatar.com\/avatar\/78a7f90c01fc2bfc875782a0d4922b37cde2cf184ce347b91316d23cd7f69a36?s=96&d=mm&r=g","contentUrl":"https:\/\/secure.gravatar.com\/avatar\/78a7f90c01fc2bfc875782a0d4922b37cde2cf184ce347b91316d23cd7f69a36?s=96&d=mm&r=g","caption":"galledia"},"sameAs":["https:\/\/x.com\/admin"],"url":"https:\/\/www.organisator.ch\/fr\/author\/galledia\/"}]}},"_links":{"self":[{"href":"https:\/\/www.organisator.ch\/fr\/wp-json\/wp\/v2\/posts\/26609","targetHints":{"allow":["GET"]}}],"collection":[{"href":"https:\/\/www.organisator.ch\/fr\/wp-json\/wp\/v2\/posts"}],"about":[{"href":"https:\/\/www.organisator.ch\/fr\/wp-json\/wp\/v2\/types\/post"}],"author":[{"embeddable":true,"href":"https:\/\/www.organisator.ch\/fr\/wp-json\/wp\/v2\/users\/8"}],"replies":[{"embeddable":true,"href":"https:\/\/www.organisator.ch\/fr\/wp-json\/wp\/v2\/comments?post=26609"}],"version-history":[{"count":3,"href":"https:\/\/www.organisator.ch\/fr\/wp-json\/wp\/v2\/posts\/26609\/revisions"}],"predecessor-version":[{"id":32306,"href":"https:\/\/www.organisator.ch\/fr\/wp-json\/wp\/v2\/posts\/26609\/revisions\/32306"}],"wp:attachment":[{"href":"https:\/\/www.organisator.ch\/fr\/wp-json\/wp\/v2\/media?parent=26609"}],"wp:term":[{"taxonomy":"category","embeddable":true,"href":"https:\/\/www.organisator.ch\/fr\/wp-json\/wp\/v2\/categories?post=26609"},{"taxonomy":"post_tag","embeddable":true,"href":"https:\/\/www.organisator.ch\/fr\/wp-json\/wp\/v2\/tags?post=26609"}],"curies":[{"name":"wp","href":"https:\/\/api.w.org\/{rel}","templated":true}]}}