{"id":26622,"date":"2024-04-19T11:13:17","date_gmt":"2024-04-19T09:13:17","guid":{"rendered":"https:\/\/www.werbewoche.ch\/?p=213937"},"modified":"2024-11-11T06:50:33","modified_gmt":"2024-11-11T05:50:33","slug":"karling-schafft-bunten-auftritt-fuers-kinderparadies-von-sihlcity","status":"publish","type":"post","link":"https:\/\/www.organisator.ch\/fr\/marketing\/2024-04-19\/karling-schafft-bunten-auftritt-fuers-kinderparadies-von-sihlcity\/","title":{"rendered":"Karling cr\u00e9e une pr\u00e9sentation color\u00e9e pour le paradis des enfants de Sihlcity"},"content":{"rendered":"<p><img class=\"aligncenter wp-image-213938 size-full\" src=\"https:\/\/www.werbewoche.ch\/wp-content\/uploads\/2024\/04\/Minicity-Logo1.jpg\" alt=\"Minicity\" width=\"1200\" height=\"900\" \/><\/p>\r\n<p>Le visuel cl\u00e9, cr\u00e9\u00e9 \u00e0 l'aide de l'IA et d'une animation CGI sophistiqu\u00e9e, transforme une ville en une fantastique piscine \u00e0 balles. Sans aucune intelligence artificielle, mais avec beaucoup de joie enfantine, les films pour Minicity sont visibles d\u00e8s maintenant sur les m\u00e9dias sociaux et les supports publicitaires num\u00e9riques.<\/p>\r\n<p>Le visuel cl\u00e9 est \u00e9galement utilis\u00e9 sur des annonces Instream et Display, des affiches, des e-boards, des flyers, des cartes postales, dans les m\u00e9dias sociaux et d'autres mesures.<\/p>\r\n<p><\/p>\r\n<p><\/p>\r\n<p><\/p>\r\n<hr \/>\r\n<p><strong>Responsable chez Sihlcity : <\/strong>Mara Bonorand, Corine Gubler, Michelle Ferreira. <strong>Responsable chez Karling : <\/strong>Ingrid Brun del Re, Patrick Suter, Daniel Serrano, Franziska Suter, Ilias Islam. <strong>Motion design, visuel cl\u00e9 :<\/strong> Simone Nucci.<\/p>","protected":false},"excerpt":{"rendered":"<p>Pour cr\u00e9er la nouvelle image globale de Minicity, Karling a chauss\u00e9 ses lunettes d'enfant et a fait en sorte que les r\u00eaves de ces derniers deviennent r\u00e9alit\u00e9. Dans le nouveau logo anim\u00e9 du paradis des enfants de Sihlcity, chaque lettre est devenue un \"personnage\".<\/p>","protected":false},"author":8,"featured_media":0,"comment_status":"closed","ping_status":"closed","sticky":false,"template":"","format":"standard","meta":{"_acf_changed":false,"_yoast_wpseo_focuskw":"Minicity","_yoast_wpseo_metadesc":"Minicity: KI und CGI verwandeln Stadt in fantastisches B\u00e4llebad. Filme und Ads auf Social Media und digitalen Medien.","articlekey":"","footnotes":""},"categories":[29],"tags":[4195,2617,4196],"class_list":["post-26622","post","type-post","status-publish","format-standard","hentry","category-marketing","tag-karling","tag-marken","tag-sihlcity"],"acf":[],"yoast_head":"<!-- This site is optimized with the Yoast SEO plugin v27.4 - https:\/\/yoast.com\/product\/yoast-seo-wordpress\/ -->\n<title>Karling schafft bunten Auftritt f\u00fcrs Kinderparadies von Sihlcity - Organisator<\/title>\n<meta name=\"description\" content=\"Minicity: KI und CGI verwandeln Stadt in fantastisches B\u00e4llebad. Filme und Ads auf Social Media und digitalen Medien.\" \/>\n<meta name=\"robots\" content=\"index, follow, max-snippet:-1, max-image-preview:large, max-video-preview:-1\" \/>\n<link rel=\"canonical\" href=\"https:\/\/www.organisator.ch\/fr\/marketing\/2024-04-19\/karling-schafft-bunten-auftritt-fuers-kinderparadies-von-sihlcity\/\" \/>\n<meta property=\"og:locale\" content=\"fr_FR\" \/>\n<meta property=\"og:type\" content=\"article\" \/>\n<meta property=\"og:title\" content=\"Karling schafft bunten Auftritt f\u00fcrs Kinderparadies von Sihlcity - Organisator\" \/>\n<meta property=\"og:description\" content=\"Minicity: KI und CGI verwandeln Stadt in fantastisches B\u00e4llebad. Filme und Ads auf Social Media und digitalen Medien.\" \/>\n<meta property=\"og:url\" content=\"https:\/\/www.organisator.ch\/fr\/marketing\/2024-04-19\/karling-schafft-bunten-auftritt-fuers-kinderparadies-von-sihlcity\/\" \/>\n<meta property=\"og:site_name\" content=\"Organisator\" \/>\n<meta property=\"article:publisher\" content=\"https:\/\/www.facebook.com\/OrganisatorFachmagazin\" \/>\n<meta property=\"article:published_time\" content=\"2024-04-19T09:13:17+00:00\" \/>\n<meta property=\"article:modified_time\" content=\"2024-11-11T05:50:33+00:00\" \/>\n<meta property=\"og:image\" content=\"https:\/\/www.werbewoche.ch\/wp-content\/uploads\/2024\/04\/Minicity-Logo1.jpg\" \/>\n<meta name=\"author\" content=\"galledia\" \/>\n<meta name=\"twitter:card\" content=\"summary_large_image\" \/>\n<meta name=\"twitter:creator\" content=\"@admin\" \/>\n<script type=\"application\/ld+json\" class=\"yoast-schema-graph\">{\"@context\":\"https:\\\/\\\/schema.org\",\"@graph\":[{\"@type\":\"Article\",\"@id\":\"https:\\\/\\\/www.organisator.ch\\\/marketing\\\/2024-04-19\\\/karling-schafft-bunten-auftritt-fuers-kinderparadies-von-sihlcity\\\/#article\",\"isPartOf\":{\"@id\":\"https:\\\/\\\/www.organisator.ch\\\/marketing\\\/2024-04-19\\\/karling-schafft-bunten-auftritt-fuers-kinderparadies-von-sihlcity\\\/\"},\"author\":{\"name\":\"galledia\",\"@id\":\"https:\\\/\\\/www.organisator.ch\\\/#\\\/schema\\\/person\\\/4e51799071cd2dd1232ac003643ef5f0\"},\"headline\":\"Karling schafft bunten Auftritt f\u00fcrs Kinderparadies von Sihlcity\",\"datePublished\":\"2024-04-19T09:13:17+00:00\",\"dateModified\":\"2024-11-11T05:50:33+00:00\",\"mainEntityOfPage\":{\"@id\":\"https:\\\/\\\/www.organisator.ch\\\/marketing\\\/2024-04-19\\\/karling-schafft-bunten-auftritt-fuers-kinderparadies-von-sihlcity\\\/\"},\"wordCount\":106,\"publisher\":{\"@id\":\"https:\\\/\\\/www.organisator.ch\\\/#organization\"},\"image\":{\"@id\":\"https:\\\/\\\/www.organisator.ch\\\/marketing\\\/2024-04-19\\\/karling-schafft-bunten-auftritt-fuers-kinderparadies-von-sihlcity\\\/#primaryimage\"},\"thumbnailUrl\":\"https:\\\/\\\/www.werbewoche.ch\\\/wp-content\\\/uploads\\\/2024\\\/04\\\/Minicity-Logo1.jpg\",\"keywords\":[\"Karling\",\"Marken\",\"Sihlcity\"],\"articleSection\":[\"MARKETING\"],\"inLanguage\":\"fr-FR\"},{\"@type\":\"WebPage\",\"@id\":\"https:\\\/\\\/www.organisator.ch\\\/marketing\\\/2024-04-19\\\/karling-schafft-bunten-auftritt-fuers-kinderparadies-von-sihlcity\\\/\",\"url\":\"https:\\\/\\\/www.organisator.ch\\\/marketing\\\/2024-04-19\\\/karling-schafft-bunten-auftritt-fuers-kinderparadies-von-sihlcity\\\/\",\"name\":\"Karling schafft bunten Auftritt f\u00fcrs Kinderparadies von Sihlcity - Organisator\",\"isPartOf\":{\"@id\":\"https:\\\/\\\/www.organisator.ch\\\/#website\"},\"primaryImageOfPage\":{\"@id\":\"https:\\\/\\\/www.organisator.ch\\\/marketing\\\/2024-04-19\\\/karling-schafft-bunten-auftritt-fuers-kinderparadies-von-sihlcity\\\/#primaryimage\"},\"image\":{\"@id\":\"https:\\\/\\\/www.organisator.ch\\\/marketing\\\/2024-04-19\\\/karling-schafft-bunten-auftritt-fuers-kinderparadies-von-sihlcity\\\/#primaryimage\"},\"thumbnailUrl\":\"https:\\\/\\\/www.werbewoche.ch\\\/wp-content\\\/uploads\\\/2024\\\/04\\\/Minicity-Logo1.jpg\",\"datePublished\":\"2024-04-19T09:13:17+00:00\",\"dateModified\":\"2024-11-11T05:50:33+00:00\",\"description\":\"Minicity: KI und CGI verwandeln Stadt in fantastisches B\u00e4llebad. Filme und Ads auf Social Media und digitalen Medien.\",\"breadcrumb\":{\"@id\":\"https:\\\/\\\/www.organisator.ch\\\/marketing\\\/2024-04-19\\\/karling-schafft-bunten-auftritt-fuers-kinderparadies-von-sihlcity\\\/#breadcrumb\"},\"inLanguage\":\"fr-FR\",\"potentialAction\":[{\"@type\":\"ReadAction\",\"target\":[\"https:\\\/\\\/www.organisator.ch\\\/marketing\\\/2024-04-19\\\/karling-schafft-bunten-auftritt-fuers-kinderparadies-von-sihlcity\\\/\"]}]},{\"@type\":\"ImageObject\",\"inLanguage\":\"fr-FR\",\"@id\":\"https:\\\/\\\/www.organisator.ch\\\/marketing\\\/2024-04-19\\\/karling-schafft-bunten-auftritt-fuers-kinderparadies-von-sihlcity\\\/#primaryimage\",\"url\":\"https:\\\/\\\/www.werbewoche.ch\\\/wp-content\\\/uploads\\\/2024\\\/04\\\/Minicity-Logo1.jpg\",\"contentUrl\":\"https:\\\/\\\/www.werbewoche.ch\\\/wp-content\\\/uploads\\\/2024\\\/04\\\/Minicity-Logo1.jpg\"},{\"@type\":\"BreadcrumbList\",\"@id\":\"https:\\\/\\\/www.organisator.ch\\\/marketing\\\/2024-04-19\\\/karling-schafft-bunten-auftritt-fuers-kinderparadies-von-sihlcity\\\/#breadcrumb\",\"itemListElement\":[{\"@type\":\"ListItem\",\"position\":1,\"name\":\"Home\",\"item\":\"https:\\\/\\\/www.organisator.ch\\\/\"},{\"@type\":\"ListItem\",\"position\":2,\"name\":\"Karling schafft bunten Auftritt f\u00fcrs Kinderparadies von Sihlcity\"}]},{\"@type\":\"WebSite\",\"@id\":\"https:\\\/\\\/www.organisator.ch\\\/#website\",\"url\":\"https:\\\/\\\/www.organisator.ch\\\/\",\"name\":\"Organisator\",\"description\":\"Kompetent. Praxisnah. Der ORGANISATOR bereitet in 10 Ausgaben pro Jahr die wesentlichen Themen f\u00fcr F\u00fchrungskr\u00e4fte von KMU auf.\",\"publisher\":{\"@id\":\"https:\\\/\\\/www.organisator.ch\\\/#organization\"},\"potentialAction\":[{\"@type\":\"SearchAction\",\"target\":{\"@type\":\"EntryPoint\",\"urlTemplate\":\"https:\\\/\\\/www.organisator.ch\\\/?s={search_term_string}\"},\"query-input\":{\"@type\":\"PropertyValueSpecification\",\"valueRequired\":true,\"valueName\":\"search_term_string\"}}],\"inLanguage\":\"fr-FR\"},{\"@type\":\"Organization\",\"@id\":\"https:\\\/\\\/www.organisator.ch\\\/#organization\",\"name\":\"Organisator\",\"url\":\"https:\\\/\\\/www.organisator.ch\\\/\",\"logo\":{\"@type\":\"ImageObject\",\"inLanguage\":\"fr-FR\",\"@id\":\"https:\\\/\\\/www.organisator.ch\\\/#\\\/schema\\\/logo\\\/image\\\/\",\"url\":\"https:\\\/\\\/www.organisator.ch\\\/wp-content\\\/uploads\\\/2022\\\/01\\\/Logo_Organisator_Website.png\",\"contentUrl\":\"https:\\\/\\\/www.organisator.ch\\\/wp-content\\\/uploads\\\/2022\\\/01\\\/Logo_Organisator_Website.png\",\"width\":800,\"height\":77,\"caption\":\"Organisator\"},\"image\":{\"@id\":\"https:\\\/\\\/www.organisator.ch\\\/#\\\/schema\\\/logo\\\/image\\\/\"},\"sameAs\":[\"https:\\\/\\\/www.facebook.com\\\/OrganisatorFachmagazin\",\"https:\\\/\\\/www.linkedin.com\\\/showcase\\\/organisator-das-magazin-fr-kmu\",\"https:\\\/\\\/www.xing.com\\\/news\\\/pages\\\/organisator-ch-695\",\"https:\\\/\\\/www.youtube.com\\\/channel\\\/UCGP2Sq0iWaZwT3BdIAQFYpw\"]},{\"@type\":\"Person\",\"@id\":\"https:\\\/\\\/www.organisator.ch\\\/#\\\/schema\\\/person\\\/4e51799071cd2dd1232ac003643ef5f0\",\"name\":\"galledia\",\"image\":{\"@type\":\"ImageObject\",\"inLanguage\":\"fr-FR\",\"@id\":\"https:\\\/\\\/secure.gravatar.com\\\/avatar\\\/78a7f90c01fc2bfc875782a0d4922b37cde2cf184ce347b91316d23cd7f69a36?s=96&d=mm&r=g\",\"url\":\"https:\\\/\\\/secure.gravatar.com\\\/avatar\\\/78a7f90c01fc2bfc875782a0d4922b37cde2cf184ce347b91316d23cd7f69a36?s=96&d=mm&r=g\",\"contentUrl\":\"https:\\\/\\\/secure.gravatar.com\\\/avatar\\\/78a7f90c01fc2bfc875782a0d4922b37cde2cf184ce347b91316d23cd7f69a36?s=96&d=mm&r=g\",\"caption\":\"galledia\"},\"sameAs\":[\"https:\\\/\\\/x.com\\\/admin\"],\"url\":\"https:\\\/\\\/www.organisator.ch\\\/fr\\\/author\\\/galledia\\\/\"}]}<\/script>\n<!-- \/ Yoast SEO plugin. -->","yoast_head_json":{"title":"Karling cr\u00e9e une entr\u00e9e en sc\u00e8ne color\u00e9e pour le paradis des enfants de Sihlcity - Organisateur","description":"Minicity : IA et CGI transforment la ville en une fantastique piscine \u00e0 balles. Films et publicit\u00e9s sur les m\u00e9dias sociaux et num\u00e9riques.","robots":{"index":"index","follow":"follow","max-snippet":"max-snippet:-1","max-image-preview":"max-image-preview:large","max-video-preview":"max-video-preview:-1"},"canonical":"https:\/\/www.organisator.ch\/fr\/marketing\/2024-04-19\/karling-schafft-bunten-auftritt-fuers-kinderparadies-von-sihlcity\/","og_locale":"fr_FR","og_type":"article","og_title":"Karling schafft bunten Auftritt f\u00fcrs Kinderparadies von Sihlcity - Organisator","og_description":"Minicity: KI und CGI verwandeln Stadt in fantastisches B\u00e4llebad. Filme und Ads auf Social Media und digitalen Medien.","og_url":"https:\/\/www.organisator.ch\/fr\/marketing\/2024-04-19\/karling-schafft-bunten-auftritt-fuers-kinderparadies-von-sihlcity\/","og_site_name":"Organisator","article_publisher":"https:\/\/www.facebook.com\/OrganisatorFachmagazin","article_published_time":"2024-04-19T09:13:17+00:00","article_modified_time":"2024-11-11T05:50:33+00:00","og_image":[{"url":"https:\/\/www.werbewoche.ch\/wp-content\/uploads\/2024\/04\/Minicity-Logo1.jpg","type":"","width":"","height":""}],"author":"galledia","twitter_card":"summary_large_image","twitter_creator":"@admin","schema":{"@context":"https:\/\/schema.org","@graph":[{"@type":"Article","@id":"https:\/\/www.organisator.ch\/marketing\/2024-04-19\/karling-schafft-bunten-auftritt-fuers-kinderparadies-von-sihlcity\/#article","isPartOf":{"@id":"https:\/\/www.organisator.ch\/marketing\/2024-04-19\/karling-schafft-bunten-auftritt-fuers-kinderparadies-von-sihlcity\/"},"author":{"name":"galledia","@id":"https:\/\/www.organisator.ch\/#\/schema\/person\/4e51799071cd2dd1232ac003643ef5f0"},"headline":"Karling schafft bunten Auftritt f\u00fcrs Kinderparadies von Sihlcity","datePublished":"2024-04-19T09:13:17+00:00","dateModified":"2024-11-11T05:50:33+00:00","mainEntityOfPage":{"@id":"https:\/\/www.organisator.ch\/marketing\/2024-04-19\/karling-schafft-bunten-auftritt-fuers-kinderparadies-von-sihlcity\/"},"wordCount":106,"publisher":{"@id":"https:\/\/www.organisator.ch\/#organization"},"image":{"@id":"https:\/\/www.organisator.ch\/marketing\/2024-04-19\/karling-schafft-bunten-auftritt-fuers-kinderparadies-von-sihlcity\/#primaryimage"},"thumbnailUrl":"https:\/\/www.werbewoche.ch\/wp-content\/uploads\/2024\/04\/Minicity-Logo1.jpg","keywords":["Karling","Marken","Sihlcity"],"articleSection":["MARKETING"],"inLanguage":"fr-FR"},{"@type":"WebPage","@id":"https:\/\/www.organisator.ch\/marketing\/2024-04-19\/karling-schafft-bunten-auftritt-fuers-kinderparadies-von-sihlcity\/","url":"https:\/\/www.organisator.ch\/marketing\/2024-04-19\/karling-schafft-bunten-auftritt-fuers-kinderparadies-von-sihlcity\/","name":"Karling cr\u00e9e une entr\u00e9e en sc\u00e8ne color\u00e9e pour le paradis des enfants de Sihlcity - Organisateur","isPartOf":{"@id":"https:\/\/www.organisator.ch\/#website"},"primaryImageOfPage":{"@id":"https:\/\/www.organisator.ch\/marketing\/2024-04-19\/karling-schafft-bunten-auftritt-fuers-kinderparadies-von-sihlcity\/#primaryimage"},"image":{"@id":"https:\/\/www.organisator.ch\/marketing\/2024-04-19\/karling-schafft-bunten-auftritt-fuers-kinderparadies-von-sihlcity\/#primaryimage"},"thumbnailUrl":"https:\/\/www.werbewoche.ch\/wp-content\/uploads\/2024\/04\/Minicity-Logo1.jpg","datePublished":"2024-04-19T09:13:17+00:00","dateModified":"2024-11-11T05:50:33+00:00","description":"Minicity : IA et CGI transforment la ville en une fantastique piscine \u00e0 balles. Films et publicit\u00e9s sur les m\u00e9dias sociaux et num\u00e9riques.","breadcrumb":{"@id":"https:\/\/www.organisator.ch\/marketing\/2024-04-19\/karling-schafft-bunten-auftritt-fuers-kinderparadies-von-sihlcity\/#breadcrumb"},"inLanguage":"fr-FR","potentialAction":[{"@type":"ReadAction","target":["https:\/\/www.organisator.ch\/marketing\/2024-04-19\/karling-schafft-bunten-auftritt-fuers-kinderparadies-von-sihlcity\/"]}]},{"@type":"ImageObject","inLanguage":"fr-FR","@id":"https:\/\/www.organisator.ch\/marketing\/2024-04-19\/karling-schafft-bunten-auftritt-fuers-kinderparadies-von-sihlcity\/#primaryimage","url":"https:\/\/www.werbewoche.ch\/wp-content\/uploads\/2024\/04\/Minicity-Logo1.jpg","contentUrl":"https:\/\/www.werbewoche.ch\/wp-content\/uploads\/2024\/04\/Minicity-Logo1.jpg"},{"@type":"BreadcrumbList","@id":"https:\/\/www.organisator.ch\/marketing\/2024-04-19\/karling-schafft-bunten-auftritt-fuers-kinderparadies-von-sihlcity\/#breadcrumb","itemListElement":[{"@type":"ListItem","position":1,"name":"Home","item":"https:\/\/www.organisator.ch\/"},{"@type":"ListItem","position":2,"name":"Karling schafft bunten Auftritt f\u00fcrs Kinderparadies von Sihlcity"}]},{"@type":"WebSite","@id":"https:\/\/www.organisator.ch\/#website","url":"https:\/\/www.organisator.ch\/","name":"Organisateur","description":"Comp\u00e9tence et comp\u00e9tence. Proches de la pratique. L'ORGANISATEUR pr\u00e9pare 10 num\u00e9ros par an sur les th\u00e8mes essentiels pour les dirigeants de PME.","publisher":{"@id":"https:\/\/www.organisator.ch\/#organization"},"potentialAction":[{"@type":"SearchAction","target":{"@type":"EntryPoint","urlTemplate":"https:\/\/www.organisator.ch\/?s={search_term_string}"},"query-input":{"@type":"PropertyValueSpecification","valueRequired":true,"valueName":"search_term_string"}}],"inLanguage":"fr-FR"},{"@type":"Organization","@id":"https:\/\/www.organisator.ch\/#organization","name":"Organisateur","url":"https:\/\/www.organisator.ch\/","logo":{"@type":"ImageObject","inLanguage":"fr-FR","@id":"https:\/\/www.organisator.ch\/#\/schema\/logo\/image\/","url":"https:\/\/www.organisator.ch\/wp-content\/uploads\/2022\/01\/Logo_Organisator_Website.png","contentUrl":"https:\/\/www.organisator.ch\/wp-content\/uploads\/2022\/01\/Logo_Organisator_Website.png","width":800,"height":77,"caption":"Organisator"},"image":{"@id":"https:\/\/www.organisator.ch\/#\/schema\/logo\/image\/"},"sameAs":["https:\/\/www.facebook.com\/OrganisatorFachmagazin","https:\/\/www.linkedin.com\/showcase\/organisator-das-magazin-fr-kmu","https:\/\/www.xing.com\/news\/pages\/organisator-ch-695","https:\/\/www.youtube.com\/channel\/UCGP2Sq0iWaZwT3BdIAQFYpw"]},{"@type":"Person","@id":"https:\/\/www.organisator.ch\/#\/schema\/person\/4e51799071cd2dd1232ac003643ef5f0","name":"galledia","image":{"@type":"ImageObject","inLanguage":"fr-FR","@id":"https:\/\/secure.gravatar.com\/avatar\/78a7f90c01fc2bfc875782a0d4922b37cde2cf184ce347b91316d23cd7f69a36?s=96&d=mm&r=g","url":"https:\/\/secure.gravatar.com\/avatar\/78a7f90c01fc2bfc875782a0d4922b37cde2cf184ce347b91316d23cd7f69a36?s=96&d=mm&r=g","contentUrl":"https:\/\/secure.gravatar.com\/avatar\/78a7f90c01fc2bfc875782a0d4922b37cde2cf184ce347b91316d23cd7f69a36?s=96&d=mm&r=g","caption":"galledia"},"sameAs":["https:\/\/x.com\/admin"],"url":"https:\/\/www.organisator.ch\/fr\/author\/galledia\/"}]}},"_links":{"self":[{"href":"https:\/\/www.organisator.ch\/fr\/wp-json\/wp\/v2\/posts\/26622","targetHints":{"allow":["GET"]}}],"collection":[{"href":"https:\/\/www.organisator.ch\/fr\/wp-json\/wp\/v2\/posts"}],"about":[{"href":"https:\/\/www.organisator.ch\/fr\/wp-json\/wp\/v2\/types\/post"}],"author":[{"embeddable":true,"href":"https:\/\/www.organisator.ch\/fr\/wp-json\/wp\/v2\/users\/8"}],"replies":[{"embeddable":true,"href":"https:\/\/www.organisator.ch\/fr\/wp-json\/wp\/v2\/comments?post=26622"}],"version-history":[{"count":5,"href":"https:\/\/www.organisator.ch\/fr\/wp-json\/wp\/v2\/posts\/26622\/revisions"}],"predecessor-version":[{"id":32304,"href":"https:\/\/www.organisator.ch\/fr\/wp-json\/wp\/v2\/posts\/26622\/revisions\/32304"}],"wp:attachment":[{"href":"https:\/\/www.organisator.ch\/fr\/wp-json\/wp\/v2\/media?parent=26622"}],"wp:term":[{"taxonomy":"category","embeddable":true,"href":"https:\/\/www.organisator.ch\/fr\/wp-json\/wp\/v2\/categories?post=26622"},{"taxonomy":"post_tag","embeddable":true,"href":"https:\/\/www.organisator.ch\/fr\/wp-json\/wp\/v2\/tags?post=26622"}],"curies":[{"name":"wp","href":"https:\/\/api.w.org\/{rel}","templated":true}]}}