{"id":26649,"date":"2024-04-22T13:00:13","date_gmt":"2024-04-22T11:00:13","guid":{"rendered":"https:\/\/www.organisator.ch\/?p=26649"},"modified":"2024-04-22T11:39:15","modified_gmt":"2024-04-22T09:39:15","slug":"pionierprojekt-zur-entwicklung-eines-smart-energy-district","status":"publish","type":"post","link":"https:\/\/www.organisator.ch\/fr\/sustainability\/2024-04-22\/pionierprojekt-zur-entwicklung-eines-smart-energy-district\/","title":{"rendered":"Projet pionnier de d\u00e9veloppement d'un \"Smart Energy District"},"content":{"rendered":"<figure id=\"attachment_26650\" aria-describedby=\"caption-attachment-26650\" style=\"width: 680px\" class=\"wp-caption alignnone\"><img loading=\"lazy\" decoding=\"async\" class=\"size-full wp-image-26650\" src=\"https:\/\/www.organisator.ch\/wp-content\/uploads\/2024\/04\/Hes-so_Bild1_ps.jpg\" alt=\"\" width=\"680\" height=\"426\" srcset=\"https:\/\/www.organisator.ch\/wp-content\/uploads\/2024\/04\/Hes-so_Bild1_ps.jpg 680w, https:\/\/www.organisator.ch\/wp-content\/uploads\/2024\/04\/Hes-so_Bild1_ps-18x12.jpg 18w, https:\/\/www.organisator.ch\/wp-content\/uploads\/2024\/04\/Hes-so_Bild1_ps-375x235.jpg 375w, https:\/\/www.organisator.ch\/wp-content\/uploads\/2024\/04\/Hes-so_Bild1_ps-559x350.jpg 559w\" sizes=\"auto, (max-width: 680px) 100vw, 680px\" \/><figcaption id=\"caption-attachment-26650\" class=\"wp-caption-text\">Le projet d'exposition, budg\u00e9t\u00e9 \u00e0 1,5 million de CHF, a d\u00e9but\u00e9 en janvier 2024 et se poursuivra jusqu'en 2027 (photo : www.pixabay.com).<\/figcaption><\/figure>\n<p>Le nombre croissant d'installations photovolta\u00efques et de pompes \u00e0 chaleur priv\u00e9es, la mobilit\u00e9 \u00e9lectrique toujours plus importante, l'apparition de nouveaux services et acteurs tels que les agr\u00e9gateurs ou les communaut\u00e9s \u00e9nerg\u00e9tiques, mais aussi l'\u00e9volution des bases l\u00e9gales, entra\u00eenent un changement radical du paysage \u00e9nerg\u00e9tique suisse.\u00a0<\/p>\n<p>Quatre hautes \u00e9coles du domaine Ing\u00e9nierie et Architecture de la HES-SO (Fribourg, Gen\u00e8ve, Vaud et Valais) s'engagent dans cette transition, qui s'inscrit dans la strat\u00e9gie \u00e9nerg\u00e9tique 2050 de la Conf\u00e9d\u00e9ration, et mettent en commun leurs comp\u00e9tences dans le cadre du projet \"Exposition\". L'objectif de ce projet est la planification, le d\u00e9veloppement et la mise en \u0153uvre d'un \"Smart Energy District\" - un quartier urbain intelligent \u00e9quip\u00e9 d'une plateforme num\u00e9rique permettant le monitoring et le contr\u00f4le des installations et appareils \u00e9lectriques. Il s'agit ainsi d'\u00e9tudier et de proposer des solutions viables et fiables pour les diff\u00e9rents acteurs du secteur de l'\u00e9nergie \u00e9lectrique.<\/p>\n<h3><strong>Un laboratoire grandeur nature<\/strong><\/h3>\n<p>Actuellement, le choix d'un site pilote en Suisse romande est \u00e0 l'\u00e9tude en collaboration avec les partenaires industriels et publics du projet. Le \"Smart Energy District\" permettra de tester des solutions techniques sur place avant de les adopter dans d'autres contextes et environnements. Ces syst\u00e8mes devront notamment permettre l'acc\u00e8s aux informations de consommation et de production (monitoring) et la gestion des v\u00e9hicules \u00e9lectriques, des pompes \u00e0 chaleur, des batteries, etc. afin d'assurer une gestion optimale du r\u00e9seau de distribution.<\/p>\n<p>L'objectif final est de d\u00e9velopper des solutions caract\u00e9ris\u00e9es par un haut niveau de standardisation et d'interop\u00e9rabilit\u00e9, qui soient s\u00fbres, flexibles et r\u00e9silientes, et qui permettent aux diff\u00e9rents acteurs d'offrir leurs services en utilisant la m\u00eame infrastructure et de relier entre eux des secteurs tels que les r\u00e9seaux, la chaleur et la mobilit\u00e9. Le projet, dont le budget s'\u00e9l\u00e8ve \u00e0 1,5 million de CHF, a d\u00e9but\u00e9 en janvier 2024 et se poursuivra jusqu'en 2027.\u00a0<\/p>\n<h3><strong>\"Exposition\" \u00e0 Energissima<\/strong><\/h3>\n<p>Le projet \"Exposition\" a \u00e9t\u00e9 pr\u00e9sent\u00e9 dans le cadre d'une table ronde lors du salon Energissima \u00e0 Bulle. La table ronde, qui s'est tenue le 18 avril 2024 \u00e0 15h30, avait pour th\u00e8me \"La transition vers un r\u00e9seau \u00e9lectrique intelligent, s\u00fbr et r\u00e9silient\" et a \u00e9t\u00e9 anim\u00e9e par Jonas Schneiter.<\/p>\n<p><em>Source : <a href=\"http:\/\/www.hes-so.ch\">www.hes-so.ch<\/a><\/em><\/p>","protected":false},"excerpt":{"rendered":"<p>Les nouvelles formes de production d\u00e9centralis\u00e9e d'\u00e9lectricit\u00e9 et l'\u00e9volution des habitudes de consommation mettent les r\u00e9seaux de distribution sous pression. Face \u00e0 ces d\u00e9fis, la HES-SO d\u00e9veloppe actuellement un projet pilote de \"Smart Energy District\" : une infrastructure de recherche et de test qui doit permettre de faire \u00e9merger des solutions pouvant \u00eatre adopt\u00e9es par les diff\u00e9rents acteurs du domaine de l'\u00e9nergie. <\/p>","protected":false},"author":58,"featured_media":26650,"comment_status":"closed","ping_status":"closed","sticky":false,"template":"","format":"standard","meta":{"_acf_changed":false,"_yoast_wpseo_focuskw":"Pionierprojekt","_yoast_wpseo_metadesc":"Neue Formen der dezentralen Stromproduktion und ver\u00e4nderte Konsumgewohnheiten setzen die Verteilnetze unter Druck.","articlekey":"","footnotes":""},"categories":[580],"tags":[584,3337,424,2246],"class_list":["post-26649","post","type-post","status-publish","format-standard","has-post-thumbnail","hentry","category-sustainability","tag-energie","tag-projekt","tag-schweiz","tag-sustainability"],"acf":[],"yoast_head":"<!-- This site is optimized with the Yoast SEO plugin v27.4 - https:\/\/yoast.com\/product\/yoast-seo-wordpress\/ -->\n<title>Pionierprojekt zur Entwicklung eines \u00abSmart Energy District\u00bb - Organisator<\/title>\n<meta name=\"description\" content=\"Neue Formen der dezentralen Stromproduktion und ver\u00e4nderte Konsumgewohnheiten setzen die Verteilnetze unter Druck.\" \/>\n<meta name=\"robots\" content=\"index, follow, max-snippet:-1, max-image-preview:large, max-video-preview:-1\" \/>\n<link rel=\"canonical\" href=\"https:\/\/www.organisator.ch\/fr\/sustainability\/2024-04-22\/pionierprojekt-zur-entwicklung-eines-smart-energy-district\/\" \/>\n<meta property=\"og:locale\" content=\"fr_FR\" \/>\n<meta property=\"og:type\" content=\"article\" \/>\n<meta property=\"og:title\" content=\"Pionierprojekt zur Entwicklung eines \u00abSmart Energy District\u00bb\" \/>\n<meta property=\"og:description\" content=\"Neue Formen der dezentralen Stromproduktion und ver\u00e4nderte Konsumgewohnheiten setzen die Verteilnetze unter Druck.\" \/>\n<meta property=\"og:url\" content=\"https:\/\/www.organisator.ch\/fr\/sustainability\/2024-04-22\/pionierprojekt-zur-entwicklung-eines-smart-energy-district\/\" \/>\n<meta property=\"og:site_name\" content=\"Organisator\" \/>\n<meta property=\"article:publisher\" content=\"https:\/\/www.facebook.com\/OrganisatorFachmagazin\" \/>\n<meta property=\"article:published_time\" content=\"2024-04-22T11:00:13+00:00\" \/>\n<meta property=\"og:image\" content=\"https:\/\/www.organisator.ch\/wp-content\/uploads\/2024\/04\/Hes-so_Bild1_ps.jpg\" \/>\n\t<meta property=\"og:image:width\" content=\"680\" \/>\n\t<meta property=\"og:image:height\" content=\"426\" \/>\n\t<meta property=\"og:image:type\" content=\"image\/jpeg\" \/>\n<meta name=\"author\" content=\"Adelisa Kalajdzini\" \/>\n<meta name=\"twitter:card\" content=\"summary_large_image\" \/>\n<meta name=\"twitter:title\" content=\"Pionierprojekt zur Entwicklung eines \u00abSmart Energy District\u00bb\" \/>\n<meta name=\"twitter:description\" content=\"Neue Formen der dezentralen #Stromproduktion und ver\u00e4nderte #Konsumgewohnheiten setzen die #Verteilnetze unter Druck.\" \/>\n<meta name=\"twitter:image\" content=\"https:\/\/www.organisator.ch\/wp-content\/uploads\/2024\/04\/Hes-so_Bild1_ps.jpg\" \/>\n<script type=\"application\/ld+json\" class=\"yoast-schema-graph\">{\"@context\":\"https:\\\/\\\/schema.org\",\"@graph\":[{\"@type\":\"Article\",\"@id\":\"https:\\\/\\\/www.organisator.ch\\\/sustainability\\\/2024-04-22\\\/pionierprojekt-zur-entwicklung-eines-smart-energy-district\\\/#article\",\"isPartOf\":{\"@id\":\"https:\\\/\\\/www.organisator.ch\\\/sustainability\\\/2024-04-22\\\/pionierprojekt-zur-entwicklung-eines-smart-energy-district\\\/\"},\"author\":{\"name\":\"Adelisa Kalajdzini\",\"@id\":\"https:\\\/\\\/www.organisator.ch\\\/#\\\/schema\\\/person\\\/2e1314a2172123f874db408d8911d3f3\"},\"headline\":\"Pionierprojekt zur Entwicklung eines \u00abSmart Energy District\u00bb\",\"datePublished\":\"2024-04-22T11:00:13+00:00\",\"mainEntityOfPage\":{\"@id\":\"https:\\\/\\\/www.organisator.ch\\\/sustainability\\\/2024-04-22\\\/pionierprojekt-zur-entwicklung-eines-smart-energy-district\\\/\"},\"wordCount\":360,\"publisher\":{\"@id\":\"https:\\\/\\\/www.organisator.ch\\\/#organization\"},\"image\":{\"@id\":\"https:\\\/\\\/www.organisator.ch\\\/sustainability\\\/2024-04-22\\\/pionierprojekt-zur-entwicklung-eines-smart-energy-district\\\/#primaryimage\"},\"thumbnailUrl\":\"https:\\\/\\\/www.organisator.ch\\\/wp-content\\\/uploads\\\/2024\\\/04\\\/Hes-so_Bild1_ps.jpg\",\"keywords\":[\"ENERGIE\",\"Projekt\",\"Schweiz\",\"Sustainability\"],\"articleSection\":[\"SUSTAINABILITY\"],\"inLanguage\":\"fr-FR\"},{\"@type\":\"WebPage\",\"@id\":\"https:\\\/\\\/www.organisator.ch\\\/sustainability\\\/2024-04-22\\\/pionierprojekt-zur-entwicklung-eines-smart-energy-district\\\/\",\"url\":\"https:\\\/\\\/www.organisator.ch\\\/sustainability\\\/2024-04-22\\\/pionierprojekt-zur-entwicklung-eines-smart-energy-district\\\/\",\"name\":\"Pionierprojekt zur Entwicklung eines \u00abSmart Energy District\u00bb - Organisator\",\"isPartOf\":{\"@id\":\"https:\\\/\\\/www.organisator.ch\\\/#website\"},\"primaryImageOfPage\":{\"@id\":\"https:\\\/\\\/www.organisator.ch\\\/sustainability\\\/2024-04-22\\\/pionierprojekt-zur-entwicklung-eines-smart-energy-district\\\/#primaryimage\"},\"image\":{\"@id\":\"https:\\\/\\\/www.organisator.ch\\\/sustainability\\\/2024-04-22\\\/pionierprojekt-zur-entwicklung-eines-smart-energy-district\\\/#primaryimage\"},\"thumbnailUrl\":\"https:\\\/\\\/www.organisator.ch\\\/wp-content\\\/uploads\\\/2024\\\/04\\\/Hes-so_Bild1_ps.jpg\",\"datePublished\":\"2024-04-22T11:00:13+00:00\",\"description\":\"Neue Formen der dezentralen Stromproduktion und ver\u00e4nderte Konsumgewohnheiten setzen die Verteilnetze unter Druck.\",\"breadcrumb\":{\"@id\":\"https:\\\/\\\/www.organisator.ch\\\/sustainability\\\/2024-04-22\\\/pionierprojekt-zur-entwicklung-eines-smart-energy-district\\\/#breadcrumb\"},\"inLanguage\":\"fr-FR\",\"potentialAction\":[{\"@type\":\"ReadAction\",\"target\":[\"https:\\\/\\\/www.organisator.ch\\\/sustainability\\\/2024-04-22\\\/pionierprojekt-zur-entwicklung-eines-smart-energy-district\\\/\"]}]},{\"@type\":\"ImageObject\",\"inLanguage\":\"fr-FR\",\"@id\":\"https:\\\/\\\/www.organisator.ch\\\/sustainability\\\/2024-04-22\\\/pionierprojekt-zur-entwicklung-eines-smart-energy-district\\\/#primaryimage\",\"url\":\"https:\\\/\\\/www.organisator.ch\\\/wp-content\\\/uploads\\\/2024\\\/04\\\/Hes-so_Bild1_ps.jpg\",\"contentUrl\":\"https:\\\/\\\/www.organisator.ch\\\/wp-content\\\/uploads\\\/2024\\\/04\\\/Hes-so_Bild1_ps.jpg\",\"width\":680,\"height\":426,\"caption\":\"Das mit 1,5 Mio. CHF budgetierte Exposition Projekt startete im Januar 2024 und l\u00e4uft bis 2027. (Bild: www.pixabay.com)\"},{\"@type\":\"BreadcrumbList\",\"@id\":\"https:\\\/\\\/www.organisator.ch\\\/sustainability\\\/2024-04-22\\\/pionierprojekt-zur-entwicklung-eines-smart-energy-district\\\/#breadcrumb\",\"itemListElement\":[{\"@type\":\"ListItem\",\"position\":1,\"name\":\"Home\",\"item\":\"https:\\\/\\\/www.organisator.ch\\\/\"},{\"@type\":\"ListItem\",\"position\":2,\"name\":\"Pionierprojekt zur Entwicklung eines \u00abSmart Energy District\u00bb\"}]},{\"@type\":\"WebSite\",\"@id\":\"https:\\\/\\\/www.organisator.ch\\\/#website\",\"url\":\"https:\\\/\\\/www.organisator.ch\\\/\",\"name\":\"Organisator\",\"description\":\"Kompetent. Praxisnah. Der ORGANISATOR bereitet in 10 Ausgaben pro Jahr die wesentlichen Themen f\u00fcr F\u00fchrungskr\u00e4fte von KMU auf.\",\"publisher\":{\"@id\":\"https:\\\/\\\/www.organisator.ch\\\/#organization\"},\"potentialAction\":[{\"@type\":\"SearchAction\",\"target\":{\"@type\":\"EntryPoint\",\"urlTemplate\":\"https:\\\/\\\/www.organisator.ch\\\/?s={search_term_string}\"},\"query-input\":{\"@type\":\"PropertyValueSpecification\",\"valueRequired\":true,\"valueName\":\"search_term_string\"}}],\"inLanguage\":\"fr-FR\"},{\"@type\":\"Organization\",\"@id\":\"https:\\\/\\\/www.organisator.ch\\\/#organization\",\"name\":\"Organisator\",\"url\":\"https:\\\/\\\/www.organisator.ch\\\/\",\"logo\":{\"@type\":\"ImageObject\",\"inLanguage\":\"fr-FR\",\"@id\":\"https:\\\/\\\/www.organisator.ch\\\/#\\\/schema\\\/logo\\\/image\\\/\",\"url\":\"https:\\\/\\\/www.organisator.ch\\\/wp-content\\\/uploads\\\/2022\\\/01\\\/Logo_Organisator_Website.png\",\"contentUrl\":\"https:\\\/\\\/www.organisator.ch\\\/wp-content\\\/uploads\\\/2022\\\/01\\\/Logo_Organisator_Website.png\",\"width\":800,\"height\":77,\"caption\":\"Organisator\"},\"image\":{\"@id\":\"https:\\\/\\\/www.organisator.ch\\\/#\\\/schema\\\/logo\\\/image\\\/\"},\"sameAs\":[\"https:\\\/\\\/www.facebook.com\\\/OrganisatorFachmagazin\",\"https:\\\/\\\/www.linkedin.com\\\/showcase\\\/organisator-das-magazin-fr-kmu\",\"https:\\\/\\\/www.xing.com\\\/news\\\/pages\\\/organisator-ch-695\",\"https:\\\/\\\/www.youtube.com\\\/channel\\\/UCGP2Sq0iWaZwT3BdIAQFYpw\"]},{\"@type\":\"Person\",\"@id\":\"https:\\\/\\\/www.organisator.ch\\\/#\\\/schema\\\/person\\\/2e1314a2172123f874db408d8911d3f3\",\"name\":\"Adelisa Kalajdzini\",\"image\":{\"@type\":\"ImageObject\",\"inLanguage\":\"fr-FR\",\"@id\":\"https:\\\/\\\/secure.gravatar.com\\\/avatar\\\/09a397c22ac58cad6f160ee8306348599df9df58a8ede73696226897b9fa4b24?s=96&d=mm&r=g\",\"url\":\"https:\\\/\\\/secure.gravatar.com\\\/avatar\\\/09a397c22ac58cad6f160ee8306348599df9df58a8ede73696226897b9fa4b24?s=96&d=mm&r=g\",\"contentUrl\":\"https:\\\/\\\/secure.gravatar.com\\\/avatar\\\/09a397c22ac58cad6f160ee8306348599df9df58a8ede73696226897b9fa4b24?s=96&d=mm&r=g\",\"caption\":\"Adelisa Kalajdzini\"},\"url\":\"https:\\\/\\\/www.organisator.ch\\\/fr\\\/author\\\/adelisa-kalajdzini\\\/\"}]}<\/script>\n<!-- \/ Yoast SEO plugin. -->","yoast_head_json":{"title":"Projet pionnier de d\u00e9veloppement d'un \"Smart Energy District\" - Organisateur","description":"Les nouvelles formes de production d'\u00e9lectricit\u00e9 d\u00e9centralis\u00e9e et l'\u00e9volution des habitudes de consommation mettent les r\u00e9seaux de distribution sous pression.","robots":{"index":"index","follow":"follow","max-snippet":"max-snippet:-1","max-image-preview":"max-image-preview:large","max-video-preview":"max-video-preview:-1"},"canonical":"https:\/\/www.organisator.ch\/fr\/sustainability\/2024-04-22\/pionierprojekt-zur-entwicklung-eines-smart-energy-district\/","og_locale":"fr_FR","og_type":"article","og_title":"Pionierprojekt zur Entwicklung eines \u00abSmart Energy District\u00bb","og_description":"Neue Formen der dezentralen Stromproduktion und ver\u00e4nderte Konsumgewohnheiten setzen die Verteilnetze unter Druck.","og_url":"https:\/\/www.organisator.ch\/fr\/sustainability\/2024-04-22\/pionierprojekt-zur-entwicklung-eines-smart-energy-district\/","og_site_name":"Organisator","article_publisher":"https:\/\/www.facebook.com\/OrganisatorFachmagazin","article_published_time":"2024-04-22T11:00:13+00:00","og_image":[{"width":680,"height":426,"url":"https:\/\/www.organisator.ch\/wp-content\/uploads\/2024\/04\/Hes-so_Bild1_ps.jpg","type":"image\/jpeg"}],"author":"Adelisa Kalajdzini","twitter_card":"summary_large_image","twitter_title":"Pionierprojekt zur Entwicklung eines \u00abSmart Energy District\u00bb","twitter_description":"Neue Formen der dezentralen #Stromproduktion und ver\u00e4nderte #Konsumgewohnheiten setzen die #Verteilnetze unter Druck.","twitter_image":"https:\/\/www.organisator.ch\/wp-content\/uploads\/2024\/04\/Hes-so_Bild1_ps.jpg","schema":{"@context":"https:\/\/schema.org","@graph":[{"@type":"Article","@id":"https:\/\/www.organisator.ch\/sustainability\/2024-04-22\/pionierprojekt-zur-entwicklung-eines-smart-energy-district\/#article","isPartOf":{"@id":"https:\/\/www.organisator.ch\/sustainability\/2024-04-22\/pionierprojekt-zur-entwicklung-eines-smart-energy-district\/"},"author":{"name":"Adelisa Kalajdzini","@id":"https:\/\/www.organisator.ch\/#\/schema\/person\/2e1314a2172123f874db408d8911d3f3"},"headline":"Pionierprojekt zur Entwicklung eines \u00abSmart Energy District\u00bb","datePublished":"2024-04-22T11:00:13+00:00","mainEntityOfPage":{"@id":"https:\/\/www.organisator.ch\/sustainability\/2024-04-22\/pionierprojekt-zur-entwicklung-eines-smart-energy-district\/"},"wordCount":360,"publisher":{"@id":"https:\/\/www.organisator.ch\/#organization"},"image":{"@id":"https:\/\/www.organisator.ch\/sustainability\/2024-04-22\/pionierprojekt-zur-entwicklung-eines-smart-energy-district\/#primaryimage"},"thumbnailUrl":"https:\/\/www.organisator.ch\/wp-content\/uploads\/2024\/04\/Hes-so_Bild1_ps.jpg","keywords":["ENERGIE","Projekt","Schweiz","Sustainability"],"articleSection":["SUSTAINABILITY"],"inLanguage":"fr-FR"},{"@type":"WebPage","@id":"https:\/\/www.organisator.ch\/sustainability\/2024-04-22\/pionierprojekt-zur-entwicklung-eines-smart-energy-district\/","url":"https:\/\/www.organisator.ch\/sustainability\/2024-04-22\/pionierprojekt-zur-entwicklung-eines-smart-energy-district\/","name":"Projet pionnier de d\u00e9veloppement d'un \"Smart Energy District\" - Organisateur","isPartOf":{"@id":"https:\/\/www.organisator.ch\/#website"},"primaryImageOfPage":{"@id":"https:\/\/www.organisator.ch\/sustainability\/2024-04-22\/pionierprojekt-zur-entwicklung-eines-smart-energy-district\/#primaryimage"},"image":{"@id":"https:\/\/www.organisator.ch\/sustainability\/2024-04-22\/pionierprojekt-zur-entwicklung-eines-smart-energy-district\/#primaryimage"},"thumbnailUrl":"https:\/\/www.organisator.ch\/wp-content\/uploads\/2024\/04\/Hes-so_Bild1_ps.jpg","datePublished":"2024-04-22T11:00:13+00:00","description":"Les nouvelles formes de production d'\u00e9lectricit\u00e9 d\u00e9centralis\u00e9e et l'\u00e9volution des habitudes de consommation mettent les r\u00e9seaux de distribution sous pression.","breadcrumb":{"@id":"https:\/\/www.organisator.ch\/sustainability\/2024-04-22\/pionierprojekt-zur-entwicklung-eines-smart-energy-district\/#breadcrumb"},"inLanguage":"fr-FR","potentialAction":[{"@type":"ReadAction","target":["https:\/\/www.organisator.ch\/sustainability\/2024-04-22\/pionierprojekt-zur-entwicklung-eines-smart-energy-district\/"]}]},{"@type":"ImageObject","inLanguage":"fr-FR","@id":"https:\/\/www.organisator.ch\/sustainability\/2024-04-22\/pionierprojekt-zur-entwicklung-eines-smart-energy-district\/#primaryimage","url":"https:\/\/www.organisator.ch\/wp-content\/uploads\/2024\/04\/Hes-so_Bild1_ps.jpg","contentUrl":"https:\/\/www.organisator.ch\/wp-content\/uploads\/2024\/04\/Hes-so_Bild1_ps.jpg","width":680,"height":426,"caption":"Das mit 1,5 Mio. CHF budgetierte Exposition Projekt startete im Januar 2024 und l\u00e4uft bis 2027. (Bild: www.pixabay.com)"},{"@type":"BreadcrumbList","@id":"https:\/\/www.organisator.ch\/sustainability\/2024-04-22\/pionierprojekt-zur-entwicklung-eines-smart-energy-district\/#breadcrumb","itemListElement":[{"@type":"ListItem","position":1,"name":"Home","item":"https:\/\/www.organisator.ch\/"},{"@type":"ListItem","position":2,"name":"Pionierprojekt zur Entwicklung eines \u00abSmart Energy District\u00bb"}]},{"@type":"WebSite","@id":"https:\/\/www.organisator.ch\/#website","url":"https:\/\/www.organisator.ch\/","name":"Organisateur","description":"Comp\u00e9tence et comp\u00e9tence. Proches de la pratique. L'ORGANISATEUR pr\u00e9pare 10 num\u00e9ros par an sur les th\u00e8mes essentiels pour les dirigeants de PME.","publisher":{"@id":"https:\/\/www.organisator.ch\/#organization"},"potentialAction":[{"@type":"SearchAction","target":{"@type":"EntryPoint","urlTemplate":"https:\/\/www.organisator.ch\/?s={search_term_string}"},"query-input":{"@type":"PropertyValueSpecification","valueRequired":true,"valueName":"search_term_string"}}],"inLanguage":"fr-FR"},{"@type":"Organization","@id":"https:\/\/www.organisator.ch\/#organization","name":"Organisateur","url":"https:\/\/www.organisator.ch\/","logo":{"@type":"ImageObject","inLanguage":"fr-FR","@id":"https:\/\/www.organisator.ch\/#\/schema\/logo\/image\/","url":"https:\/\/www.organisator.ch\/wp-content\/uploads\/2022\/01\/Logo_Organisator_Website.png","contentUrl":"https:\/\/www.organisator.ch\/wp-content\/uploads\/2022\/01\/Logo_Organisator_Website.png","width":800,"height":77,"caption":"Organisator"},"image":{"@id":"https:\/\/www.organisator.ch\/#\/schema\/logo\/image\/"},"sameAs":["https:\/\/www.facebook.com\/OrganisatorFachmagazin","https:\/\/www.linkedin.com\/showcase\/organisator-das-magazin-fr-kmu","https:\/\/www.xing.com\/news\/pages\/organisator-ch-695","https:\/\/www.youtube.com\/channel\/UCGP2Sq0iWaZwT3BdIAQFYpw"]},{"@type":"Person","@id":"https:\/\/www.organisator.ch\/#\/schema\/person\/2e1314a2172123f874db408d8911d3f3","name":"Adelisa Kalajdzini","image":{"@type":"ImageObject","inLanguage":"fr-FR","@id":"https:\/\/secure.gravatar.com\/avatar\/09a397c22ac58cad6f160ee8306348599df9df58a8ede73696226897b9fa4b24?s=96&d=mm&r=g","url":"https:\/\/secure.gravatar.com\/avatar\/09a397c22ac58cad6f160ee8306348599df9df58a8ede73696226897b9fa4b24?s=96&d=mm&r=g","contentUrl":"https:\/\/secure.gravatar.com\/avatar\/09a397c22ac58cad6f160ee8306348599df9df58a8ede73696226897b9fa4b24?s=96&d=mm&r=g","caption":"Adelisa Kalajdzini"},"url":"https:\/\/www.organisator.ch\/fr\/author\/adelisa-kalajdzini\/"}]}},"_links":{"self":[{"href":"https:\/\/www.organisator.ch\/fr\/wp-json\/wp\/v2\/posts\/26649","targetHints":{"allow":["GET"]}}],"collection":[{"href":"https:\/\/www.organisator.ch\/fr\/wp-json\/wp\/v2\/posts"}],"about":[{"href":"https:\/\/www.organisator.ch\/fr\/wp-json\/wp\/v2\/types\/post"}],"author":[{"embeddable":true,"href":"https:\/\/www.organisator.ch\/fr\/wp-json\/wp\/v2\/users\/58"}],"replies":[{"embeddable":true,"href":"https:\/\/www.organisator.ch\/fr\/wp-json\/wp\/v2\/comments?post=26649"}],"version-history":[{"count":3,"href":"https:\/\/www.organisator.ch\/fr\/wp-json\/wp\/v2\/posts\/26649\/revisions"}],"predecessor-version":[{"id":26695,"href":"https:\/\/www.organisator.ch\/fr\/wp-json\/wp\/v2\/posts\/26649\/revisions\/26695"}],"wp:featuredmedia":[{"embeddable":true,"href":"https:\/\/www.organisator.ch\/fr\/wp-json\/wp\/v2\/media\/26650"}],"wp:attachment":[{"href":"https:\/\/www.organisator.ch\/fr\/wp-json\/wp\/v2\/media?parent=26649"}],"wp:term":[{"taxonomy":"category","embeddable":true,"href":"https:\/\/www.organisator.ch\/fr\/wp-json\/wp\/v2\/categories?post=26649"},{"taxonomy":"post_tag","embeddable":true,"href":"https:\/\/www.organisator.ch\/fr\/wp-json\/wp\/v2\/tags?post=26649"}],"curies":[{"name":"wp","href":"https:\/\/api.w.org\/{rel}","templated":true}]}}