{"id":2665,"date":"2019-12-04T10:39:13","date_gmt":"2019-12-04T09:39:13","guid":{"rendered":"https:\/\/www.umweltperspektiven.ch\/?p=2665"},"modified":"2022-02-09T11:06:15","modified_gmt":"2022-02-09T10:06:15","slug":"axpo-plant-erste-alpine-solar-grossanlage-der-schweiz","status":"publish","type":"post","link":"https:\/\/www.organisator.ch\/fr\/sustainability\/2019-12-04\/axpo-plant-erste-alpine-solar-grossanlage-der-schweiz\/","title":{"rendered":"Axpo pr\u00e9voit la premi\u00e8re grande installation solaire alpine de Suisse"},"content":{"rendered":"<figure id=\"attachment_2666\" aria-describedby=\"caption-attachment-2666\" style=\"width: 470px\" class=\"wp-caption alignnone\"><img loading=\"lazy\" decoding=\"async\" class=\"size-full wp-image-2666\" src=\"\/\/www.umweltperspektiven.ch\/wp-content\/uploads\/2019\/12\/Axpo_Staumauer-UP-Umwelt-Perspektiven.jpg\" alt=\"\" width=\"470\" height=\"305\" srcset=\"https:\/\/www.organisator.ch\/wp-content\/uploads\/2019\/12\/Axpo_Staumauer-UP-Umwelt-Perspektiven.jpg 470w, https:\/\/www.organisator.ch\/wp-content\/uploads\/2019\/12\/Axpo_Staumauer-UP-Umwelt-Perspektiven-18x12.jpg 18w, https:\/\/www.organisator.ch\/wp-content\/uploads\/2019\/12\/Axpo_Staumauer-UP-Umwelt-Perspektiven-270x175.jpg 270w, https:\/\/www.organisator.ch\/wp-content\/uploads\/2019\/12\/Axpo_Staumauer-UP-Umwelt-Perspektiven-300x195.jpg 300w\" sizes=\"auto, (max-width: 470px) 100vw, 470px\" \/><figcaption id=\"caption-attachment-2666\" class=\"wp-caption-text\">La premi\u00e8re grande installation solaire alpine de Suisse doit voir le jour sur le barrage de Muttsee de la centrale de pompage-turbinage de Limmern. (Image : Axpo)<\/figcaption><\/figure>\n<p>&nbsp;<\/p>\n<p class=\"bodytext\"><a href=\"\/\/www.axpo.ch\/\" target=\"_blank\" rel=\"noopener\">Axpo<\/a>\u00a0veut \u00e9galement utiliser la centrale de pompage-turbinage de Limmern pour produire de l'\u00e9lectricit\u00e9 solaire. Comme l'\u00e9crit l'entreprise \u00e9nerg\u00e9tique dont le si\u00e8ge est \u00e0 Baden, elle pr\u00e9voit de construire sur le barrage du Muttsee une installation solaire compos\u00e9e de 6000 modules photovolta\u00efques et d'une surface de 10 000 m\u00e8tres carr\u00e9s. L'installation devrait avoir une puissance install\u00e9e de 2 m\u00e9gawatts et produire 2,7 gigawattheures d'\u00e9lectricit\u00e9 par an.<\/p>\n<p>Le projet \"PV Muttsee\" pr\u00e9voit une installation d'une puissance install\u00e9e de 2 m\u00e9gawatts et une production annuelle d'\u00e9lectricit\u00e9 de 2,7 gigawattheures. Plus de 6000 modules PV seront install\u00e9s sur une surface de 10 000 m\u00e8tres carr\u00e9s. Axpo d\u00e9posera la demande de permis de construire correspondante dans les prochains jours. \"Le barrage du Muttsee est particuli\u00e8rement bien adapt\u00e9 au photovolta\u00efque\", explique Christoph Sutter, responsable des nouvelles \u00e9nergies chez Axpo. \"Nous avons une infrastructure existante qui dispose d'un raccordement au r\u00e9seau et qui est orient\u00e9e vers le sud, donc avec un ensoleillement optimal. De plus, l'installation est situ\u00e9e \u00e0 pr\u00e8s de 2500 m\u00e8tres d'altitude et fournit donc beaucoup d'\u00e9lectricit\u00e9, en particulier pendant les mois d'hiver\".<\/p>\n<p>Contrairement aux installations situ\u00e9es en plaine, les installations photovolta\u00efques dans les r\u00e9gions alpines fournissent environ la moiti\u00e9 de leur production d'\u00e9lectricit\u00e9 pendant le semestre d'hiver. Il y a plusieurs raisons \u00e0 cela : En haute altitude, il y a moins de brouillard et donc plus de rayonnement solaire. De plus, le rendement des modules PV est plus \u00e9lev\u00e9 \u00e0 basse temp\u00e9rature. Enfin, la lumi\u00e8re du soleil est r\u00e9fl\u00e9chie par la couche de neige, ce qui entra\u00eene un meilleur rendement de l'\u00e9lectricit\u00e9 solaire en hiver.<\/p>\n<p>Le projet solaire sur le barrage du Muttsee est unique en Suisse et montre la voie \u00e0 suivre. Axpo va donc demander \u00e0 l'OFEN de l'inscrire sur la liste des projets phares.<br \/>\nEn outre, Axpo est actuellement en discussion avec des partenaires potentiels int\u00e9ress\u00e9s par l'achat d'une partie de l'\u00e9lectricit\u00e9 solaire produite pr\u00e8s du Muttsee dans le cadre de contrats \u00e0 long terme.<\/p>\n<p><strong>Manque d'\u00e9lectricit\u00e9 en hiver : le PV alpin, une partie de la solution <\/strong><\/p>\n<p>En hiver, la Suisse consomme nettement plus d'\u00e9lectricit\u00e9 qu'elle n'en produit. Cette probl\u00e9matique de l'\u00e9lectricit\u00e9 hivernale s'aggravera dans les ann\u00e9es \u00e0 venir lorsque les grandes centrales existantes en Suisse et \u00e0 l'\u00e9tranger seront d\u00e9connect\u00e9es du r\u00e9seau. Au cours des derni\u00e8res ann\u00e9es, les capacit\u00e9s de production renouvelables ont \u00e9t\u00e9 d\u00e9velopp\u00e9es en Suisse, notamment dans le domaine du photovolta\u00efque sur le Plateau (entre 2013 et 2017, le photovolta\u00efque a repr\u00e9sent\u00e9 pr\u00e8s de 90% du d\u00e9veloppement). Cette extension ne d\u00e9samorce toutefois pas la probl\u00e9matique de l'\u00e9lectricit\u00e9 hivernale. En effet, les installations photovolta\u00efques du Plateau ne fournissent qu'un quart de leur production d'\u00e9lectricit\u00e9 pendant les mois d'hiver.<\/p>\n<p class=\"bodytext\">L'installation doit contribuer \u00e0 la production d'\u00e9lectricit\u00e9, notamment en hiver, lorsque la Suisse consomme souvent plus d'\u00e9lectricit\u00e9 qu'elle n'en produit elle-m\u00eame. Elle est situ\u00e9e \u00e0 une altitude de 2500 m\u00e8tres, bien au-dessus de la limite du brouillard. De plus, la r\u00e9flexion de la lumi\u00e8re solaire par la neige augmente le rendement. Selon Andy Heinz, responsable de la production et des r\u00e9seaux chez Axpo, il faudrait donc d\u00e9velopper d'autres sites qui ne se trouvent pas dans des zones prot\u00e9g\u00e9es et qui sont d\u00e9j\u00e0 bien desservis. \"Pour cela, il faut toutefois que les conditions politiques et \u00e9conomiques soient favorables\".<\/p>\n<p>&nbsp;<\/p>","protected":false},"excerpt":{"rendered":"<p>&nbsp; Axpo\u00a0will das Pumpspeicherwerk Limmern auch zur Produktion von Solarstrom nutzen. Wie das Energieunternehmen mit Sitz in Baden schreibt, plant es auf der Muttsee-Staumauer eine Solaranlage mit 6000 Photovoltaikmodulen und einer Fl\u00e4che von 10.000 Quadratmetern. Die Anlage soll eine installierte Leistung von 2 Megawatt aufweisen und 2,7 Gigawattstunden Strom im Jahr erzeugen. Das Projekt \u00abPV [&hellip;]<\/p>\n","protected":false},"author":5,"featured_media":2666,"comment_status":"closed","ping_status":"closed","sticky":false,"template":"","format":"standard","meta":{"_acf_changed":false,"_yoast_wpseo_focuskw":"Axpo","_yoast_wpseo_metadesc":"Axpo will auf der Muttsee-Staumauer des Pumpspeicherwerks Limmern eine Solaranlage errichten. Die Infrastruktur sei eigentlich schon gegeben.","articlekey":"","footnotes":""},"categories":[580],"tags":[757,1908,424,2143,2197],"class_list":["post-2665","post","type-post","status-publish","format-standard","has-post-thumbnail","hentry","category-sustainability","tag-axpo","tag-photovoltaik","tag-schweiz","tag-solarenergie","tag-staumauer"],"acf":[],"yoast_head":"<!-- This site is optimized with the Yoast SEO plugin v27.5 - https:\/\/yoast.com\/product\/yoast-seo-wordpress\/ -->\n<title>Axpo plant erste alpine Solar-Grossanlage der Schweiz - Organisator<\/title>\n<meta name=\"description\" content=\"Axpo will auf der Muttsee-Staumauer des Pumpspeicherwerks Limmern eine Solaranlage errichten. Die Infrastruktur sei eigentlich schon gegeben.\" \/>\n<meta name=\"robots\" content=\"index, follow, max-snippet:-1, max-image-preview:large, max-video-preview:-1\" \/>\n<link rel=\"canonical\" href=\"https:\/\/www.organisator.ch\/fr\/sustainability\/2019-12-04\/axpo-plant-erste-alpine-solar-grossanlage-der-schweiz\/\" \/>\n<meta property=\"og:locale\" content=\"fr_FR\" \/>\n<meta property=\"og:type\" content=\"article\" \/>\n<meta property=\"og:title\" content=\"Axpo plant erste alpine Solar-Grossanlage der Schweiz - Organisator\" \/>\n<meta property=\"og:description\" content=\"Axpo will auf der Muttsee-Staumauer des Pumpspeicherwerks Limmern eine Solaranlage errichten. Die Infrastruktur sei eigentlich schon gegeben.\" \/>\n<meta property=\"og:url\" content=\"https:\/\/www.organisator.ch\/fr\/sustainability\/2019-12-04\/axpo-plant-erste-alpine-solar-grossanlage-der-schweiz\/\" \/>\n<meta property=\"og:site_name\" content=\"Organisator\" \/>\n<meta property=\"article:publisher\" content=\"https:\/\/www.facebook.com\/OrganisatorFachmagazin\" \/>\n<meta property=\"article:published_time\" content=\"2019-12-04T09:39:13+00:00\" \/>\n<meta property=\"article:modified_time\" content=\"2022-02-09T10:06:15+00:00\" \/>\n<meta property=\"og:image\" content=\"https:\/\/www.organisator.ch\/wp-content\/uploads\/2019\/12\/Axpo_Staumauer-UP-Umwelt-Perspektiven.jpg\" \/>\n\t<meta property=\"og:image:width\" content=\"470\" \/>\n\t<meta property=\"og:image:height\" content=\"305\" \/>\n\t<meta property=\"og:image:type\" content=\"image\/jpeg\" \/>\n<meta name=\"author\" content=\"michael.merz\" \/>\n<meta name=\"twitter:card\" content=\"summary_large_image\" \/>\n<script type=\"application\/ld+json\" class=\"yoast-schema-graph\">{\"@context\":\"https:\\\/\\\/schema.org\",\"@graph\":[{\"@type\":\"Article\",\"@id\":\"https:\\\/\\\/www.organisator.ch\\\/sustainability\\\/2019-12-04\\\/axpo-plant-erste-alpine-solar-grossanlage-der-schweiz\\\/#article\",\"isPartOf\":{\"@id\":\"https:\\\/\\\/www.organisator.ch\\\/sustainability\\\/2019-12-04\\\/axpo-plant-erste-alpine-solar-grossanlage-der-schweiz\\\/\"},\"author\":{\"name\":\"michael.merz\",\"@id\":\"https:\\\/\\\/www.organisator.ch\\\/#\\\/schema\\\/person\\\/134708ca9321c57b0362cceb7948ffbd\"},\"headline\":\"Axpo plant erste alpine Solar-Grossanlage der Schweiz\",\"datePublished\":\"2019-12-04T09:39:13+00:00\",\"dateModified\":\"2022-02-09T10:06:15+00:00\",\"mainEntityOfPage\":{\"@id\":\"https:\\\/\\\/www.organisator.ch\\\/sustainability\\\/2019-12-04\\\/axpo-plant-erste-alpine-solar-grossanlage-der-schweiz\\\/\"},\"wordCount\":479,\"publisher\":{\"@id\":\"https:\\\/\\\/www.organisator.ch\\\/#organization\"},\"image\":{\"@id\":\"https:\\\/\\\/www.organisator.ch\\\/sustainability\\\/2019-12-04\\\/axpo-plant-erste-alpine-solar-grossanlage-der-schweiz\\\/#primaryimage\"},\"thumbnailUrl\":\"https:\\\/\\\/www.organisator.ch\\\/wp-content\\\/uploads\\\/2019\\\/12\\\/Axpo_Staumauer-UP-Umwelt-Perspektiven.jpg\",\"keywords\":[\"Axpo\",\"Photovoltaik\",\"Schweiz\",\"Solarenergie\",\"Staumauer\"],\"articleSection\":[\"SUSTAINABILITY\"],\"inLanguage\":\"fr-FR\"},{\"@type\":\"WebPage\",\"@id\":\"https:\\\/\\\/www.organisator.ch\\\/sustainability\\\/2019-12-04\\\/axpo-plant-erste-alpine-solar-grossanlage-der-schweiz\\\/\",\"url\":\"https:\\\/\\\/www.organisator.ch\\\/sustainability\\\/2019-12-04\\\/axpo-plant-erste-alpine-solar-grossanlage-der-schweiz\\\/\",\"name\":\"Axpo plant erste alpine Solar-Grossanlage der Schweiz - Organisator\",\"isPartOf\":{\"@id\":\"https:\\\/\\\/www.organisator.ch\\\/#website\"},\"primaryImageOfPage\":{\"@id\":\"https:\\\/\\\/www.organisator.ch\\\/sustainability\\\/2019-12-04\\\/axpo-plant-erste-alpine-solar-grossanlage-der-schweiz\\\/#primaryimage\"},\"image\":{\"@id\":\"https:\\\/\\\/www.organisator.ch\\\/sustainability\\\/2019-12-04\\\/axpo-plant-erste-alpine-solar-grossanlage-der-schweiz\\\/#primaryimage\"},\"thumbnailUrl\":\"https:\\\/\\\/www.organisator.ch\\\/wp-content\\\/uploads\\\/2019\\\/12\\\/Axpo_Staumauer-UP-Umwelt-Perspektiven.jpg\",\"datePublished\":\"2019-12-04T09:39:13+00:00\",\"dateModified\":\"2022-02-09T10:06:15+00:00\",\"description\":\"Axpo will auf der Muttsee-Staumauer des Pumpspeicherwerks Limmern eine Solaranlage errichten. Die Infrastruktur sei eigentlich schon gegeben.\",\"breadcrumb\":{\"@id\":\"https:\\\/\\\/www.organisator.ch\\\/sustainability\\\/2019-12-04\\\/axpo-plant-erste-alpine-solar-grossanlage-der-schweiz\\\/#breadcrumb\"},\"inLanguage\":\"fr-FR\",\"potentialAction\":[{\"@type\":\"ReadAction\",\"target\":[\"https:\\\/\\\/www.organisator.ch\\\/sustainability\\\/2019-12-04\\\/axpo-plant-erste-alpine-solar-grossanlage-der-schweiz\\\/\"]}]},{\"@type\":\"ImageObject\",\"inLanguage\":\"fr-FR\",\"@id\":\"https:\\\/\\\/www.organisator.ch\\\/sustainability\\\/2019-12-04\\\/axpo-plant-erste-alpine-solar-grossanlage-der-schweiz\\\/#primaryimage\",\"url\":\"https:\\\/\\\/www.organisator.ch\\\/wp-content\\\/uploads\\\/2019\\\/12\\\/Axpo_Staumauer-UP-Umwelt-Perspektiven.jpg\",\"contentUrl\":\"https:\\\/\\\/www.organisator.ch\\\/wp-content\\\/uploads\\\/2019\\\/12\\\/Axpo_Staumauer-UP-Umwelt-Perspektiven.jpg\",\"width\":470,\"height\":305,\"caption\":\"Auf der Muttsee-Staumauer des Pumpspeicherwerks Limmern soll die erste alpine Solar-Grossanlage der Schweiz entstehen. (Bild: Axpo)\"},{\"@type\":\"BreadcrumbList\",\"@id\":\"https:\\\/\\\/www.organisator.ch\\\/sustainability\\\/2019-12-04\\\/axpo-plant-erste-alpine-solar-grossanlage-der-schweiz\\\/#breadcrumb\",\"itemListElement\":[{\"@type\":\"ListItem\",\"position\":1,\"name\":\"Home\",\"item\":\"https:\\\/\\\/www.organisator.ch\\\/\"},{\"@type\":\"ListItem\",\"position\":2,\"name\":\"Axpo plant erste alpine Solar-Grossanlage der Schweiz\"}]},{\"@type\":\"WebSite\",\"@id\":\"https:\\\/\\\/www.organisator.ch\\\/#website\",\"url\":\"https:\\\/\\\/www.organisator.ch\\\/\",\"name\":\"Organisator\",\"description\":\"Kompetent. Praxisnah. Der ORGANISATOR bereitet in 10 Ausgaben pro Jahr die wesentlichen Themen f\u00fcr F\u00fchrungskr\u00e4fte von KMU auf.\",\"publisher\":{\"@id\":\"https:\\\/\\\/www.organisator.ch\\\/#organization\"},\"potentialAction\":[{\"@type\":\"SearchAction\",\"target\":{\"@type\":\"EntryPoint\",\"urlTemplate\":\"https:\\\/\\\/www.organisator.ch\\\/?s={search_term_string}\"},\"query-input\":{\"@type\":\"PropertyValueSpecification\",\"valueRequired\":true,\"valueName\":\"search_term_string\"}}],\"inLanguage\":\"fr-FR\"},{\"@type\":\"Organization\",\"@id\":\"https:\\\/\\\/www.organisator.ch\\\/#organization\",\"name\":\"Organisator\",\"url\":\"https:\\\/\\\/www.organisator.ch\\\/\",\"logo\":{\"@type\":\"ImageObject\",\"inLanguage\":\"fr-FR\",\"@id\":\"https:\\\/\\\/www.organisator.ch\\\/#\\\/schema\\\/logo\\\/image\\\/\",\"url\":\"https:\\\/\\\/www.organisator.ch\\\/wp-content\\\/uploads\\\/2022\\\/01\\\/Logo_Organisator_Website.png\",\"contentUrl\":\"https:\\\/\\\/www.organisator.ch\\\/wp-content\\\/uploads\\\/2022\\\/01\\\/Logo_Organisator_Website.png\",\"width\":800,\"height\":77,\"caption\":\"Organisator\"},\"image\":{\"@id\":\"https:\\\/\\\/www.organisator.ch\\\/#\\\/schema\\\/logo\\\/image\\\/\"},\"sameAs\":[\"https:\\\/\\\/www.facebook.com\\\/OrganisatorFachmagazin\",\"https:\\\/\\\/www.linkedin.com\\\/showcase\\\/organisator-das-magazin-fr-kmu\",\"https:\\\/\\\/www.xing.com\\\/news\\\/pages\\\/organisator-ch-695\",\"https:\\\/\\\/www.youtube.com\\\/channel\\\/UCGP2Sq0iWaZwT3BdIAQFYpw\"]},{\"@type\":\"Person\",\"@id\":\"https:\\\/\\\/www.organisator.ch\\\/#\\\/schema\\\/person\\\/134708ca9321c57b0362cceb7948ffbd\",\"name\":\"michael.merz\",\"image\":{\"@type\":\"ImageObject\",\"inLanguage\":\"fr-FR\",\"@id\":\"https:\\\/\\\/secure.gravatar.com\\\/avatar\\\/?s=96&d=mm&r=g\",\"url\":\"https:\\\/\\\/secure.gravatar.com\\\/avatar\\\/?s=96&d=mm&r=g\",\"contentUrl\":\"https:\\\/\\\/secure.gravatar.com\\\/avatar\\\/?s=96&d=mm&r=g\",\"caption\":\"michael.merz\"},\"url\":\"https:\\\/\\\/www.organisator.ch\\\/fr\\\/author\\\/michael-merz\\\/\"}]}<\/script>\n<!-- \/ Yoast SEO plugin. -->","yoast_head_json":{"title":"Axpo pr\u00e9voit la premi\u00e8re grande installation solaire alpine de Suisse - Organisateur","description":"Axpo veut construire une installation solaire sur le barrage du Muttsee de la centrale de pompage-turbinage de Limmern. L'infrastructure est d\u00e9j\u00e0 en place.","robots":{"index":"index","follow":"follow","max-snippet":"max-snippet:-1","max-image-preview":"max-image-preview:large","max-video-preview":"max-video-preview:-1"},"canonical":"https:\/\/www.organisator.ch\/fr\/sustainability\/2019-12-04\/axpo-plant-erste-alpine-solar-grossanlage-der-schweiz\/","og_locale":"fr_FR","og_type":"article","og_title":"Axpo plant erste alpine Solar-Grossanlage der Schweiz - Organisator","og_description":"Axpo will auf der Muttsee-Staumauer des Pumpspeicherwerks Limmern eine Solaranlage errichten. Die Infrastruktur sei eigentlich schon gegeben.","og_url":"https:\/\/www.organisator.ch\/fr\/sustainability\/2019-12-04\/axpo-plant-erste-alpine-solar-grossanlage-der-schweiz\/","og_site_name":"Organisator","article_publisher":"https:\/\/www.facebook.com\/OrganisatorFachmagazin","article_published_time":"2019-12-04T09:39:13+00:00","article_modified_time":"2022-02-09T10:06:15+00:00","og_image":[{"width":470,"height":305,"url":"https:\/\/www.organisator.ch\/wp-content\/uploads\/2019\/12\/Axpo_Staumauer-UP-Umwelt-Perspektiven.jpg","type":"image\/jpeg"}],"author":"michael.merz","twitter_card":"summary_large_image","schema":{"@context":"https:\/\/schema.org","@graph":[{"@type":"Article","@id":"https:\/\/www.organisator.ch\/sustainability\/2019-12-04\/axpo-plant-erste-alpine-solar-grossanlage-der-schweiz\/#article","isPartOf":{"@id":"https:\/\/www.organisator.ch\/sustainability\/2019-12-04\/axpo-plant-erste-alpine-solar-grossanlage-der-schweiz\/"},"author":{"name":"michael.merz","@id":"https:\/\/www.organisator.ch\/#\/schema\/person\/134708ca9321c57b0362cceb7948ffbd"},"headline":"Axpo plant erste alpine Solar-Grossanlage der Schweiz","datePublished":"2019-12-04T09:39:13+00:00","dateModified":"2022-02-09T10:06:15+00:00","mainEntityOfPage":{"@id":"https:\/\/www.organisator.ch\/sustainability\/2019-12-04\/axpo-plant-erste-alpine-solar-grossanlage-der-schweiz\/"},"wordCount":479,"publisher":{"@id":"https:\/\/www.organisator.ch\/#organization"},"image":{"@id":"https:\/\/www.organisator.ch\/sustainability\/2019-12-04\/axpo-plant-erste-alpine-solar-grossanlage-der-schweiz\/#primaryimage"},"thumbnailUrl":"https:\/\/www.organisator.ch\/wp-content\/uploads\/2019\/12\/Axpo_Staumauer-UP-Umwelt-Perspektiven.jpg","keywords":["Axpo","Photovoltaik","Schweiz","Solarenergie","Staumauer"],"articleSection":["SUSTAINABILITY"],"inLanguage":"fr-FR"},{"@type":"WebPage","@id":"https:\/\/www.organisator.ch\/sustainability\/2019-12-04\/axpo-plant-erste-alpine-solar-grossanlage-der-schweiz\/","url":"https:\/\/www.organisator.ch\/sustainability\/2019-12-04\/axpo-plant-erste-alpine-solar-grossanlage-der-schweiz\/","name":"Axpo pr\u00e9voit la premi\u00e8re grande installation solaire alpine de Suisse - Organisateur","isPartOf":{"@id":"https:\/\/www.organisator.ch\/#website"},"primaryImageOfPage":{"@id":"https:\/\/www.organisator.ch\/sustainability\/2019-12-04\/axpo-plant-erste-alpine-solar-grossanlage-der-schweiz\/#primaryimage"},"image":{"@id":"https:\/\/www.organisator.ch\/sustainability\/2019-12-04\/axpo-plant-erste-alpine-solar-grossanlage-der-schweiz\/#primaryimage"},"thumbnailUrl":"https:\/\/www.organisator.ch\/wp-content\/uploads\/2019\/12\/Axpo_Staumauer-UP-Umwelt-Perspektiven.jpg","datePublished":"2019-12-04T09:39:13+00:00","dateModified":"2022-02-09T10:06:15+00:00","description":"Axpo veut construire une installation solaire sur le barrage du Muttsee de la centrale de pompage-turbinage de Limmern. L'infrastructure est d\u00e9j\u00e0 en place.","breadcrumb":{"@id":"https:\/\/www.organisator.ch\/sustainability\/2019-12-04\/axpo-plant-erste-alpine-solar-grossanlage-der-schweiz\/#breadcrumb"},"inLanguage":"fr-FR","potentialAction":[{"@type":"ReadAction","target":["https:\/\/www.organisator.ch\/sustainability\/2019-12-04\/axpo-plant-erste-alpine-solar-grossanlage-der-schweiz\/"]}]},{"@type":"ImageObject","inLanguage":"fr-FR","@id":"https:\/\/www.organisator.ch\/sustainability\/2019-12-04\/axpo-plant-erste-alpine-solar-grossanlage-der-schweiz\/#primaryimage","url":"https:\/\/www.organisator.ch\/wp-content\/uploads\/2019\/12\/Axpo_Staumauer-UP-Umwelt-Perspektiven.jpg","contentUrl":"https:\/\/www.organisator.ch\/wp-content\/uploads\/2019\/12\/Axpo_Staumauer-UP-Umwelt-Perspektiven.jpg","width":470,"height":305,"caption":"Auf der Muttsee-Staumauer des Pumpspeicherwerks Limmern soll die erste alpine Solar-Grossanlage der Schweiz entstehen. (Bild: Axpo)"},{"@type":"BreadcrumbList","@id":"https:\/\/www.organisator.ch\/sustainability\/2019-12-04\/axpo-plant-erste-alpine-solar-grossanlage-der-schweiz\/#breadcrumb","itemListElement":[{"@type":"ListItem","position":1,"name":"Home","item":"https:\/\/www.organisator.ch\/"},{"@type":"ListItem","position":2,"name":"Axpo plant erste alpine Solar-Grossanlage der Schweiz"}]},{"@type":"WebSite","@id":"https:\/\/www.organisator.ch\/#website","url":"https:\/\/www.organisator.ch\/","name":"Organisateur","description":"Comp\u00e9tence et comp\u00e9tence. Proches de la pratique. L'ORGANISATEUR pr\u00e9pare 10 num\u00e9ros par an sur les th\u00e8mes essentiels pour les dirigeants de PME.","publisher":{"@id":"https:\/\/www.organisator.ch\/#organization"},"potentialAction":[{"@type":"SearchAction","target":{"@type":"EntryPoint","urlTemplate":"https:\/\/www.organisator.ch\/?s={search_term_string}"},"query-input":{"@type":"PropertyValueSpecification","valueRequired":true,"valueName":"search_term_string"}}],"inLanguage":"fr-FR"},{"@type":"Organization","@id":"https:\/\/www.organisator.ch\/#organization","name":"Organisateur","url":"https:\/\/www.organisator.ch\/","logo":{"@type":"ImageObject","inLanguage":"fr-FR","@id":"https:\/\/www.organisator.ch\/#\/schema\/logo\/image\/","url":"https:\/\/www.organisator.ch\/wp-content\/uploads\/2022\/01\/Logo_Organisator_Website.png","contentUrl":"https:\/\/www.organisator.ch\/wp-content\/uploads\/2022\/01\/Logo_Organisator_Website.png","width":800,"height":77,"caption":"Organisator"},"image":{"@id":"https:\/\/www.organisator.ch\/#\/schema\/logo\/image\/"},"sameAs":["https:\/\/www.facebook.com\/OrganisatorFachmagazin","https:\/\/www.linkedin.com\/showcase\/organisator-das-magazin-fr-kmu","https:\/\/www.xing.com\/news\/pages\/organisator-ch-695","https:\/\/www.youtube.com\/channel\/UCGP2Sq0iWaZwT3BdIAQFYpw"]},{"@type":"Person","@id":"https:\/\/www.organisator.ch\/#\/schema\/person\/134708ca9321c57b0362cceb7948ffbd","name":"michael.merz","image":{"@type":"ImageObject","inLanguage":"fr-FR","@id":"https:\/\/secure.gravatar.com\/avatar\/?s=96&d=mm&r=g","url":"https:\/\/secure.gravatar.com\/avatar\/?s=96&d=mm&r=g","contentUrl":"https:\/\/secure.gravatar.com\/avatar\/?s=96&d=mm&r=g","caption":"michael.merz"},"url":"https:\/\/www.organisator.ch\/fr\/author\/michael-merz\/"}]}},"_links":{"self":[{"href":"https:\/\/www.organisator.ch\/fr\/wp-json\/wp\/v2\/posts\/2665","targetHints":{"allow":["GET"]}}],"collection":[{"href":"https:\/\/www.organisator.ch\/fr\/wp-json\/wp\/v2\/posts"}],"about":[{"href":"https:\/\/www.organisator.ch\/fr\/wp-json\/wp\/v2\/types\/post"}],"author":[{"embeddable":true,"href":"https:\/\/www.organisator.ch\/fr\/wp-json\/wp\/v2\/users\/5"}],"replies":[{"embeddable":true,"href":"https:\/\/www.organisator.ch\/fr\/wp-json\/wp\/v2\/comments?post=2665"}],"version-history":[{"count":1,"href":"https:\/\/www.organisator.ch\/fr\/wp-json\/wp\/v2\/posts\/2665\/revisions"}],"predecessor-version":[{"id":10539,"href":"https:\/\/www.organisator.ch\/fr\/wp-json\/wp\/v2\/posts\/2665\/revisions\/10539"}],"wp:featuredmedia":[{"embeddable":true,"href":"https:\/\/www.organisator.ch\/fr\/wp-json\/wp\/v2\/media\/2666"}],"wp:attachment":[{"href":"https:\/\/www.organisator.ch\/fr\/wp-json\/wp\/v2\/media?parent=2665"}],"wp:term":[{"taxonomy":"category","embeddable":true,"href":"https:\/\/www.organisator.ch\/fr\/wp-json\/wp\/v2\/categories?post=2665"},{"taxonomy":"post_tag","embeddable":true,"href":"https:\/\/www.organisator.ch\/fr\/wp-json\/wp\/v2\/tags?post=2665"}],"curies":[{"name":"wp","href":"https:\/\/api.w.org\/{rel}","templated":true}]}}