{"id":26656,"date":"2024-04-22T12:11:03","date_gmt":"2024-04-22T10:11:03","guid":{"rendered":"https:\/\/www.werbewoche.ch\/?p=214007"},"modified":"2024-11-11T06:43:23","modified_gmt":"2024-11-11T05:43:23","slug":"studie-so-verschieben-sich-die-konsumvorlieben","status":"publish","type":"post","link":"https:\/\/www.organisator.ch\/fr\/marketing\/2024-04-22\/studie-so-verschieben-sich-die-konsumvorlieben\/","title":{"rendered":"\u00c9tude : voici comment se d\u00e9placent les pr\u00e9f\u00e9rences de consommation"},"content":{"rendered":"<p><img class=\"alignnone wp-image-214008 size-full\" src=\"https:\/\/www.werbewoche.ch\/wp-content\/uploads\/2024\/04\/f400c41c42b1801b8b08c19f0d5a842274b1df06.jpg\" alt=\"Suisse\" width=\"1200\" height=\"628\" \/>Tournois sportifs, concerts, bien-\u00eatre : les exp\u00e9riences de ce type sont de plus en plus importantes pour les Suisses. Selon une nouvelle \u00e9tude Mastercard, 51% des personnes interrog\u00e9es pr\u00e9voient de d\u00e9penser plus d'argent pour des moments particuliers cette ann\u00e9e qu'en 2023. 34 % des personnes interrog\u00e9es pr\u00e9voient de maintenir leurs d\u00e9penses pour des \u00e9v\u00e9nements \u00e0 un niveau constant. Cela confirme un changement dans les pr\u00e9f\u00e9rences de consommation. 39 % pr\u00e9f\u00e8rent d\u00e9sormais les exp\u00e9riences aux biens mat\u00e9riels. Pour 28 % d'entre eux, les exp\u00e9riences ont la m\u00eame valeur, tandis que 30 % pr\u00e9f\u00e8rent les biens mat\u00e9riels.<\/p>\r\n<p>Cette tendance est \u00e9galement confirm\u00e9e par les donn\u00e9es du Mastercard Economic Institute, qui ont \u00e9t\u00e9 collect\u00e9es \u00e0 l'\u00e9chelle europ\u00e9enne : Elles montrent que la part des d\u00e9penses consacr\u00e9es aux exp\u00e9riences est pass\u00e9e de 19 % en 2019 \u00e0 22 % en 2023. En revanche, la part des d\u00e9penses en biens mat\u00e9riels reste stable.<\/p>\r\n<h3>Les voyages en t\u00eate<\/h3>\r\n<p>Les exp\u00e9riences de voyage restent les plus populaires. En 2023, 60 % des personnes interrog\u00e9es sont parties en voyage. Cette ann\u00e9e, 55 % pr\u00e9voient de d\u00e9penser encore plus pour les voyages. Parmi les exp\u00e9riences les plus demand\u00e9es figurent le bien-\u00eatre, comme les visites de spa (35 %), et les activit\u00e9s de plein air, comme les randonn\u00e9es ou les tours \u00e0 v\u00e9lo (34 %).<\/p>\r\n<p>Parmi les motivations importantes, 37 % des personnes interrog\u00e9es ont indiqu\u00e9 que les exp\u00e9riences leur procurent des moments inoubliables dont elles se souviendront toute leur vie. D'autres consid\u00e8rent les exp\u00e9riences comme des facteurs importants pour fa\u00e7onner leurs valeurs fondamentales et leur identit\u00e9 (21 %). Plus d'un tiers (32%) ont indiqu\u00e9 que leur regard sur le monde avait chang\u00e9 gr\u00e2ce aux exp\u00e9riences v\u00e9cues. Pour cela, les Suisses aiment sortir de leur zone de confort et essayer de nouvelles choses (23 %). En comparaison europ\u00e9enne, les exp\u00e9riences individuelles de r\u00e9flexion sur soi sont \u00e9galement plus appr\u00e9ci\u00e9es que la moyenne (20 % ; +7 %), comme les retraites et les s\u00e9minaires.<\/p>","protected":false},"excerpt":{"rendered":"<p>Une nouvelle \u00e9tude de Mastercard le montre : Les pr\u00e9f\u00e9rences de consommation des Suisses \u00e9voluent. Les exp\u00e9riences v\u00e9cues prennent de plus en plus d'importance au lieu des biens mat\u00e9riels.<\/p>","protected":false},"author":8,"featured_media":0,"comment_status":"closed","ping_status":"closed","sticky":false,"template":"","format":"standard","meta":{"_acf_changed":false,"_yoast_wpseo_focuskw":"Schweizer","_yoast_wpseo_metadesc":"Mastercard-Studie: Schweizer bevorzugen Erlebnisse. 51% planen h\u00f6here Ausgaben f\u00fcr Reisen, Wellness und Outdoor-Aktivit\u00e4ten.","articlekey":"","footnotes":""},"categories":[29],"tags":[341,4199],"class_list":["post-26656","post","type-post","status-publish","format-standard","hentry","category-marketing","tag-marktforschung","tag-mastercard"],"acf":[],"yoast_head":"<!-- This site is optimized with the Yoast SEO plugin v27.5 - https:\/\/yoast.com\/product\/yoast-seo-wordpress\/ -->\n<title>Studie: So verschieben sich die Konsumvorlieben - Organisator<\/title>\n<meta name=\"description\" content=\"Mastercard-Studie: Schweizer bevorzugen Erlebnisse. 51% planen h\u00f6here Ausgaben f\u00fcr Reisen, Wellness und Outdoor-Aktivit\u00e4ten.\" \/>\n<meta name=\"robots\" content=\"index, follow, max-snippet:-1, max-image-preview:large, max-video-preview:-1\" \/>\n<link rel=\"canonical\" href=\"https:\/\/www.organisator.ch\/fr\/marketing\/2024-04-22\/studie-so-verschieben-sich-die-konsumvorlieben\/\" \/>\n<meta property=\"og:locale\" content=\"fr_FR\" \/>\n<meta property=\"og:type\" content=\"article\" \/>\n<meta property=\"og:title\" content=\"Studie: So verschieben sich die Konsumvorlieben - Organisator\" \/>\n<meta property=\"og:description\" content=\"Mastercard-Studie: Schweizer bevorzugen Erlebnisse. 51% planen h\u00f6here Ausgaben f\u00fcr Reisen, Wellness und Outdoor-Aktivit\u00e4ten.\" \/>\n<meta property=\"og:url\" content=\"https:\/\/www.organisator.ch\/fr\/marketing\/2024-04-22\/studie-so-verschieben-sich-die-konsumvorlieben\/\" \/>\n<meta property=\"og:site_name\" content=\"Organisator\" \/>\n<meta property=\"article:publisher\" content=\"https:\/\/www.facebook.com\/OrganisatorFachmagazin\" \/>\n<meta property=\"article:published_time\" content=\"2024-04-22T10:11:03+00:00\" \/>\n<meta property=\"article:modified_time\" content=\"2024-11-11T05:43:23+00:00\" \/>\n<meta property=\"og:image\" content=\"https:\/\/www.werbewoche.ch\/wp-content\/uploads\/2024\/04\/f400c41c42b1801b8b08c19f0d5a842274b1df06.jpg\" \/>\n<meta name=\"author\" content=\"galledia\" \/>\n<meta name=\"twitter:card\" content=\"summary_large_image\" \/>\n<meta name=\"twitter:creator\" content=\"@admin\" \/>\n<script type=\"application\/ld+json\" class=\"yoast-schema-graph\">{\"@context\":\"https:\\\/\\\/schema.org\",\"@graph\":[{\"@type\":\"Article\",\"@id\":\"https:\\\/\\\/www.organisator.ch\\\/marketing\\\/2024-04-22\\\/studie-so-verschieben-sich-die-konsumvorlieben\\\/#article\",\"isPartOf\":{\"@id\":\"https:\\\/\\\/www.organisator.ch\\\/marketing\\\/2024-04-22\\\/studie-so-verschieben-sich-die-konsumvorlieben\\\/\"},\"author\":{\"name\":\"galledia\",\"@id\":\"https:\\\/\\\/www.organisator.ch\\\/#\\\/schema\\\/person\\\/4e51799071cd2dd1232ac003643ef5f0\"},\"headline\":\"Studie: So verschieben sich die Konsumvorlieben\",\"datePublished\":\"2024-04-22T10:11:03+00:00\",\"dateModified\":\"2024-11-11T05:43:23+00:00\",\"mainEntityOfPage\":{\"@id\":\"https:\\\/\\\/www.organisator.ch\\\/marketing\\\/2024-04-22\\\/studie-so-verschieben-sich-die-konsumvorlieben\\\/\"},\"wordCount\":264,\"publisher\":{\"@id\":\"https:\\\/\\\/www.organisator.ch\\\/#organization\"},\"image\":{\"@id\":\"https:\\\/\\\/www.organisator.ch\\\/marketing\\\/2024-04-22\\\/studie-so-verschieben-sich-die-konsumvorlieben\\\/#primaryimage\"},\"thumbnailUrl\":\"https:\\\/\\\/www.werbewoche.ch\\\/wp-content\\\/uploads\\\/2024\\\/04\\\/f400c41c42b1801b8b08c19f0d5a842274b1df06.jpg\",\"keywords\":[\"Marktforschung\",\"Mastercard\"],\"articleSection\":[\"MARKETING\"],\"inLanguage\":\"fr-FR\"},{\"@type\":\"WebPage\",\"@id\":\"https:\\\/\\\/www.organisator.ch\\\/marketing\\\/2024-04-22\\\/studie-so-verschieben-sich-die-konsumvorlieben\\\/\",\"url\":\"https:\\\/\\\/www.organisator.ch\\\/marketing\\\/2024-04-22\\\/studie-so-verschieben-sich-die-konsumvorlieben\\\/\",\"name\":\"Studie: So verschieben sich die Konsumvorlieben - Organisator\",\"isPartOf\":{\"@id\":\"https:\\\/\\\/www.organisator.ch\\\/#website\"},\"primaryImageOfPage\":{\"@id\":\"https:\\\/\\\/www.organisator.ch\\\/marketing\\\/2024-04-22\\\/studie-so-verschieben-sich-die-konsumvorlieben\\\/#primaryimage\"},\"image\":{\"@id\":\"https:\\\/\\\/www.organisator.ch\\\/marketing\\\/2024-04-22\\\/studie-so-verschieben-sich-die-konsumvorlieben\\\/#primaryimage\"},\"thumbnailUrl\":\"https:\\\/\\\/www.werbewoche.ch\\\/wp-content\\\/uploads\\\/2024\\\/04\\\/f400c41c42b1801b8b08c19f0d5a842274b1df06.jpg\",\"datePublished\":\"2024-04-22T10:11:03+00:00\",\"dateModified\":\"2024-11-11T05:43:23+00:00\",\"description\":\"Mastercard-Studie: Schweizer bevorzugen Erlebnisse. 51% planen h\u00f6here Ausgaben f\u00fcr Reisen, Wellness und Outdoor-Aktivit\u00e4ten.\",\"breadcrumb\":{\"@id\":\"https:\\\/\\\/www.organisator.ch\\\/marketing\\\/2024-04-22\\\/studie-so-verschieben-sich-die-konsumvorlieben\\\/#breadcrumb\"},\"inLanguage\":\"fr-FR\",\"potentialAction\":[{\"@type\":\"ReadAction\",\"target\":[\"https:\\\/\\\/www.organisator.ch\\\/marketing\\\/2024-04-22\\\/studie-so-verschieben-sich-die-konsumvorlieben\\\/\"]}]},{\"@type\":\"ImageObject\",\"inLanguage\":\"fr-FR\",\"@id\":\"https:\\\/\\\/www.organisator.ch\\\/marketing\\\/2024-04-22\\\/studie-so-verschieben-sich-die-konsumvorlieben\\\/#primaryimage\",\"url\":\"https:\\\/\\\/www.werbewoche.ch\\\/wp-content\\\/uploads\\\/2024\\\/04\\\/f400c41c42b1801b8b08c19f0d5a842274b1df06.jpg\",\"contentUrl\":\"https:\\\/\\\/www.werbewoche.ch\\\/wp-content\\\/uploads\\\/2024\\\/04\\\/f400c41c42b1801b8b08c19f0d5a842274b1df06.jpg\"},{\"@type\":\"BreadcrumbList\",\"@id\":\"https:\\\/\\\/www.organisator.ch\\\/marketing\\\/2024-04-22\\\/studie-so-verschieben-sich-die-konsumvorlieben\\\/#breadcrumb\",\"itemListElement\":[{\"@type\":\"ListItem\",\"position\":1,\"name\":\"Home\",\"item\":\"https:\\\/\\\/www.organisator.ch\\\/\"},{\"@type\":\"ListItem\",\"position\":2,\"name\":\"Studie: So verschieben sich die Konsumvorlieben\"}]},{\"@type\":\"WebSite\",\"@id\":\"https:\\\/\\\/www.organisator.ch\\\/#website\",\"url\":\"https:\\\/\\\/www.organisator.ch\\\/\",\"name\":\"Organisator\",\"description\":\"Kompetent. Praxisnah. Der ORGANISATOR bereitet in 10 Ausgaben pro Jahr die wesentlichen Themen f\u00fcr F\u00fchrungskr\u00e4fte von KMU auf.\",\"publisher\":{\"@id\":\"https:\\\/\\\/www.organisator.ch\\\/#organization\"},\"potentialAction\":[{\"@type\":\"SearchAction\",\"target\":{\"@type\":\"EntryPoint\",\"urlTemplate\":\"https:\\\/\\\/www.organisator.ch\\\/?s={search_term_string}\"},\"query-input\":{\"@type\":\"PropertyValueSpecification\",\"valueRequired\":true,\"valueName\":\"search_term_string\"}}],\"inLanguage\":\"fr-FR\"},{\"@type\":\"Organization\",\"@id\":\"https:\\\/\\\/www.organisator.ch\\\/#organization\",\"name\":\"Organisator\",\"url\":\"https:\\\/\\\/www.organisator.ch\\\/\",\"logo\":{\"@type\":\"ImageObject\",\"inLanguage\":\"fr-FR\",\"@id\":\"https:\\\/\\\/www.organisator.ch\\\/#\\\/schema\\\/logo\\\/image\\\/\",\"url\":\"https:\\\/\\\/www.organisator.ch\\\/wp-content\\\/uploads\\\/2022\\\/01\\\/Logo_Organisator_Website.png\",\"contentUrl\":\"https:\\\/\\\/www.organisator.ch\\\/wp-content\\\/uploads\\\/2022\\\/01\\\/Logo_Organisator_Website.png\",\"width\":800,\"height\":77,\"caption\":\"Organisator\"},\"image\":{\"@id\":\"https:\\\/\\\/www.organisator.ch\\\/#\\\/schema\\\/logo\\\/image\\\/\"},\"sameAs\":[\"https:\\\/\\\/www.facebook.com\\\/OrganisatorFachmagazin\",\"https:\\\/\\\/www.linkedin.com\\\/showcase\\\/organisator-das-magazin-fr-kmu\",\"https:\\\/\\\/www.xing.com\\\/news\\\/pages\\\/organisator-ch-695\",\"https:\\\/\\\/www.youtube.com\\\/channel\\\/UCGP2Sq0iWaZwT3BdIAQFYpw\"]},{\"@type\":\"Person\",\"@id\":\"https:\\\/\\\/www.organisator.ch\\\/#\\\/schema\\\/person\\\/4e51799071cd2dd1232ac003643ef5f0\",\"name\":\"galledia\",\"image\":{\"@type\":\"ImageObject\",\"inLanguage\":\"fr-FR\",\"@id\":\"https:\\\/\\\/secure.gravatar.com\\\/avatar\\\/78a7f90c01fc2bfc875782a0d4922b37cde2cf184ce347b91316d23cd7f69a36?s=96&d=mm&r=g\",\"url\":\"https:\\\/\\\/secure.gravatar.com\\\/avatar\\\/78a7f90c01fc2bfc875782a0d4922b37cde2cf184ce347b91316d23cd7f69a36?s=96&d=mm&r=g\",\"contentUrl\":\"https:\\\/\\\/secure.gravatar.com\\\/avatar\\\/78a7f90c01fc2bfc875782a0d4922b37cde2cf184ce347b91316d23cd7f69a36?s=96&d=mm&r=g\",\"caption\":\"galledia\"},\"sameAs\":[\"https:\\\/\\\/x.com\\\/admin\"],\"url\":\"https:\\\/\\\/www.organisator.ch\\\/fr\\\/author\\\/galledia\\\/\"}]}<\/script>\n<!-- \/ Yoast SEO plugin. -->","yoast_head_json":{"title":"\u00c9tude : voici comment se d\u00e9placent les pr\u00e9f\u00e9rences de consommation - Organisator","description":"Etude Mastercard : les Suisses pr\u00e9f\u00e8rent les exp\u00e9riences. 51% pr\u00e9voient de d\u00e9penser davantage pour les voyages, le bien-\u00eatre et les activit\u00e9s de plein air.","robots":{"index":"index","follow":"follow","max-snippet":"max-snippet:-1","max-image-preview":"max-image-preview:large","max-video-preview":"max-video-preview:-1"},"canonical":"https:\/\/www.organisator.ch\/fr\/marketing\/2024-04-22\/studie-so-verschieben-sich-die-konsumvorlieben\/","og_locale":"fr_FR","og_type":"article","og_title":"Studie: So verschieben sich die Konsumvorlieben - Organisator","og_description":"Mastercard-Studie: Schweizer bevorzugen Erlebnisse. 51% planen h\u00f6here Ausgaben f\u00fcr Reisen, Wellness und Outdoor-Aktivit\u00e4ten.","og_url":"https:\/\/www.organisator.ch\/fr\/marketing\/2024-04-22\/studie-so-verschieben-sich-die-konsumvorlieben\/","og_site_name":"Organisator","article_publisher":"https:\/\/www.facebook.com\/OrganisatorFachmagazin","article_published_time":"2024-04-22T10:11:03+00:00","article_modified_time":"2024-11-11T05:43:23+00:00","og_image":[{"url":"https:\/\/www.werbewoche.ch\/wp-content\/uploads\/2024\/04\/f400c41c42b1801b8b08c19f0d5a842274b1df06.jpg","type":"","width":"","height":""}],"author":"galledia","twitter_card":"summary_large_image","twitter_creator":"@admin","schema":{"@context":"https:\/\/schema.org","@graph":[{"@type":"Article","@id":"https:\/\/www.organisator.ch\/marketing\/2024-04-22\/studie-so-verschieben-sich-die-konsumvorlieben\/#article","isPartOf":{"@id":"https:\/\/www.organisator.ch\/marketing\/2024-04-22\/studie-so-verschieben-sich-die-konsumvorlieben\/"},"author":{"name":"galledia","@id":"https:\/\/www.organisator.ch\/#\/schema\/person\/4e51799071cd2dd1232ac003643ef5f0"},"headline":"Studie: So verschieben sich die Konsumvorlieben","datePublished":"2024-04-22T10:11:03+00:00","dateModified":"2024-11-11T05:43:23+00:00","mainEntityOfPage":{"@id":"https:\/\/www.organisator.ch\/marketing\/2024-04-22\/studie-so-verschieben-sich-die-konsumvorlieben\/"},"wordCount":264,"publisher":{"@id":"https:\/\/www.organisator.ch\/#organization"},"image":{"@id":"https:\/\/www.organisator.ch\/marketing\/2024-04-22\/studie-so-verschieben-sich-die-konsumvorlieben\/#primaryimage"},"thumbnailUrl":"https:\/\/www.werbewoche.ch\/wp-content\/uploads\/2024\/04\/f400c41c42b1801b8b08c19f0d5a842274b1df06.jpg","keywords":["Marktforschung","Mastercard"],"articleSection":["MARKETING"],"inLanguage":"fr-FR"},{"@type":"WebPage","@id":"https:\/\/www.organisator.ch\/marketing\/2024-04-22\/studie-so-verschieben-sich-die-konsumvorlieben\/","url":"https:\/\/www.organisator.ch\/marketing\/2024-04-22\/studie-so-verschieben-sich-die-konsumvorlieben\/","name":"\u00c9tude : voici comment se d\u00e9placent les pr\u00e9f\u00e9rences de consommation - Organisator","isPartOf":{"@id":"https:\/\/www.organisator.ch\/#website"},"primaryImageOfPage":{"@id":"https:\/\/www.organisator.ch\/marketing\/2024-04-22\/studie-so-verschieben-sich-die-konsumvorlieben\/#primaryimage"},"image":{"@id":"https:\/\/www.organisator.ch\/marketing\/2024-04-22\/studie-so-verschieben-sich-die-konsumvorlieben\/#primaryimage"},"thumbnailUrl":"https:\/\/www.werbewoche.ch\/wp-content\/uploads\/2024\/04\/f400c41c42b1801b8b08c19f0d5a842274b1df06.jpg","datePublished":"2024-04-22T10:11:03+00:00","dateModified":"2024-11-11T05:43:23+00:00","description":"Etude Mastercard : les Suisses pr\u00e9f\u00e8rent les exp\u00e9riences. 51% pr\u00e9voient de d\u00e9penser davantage pour les voyages, le bien-\u00eatre et les activit\u00e9s de plein air.","breadcrumb":{"@id":"https:\/\/www.organisator.ch\/marketing\/2024-04-22\/studie-so-verschieben-sich-die-konsumvorlieben\/#breadcrumb"},"inLanguage":"fr-FR","potentialAction":[{"@type":"ReadAction","target":["https:\/\/www.organisator.ch\/marketing\/2024-04-22\/studie-so-verschieben-sich-die-konsumvorlieben\/"]}]},{"@type":"ImageObject","inLanguage":"fr-FR","@id":"https:\/\/www.organisator.ch\/marketing\/2024-04-22\/studie-so-verschieben-sich-die-konsumvorlieben\/#primaryimage","url":"https:\/\/www.werbewoche.ch\/wp-content\/uploads\/2024\/04\/f400c41c42b1801b8b08c19f0d5a842274b1df06.jpg","contentUrl":"https:\/\/www.werbewoche.ch\/wp-content\/uploads\/2024\/04\/f400c41c42b1801b8b08c19f0d5a842274b1df06.jpg"},{"@type":"BreadcrumbList","@id":"https:\/\/www.organisator.ch\/marketing\/2024-04-22\/studie-so-verschieben-sich-die-konsumvorlieben\/#breadcrumb","itemListElement":[{"@type":"ListItem","position":1,"name":"Home","item":"https:\/\/www.organisator.ch\/"},{"@type":"ListItem","position":2,"name":"Studie: So verschieben sich die Konsumvorlieben"}]},{"@type":"WebSite","@id":"https:\/\/www.organisator.ch\/#website","url":"https:\/\/www.organisator.ch\/","name":"Organisateur","description":"Comp\u00e9tence et comp\u00e9tence. Proches de la pratique. L'ORGANISATEUR pr\u00e9pare 10 num\u00e9ros par an sur les th\u00e8mes essentiels pour les dirigeants de PME.","publisher":{"@id":"https:\/\/www.organisator.ch\/#organization"},"potentialAction":[{"@type":"SearchAction","target":{"@type":"EntryPoint","urlTemplate":"https:\/\/www.organisator.ch\/?s={search_term_string}"},"query-input":{"@type":"PropertyValueSpecification","valueRequired":true,"valueName":"search_term_string"}}],"inLanguage":"fr-FR"},{"@type":"Organization","@id":"https:\/\/www.organisator.ch\/#organization","name":"Organisateur","url":"https:\/\/www.organisator.ch\/","logo":{"@type":"ImageObject","inLanguage":"fr-FR","@id":"https:\/\/www.organisator.ch\/#\/schema\/logo\/image\/","url":"https:\/\/www.organisator.ch\/wp-content\/uploads\/2022\/01\/Logo_Organisator_Website.png","contentUrl":"https:\/\/www.organisator.ch\/wp-content\/uploads\/2022\/01\/Logo_Organisator_Website.png","width":800,"height":77,"caption":"Organisator"},"image":{"@id":"https:\/\/www.organisator.ch\/#\/schema\/logo\/image\/"},"sameAs":["https:\/\/www.facebook.com\/OrganisatorFachmagazin","https:\/\/www.linkedin.com\/showcase\/organisator-das-magazin-fr-kmu","https:\/\/www.xing.com\/news\/pages\/organisator-ch-695","https:\/\/www.youtube.com\/channel\/UCGP2Sq0iWaZwT3BdIAQFYpw"]},{"@type":"Person","@id":"https:\/\/www.organisator.ch\/#\/schema\/person\/4e51799071cd2dd1232ac003643ef5f0","name":"galledia","image":{"@type":"ImageObject","inLanguage":"fr-FR","@id":"https:\/\/secure.gravatar.com\/avatar\/78a7f90c01fc2bfc875782a0d4922b37cde2cf184ce347b91316d23cd7f69a36?s=96&d=mm&r=g","url":"https:\/\/secure.gravatar.com\/avatar\/78a7f90c01fc2bfc875782a0d4922b37cde2cf184ce347b91316d23cd7f69a36?s=96&d=mm&r=g","contentUrl":"https:\/\/secure.gravatar.com\/avatar\/78a7f90c01fc2bfc875782a0d4922b37cde2cf184ce347b91316d23cd7f69a36?s=96&d=mm&r=g","caption":"galledia"},"sameAs":["https:\/\/x.com\/admin"],"url":"https:\/\/www.organisator.ch\/fr\/author\/galledia\/"}]}},"_links":{"self":[{"href":"https:\/\/www.organisator.ch\/fr\/wp-json\/wp\/v2\/posts\/26656","targetHints":{"allow":["GET"]}}],"collection":[{"href":"https:\/\/www.organisator.ch\/fr\/wp-json\/wp\/v2\/posts"}],"about":[{"href":"https:\/\/www.organisator.ch\/fr\/wp-json\/wp\/v2\/types\/post"}],"author":[{"embeddable":true,"href":"https:\/\/www.organisator.ch\/fr\/wp-json\/wp\/v2\/users\/8"}],"replies":[{"embeddable":true,"href":"https:\/\/www.organisator.ch\/fr\/wp-json\/wp\/v2\/comments?post=26656"}],"version-history":[{"count":4,"href":"https:\/\/www.organisator.ch\/fr\/wp-json\/wp\/v2\/posts\/26656\/revisions"}],"predecessor-version":[{"id":32294,"href":"https:\/\/www.organisator.ch\/fr\/wp-json\/wp\/v2\/posts\/26656\/revisions\/32294"}],"wp:attachment":[{"href":"https:\/\/www.organisator.ch\/fr\/wp-json\/wp\/v2\/media?parent=26656"}],"wp:term":[{"taxonomy":"category","embeddable":true,"href":"https:\/\/www.organisator.ch\/fr\/wp-json\/wp\/v2\/categories?post=26656"},{"taxonomy":"post_tag","embeddable":true,"href":"https:\/\/www.organisator.ch\/fr\/wp-json\/wp\/v2\/tags?post=26656"}],"curies":[{"name":"wp","href":"https:\/\/api.w.org\/{rel}","templated":true}]}}