{"id":26709,"date":"2024-04-24T13:14:35","date_gmt":"2024-04-24T11:14:35","guid":{"rendered":"https:\/\/www.werbewoche.ch\/?p=214123"},"modified":"2024-11-11T06:40:27","modified_gmt":"2024-11-11T05:40:27","slug":"rivella-group-erzaehlt-unternehmensgeschichte-auf-neuer-website","status":"publish","type":"post","link":"https:\/\/www.organisator.ch\/fr\/marketing\/2024-04-24\/rivella-group-erzaehlt-unternehmensgeschichte-auf-neuer-website\/","title":{"rendered":"Rivella Group raconte l'histoire de l'entreprise sur son nouveau site web"},"content":{"rendered":"<p><img class=\"aligncenter wp-image-214124 size-full\" src=\"https:\/\/www.werbewoche.ch\/wp-content\/uploads\/2024\/04\/Neue-Website-RivellaGroup-Soda-Frontify.jpg\" alt=\"Groupe Rivella\" width=\"1200\" height=\"900\" \/><\/p>\r\n<p>Le site <a href=\"https:\/\/rivella-group.com\/\" rel=\"noopener\">Site web du groupe Rivella<\/a> a re\u00e7u un coup de peinture frais et moderne et doit refl\u00e9ter les valeurs et les visions qui caract\u00e9risent l'entreprise depuis sa cr\u00e9ation il y a plus de 70 ans.<\/p>\r\n<p>Inspir\u00e9s par le pass\u00e9 et tourn\u00e9s vers l'avenir, les visiteurs se verront offrir une exp\u00e9rience immersive qui concilie tradition et innovation.<\/p>\r\n<h3><strong>Un voyage \u00e0 travers l'histoire <\/strong><\/h3>\r\n<p>Dans la section histoire du site, les visiteurs se plongent dans le pass\u00e9 de Rivella, revivent d'anciens spots TV et d\u00e9couvrent l'\u00e9volution des marques. \"L'histoire de Rivella est aussi l'histoire de toute une g\u00e9n\u00e9ration. Nos spots TV sont de v\u00e9ritables perles qui montrent notre \u00e9volution et notre lien avec les gens au fil des ann\u00e9es\", explique Monika Christener, responsable de la communication d'entreprise chez Rivella.<\/p>\r\n<h3><strong>Un employeur unique et color\u00e9 <\/strong><\/h3>\r\n<p>Dans le but de faire face aux changements sur le march\u00e9 du travail et \u00e0 la p\u00e9nurie d'emploi et de personnel qualifi\u00e9 qui en d\u00e9coule, le domaine \"Carri\u00e8re et marque employeur\" a \u00e9t\u00e9 fortement d\u00e9velopp\u00e9.<\/p>\r\n<p>Avec le slogan \"Exactement ton go\u00fbt\", l'entreprise veut montrer de mani\u00e8re inspirante et rafra\u00eechissante ce qui fait d'elle un employeur unique. \"En tant qu'employeur, nous voulons susciter l'enthousiasme et sensibiliser les talents qui nous int\u00e9ressent afin qu'ils nous prennent en consid\u00e9ration dans leur choix d'employeur. Nous voulons faire conna\u00eetre nos valeurs, notre culture et notre enthousiasme \u00e0 l'ext\u00e9rieur par le biais d'une image d'employeur forte : authentique et aussi un peu autod\u00e9risoire\", explique Markus Krienb\u00fchl, responsable People &amp; Culture chez Rivella.<\/p>\r\n<h3><strong>Engagement pour l'environnement et la soci\u00e9t\u00e9 <\/strong><\/h3>\r\n<p>Le th\u00e8me du d\u00e9veloppement durable est \u00e9galement un point central du nouveau site web, o\u00f9 l'entreprise familiale pr\u00e9sente ses efforts pour r\u00e9duire son empreinte carbone et ses engagements sociaux et soci\u00e9taux. \"En tant qu'entreprise, nous avons une responsabilit\u00e9 envers notre environnement et la soci\u00e9t\u00e9. Nos mesures de durabilit\u00e9 font partie int\u00e9grante de notre ADN et t\u00e9moignent de notre engagement pour un avenir meilleur\", poursuit Christener.<\/p>\r\n<h3><strong>Priorit\u00e9 \u00e0 la modernit\u00e9 et \u00e0 la convivialit\u00e9 <\/strong><\/h3>\r\n<p>Le nouveau site web a \u00e9t\u00e9 modernis\u00e9 non seulement au niveau du contenu, mais aussi au niveau technique. Aaron Meder, de l'agence Soda Studios, responsable du d\u00e9veloppement et de la mise en \u0153uvre, souligne en particulier les fonctionnalit\u00e9s modernes et l'orientation cons\u00e9quente vers les terminaux mobiles : \"Nous avons optimis\u00e9 la convivialit\u00e9 et l'accessibilit\u00e9 du site afin d'offrir \u00e0 nos visiteurs une exp\u00e9rience transparente et inspirante, quel que soit l'appareil \u00e0 partir duquel ils y acc\u00e8dent\".<\/p>\r\n<p>La r\u00e9alisation du site web a impliqu\u00e9 des \u00e9quipes internes \u00e0 Rivella, issues de la communication d'entreprise, de People&amp;Culture et du marketing, ainsi que des partenaires externes des agences Soda et Frontify.<\/p>\r\n<hr \/>\r\n<p><strong>Responsable chez Rivella Group : <\/strong>Susanne Widmer, Monika Christener (communication d'entreprise), Markus Krienb\u00fchl, Jennifer B\u00fchler, Ayana Bachmann (People&amp;Culture), Kevin Bieri (marketing). <strong>Images :<\/strong> Markus B\u00fchler (photographe). <strong>Responsable chez<\/strong> <strong>Soda Studios : <\/strong>Aaron Meder, Severin H\u00f6in. <strong>Responsable chez Frontify<\/strong>: Darko Maravic.<\/p>","protected":false},"excerpt":{"rendered":"<p>Apr\u00e8s sept mois de travail pr\u00e9paratoire, le nouveau site web du fabricant de boissons Rivella est en ligne. Avec un regard moderne sur la tradition et l'innovation, le site fait office de vitrine sur l'histoire, la culture et l'avenir de l'entreprise familiale.<\/p>","protected":false},"author":8,"featured_media":0,"comment_status":"closed","ping_status":"closed","sticky":false,"template":"","format":"standard","meta":{"_acf_changed":false,"_yoast_wpseo_focuskw":"Rivella Group","_yoast_wpseo_metadesc":"Rivella Group: Neuer Website-Relaunch verbindet Tradition und Innovation. Fokus auf Nachhaltigkeit und Arbeitgebermarke.","articlekey":"","footnotes":""},"categories":[29],"tags":[2617,2758],"class_list":["post-26709","post","type-post","status-publish","format-standard","hentry","category-marketing","tag-marken","tag-rivella"],"acf":[],"yoast_head":"<!-- This site is optimized with the Yoast SEO plugin v27.4 - https:\/\/yoast.com\/product\/yoast-seo-wordpress\/ -->\n<title>Rivella Group erz\u00e4hlt Unternehmensgeschichte auf neuer Website - Organisator<\/title>\n<meta name=\"description\" content=\"Rivella Group: Neuer Website-Relaunch verbindet Tradition und Innovation. Fokus auf Nachhaltigkeit und Arbeitgebermarke.\" \/>\n<meta name=\"robots\" content=\"index, follow, max-snippet:-1, max-image-preview:large, max-video-preview:-1\" \/>\n<link rel=\"canonical\" href=\"https:\/\/www.organisator.ch\/fr\/marketing\/2024-04-24\/rivella-group-erzaehlt-unternehmensgeschichte-auf-neuer-website\/\" \/>\n<meta property=\"og:locale\" content=\"fr_FR\" \/>\n<meta property=\"og:type\" content=\"article\" \/>\n<meta property=\"og:title\" content=\"Rivella Group erz\u00e4hlt Unternehmensgeschichte auf neuer Website - Organisator\" \/>\n<meta property=\"og:description\" content=\"Rivella Group: Neuer Website-Relaunch verbindet Tradition und Innovation. Fokus auf Nachhaltigkeit und Arbeitgebermarke.\" \/>\n<meta property=\"og:url\" content=\"https:\/\/www.organisator.ch\/fr\/marketing\/2024-04-24\/rivella-group-erzaehlt-unternehmensgeschichte-auf-neuer-website\/\" \/>\n<meta property=\"og:site_name\" content=\"Organisator\" \/>\n<meta property=\"article:publisher\" content=\"https:\/\/www.facebook.com\/OrganisatorFachmagazin\" \/>\n<meta property=\"article:published_time\" content=\"2024-04-24T11:14:35+00:00\" \/>\n<meta property=\"article:modified_time\" content=\"2024-11-11T05:40:27+00:00\" \/>\n<meta property=\"og:image\" content=\"https:\/\/www.werbewoche.ch\/wp-content\/uploads\/2024\/04\/Neue-Website-RivellaGroup-Soda-Frontify.jpg\" \/>\n<meta name=\"author\" content=\"galledia\" \/>\n<meta name=\"twitter:card\" content=\"summary_large_image\" \/>\n<meta name=\"twitter:creator\" content=\"@admin\" \/>\n<script type=\"application\/ld+json\" class=\"yoast-schema-graph\">{\"@context\":\"https:\\\/\\\/schema.org\",\"@graph\":[{\"@type\":\"Article\",\"@id\":\"https:\\\/\\\/www.organisator.ch\\\/marketing\\\/2024-04-24\\\/rivella-group-erzaehlt-unternehmensgeschichte-auf-neuer-website\\\/#article\",\"isPartOf\":{\"@id\":\"https:\\\/\\\/www.organisator.ch\\\/marketing\\\/2024-04-24\\\/rivella-group-erzaehlt-unternehmensgeschichte-auf-neuer-website\\\/\"},\"author\":{\"name\":\"galledia\",\"@id\":\"https:\\\/\\\/www.organisator.ch\\\/#\\\/schema\\\/person\\\/4e51799071cd2dd1232ac003643ef5f0\"},\"headline\":\"Rivella Group erz\u00e4hlt Unternehmensgeschichte auf neuer Website\",\"datePublished\":\"2024-04-24T11:14:35+00:00\",\"dateModified\":\"2024-11-11T05:40:27+00:00\",\"mainEntityOfPage\":{\"@id\":\"https:\\\/\\\/www.organisator.ch\\\/marketing\\\/2024-04-24\\\/rivella-group-erzaehlt-unternehmensgeschichte-auf-neuer-website\\\/\"},\"wordCount\":448,\"publisher\":{\"@id\":\"https:\\\/\\\/www.organisator.ch\\\/#organization\"},\"image\":{\"@id\":\"https:\\\/\\\/www.organisator.ch\\\/marketing\\\/2024-04-24\\\/rivella-group-erzaehlt-unternehmensgeschichte-auf-neuer-website\\\/#primaryimage\"},\"thumbnailUrl\":\"https:\\\/\\\/www.werbewoche.ch\\\/wp-content\\\/uploads\\\/2024\\\/04\\\/Neue-Website-RivellaGroup-Soda-Frontify.jpg\",\"keywords\":[\"Marken\",\"Rivella\"],\"articleSection\":[\"MARKETING\"],\"inLanguage\":\"fr-FR\"},{\"@type\":\"WebPage\",\"@id\":\"https:\\\/\\\/www.organisator.ch\\\/marketing\\\/2024-04-24\\\/rivella-group-erzaehlt-unternehmensgeschichte-auf-neuer-website\\\/\",\"url\":\"https:\\\/\\\/www.organisator.ch\\\/marketing\\\/2024-04-24\\\/rivella-group-erzaehlt-unternehmensgeschichte-auf-neuer-website\\\/\",\"name\":\"Rivella Group erz\u00e4hlt Unternehmensgeschichte auf neuer Website - Organisator\",\"isPartOf\":{\"@id\":\"https:\\\/\\\/www.organisator.ch\\\/#website\"},\"primaryImageOfPage\":{\"@id\":\"https:\\\/\\\/www.organisator.ch\\\/marketing\\\/2024-04-24\\\/rivella-group-erzaehlt-unternehmensgeschichte-auf-neuer-website\\\/#primaryimage\"},\"image\":{\"@id\":\"https:\\\/\\\/www.organisator.ch\\\/marketing\\\/2024-04-24\\\/rivella-group-erzaehlt-unternehmensgeschichte-auf-neuer-website\\\/#primaryimage\"},\"thumbnailUrl\":\"https:\\\/\\\/www.werbewoche.ch\\\/wp-content\\\/uploads\\\/2024\\\/04\\\/Neue-Website-RivellaGroup-Soda-Frontify.jpg\",\"datePublished\":\"2024-04-24T11:14:35+00:00\",\"dateModified\":\"2024-11-11T05:40:27+00:00\",\"description\":\"Rivella Group: Neuer Website-Relaunch verbindet Tradition und Innovation. Fokus auf Nachhaltigkeit und Arbeitgebermarke.\",\"breadcrumb\":{\"@id\":\"https:\\\/\\\/www.organisator.ch\\\/marketing\\\/2024-04-24\\\/rivella-group-erzaehlt-unternehmensgeschichte-auf-neuer-website\\\/#breadcrumb\"},\"inLanguage\":\"fr-FR\",\"potentialAction\":[{\"@type\":\"ReadAction\",\"target\":[\"https:\\\/\\\/www.organisator.ch\\\/marketing\\\/2024-04-24\\\/rivella-group-erzaehlt-unternehmensgeschichte-auf-neuer-website\\\/\"]}]},{\"@type\":\"ImageObject\",\"inLanguage\":\"fr-FR\",\"@id\":\"https:\\\/\\\/www.organisator.ch\\\/marketing\\\/2024-04-24\\\/rivella-group-erzaehlt-unternehmensgeschichte-auf-neuer-website\\\/#primaryimage\",\"url\":\"https:\\\/\\\/www.werbewoche.ch\\\/wp-content\\\/uploads\\\/2024\\\/04\\\/Neue-Website-RivellaGroup-Soda-Frontify.jpg\",\"contentUrl\":\"https:\\\/\\\/www.werbewoche.ch\\\/wp-content\\\/uploads\\\/2024\\\/04\\\/Neue-Website-RivellaGroup-Soda-Frontify.jpg\"},{\"@type\":\"BreadcrumbList\",\"@id\":\"https:\\\/\\\/www.organisator.ch\\\/marketing\\\/2024-04-24\\\/rivella-group-erzaehlt-unternehmensgeschichte-auf-neuer-website\\\/#breadcrumb\",\"itemListElement\":[{\"@type\":\"ListItem\",\"position\":1,\"name\":\"Home\",\"item\":\"https:\\\/\\\/www.organisator.ch\\\/\"},{\"@type\":\"ListItem\",\"position\":2,\"name\":\"Rivella Group erz\u00e4hlt Unternehmensgeschichte auf neuer Website\"}]},{\"@type\":\"WebSite\",\"@id\":\"https:\\\/\\\/www.organisator.ch\\\/#website\",\"url\":\"https:\\\/\\\/www.organisator.ch\\\/\",\"name\":\"Organisator\",\"description\":\"Kompetent. Praxisnah. Der ORGANISATOR bereitet in 10 Ausgaben pro Jahr die wesentlichen Themen f\u00fcr F\u00fchrungskr\u00e4fte von KMU auf.\",\"publisher\":{\"@id\":\"https:\\\/\\\/www.organisator.ch\\\/#organization\"},\"potentialAction\":[{\"@type\":\"SearchAction\",\"target\":{\"@type\":\"EntryPoint\",\"urlTemplate\":\"https:\\\/\\\/www.organisator.ch\\\/?s={search_term_string}\"},\"query-input\":{\"@type\":\"PropertyValueSpecification\",\"valueRequired\":true,\"valueName\":\"search_term_string\"}}],\"inLanguage\":\"fr-FR\"},{\"@type\":\"Organization\",\"@id\":\"https:\\\/\\\/www.organisator.ch\\\/#organization\",\"name\":\"Organisator\",\"url\":\"https:\\\/\\\/www.organisator.ch\\\/\",\"logo\":{\"@type\":\"ImageObject\",\"inLanguage\":\"fr-FR\",\"@id\":\"https:\\\/\\\/www.organisator.ch\\\/#\\\/schema\\\/logo\\\/image\\\/\",\"url\":\"https:\\\/\\\/www.organisator.ch\\\/wp-content\\\/uploads\\\/2022\\\/01\\\/Logo_Organisator_Website.png\",\"contentUrl\":\"https:\\\/\\\/www.organisator.ch\\\/wp-content\\\/uploads\\\/2022\\\/01\\\/Logo_Organisator_Website.png\",\"width\":800,\"height\":77,\"caption\":\"Organisator\"},\"image\":{\"@id\":\"https:\\\/\\\/www.organisator.ch\\\/#\\\/schema\\\/logo\\\/image\\\/\"},\"sameAs\":[\"https:\\\/\\\/www.facebook.com\\\/OrganisatorFachmagazin\",\"https:\\\/\\\/www.linkedin.com\\\/showcase\\\/organisator-das-magazin-fr-kmu\",\"https:\\\/\\\/www.xing.com\\\/news\\\/pages\\\/organisator-ch-695\",\"https:\\\/\\\/www.youtube.com\\\/channel\\\/UCGP2Sq0iWaZwT3BdIAQFYpw\"]},{\"@type\":\"Person\",\"@id\":\"https:\\\/\\\/www.organisator.ch\\\/#\\\/schema\\\/person\\\/4e51799071cd2dd1232ac003643ef5f0\",\"name\":\"galledia\",\"image\":{\"@type\":\"ImageObject\",\"inLanguage\":\"fr-FR\",\"@id\":\"https:\\\/\\\/secure.gravatar.com\\\/avatar\\\/78a7f90c01fc2bfc875782a0d4922b37cde2cf184ce347b91316d23cd7f69a36?s=96&d=mm&r=g\",\"url\":\"https:\\\/\\\/secure.gravatar.com\\\/avatar\\\/78a7f90c01fc2bfc875782a0d4922b37cde2cf184ce347b91316d23cd7f69a36?s=96&d=mm&r=g\",\"contentUrl\":\"https:\\\/\\\/secure.gravatar.com\\\/avatar\\\/78a7f90c01fc2bfc875782a0d4922b37cde2cf184ce347b91316d23cd7f69a36?s=96&d=mm&r=g\",\"caption\":\"galledia\"},\"sameAs\":[\"https:\\\/\\\/x.com\\\/admin\"],\"url\":\"https:\\\/\\\/www.organisator.ch\\\/fr\\\/author\\\/galledia\\\/\"}]}<\/script>\n<!-- \/ Yoast SEO plugin. -->","yoast_head_json":{"title":"Rivella Group raconte l'histoire de l'entreprise sur son nouveau site web - Organisateur","description":"Rivella Group : le nouveau relooking du site web allie tradition et innovation. Focus sur la durabilit\u00e9 et la marque employeur.","robots":{"index":"index","follow":"follow","max-snippet":"max-snippet:-1","max-image-preview":"max-image-preview:large","max-video-preview":"max-video-preview:-1"},"canonical":"https:\/\/www.organisator.ch\/fr\/marketing\/2024-04-24\/rivella-group-erzaehlt-unternehmensgeschichte-auf-neuer-website\/","og_locale":"fr_FR","og_type":"article","og_title":"Rivella Group erz\u00e4hlt Unternehmensgeschichte auf neuer Website - Organisator","og_description":"Rivella Group: Neuer Website-Relaunch verbindet Tradition und Innovation. Fokus auf Nachhaltigkeit und Arbeitgebermarke.","og_url":"https:\/\/www.organisator.ch\/fr\/marketing\/2024-04-24\/rivella-group-erzaehlt-unternehmensgeschichte-auf-neuer-website\/","og_site_name":"Organisator","article_publisher":"https:\/\/www.facebook.com\/OrganisatorFachmagazin","article_published_time":"2024-04-24T11:14:35+00:00","article_modified_time":"2024-11-11T05:40:27+00:00","og_image":[{"url":"https:\/\/www.werbewoche.ch\/wp-content\/uploads\/2024\/04\/Neue-Website-RivellaGroup-Soda-Frontify.jpg","type":"","width":"","height":""}],"author":"galledia","twitter_card":"summary_large_image","twitter_creator":"@admin","schema":{"@context":"https:\/\/schema.org","@graph":[{"@type":"Article","@id":"https:\/\/www.organisator.ch\/marketing\/2024-04-24\/rivella-group-erzaehlt-unternehmensgeschichte-auf-neuer-website\/#article","isPartOf":{"@id":"https:\/\/www.organisator.ch\/marketing\/2024-04-24\/rivella-group-erzaehlt-unternehmensgeschichte-auf-neuer-website\/"},"author":{"name":"galledia","@id":"https:\/\/www.organisator.ch\/#\/schema\/person\/4e51799071cd2dd1232ac003643ef5f0"},"headline":"Rivella Group erz\u00e4hlt Unternehmensgeschichte auf neuer Website","datePublished":"2024-04-24T11:14:35+00:00","dateModified":"2024-11-11T05:40:27+00:00","mainEntityOfPage":{"@id":"https:\/\/www.organisator.ch\/marketing\/2024-04-24\/rivella-group-erzaehlt-unternehmensgeschichte-auf-neuer-website\/"},"wordCount":448,"publisher":{"@id":"https:\/\/www.organisator.ch\/#organization"},"image":{"@id":"https:\/\/www.organisator.ch\/marketing\/2024-04-24\/rivella-group-erzaehlt-unternehmensgeschichte-auf-neuer-website\/#primaryimage"},"thumbnailUrl":"https:\/\/www.werbewoche.ch\/wp-content\/uploads\/2024\/04\/Neue-Website-RivellaGroup-Soda-Frontify.jpg","keywords":["Marken","Rivella"],"articleSection":["MARKETING"],"inLanguage":"fr-FR"},{"@type":"WebPage","@id":"https:\/\/www.organisator.ch\/marketing\/2024-04-24\/rivella-group-erzaehlt-unternehmensgeschichte-auf-neuer-website\/","url":"https:\/\/www.organisator.ch\/marketing\/2024-04-24\/rivella-group-erzaehlt-unternehmensgeschichte-auf-neuer-website\/","name":"Rivella Group raconte l'histoire de l'entreprise sur son nouveau site web - Organisateur","isPartOf":{"@id":"https:\/\/www.organisator.ch\/#website"},"primaryImageOfPage":{"@id":"https:\/\/www.organisator.ch\/marketing\/2024-04-24\/rivella-group-erzaehlt-unternehmensgeschichte-auf-neuer-website\/#primaryimage"},"image":{"@id":"https:\/\/www.organisator.ch\/marketing\/2024-04-24\/rivella-group-erzaehlt-unternehmensgeschichte-auf-neuer-website\/#primaryimage"},"thumbnailUrl":"https:\/\/www.werbewoche.ch\/wp-content\/uploads\/2024\/04\/Neue-Website-RivellaGroup-Soda-Frontify.jpg","datePublished":"2024-04-24T11:14:35+00:00","dateModified":"2024-11-11T05:40:27+00:00","description":"Rivella Group : le nouveau relooking du site web allie tradition et innovation. Focus sur la durabilit\u00e9 et la marque employeur.","breadcrumb":{"@id":"https:\/\/www.organisator.ch\/marketing\/2024-04-24\/rivella-group-erzaehlt-unternehmensgeschichte-auf-neuer-website\/#breadcrumb"},"inLanguage":"fr-FR","potentialAction":[{"@type":"ReadAction","target":["https:\/\/www.organisator.ch\/marketing\/2024-04-24\/rivella-group-erzaehlt-unternehmensgeschichte-auf-neuer-website\/"]}]},{"@type":"ImageObject","inLanguage":"fr-FR","@id":"https:\/\/www.organisator.ch\/marketing\/2024-04-24\/rivella-group-erzaehlt-unternehmensgeschichte-auf-neuer-website\/#primaryimage","url":"https:\/\/www.werbewoche.ch\/wp-content\/uploads\/2024\/04\/Neue-Website-RivellaGroup-Soda-Frontify.jpg","contentUrl":"https:\/\/www.werbewoche.ch\/wp-content\/uploads\/2024\/04\/Neue-Website-RivellaGroup-Soda-Frontify.jpg"},{"@type":"BreadcrumbList","@id":"https:\/\/www.organisator.ch\/marketing\/2024-04-24\/rivella-group-erzaehlt-unternehmensgeschichte-auf-neuer-website\/#breadcrumb","itemListElement":[{"@type":"ListItem","position":1,"name":"Home","item":"https:\/\/www.organisator.ch\/"},{"@type":"ListItem","position":2,"name":"Rivella Group erz\u00e4hlt Unternehmensgeschichte auf neuer Website"}]},{"@type":"WebSite","@id":"https:\/\/www.organisator.ch\/#website","url":"https:\/\/www.organisator.ch\/","name":"Organisateur","description":"Comp\u00e9tence et comp\u00e9tence. Proches de la pratique. L'ORGANISATEUR pr\u00e9pare 10 num\u00e9ros par an sur les th\u00e8mes essentiels pour les dirigeants de PME.","publisher":{"@id":"https:\/\/www.organisator.ch\/#organization"},"potentialAction":[{"@type":"SearchAction","target":{"@type":"EntryPoint","urlTemplate":"https:\/\/www.organisator.ch\/?s={search_term_string}"},"query-input":{"@type":"PropertyValueSpecification","valueRequired":true,"valueName":"search_term_string"}}],"inLanguage":"fr-FR"},{"@type":"Organization","@id":"https:\/\/www.organisator.ch\/#organization","name":"Organisateur","url":"https:\/\/www.organisator.ch\/","logo":{"@type":"ImageObject","inLanguage":"fr-FR","@id":"https:\/\/www.organisator.ch\/#\/schema\/logo\/image\/","url":"https:\/\/www.organisator.ch\/wp-content\/uploads\/2022\/01\/Logo_Organisator_Website.png","contentUrl":"https:\/\/www.organisator.ch\/wp-content\/uploads\/2022\/01\/Logo_Organisator_Website.png","width":800,"height":77,"caption":"Organisator"},"image":{"@id":"https:\/\/www.organisator.ch\/#\/schema\/logo\/image\/"},"sameAs":["https:\/\/www.facebook.com\/OrganisatorFachmagazin","https:\/\/www.linkedin.com\/showcase\/organisator-das-magazin-fr-kmu","https:\/\/www.xing.com\/news\/pages\/organisator-ch-695","https:\/\/www.youtube.com\/channel\/UCGP2Sq0iWaZwT3BdIAQFYpw"]},{"@type":"Person","@id":"https:\/\/www.organisator.ch\/#\/schema\/person\/4e51799071cd2dd1232ac003643ef5f0","name":"galledia","image":{"@type":"ImageObject","inLanguage":"fr-FR","@id":"https:\/\/secure.gravatar.com\/avatar\/78a7f90c01fc2bfc875782a0d4922b37cde2cf184ce347b91316d23cd7f69a36?s=96&d=mm&r=g","url":"https:\/\/secure.gravatar.com\/avatar\/78a7f90c01fc2bfc875782a0d4922b37cde2cf184ce347b91316d23cd7f69a36?s=96&d=mm&r=g","contentUrl":"https:\/\/secure.gravatar.com\/avatar\/78a7f90c01fc2bfc875782a0d4922b37cde2cf184ce347b91316d23cd7f69a36?s=96&d=mm&r=g","caption":"galledia"},"sameAs":["https:\/\/x.com\/admin"],"url":"https:\/\/www.organisator.ch\/fr\/author\/galledia\/"}]}},"_links":{"self":[{"href":"https:\/\/www.organisator.ch\/fr\/wp-json\/wp\/v2\/posts\/26709","targetHints":{"allow":["GET"]}}],"collection":[{"href":"https:\/\/www.organisator.ch\/fr\/wp-json\/wp\/v2\/posts"}],"about":[{"href":"https:\/\/www.organisator.ch\/fr\/wp-json\/wp\/v2\/types\/post"}],"author":[{"embeddable":true,"href":"https:\/\/www.organisator.ch\/fr\/wp-json\/wp\/v2\/users\/8"}],"replies":[{"embeddable":true,"href":"https:\/\/www.organisator.ch\/fr\/wp-json\/wp\/v2\/comments?post=26709"}],"version-history":[{"count":5,"href":"https:\/\/www.organisator.ch\/fr\/wp-json\/wp\/v2\/posts\/26709\/revisions"}],"predecessor-version":[{"id":32291,"href":"https:\/\/www.organisator.ch\/fr\/wp-json\/wp\/v2\/posts\/26709\/revisions\/32291"}],"wp:attachment":[{"href":"https:\/\/www.organisator.ch\/fr\/wp-json\/wp\/v2\/media?parent=26709"}],"wp:term":[{"taxonomy":"category","embeddable":true,"href":"https:\/\/www.organisator.ch\/fr\/wp-json\/wp\/v2\/categories?post=26709"},{"taxonomy":"post_tag","embeddable":true,"href":"https:\/\/www.organisator.ch\/fr\/wp-json\/wp\/v2\/tags?post=26709"}],"curies":[{"name":"wp","href":"https:\/\/api.w.org\/{rel}","templated":true}]}}