{"id":26771,"date":"2024-04-26T08:29:39","date_gmt":"2024-04-26T06:29:39","guid":{"rendered":"https:\/\/www.m-q.ch\/?p=19682"},"modified":"2024-11-11T06:32:13","modified_gmt":"2024-11-11T05:32:13","slug":"ganz-im-zeichen-von-innovation-tag-der-schweizer-qualitaet-2024","status":"publish","type":"post","link":"https:\/\/www.organisator.ch\/fr\/operational-excellence\/2024-04-26\/ganz-im-zeichen-von-innovation-tag-der-schweizer-qualitaet-2024\/","title":{"rendered":"Sous le signe de l'innovation : Journ\u00e9e de la qualit\u00e9 suisse 2024"},"content":{"rendered":"<figure id=\"attachment_19615\" class=\"wp-caption alignnone\" style=\"width: 680px\" aria-describedby=\"caption-attachment-19615\"><img class=\"alignnone wp-image-19615 size-full\" src=\"https:\/\/www.m-q.ch\/wp-content\/uploads\/2024\/04\/Innovation-im-Fokus-Tag-der-Schweizer-Qualitaet-2024_MQ.jpg\" alt=\"Journ\u00e9e des Suisses\" width=\"680\" height=\"351\" \/>\r\n<figcaption id=\"caption-attachment-19615\" class=\"wp-caption-text\">La Journ\u00e9e de la qualit\u00e9 suisse 2024 a \u00e9t\u00e9 consacr\u00e9e \u00e0 l'innovation. (Image : g\u00e9n\u00e9r\u00e9e par l'IA)<\/figcaption>\r\n<\/figure>\r\n<p>La SAQ - Swiss Assocation for Quality a organis\u00e9 pour la 17e fois la Journ\u00e9e suisse de la qualit\u00e9 - un \u00e9v\u00e9nement d\u00e9sormais bien \u00e9tabli, au rayonnement interprofessionnel, qui offre non seulement de nombreuses possibilit\u00e9s de r\u00e9seautage, mais aussi un programme d'expos\u00e9s diff\u00e9renci\u00e9. Comme l'ann\u00e9e pr\u00e9c\u00e9dente, la manifestation a \u00e9t\u00e9 organis\u00e9e en collaboration avec <u>Shift Suisse<\/u> organis\u00e9.<\/p>\r\n<h3>Une incursion dans la robotique<\/h3>\r\n<p>Le fait que la Suisse soit championne du monde de l'innovation est souvent soulign\u00e9 - et l'a \u00e9galement \u00e9t\u00e9 lors de la Journ\u00e9e de la qualit\u00e9 suisse. La force d'innovation suisse occupe une position de leader dans le domaine de la robotique. Roland Siegwart, directeur du laboratoire des syst\u00e8mes autonomes de l'EPF de Zurich et codirecteur fondateur de Wyss Zurich, en a \u00e9t\u00e9 le premier orateur. Dans son expos\u00e9, le professeur Siegwart a pr\u00e9sent\u00e9 quelques applications o\u00f9 des robots capables de crier ou de voler peuvent assister massivement l'homme, par exemple lors de contr\u00f4les de mat\u00e9riaux dans des environnements dangereux tels que des \u00e9oliennes ou des hautes chemin\u00e9es. Les solutions pr\u00e9sent\u00e9es ont \u00e9t\u00e9 d\u00e9velopp\u00e9es par des spin-offs de l'ETH. Elles illustrent de mani\u00e8re exemplaire comment fonctionne le lien entre la recherche et la science, les entreprises innovantes et la fabrication de haute qualit\u00e9.<\/p>\r\n<figure id=\"attachment_19683\" class=\"wp-caption alignnone\" style=\"width: 680px\" aria-describedby=\"caption-attachment-19683\"><img class=\"size-full wp-image-19683\" src=\"https:\/\/www.m-q.ch\/wp-content\/uploads\/2024\/04\/Ganz-im-Zeichen-von-Innovation-Tag-der-Schweizer-Qualitaet-2024-2_MQ.jpg\" alt=\"\" width=\"680\" height=\"444\" \/>\r\n<figcaption id=\"caption-attachment-19683\" class=\"wp-caption-text\">Le professeur Roland Siegwart de l'EPFZ a pr\u00e9sent\u00e9 divers exemples de solutions robotiques. (Photo : Thomas Berner)<\/figcaption>\r\n<\/figure>\r\n<h3>Innovation \"bottom-up\" plut\u00f4t que promotion industrielle par l'\u00c9tat<\/h3>\r\n<p>Mais qu'en est-il de la capacit\u00e9 d'innovation des entreprises ? Et o\u00f9 et comment peut-on obtenir des fonds de soutien comme ceux d'Innosuisse ? L'animatrice Andrea Vetsch s'est entretenue de ces questions avec Andreas Preller (Banque Alternative Suisse), Tom Russi (Innosuisse), Nina Schaller (Luya Foods AG), Cuno Singer (Fill Me) et Roger Siegenthaler (mb-microtec AG). Nina Schaller et Cuno Singer ont repr\u00e9sent\u00e9 le point de vue des startups. Pouss\u00e9s par une vision - et avoir une vision constitue la base de l'innovation - ils ont chacun d\u00e9velopp\u00e9 leurs propres produits innovants. L'entreprise Luya Foods de Nina Schaller d\u00e9veloppe des alternatives \u00e0 la viande \u00e0 base de plantes. Contrairement \u00e0 d'autres imitations de viande d\u00e9velopp\u00e9es \u00e0 l'aide de technologies de pointe, celles-ci sont ferment\u00e9es de mani\u00e8re traditionnelle. Cuno Singer veut populariser la consommation d'eau du robinet gr\u00e2ce \u00e0 un syst\u00e8me de bouteilles r\u00e9utilisables et \u00e9viter le transport co\u00fbteux d'eau min\u00e9rale en bouteilles de p\u00e9trole. Dans les entreprises \u00e9tablies, l'innovation est moins motiv\u00e9e par des visions que par la pression du march\u00e9, comme le sait Roger Siegenthaler : \"On devient volontiers paresseux\", surtout lorsqu'on occupe une position de leader sur le march\u00e9. L'innovation na\u00eet alors souvent par n\u00e9cessit\u00e9, selon Siegenthaler. L'antidote r\u00e9side dans une culture d'entreprise ouverte, qui permet aussi des perspectives ext\u00e9rieures sans \"odeur d'\u00e9curie\".<\/p>\r\n<figure id=\"attachment_19684\" class=\"wp-caption alignnone\" style=\"width: 680px\" aria-describedby=\"caption-attachment-19684\"><img class=\"size-full wp-image-19684\" src=\"https:\/\/www.m-q.ch\/wp-content\/uploads\/2024\/04\/Ganz-im-Zeichen-von-Innovation-Tag-der-Schweizer-Qualitaet-2024-3_MQ.jpg\" alt=\"\" width=\"680\" height=\"363\" \/>\r\n<figcaption id=\"caption-attachment-19684\" class=\"wp-caption-text\">Table ronde avec Andreas Preller, Tom Russi, Nina Schaller, Cuno Singer, Roger Siegenthaler ainsi que l'animatrice Andrea Vetsch (de g. \u00e0 dr.). (Photo : Thomas Berner)<\/figcaption>\r\n<\/figure>\r\n<p>L'innovation, c'est bien connu, n\u00e9cessite de l'argent - parfois beaucoup d'argent. Innosuisse n'intervient certes pas en tant qu'investisseur, mais en tant qu'organisation qui encourage les projets innovants. Pour de nombreuses start-ups, mais aussi pour des entreprises \u00e9tablies, l'obtention de telles subventions est une v\u00e9ritable \"jungle\". \"Encourager les startups, mais ne pas oublier les PME\", telle \u00e9tait la devise de Tom Russi. Contrairement \u00e0 des pays comme l'Allemagne ou la France, qui pratiquent une promotion industrielle pilot\u00e9e par l'\u00c9tat, l'innovation en Suisse est fortement \"bottom-up\", a expliqu\u00e9 Russi. Cette voie est certes plus difficile, mais finalement plus prometteuse, car les entreprises apprennent ainsi tr\u00e8s t\u00f4t \u00e0 g\u00e9rer les d\u00e9fis \u00e9conomiques.<\/p>\r\n<h3>Un innovateur dans l'\u00e2me<\/h3>\r\n<p>Thomas Binggeli, ou Th\u00f6mu, CEO et propri\u00e9taire de Th\u00f6mus SA, fabricant de v\u00e9los haut de gamme, est pass\u00e9 du statut de jeune homme passionn\u00e9 de v\u00e9lo \u00e0 celui de pionnier d'une nouvelle mobilit\u00e9. Les v\u00e9los ont toujours \u00e9t\u00e9 la passion de Thomas Binggeli : avec le Swiss Bike Park, il a r\u00e9alis\u00e9 un projet de soci\u00e9t\u00e9 visant \u00e0 rendre le cyclisme plus populaire. Le parc de 2000 m2 sert de centre d'essai pour les professionnels, d'installation d'entra\u00eenement ou encore d'installation d'exercice pour tous ceux qui souhaitent am\u00e9liorer leur conduite et leur s\u00e9curit\u00e9 routi\u00e8re. De m\u00eame, Th\u00f6mus participe au projet CircuBat pour le recyclage des batteries lithium-ion, qui sont \u00e9galement utilis\u00e9es dans les v\u00e9los \u00e9lectriques. Et m\u00eame si la roue (de bicyclette) a \u00e9t\u00e9 invent\u00e9e depuis longtemps : il y a toujours de la place pour l'innovation, comme l'a expliqu\u00e9 Binggeli. Il a ainsi pr\u00e9sent\u00e9 ses derniers d\u00e9veloppements de VTT \u00e9lectriques qui, gr\u00e2ce \u00e0 des moteurs \u00e9lectriques r\u00e9duits, peuvent rivaliser avec les VTT classiques en termes de poids. Mais son plus grand projet d'innovation est actuellement le \"Twinner\" : un v\u00e9lo haut de gamme avec un cadre en carbone, des capteurs sophistiqu\u00e9s et des fonctions de s\u00e9curit\u00e9, y compris son propre logiciel de \"Smart Power Management\". Il faut certes encore conduire le v\u00e9lo soi-m\u00eame, mais il dispose de toutes les commodit\u00e9s qui peuvent \u00eatre compar\u00e9es \u00e0 une voiture de luxe.<\/p>\r\n<h3>\"Tout le monde peut \u00eatre cr\u00e9atif\"<\/h3>\r\n<p>Pour innover, il faut des id\u00e9es - et pour les trouver, il faut des conditions id\u00e9ales. En effet, \"la cr\u00e9ativit\u00e9 est \u00e0 la port\u00e9e de tous\", a expliqu\u00e9 Barbara Studer, neuroscientifique sp\u00e9cialis\u00e9e dans la sant\u00e9 mentale et la forme physique, dans son expos\u00e9. La cr\u00e9ativit\u00e9 est pr\u00e9sente dans tout le cerveau et peut \u00eatre entra\u00een\u00e9e gr\u00e2ce \u00e0 la neuroplasticit\u00e9 du cerveau. Barbara Studer a pr\u00e9sent\u00e9 quelques exercices pratiques qui permettent de maintenir notre cerveau en forme pour la cr\u00e9ativit\u00e9. Elle a \u00e9galement expliqu\u00e9 \u00e0 quel point les \u00e9motions jouent un r\u00f4le dans la recherche d'id\u00e9es : Il a \u00e9t\u00e9 prouv\u00e9 que les personnes qui disposent d'une plus grande diversit\u00e9 \u00e9motionnelle, c'est-\u00e0-dire qui ressentent plus d'\u00e9motions, ont plus de succ\u00e8s et sont en meilleure sant\u00e9. En bref, la cr\u00e9ativit\u00e9 est stimul\u00e9e par les \u00e9motions - une chose totalement inconnue de l'intelligence artificielle. Barbara Studer a donn\u00e9 au public des conseils pratiques pour stimuler la cr\u00e9ativit\u00e9 : l'air frais et la lumi\u00e8re du jour - combin\u00e9s \u00e0 l'exercice physique - favorisent la cr\u00e9ativit\u00e9, mais aussi la culture de la curiosit\u00e9. Elle a \u00e9galement recommand\u00e9 de regarder \u00e0 nouveau le monde avec des yeux d'enfant ou d'accorder le temps n\u00e9cessaire au cerveau pour \"incuber\" les id\u00e9es. En d'autres termes, il ne faut pas prendre de d\u00e9cision imm\u00e9diatement apr\u00e8s une s\u00e9ance de brainstorming, mais seulement apr\u00e8s un temps d'incubation afin de laisser m\u00fbrir les id\u00e9es. \u00a0<\/p>\r\n<figure id=\"attachment_19685\" class=\"wp-caption alignnone\" style=\"width: 680px\" aria-describedby=\"caption-attachment-19685\"><img class=\"size-full wp-image-19685\" src=\"https:\/\/www.m-q.ch\/wp-content\/uploads\/2024\/04\/Ganz-im-Zeichen-von-Innovation-Tag-der-Schweizer-Qualitaet-2024-4_MQ.jpg\" alt=\"\" width=\"680\" height=\"462\" \/>\r\n<figcaption id=\"caption-attachment-19685\" class=\"wp-caption-text\">Barbara Studer a montr\u00e9 o\u00f9 se trouve le \"centre de cr\u00e9ativit\u00e9\" dans le cerveau. (Image : Thomas Berner)<\/figcaption>\r\n<\/figure>\r\n<h3>Mettre l'innovation en pratique<\/h3>\r\n<p>Quatre sessions ouvertes parall\u00e8les \u00e0 caract\u00e8re d'atelier ont \u00e9galement occup\u00e9 une partie de la Journ\u00e9e de la qualit\u00e9 suisse. Il s'agissait par exemple de \"Radical Innovation\" : des mod\u00e8les d'entreprise et des strat\u00e9gies de produits innovants de \"jeunes sauvages\" \u00e9taient confront\u00e9s \u00e0 ceux de \"vieux briscards\". Il s'agissait de savoir ce que l'on pouvait apprendre les uns des autres pour innover encore plus rapidement. Un autre atelier a approfondi le th\u00e8me de la cr\u00e9ativit\u00e9 - \u00e9galement avec des exercices pratiques. Un troisi\u00e8me atelier a montr\u00e9 comment l'intelligence artificielle g\u00e9n\u00e9rique peut \u00e9galement soutenir les syst\u00e8mes de gestion et o\u00f9 elle peut d\u00e9j\u00e0 \u00eatre utilis\u00e9e de mani\u00e8re utile. La quatri\u00e8me session ouverte \u00e9tait consacr\u00e9e \u00e0 l'EFQM : comment ce mod\u00e8le peut-il agir comme booster de l'innovation ? Et quelles sont les exp\u00e9riences pratiques en la mati\u00e8re ? Un panel dirig\u00e9 par Russell Longmuir, CEO de l'EFQM European Foundation for Quality, a abord\u00e9 ces questions.\u00a0<\/p>\r\n<h3>La durabilit\u00e9, nouveau moteur de l'innovation<\/h3>\r\n<p>\"Cr\u00e9er des fascinations haptiques \u00e0 partir d'id\u00e9es\" - tel est le slogan du designer industriel Bj\u00f6rn Ischi, propri\u00e9taire de l'entreprise Designform. Avec \"Upcycling by Design\", il met l'accent sur l'utilisation des ressources existantes et tient compte de leur recyclabilit\u00e9 d\u00e8s la conception. Il en r\u00e9sulte des designs de produits non conventionnels mais n\u00e9anmoins \u00e9conomiques. L'expos\u00e9 de Bj\u00f6rn Ischi \u00e9tait intitul\u00e9 \"La qualit\u00e9 par le design\". Il a ainsi fait le lien avec le th\u00e8me de la durabilit\u00e9, qui sera \u00e0 l'avenir indissociable du monde de la qualit\u00e9.<\/p>\r\n<p>Conclusion de la manifestation : l'innovation n'est certes pas un th\u00e8me nouveau, mais elle reste d'une grande actualit\u00e9. Et l'innovation restera le moteur de l'\u00e9conomie suisse - tant que la qualit\u00e9 des innovations sera elle aussi au rendez-vous. La prochaine Journ\u00e9e suisse de la qualit\u00e9 aura lieu le 13 mai 2025.<\/p>\r\n<p><em>Plus d'informations et d'impressions : <a href=\"https:\/\/saq.ch\/de\/veranstaltungen\/tag_der_schweizer_qualitaet\/tsq-2024\/\">https:\/\/saq.ch\/de\/veranstaltungen\/tag_der_schweizer_qualitaet\/tsq-2024\/<\/a><\/em><\/p>\n<p class=\"syndicated-attribution\">Cet article est paru initialement sur m-q.ch - <a href=\"https:\/\/www.m-q.ch\/de\/ganz-im-zeichen-von-innovation-tag-der-schweizer-qualitaet-2024\/\" target=\"_blank\">https:\/\/www.m-q.ch\/de\/ganz-im-zeichen-von-innovation-tag-der-schweizer-qualitaet-2024\/<\/a><\/p>","protected":false},"excerpt":{"rendered":"<p>Le 23 avril 2024, la Journ\u00e9e de la qualit\u00e9 suisse a eu lieu au Kursaal de Berne. Le slogan \u00e9tait \"L'innovation - moteur de l'\u00e9conomie suisse\" - un th\u00e8me qui acquiert une nouvelle pertinence \u00e0 l'\u00e8re de l'IA.<\/p>","protected":false},"author":8,"featured_media":0,"comment_status":"closed","ping_status":"closed","sticky":false,"template":"","format":"standard","meta":{"_acf_changed":false,"_yoast_wpseo_focuskw":"Tag der Schweizer","_yoast_wpseo_metadesc":"Tag der Schweizer Qualit\u00e4t 2024: Innovation im Fokus. Experten diskutieren Robotik, Kreativit\u00e4t und zukunftsweisende Trends.","articlekey":"","footnotes":""},"categories":[582],"tags":[636,586,193,274],"class_list":["post-26771","post","type-post","status-publish","format-standard","hentry","category-operational-excellence","tag-tag-der-schweizer-qualitaet","tag-allgemein","tag-fachkongressfachmesse","tag-innovation"],"acf":[],"yoast_head":"<!-- This site is optimized with the Yoast SEO plugin v27.4 - https:\/\/yoast.com\/product\/yoast-seo-wordpress\/ -->\n<title>Ganz im Zeichen von Innovation: Tag der Schweizer Qualit\u00e4t 2024 - Organisator<\/title>\n<meta name=\"description\" content=\"Tag der Schweizer Qualit\u00e4t 2024: Innovation im Fokus. Experten diskutieren Robotik, Kreativit\u00e4t und zukunftsweisende Trends.\" \/>\n<meta name=\"robots\" content=\"index, follow, max-snippet:-1, max-image-preview:large, max-video-preview:-1\" \/>\n<link rel=\"canonical\" href=\"https:\/\/www.organisator.ch\/fr\/excellence-operationnelle\/2024-04-26\/ganz-im-zeichen-von-innovation-tag-der-schweizer-qualitaet-2024\/\" \/>\n<meta property=\"og:locale\" content=\"fr_FR\" \/>\n<meta property=\"og:type\" content=\"article\" \/>\n<meta property=\"og:title\" content=\"Ganz im Zeichen von Innovation: Tag der Schweizer Qualit\u00e4t 2024 - Organisator\" \/>\n<meta property=\"og:description\" content=\"Tag der Schweizer Qualit\u00e4t 2024: Innovation im Fokus. Experten diskutieren Robotik, Kreativit\u00e4t und zukunftsweisende Trends.\" \/>\n<meta property=\"og:url\" content=\"https:\/\/www.organisator.ch\/fr\/excellence-operationnelle\/2024-04-26\/ganz-im-zeichen-von-innovation-tag-der-schweizer-qualitaet-2024\/\" \/>\n<meta property=\"og:site_name\" content=\"Organisator\" \/>\n<meta property=\"article:publisher\" content=\"https:\/\/www.facebook.com\/OrganisatorFachmagazin\" \/>\n<meta property=\"article:published_time\" content=\"2024-04-26T06:29:39+00:00\" \/>\n<meta property=\"article:modified_time\" content=\"2024-11-11T05:32:13+00:00\" \/>\n<meta property=\"og:image\" content=\"https:\/\/www.m-q.ch\/wp-content\/uploads\/2024\/04\/Innovation-im-Fokus-Tag-der-Schweizer-Qualitaet-2024_MQ.jpg\" \/>\n<meta name=\"author\" content=\"galledia\" \/>\n<meta name=\"twitter:card\" content=\"summary_large_image\" \/>\n<meta name=\"twitter:creator\" content=\"@admin\" \/>\n<script type=\"application\/ld+json\" class=\"yoast-schema-graph\">{\"@context\":\"https:\\\/\\\/schema.org\",\"@graph\":[{\"@type\":\"Article\",\"@id\":\"https:\\\/\\\/www.organisator.ch\\\/operational-excellence\\\/2024-04-26\\\/ganz-im-zeichen-von-innovation-tag-der-schweizer-qualitaet-2024\\\/#article\",\"isPartOf\":{\"@id\":\"https:\\\/\\\/www.organisator.ch\\\/operational-excellence\\\/2024-04-26\\\/ganz-im-zeichen-von-innovation-tag-der-schweizer-qualitaet-2024\\\/\"},\"author\":{\"name\":\"galledia\",\"@id\":\"https:\\\/\\\/www.organisator.ch\\\/#\\\/schema\\\/person\\\/4e51799071cd2dd1232ac003643ef5f0\"},\"headline\":\"Ganz im Zeichen von Innovation: Tag der Schweizer Qualit\u00e4t 2024\",\"datePublished\":\"2024-04-26T06:29:39+00:00\",\"dateModified\":\"2024-11-11T05:32:13+00:00\",\"mainEntityOfPage\":{\"@id\":\"https:\\\/\\\/www.organisator.ch\\\/operational-excellence\\\/2024-04-26\\\/ganz-im-zeichen-von-innovation-tag-der-schweizer-qualitaet-2024\\\/\"},\"wordCount\":1243,\"publisher\":{\"@id\":\"https:\\\/\\\/www.organisator.ch\\\/#organization\"},\"image\":{\"@id\":\"https:\\\/\\\/www.organisator.ch\\\/operational-excellence\\\/2024-04-26\\\/ganz-im-zeichen-von-innovation-tag-der-schweizer-qualitaet-2024\\\/#primaryimage\"},\"thumbnailUrl\":\"https:\\\/\\\/www.m-q.ch\\\/wp-content\\\/uploads\\\/2024\\\/04\\\/Innovation-im-Fokus-Tag-der-Schweizer-Qualitaet-2024_MQ.jpg\",\"keywords\":[\"\u00abTag der Schweizer Qualit\u00e4t\u00bb\",\"Allgemein\",\"Fachkongress\\\/Fachmesse\",\"Innovation\"],\"articleSection\":[\"OPERATIONAL EXCELLENCE\"],\"inLanguage\":\"fr-FR\"},{\"@type\":\"WebPage\",\"@id\":\"https:\\\/\\\/www.organisator.ch\\\/operational-excellence\\\/2024-04-26\\\/ganz-im-zeichen-von-innovation-tag-der-schweizer-qualitaet-2024\\\/\",\"url\":\"https:\\\/\\\/www.organisator.ch\\\/operational-excellence\\\/2024-04-26\\\/ganz-im-zeichen-von-innovation-tag-der-schweizer-qualitaet-2024\\\/\",\"name\":\"Ganz im Zeichen von Innovation: Tag der Schweizer Qualit\u00e4t 2024 - Organisator\",\"isPartOf\":{\"@id\":\"https:\\\/\\\/www.organisator.ch\\\/#website\"},\"primaryImageOfPage\":{\"@id\":\"https:\\\/\\\/www.organisator.ch\\\/operational-excellence\\\/2024-04-26\\\/ganz-im-zeichen-von-innovation-tag-der-schweizer-qualitaet-2024\\\/#primaryimage\"},\"image\":{\"@id\":\"https:\\\/\\\/www.organisator.ch\\\/operational-excellence\\\/2024-04-26\\\/ganz-im-zeichen-von-innovation-tag-der-schweizer-qualitaet-2024\\\/#primaryimage\"},\"thumbnailUrl\":\"https:\\\/\\\/www.m-q.ch\\\/wp-content\\\/uploads\\\/2024\\\/04\\\/Innovation-im-Fokus-Tag-der-Schweizer-Qualitaet-2024_MQ.jpg\",\"datePublished\":\"2024-04-26T06:29:39+00:00\",\"dateModified\":\"2024-11-11T05:32:13+00:00\",\"description\":\"Tag der Schweizer Qualit\u00e4t 2024: Innovation im Fokus. Experten diskutieren Robotik, Kreativit\u00e4t und zukunftsweisende Trends.\",\"breadcrumb\":{\"@id\":\"https:\\\/\\\/www.organisator.ch\\\/operational-excellence\\\/2024-04-26\\\/ganz-im-zeichen-von-innovation-tag-der-schweizer-qualitaet-2024\\\/#breadcrumb\"},\"inLanguage\":\"fr-FR\",\"potentialAction\":[{\"@type\":\"ReadAction\",\"target\":[\"https:\\\/\\\/www.organisator.ch\\\/operational-excellence\\\/2024-04-26\\\/ganz-im-zeichen-von-innovation-tag-der-schweizer-qualitaet-2024\\\/\"]}]},{\"@type\":\"ImageObject\",\"inLanguage\":\"fr-FR\",\"@id\":\"https:\\\/\\\/www.organisator.ch\\\/operational-excellence\\\/2024-04-26\\\/ganz-im-zeichen-von-innovation-tag-der-schweizer-qualitaet-2024\\\/#primaryimage\",\"url\":\"https:\\\/\\\/www.m-q.ch\\\/wp-content\\\/uploads\\\/2024\\\/04\\\/Innovation-im-Fokus-Tag-der-Schweizer-Qualitaet-2024_MQ.jpg\",\"contentUrl\":\"https:\\\/\\\/www.m-q.ch\\\/wp-content\\\/uploads\\\/2024\\\/04\\\/Innovation-im-Fokus-Tag-der-Schweizer-Qualitaet-2024_MQ.jpg\"},{\"@type\":\"BreadcrumbList\",\"@id\":\"https:\\\/\\\/www.organisator.ch\\\/operational-excellence\\\/2024-04-26\\\/ganz-im-zeichen-von-innovation-tag-der-schweizer-qualitaet-2024\\\/#breadcrumb\",\"itemListElement\":[{\"@type\":\"ListItem\",\"position\":1,\"name\":\"Home\",\"item\":\"https:\\\/\\\/www.organisator.ch\\\/\"},{\"@type\":\"ListItem\",\"position\":2,\"name\":\"Ganz im Zeichen von Innovation: Tag der Schweizer Qualit\u00e4t 2024\"}]},{\"@type\":\"WebSite\",\"@id\":\"https:\\\/\\\/www.organisator.ch\\\/#website\",\"url\":\"https:\\\/\\\/www.organisator.ch\\\/\",\"name\":\"Organisator\",\"description\":\"Kompetent. Praxisnah. Der ORGANISATOR bereitet in 10 Ausgaben pro Jahr die wesentlichen Themen f\u00fcr F\u00fchrungskr\u00e4fte von KMU auf.\",\"publisher\":{\"@id\":\"https:\\\/\\\/www.organisator.ch\\\/#organization\"},\"potentialAction\":[{\"@type\":\"SearchAction\",\"target\":{\"@type\":\"EntryPoint\",\"urlTemplate\":\"https:\\\/\\\/www.organisator.ch\\\/?s={search_term_string}\"},\"query-input\":{\"@type\":\"PropertyValueSpecification\",\"valueRequired\":true,\"valueName\":\"search_term_string\"}}],\"inLanguage\":\"fr-FR\"},{\"@type\":\"Organization\",\"@id\":\"https:\\\/\\\/www.organisator.ch\\\/#organization\",\"name\":\"Organisator\",\"url\":\"https:\\\/\\\/www.organisator.ch\\\/\",\"logo\":{\"@type\":\"ImageObject\",\"inLanguage\":\"fr-FR\",\"@id\":\"https:\\\/\\\/www.organisator.ch\\\/#\\\/schema\\\/logo\\\/image\\\/\",\"url\":\"https:\\\/\\\/www.organisator.ch\\\/wp-content\\\/uploads\\\/2022\\\/01\\\/Logo_Organisator_Website.png\",\"contentUrl\":\"https:\\\/\\\/www.organisator.ch\\\/wp-content\\\/uploads\\\/2022\\\/01\\\/Logo_Organisator_Website.png\",\"width\":800,\"height\":77,\"caption\":\"Organisator\"},\"image\":{\"@id\":\"https:\\\/\\\/www.organisator.ch\\\/#\\\/schema\\\/logo\\\/image\\\/\"},\"sameAs\":[\"https:\\\/\\\/www.facebook.com\\\/OrganisatorFachmagazin\",\"https:\\\/\\\/www.linkedin.com\\\/showcase\\\/organisator-das-magazin-fr-kmu\",\"https:\\\/\\\/www.xing.com\\\/news\\\/pages\\\/organisator-ch-695\",\"https:\\\/\\\/www.youtube.com\\\/channel\\\/UCGP2Sq0iWaZwT3BdIAQFYpw\"]},{\"@type\":\"Person\",\"@id\":\"https:\\\/\\\/www.organisator.ch\\\/#\\\/schema\\\/person\\\/4e51799071cd2dd1232ac003643ef5f0\",\"name\":\"galledia\",\"image\":{\"@type\":\"ImageObject\",\"inLanguage\":\"fr-FR\",\"@id\":\"https:\\\/\\\/secure.gravatar.com\\\/avatar\\\/78a7f90c01fc2bfc875782a0d4922b37cde2cf184ce347b91316d23cd7f69a36?s=96&d=mm&r=g\",\"url\":\"https:\\\/\\\/secure.gravatar.com\\\/avatar\\\/78a7f90c01fc2bfc875782a0d4922b37cde2cf184ce347b91316d23cd7f69a36?s=96&d=mm&r=g\",\"contentUrl\":\"https:\\\/\\\/secure.gravatar.com\\\/avatar\\\/78a7f90c01fc2bfc875782a0d4922b37cde2cf184ce347b91316d23cd7f69a36?s=96&d=mm&r=g\",\"caption\":\"galledia\"},\"sameAs\":[\"https:\\\/\\\/x.com\\\/admin\"],\"url\":\"https:\\\/\\\/www.organisator.ch\\\/fr\\\/author\\\/galledia\\\/\"}]}<\/script>\n<!-- \/ Yoast SEO plugin. -->","yoast_head_json":{"title":"Sous le signe de l'innovation : Journ\u00e9e de la qualit\u00e9 suisse 2024 - Organisateur","description":"Journ\u00e9e de la qualit\u00e9 suisse 2024 : l'innovation en point de mire. Des experts discutent de robotique, de cr\u00e9ativit\u00e9 et de tendances d'avenir.","robots":{"index":"index","follow":"follow","max-snippet":"max-snippet:-1","max-image-preview":"max-image-preview:large","max-video-preview":"max-video-preview:-1"},"canonical":"https:\/\/www.organisator.ch\/fr\/excellence-operationnelle\/2024-04-26\/ganz-im-zeichen-von-innovation-tag-der-schweizer-qualitaet-2024\/","og_locale":"fr_FR","og_type":"article","og_title":"Ganz im Zeichen von Innovation: Tag der Schweizer Qualit\u00e4t 2024 - Organisator","og_description":"Tag der Schweizer Qualit\u00e4t 2024: Innovation im Fokus. Experten diskutieren Robotik, Kreativit\u00e4t und zukunftsweisende Trends.","og_url":"https:\/\/www.organisator.ch\/fr\/excellence-operationnelle\/2024-04-26\/ganz-im-zeichen-von-innovation-tag-der-schweizer-qualitaet-2024\/","og_site_name":"Organisator","article_publisher":"https:\/\/www.facebook.com\/OrganisatorFachmagazin","article_published_time":"2024-04-26T06:29:39+00:00","article_modified_time":"2024-11-11T05:32:13+00:00","og_image":[{"url":"https:\/\/www.m-q.ch\/wp-content\/uploads\/2024\/04\/Innovation-im-Fokus-Tag-der-Schweizer-Qualitaet-2024_MQ.jpg","type":"","width":"","height":""}],"author":"galledia","twitter_card":"summary_large_image","twitter_creator":"@admin","schema":{"@context":"https:\/\/schema.org","@graph":[{"@type":"Article","@id":"https:\/\/www.organisator.ch\/operational-excellence\/2024-04-26\/ganz-im-zeichen-von-innovation-tag-der-schweizer-qualitaet-2024\/#article","isPartOf":{"@id":"https:\/\/www.organisator.ch\/operational-excellence\/2024-04-26\/ganz-im-zeichen-von-innovation-tag-der-schweizer-qualitaet-2024\/"},"author":{"name":"galledia","@id":"https:\/\/www.organisator.ch\/#\/schema\/person\/4e51799071cd2dd1232ac003643ef5f0"},"headline":"Ganz im Zeichen von Innovation: Tag der Schweizer Qualit\u00e4t 2024","datePublished":"2024-04-26T06:29:39+00:00","dateModified":"2024-11-11T05:32:13+00:00","mainEntityOfPage":{"@id":"https:\/\/www.organisator.ch\/operational-excellence\/2024-04-26\/ganz-im-zeichen-von-innovation-tag-der-schweizer-qualitaet-2024\/"},"wordCount":1243,"publisher":{"@id":"https:\/\/www.organisator.ch\/#organization"},"image":{"@id":"https:\/\/www.organisator.ch\/operational-excellence\/2024-04-26\/ganz-im-zeichen-von-innovation-tag-der-schweizer-qualitaet-2024\/#primaryimage"},"thumbnailUrl":"https:\/\/www.m-q.ch\/wp-content\/uploads\/2024\/04\/Innovation-im-Fokus-Tag-der-Schweizer-Qualitaet-2024_MQ.jpg","keywords":["\u00abTag der Schweizer Qualit\u00e4t\u00bb","Allgemein","Fachkongress\/Fachmesse","Innovation"],"articleSection":["OPERATIONAL EXCELLENCE"],"inLanguage":"fr-FR"},{"@type":"WebPage","@id":"https:\/\/www.organisator.ch\/operational-excellence\/2024-04-26\/ganz-im-zeichen-von-innovation-tag-der-schweizer-qualitaet-2024\/","url":"https:\/\/www.organisator.ch\/operational-excellence\/2024-04-26\/ganz-im-zeichen-von-innovation-tag-der-schweizer-qualitaet-2024\/","name":"Sous le signe de l'innovation : Journ\u00e9e de la qualit\u00e9 suisse 2024 - Organisateur","isPartOf":{"@id":"https:\/\/www.organisator.ch\/#website"},"primaryImageOfPage":{"@id":"https:\/\/www.organisator.ch\/operational-excellence\/2024-04-26\/ganz-im-zeichen-von-innovation-tag-der-schweizer-qualitaet-2024\/#primaryimage"},"image":{"@id":"https:\/\/www.organisator.ch\/operational-excellence\/2024-04-26\/ganz-im-zeichen-von-innovation-tag-der-schweizer-qualitaet-2024\/#primaryimage"},"thumbnailUrl":"https:\/\/www.m-q.ch\/wp-content\/uploads\/2024\/04\/Innovation-im-Fokus-Tag-der-Schweizer-Qualitaet-2024_MQ.jpg","datePublished":"2024-04-26T06:29:39+00:00","dateModified":"2024-11-11T05:32:13+00:00","description":"Journ\u00e9e de la qualit\u00e9 suisse 2024 : l'innovation en point de mire. Des experts discutent de robotique, de cr\u00e9ativit\u00e9 et de tendances d'avenir.","breadcrumb":{"@id":"https:\/\/www.organisator.ch\/operational-excellence\/2024-04-26\/ganz-im-zeichen-von-innovation-tag-der-schweizer-qualitaet-2024\/#breadcrumb"},"inLanguage":"fr-FR","potentialAction":[{"@type":"ReadAction","target":["https:\/\/www.organisator.ch\/operational-excellence\/2024-04-26\/ganz-im-zeichen-von-innovation-tag-der-schweizer-qualitaet-2024\/"]}]},{"@type":"ImageObject","inLanguage":"fr-FR","@id":"https:\/\/www.organisator.ch\/operational-excellence\/2024-04-26\/ganz-im-zeichen-von-innovation-tag-der-schweizer-qualitaet-2024\/#primaryimage","url":"https:\/\/www.m-q.ch\/wp-content\/uploads\/2024\/04\/Innovation-im-Fokus-Tag-der-Schweizer-Qualitaet-2024_MQ.jpg","contentUrl":"https:\/\/www.m-q.ch\/wp-content\/uploads\/2024\/04\/Innovation-im-Fokus-Tag-der-Schweizer-Qualitaet-2024_MQ.jpg"},{"@type":"BreadcrumbList","@id":"https:\/\/www.organisator.ch\/operational-excellence\/2024-04-26\/ganz-im-zeichen-von-innovation-tag-der-schweizer-qualitaet-2024\/#breadcrumb","itemListElement":[{"@type":"ListItem","position":1,"name":"Home","item":"https:\/\/www.organisator.ch\/"},{"@type":"ListItem","position":2,"name":"Ganz im Zeichen von Innovation: Tag der Schweizer Qualit\u00e4t 2024"}]},{"@type":"WebSite","@id":"https:\/\/www.organisator.ch\/#website","url":"https:\/\/www.organisator.ch\/","name":"Organisateur","description":"Comp\u00e9tence et comp\u00e9tence. Proches de la pratique. L'ORGANISATEUR pr\u00e9pare 10 num\u00e9ros par an sur les th\u00e8mes essentiels pour les dirigeants de PME.","publisher":{"@id":"https:\/\/www.organisator.ch\/#organization"},"potentialAction":[{"@type":"SearchAction","target":{"@type":"EntryPoint","urlTemplate":"https:\/\/www.organisator.ch\/?s={search_term_string}"},"query-input":{"@type":"PropertyValueSpecification","valueRequired":true,"valueName":"search_term_string"}}],"inLanguage":"fr-FR"},{"@type":"Organization","@id":"https:\/\/www.organisator.ch\/#organization","name":"Organisateur","url":"https:\/\/www.organisator.ch\/","logo":{"@type":"ImageObject","inLanguage":"fr-FR","@id":"https:\/\/www.organisator.ch\/#\/schema\/logo\/image\/","url":"https:\/\/www.organisator.ch\/wp-content\/uploads\/2022\/01\/Logo_Organisator_Website.png","contentUrl":"https:\/\/www.organisator.ch\/wp-content\/uploads\/2022\/01\/Logo_Organisator_Website.png","width":800,"height":77,"caption":"Organisator"},"image":{"@id":"https:\/\/www.organisator.ch\/#\/schema\/logo\/image\/"},"sameAs":["https:\/\/www.facebook.com\/OrganisatorFachmagazin","https:\/\/www.linkedin.com\/showcase\/organisator-das-magazin-fr-kmu","https:\/\/www.xing.com\/news\/pages\/organisator-ch-695","https:\/\/www.youtube.com\/channel\/UCGP2Sq0iWaZwT3BdIAQFYpw"]},{"@type":"Person","@id":"https:\/\/www.organisator.ch\/#\/schema\/person\/4e51799071cd2dd1232ac003643ef5f0","name":"galledia","image":{"@type":"ImageObject","inLanguage":"fr-FR","@id":"https:\/\/secure.gravatar.com\/avatar\/78a7f90c01fc2bfc875782a0d4922b37cde2cf184ce347b91316d23cd7f69a36?s=96&d=mm&r=g","url":"https:\/\/secure.gravatar.com\/avatar\/78a7f90c01fc2bfc875782a0d4922b37cde2cf184ce347b91316d23cd7f69a36?s=96&d=mm&r=g","contentUrl":"https:\/\/secure.gravatar.com\/avatar\/78a7f90c01fc2bfc875782a0d4922b37cde2cf184ce347b91316d23cd7f69a36?s=96&d=mm&r=g","caption":"galledia"},"sameAs":["https:\/\/x.com\/admin"],"url":"https:\/\/www.organisator.ch\/fr\/author\/galledia\/"}]}},"_links":{"self":[{"href":"https:\/\/www.organisator.ch\/fr\/wp-json\/wp\/v2\/posts\/26771","targetHints":{"allow":["GET"]}}],"collection":[{"href":"https:\/\/www.organisator.ch\/fr\/wp-json\/wp\/v2\/posts"}],"about":[{"href":"https:\/\/www.organisator.ch\/fr\/wp-json\/wp\/v2\/types\/post"}],"author":[{"embeddable":true,"href":"https:\/\/www.organisator.ch\/fr\/wp-json\/wp\/v2\/users\/8"}],"replies":[{"embeddable":true,"href":"https:\/\/www.organisator.ch\/fr\/wp-json\/wp\/v2\/comments?post=26771"}],"version-history":[{"count":7,"href":"https:\/\/www.organisator.ch\/fr\/wp-json\/wp\/v2\/posts\/26771\/revisions"}],"predecessor-version":[{"id":32285,"href":"https:\/\/www.organisator.ch\/fr\/wp-json\/wp\/v2\/posts\/26771\/revisions\/32285"}],"wp:attachment":[{"href":"https:\/\/www.organisator.ch\/fr\/wp-json\/wp\/v2\/media?parent=26771"}],"wp:term":[{"taxonomy":"category","embeddable":true,"href":"https:\/\/www.organisator.ch\/fr\/wp-json\/wp\/v2\/categories?post=26771"},{"taxonomy":"post_tag","embeddable":true,"href":"https:\/\/www.organisator.ch\/fr\/wp-json\/wp\/v2\/tags?post=26771"}],"curies":[{"name":"wp","href":"https:\/\/api.w.org\/{rel}","templated":true}]}}