{"id":26776,"date":"2024-04-26T10:19:04","date_gmt":"2024-04-26T08:19:04","guid":{"rendered":"https:\/\/www.organisator.ch\/?p=26776"},"modified":"2024-04-26T10:19:04","modified_gmt":"2024-04-26T08:19:04","slug":"einzigartige-einblicke-in-leuchtturmprojekte-am-39-zuercher-logistik-kolloquium","status":"publish","type":"post","link":"https:\/\/www.organisator.ch\/fr\/operational-excellence\/2024-04-26\/einzigartige-einblicke-in-leuchtturmprojekte-am-39-zuercher-logistik-kolloquium\/","title":{"rendered":"Aper\u00e7u unique de projets phares lors du 39e colloque zurichois sur la logistique"},"content":{"rendered":"<figure id=\"attachment_26777\" aria-describedby=\"caption-attachment-26777\" style=\"width: 680px\" class=\"wp-caption alignnone\"><img loading=\"lazy\" decoding=\"async\" class=\"size-full wp-image-26777\" src=\"https:\/\/www.organisator.ch\/wp-content\/uploads\/2024\/04\/Einzigartige-Einblicke-in-Leuchtturmprojekte-am-39.-Zuercher-Logistik-Kolloquium_Organisator.jpg\" alt=\"\" width=\"680\" height=\"426\" srcset=\"https:\/\/www.organisator.ch\/wp-content\/uploads\/2024\/04\/Einzigartige-Einblicke-in-Leuchtturmprojekte-am-39.-Zuercher-Logistik-Kolloquium_Organisator.jpg 680w, https:\/\/www.organisator.ch\/wp-content\/uploads\/2024\/04\/Einzigartige-Einblicke-in-Leuchtturmprojekte-am-39.-Zuercher-Logistik-Kolloquium_Organisator-18x12.jpg 18w, https:\/\/www.organisator.ch\/wp-content\/uploads\/2024\/04\/Einzigartige-Einblicke-in-Leuchtturmprojekte-am-39.-Zuercher-Logistik-Kolloquium_Organisator-375x235.jpg 375w, https:\/\/www.organisator.ch\/wp-content\/uploads\/2024\/04\/Einzigartige-Einblicke-in-Leuchtturmprojekte-am-39.-Zuercher-Logistik-Kolloquium_Organisator-559x350.jpg 559w\" sizes=\"auto, (max-width: 680px) 100vw, 680px\" \/><figcaption id=\"caption-attachment-26777\" class=\"wp-caption-text\">Chaque ann\u00e9e, au printemps, a lieu le traditionnel colloque zurichois sur la logistique. A cette occasion, trois managers ou plus de l'\u00e9conomie suisse pr\u00e9sentent leurs projets phares. (Photo : Dr. Ac\u00e9l &amp; Partner)<\/figcaption><\/figure>\n<p>Le colloque zurichois sur la logistique, qui s'est tenu au Dozentenfoyer de l'ETH Zurich et qui a accueilli trois expos\u00e9s pratiques inspirants ainsi qu'une soixantaine d'invit\u00e9s issus de l'industrie et de l'\u00e9conomie, a de nouveau \u00e9t\u00e9 un franc succ\u00e8s, selon les informations fournies par les organisateurs.<\/p>\n<h3>Logistique durable dans l'industrie de l'acier<\/h3>\n<p>Apr\u00e8s le mot de bienvenue du Dr Peter Ac\u00e9l et du Prof. Dr Konrad Wegener, Fabian Gerdes, responsable de la logistique sortante chez Salzgitter Flachstahl GmbH, a commenc\u00e9 la s\u00e9rie de conf\u00e9rences. Sous le titre \"Logistics for Circular Solutions\", il a fait un expos\u00e9 sur les objectifs de transporter l'acier et les mati\u00e8res premi\u00e8res de mani\u00e8re durable dans des circuits et sur la contribution de la production d'acier \u00e0 la r\u00e9alisation des objectifs climatiques.<\/p>\n<p>Apr\u00e8s une br\u00e8ve pr\u00e9sentation du groupe Salzgitter, M. Gerdes a \u00e9voqu\u00e9 les mesures qu'il a prises pour atteindre la neutralit\u00e9 en mati\u00e8re de gaz \u00e0 effet de serre. Il s'est concentr\u00e9 sur une solution sp\u00e9cialement d\u00e9velopp\u00e9e \u00e0 cet effet. Gr\u00e2ce au concept Salzgitter Low CO<sub>2<\/sub> Fabrication de l'acier (SALCOS<sup>\u00ae<\/sup>), le proc\u00e9d\u00e9 appel\u00e9 Carbon-Direct-Avoidance (CDA) et l'utilisation d'hydrog\u00e8ne \u00e0 la place du carbone comme agent r\u00e9ducteur doivent permettre de r\u00e9duire quasiment le CO<sub>2<\/sub>-et produire d'ici 2033 plus de 95% d'acier exempt de CO<sub>2<\/sub>-2sont r\u00e9duites.<\/p>\n<p>Le prochain d\u00e9fi consiste \u00e0 transporter les produits verts de mani\u00e8re verte. Chaque ann\u00e9e, environ 11,5 millions de tonnes de mat\u00e9riel sont transport\u00e9es en inbound et environ 3,25 millions en outbound par rail, par camion ou par p\u00e9niche. Les transports augmentent alors que l'infrastructure g\u00e9n\u00e9rale stagne. Salzgitter Flachstahl a donc pris les choses en main pour d\u00e9velopper des solutions durables et innovantes. Il s'agit entre autres du nouveau concept de contr\u00f4le des trains \"Ontrail\", des ponts de cam\u00e9ras qui, gr\u00e2ce \u00e0 l'IA, d\u00e9tectent sur les trains \u00e0 quel point les couvertures sont endommag\u00e9es et si les marchandises peuvent arriver au sec chez les clients. Par ailleurs, Fabian Gerdes a \u00e9voqu\u00e9 le d\u00e9veloppement d'un bateau fluvial \u00e0 propulsion \u00e9lectrique qui continue de naviguer m\u00eame lorsque le niveau de l'eau est bas.<\/p>\n<h3>Pr\u00e9paration multiple des outils utilis\u00e9s<\/h3>\n<p>Le deuxi\u00e8me expos\u00e9 a \u00e9t\u00e9 pr\u00e9sent\u00e9 par Rico von Burg, chef de produit chez Fraisa SA \u00e0 Bellach, sur la logistique lors du reconditionnement d'outils d\u00e9j\u00e0 utilis\u00e9s. Fraisa s'est sp\u00e9cialis\u00e9e dans la fabrication d'outils de pr\u00e9cision, y compris les fabrications sp\u00e9ciales et le rafra\u00eechissement d'outils us\u00e9s.<\/p>\n<p>M. von Burg a ainsi fait la transition vers la comp\u00e9tence cl\u00e9 de Fraisa : FRAISA ReTool<sup>\u00ae<\/sup>. Ce service comprend la remise en \u00e9tat rapide des outils d\u00e9j\u00e0 utilis\u00e9s afin qu'ils puissent \u00eatre r\u00e9utilis\u00e9s pour le m\u00eame travail - avec une garantie de performance de 100%. C'est ce qui distingue Fraisa de ses concurrents qui ne font que downcycler les outils us\u00e9s. En moyenne, les outils peuvent ainsi \u00eatre reconditionn\u00e9s 2,3 fois. Pour que le One Piece Flow fonctionne avec environ 350'000 reconditionnements par an et que des g\u00e9om\u00e9tries d'outils uniques et complexes ou des souhaits individuels de clients puissent \u00eatre pris en compte, un code DataMatrix contenant toutes les informations sur le produit est utile. Les commandes peuvent ainsi \u00eatre regroup\u00e9es, mais les outils peuvent tout de m\u00eame \u00eatre pilot\u00e9s individuellement \u00e0 travers la production enti\u00e8rement automatis\u00e9e.<\/p>\n<p>Gr\u00e2ce aux processus num\u00e9riques et au fonctionnement autonome des machines, les collaborateurs sont utilis\u00e9s de mani\u00e8re beaucoup plus efficace. Et bien s\u00fbr, l'utilisation d'outils fra\u00eechement pr\u00e9par\u00e9s au lieu d'outils nouvellement produits permet d'\u00e9conomiser plus de 50% de CO2.<\/p>\n<h3>Quand un distributeur devient fabricant...<\/h3>\n<p>Le troisi\u00e8me et dernier th\u00e8me de ce colloque sur la logistique a \u00e9t\u00e9 pr\u00e9sent\u00e9 par le Dr Peter Rutishauser, fondateur d'Equatis SA. Intitul\u00e9 \"Du grossiste au fabricant de marque\", il s'est pench\u00e9 sur la reconstruction d'une cha\u00eene d'approvisionnement \u00e0 l'\u00e9chelle europ\u00e9enne apr\u00e8s la d\u00e9faillance de l'ancien fournisseur pour cause d'insolvabilit\u00e9. Rutishauser a bas\u00e9 sa pr\u00e9sentation sur l'exemple de l'entreprise Trisport. Trisport distribuait des appareils de fitness de la marque Kettler. Le probl\u00e8me : Kettler a d\u00fb se d\u00e9clarer en faillite \u00e0 trois reprises. D\u00e8s les deux premiers incidents, Rutishauser a forg\u00e9 un plan B en collaboration avec Trisport, qui a ensuite \u00e9t\u00e9 mis en \u0153uvre lors de la troisi\u00e8me insolvabilit\u00e9. Trisport a acquis les droits de marque de Kettler Sportger\u00e4te. Mais elle s'est alors retrouv\u00e9e face \u00e0 un \u00e9norme d\u00e9fi : reconstruire les activit\u00e9s sans transfert d'entreprise et sans leurs charges h\u00e9rit\u00e9es du pass\u00e9, et assurer l'approvisionnement du march\u00e9 avec le moins d'interruptions possible.<\/p>\n<p>Pour y parvenir, de nouveaux concepts ont d\u00fb \u00eatre mis en place : rationalisation de l'assortiment, planification adapt\u00e9e des quantit\u00e9s et renforcement de la confiance des revendeurs dans l'entreprise d'une part, mais aussi dans le producteur chinois des appareils. Lors de la mise en place de la nouvelle cha\u00eene logistique du producteur en Chine vers l'Europe, Dr. Ac\u00e9l &amp; Partner AG a largement contribu\u00e9 \u00e0 mettre en place la distribution dans toute l'Europe en six semaines. La conclusion que Rutishauser tire de ce projet est que toute cette entreprise n'aurait probablement pas eu autant de succ\u00e8s sans un solide r\u00e9seau personnel \u00e0 l'int\u00e9rieur et \u00e0 l'ext\u00e9rieur de l'entreprise.<\/p>\n<p>Konrad Wegener, les participants ont profit\u00e9 de l'occasion pour \u00e9changer des id\u00e9es et r\u00e9seauter autour d'un d\u00e9licieux ap\u00e9ritif et, malgr\u00e9 un temps maussade, d'une vue impressionnante sur la ville de Zurich et le lac.<\/p>\n<p><em>Source et informations compl\u00e9mentaires sur le prochain colloque zurichois sur la logistique : <a href=\"http:\/\/www.acel.ch\">Dr. Ac\u00e9l &amp; Partner AG<\/a><\/em><\/p>","protected":false},"excerpt":{"rendered":"<p>Des d\u00e9veloppements novateurs sont \u00e9galement n\u00e9cessaires - et possibles - dans la logistique ! C'est ce qu'a d\u00e9montr\u00e9 le 23 avril 2024 le 39e colloque zurichois sur la logistique organis\u00e9 par Dr. Ac\u00e9l &amp; Partner AG en collaboration avec l'ETH Zurich, Institut pour les machines-outils et la fabrication (IWF), avec ses projets phares \"Agile &amp; durable\".<\/p>","protected":false},"author":4,"featured_media":26777,"comment_status":"closed","ping_status":"closed","sticky":false,"template":"","format":"standard","meta":{"_acf_changed":false,"_yoast_wpseo_focuskw":"Logistik-Kolloquium","_yoast_wpseo_metadesc":"Das 39. Z\u00fcrcher Logistik-Kolloquium der Dr. Ac\u00e9l & Partner AG zeigte am 23. April 2024 drei Leuchtturmprojekte zum Thema \u00abAgil & Nachhaltig\u00bb.","articlekey":"","footnotes":""},"categories":[582],"tags":[193,4209,328,358],"class_list":["post-26776","post","type-post","status-publish","format-standard","has-post-thumbnail","hentry","category-operational-excellence","tag-fachkongressfachmesse","tag-kontinuierliche-verbesserung","tag-logistik","tag-nachhaltige-wirtschaft"],"acf":[],"yoast_head":"<!-- This site is optimized with the Yoast SEO plugin v27.5 - https:\/\/yoast.com\/product\/yoast-seo-wordpress\/ -->\n<title>Einzigartige Einblicke in Leuchtturmprojekte am 39. Z\u00fcrcher Logistik-Kolloquium - Organisator<\/title>\n<meta name=\"description\" content=\"Das 39. Z\u00fcrcher Logistik-Kolloquium der Dr. Ac\u00e9l &amp; Partner AG zeigte am 23. April 2024 drei Leuchtturmprojekte zum Thema \u00abAgil &amp; Nachhaltig\u00bb.\" \/>\n<meta name=\"robots\" content=\"index, follow, max-snippet:-1, max-image-preview:large, max-video-preview:-1\" \/>\n<link rel=\"canonical\" href=\"https:\/\/www.organisator.ch\/fr\/excellence-operationnelle\/2024-04-26\/einzigartige-einblicke-in-leuchtturmprojekte-am-39-zuercher-logistik-kolloquium\/\" \/>\n<meta property=\"og:locale\" content=\"fr_FR\" \/>\n<meta property=\"og:type\" content=\"article\" \/>\n<meta property=\"og:title\" content=\"Einzigartige Einblicke in Leuchtturmprojekte am 39. Z\u00fcrcher Logistik-Kolloquium\" \/>\n<meta property=\"og:description\" content=\"Das 39. Z\u00fcrcher Logistik-Kolloquium der Dr. Ac\u00e9l &amp; Partner AG zeigte am 23. April 2024 drei Leuchtturmprojekte zum Thema \u00abAgil &amp; Nachhaltig\u00bb.\" \/>\n<meta property=\"og:url\" content=\"https:\/\/www.organisator.ch\/fr\/excellence-operationnelle\/2024-04-26\/einzigartige-einblicke-in-leuchtturmprojekte-am-39-zuercher-logistik-kolloquium\/\" \/>\n<meta property=\"og:site_name\" content=\"Organisator\" \/>\n<meta property=\"article:publisher\" content=\"https:\/\/www.facebook.com\/OrganisatorFachmagazin\" \/>\n<meta property=\"article:published_time\" content=\"2024-04-26T08:19:04+00:00\" \/>\n<meta property=\"og:image\" content=\"https:\/\/www.organisator.ch\/wp-content\/uploads\/2024\/04\/Einzigartige-Einblicke-in-Leuchtturmprojekte-am-39.-Zuercher-Logistik-Kolloquium_Organisator.jpg\" \/>\n\t<meta property=\"og:image:width\" content=\"680\" \/>\n\t<meta property=\"og:image:height\" content=\"426\" \/>\n\t<meta property=\"og:image:type\" content=\"image\/jpeg\" \/>\n<meta name=\"author\" content=\"thomas.berner\" \/>\n<meta name=\"twitter:card\" content=\"summary_large_image\" \/>\n<meta name=\"twitter:title\" content=\"Einzigartige Einblicke in #Leuchtturmprojekte am 39. Z\u00fcrcher #Logistik-Kolloquium\" \/>\n<meta name=\"twitter:description\" content=\"Das 39. Z\u00fcrcher #Logistik-Kolloquium der Dr. Ac\u00e9l &amp; Partner AG zeigte am 23. April 2024 drei #Leuchtturmprojekte zum Thema \u00abAgil &amp; Nachhaltig\u00bb.\" \/>\n<meta name=\"twitter:image\" content=\"https:\/\/www.organisator.ch\/wp-content\/uploads\/2024\/04\/Einzigartige-Einblicke-in-Leuchtturmprojekte-am-39.-Zuercher-Logistik-Kolloquium_Organisator.jpg\" \/>\n<script type=\"application\/ld+json\" class=\"yoast-schema-graph\">{\"@context\":\"https:\\\/\\\/schema.org\",\"@graph\":[{\"@type\":\"Article\",\"@id\":\"https:\\\/\\\/www.organisator.ch\\\/operational-excellence\\\/2024-04-26\\\/einzigartige-einblicke-in-leuchtturmprojekte-am-39-zuercher-logistik-kolloquium\\\/#article\",\"isPartOf\":{\"@id\":\"https:\\\/\\\/www.organisator.ch\\\/operational-excellence\\\/2024-04-26\\\/einzigartige-einblicke-in-leuchtturmprojekte-am-39-zuercher-logistik-kolloquium\\\/\"},\"author\":{\"name\":\"thomas.berner\",\"@id\":\"https:\\\/\\\/www.organisator.ch\\\/#\\\/schema\\\/person\\\/6f650f90b2842cd4c0cc334b4e36f67e\"},\"headline\":\"Einzigartige Einblicke in Leuchtturmprojekte am 39. Z\u00fcrcher Logistik-Kolloquium\",\"datePublished\":\"2024-04-26T08:19:04+00:00\",\"mainEntityOfPage\":{\"@id\":\"https:\\\/\\\/www.organisator.ch\\\/operational-excellence\\\/2024-04-26\\\/einzigartige-einblicke-in-leuchtturmprojekte-am-39-zuercher-logistik-kolloquium\\\/\"},\"wordCount\":797,\"publisher\":{\"@id\":\"https:\\\/\\\/www.organisator.ch\\\/#organization\"},\"image\":{\"@id\":\"https:\\\/\\\/www.organisator.ch\\\/operational-excellence\\\/2024-04-26\\\/einzigartige-einblicke-in-leuchtturmprojekte-am-39-zuercher-logistik-kolloquium\\\/#primaryimage\"},\"thumbnailUrl\":\"https:\\\/\\\/www.organisator.ch\\\/wp-content\\\/uploads\\\/2024\\\/04\\\/Einzigartige-Einblicke-in-Leuchtturmprojekte-am-39.-Zuercher-Logistik-Kolloquium_Organisator.jpg\",\"keywords\":[\"Fachkongress\\\/Fachmesse\",\"Kontinuierliche Verbesserung\",\"Logistik\",\"Nachhaltige Wirtschaft\"],\"articleSection\":[\"OPERATIONAL EXCELLENCE\"],\"inLanguage\":\"fr-FR\"},{\"@type\":\"WebPage\",\"@id\":\"https:\\\/\\\/www.organisator.ch\\\/operational-excellence\\\/2024-04-26\\\/einzigartige-einblicke-in-leuchtturmprojekte-am-39-zuercher-logistik-kolloquium\\\/\",\"url\":\"https:\\\/\\\/www.organisator.ch\\\/operational-excellence\\\/2024-04-26\\\/einzigartige-einblicke-in-leuchtturmprojekte-am-39-zuercher-logistik-kolloquium\\\/\",\"name\":\"Einzigartige Einblicke in Leuchtturmprojekte am 39. Z\u00fcrcher Logistik-Kolloquium - Organisator\",\"isPartOf\":{\"@id\":\"https:\\\/\\\/www.organisator.ch\\\/#website\"},\"primaryImageOfPage\":{\"@id\":\"https:\\\/\\\/www.organisator.ch\\\/operational-excellence\\\/2024-04-26\\\/einzigartige-einblicke-in-leuchtturmprojekte-am-39-zuercher-logistik-kolloquium\\\/#primaryimage\"},\"image\":{\"@id\":\"https:\\\/\\\/www.organisator.ch\\\/operational-excellence\\\/2024-04-26\\\/einzigartige-einblicke-in-leuchtturmprojekte-am-39-zuercher-logistik-kolloquium\\\/#primaryimage\"},\"thumbnailUrl\":\"https:\\\/\\\/www.organisator.ch\\\/wp-content\\\/uploads\\\/2024\\\/04\\\/Einzigartige-Einblicke-in-Leuchtturmprojekte-am-39.-Zuercher-Logistik-Kolloquium_Organisator.jpg\",\"datePublished\":\"2024-04-26T08:19:04+00:00\",\"description\":\"Das 39. Z\u00fcrcher Logistik-Kolloquium der Dr. Ac\u00e9l & Partner AG zeigte am 23. April 2024 drei Leuchtturmprojekte zum Thema \u00abAgil & Nachhaltig\u00bb.\",\"breadcrumb\":{\"@id\":\"https:\\\/\\\/www.organisator.ch\\\/operational-excellence\\\/2024-04-26\\\/einzigartige-einblicke-in-leuchtturmprojekte-am-39-zuercher-logistik-kolloquium\\\/#breadcrumb\"},\"inLanguage\":\"fr-FR\",\"potentialAction\":[{\"@type\":\"ReadAction\",\"target\":[\"https:\\\/\\\/www.organisator.ch\\\/operational-excellence\\\/2024-04-26\\\/einzigartige-einblicke-in-leuchtturmprojekte-am-39-zuercher-logistik-kolloquium\\\/\"]}]},{\"@type\":\"ImageObject\",\"inLanguage\":\"fr-FR\",\"@id\":\"https:\\\/\\\/www.organisator.ch\\\/operational-excellence\\\/2024-04-26\\\/einzigartige-einblicke-in-leuchtturmprojekte-am-39-zuercher-logistik-kolloquium\\\/#primaryimage\",\"url\":\"https:\\\/\\\/www.organisator.ch\\\/wp-content\\\/uploads\\\/2024\\\/04\\\/Einzigartige-Einblicke-in-Leuchtturmprojekte-am-39.-Zuercher-Logistik-Kolloquium_Organisator.jpg\",\"contentUrl\":\"https:\\\/\\\/www.organisator.ch\\\/wp-content\\\/uploads\\\/2024\\\/04\\\/Einzigartige-Einblicke-in-Leuchtturmprojekte-am-39.-Zuercher-Logistik-Kolloquium_Organisator.jpg\",\"width\":680,\"height\":426,\"caption\":\"Jedes Jahr im Fr\u00fchling findet das traditionelle Z\u00fcrcher Logistik-Kolloquium statt. Bei diesem Anlass stellen jeweils drei oder mehr Manager der Schweizer Wirtschaft ihre Leuchtturmprojekte vor. (Bild: Dr. Ac\u00e9l & Partner)\"},{\"@type\":\"BreadcrumbList\",\"@id\":\"https:\\\/\\\/www.organisator.ch\\\/operational-excellence\\\/2024-04-26\\\/einzigartige-einblicke-in-leuchtturmprojekte-am-39-zuercher-logistik-kolloquium\\\/#breadcrumb\",\"itemListElement\":[{\"@type\":\"ListItem\",\"position\":1,\"name\":\"Home\",\"item\":\"https:\\\/\\\/www.organisator.ch\\\/\"},{\"@type\":\"ListItem\",\"position\":2,\"name\":\"Einzigartige Einblicke in Leuchtturmprojekte am 39. Z\u00fcrcher Logistik-Kolloquium\"}]},{\"@type\":\"WebSite\",\"@id\":\"https:\\\/\\\/www.organisator.ch\\\/#website\",\"url\":\"https:\\\/\\\/www.organisator.ch\\\/\",\"name\":\"Organisator\",\"description\":\"Kompetent. Praxisnah. Der ORGANISATOR bereitet in 10 Ausgaben pro Jahr die wesentlichen Themen f\u00fcr F\u00fchrungskr\u00e4fte von KMU auf.\",\"publisher\":{\"@id\":\"https:\\\/\\\/www.organisator.ch\\\/#organization\"},\"potentialAction\":[{\"@type\":\"SearchAction\",\"target\":{\"@type\":\"EntryPoint\",\"urlTemplate\":\"https:\\\/\\\/www.organisator.ch\\\/?s={search_term_string}\"},\"query-input\":{\"@type\":\"PropertyValueSpecification\",\"valueRequired\":true,\"valueName\":\"search_term_string\"}}],\"inLanguage\":\"fr-FR\"},{\"@type\":\"Organization\",\"@id\":\"https:\\\/\\\/www.organisator.ch\\\/#organization\",\"name\":\"Organisator\",\"url\":\"https:\\\/\\\/www.organisator.ch\\\/\",\"logo\":{\"@type\":\"ImageObject\",\"inLanguage\":\"fr-FR\",\"@id\":\"https:\\\/\\\/www.organisator.ch\\\/#\\\/schema\\\/logo\\\/image\\\/\",\"url\":\"https:\\\/\\\/www.organisator.ch\\\/wp-content\\\/uploads\\\/2022\\\/01\\\/Logo_Organisator_Website.png\",\"contentUrl\":\"https:\\\/\\\/www.organisator.ch\\\/wp-content\\\/uploads\\\/2022\\\/01\\\/Logo_Organisator_Website.png\",\"width\":800,\"height\":77,\"caption\":\"Organisator\"},\"image\":{\"@id\":\"https:\\\/\\\/www.organisator.ch\\\/#\\\/schema\\\/logo\\\/image\\\/\"},\"sameAs\":[\"https:\\\/\\\/www.facebook.com\\\/OrganisatorFachmagazin\",\"https:\\\/\\\/www.linkedin.com\\\/showcase\\\/organisator-das-magazin-fr-kmu\",\"https:\\\/\\\/www.xing.com\\\/news\\\/pages\\\/organisator-ch-695\",\"https:\\\/\\\/www.youtube.com\\\/channel\\\/UCGP2Sq0iWaZwT3BdIAQFYpw\"]},{\"@type\":\"Person\",\"@id\":\"https:\\\/\\\/www.organisator.ch\\\/#\\\/schema\\\/person\\\/6f650f90b2842cd4c0cc334b4e36f67e\",\"name\":\"thomas.berner\",\"image\":{\"@type\":\"ImageObject\",\"inLanguage\":\"fr-FR\",\"@id\":\"https:\\\/\\\/secure.gravatar.com\\\/avatar\\\/ac5001d2a36cb6c6cd3e50789007ffca834b477b74a2144564522e944eabff61?s=96&d=mm&r=g\",\"url\":\"https:\\\/\\\/secure.gravatar.com\\\/avatar\\\/ac5001d2a36cb6c6cd3e50789007ffca834b477b74a2144564522e944eabff61?s=96&d=mm&r=g\",\"contentUrl\":\"https:\\\/\\\/secure.gravatar.com\\\/avatar\\\/ac5001d2a36cb6c6cd3e50789007ffca834b477b74a2144564522e944eabff61?s=96&d=mm&r=g\",\"caption\":\"thomas.berner\"},\"url\":\"https:\\\/\\\/www.organisator.ch\\\/fr\\\/author\\\/thomas-berner\\\/\"}]}<\/script>\n<!-- \/ Yoast SEO plugin. -->","yoast_head_json":{"title":"Aper\u00e7u unique de projets phares au 39e colloque zurichois sur la logistique - Organisateur","description":"Le 39e colloque zurichois sur la logistique organis\u00e9 par Dr. Ac\u00e9l &amp; Partner AG a pr\u00e9sent\u00e9 le 23 avril 2024 trois projets phares sur le th\u00e8me \"Agile &amp; durable\".","robots":{"index":"index","follow":"follow","max-snippet":"max-snippet:-1","max-image-preview":"max-image-preview:large","max-video-preview":"max-video-preview:-1"},"canonical":"https:\/\/www.organisator.ch\/fr\/excellence-operationnelle\/2024-04-26\/einzigartige-einblicke-in-leuchtturmprojekte-am-39-zuercher-logistik-kolloquium\/","og_locale":"fr_FR","og_type":"article","og_title":"Einzigartige Einblicke in Leuchtturmprojekte am 39. Z\u00fcrcher Logistik-Kolloquium","og_description":"Das 39. Z\u00fcrcher Logistik-Kolloquium der Dr. Ac\u00e9l & Partner AG zeigte am 23. April 2024 drei Leuchtturmprojekte zum Thema \u00abAgil & Nachhaltig\u00bb.","og_url":"https:\/\/www.organisator.ch\/fr\/excellence-operationnelle\/2024-04-26\/einzigartige-einblicke-in-leuchtturmprojekte-am-39-zuercher-logistik-kolloquium\/","og_site_name":"Organisator","article_publisher":"https:\/\/www.facebook.com\/OrganisatorFachmagazin","article_published_time":"2024-04-26T08:19:04+00:00","og_image":[{"width":680,"height":426,"url":"https:\/\/www.organisator.ch\/wp-content\/uploads\/2024\/04\/Einzigartige-Einblicke-in-Leuchtturmprojekte-am-39.-Zuercher-Logistik-Kolloquium_Organisator.jpg","type":"image\/jpeg"}],"author":"thomas.berner","twitter_card":"summary_large_image","twitter_title":"Einzigartige Einblicke in #Leuchtturmprojekte am 39. Z\u00fcrcher #Logistik-Kolloquium","twitter_description":"Das 39. Z\u00fcrcher #Logistik-Kolloquium der Dr. Ac\u00e9l & Partner AG zeigte am 23. April 2024 drei #Leuchtturmprojekte zum Thema \u00abAgil & Nachhaltig\u00bb.","twitter_image":"https:\/\/www.organisator.ch\/wp-content\/uploads\/2024\/04\/Einzigartige-Einblicke-in-Leuchtturmprojekte-am-39.-Zuercher-Logistik-Kolloquium_Organisator.jpg","schema":{"@context":"https:\/\/schema.org","@graph":[{"@type":"Article","@id":"https:\/\/www.organisator.ch\/operational-excellence\/2024-04-26\/einzigartige-einblicke-in-leuchtturmprojekte-am-39-zuercher-logistik-kolloquium\/#article","isPartOf":{"@id":"https:\/\/www.organisator.ch\/operational-excellence\/2024-04-26\/einzigartige-einblicke-in-leuchtturmprojekte-am-39-zuercher-logistik-kolloquium\/"},"author":{"name":"thomas.berner","@id":"https:\/\/www.organisator.ch\/#\/schema\/person\/6f650f90b2842cd4c0cc334b4e36f67e"},"headline":"Einzigartige Einblicke in Leuchtturmprojekte am 39. Z\u00fcrcher Logistik-Kolloquium","datePublished":"2024-04-26T08:19:04+00:00","mainEntityOfPage":{"@id":"https:\/\/www.organisator.ch\/operational-excellence\/2024-04-26\/einzigartige-einblicke-in-leuchtturmprojekte-am-39-zuercher-logistik-kolloquium\/"},"wordCount":797,"publisher":{"@id":"https:\/\/www.organisator.ch\/#organization"},"image":{"@id":"https:\/\/www.organisator.ch\/operational-excellence\/2024-04-26\/einzigartige-einblicke-in-leuchtturmprojekte-am-39-zuercher-logistik-kolloquium\/#primaryimage"},"thumbnailUrl":"https:\/\/www.organisator.ch\/wp-content\/uploads\/2024\/04\/Einzigartige-Einblicke-in-Leuchtturmprojekte-am-39.-Zuercher-Logistik-Kolloquium_Organisator.jpg","keywords":["Fachkongress\/Fachmesse","Kontinuierliche Verbesserung","Logistik","Nachhaltige Wirtschaft"],"articleSection":["OPERATIONAL EXCELLENCE"],"inLanguage":"fr-FR"},{"@type":"WebPage","@id":"https:\/\/www.organisator.ch\/operational-excellence\/2024-04-26\/einzigartige-einblicke-in-leuchtturmprojekte-am-39-zuercher-logistik-kolloquium\/","url":"https:\/\/www.organisator.ch\/operational-excellence\/2024-04-26\/einzigartige-einblicke-in-leuchtturmprojekte-am-39-zuercher-logistik-kolloquium\/","name":"Aper\u00e7u unique de projets phares au 39e colloque zurichois sur la logistique - Organisateur","isPartOf":{"@id":"https:\/\/www.organisator.ch\/#website"},"primaryImageOfPage":{"@id":"https:\/\/www.organisator.ch\/operational-excellence\/2024-04-26\/einzigartige-einblicke-in-leuchtturmprojekte-am-39-zuercher-logistik-kolloquium\/#primaryimage"},"image":{"@id":"https:\/\/www.organisator.ch\/operational-excellence\/2024-04-26\/einzigartige-einblicke-in-leuchtturmprojekte-am-39-zuercher-logistik-kolloquium\/#primaryimage"},"thumbnailUrl":"https:\/\/www.organisator.ch\/wp-content\/uploads\/2024\/04\/Einzigartige-Einblicke-in-Leuchtturmprojekte-am-39.-Zuercher-Logistik-Kolloquium_Organisator.jpg","datePublished":"2024-04-26T08:19:04+00:00","description":"Le 39e colloque zurichois sur la logistique organis\u00e9 par Dr. Ac\u00e9l &amp; Partner AG a pr\u00e9sent\u00e9 le 23 avril 2024 trois projets phares sur le th\u00e8me \"Agile &amp; durable\".","breadcrumb":{"@id":"https:\/\/www.organisator.ch\/operational-excellence\/2024-04-26\/einzigartige-einblicke-in-leuchtturmprojekte-am-39-zuercher-logistik-kolloquium\/#breadcrumb"},"inLanguage":"fr-FR","potentialAction":[{"@type":"ReadAction","target":["https:\/\/www.organisator.ch\/operational-excellence\/2024-04-26\/einzigartige-einblicke-in-leuchtturmprojekte-am-39-zuercher-logistik-kolloquium\/"]}]},{"@type":"ImageObject","inLanguage":"fr-FR","@id":"https:\/\/www.organisator.ch\/operational-excellence\/2024-04-26\/einzigartige-einblicke-in-leuchtturmprojekte-am-39-zuercher-logistik-kolloquium\/#primaryimage","url":"https:\/\/www.organisator.ch\/wp-content\/uploads\/2024\/04\/Einzigartige-Einblicke-in-Leuchtturmprojekte-am-39.-Zuercher-Logistik-Kolloquium_Organisator.jpg","contentUrl":"https:\/\/www.organisator.ch\/wp-content\/uploads\/2024\/04\/Einzigartige-Einblicke-in-Leuchtturmprojekte-am-39.-Zuercher-Logistik-Kolloquium_Organisator.jpg","width":680,"height":426,"caption":"Jedes Jahr im Fr\u00fchling findet das traditionelle Z\u00fcrcher Logistik-Kolloquium statt. Bei diesem Anlass stellen jeweils drei oder mehr Manager der Schweizer Wirtschaft ihre Leuchtturmprojekte vor. (Bild: Dr. Ac\u00e9l & Partner)"},{"@type":"BreadcrumbList","@id":"https:\/\/www.organisator.ch\/operational-excellence\/2024-04-26\/einzigartige-einblicke-in-leuchtturmprojekte-am-39-zuercher-logistik-kolloquium\/#breadcrumb","itemListElement":[{"@type":"ListItem","position":1,"name":"Home","item":"https:\/\/www.organisator.ch\/"},{"@type":"ListItem","position":2,"name":"Einzigartige Einblicke in Leuchtturmprojekte am 39. Z\u00fcrcher Logistik-Kolloquium"}]},{"@type":"WebSite","@id":"https:\/\/www.organisator.ch\/#website","url":"https:\/\/www.organisator.ch\/","name":"Organisateur","description":"Comp\u00e9tence et comp\u00e9tence. Proches de la pratique. L'ORGANISATEUR pr\u00e9pare 10 num\u00e9ros par an sur les th\u00e8mes essentiels pour les dirigeants de PME.","publisher":{"@id":"https:\/\/www.organisator.ch\/#organization"},"potentialAction":[{"@type":"SearchAction","target":{"@type":"EntryPoint","urlTemplate":"https:\/\/www.organisator.ch\/?s={search_term_string}"},"query-input":{"@type":"PropertyValueSpecification","valueRequired":true,"valueName":"search_term_string"}}],"inLanguage":"fr-FR"},{"@type":"Organization","@id":"https:\/\/www.organisator.ch\/#organization","name":"Organisateur","url":"https:\/\/www.organisator.ch\/","logo":{"@type":"ImageObject","inLanguage":"fr-FR","@id":"https:\/\/www.organisator.ch\/#\/schema\/logo\/image\/","url":"https:\/\/www.organisator.ch\/wp-content\/uploads\/2022\/01\/Logo_Organisator_Website.png","contentUrl":"https:\/\/www.organisator.ch\/wp-content\/uploads\/2022\/01\/Logo_Organisator_Website.png","width":800,"height":77,"caption":"Organisator"},"image":{"@id":"https:\/\/www.organisator.ch\/#\/schema\/logo\/image\/"},"sameAs":["https:\/\/www.facebook.com\/OrganisatorFachmagazin","https:\/\/www.linkedin.com\/showcase\/organisator-das-magazin-fr-kmu","https:\/\/www.xing.com\/news\/pages\/organisator-ch-695","https:\/\/www.youtube.com\/channel\/UCGP2Sq0iWaZwT3BdIAQFYpw"]},{"@type":"Person","@id":"https:\/\/www.organisator.ch\/#\/schema\/person\/6f650f90b2842cd4c0cc334b4e36f67e","name":"thomas.berner","image":{"@type":"ImageObject","inLanguage":"fr-FR","@id":"https:\/\/secure.gravatar.com\/avatar\/ac5001d2a36cb6c6cd3e50789007ffca834b477b74a2144564522e944eabff61?s=96&d=mm&r=g","url":"https:\/\/secure.gravatar.com\/avatar\/ac5001d2a36cb6c6cd3e50789007ffca834b477b74a2144564522e944eabff61?s=96&d=mm&r=g","contentUrl":"https:\/\/secure.gravatar.com\/avatar\/ac5001d2a36cb6c6cd3e50789007ffca834b477b74a2144564522e944eabff61?s=96&d=mm&r=g","caption":"thomas.berner"},"url":"https:\/\/www.organisator.ch\/fr\/author\/thomas-berner\/"}]}},"_links":{"self":[{"href":"https:\/\/www.organisator.ch\/fr\/wp-json\/wp\/v2\/posts\/26776","targetHints":{"allow":["GET"]}}],"collection":[{"href":"https:\/\/www.organisator.ch\/fr\/wp-json\/wp\/v2\/posts"}],"about":[{"href":"https:\/\/www.organisator.ch\/fr\/wp-json\/wp\/v2\/types\/post"}],"author":[{"embeddable":true,"href":"https:\/\/www.organisator.ch\/fr\/wp-json\/wp\/v2\/users\/4"}],"replies":[{"embeddable":true,"href":"https:\/\/www.organisator.ch\/fr\/wp-json\/wp\/v2\/comments?post=26776"}],"version-history":[{"count":4,"href":"https:\/\/www.organisator.ch\/fr\/wp-json\/wp\/v2\/posts\/26776\/revisions"}],"predecessor-version":[{"id":26821,"href":"https:\/\/www.organisator.ch\/fr\/wp-json\/wp\/v2\/posts\/26776\/revisions\/26821"}],"wp:featuredmedia":[{"embeddable":true,"href":"https:\/\/www.organisator.ch\/fr\/wp-json\/wp\/v2\/media\/26777"}],"wp:attachment":[{"href":"https:\/\/www.organisator.ch\/fr\/wp-json\/wp\/v2\/media?parent=26776"}],"wp:term":[{"taxonomy":"category","embeddable":true,"href":"https:\/\/www.organisator.ch\/fr\/wp-json\/wp\/v2\/categories?post=26776"},{"taxonomy":"post_tag","embeddable":true,"href":"https:\/\/www.organisator.ch\/fr\/wp-json\/wp\/v2\/tags?post=26776"}],"curies":[{"name":"wp","href":"https:\/\/api.w.org\/{rel}","templated":true}]}}