{"id":26811,"date":"2024-04-29T11:11:32","date_gmt":"2024-04-29T09:11:32","guid":{"rendered":"https:\/\/www.m-q.ch\/?p=19694"},"modified":"2024-11-11T06:29:33","modified_gmt":"2024-11-11T05:29:33","slug":"rueckblick-auf-consense-expo-2024","status":"publish","type":"post","link":"https:\/\/www.organisator.ch\/fr\/operational-excellence\/2024-04-29\/rueckblick-auf-consense-expo-2024\/","title":{"rendered":"Retour sur ConSense EXPO 2024"},"content":{"rendered":"<figure id=\"attachment_19696\" class=\"wp-caption alignnone\" style=\"width: 680px\" aria-describedby=\"caption-attachment-19696\"><img class=\"alignnone wp-image-19696 size-full\" src=\"https:\/\/www.organisator.ch\/wp-content\/uploads\/2023\/04\/Sustainability_Auftakt_Aufmacherbild_organisator_36273-scaled.jpg\" alt=\"ConSense EXPO 2024\" width=\"1043\" height=\"1400\" \/>\r\n<figcaption id=\"caption-attachment-19696\" class=\"wp-caption-text\">ConSense EXPO 2024 : des sujets passionnants sur la gestion de la qualit\u00e9 et un programme de conf\u00e9rences compos\u00e9 de personnalit\u00e9s ont attir\u00e9 des centaines de participants. (Photo : www.consense-gmbh.de)<\/figcaption>\r\n<\/figure>\r\n<p>Les participants ont pu se procurer des informations actuelles sur les logiciels et la gestion de la qualit\u00e9 ainsi que les meilleures pratiques issues de l'exp\u00e9rience des entreprises et discuter de th\u00e8mes sp\u00e9cialis\u00e9s avec des experts. Un regard au-del\u00e0 de la gestion classique de la qualit\u00e9 caract\u00e9rise r\u00e9guli\u00e8rement cette manifestation. Parmi les temps forts de cette ann\u00e9e : la conf\u00e9rence d'Urs Meier, ancien arbitre de la FIFA, qui a tir\u00e9 des parall\u00e8les passionnants avec le monde des affaires \u00e0 partir de son exp\u00e9rience dans le sport professionnel. Par ailleurs, ConSense S\u00e0rl s'est pr\u00e9sent\u00e9e avec un logo rafra\u00eechi, juste \u00e0 temps pour la manifestation.<\/p>\r\n<p>D\u00e9ambuler confortablement depuis son ordinateur, gratuitement et sans bousculade, sur des stands d'exposition th\u00e9matiques virtuels et emporter avec soi des conseils, des astuces et des informations utiles pour sa propre gestion de la qualit\u00e9 - c'est l'id\u00e9e qui sous-tend la ConSense EXPO du d\u00e9veloppeur de logiciels ConSense GmbH, bas\u00e9 \u00e0 Aix-la-Chapelle. Tout le monde y a trouv\u00e9 son compte, des n\u00e9ophytes absolus qui en sont encore au d\u00e9but de la mise en place d'un syst\u00e8me bas\u00e9 sur un logiciel aux professionnels de la gestion de la qualit\u00e9 et des processus qui souhaitent d\u00e9velopper et optimiser leur syst\u00e8me gr\u00e2ce \u00e0 des informations d'initi\u00e9s. Plusieurs centaines de participants ont profit\u00e9 de l'occasion - et se sont montr\u00e9s extr\u00eamement satisfaits de leur \"r\u00e9colte\".<\/p>\r\n<h3><strong>Le hit-parade des th\u00e8mes : De la conformit\u00e9 \u00e0 la validation - et un peu de football<\/strong><\/h3>\r\n<p>Parmi les nouveaut\u00e9s actuelles concernant les logiciels ConSense, le module Compliance Management, qui sera bient\u00f4t disponible, a suscit\u00e9 un grand int\u00e9r\u00eat de la part du public sp\u00e9cialis\u00e9. Les syst\u00e8mes de gestion ConSense peuvent ainsi \u00eatre compl\u00e9t\u00e9s par un syst\u00e8me de gestion de la s\u00e9curit\u00e9 de l'information (ISMS). Le programme de conf\u00e9rences en direct a \u00e9galement \u00e9t\u00e9 particuli\u00e8rement demand\u00e9 et a fait mouche aupr\u00e8s des visiteurs du salon gr\u00e2ce \u00e0 son offre de th\u00e8mes passionnants. ConSense GmbH a enregistr\u00e9 plus de 1600 participations aux conf\u00e9rences et aux tables rondes.<\/p>\r\n<p>Alexander K\u00fcnzer, directeur de ConSense, a donn\u00e9 un aper\u00e7u des d\u00e9veloppements actuels des solutions logicielles. Urs Meier, une v\u00e9ritable c\u00e9l\u00e9brit\u00e9 du monde du football, a attir\u00e9 beaucoup de monde. L'ancien arbitre suisse de la FIFA et homme d'affaires a trouv\u00e9 dans son expos\u00e9 divertissant des parall\u00e8les \u00e9tonnants entre les matchs de football et le monde des affaires et a mis les passionn\u00e9s de football dans l'ambiance de l'Euro qui approche \u00e0 grands pas. Des repr\u00e9sentants d'entreprises de secteurs strictement r\u00e9glement\u00e9s ont profit\u00e9 du rapport d'exp\u00e9rience de Micha Wolfensberger, QA Team Lead chez la soci\u00e9t\u00e9 suisse Selectchemie AG, qui a donn\u00e9 un aper\u00e7u du syst\u00e8me de gestion valid\u00e9. Et ceux qui, dans leur travail quotidien, d\u00e9sesp\u00e9raient de l'effort \u00e0 fournir pour l'\u00e9valuation des chiffres cl\u00e9s, ont re\u00e7u des conseils utiles du consultant Stefan Heinloth pour une utilisation plus efficace. Les personnes inscrites \u00e0 ConSense EXPO ont pu consulter le programme de la conf\u00e9rence en ligne pendant une semaine apr\u00e8s la cl\u00f4ture du salon.<\/p>\r\n<h3><strong>Valeur ajout\u00e9e r\u00e9elle pour la propre gestion de la qualit\u00e9, projet environnemental encourag\u00e9<\/strong><\/h3>\r\n<p>Les participants au jeu de puzzle du salon virtuel pouvaient non seulement gagner l'un des nombreux prix fantastiques, mais aussi soutenir automatiquement le projet ConSense Qualitrees, par lequel l'\u00e9diteur de logiciels d'Aix-la-Chapelle encourage la plantation d'arbres pour une meilleure protection de l'environnement et du climat dans le cadre d'une campagne de dons. Dans l'ensemble, l'EXPO ConSense s'est \u00e0 nouveau termin\u00e9e avec un large \u00e9cho positif. Les nombreux commentaires enthousiastes des visiteurs du salon ont montr\u00e9 qu'ils avaient retir\u00e9 de la manifestation une v\u00e9ritable valeur ajout\u00e9e pour leur propre travail.<\/p>\r\n<h3><strong>Rafra\u00eechissement du logo ConSense<\/strong><\/h3>\r\n<p>Juste \u00e0 temps pour l'EXPO de printemps, ConSense GmbH s'est pr\u00e9sent\u00e9e elle-m\u00eame dans un look frais et moderne et a f\u00eat\u00e9 la premi\u00e8re de son nouveau logo. Le design remani\u00e9 se caract\u00e9rise par des contrastes vivants, des couleurs claires et caract\u00e9ristiques ainsi qu'une forme et une police de caract\u00e8res concentr\u00e9es sur l'essentiel. Il a \u00e9t\u00e9 adapt\u00e9 \u00e0 l'\u00e8re num\u00e9rique et optimis\u00e9 pour une utilisation multim\u00e9dia. \"Avec cette \u00e9volution de notre logo, nous poursuivons de mani\u00e8re cons\u00e9quente les valeurs cl\u00e9s et les visions qui caract\u00e9risent notre entreprise depuis sa cr\u00e9ation\", explique Dr. Iris Bruns de la direction de ConSense GmbH.<\/p>\r\n<p><em>Source : <a href=\"http:\/\/www.consense-gmbh.de\/\">www.consense-gmbh.de<\/a><\/em><\/p>\n<p class=\"syndicated-attribution\">Cet article est paru initialement sur m-q.ch - <a href=\"https:\/\/www.m-q.ch\/de\/rueckblick-auf-consense-expo-2024\/\" target=\"_blank\">https:\/\/www.m-q.ch\/de\/rueckblick-auf-consense-expo-2024\/<\/a><\/p>","protected":false},"excerpt":{"rendered":"<p>Pour de nombreux responsables et personnes int\u00e9ress\u00e9es par la gestion de la qualit\u00e9, il s'agit depuis longtemps d'un rendez-vous fixe dans le calendrier des manifestations : du 16 au 18 avril 2024, le salon virtuel de la gestion de la qualit\u00e9 organis\u00e9 par le d\u00e9veloppeur de logiciels ConSense GmbH, bas\u00e9 \u00e0 Aix-la-Chapelle, a de nouveau propos\u00e9 une foule de tendances, d'outils et de conseils pour la mise en place de syst\u00e8mes de gestion de la qualit\u00e9 et de syst\u00e8mes de gestion int\u00e9gr\u00e9s bien vivants.<\/p>","protected":false},"author":58,"featured_media":0,"comment_status":"closed","ping_status":"closed","sticky":false,"template":"","format":"standard","meta":{"_acf_changed":false,"_yoast_wpseo_focuskw":"ConSense EXPO 2024","_yoast_wpseo_metadesc":"ConSense EXPO 2024: Virtuelle Messe f\u00fcr QM-Themen und Best Practices. Spannende Keynotes und neue Softwarel\u00f6sungen pr\u00e4sentiert.","articlekey":"","footnotes":""},"categories":[582],"tags":[4211,1690,605,492],"class_list":["post-26811","post","type-post","status-publish","format-standard","hentry","category-operational-excellence","tag-consense-gmbh","tag-messe","tag-qualitaetsmanagement","tag-unternehmen"],"acf":[],"yoast_head":"<!-- This site is optimized with the Yoast SEO plugin v27.5 - https:\/\/yoast.com\/product\/yoast-seo-wordpress\/ -->\n<title>R\u00fcckblick auf ConSense EXPO 2024 - Organisator<\/title>\n<meta name=\"description\" content=\"ConSense EXPO 2024: Virtuelle Messe f\u00fcr QM-Themen und Best Practices. Spannende Keynotes und neue Softwarel\u00f6sungen pr\u00e4sentiert.\" \/>\n<meta name=\"robots\" content=\"index, follow, max-snippet:-1, max-image-preview:large, max-video-preview:-1\" \/>\n<link rel=\"canonical\" href=\"https:\/\/www.organisator.ch\/fr\/excellence-operationnelle\/2024-04-29\/rueckblick-auf-consense-expo-2024\/\" \/>\n<meta property=\"og:locale\" content=\"fr_FR\" \/>\n<meta property=\"og:type\" content=\"article\" \/>\n<meta property=\"og:title\" content=\"R\u00fcckblick auf ConSense EXPO 2024 - Organisator\" \/>\n<meta property=\"og:description\" content=\"ConSense EXPO 2024: Virtuelle Messe f\u00fcr QM-Themen und Best Practices. Spannende Keynotes und neue Softwarel\u00f6sungen pr\u00e4sentiert.\" \/>\n<meta property=\"og:url\" content=\"https:\/\/www.organisator.ch\/fr\/excellence-operationnelle\/2024-04-29\/rueckblick-auf-consense-expo-2024\/\" \/>\n<meta property=\"og:site_name\" content=\"Organisator\" \/>\n<meta property=\"article:publisher\" content=\"https:\/\/www.facebook.com\/OrganisatorFachmagazin\" \/>\n<meta property=\"article:published_time\" content=\"2024-04-29T09:11:32+00:00\" \/>\n<meta property=\"article:modified_time\" content=\"2024-11-11T05:29:33+00:00\" \/>\n<meta property=\"og:image\" content=\"https:\/\/www.organisator.ch\/wp-content\/uploads\/2023\/04\/Sustainability_Auftakt_Aufmacherbild_organisator_36273-scaled.jpg\" \/>\n<meta name=\"author\" content=\"Adelisa Kalajdzini\" \/>\n<meta name=\"twitter:card\" content=\"summary_large_image\" \/>\n<script type=\"application\/ld+json\" class=\"yoast-schema-graph\">{\"@context\":\"https:\\\/\\\/schema.org\",\"@graph\":[{\"@type\":\"Article\",\"@id\":\"https:\\\/\\\/www.organisator.ch\\\/operational-excellence\\\/2024-04-29\\\/rueckblick-auf-consense-expo-2024\\\/#article\",\"isPartOf\":{\"@id\":\"https:\\\/\\\/www.organisator.ch\\\/operational-excellence\\\/2024-04-29\\\/rueckblick-auf-consense-expo-2024\\\/\"},\"author\":{\"name\":\"Adelisa Kalajdzini\",\"@id\":\"https:\\\/\\\/www.organisator.ch\\\/#\\\/schema\\\/person\\\/2e1314a2172123f874db408d8911d3f3\"},\"headline\":\"R\u00fcckblick auf ConSense EXPO 2024\",\"datePublished\":\"2024-04-29T09:11:32+00:00\",\"dateModified\":\"2024-11-11T05:29:33+00:00\",\"mainEntityOfPage\":{\"@id\":\"https:\\\/\\\/www.organisator.ch\\\/operational-excellence\\\/2024-04-29\\\/rueckblick-auf-consense-expo-2024\\\/\"},\"wordCount\":593,\"publisher\":{\"@id\":\"https:\\\/\\\/www.organisator.ch\\\/#organization\"},\"image\":{\"@id\":\"https:\\\/\\\/www.organisator.ch\\\/operational-excellence\\\/2024-04-29\\\/rueckblick-auf-consense-expo-2024\\\/#primaryimage\"},\"thumbnailUrl\":\"https:\\\/\\\/www.organisator.ch\\\/wp-content\\\/uploads\\\/2023\\\/04\\\/Sustainability_Auftakt_Aufmacherbild_organisator_36273-scaled.jpg\",\"keywords\":[\"ConSense GmbH\",\"Messe\",\"Qualit\u00e4tsmanagement\",\"Unternehmen\"],\"articleSection\":[\"OPERATIONAL EXCELLENCE\"],\"inLanguage\":\"fr-FR\"},{\"@type\":\"WebPage\",\"@id\":\"https:\\\/\\\/www.organisator.ch\\\/operational-excellence\\\/2024-04-29\\\/rueckblick-auf-consense-expo-2024\\\/\",\"url\":\"https:\\\/\\\/www.organisator.ch\\\/operational-excellence\\\/2024-04-29\\\/rueckblick-auf-consense-expo-2024\\\/\",\"name\":\"R\u00fcckblick auf ConSense EXPO 2024 - Organisator\",\"isPartOf\":{\"@id\":\"https:\\\/\\\/www.organisator.ch\\\/#website\"},\"primaryImageOfPage\":{\"@id\":\"https:\\\/\\\/www.organisator.ch\\\/operational-excellence\\\/2024-04-29\\\/rueckblick-auf-consense-expo-2024\\\/#primaryimage\"},\"image\":{\"@id\":\"https:\\\/\\\/www.organisator.ch\\\/operational-excellence\\\/2024-04-29\\\/rueckblick-auf-consense-expo-2024\\\/#primaryimage\"},\"thumbnailUrl\":\"https:\\\/\\\/www.organisator.ch\\\/wp-content\\\/uploads\\\/2023\\\/04\\\/Sustainability_Auftakt_Aufmacherbild_organisator_36273-scaled.jpg\",\"datePublished\":\"2024-04-29T09:11:32+00:00\",\"dateModified\":\"2024-11-11T05:29:33+00:00\",\"description\":\"ConSense EXPO 2024: Virtuelle Messe f\u00fcr QM-Themen und Best Practices. Spannende Keynotes und neue Softwarel\u00f6sungen pr\u00e4sentiert.\",\"breadcrumb\":{\"@id\":\"https:\\\/\\\/www.organisator.ch\\\/operational-excellence\\\/2024-04-29\\\/rueckblick-auf-consense-expo-2024\\\/#breadcrumb\"},\"inLanguage\":\"fr-FR\",\"potentialAction\":[{\"@type\":\"ReadAction\",\"target\":[\"https:\\\/\\\/www.organisator.ch\\\/operational-excellence\\\/2024-04-29\\\/rueckblick-auf-consense-expo-2024\\\/\"]}]},{\"@type\":\"ImageObject\",\"inLanguage\":\"fr-FR\",\"@id\":\"https:\\\/\\\/www.organisator.ch\\\/operational-excellence\\\/2024-04-29\\\/rueckblick-auf-consense-expo-2024\\\/#primaryimage\",\"url\":\"https:\\\/\\\/www.organisator.ch\\\/wp-content\\\/uploads\\\/2023\\\/04\\\/Sustainability_Auftakt_Aufmacherbild_organisator_36273-scaled.jpg\",\"contentUrl\":\"https:\\\/\\\/www.organisator.ch\\\/wp-content\\\/uploads\\\/2023\\\/04\\\/Sustainability_Auftakt_Aufmacherbild_organisator_36273-scaled.jpg\"},{\"@type\":\"BreadcrumbList\",\"@id\":\"https:\\\/\\\/www.organisator.ch\\\/operational-excellence\\\/2024-04-29\\\/rueckblick-auf-consense-expo-2024\\\/#breadcrumb\",\"itemListElement\":[{\"@type\":\"ListItem\",\"position\":1,\"name\":\"Home\",\"item\":\"https:\\\/\\\/www.organisator.ch\\\/\"},{\"@type\":\"ListItem\",\"position\":2,\"name\":\"R\u00fcckblick auf ConSense EXPO 2024\"}]},{\"@type\":\"WebSite\",\"@id\":\"https:\\\/\\\/www.organisator.ch\\\/#website\",\"url\":\"https:\\\/\\\/www.organisator.ch\\\/\",\"name\":\"Organisator\",\"description\":\"Kompetent. Praxisnah. Der ORGANISATOR bereitet in 10 Ausgaben pro Jahr die wesentlichen Themen f\u00fcr F\u00fchrungskr\u00e4fte von KMU auf.\",\"publisher\":{\"@id\":\"https:\\\/\\\/www.organisator.ch\\\/#organization\"},\"potentialAction\":[{\"@type\":\"SearchAction\",\"target\":{\"@type\":\"EntryPoint\",\"urlTemplate\":\"https:\\\/\\\/www.organisator.ch\\\/?s={search_term_string}\"},\"query-input\":{\"@type\":\"PropertyValueSpecification\",\"valueRequired\":true,\"valueName\":\"search_term_string\"}}],\"inLanguage\":\"fr-FR\"},{\"@type\":\"Organization\",\"@id\":\"https:\\\/\\\/www.organisator.ch\\\/#organization\",\"name\":\"Organisator\",\"url\":\"https:\\\/\\\/www.organisator.ch\\\/\",\"logo\":{\"@type\":\"ImageObject\",\"inLanguage\":\"fr-FR\",\"@id\":\"https:\\\/\\\/www.organisator.ch\\\/#\\\/schema\\\/logo\\\/image\\\/\",\"url\":\"https:\\\/\\\/www.organisator.ch\\\/wp-content\\\/uploads\\\/2022\\\/01\\\/Logo_Organisator_Website.png\",\"contentUrl\":\"https:\\\/\\\/www.organisator.ch\\\/wp-content\\\/uploads\\\/2022\\\/01\\\/Logo_Organisator_Website.png\",\"width\":800,\"height\":77,\"caption\":\"Organisator\"},\"image\":{\"@id\":\"https:\\\/\\\/www.organisator.ch\\\/#\\\/schema\\\/logo\\\/image\\\/\"},\"sameAs\":[\"https:\\\/\\\/www.facebook.com\\\/OrganisatorFachmagazin\",\"https:\\\/\\\/www.linkedin.com\\\/showcase\\\/organisator-das-magazin-fr-kmu\",\"https:\\\/\\\/www.xing.com\\\/news\\\/pages\\\/organisator-ch-695\",\"https:\\\/\\\/www.youtube.com\\\/channel\\\/UCGP2Sq0iWaZwT3BdIAQFYpw\"]},{\"@type\":\"Person\",\"@id\":\"https:\\\/\\\/www.organisator.ch\\\/#\\\/schema\\\/person\\\/2e1314a2172123f874db408d8911d3f3\",\"name\":\"Adelisa Kalajdzini\",\"image\":{\"@type\":\"ImageObject\",\"inLanguage\":\"fr-FR\",\"@id\":\"https:\\\/\\\/secure.gravatar.com\\\/avatar\\\/09a397c22ac58cad6f160ee8306348599df9df58a8ede73696226897b9fa4b24?s=96&d=mm&r=g\",\"url\":\"https:\\\/\\\/secure.gravatar.com\\\/avatar\\\/09a397c22ac58cad6f160ee8306348599df9df58a8ede73696226897b9fa4b24?s=96&d=mm&r=g\",\"contentUrl\":\"https:\\\/\\\/secure.gravatar.com\\\/avatar\\\/09a397c22ac58cad6f160ee8306348599df9df58a8ede73696226897b9fa4b24?s=96&d=mm&r=g\",\"caption\":\"Adelisa Kalajdzini\"},\"url\":\"https:\\\/\\\/www.organisator.ch\\\/fr\\\/author\\\/adelisa-kalajdzini\\\/\"}]}<\/script>\n<!-- \/ Yoast SEO plugin. -->","yoast_head_json":{"title":"R\u00e9trospective de ConSense EXPO 2024 - Organisateur","description":"ConSense EXPO 2024 : salon virtuel sur les th\u00e8mes de la gestion de la qualit\u00e9 et les meilleures pratiques. Keynotes passionnantes et nouvelles solutions logicielles pr\u00e9sent\u00e9es.","robots":{"index":"index","follow":"follow","max-snippet":"max-snippet:-1","max-image-preview":"max-image-preview:large","max-video-preview":"max-video-preview:-1"},"canonical":"https:\/\/www.organisator.ch\/fr\/excellence-operationnelle\/2024-04-29\/rueckblick-auf-consense-expo-2024\/","og_locale":"fr_FR","og_type":"article","og_title":"R\u00fcckblick auf ConSense EXPO 2024 - Organisator","og_description":"ConSense EXPO 2024: Virtuelle Messe f\u00fcr QM-Themen und Best Practices. Spannende Keynotes und neue Softwarel\u00f6sungen pr\u00e4sentiert.","og_url":"https:\/\/www.organisator.ch\/fr\/excellence-operationnelle\/2024-04-29\/rueckblick-auf-consense-expo-2024\/","og_site_name":"Organisator","article_publisher":"https:\/\/www.facebook.com\/OrganisatorFachmagazin","article_published_time":"2024-04-29T09:11:32+00:00","article_modified_time":"2024-11-11T05:29:33+00:00","og_image":[{"url":"https:\/\/www.organisator.ch\/wp-content\/uploads\/2023\/04\/Sustainability_Auftakt_Aufmacherbild_organisator_36273-scaled.jpg","type":"","width":"","height":""}],"author":"Adelisa Kalajdzini","twitter_card":"summary_large_image","schema":{"@context":"https:\/\/schema.org","@graph":[{"@type":"Article","@id":"https:\/\/www.organisator.ch\/operational-excellence\/2024-04-29\/rueckblick-auf-consense-expo-2024\/#article","isPartOf":{"@id":"https:\/\/www.organisator.ch\/operational-excellence\/2024-04-29\/rueckblick-auf-consense-expo-2024\/"},"author":{"name":"Adelisa Kalajdzini","@id":"https:\/\/www.organisator.ch\/#\/schema\/person\/2e1314a2172123f874db408d8911d3f3"},"headline":"R\u00fcckblick auf ConSense EXPO 2024","datePublished":"2024-04-29T09:11:32+00:00","dateModified":"2024-11-11T05:29:33+00:00","mainEntityOfPage":{"@id":"https:\/\/www.organisator.ch\/operational-excellence\/2024-04-29\/rueckblick-auf-consense-expo-2024\/"},"wordCount":593,"publisher":{"@id":"https:\/\/www.organisator.ch\/#organization"},"image":{"@id":"https:\/\/www.organisator.ch\/operational-excellence\/2024-04-29\/rueckblick-auf-consense-expo-2024\/#primaryimage"},"thumbnailUrl":"https:\/\/www.organisator.ch\/wp-content\/uploads\/2023\/04\/Sustainability_Auftakt_Aufmacherbild_organisator_36273-scaled.jpg","keywords":["ConSense GmbH","Messe","Qualit\u00e4tsmanagement","Unternehmen"],"articleSection":["OPERATIONAL EXCELLENCE"],"inLanguage":"fr-FR"},{"@type":"WebPage","@id":"https:\/\/www.organisator.ch\/operational-excellence\/2024-04-29\/rueckblick-auf-consense-expo-2024\/","url":"https:\/\/www.organisator.ch\/operational-excellence\/2024-04-29\/rueckblick-auf-consense-expo-2024\/","name":"R\u00e9trospective de ConSense EXPO 2024 - Organisateur","isPartOf":{"@id":"https:\/\/www.organisator.ch\/#website"},"primaryImageOfPage":{"@id":"https:\/\/www.organisator.ch\/operational-excellence\/2024-04-29\/rueckblick-auf-consense-expo-2024\/#primaryimage"},"image":{"@id":"https:\/\/www.organisator.ch\/operational-excellence\/2024-04-29\/rueckblick-auf-consense-expo-2024\/#primaryimage"},"thumbnailUrl":"https:\/\/www.organisator.ch\/wp-content\/uploads\/2023\/04\/Sustainability_Auftakt_Aufmacherbild_organisator_36273-scaled.jpg","datePublished":"2024-04-29T09:11:32+00:00","dateModified":"2024-11-11T05:29:33+00:00","description":"ConSense EXPO 2024 : salon virtuel sur les th\u00e8mes de la gestion de la qualit\u00e9 et les meilleures pratiques. Keynotes passionnantes et nouvelles solutions logicielles pr\u00e9sent\u00e9es.","breadcrumb":{"@id":"https:\/\/www.organisator.ch\/operational-excellence\/2024-04-29\/rueckblick-auf-consense-expo-2024\/#breadcrumb"},"inLanguage":"fr-FR","potentialAction":[{"@type":"ReadAction","target":["https:\/\/www.organisator.ch\/operational-excellence\/2024-04-29\/rueckblick-auf-consense-expo-2024\/"]}]},{"@type":"ImageObject","inLanguage":"fr-FR","@id":"https:\/\/www.organisator.ch\/operational-excellence\/2024-04-29\/rueckblick-auf-consense-expo-2024\/#primaryimage","url":"https:\/\/www.organisator.ch\/wp-content\/uploads\/2023\/04\/Sustainability_Auftakt_Aufmacherbild_organisator_36273-scaled.jpg","contentUrl":"https:\/\/www.organisator.ch\/wp-content\/uploads\/2023\/04\/Sustainability_Auftakt_Aufmacherbild_organisator_36273-scaled.jpg"},{"@type":"BreadcrumbList","@id":"https:\/\/www.organisator.ch\/operational-excellence\/2024-04-29\/rueckblick-auf-consense-expo-2024\/#breadcrumb","itemListElement":[{"@type":"ListItem","position":1,"name":"Home","item":"https:\/\/www.organisator.ch\/"},{"@type":"ListItem","position":2,"name":"R\u00fcckblick auf ConSense EXPO 2024"}]},{"@type":"WebSite","@id":"https:\/\/www.organisator.ch\/#website","url":"https:\/\/www.organisator.ch\/","name":"Organisateur","description":"Comp\u00e9tence et comp\u00e9tence. Proches de la pratique. L'ORGANISATEUR pr\u00e9pare 10 num\u00e9ros par an sur les th\u00e8mes essentiels pour les dirigeants de PME.","publisher":{"@id":"https:\/\/www.organisator.ch\/#organization"},"potentialAction":[{"@type":"SearchAction","target":{"@type":"EntryPoint","urlTemplate":"https:\/\/www.organisator.ch\/?s={search_term_string}"},"query-input":{"@type":"PropertyValueSpecification","valueRequired":true,"valueName":"search_term_string"}}],"inLanguage":"fr-FR"},{"@type":"Organization","@id":"https:\/\/www.organisator.ch\/#organization","name":"Organisateur","url":"https:\/\/www.organisator.ch\/","logo":{"@type":"ImageObject","inLanguage":"fr-FR","@id":"https:\/\/www.organisator.ch\/#\/schema\/logo\/image\/","url":"https:\/\/www.organisator.ch\/wp-content\/uploads\/2022\/01\/Logo_Organisator_Website.png","contentUrl":"https:\/\/www.organisator.ch\/wp-content\/uploads\/2022\/01\/Logo_Organisator_Website.png","width":800,"height":77,"caption":"Organisator"},"image":{"@id":"https:\/\/www.organisator.ch\/#\/schema\/logo\/image\/"},"sameAs":["https:\/\/www.facebook.com\/OrganisatorFachmagazin","https:\/\/www.linkedin.com\/showcase\/organisator-das-magazin-fr-kmu","https:\/\/www.xing.com\/news\/pages\/organisator-ch-695","https:\/\/www.youtube.com\/channel\/UCGP2Sq0iWaZwT3BdIAQFYpw"]},{"@type":"Person","@id":"https:\/\/www.organisator.ch\/#\/schema\/person\/2e1314a2172123f874db408d8911d3f3","name":"Adelisa Kalajdzini","image":{"@type":"ImageObject","inLanguage":"fr-FR","@id":"https:\/\/secure.gravatar.com\/avatar\/09a397c22ac58cad6f160ee8306348599df9df58a8ede73696226897b9fa4b24?s=96&d=mm&r=g","url":"https:\/\/secure.gravatar.com\/avatar\/09a397c22ac58cad6f160ee8306348599df9df58a8ede73696226897b9fa4b24?s=96&d=mm&r=g","contentUrl":"https:\/\/secure.gravatar.com\/avatar\/09a397c22ac58cad6f160ee8306348599df9df58a8ede73696226897b9fa4b24?s=96&d=mm&r=g","caption":"Adelisa Kalajdzini"},"url":"https:\/\/www.organisator.ch\/fr\/author\/adelisa-kalajdzini\/"}]}},"_links":{"self":[{"href":"https:\/\/www.organisator.ch\/fr\/wp-json\/wp\/v2\/posts\/26811","targetHints":{"allow":["GET"]}}],"collection":[{"href":"https:\/\/www.organisator.ch\/fr\/wp-json\/wp\/v2\/posts"}],"about":[{"href":"https:\/\/www.organisator.ch\/fr\/wp-json\/wp\/v2\/types\/post"}],"author":[{"embeddable":true,"href":"https:\/\/www.organisator.ch\/fr\/wp-json\/wp\/v2\/users\/58"}],"replies":[{"embeddable":true,"href":"https:\/\/www.organisator.ch\/fr\/wp-json\/wp\/v2\/comments?post=26811"}],"version-history":[{"count":6,"href":"https:\/\/www.organisator.ch\/fr\/wp-json\/wp\/v2\/posts\/26811\/revisions"}],"predecessor-version":[{"id":32282,"href":"https:\/\/www.organisator.ch\/fr\/wp-json\/wp\/v2\/posts\/26811\/revisions\/32282"}],"wp:attachment":[{"href":"https:\/\/www.organisator.ch\/fr\/wp-json\/wp\/v2\/media?parent=26811"}],"wp:term":[{"taxonomy":"category","embeddable":true,"href":"https:\/\/www.organisator.ch\/fr\/wp-json\/wp\/v2\/categories?post=26811"},{"taxonomy":"post_tag","embeddable":true,"href":"https:\/\/www.organisator.ch\/fr\/wp-json\/wp\/v2\/tags?post=26811"}],"curies":[{"name":"wp","href":"https:\/\/api.w.org\/{rel}","templated":true}]}}