{"id":2682,"date":"2019-12-09T15:07:55","date_gmt":"2019-12-09T14:07:55","guid":{"rendered":"https:\/\/www.umweltperspektiven.ch\/?p=2682"},"modified":"2022-02-09T11:06:51","modified_gmt":"2022-02-09T10:06:51","slug":"halbzeit-bei-der-cop-25-loesungen-sind-moeglich","status":"publish","type":"post","link":"https:\/\/www.organisator.ch\/fr\/sustainability\/2019-12-09\/halbzeit-bei-der-cop-25-loesungen-sind-moeglich\/","title":{"rendered":"Mi-temps de la COP 25 : des solutions sont possibles"},"content":{"rendered":"<figure id=\"attachment_2683\" aria-describedby=\"caption-attachment-2683\" style=\"width: 680px\" class=\"wp-caption alignnone\"><img loading=\"lazy\" decoding=\"async\" class=\"size-medium wp-image-2683\" src=\"\/\/www.umweltperspektiven.ch\/wp-content\/uploads\/2019\/12\/COP25-Halbzeit-UP-Umwelt-Perspektiven.jpg\" alt=\"\" width=\"680\" height=\"510\" srcset=\"https:\/\/www.organisator.ch\/wp-content\/uploads\/2019\/12\/COP25-Halbzeit-UP-Umwelt-Perspektiven.jpg 1632w, https:\/\/www.organisator.ch\/wp-content\/uploads\/2019\/12\/COP25-Halbzeit-UP-Umwelt-Perspektiven-680x510.jpg 680w, https:\/\/www.organisator.ch\/wp-content\/uploads\/2019\/12\/COP25-Halbzeit-UP-Umwelt-Perspektiven-1024x768.jpg 1024w, https:\/\/www.organisator.ch\/wp-content\/uploads\/2019\/12\/COP25-Halbzeit-UP-Umwelt-Perspektiven-768x576.jpg 768w, https:\/\/www.organisator.ch\/wp-content\/uploads\/2019\/12\/COP25-Halbzeit-UP-Umwelt-Perspektiven-1536x1152.jpg 1536w, https:\/\/www.organisator.ch\/wp-content\/uploads\/2019\/12\/COP25-Halbzeit-UP-Umwelt-Perspektiven-16x12.jpg 16w, https:\/\/www.organisator.ch\/wp-content\/uploads\/2019\/12\/COP25-Halbzeit-UP-Umwelt-Perspektiven-233x175.jpg 233w, https:\/\/www.organisator.ch\/wp-content\/uploads\/2019\/12\/COP25-Halbzeit-UP-Umwelt-Perspektiven-467x350.jpg 467w, https:\/\/www.organisator.ch\/wp-content\/uploads\/2019\/12\/COP25-Halbzeit-UP-Umwelt-Perspektiven-1067x800.jpg 1067w, https:\/\/www.organisator.ch\/wp-content\/uploads\/2019\/12\/COP25-Halbzeit-UP-Umwelt-Perspektiven-920x690.jpg 920w, https:\/\/www.organisator.ch\/wp-content\/uploads\/2019\/12\/COP25-Halbzeit-UP-Umwelt-Perspektiven-1400x1050.jpg 1400w, https:\/\/www.organisator.ch\/wp-content\/uploads\/2019\/12\/COP25-Halbzeit-UP-Umwelt-Perspektiven-300x225.jpg 300w\" sizes=\"auto, (max-width: 680px) 100vw, 680px\" \/><figcaption id=\"caption-attachment-2683\" class=\"wp-caption-text\">De nombreux pays brillent par leur absence au sommet mondial de l'ONU sur le climat \u00e0 Madrid. Seule l'UE propose des solutions. (Image : Unsplash_Giuseppe-Buccola)<\/figcaption><\/figure>\n<p>A l'ouverture de la COP 25, le sommet environnemental de Madrid, les chefs de gouvernement et d'Etat de seulement 32 pays se sont r\u00e9unis, soit un peu plus qu'il y a un an \u00e0 Katowice (25). Mais en 2019, ils sont moins nombreux que lors des n\u00e9gociations de Paris en 2015 (120). Beaucoup de nobles objectifs ont \u00e9t\u00e9 annonc\u00e9s de loin en loin, mais les actes ne suivent pas.<\/p>\n<p>\"Le syst\u00e8me international d'\u00e9change de quotas d'\u00e9mission pr\u00e9vu pour l'apr\u00e8s-2020 n'a toujours pas \u00e9t\u00e9 mis en place. <a href=\"\/\/www.klimareporter.de\/klimakonferenzen\/co2-maerkte-sollen-kosten-fuer-klimaschutz-senken\" target=\"_blank\" rel=\"noopener\">en contradiction<\/a> entre la transparence et la robustesse d'une part, et le souhait des pays en d\u00e9veloppement <a href=\"\/\/www.klimareporter.de\/klimakonferenzen\/australien-schiesst-bei-klimaschaeden-debatte-quer\" target=\"_blank\" rel=\"noopener\">apr\u00e8s subventions<\/a> pour l'adaptation au climat et la gestion des dommages climatiques in\u00e9vitables d'autre part\", explique Reimand Schwarze, professeur d'\u00e9conomie internationale de l'environnement \u00e0 la Viadrina de Francfort, et conseiller scientifique de Klimareporter<em>\u00b0.\u00a0<\/em><\/p>\n<p>Au d\u00e9but de la conf\u00e9rence <a href=\"\/\/www.klimareporter.de\/erdsystem\/wir-stehen-am-ende-des-bislang-heissesten-jahrzehnts\" target=\"_blank\" rel=\"noopener\">a annonc\u00e9<\/a> l'Organisation m\u00e9t\u00e9orologique mondiale a <a href=\"\/\/www.klimareporter.de\/erdsystem\/treibhausgas-konzentration-erreicht-neuen-rekordwert\" target=\"_blank\" rel=\"noopener\">la plus forte concentration de gaz \u00e0 effet de serre<\/a> dans l'atmosph\u00e8re de m\u00e9moire d'homme. Et les \u00e9missions globales de CO<sub>2<\/sub> et d'autres gaz \u00e0 effet de serre a atteint un niveau record sans pr\u00e9c\u00e9dent. <a href=\"\/\/www.klimareporter.de\/erdsystem\/die-luecke-wird-immer-groesser\" target=\"_blank\" rel=\"noopener\">de 55 milliards de tonnes<\/a> par an. Mais comment aborder de telles questions environnementales urgentes ?<\/p>\n<div class=\"content-add\">\n<div class=\"moduletable\">\n<div class=\"bannergroup\"><strong>La seule lueur d'espoir est l'UE<\/strong><\/div>\n<\/div>\n<\/div>\n<p>Russie, \u00e0 peine <a href=\"\/\/www.klimareporter.de\/klimakonferenzen\/fuer-den-un-klimaschutz-bin-ich-optimistisch\" target=\"_blank\" rel=\"noopener\">a adh\u00e9r\u00e9 \u00e0 l'accord de Paris<\/a>La Chine a brill\u00e9 par son absence. La Chine et l'Inde n'\u00e9taient pas non plus repr\u00e9sent\u00e9es et ont montr\u00e9 peu de profil au cours de la premi\u00e8re semaine. Peu avant le d\u00e9but du sommet, les \u00c9tats-Unis ont fait preuve d'une grande fermet\u00e9. <a href=\"\/\/www.klimareporter.de\/international\/trumps-austritt\" target=\"_blank\" rel=\"noopener\">leur d\u00e9mission<\/a> ont demand\u00e9 \u00e0 se retirer de l'accord de Paris et le feront effectivement s'il n'y a pas de changement de gouvernement \u00e0 Washington en 2020. Les grands \"\u00e9metteurs\" de la plan\u00e8te ne montrent donc aucune volont\u00e9 de se prendre en main pour l'environnement.<\/p>\n<p>Seule lueur d'espoir : l'UE. La nouvelle pr\u00e9sidente de la Commission <a href=\"\/\/www.klimareporter.de\/klimakonferenzen\/von-der-leyen-kuendigt-european-green-deal-an\" target=\"_blank\" rel=\"noopener\">Ursula von der Leyen a promis<\/a> Des billions d'investissements dans la protection du climat, un \"Green Deal\" pour le monde. Tout ce qui est n\u00e9cessaire pour y parvenir sera mis en \u0153uvre dans quelques semaines. Il s'agissait d'une affirmation claire d'un leadership au sein de la communaut\u00e9 internationale, mais aucune solution concr\u00e8te n'est actuellement \u00e0 l'ordre du jour.<\/p>\n<p>\"Raimund Schwarze, \u00e9conomiste de l'environnement et \u00e9galement chercheur au Centre Helmholtz de recherche environnementale (UFZ), commente ainsi la situation de d\u00e9part de la COP 25 : \"Il est plus probable qu'il s'agisse du renversement de tendance esp\u00e9r\u00e9, d'un mini-accord. L'UE a fix\u00e9 comme objectif minimum pour Madrid de r\u00e9duire de moiti\u00e9 les \u00e9missions de gaz \u00e0 effet de serre. <a href=\"\/\/www.klimareporter.de\/klimakonferenzen\/eine-tonne-co2-soll-zwei-tonnen-sein\" target=\"_blank\" rel=\"noopener\">Parachever le cadre r\u00e9glementaire de Katowice<\/a>Il faut donc n\u00e9gocier le chapitre sur les march\u00e9s des \u00e9missions\".<\/p>\n<p><strong>Donner et recevoir actuel\u00a0<\/strong><\/p>\n<p>L'Union des \u00c9tats exige des r\u00e8gles \"transparentes et robustes\" pour le commerce international des \u00e9missions. Cela signifie : pas de double comptage des \u00e9missions de CO<sub>2<\/sub>-\u00e9conomies, pas de transfert de <a href=\"\/\/www.klimareporter.de\/tag\/cdm\" target=\"_blank\" rel=\"noopener\">Faux cr\u00e9dits<\/a> de l'\u00e9poque du protocole de Kyoto. Il s'agit plut\u00f4t d'obtenir des r\u00e9ductions d'\u00e9missions suppl\u00e9mentaires de haute qualit\u00e9 dans les pays en d\u00e9veloppement.<\/p>\n<p>L'Union europ\u00e9enne a \u00e0 cet \u00e9gard la Suisse et des pays importants d'Asie et d'Am\u00e9rique latine comme la Cor\u00e9e du Sud et le Mexique \u00e0 ses c\u00f4t\u00e9s. Pour les autres pays du monde, cela serait acceptable. M\u00eame le Br\u00e9sil, qui <a href=\"\/\/www.klimareporter.de\/klimakonferenzen\/im-auge-des-sturms\" target=\"_blank\" rel=\"noopener\">lors du sommet sur le climat de l'ann\u00e9e derni\u00e8re<\/a> et aussi toute la premi\u00e8re semaine <a href=\"\/\/www.klimareporter.de\/klimakonferenzen\/brasilien-will-zehn-milliarden-dollar\" target=\"_blank\" rel=\"noopener\">a massivement frein\u00e9 \u00e0 Madrid<\/a>La situation semble s'am\u00e9liorer lentement. Les n\u00e9gociations pourraient donc passer de la stagnation \u00e0 la normalit\u00e9 du donnant-donnant.<\/p>\n<p><strong>Les pays pauvres demandent une part \u00e9quitable<\/strong><\/p>\n<p>Les pays d'Afrique et les pays les moins avanc\u00e9s d'Asie et d'Am\u00e9rique centrale veulent avant tout participer aux avantages \u00e9conomiques du commerce des \u00e9missions. \"Ils\", explique Raimund Schwarze, \"exigent ici une part \u00e9quitable. Par exemple, une taxe sur les droits d'\u00e9mission n\u00e9goci\u00e9s. Le produit d'une telle taxe pourrait par exemple \u00eatre investi dans <a href=\"\/\/www.klimareporter.de\/klimakonferenzen\/das-sind-die-wichtigsten-bonn-ergebnisse#anpassungsfonds\" target=\"_blank\" rel=\"noopener\">le Fonds des Nations unies<\/a> pour aider ces pays \u00e0 s'adapter au changement climatique\".<\/p>\n<p>Le sommet sur le climat sera \u00e9galement l'occasion de discuter de l'aide financi\u00e8re \u00e0 apporter en cas de catastrophe naturelle. <a href=\"\/\/www.klimareporter.de\/klimakonferenzen\/australien-schiesst-bei-klimaschaeden-debatte-quer\">les dommages et les pertes r\u00e9sultant de conditions climatiques extr\u00eames<\/a>. Le fait que la communaut\u00e9 internationale garantisse de telles aides est particuli\u00e8rement important pour les pays les plus pauvres du monde. Pour eux, le canal par lequel l'argent arrive est secondaire, m\u00eame si c'est aussi un point de discorde \u00e0 Madrid.<\/p>\n<p>Si les fonds sont consid\u00e9r\u00e9s comme des subventions <a href=\"\/\/www.klimaretter.info\/politik\/hintergrund\/23933-klimaversicherungen-abgesichert-leiden\" target=\"_blank\" rel=\"noopener\">pour les assurances<\/a> L'essentiel est qu'il y ait de l'argent et qu'il aide ces \u00c9tats et r\u00e9gions particuli\u00e8rement vuln\u00e9rables.<\/p>\n<h3><em>En direct de la COP 25 :\u00a0\u00a0<\/em><em>La 25e conf\u00e9rence des Nations unies sur le climat se tiendra du 2 au 13 d\u00e9cembre \u00e0 Madrid. Klimareporter\u00b0 est sur place et <a href=\"\/\/www.klimareporter.de\/tag\/cop-25\" target=\"_blank\" rel=\"noopener\">rapporte directement<\/a>\u00a0<\/em><\/h3>\n<p>&nbsp;<\/p>\n<p>&nbsp;<\/p>\n<p>&nbsp;<\/p>\n<p>&nbsp;<\/p>\n<p>&nbsp;<\/p>","protected":false},"excerpt":{"rendered":"<p>Zur Er\u00f6ffnung der COP 25, des Umweltgipfel in Madrid,\u00a0\u00a0versammelten sich die Regierungs- und Staatschefs von nur 32 L\u00e4ndern, etwas mehr als vor einem Jahr in Katowice (25). Allerdings sind es 2019 weniger als bei den Verhandlungen in Paris 2015 (120). Viele hehre Ziele wurden weit und breit verk\u00fcndet, aber die Taten bleiben aus. &#8222;Noch immer [&hellip;]<\/p>\n","protected":false},"author":5,"featured_media":2683,"comment_status":"closed","ping_status":"closed","sticky":false,"template":"","format":"standard","meta":{"_acf_changed":false,"_yoast_wpseo_focuskw":"COP 25","_yoast_wpseo_metadesc":"Trotz der \u00fcberwiegenden Pr\u00e4senz des Klimathemas ist kaum eine Trendwende bei der COP 25 gegeben, unterstreicht Klimareporter\u00b0.","articlekey":"","footnotes":""},"categories":[580],"tags":[945,1132,1660,2056,2399,2400,2459],"class_list":["post-2682","post","type-post","status-publish","format-standard","has-post-thumbnail","hentry","category-sustainability","tag-cop25","tag-eu","tag-madrid","tag-schaden","tag-un-fonds","tag-un-klimagipfel","tag-verluste"],"acf":[],"yoast_head":"<!-- This site is optimized with the Yoast SEO plugin v27.4 - https:\/\/yoast.com\/product\/yoast-seo-wordpress\/ -->\n<title>Halbzeit bei der COP 25: L\u00f6sungen sind m\u00f6glich - Organisator<\/title>\n<meta name=\"description\" content=\"Trotz der \u00fcberwiegenden Pr\u00e4senz des Klimathemas ist kaum eine Trendwende bei der COP 25 gegeben, unterstreicht Klimareporter\u00b0.\" \/>\n<meta name=\"robots\" content=\"index, follow, max-snippet:-1, max-image-preview:large, max-video-preview:-1\" \/>\n<link rel=\"canonical\" href=\"https:\/\/www.organisator.ch\/fr\/sustainability\/2019-12-09\/halbzeit-bei-der-cop-25-loesungen-sind-moeglich\/\" \/>\n<meta property=\"og:locale\" content=\"fr_FR\" \/>\n<meta property=\"og:type\" content=\"article\" \/>\n<meta property=\"og:title\" content=\"Halbzeit bei der COP 25: L\u00f6sungen sind m\u00f6glich - Organisator\" \/>\n<meta property=\"og:description\" content=\"Trotz der \u00fcberwiegenden Pr\u00e4senz des Klimathemas ist kaum eine Trendwende bei der COP 25 gegeben, unterstreicht Klimareporter\u00b0.\" \/>\n<meta property=\"og:url\" content=\"https:\/\/www.organisator.ch\/fr\/sustainability\/2019-12-09\/halbzeit-bei-der-cop-25-loesungen-sind-moeglich\/\" \/>\n<meta property=\"og:site_name\" content=\"Organisator\" \/>\n<meta property=\"article:publisher\" content=\"https:\/\/www.facebook.com\/OrganisatorFachmagazin\" \/>\n<meta property=\"article:published_time\" content=\"2019-12-09T14:07:55+00:00\" \/>\n<meta property=\"article:modified_time\" content=\"2022-02-09T10:06:51+00:00\" \/>\n<meta property=\"og:image\" content=\"https:\/\/www.organisator.ch\/wp-content\/uploads\/2019\/12\/COP25-Halbzeit-UP-Umwelt-Perspektiven.jpg\" \/>\n\t<meta property=\"og:image:width\" content=\"1632\" \/>\n\t<meta property=\"og:image:height\" content=\"1224\" \/>\n\t<meta property=\"og:image:type\" content=\"image\/jpeg\" \/>\n<meta name=\"author\" content=\"michael.merz\" \/>\n<meta name=\"twitter:card\" content=\"summary_large_image\" \/>\n<script type=\"application\/ld+json\" class=\"yoast-schema-graph\">{\"@context\":\"https:\\\/\\\/schema.org\",\"@graph\":[{\"@type\":\"Article\",\"@id\":\"https:\\\/\\\/www.organisator.ch\\\/sustainability\\\/2019-12-09\\\/halbzeit-bei-der-cop-25-loesungen-sind-moeglich\\\/#article\",\"isPartOf\":{\"@id\":\"https:\\\/\\\/www.organisator.ch\\\/sustainability\\\/2019-12-09\\\/halbzeit-bei-der-cop-25-loesungen-sind-moeglich\\\/\"},\"author\":{\"name\":\"michael.merz\",\"@id\":\"https:\\\/\\\/www.organisator.ch\\\/#\\\/schema\\\/person\\\/134708ca9321c57b0362cceb7948ffbd\"},\"headline\":\"Halbzeit bei der COP 25: L\u00f6sungen sind m\u00f6glich\",\"datePublished\":\"2019-12-09T14:07:55+00:00\",\"dateModified\":\"2022-02-09T10:06:51+00:00\",\"mainEntityOfPage\":{\"@id\":\"https:\\\/\\\/www.organisator.ch\\\/sustainability\\\/2019-12-09\\\/halbzeit-bei-der-cop-25-loesungen-sind-moeglich\\\/\"},\"wordCount\":707,\"publisher\":{\"@id\":\"https:\\\/\\\/www.organisator.ch\\\/#organization\"},\"image\":{\"@id\":\"https:\\\/\\\/www.organisator.ch\\\/sustainability\\\/2019-12-09\\\/halbzeit-bei-der-cop-25-loesungen-sind-moeglich\\\/#primaryimage\"},\"thumbnailUrl\":\"https:\\\/\\\/www.organisator.ch\\\/wp-content\\\/uploads\\\/2019\\\/12\\\/COP25-Halbzeit-UP-Umwelt-Perspektiven.jpg\",\"keywords\":[\"COP25\",\"EU\",\"Madrid\",\"Schaden\",\"UN-Fonds\",\"UN-Klimagipfel\",\"Verluste\"],\"articleSection\":[\"SUSTAINABILITY\"],\"inLanguage\":\"fr-FR\"},{\"@type\":\"WebPage\",\"@id\":\"https:\\\/\\\/www.organisator.ch\\\/sustainability\\\/2019-12-09\\\/halbzeit-bei-der-cop-25-loesungen-sind-moeglich\\\/\",\"url\":\"https:\\\/\\\/www.organisator.ch\\\/sustainability\\\/2019-12-09\\\/halbzeit-bei-der-cop-25-loesungen-sind-moeglich\\\/\",\"name\":\"Halbzeit bei der COP 25: L\u00f6sungen sind m\u00f6glich - Organisator\",\"isPartOf\":{\"@id\":\"https:\\\/\\\/www.organisator.ch\\\/#website\"},\"primaryImageOfPage\":{\"@id\":\"https:\\\/\\\/www.organisator.ch\\\/sustainability\\\/2019-12-09\\\/halbzeit-bei-der-cop-25-loesungen-sind-moeglich\\\/#primaryimage\"},\"image\":{\"@id\":\"https:\\\/\\\/www.organisator.ch\\\/sustainability\\\/2019-12-09\\\/halbzeit-bei-der-cop-25-loesungen-sind-moeglich\\\/#primaryimage\"},\"thumbnailUrl\":\"https:\\\/\\\/www.organisator.ch\\\/wp-content\\\/uploads\\\/2019\\\/12\\\/COP25-Halbzeit-UP-Umwelt-Perspektiven.jpg\",\"datePublished\":\"2019-12-09T14:07:55+00:00\",\"dateModified\":\"2022-02-09T10:06:51+00:00\",\"description\":\"Trotz der \u00fcberwiegenden Pr\u00e4senz des Klimathemas ist kaum eine Trendwende bei der COP 25 gegeben, unterstreicht Klimareporter\u00b0.\",\"breadcrumb\":{\"@id\":\"https:\\\/\\\/www.organisator.ch\\\/sustainability\\\/2019-12-09\\\/halbzeit-bei-der-cop-25-loesungen-sind-moeglich\\\/#breadcrumb\"},\"inLanguage\":\"fr-FR\",\"potentialAction\":[{\"@type\":\"ReadAction\",\"target\":[\"https:\\\/\\\/www.organisator.ch\\\/sustainability\\\/2019-12-09\\\/halbzeit-bei-der-cop-25-loesungen-sind-moeglich\\\/\"]}]},{\"@type\":\"ImageObject\",\"inLanguage\":\"fr-FR\",\"@id\":\"https:\\\/\\\/www.organisator.ch\\\/sustainability\\\/2019-12-09\\\/halbzeit-bei-der-cop-25-loesungen-sind-moeglich\\\/#primaryimage\",\"url\":\"https:\\\/\\\/www.organisator.ch\\\/wp-content\\\/uploads\\\/2019\\\/12\\\/COP25-Halbzeit-UP-Umwelt-Perspektiven.jpg\",\"contentUrl\":\"https:\\\/\\\/www.organisator.ch\\\/wp-content\\\/uploads\\\/2019\\\/12\\\/COP25-Halbzeit-UP-Umwelt-Perspektiven.jpg\",\"width\":1632,\"height\":1224,\"caption\":\"Am UN-Weltklimagipfel in Madrid gl\u00e4nzen viele Staaten durch Abwesenheit. (Bild: Unsplash_Giuseppe-Buccola)\"},{\"@type\":\"BreadcrumbList\",\"@id\":\"https:\\\/\\\/www.organisator.ch\\\/sustainability\\\/2019-12-09\\\/halbzeit-bei-der-cop-25-loesungen-sind-moeglich\\\/#breadcrumb\",\"itemListElement\":[{\"@type\":\"ListItem\",\"position\":1,\"name\":\"Home\",\"item\":\"https:\\\/\\\/www.organisator.ch\\\/\"},{\"@type\":\"ListItem\",\"position\":2,\"name\":\"Halbzeit bei der COP 25: L\u00f6sungen sind m\u00f6glich\"}]},{\"@type\":\"WebSite\",\"@id\":\"https:\\\/\\\/www.organisator.ch\\\/#website\",\"url\":\"https:\\\/\\\/www.organisator.ch\\\/\",\"name\":\"Organisator\",\"description\":\"Kompetent. Praxisnah. Der ORGANISATOR bereitet in 10 Ausgaben pro Jahr die wesentlichen Themen f\u00fcr F\u00fchrungskr\u00e4fte von KMU auf.\",\"publisher\":{\"@id\":\"https:\\\/\\\/www.organisator.ch\\\/#organization\"},\"potentialAction\":[{\"@type\":\"SearchAction\",\"target\":{\"@type\":\"EntryPoint\",\"urlTemplate\":\"https:\\\/\\\/www.organisator.ch\\\/?s={search_term_string}\"},\"query-input\":{\"@type\":\"PropertyValueSpecification\",\"valueRequired\":true,\"valueName\":\"search_term_string\"}}],\"inLanguage\":\"fr-FR\"},{\"@type\":\"Organization\",\"@id\":\"https:\\\/\\\/www.organisator.ch\\\/#organization\",\"name\":\"Organisator\",\"url\":\"https:\\\/\\\/www.organisator.ch\\\/\",\"logo\":{\"@type\":\"ImageObject\",\"inLanguage\":\"fr-FR\",\"@id\":\"https:\\\/\\\/www.organisator.ch\\\/#\\\/schema\\\/logo\\\/image\\\/\",\"url\":\"https:\\\/\\\/www.organisator.ch\\\/wp-content\\\/uploads\\\/2022\\\/01\\\/Logo_Organisator_Website.png\",\"contentUrl\":\"https:\\\/\\\/www.organisator.ch\\\/wp-content\\\/uploads\\\/2022\\\/01\\\/Logo_Organisator_Website.png\",\"width\":800,\"height\":77,\"caption\":\"Organisator\"},\"image\":{\"@id\":\"https:\\\/\\\/www.organisator.ch\\\/#\\\/schema\\\/logo\\\/image\\\/\"},\"sameAs\":[\"https:\\\/\\\/www.facebook.com\\\/OrganisatorFachmagazin\",\"https:\\\/\\\/www.linkedin.com\\\/showcase\\\/organisator-das-magazin-fr-kmu\",\"https:\\\/\\\/www.xing.com\\\/news\\\/pages\\\/organisator-ch-695\",\"https:\\\/\\\/www.youtube.com\\\/channel\\\/UCGP2Sq0iWaZwT3BdIAQFYpw\"]},{\"@type\":\"Person\",\"@id\":\"https:\\\/\\\/www.organisator.ch\\\/#\\\/schema\\\/person\\\/134708ca9321c57b0362cceb7948ffbd\",\"name\":\"michael.merz\",\"image\":{\"@type\":\"ImageObject\",\"inLanguage\":\"fr-FR\",\"@id\":\"https:\\\/\\\/secure.gravatar.com\\\/avatar\\\/?s=96&d=mm&r=g\",\"url\":\"https:\\\/\\\/secure.gravatar.com\\\/avatar\\\/?s=96&d=mm&r=g\",\"contentUrl\":\"https:\\\/\\\/secure.gravatar.com\\\/avatar\\\/?s=96&d=mm&r=g\",\"caption\":\"michael.merz\"},\"url\":\"https:\\\/\\\/www.organisator.ch\\\/fr\\\/author\\\/michael-merz\\\/\"}]}<\/script>\n<!-- \/ Yoast SEO plugin. -->","yoast_head_json":{"title":"Mi-temps de la COP 25 : des solutions sont possibles - Organisateur","description":"Malgr\u00e9 la pr\u00e9sence pr\u00e9pond\u00e9rante du th\u00e8me du climat, il n'y a gu\u00e8re de renversement de tendance lors de la COP 25, souligne Klimareporter\u00b0.","robots":{"index":"index","follow":"follow","max-snippet":"max-snippet:-1","max-image-preview":"max-image-preview:large","max-video-preview":"max-video-preview:-1"},"canonical":"https:\/\/www.organisator.ch\/fr\/sustainability\/2019-12-09\/halbzeit-bei-der-cop-25-loesungen-sind-moeglich\/","og_locale":"fr_FR","og_type":"article","og_title":"Halbzeit bei der COP 25: L\u00f6sungen sind m\u00f6glich - Organisator","og_description":"Trotz der \u00fcberwiegenden Pr\u00e4senz des Klimathemas ist kaum eine Trendwende bei der COP 25 gegeben, unterstreicht Klimareporter\u00b0.","og_url":"https:\/\/www.organisator.ch\/fr\/sustainability\/2019-12-09\/halbzeit-bei-der-cop-25-loesungen-sind-moeglich\/","og_site_name":"Organisator","article_publisher":"https:\/\/www.facebook.com\/OrganisatorFachmagazin","article_published_time":"2019-12-09T14:07:55+00:00","article_modified_time":"2022-02-09T10:06:51+00:00","og_image":[{"width":1632,"height":1224,"url":"https:\/\/www.organisator.ch\/wp-content\/uploads\/2019\/12\/COP25-Halbzeit-UP-Umwelt-Perspektiven.jpg","type":"image\/jpeg"}],"author":"michael.merz","twitter_card":"summary_large_image","schema":{"@context":"https:\/\/schema.org","@graph":[{"@type":"Article","@id":"https:\/\/www.organisator.ch\/sustainability\/2019-12-09\/halbzeit-bei-der-cop-25-loesungen-sind-moeglich\/#article","isPartOf":{"@id":"https:\/\/www.organisator.ch\/sustainability\/2019-12-09\/halbzeit-bei-der-cop-25-loesungen-sind-moeglich\/"},"author":{"name":"michael.merz","@id":"https:\/\/www.organisator.ch\/#\/schema\/person\/134708ca9321c57b0362cceb7948ffbd"},"headline":"Halbzeit bei der COP 25: L\u00f6sungen sind m\u00f6glich","datePublished":"2019-12-09T14:07:55+00:00","dateModified":"2022-02-09T10:06:51+00:00","mainEntityOfPage":{"@id":"https:\/\/www.organisator.ch\/sustainability\/2019-12-09\/halbzeit-bei-der-cop-25-loesungen-sind-moeglich\/"},"wordCount":707,"publisher":{"@id":"https:\/\/www.organisator.ch\/#organization"},"image":{"@id":"https:\/\/www.organisator.ch\/sustainability\/2019-12-09\/halbzeit-bei-der-cop-25-loesungen-sind-moeglich\/#primaryimage"},"thumbnailUrl":"https:\/\/www.organisator.ch\/wp-content\/uploads\/2019\/12\/COP25-Halbzeit-UP-Umwelt-Perspektiven.jpg","keywords":["COP25","EU","Madrid","Schaden","UN-Fonds","UN-Klimagipfel","Verluste"],"articleSection":["SUSTAINABILITY"],"inLanguage":"fr-FR"},{"@type":"WebPage","@id":"https:\/\/www.organisator.ch\/sustainability\/2019-12-09\/halbzeit-bei-der-cop-25-loesungen-sind-moeglich\/","url":"https:\/\/www.organisator.ch\/sustainability\/2019-12-09\/halbzeit-bei-der-cop-25-loesungen-sind-moeglich\/","name":"Mi-temps de la COP 25 : des solutions sont possibles - Organisateur","isPartOf":{"@id":"https:\/\/www.organisator.ch\/#website"},"primaryImageOfPage":{"@id":"https:\/\/www.organisator.ch\/sustainability\/2019-12-09\/halbzeit-bei-der-cop-25-loesungen-sind-moeglich\/#primaryimage"},"image":{"@id":"https:\/\/www.organisator.ch\/sustainability\/2019-12-09\/halbzeit-bei-der-cop-25-loesungen-sind-moeglich\/#primaryimage"},"thumbnailUrl":"https:\/\/www.organisator.ch\/wp-content\/uploads\/2019\/12\/COP25-Halbzeit-UP-Umwelt-Perspektiven.jpg","datePublished":"2019-12-09T14:07:55+00:00","dateModified":"2022-02-09T10:06:51+00:00","description":"Malgr\u00e9 la pr\u00e9sence pr\u00e9pond\u00e9rante du th\u00e8me du climat, il n'y a gu\u00e8re de renversement de tendance lors de la COP 25, souligne Klimareporter\u00b0.","breadcrumb":{"@id":"https:\/\/www.organisator.ch\/sustainability\/2019-12-09\/halbzeit-bei-der-cop-25-loesungen-sind-moeglich\/#breadcrumb"},"inLanguage":"fr-FR","potentialAction":[{"@type":"ReadAction","target":["https:\/\/www.organisator.ch\/sustainability\/2019-12-09\/halbzeit-bei-der-cop-25-loesungen-sind-moeglich\/"]}]},{"@type":"ImageObject","inLanguage":"fr-FR","@id":"https:\/\/www.organisator.ch\/sustainability\/2019-12-09\/halbzeit-bei-der-cop-25-loesungen-sind-moeglich\/#primaryimage","url":"https:\/\/www.organisator.ch\/wp-content\/uploads\/2019\/12\/COP25-Halbzeit-UP-Umwelt-Perspektiven.jpg","contentUrl":"https:\/\/www.organisator.ch\/wp-content\/uploads\/2019\/12\/COP25-Halbzeit-UP-Umwelt-Perspektiven.jpg","width":1632,"height":1224,"caption":"Am UN-Weltklimagipfel in Madrid gl\u00e4nzen viele Staaten durch Abwesenheit. (Bild: Unsplash_Giuseppe-Buccola)"},{"@type":"BreadcrumbList","@id":"https:\/\/www.organisator.ch\/sustainability\/2019-12-09\/halbzeit-bei-der-cop-25-loesungen-sind-moeglich\/#breadcrumb","itemListElement":[{"@type":"ListItem","position":1,"name":"Home","item":"https:\/\/www.organisator.ch\/"},{"@type":"ListItem","position":2,"name":"Halbzeit bei der COP 25: L\u00f6sungen sind m\u00f6glich"}]},{"@type":"WebSite","@id":"https:\/\/www.organisator.ch\/#website","url":"https:\/\/www.organisator.ch\/","name":"Organisateur","description":"Comp\u00e9tence et comp\u00e9tence. Proches de la pratique. L'ORGANISATEUR pr\u00e9pare 10 num\u00e9ros par an sur les th\u00e8mes essentiels pour les dirigeants de PME.","publisher":{"@id":"https:\/\/www.organisator.ch\/#organization"},"potentialAction":[{"@type":"SearchAction","target":{"@type":"EntryPoint","urlTemplate":"https:\/\/www.organisator.ch\/?s={search_term_string}"},"query-input":{"@type":"PropertyValueSpecification","valueRequired":true,"valueName":"search_term_string"}}],"inLanguage":"fr-FR"},{"@type":"Organization","@id":"https:\/\/www.organisator.ch\/#organization","name":"Organisateur","url":"https:\/\/www.organisator.ch\/","logo":{"@type":"ImageObject","inLanguage":"fr-FR","@id":"https:\/\/www.organisator.ch\/#\/schema\/logo\/image\/","url":"https:\/\/www.organisator.ch\/wp-content\/uploads\/2022\/01\/Logo_Organisator_Website.png","contentUrl":"https:\/\/www.organisator.ch\/wp-content\/uploads\/2022\/01\/Logo_Organisator_Website.png","width":800,"height":77,"caption":"Organisator"},"image":{"@id":"https:\/\/www.organisator.ch\/#\/schema\/logo\/image\/"},"sameAs":["https:\/\/www.facebook.com\/OrganisatorFachmagazin","https:\/\/www.linkedin.com\/showcase\/organisator-das-magazin-fr-kmu","https:\/\/www.xing.com\/news\/pages\/organisator-ch-695","https:\/\/www.youtube.com\/channel\/UCGP2Sq0iWaZwT3BdIAQFYpw"]},{"@type":"Person","@id":"https:\/\/www.organisator.ch\/#\/schema\/person\/134708ca9321c57b0362cceb7948ffbd","name":"michael.merz","image":{"@type":"ImageObject","inLanguage":"fr-FR","@id":"https:\/\/secure.gravatar.com\/avatar\/?s=96&d=mm&r=g","url":"https:\/\/secure.gravatar.com\/avatar\/?s=96&d=mm&r=g","contentUrl":"https:\/\/secure.gravatar.com\/avatar\/?s=96&d=mm&r=g","caption":"michael.merz"},"url":"https:\/\/www.organisator.ch\/fr\/author\/michael-merz\/"}]}},"_links":{"self":[{"href":"https:\/\/www.organisator.ch\/fr\/wp-json\/wp\/v2\/posts\/2682","targetHints":{"allow":["GET"]}}],"collection":[{"href":"https:\/\/www.organisator.ch\/fr\/wp-json\/wp\/v2\/posts"}],"about":[{"href":"https:\/\/www.organisator.ch\/fr\/wp-json\/wp\/v2\/types\/post"}],"author":[{"embeddable":true,"href":"https:\/\/www.organisator.ch\/fr\/wp-json\/wp\/v2\/users\/5"}],"replies":[{"embeddable":true,"href":"https:\/\/www.organisator.ch\/fr\/wp-json\/wp\/v2\/comments?post=2682"}],"version-history":[{"count":1,"href":"https:\/\/www.organisator.ch\/fr\/wp-json\/wp\/v2\/posts\/2682\/revisions"}],"predecessor-version":[{"id":10687,"href":"https:\/\/www.organisator.ch\/fr\/wp-json\/wp\/v2\/posts\/2682\/revisions\/10687"}],"wp:featuredmedia":[{"embeddable":true,"href":"https:\/\/www.organisator.ch\/fr\/wp-json\/wp\/v2\/media\/2683"}],"wp:attachment":[{"href":"https:\/\/www.organisator.ch\/fr\/wp-json\/wp\/v2\/media?parent=2682"}],"wp:term":[{"taxonomy":"category","embeddable":true,"href":"https:\/\/www.organisator.ch\/fr\/wp-json\/wp\/v2\/categories?post=2682"},{"taxonomy":"post_tag","embeddable":true,"href":"https:\/\/www.organisator.ch\/fr\/wp-json\/wp\/v2\/tags?post=2682"}],"curies":[{"name":"wp","href":"https:\/\/api.w.org\/{rel}","templated":true}]}}