{"id":26822,"date":"2024-04-30T10:55:31","date_gmt":"2024-04-30T08:55:31","guid":{"rendered":"https:\/\/www.organisator.ch\/?p=26822"},"modified":"2024-04-29T14:55:52","modified_gmt":"2024-04-29T12:55:52","slug":"ergon-schliesst-geschaeftsjahr-2023-erfolgreich-ab","status":"publish","type":"post","link":"https:\/\/www.organisator.ch\/fr\/management\/2024-04-30\/ergon-schliesst-geschaeftsjahr-2023-erfolgreich-ab\/","title":{"rendered":"Ergon cl\u00f4t avec succ\u00e8s l'exercice 2023"},"content":{"rendered":"<figure id=\"attachment_26823\" aria-describedby=\"caption-attachment-26823\" style=\"width: 680px\" class=\"wp-caption alignnone\"><img loading=\"lazy\" decoding=\"async\" class=\"size-full wp-image-26823\" src=\"https:\/\/www.organisator.ch\/wp-content\/uploads\/2024\/04\/Ergon_Bild1_ps.jpg\" alt=\"\" width=\"680\" height=\"476\" srcset=\"https:\/\/www.organisator.ch\/wp-content\/uploads\/2024\/04\/Ergon_Bild1_ps.jpg 680w, https:\/\/www.organisator.ch\/wp-content\/uploads\/2024\/04\/Ergon_Bild1_ps-18x12.jpg 18w, https:\/\/www.organisator.ch\/wp-content\/uploads\/2024\/04\/Ergon_Bild1_ps-375x263.jpg 375w, https:\/\/www.organisator.ch\/wp-content\/uploads\/2024\/04\/Ergon_Bild1_ps-500x350.jpg 500w\" sizes=\"auto, (max-width: 680px) 100vw, 680px\" \/><figcaption id=\"caption-attachment-26823\" class=\"wp-caption-text\">Direction d'Ergon de gauche \u00e0 droite : Hans-J\u00fcrg Schneider, Roman Hugelshofer, Heiko Faller, Gabriela Keller, Adrian Berger. (Image : www.ergon.ch)<\/figcaption><\/figure>\n<p>Ergon Informatik r\u00e9alise en 2023 un chiffre d'affaires de 73,3 millions de francs. Cela correspond \u00e0 une croissance de 11% par rapport \u00e0 l'ann\u00e9e pr\u00e9c\u00e9dente. Le prestataire de services informatiques zurichois et fabricant du Airlock - Secure Access Hub gagne 39 nouveaux clients et 50 nouvelles affaires, tandis que le nombre d'employ\u00e9s passe \u00e0 431.<\/p>\n<p>\"Depuis quarante ans, nous menons nos clients au succ\u00e8s. Nous les accompagnons dans toutes les phases de la num\u00e9risation, de l'id\u00e9e au succ\u00e8s commercial. C'est ainsi que nous nous d\u00e9veloppons de mani\u00e8re dynamique et que nous construisons notre avenir de mani\u00e8re cibl\u00e9e. Ce faisant, nous avons constamment \u00e9largi notre offre. Notre culture d'entreprise unique et l'engagement de nos collaborateurs sont notre capital le plus important\", d\u00e9clare Gabriela Keller, CEO d'Ergon Informatik. Le large portefeuille de clients d'Ergon lui permet de r\u00e9sister et de consolider sa position sur le march\u00e9. L'accent est toujours mis sur le secteur financier.<\/p>\n<h3><strong>Croissance et innovation dans le secteur bancaire <\/strong><\/h3>\n<p>Ergon prouve une fois de plus qu'elle est un partenaire technologique solide pour les banques et les prestataires de services financiers. La collaboration fructueuse avec Rulematch m\u00e9rite particuli\u00e8rement d'\u00eatre soulign\u00e9e. Cette entreprise suisse est l'une des premi\u00e8res places de march\u00e9 interbancaires pour les actifs num\u00e9riques - d\u00e9velopp\u00e9e exclusivement pour les institutions financi\u00e8res. Ergon a accompagn\u00e9 Rulematch pendant plus de deux ans : de l'id\u00e9e \u00e0 la mise en service, en passant par la conception et la r\u00e9alisation.<\/p>\n<p>Ergon franchit une nouvelle \u00e9tape avec la plate-forme de pr\u00e9voyance num\u00e9rique leader VIAC. La nouvelle application de la solution de pr\u00e9voyance 3A a \u00e9t\u00e9 remani\u00e9e et relanc\u00e9e en 2023. Ergon accompagne la start-up depuis sa cr\u00e9ation.<\/p>\n<h3><strong>Sur la voie du succ\u00e8s avec les CFF <\/strong><\/h3>\n<p>En collaboration avec les CFF, Ergon a men\u00e9 avec succ\u00e8s une \u00e9tude sur l'utilisation de la reconnaissance vocale pour l'utilisation de l'application de d\u00e9tection de voie sans fil des CFF. Ergon et les CFF voient un grand potentiel dans le fait que la saisie vocale facilite l'utilisation de l'application par les travailleurs de la man\u0153uvre dans des conditions m\u00e9t\u00e9orologiques extr\u00eames.<\/p>\n<h3><strong>Airlock poursuit sa croissance <\/strong><\/h3>\n<p>Airlock gagne de nombreux nouveaux clients en Suisse et \u00e0 l'\u00e9tranger et enregistre une demande croissante aupr\u00e8s de ses clients existants. La solution de s\u00e9curit\u00e9 dans le domaine de la Self-Sovereign-Identity (SSI) a ainsi gagn\u00e9 un nouveau client dans le domaine des t\u00e9l\u00e9communications et de l'\u00e9nergie. La technologie SSI met l'accent sur le stockage d\u00e9centralis\u00e9 des donn\u00e9es d'identit\u00e9 et sur le consentement syst\u00e9matique des utilisateurs \u00e0 la divulgation de ces donn\u00e9es.<\/p>\n<p>Pour Geberit, Airlock a v\u00e9rifi\u00e9 la s\u00e9curit\u00e9 informatique de la plateforme \"Geberit Connect\" et a \u00e9labor\u00e9 un mod\u00e8le de menaces. La plateforme met en r\u00e9seau les produits sanitaires - des toilettes au lavabo. Dans le cadre d'un mandat de conseil en s\u00e9curit\u00e9, Airlock a d\u00e9termin\u00e9 dans quelle mesure \"Geberit Connect\" r\u00e9pond aux normes de l'Institut europ\u00e9en des normes de t\u00e9l\u00e9communications. Ces normes s'appliquent \u00e0 tous les appareils qui peuvent \u00eatre connect\u00e9s par radio.<\/p>\n<p>Airlock a enregistr\u00e9 un nouveau succ\u00e8s aupr\u00e8s d'une entreprise suisse leader dans le domaine de la gestion des identit\u00e9s et des acc\u00e8s. En raison du nombre croissant d'utilisateurs de l'application d'entreprise, Airlock a augment\u00e9 le nombre d'utilisateurs IAM. En 2023, plus de cinq millions d'utilisateurs enregistr\u00e9s ont utilis\u00e9 cette application.<\/p>\n<p><em>Source : <a href=\"http:\/\/www.ergon.ch\">www.ergon.ch<\/a><\/em><\/p>","protected":false},"excerpt":{"rendered":"<p>Ergon Informatik dresse un bilan positif apr\u00e8s un exercice 2023 r\u00e9ussi. Le prestataire de services informatiques suisse r\u00e9alise une augmentation de 11% de son chiffre d'affaires, \u00e9largit sa client\u00e8le et renforce les partenariats existants. <\/p>","protected":false},"author":58,"featured_media":26823,"comment_status":"closed","ping_status":"closed","sticky":false,"template":"","format":"standard","meta":{"_acf_changed":false,"_yoast_wpseo_focuskw":"Ergon","_yoast_wpseo_metadesc":"Ergon Informatik zieht nach einem erfolgreichen Gesch\u00e4ftsjahr 2023 positive Bilanz und erzielt eine Umsatzsteigerung von 11 Prozent.","articlekey":"","footnotes":""},"categories":[28],"tags":[335,424,492,2643],"class_list":["post-26822","post","type-post","status-publish","format-standard","has-post-thumbnail","hentry","category-management","tag-management-und-unternehmensfuehrung","tag-schweiz","tag-unternehmen","tag-wachstum"],"acf":[],"yoast_head":"<!-- This site is optimized with the Yoast SEO plugin v27.4 - https:\/\/yoast.com\/product\/yoast-seo-wordpress\/ -->\n<title>Ergon schliesst Gesch\u00e4ftsjahr 2023 erfolgreich ab - Organisator<\/title>\n<meta name=\"description\" content=\"Ergon Informatik zieht nach einem erfolgreichen Gesch\u00e4ftsjahr 2023 positive Bilanz und erzielt eine Umsatzsteigerung von 11 Prozent.\" \/>\n<meta name=\"robots\" content=\"index, follow, max-snippet:-1, max-image-preview:large, max-video-preview:-1\" \/>\n<link rel=\"canonical\" href=\"https:\/\/www.organisator.ch\/fr\/gestion-2\/2024-04-30\/ergon-schliesst-geschaeftsjahr-2023-erfolgreich-ab\/\" \/>\n<meta property=\"og:locale\" content=\"fr_FR\" \/>\n<meta property=\"og:type\" content=\"article\" \/>\n<meta property=\"og:title\" content=\"Ergon schliesst Gesch\u00e4ftsjahr 2023 erfolgreich ab\" \/>\n<meta property=\"og:description\" content=\"Ergon Informatik zieht nach einem erfolgreichen Gesch\u00e4ftsjahr 2023 positive Bilanz und erzielt eine Umsatzsteigerung von 11 Prozent.\" \/>\n<meta property=\"og:url\" content=\"https:\/\/www.organisator.ch\/fr\/gestion-2\/2024-04-30\/ergon-schliesst-geschaeftsjahr-2023-erfolgreich-ab\/\" \/>\n<meta property=\"og:site_name\" content=\"Organisator\" \/>\n<meta property=\"article:publisher\" content=\"https:\/\/www.facebook.com\/OrganisatorFachmagazin\" \/>\n<meta property=\"article:published_time\" content=\"2024-04-30T08:55:31+00:00\" \/>\n<meta property=\"og:image\" content=\"https:\/\/www.organisator.ch\/wp-content\/uploads\/2024\/04\/Ergon_Bild1_ps.jpg\" \/>\n\t<meta property=\"og:image:width\" content=\"680\" \/>\n\t<meta property=\"og:image:height\" content=\"476\" \/>\n\t<meta property=\"og:image:type\" content=\"image\/jpeg\" \/>\n<meta name=\"author\" content=\"Adelisa Kalajdzini\" \/>\n<meta name=\"twitter:card\" content=\"summary_large_image\" \/>\n<meta name=\"twitter:title\" content=\"Ergon schliesst Gesch\u00e4ftsjahr 2023 erfolgreich ab\" \/>\n<meta name=\"twitter:description\" content=\"#Ergon #Informatik zieht nach einem erfolgreichen #Gesch\u00e4ftsjahr 2023 positive #Bilanz und erzielt eine #Umsatzsteigerung von 11 Prozent.\" \/>\n<meta name=\"twitter:image\" content=\"https:\/\/www.organisator.ch\/wp-content\/uploads\/2024\/04\/Ergon_Bild1_ps.jpg\" \/>\n<script type=\"application\/ld+json\" class=\"yoast-schema-graph\">{\"@context\":\"https:\\\/\\\/schema.org\",\"@graph\":[{\"@type\":\"Article\",\"@id\":\"https:\\\/\\\/www.organisator.ch\\\/management\\\/2024-04-30\\\/ergon-schliesst-geschaeftsjahr-2023-erfolgreich-ab\\\/#article\",\"isPartOf\":{\"@id\":\"https:\\\/\\\/www.organisator.ch\\\/management\\\/2024-04-30\\\/ergon-schliesst-geschaeftsjahr-2023-erfolgreich-ab\\\/\"},\"author\":{\"name\":\"Adelisa Kalajdzini\",\"@id\":\"https:\\\/\\\/www.organisator.ch\\\/#\\\/schema\\\/person\\\/2e1314a2172123f874db408d8911d3f3\"},\"headline\":\"Ergon schliesst Gesch\u00e4ftsjahr 2023 erfolgreich ab\",\"datePublished\":\"2024-04-30T08:55:31+00:00\",\"mainEntityOfPage\":{\"@id\":\"https:\\\/\\\/www.organisator.ch\\\/management\\\/2024-04-30\\\/ergon-schliesst-geschaeftsjahr-2023-erfolgreich-ab\\\/\"},\"wordCount\":469,\"publisher\":{\"@id\":\"https:\\\/\\\/www.organisator.ch\\\/#organization\"},\"image\":{\"@id\":\"https:\\\/\\\/www.organisator.ch\\\/management\\\/2024-04-30\\\/ergon-schliesst-geschaeftsjahr-2023-erfolgreich-ab\\\/#primaryimage\"},\"thumbnailUrl\":\"https:\\\/\\\/www.organisator.ch\\\/wp-content\\\/uploads\\\/2024\\\/04\\\/Ergon_Bild1_ps.jpg\",\"keywords\":[\"Management und Unternehmensf\u00fchrung\",\"Schweiz\",\"Unternehmen\",\"Wachstum\"],\"articleSection\":[\"MANAGEMENT\"],\"inLanguage\":\"fr-FR\"},{\"@type\":\"WebPage\",\"@id\":\"https:\\\/\\\/www.organisator.ch\\\/management\\\/2024-04-30\\\/ergon-schliesst-geschaeftsjahr-2023-erfolgreich-ab\\\/\",\"url\":\"https:\\\/\\\/www.organisator.ch\\\/management\\\/2024-04-30\\\/ergon-schliesst-geschaeftsjahr-2023-erfolgreich-ab\\\/\",\"name\":\"Ergon schliesst Gesch\u00e4ftsjahr 2023 erfolgreich ab - Organisator\",\"isPartOf\":{\"@id\":\"https:\\\/\\\/www.organisator.ch\\\/#website\"},\"primaryImageOfPage\":{\"@id\":\"https:\\\/\\\/www.organisator.ch\\\/management\\\/2024-04-30\\\/ergon-schliesst-geschaeftsjahr-2023-erfolgreich-ab\\\/#primaryimage\"},\"image\":{\"@id\":\"https:\\\/\\\/www.organisator.ch\\\/management\\\/2024-04-30\\\/ergon-schliesst-geschaeftsjahr-2023-erfolgreich-ab\\\/#primaryimage\"},\"thumbnailUrl\":\"https:\\\/\\\/www.organisator.ch\\\/wp-content\\\/uploads\\\/2024\\\/04\\\/Ergon_Bild1_ps.jpg\",\"datePublished\":\"2024-04-30T08:55:31+00:00\",\"description\":\"Ergon Informatik zieht nach einem erfolgreichen Gesch\u00e4ftsjahr 2023 positive Bilanz und erzielt eine Umsatzsteigerung von 11 Prozent.\",\"breadcrumb\":{\"@id\":\"https:\\\/\\\/www.organisator.ch\\\/management\\\/2024-04-30\\\/ergon-schliesst-geschaeftsjahr-2023-erfolgreich-ab\\\/#breadcrumb\"},\"inLanguage\":\"fr-FR\",\"potentialAction\":[{\"@type\":\"ReadAction\",\"target\":[\"https:\\\/\\\/www.organisator.ch\\\/management\\\/2024-04-30\\\/ergon-schliesst-geschaeftsjahr-2023-erfolgreich-ab\\\/\"]}]},{\"@type\":\"ImageObject\",\"inLanguage\":\"fr-FR\",\"@id\":\"https:\\\/\\\/www.organisator.ch\\\/management\\\/2024-04-30\\\/ergon-schliesst-geschaeftsjahr-2023-erfolgreich-ab\\\/#primaryimage\",\"url\":\"https:\\\/\\\/www.organisator.ch\\\/wp-content\\\/uploads\\\/2024\\\/04\\\/Ergon_Bild1_ps.jpg\",\"contentUrl\":\"https:\\\/\\\/www.organisator.ch\\\/wp-content\\\/uploads\\\/2024\\\/04\\\/Ergon_Bild1_ps.jpg\",\"width\":680,\"height\":476,\"caption\":\"Ergon Gesch\u00e4ftsleitung von links: Hans-J\u00fcrg Schneider, Roman Hugelshofer, Heiko Faller, Gabriela Keller, Adrian Berger. (Bild: www.ergon.ch)\"},{\"@type\":\"BreadcrumbList\",\"@id\":\"https:\\\/\\\/www.organisator.ch\\\/management\\\/2024-04-30\\\/ergon-schliesst-geschaeftsjahr-2023-erfolgreich-ab\\\/#breadcrumb\",\"itemListElement\":[{\"@type\":\"ListItem\",\"position\":1,\"name\":\"Home\",\"item\":\"https:\\\/\\\/www.organisator.ch\\\/\"},{\"@type\":\"ListItem\",\"position\":2,\"name\":\"Ergon schliesst Gesch\u00e4ftsjahr 2023 erfolgreich ab\"}]},{\"@type\":\"WebSite\",\"@id\":\"https:\\\/\\\/www.organisator.ch\\\/#website\",\"url\":\"https:\\\/\\\/www.organisator.ch\\\/\",\"name\":\"Organisator\",\"description\":\"Kompetent. Praxisnah. Der ORGANISATOR bereitet in 10 Ausgaben pro Jahr die wesentlichen Themen f\u00fcr F\u00fchrungskr\u00e4fte von KMU auf.\",\"publisher\":{\"@id\":\"https:\\\/\\\/www.organisator.ch\\\/#organization\"},\"potentialAction\":[{\"@type\":\"SearchAction\",\"target\":{\"@type\":\"EntryPoint\",\"urlTemplate\":\"https:\\\/\\\/www.organisator.ch\\\/?s={search_term_string}\"},\"query-input\":{\"@type\":\"PropertyValueSpecification\",\"valueRequired\":true,\"valueName\":\"search_term_string\"}}],\"inLanguage\":\"fr-FR\"},{\"@type\":\"Organization\",\"@id\":\"https:\\\/\\\/www.organisator.ch\\\/#organization\",\"name\":\"Organisator\",\"url\":\"https:\\\/\\\/www.organisator.ch\\\/\",\"logo\":{\"@type\":\"ImageObject\",\"inLanguage\":\"fr-FR\",\"@id\":\"https:\\\/\\\/www.organisator.ch\\\/#\\\/schema\\\/logo\\\/image\\\/\",\"url\":\"https:\\\/\\\/www.organisator.ch\\\/wp-content\\\/uploads\\\/2022\\\/01\\\/Logo_Organisator_Website.png\",\"contentUrl\":\"https:\\\/\\\/www.organisator.ch\\\/wp-content\\\/uploads\\\/2022\\\/01\\\/Logo_Organisator_Website.png\",\"width\":800,\"height\":77,\"caption\":\"Organisator\"},\"image\":{\"@id\":\"https:\\\/\\\/www.organisator.ch\\\/#\\\/schema\\\/logo\\\/image\\\/\"},\"sameAs\":[\"https:\\\/\\\/www.facebook.com\\\/OrganisatorFachmagazin\",\"https:\\\/\\\/www.linkedin.com\\\/showcase\\\/organisator-das-magazin-fr-kmu\",\"https:\\\/\\\/www.xing.com\\\/news\\\/pages\\\/organisator-ch-695\",\"https:\\\/\\\/www.youtube.com\\\/channel\\\/UCGP2Sq0iWaZwT3BdIAQFYpw\"]},{\"@type\":\"Person\",\"@id\":\"https:\\\/\\\/www.organisator.ch\\\/#\\\/schema\\\/person\\\/2e1314a2172123f874db408d8911d3f3\",\"name\":\"Adelisa Kalajdzini\",\"image\":{\"@type\":\"ImageObject\",\"inLanguage\":\"fr-FR\",\"@id\":\"https:\\\/\\\/secure.gravatar.com\\\/avatar\\\/09a397c22ac58cad6f160ee8306348599df9df58a8ede73696226897b9fa4b24?s=96&d=mm&r=g\",\"url\":\"https:\\\/\\\/secure.gravatar.com\\\/avatar\\\/09a397c22ac58cad6f160ee8306348599df9df58a8ede73696226897b9fa4b24?s=96&d=mm&r=g\",\"contentUrl\":\"https:\\\/\\\/secure.gravatar.com\\\/avatar\\\/09a397c22ac58cad6f160ee8306348599df9df58a8ede73696226897b9fa4b24?s=96&d=mm&r=g\",\"caption\":\"Adelisa Kalajdzini\"},\"url\":\"https:\\\/\\\/www.organisator.ch\\\/fr\\\/author\\\/adelisa-kalajdzini\\\/\"}]}<\/script>\n<!-- \/ Yoast SEO plugin. -->","yoast_head_json":{"title":"Ergon cl\u00f4t avec succ\u00e8s l'exercice 2023 - Organisateur","description":"Ergon Informatik dresse un bilan positif apr\u00e8s un exercice 2023 r\u00e9ussi et r\u00e9alise une augmentation de 11% de son chiffre d'affaires.","robots":{"index":"index","follow":"follow","max-snippet":"max-snippet:-1","max-image-preview":"max-image-preview:large","max-video-preview":"max-video-preview:-1"},"canonical":"https:\/\/www.organisator.ch\/fr\/gestion-2\/2024-04-30\/ergon-schliesst-geschaeftsjahr-2023-erfolgreich-ab\/","og_locale":"fr_FR","og_type":"article","og_title":"Ergon schliesst Gesch\u00e4ftsjahr 2023 erfolgreich ab","og_description":"Ergon Informatik zieht nach einem erfolgreichen Gesch\u00e4ftsjahr 2023 positive Bilanz und erzielt eine Umsatzsteigerung von 11 Prozent.","og_url":"https:\/\/www.organisator.ch\/fr\/gestion-2\/2024-04-30\/ergon-schliesst-geschaeftsjahr-2023-erfolgreich-ab\/","og_site_name":"Organisator","article_publisher":"https:\/\/www.facebook.com\/OrganisatorFachmagazin","article_published_time":"2024-04-30T08:55:31+00:00","og_image":[{"width":680,"height":476,"url":"https:\/\/www.organisator.ch\/wp-content\/uploads\/2024\/04\/Ergon_Bild1_ps.jpg","type":"image\/jpeg"}],"author":"Adelisa Kalajdzini","twitter_card":"summary_large_image","twitter_title":"Ergon schliesst Gesch\u00e4ftsjahr 2023 erfolgreich ab","twitter_description":"#Ergon #Informatik zieht nach einem erfolgreichen #Gesch\u00e4ftsjahr 2023 positive #Bilanz und erzielt eine #Umsatzsteigerung von 11 Prozent.","twitter_image":"https:\/\/www.organisator.ch\/wp-content\/uploads\/2024\/04\/Ergon_Bild1_ps.jpg","schema":{"@context":"https:\/\/schema.org","@graph":[{"@type":"Article","@id":"https:\/\/www.organisator.ch\/management\/2024-04-30\/ergon-schliesst-geschaeftsjahr-2023-erfolgreich-ab\/#article","isPartOf":{"@id":"https:\/\/www.organisator.ch\/management\/2024-04-30\/ergon-schliesst-geschaeftsjahr-2023-erfolgreich-ab\/"},"author":{"name":"Adelisa Kalajdzini","@id":"https:\/\/www.organisator.ch\/#\/schema\/person\/2e1314a2172123f874db408d8911d3f3"},"headline":"Ergon schliesst Gesch\u00e4ftsjahr 2023 erfolgreich ab","datePublished":"2024-04-30T08:55:31+00:00","mainEntityOfPage":{"@id":"https:\/\/www.organisator.ch\/management\/2024-04-30\/ergon-schliesst-geschaeftsjahr-2023-erfolgreich-ab\/"},"wordCount":469,"publisher":{"@id":"https:\/\/www.organisator.ch\/#organization"},"image":{"@id":"https:\/\/www.organisator.ch\/management\/2024-04-30\/ergon-schliesst-geschaeftsjahr-2023-erfolgreich-ab\/#primaryimage"},"thumbnailUrl":"https:\/\/www.organisator.ch\/wp-content\/uploads\/2024\/04\/Ergon_Bild1_ps.jpg","keywords":["Management und Unternehmensf\u00fchrung","Schweiz","Unternehmen","Wachstum"],"articleSection":["MANAGEMENT"],"inLanguage":"fr-FR"},{"@type":"WebPage","@id":"https:\/\/www.organisator.ch\/management\/2024-04-30\/ergon-schliesst-geschaeftsjahr-2023-erfolgreich-ab\/","url":"https:\/\/www.organisator.ch\/management\/2024-04-30\/ergon-schliesst-geschaeftsjahr-2023-erfolgreich-ab\/","name":"Ergon cl\u00f4t avec succ\u00e8s l'exercice 2023 - Organisateur","isPartOf":{"@id":"https:\/\/www.organisator.ch\/#website"},"primaryImageOfPage":{"@id":"https:\/\/www.organisator.ch\/management\/2024-04-30\/ergon-schliesst-geschaeftsjahr-2023-erfolgreich-ab\/#primaryimage"},"image":{"@id":"https:\/\/www.organisator.ch\/management\/2024-04-30\/ergon-schliesst-geschaeftsjahr-2023-erfolgreich-ab\/#primaryimage"},"thumbnailUrl":"https:\/\/www.organisator.ch\/wp-content\/uploads\/2024\/04\/Ergon_Bild1_ps.jpg","datePublished":"2024-04-30T08:55:31+00:00","description":"Ergon Informatik dresse un bilan positif apr\u00e8s un exercice 2023 r\u00e9ussi et r\u00e9alise une augmentation de 11% de son chiffre d'affaires.","breadcrumb":{"@id":"https:\/\/www.organisator.ch\/management\/2024-04-30\/ergon-schliesst-geschaeftsjahr-2023-erfolgreich-ab\/#breadcrumb"},"inLanguage":"fr-FR","potentialAction":[{"@type":"ReadAction","target":["https:\/\/www.organisator.ch\/management\/2024-04-30\/ergon-schliesst-geschaeftsjahr-2023-erfolgreich-ab\/"]}]},{"@type":"ImageObject","inLanguage":"fr-FR","@id":"https:\/\/www.organisator.ch\/management\/2024-04-30\/ergon-schliesst-geschaeftsjahr-2023-erfolgreich-ab\/#primaryimage","url":"https:\/\/www.organisator.ch\/wp-content\/uploads\/2024\/04\/Ergon_Bild1_ps.jpg","contentUrl":"https:\/\/www.organisator.ch\/wp-content\/uploads\/2024\/04\/Ergon_Bild1_ps.jpg","width":680,"height":476,"caption":"Ergon Gesch\u00e4ftsleitung von links: Hans-J\u00fcrg Schneider, Roman Hugelshofer, Heiko Faller, Gabriela Keller, Adrian Berger. (Bild: www.ergon.ch)"},{"@type":"BreadcrumbList","@id":"https:\/\/www.organisator.ch\/management\/2024-04-30\/ergon-schliesst-geschaeftsjahr-2023-erfolgreich-ab\/#breadcrumb","itemListElement":[{"@type":"ListItem","position":1,"name":"Home","item":"https:\/\/www.organisator.ch\/"},{"@type":"ListItem","position":2,"name":"Ergon schliesst Gesch\u00e4ftsjahr 2023 erfolgreich ab"}]},{"@type":"WebSite","@id":"https:\/\/www.organisator.ch\/#website","url":"https:\/\/www.organisator.ch\/","name":"Organisateur","description":"Comp\u00e9tence et comp\u00e9tence. Proches de la pratique. L'ORGANISATEUR pr\u00e9pare 10 num\u00e9ros par an sur les th\u00e8mes essentiels pour les dirigeants de PME.","publisher":{"@id":"https:\/\/www.organisator.ch\/#organization"},"potentialAction":[{"@type":"SearchAction","target":{"@type":"EntryPoint","urlTemplate":"https:\/\/www.organisator.ch\/?s={search_term_string}"},"query-input":{"@type":"PropertyValueSpecification","valueRequired":true,"valueName":"search_term_string"}}],"inLanguage":"fr-FR"},{"@type":"Organization","@id":"https:\/\/www.organisator.ch\/#organization","name":"Organisateur","url":"https:\/\/www.organisator.ch\/","logo":{"@type":"ImageObject","inLanguage":"fr-FR","@id":"https:\/\/www.organisator.ch\/#\/schema\/logo\/image\/","url":"https:\/\/www.organisator.ch\/wp-content\/uploads\/2022\/01\/Logo_Organisator_Website.png","contentUrl":"https:\/\/www.organisator.ch\/wp-content\/uploads\/2022\/01\/Logo_Organisator_Website.png","width":800,"height":77,"caption":"Organisator"},"image":{"@id":"https:\/\/www.organisator.ch\/#\/schema\/logo\/image\/"},"sameAs":["https:\/\/www.facebook.com\/OrganisatorFachmagazin","https:\/\/www.linkedin.com\/showcase\/organisator-das-magazin-fr-kmu","https:\/\/www.xing.com\/news\/pages\/organisator-ch-695","https:\/\/www.youtube.com\/channel\/UCGP2Sq0iWaZwT3BdIAQFYpw"]},{"@type":"Person","@id":"https:\/\/www.organisator.ch\/#\/schema\/person\/2e1314a2172123f874db408d8911d3f3","name":"Adelisa Kalajdzini","image":{"@type":"ImageObject","inLanguage":"fr-FR","@id":"https:\/\/secure.gravatar.com\/avatar\/09a397c22ac58cad6f160ee8306348599df9df58a8ede73696226897b9fa4b24?s=96&d=mm&r=g","url":"https:\/\/secure.gravatar.com\/avatar\/09a397c22ac58cad6f160ee8306348599df9df58a8ede73696226897b9fa4b24?s=96&d=mm&r=g","contentUrl":"https:\/\/secure.gravatar.com\/avatar\/09a397c22ac58cad6f160ee8306348599df9df58a8ede73696226897b9fa4b24?s=96&d=mm&r=g","caption":"Adelisa Kalajdzini"},"url":"https:\/\/www.organisator.ch\/fr\/author\/adelisa-kalajdzini\/"}]}},"_links":{"self":[{"href":"https:\/\/www.organisator.ch\/fr\/wp-json\/wp\/v2\/posts\/26822","targetHints":{"allow":["GET"]}}],"collection":[{"href":"https:\/\/www.organisator.ch\/fr\/wp-json\/wp\/v2\/posts"}],"about":[{"href":"https:\/\/www.organisator.ch\/fr\/wp-json\/wp\/v2\/types\/post"}],"author":[{"embeddable":true,"href":"https:\/\/www.organisator.ch\/fr\/wp-json\/wp\/v2\/users\/58"}],"replies":[{"embeddable":true,"href":"https:\/\/www.organisator.ch\/fr\/wp-json\/wp\/v2\/comments?post=26822"}],"version-history":[{"count":5,"href":"https:\/\/www.organisator.ch\/fr\/wp-json\/wp\/v2\/posts\/26822\/revisions"}],"predecessor-version":[{"id":26872,"href":"https:\/\/www.organisator.ch\/fr\/wp-json\/wp\/v2\/posts\/26822\/revisions\/26872"}],"wp:featuredmedia":[{"embeddable":true,"href":"https:\/\/www.organisator.ch\/fr\/wp-json\/wp\/v2\/media\/26823"}],"wp:attachment":[{"href":"https:\/\/www.organisator.ch\/fr\/wp-json\/wp\/v2\/media?parent=26822"}],"wp:term":[{"taxonomy":"category","embeddable":true,"href":"https:\/\/www.organisator.ch\/fr\/wp-json\/wp\/v2\/categories?post=26822"},{"taxonomy":"post_tag","embeddable":true,"href":"https:\/\/www.organisator.ch\/fr\/wp-json\/wp\/v2\/tags?post=26822"}],"curies":[{"name":"wp","href":"https:\/\/api.w.org\/{rel}","templated":true}]}}