{"id":2685,"date":"2017-11-09T08:58:46","date_gmt":"2017-11-09T07:58:46","guid":{"rendered":"https:\/\/www.organisator.ch\/?p=2685"},"modified":"2017-11-09T08:58:46","modified_gmt":"2017-11-09T07:58:46","slug":"nicht-vergessen-tieferer-mehrwertsteuersatz-ab-1-1-2018","status":"publish","type":"post","link":"https:\/\/www.organisator.ch\/fr\/management\/finanzen_recht\/2017-11-09\/nicht-vergessen-tieferer-mehrwertsteuersatz-ab-1-1-2018\/","title":{"rendered":"Ne pas oublier de le faire : Taux de TVA plus bas \u00e0 partir du 1.1.2018"},"content":{"rendered":"<figure id=\"attachment_2686\" aria-describedby=\"caption-attachment-2686\" style=\"width: 640px\" class=\"wp-caption alignnone\"><img loading=\"lazy\" decoding=\"async\" class=\"size-full wp-image-2686\" src=\"https:\/\/www.organisator.ch\/wp-content\/uploads\/2017\/11\/Nicht-vergessen-Tieferer-Mehrwertsteuersatz-ab-1.1.2018_Organisator.jpg\" alt=\"\" width=\"640\" height=\"372\" srcset=\"https:\/\/www.organisator.ch\/wp-content\/uploads\/2017\/11\/Nicht-vergessen-Tieferer-Mehrwertsteuersatz-ab-1.1.2018_Organisator.jpg 640w, https:\/\/www.organisator.ch\/wp-content\/uploads\/2017\/11\/Nicht-vergessen-Tieferer-Mehrwertsteuersatz-ab-1.1.2018_Organisator-16x9.jpg 16w, https:\/\/www.organisator.ch\/wp-content\/uploads\/2017\/11\/Nicht-vergessen-Tieferer-Mehrwertsteuersatz-ab-1.1.2018_Organisator-301x175.jpg 301w, https:\/\/www.organisator.ch\/wp-content\/uploads\/2017\/11\/Nicht-vergessen-Tieferer-Mehrwertsteuersatz-ab-1.1.2018_Organisator-602x350.jpg 602w, https:\/\/www.organisator.ch\/wp-content\/uploads\/2017\/11\/Nicht-vergessen-Tieferer-Mehrwertsteuersatz-ab-1.1.2018_Organisator-300x174.jpg 300w\" sizes=\"auto, (max-width: 640px) 100vw, 640px\" \/><figcaption id=\"caption-attachment-2686\" class=\"wp-caption-text\">Un taux de TVA de 16% ? Pas en Suisse... En effet, la TVA y passera de 8 \u00e0 7,7 pour cent au 1er janvier 2018. (Image : Fotolia).<\/figcaption><\/figure>\n<p>Le dimanche 24 septembre 2017, les \u00e9lecteurs suisses ont rejet\u00e9 dans les urnes le projet \"Pr\u00e9voyance vieillesse 2020\". C'est pourquoi les taux de TVA baisseront \u00e0 partir du 1er janvier 2018, car le financement suppl\u00e9mentaire de l'AI par la TVA de 0,4 point de pourcentage arrivera \u00e0 \u00e9ch\u00e9ance fin 2017. Parall\u00e8lement, les taux de TVA augmenteront de 0,1 point de pourcentage au 1er janvier 2018 en raison du financement du d\u00e9veloppement de l'infrastructure ferroviaire (FAIF). C'est pourquoi les taux de TVA changent comme suit \u00e0 partir du 1er janvier 2018 :<\/p>\n<ul>\n<li>Le taux normal de TVA, qui \u00e9tait de 8 %, est d\u00e9sormais de 7.7 %<\/li>\n<li>Le taux sp\u00e9cial, qui \u00e9tait jusqu'\u00e0 pr\u00e9sent de 3,8%, passe d\u00e9sormais \u00e0 3,7 %<\/li>\n<li>Taux r\u00e9duit : reste comme avant \u00e0 2.5%<\/li>\n<\/ul>\n<p>Les effets d\u00e9taill\u00e9s de la modification des taux d'imposition peuvent \u00eatre observ\u00e9s dans le tableau ci-dessous. <a class=\"icon icon--after icon--external\" href=\"https:\/\/www.gate.estv.admin.ch\/mwst-webpublikationen\/public\/MI\/19\" target=\"_blank\" rel=\"noopener\">Info TVA 19 Changement de taux d'imposition au 1er janvier 2018<\/a> de la TVA. Dans tous les cas, il est recommand\u00e9 de facturer autant que possible au 31.12.2017 avec le taux de TVA actuellement en vigueur afin d'\u00e9viter des compensations fastidieuses avec les nouveaux taux de TVA l'ann\u00e9e prochaine.<\/p>\n<p>La r\u00e9vision partielle de la LTVA suisse entrera \u00e9galement en vigueur le 1er janvier 2018. Si celle-ci n'apporte pas de changements majeurs pour les entreprises suisses, elle a surtout des cons\u00e9quences pour l'assujettissement des entreprises \u00e9trang\u00e8res. Ainsi, d'une part, pour l'assujettissement \u00e0 l'imp\u00f4t d'une entreprise \u00e9trang\u00e8re qui effectue des livraisons ou fournit des prestations de t\u00e9l\u00e9communication et \u00e9lectroniques \u00e0 des consommateurs finaux en Suisse, ce n'est plus seulement le chiffre d'affaires r\u00e9alis\u00e9 en Suisse qui est d\u00e9terminant, mais le chiffre d'affaires mondial. Si une entreprise r\u00e9alise avec de telles prestations un chiffre d'affaires inf\u00e9rieur \u00e0 CHF 100'000 en Suisse mais d'au moins CHF 100'000 dans le monde entier, elle sera d\u00e9sormais assujettie \u00e0 la TVA d\u00e8s le premier franc de chiffre d'affaires r\u00e9alis\u00e9 en Suisse. D'autre part, les envois de faible valeur restent exon\u00e9r\u00e9s de l'imp\u00f4t \u00e0 l'importation. Cependant, sous la nouvelle LTVA, les commer\u00e7ants (en ligne) qui r\u00e9alisent un chiffre d'affaires annuel de plus de CHF 100'000 avec de telles livraisons en Suisse seront assujettis \u00e0 la TVA. Cela signifie qu'ils devront facturer ces livraisons avec la TVA suisse.<\/p>","protected":false},"excerpt":{"rendered":"<p>Am Sonntag, 24. September 2017, haben die Schweizer Stimmberechtigten die Vorlage \u00abAltersvorsorge 2020\u00bb an der Urne abgelehnt. Deswegen sinken die MWST-S\u00e4tze ab dem 1. Januar 2018. Denn Ende 2017 l\u00e4uft die Zusatzfinanzierung der IV durch die MWST um 0,4 MWST-Prozentpunkte aus. Gleichzeitig erh\u00f6hen sich per 1. Januar 2018 die MWST-S\u00e4tze um 0,1 Prozentpunkte aufgrund der [&hellip;]<\/p>\n","protected":false},"author":4,"featured_media":2686,"comment_status":"open","ping_status":"open","sticky":false,"template":"","format":"standard","meta":{"_acf_changed":false,"_yoast_wpseo_focuskw":"Mehrwertsteuersatz","_yoast_wpseo_metadesc":"Die Ablehnung der Reform der Altersvorsorge hat auch Folgen auf einem Nebenschauplatz: Ab 1.1.2018 gilt n\u00e4mlich ein tieferer Mehrwertsteuersatz.","articlekey":"","footnotes":""},"categories":[24],"tags":[94,202,343,496],"class_list":["post-2685","post","type-post","status-publish","format-standard","has-post-thumbnail","hentry","category-finanzen_recht","tag-buchhaltung","tag-finanzenrecht","tag-mehrwertsteuer","tag-unternehmensfuehrung"],"acf":[],"yoast_head":"<!-- This site is optimized with the Yoast SEO plugin v27.5 - https:\/\/yoast.com\/product\/yoast-seo-wordpress\/ -->\n<title>Nicht vergessen: Tieferer Mehrwertsteuersatz ab 1.1.2018 - Organisator<\/title>\n<meta name=\"description\" content=\"Die Ablehnung der Reform der Altersvorsorge hat auch Folgen auf einem Nebenschauplatz: Ab 1.1.2018 gilt n\u00e4mlich ein tieferer Mehrwertsteuersatz.\" \/>\n<meta name=\"robots\" content=\"index, follow, max-snippet:-1, max-image-preview:large, max-video-preview:-1\" \/>\n<link rel=\"canonical\" href=\"https:\/\/www.organisator.ch\/fr\/gestion-2\/finanzen_recht\/2017-11-09\/nicht-vergessen-tieferer-mehrwertsteuersatz-ab-1-1-2018\/\" \/>\n<meta property=\"og:locale\" content=\"fr_FR\" \/>\n<meta property=\"og:type\" content=\"article\" \/>\n<meta property=\"og:title\" content=\"Nicht vergessen: Tieferer Mehrwertsteuersatz ab 1.1.2018\" \/>\n<meta property=\"og:description\" content=\"Die Ablehnung der Reform der #Altersvorsorge hat auch Folgen auf einem Nebenschauplatz: Ab 1.1.2018 gilt n\u00e4mlich ein tieferer #Mehrwertsteuersatz.\" \/>\n<meta property=\"og:url\" content=\"https:\/\/www.organisator.ch\/fr\/gestion-2\/finanzen_recht\/2017-11-09\/nicht-vergessen-tieferer-mehrwertsteuersatz-ab-1-1-2018\/\" \/>\n<meta property=\"og:site_name\" content=\"Organisator\" \/>\n<meta property=\"article:publisher\" content=\"https:\/\/www.facebook.com\/OrganisatorFachmagazin\" \/>\n<meta property=\"article:published_time\" content=\"2017-11-09T07:58:46+00:00\" \/>\n<meta property=\"og:image\" content=\"https:\/\/www.organisator.ch\/wp-content\/uploads\/2017\/11\/Nicht-vergessen-Tieferer-Mehrwertsteuersatz-ab-1.1.2018_Organisator.jpg\" \/>\n\t<meta property=\"og:image:width\" content=\"640\" \/>\n\t<meta property=\"og:image:height\" content=\"372\" \/>\n\t<meta property=\"og:image:type\" content=\"image\/jpeg\" \/>\n<meta name=\"author\" content=\"thomas.berner\" \/>\n<meta name=\"twitter:card\" content=\"summary_large_image\" \/>\n<meta name=\"twitter:title\" content=\"Nicht vergessen: Tieferer Mehrwertsteuersatz ab 1.1.2018\" \/>\n<meta name=\"twitter:description\" content=\"Die Ablehnung der Reform der #Altersvorsorge hat auch Folgen auf einem Nebenschauplatz: Ab 1.1.2018 gilt n\u00e4mlich ein tieferer #Mehrwertsteuersatz.\" \/>\n<meta name=\"twitter:image\" content=\"https:\/\/www.organisator.ch\/wp-content\/uploads\/2017\/11\/Nicht-vergessen-Tieferer-Mehrwertsteuersatz-ab-1.1.2018_Organisator.jpg\" \/>\n<script type=\"application\/ld+json\" class=\"yoast-schema-graph\">{\"@context\":\"https:\\\/\\\/schema.org\",\"@graph\":[{\"@type\":\"Article\",\"@id\":\"https:\\\/\\\/www.organisator.ch\\\/management\\\/finanzen_recht\\\/2017-11-09\\\/nicht-vergessen-tieferer-mehrwertsteuersatz-ab-1-1-2018\\\/#article\",\"isPartOf\":{\"@id\":\"https:\\\/\\\/www.organisator.ch\\\/management\\\/finanzen_recht\\\/2017-11-09\\\/nicht-vergessen-tieferer-mehrwertsteuersatz-ab-1-1-2018\\\/\"},\"author\":{\"name\":\"thomas.berner\",\"@id\":\"https:\\\/\\\/www.organisator.ch\\\/#\\\/schema\\\/person\\\/6f650f90b2842cd4c0cc334b4e36f67e\"},\"headline\":\"Nicht vergessen: Tieferer Mehrwertsteuersatz ab 1.1.2018\",\"datePublished\":\"2017-11-09T07:58:46+00:00\",\"mainEntityOfPage\":{\"@id\":\"https:\\\/\\\/www.organisator.ch\\\/management\\\/finanzen_recht\\\/2017-11-09\\\/nicht-vergessen-tieferer-mehrwertsteuersatz-ab-1-1-2018\\\/\"},\"wordCount\":328,\"commentCount\":0,\"publisher\":{\"@id\":\"https:\\\/\\\/www.organisator.ch\\\/#organization\"},\"image\":{\"@id\":\"https:\\\/\\\/www.organisator.ch\\\/management\\\/finanzen_recht\\\/2017-11-09\\\/nicht-vergessen-tieferer-mehrwertsteuersatz-ab-1-1-2018\\\/#primaryimage\"},\"thumbnailUrl\":\"https:\\\/\\\/www.organisator.ch\\\/wp-content\\\/uploads\\\/2017\\\/11\\\/Nicht-vergessen-Tieferer-Mehrwertsteuersatz-ab-1.1.2018_Organisator.jpg\",\"keywords\":[\"Buchhaltung\",\"Finanzen\\\/Recht\",\"Mehrwertsteuer\",\"Unternehmensf\u00fchrung\"],\"articleSection\":[\"FINANZEN\\\/RECHT\"],\"inLanguage\":\"fr-FR\"},{\"@type\":\"WebPage\",\"@id\":\"https:\\\/\\\/www.organisator.ch\\\/management\\\/finanzen_recht\\\/2017-11-09\\\/nicht-vergessen-tieferer-mehrwertsteuersatz-ab-1-1-2018\\\/\",\"url\":\"https:\\\/\\\/www.organisator.ch\\\/management\\\/finanzen_recht\\\/2017-11-09\\\/nicht-vergessen-tieferer-mehrwertsteuersatz-ab-1-1-2018\\\/\",\"name\":\"Nicht vergessen: Tieferer Mehrwertsteuersatz ab 1.1.2018 - Organisator\",\"isPartOf\":{\"@id\":\"https:\\\/\\\/www.organisator.ch\\\/#website\"},\"primaryImageOfPage\":{\"@id\":\"https:\\\/\\\/www.organisator.ch\\\/management\\\/finanzen_recht\\\/2017-11-09\\\/nicht-vergessen-tieferer-mehrwertsteuersatz-ab-1-1-2018\\\/#primaryimage\"},\"image\":{\"@id\":\"https:\\\/\\\/www.organisator.ch\\\/management\\\/finanzen_recht\\\/2017-11-09\\\/nicht-vergessen-tieferer-mehrwertsteuersatz-ab-1-1-2018\\\/#primaryimage\"},\"thumbnailUrl\":\"https:\\\/\\\/www.organisator.ch\\\/wp-content\\\/uploads\\\/2017\\\/11\\\/Nicht-vergessen-Tieferer-Mehrwertsteuersatz-ab-1.1.2018_Organisator.jpg\",\"datePublished\":\"2017-11-09T07:58:46+00:00\",\"description\":\"Die Ablehnung der Reform der Altersvorsorge hat auch Folgen auf einem Nebenschauplatz: Ab 1.1.2018 gilt n\u00e4mlich ein tieferer Mehrwertsteuersatz.\",\"breadcrumb\":{\"@id\":\"https:\\\/\\\/www.organisator.ch\\\/management\\\/finanzen_recht\\\/2017-11-09\\\/nicht-vergessen-tieferer-mehrwertsteuersatz-ab-1-1-2018\\\/#breadcrumb\"},\"inLanguage\":\"fr-FR\",\"potentialAction\":[{\"@type\":\"ReadAction\",\"target\":[\"https:\\\/\\\/www.organisator.ch\\\/management\\\/finanzen_recht\\\/2017-11-09\\\/nicht-vergessen-tieferer-mehrwertsteuersatz-ab-1-1-2018\\\/\"]}]},{\"@type\":\"ImageObject\",\"inLanguage\":\"fr-FR\",\"@id\":\"https:\\\/\\\/www.organisator.ch\\\/management\\\/finanzen_recht\\\/2017-11-09\\\/nicht-vergessen-tieferer-mehrwertsteuersatz-ab-1-1-2018\\\/#primaryimage\",\"url\":\"https:\\\/\\\/www.organisator.ch\\\/wp-content\\\/uploads\\\/2017\\\/11\\\/Nicht-vergessen-Tieferer-Mehrwertsteuersatz-ab-1.1.2018_Organisator.jpg\",\"contentUrl\":\"https:\\\/\\\/www.organisator.ch\\\/wp-content\\\/uploads\\\/2017\\\/11\\\/Nicht-vergessen-Tieferer-Mehrwertsteuersatz-ab-1.1.2018_Organisator.jpg\",\"width\":640,\"height\":372,\"caption\":\"Ein Mehrwertsteuersatz von 16 Prozent? Nicht in der Schweiz... Da sinkt die MWST per 1.1.2018 von 8 auf 7,7 Prozent. (Bild: Fotolia).\"},{\"@type\":\"BreadcrumbList\",\"@id\":\"https:\\\/\\\/www.organisator.ch\\\/management\\\/finanzen_recht\\\/2017-11-09\\\/nicht-vergessen-tieferer-mehrwertsteuersatz-ab-1-1-2018\\\/#breadcrumb\",\"itemListElement\":[{\"@type\":\"ListItem\",\"position\":1,\"name\":\"Home\",\"item\":\"https:\\\/\\\/www.organisator.ch\\\/\"},{\"@type\":\"ListItem\",\"position\":2,\"name\":\"Nicht vergessen: Tieferer Mehrwertsteuersatz ab 1.1.2018\"}]},{\"@type\":\"WebSite\",\"@id\":\"https:\\\/\\\/www.organisator.ch\\\/#website\",\"url\":\"https:\\\/\\\/www.organisator.ch\\\/\",\"name\":\"Organisator\",\"description\":\"Kompetent. Praxisnah. Der ORGANISATOR bereitet in 10 Ausgaben pro Jahr die wesentlichen Themen f\u00fcr F\u00fchrungskr\u00e4fte von KMU auf.\",\"publisher\":{\"@id\":\"https:\\\/\\\/www.organisator.ch\\\/#organization\"},\"potentialAction\":[{\"@type\":\"SearchAction\",\"target\":{\"@type\":\"EntryPoint\",\"urlTemplate\":\"https:\\\/\\\/www.organisator.ch\\\/?s={search_term_string}\"},\"query-input\":{\"@type\":\"PropertyValueSpecification\",\"valueRequired\":true,\"valueName\":\"search_term_string\"}}],\"inLanguage\":\"fr-FR\"},{\"@type\":\"Organization\",\"@id\":\"https:\\\/\\\/www.organisator.ch\\\/#organization\",\"name\":\"Organisator\",\"url\":\"https:\\\/\\\/www.organisator.ch\\\/\",\"logo\":{\"@type\":\"ImageObject\",\"inLanguage\":\"fr-FR\",\"@id\":\"https:\\\/\\\/www.organisator.ch\\\/#\\\/schema\\\/logo\\\/image\\\/\",\"url\":\"https:\\\/\\\/www.organisator.ch\\\/wp-content\\\/uploads\\\/2022\\\/01\\\/Logo_Organisator_Website.png\",\"contentUrl\":\"https:\\\/\\\/www.organisator.ch\\\/wp-content\\\/uploads\\\/2022\\\/01\\\/Logo_Organisator_Website.png\",\"width\":800,\"height\":77,\"caption\":\"Organisator\"},\"image\":{\"@id\":\"https:\\\/\\\/www.organisator.ch\\\/#\\\/schema\\\/logo\\\/image\\\/\"},\"sameAs\":[\"https:\\\/\\\/www.facebook.com\\\/OrganisatorFachmagazin\",\"https:\\\/\\\/www.linkedin.com\\\/showcase\\\/organisator-das-magazin-fr-kmu\",\"https:\\\/\\\/www.xing.com\\\/news\\\/pages\\\/organisator-ch-695\",\"https:\\\/\\\/www.youtube.com\\\/channel\\\/UCGP2Sq0iWaZwT3BdIAQFYpw\"]},{\"@type\":\"Person\",\"@id\":\"https:\\\/\\\/www.organisator.ch\\\/#\\\/schema\\\/person\\\/6f650f90b2842cd4c0cc334b4e36f67e\",\"name\":\"thomas.berner\",\"image\":{\"@type\":\"ImageObject\",\"inLanguage\":\"fr-FR\",\"@id\":\"https:\\\/\\\/secure.gravatar.com\\\/avatar\\\/ac5001d2a36cb6c6cd3e50789007ffca834b477b74a2144564522e944eabff61?s=96&d=mm&r=g\",\"url\":\"https:\\\/\\\/secure.gravatar.com\\\/avatar\\\/ac5001d2a36cb6c6cd3e50789007ffca834b477b74a2144564522e944eabff61?s=96&d=mm&r=g\",\"contentUrl\":\"https:\\\/\\\/secure.gravatar.com\\\/avatar\\\/ac5001d2a36cb6c6cd3e50789007ffca834b477b74a2144564522e944eabff61?s=96&d=mm&r=g\",\"caption\":\"thomas.berner\"},\"url\":\"https:\\\/\\\/www.organisator.ch\\\/fr\\\/author\\\/thomas-berner\\\/\"}]}<\/script>\n<!-- \/ Yoast SEO plugin. -->","yoast_head_json":{"title":"Ne pas oublier de le faire : Taux de TVA plus bas \u00e0 partir du 1.1.2018 - Organisateur","description":"Le rejet de la r\u00e9forme de la pr\u00e9voyance vieillesse a \u00e9galement des cons\u00e9quences sur un plan secondaire : un taux de TVA plus bas sera en effet appliqu\u00e9 \u00e0 partir du 1er janvier 2018.","robots":{"index":"index","follow":"follow","max-snippet":"max-snippet:-1","max-image-preview":"max-image-preview:large","max-video-preview":"max-video-preview:-1"},"canonical":"https:\/\/www.organisator.ch\/fr\/gestion-2\/finanzen_recht\/2017-11-09\/nicht-vergessen-tieferer-mehrwertsteuersatz-ab-1-1-2018\/","og_locale":"fr_FR","og_type":"article","og_title":"Nicht vergessen: Tieferer Mehrwertsteuersatz ab 1.1.2018","og_description":"Die Ablehnung der Reform der #Altersvorsorge hat auch Folgen auf einem Nebenschauplatz: Ab 1.1.2018 gilt n\u00e4mlich ein tieferer #Mehrwertsteuersatz.","og_url":"https:\/\/www.organisator.ch\/fr\/gestion-2\/finanzen_recht\/2017-11-09\/nicht-vergessen-tieferer-mehrwertsteuersatz-ab-1-1-2018\/","og_site_name":"Organisator","article_publisher":"https:\/\/www.facebook.com\/OrganisatorFachmagazin","article_published_time":"2017-11-09T07:58:46+00:00","og_image":[{"width":640,"height":372,"url":"https:\/\/www.organisator.ch\/wp-content\/uploads\/2017\/11\/Nicht-vergessen-Tieferer-Mehrwertsteuersatz-ab-1.1.2018_Organisator.jpg","type":"image\/jpeg"}],"author":"thomas.berner","twitter_card":"summary_large_image","twitter_title":"Nicht vergessen: Tieferer Mehrwertsteuersatz ab 1.1.2018","twitter_description":"Die Ablehnung der Reform der #Altersvorsorge hat auch Folgen auf einem Nebenschauplatz: Ab 1.1.2018 gilt n\u00e4mlich ein tieferer #Mehrwertsteuersatz.","twitter_image":"https:\/\/www.organisator.ch\/wp-content\/uploads\/2017\/11\/Nicht-vergessen-Tieferer-Mehrwertsteuersatz-ab-1.1.2018_Organisator.jpg","schema":{"@context":"https:\/\/schema.org","@graph":[{"@type":"Article","@id":"https:\/\/www.organisator.ch\/management\/finanzen_recht\/2017-11-09\/nicht-vergessen-tieferer-mehrwertsteuersatz-ab-1-1-2018\/#article","isPartOf":{"@id":"https:\/\/www.organisator.ch\/management\/finanzen_recht\/2017-11-09\/nicht-vergessen-tieferer-mehrwertsteuersatz-ab-1-1-2018\/"},"author":{"name":"thomas.berner","@id":"https:\/\/www.organisator.ch\/#\/schema\/person\/6f650f90b2842cd4c0cc334b4e36f67e"},"headline":"Nicht vergessen: Tieferer Mehrwertsteuersatz ab 1.1.2018","datePublished":"2017-11-09T07:58:46+00:00","mainEntityOfPage":{"@id":"https:\/\/www.organisator.ch\/management\/finanzen_recht\/2017-11-09\/nicht-vergessen-tieferer-mehrwertsteuersatz-ab-1-1-2018\/"},"wordCount":328,"commentCount":0,"publisher":{"@id":"https:\/\/www.organisator.ch\/#organization"},"image":{"@id":"https:\/\/www.organisator.ch\/management\/finanzen_recht\/2017-11-09\/nicht-vergessen-tieferer-mehrwertsteuersatz-ab-1-1-2018\/#primaryimage"},"thumbnailUrl":"https:\/\/www.organisator.ch\/wp-content\/uploads\/2017\/11\/Nicht-vergessen-Tieferer-Mehrwertsteuersatz-ab-1.1.2018_Organisator.jpg","keywords":["Buchhaltung","Finanzen\/Recht","Mehrwertsteuer","Unternehmensf\u00fchrung"],"articleSection":["FINANZEN\/RECHT"],"inLanguage":"fr-FR"},{"@type":"WebPage","@id":"https:\/\/www.organisator.ch\/management\/finanzen_recht\/2017-11-09\/nicht-vergessen-tieferer-mehrwertsteuersatz-ab-1-1-2018\/","url":"https:\/\/www.organisator.ch\/management\/finanzen_recht\/2017-11-09\/nicht-vergessen-tieferer-mehrwertsteuersatz-ab-1-1-2018\/","name":"Ne pas oublier de le faire : Taux de TVA plus bas \u00e0 partir du 1.1.2018 - Organisateur","isPartOf":{"@id":"https:\/\/www.organisator.ch\/#website"},"primaryImageOfPage":{"@id":"https:\/\/www.organisator.ch\/management\/finanzen_recht\/2017-11-09\/nicht-vergessen-tieferer-mehrwertsteuersatz-ab-1-1-2018\/#primaryimage"},"image":{"@id":"https:\/\/www.organisator.ch\/management\/finanzen_recht\/2017-11-09\/nicht-vergessen-tieferer-mehrwertsteuersatz-ab-1-1-2018\/#primaryimage"},"thumbnailUrl":"https:\/\/www.organisator.ch\/wp-content\/uploads\/2017\/11\/Nicht-vergessen-Tieferer-Mehrwertsteuersatz-ab-1.1.2018_Organisator.jpg","datePublished":"2017-11-09T07:58:46+00:00","description":"Le rejet de la r\u00e9forme de la pr\u00e9voyance vieillesse a \u00e9galement des cons\u00e9quences sur un plan secondaire : un taux de TVA plus bas sera en effet appliqu\u00e9 \u00e0 partir du 1er janvier 2018.","breadcrumb":{"@id":"https:\/\/www.organisator.ch\/management\/finanzen_recht\/2017-11-09\/nicht-vergessen-tieferer-mehrwertsteuersatz-ab-1-1-2018\/#breadcrumb"},"inLanguage":"fr-FR","potentialAction":[{"@type":"ReadAction","target":["https:\/\/www.organisator.ch\/management\/finanzen_recht\/2017-11-09\/nicht-vergessen-tieferer-mehrwertsteuersatz-ab-1-1-2018\/"]}]},{"@type":"ImageObject","inLanguage":"fr-FR","@id":"https:\/\/www.organisator.ch\/management\/finanzen_recht\/2017-11-09\/nicht-vergessen-tieferer-mehrwertsteuersatz-ab-1-1-2018\/#primaryimage","url":"https:\/\/www.organisator.ch\/wp-content\/uploads\/2017\/11\/Nicht-vergessen-Tieferer-Mehrwertsteuersatz-ab-1.1.2018_Organisator.jpg","contentUrl":"https:\/\/www.organisator.ch\/wp-content\/uploads\/2017\/11\/Nicht-vergessen-Tieferer-Mehrwertsteuersatz-ab-1.1.2018_Organisator.jpg","width":640,"height":372,"caption":"Ein Mehrwertsteuersatz von 16 Prozent? Nicht in der Schweiz... Da sinkt die MWST per 1.1.2018 von 8 auf 7,7 Prozent. (Bild: Fotolia)."},{"@type":"BreadcrumbList","@id":"https:\/\/www.organisator.ch\/management\/finanzen_recht\/2017-11-09\/nicht-vergessen-tieferer-mehrwertsteuersatz-ab-1-1-2018\/#breadcrumb","itemListElement":[{"@type":"ListItem","position":1,"name":"Home","item":"https:\/\/www.organisator.ch\/"},{"@type":"ListItem","position":2,"name":"Nicht vergessen: Tieferer Mehrwertsteuersatz ab 1.1.2018"}]},{"@type":"WebSite","@id":"https:\/\/www.organisator.ch\/#website","url":"https:\/\/www.organisator.ch\/","name":"Organisateur","description":"Comp\u00e9tence et comp\u00e9tence. Proches de la pratique. L'ORGANISATEUR pr\u00e9pare 10 num\u00e9ros par an sur les th\u00e8mes essentiels pour les dirigeants de PME.","publisher":{"@id":"https:\/\/www.organisator.ch\/#organization"},"potentialAction":[{"@type":"SearchAction","target":{"@type":"EntryPoint","urlTemplate":"https:\/\/www.organisator.ch\/?s={search_term_string}"},"query-input":{"@type":"PropertyValueSpecification","valueRequired":true,"valueName":"search_term_string"}}],"inLanguage":"fr-FR"},{"@type":"Organization","@id":"https:\/\/www.organisator.ch\/#organization","name":"Organisateur","url":"https:\/\/www.organisator.ch\/","logo":{"@type":"ImageObject","inLanguage":"fr-FR","@id":"https:\/\/www.organisator.ch\/#\/schema\/logo\/image\/","url":"https:\/\/www.organisator.ch\/wp-content\/uploads\/2022\/01\/Logo_Organisator_Website.png","contentUrl":"https:\/\/www.organisator.ch\/wp-content\/uploads\/2022\/01\/Logo_Organisator_Website.png","width":800,"height":77,"caption":"Organisator"},"image":{"@id":"https:\/\/www.organisator.ch\/#\/schema\/logo\/image\/"},"sameAs":["https:\/\/www.facebook.com\/OrganisatorFachmagazin","https:\/\/www.linkedin.com\/showcase\/organisator-das-magazin-fr-kmu","https:\/\/www.xing.com\/news\/pages\/organisator-ch-695","https:\/\/www.youtube.com\/channel\/UCGP2Sq0iWaZwT3BdIAQFYpw"]},{"@type":"Person","@id":"https:\/\/www.organisator.ch\/#\/schema\/person\/6f650f90b2842cd4c0cc334b4e36f67e","name":"thomas.berner","image":{"@type":"ImageObject","inLanguage":"fr-FR","@id":"https:\/\/secure.gravatar.com\/avatar\/ac5001d2a36cb6c6cd3e50789007ffca834b477b74a2144564522e944eabff61?s=96&d=mm&r=g","url":"https:\/\/secure.gravatar.com\/avatar\/ac5001d2a36cb6c6cd3e50789007ffca834b477b74a2144564522e944eabff61?s=96&d=mm&r=g","contentUrl":"https:\/\/secure.gravatar.com\/avatar\/ac5001d2a36cb6c6cd3e50789007ffca834b477b74a2144564522e944eabff61?s=96&d=mm&r=g","caption":"thomas.berner"},"url":"https:\/\/www.organisator.ch\/fr\/author\/thomas-berner\/"}]}},"_links":{"self":[{"href":"https:\/\/www.organisator.ch\/fr\/wp-json\/wp\/v2\/posts\/2685","targetHints":{"allow":["GET"]}}],"collection":[{"href":"https:\/\/www.organisator.ch\/fr\/wp-json\/wp\/v2\/posts"}],"about":[{"href":"https:\/\/www.organisator.ch\/fr\/wp-json\/wp\/v2\/types\/post"}],"author":[{"embeddable":true,"href":"https:\/\/www.organisator.ch\/fr\/wp-json\/wp\/v2\/users\/4"}],"replies":[{"embeddable":true,"href":"https:\/\/www.organisator.ch\/fr\/wp-json\/wp\/v2\/comments?post=2685"}],"version-history":[{"count":0,"href":"https:\/\/www.organisator.ch\/fr\/wp-json\/wp\/v2\/posts\/2685\/revisions"}],"wp:featuredmedia":[{"embeddable":true,"href":"https:\/\/www.organisator.ch\/fr\/wp-json\/wp\/v2\/media\/2686"}],"wp:attachment":[{"href":"https:\/\/www.organisator.ch\/fr\/wp-json\/wp\/v2\/media?parent=2685"}],"wp:term":[{"taxonomy":"category","embeddable":true,"href":"https:\/\/www.organisator.ch\/fr\/wp-json\/wp\/v2\/categories?post=2685"},{"taxonomy":"post_tag","embeddable":true,"href":"https:\/\/www.organisator.ch\/fr\/wp-json\/wp\/v2\/tags?post=2685"}],"curies":[{"name":"wp","href":"https:\/\/api.w.org\/{rel}","templated":true}]}}