{"id":26853,"date":"2024-04-30T13:34:43","date_gmt":"2024-04-30T11:34:43","guid":{"rendered":"https:\/\/www.organisator.ch\/?p=26853"},"modified":"2024-04-30T16:21:02","modified_gmt":"2024-04-30T14:21:02","slug":"findependent-erreicht-meilensteine-bei-kundenzahl-und-vermoegen","status":"publish","type":"post","link":"https:\/\/www.organisator.ch\/fr\/management\/2024-04-30\/findependent-erreicht-meilensteine-bei-kundenzahl-und-vermoegen\/","title":{"rendered":"Findependent franchit des \u00e9tapes importantes en termes de nombre de clients et d'actifs"},"content":{"rendered":"<p>Fin f\u00e9vrier, l'application de placement de findependent a f\u00eat\u00e9 son troisi\u00e8me anniversaire. Peu apr\u00e8s, le 10'000e client pla\u00e7ant son argent chez findependent a \u00e9t\u00e9 accueilli.<\/p>\n<figure id=\"attachment_26854\" aria-describedby=\"caption-attachment-26854\" style=\"width: 680px\" class=\"wp-caption alignnone\"><img loading=\"lazy\" decoding=\"async\" class=\"size-full wp-image-26854\" src=\"https:\/\/www.organisator.ch\/wp-content\/uploads\/2024\/04\/Findependent-Grafik_Bild1_ps.jpg\" alt=\"\" width=\"680\" height=\"414\" srcset=\"https:\/\/www.organisator.ch\/wp-content\/uploads\/2024\/04\/Findependent-Grafik_Bild1_ps.jpg 680w, https:\/\/www.organisator.ch\/wp-content\/uploads\/2024\/04\/Findependent-Grafik_Bild1_ps-18x12.jpg 18w, https:\/\/www.organisator.ch\/wp-content\/uploads\/2024\/04\/Findependent-Grafik_Bild1_ps-375x228.jpg 375w, https:\/\/www.organisator.ch\/wp-content\/uploads\/2024\/04\/Findependent-Grafik_Bild1_ps-575x350.jpg 575w\" sizes=\"auto, (max-width: 680px) 100vw, 680px\" \/><figcaption id=\"caption-attachment-26854\" class=\"wp-caption-text\">(Image : www.findependent.ch)<\/figcaption><\/figure>\n<p>\"La croissance accentu\u00e9e de ces derniers mois n'est pas seulement due \u00e0 l'environnement de march\u00e9 favorable, elle est aussi l'expression d'une confiance accrue en nous en tant que gestionnaire de fortune. Les trois quarts des afflux mensuels de fonds proviennent de clients existants\", explique Matthias Bryner, CEO et fondateur de findependent.<\/p>\n<p>Non seulement le nombre de clientes a fortement augment\u00e9, mais la fortune moyenne investie a \u00e9galement progress\u00e9 de mani\u00e8re significative, doublant au cours des 18 derniers mois pour atteindre 10 500 francs. Pour chaque cliente, findependent g\u00e8re les premiers 2'000 francs au moins sans frais \u00e0 vie. \"La phase de test convainc les clientes et cr\u00e9e un climat de confiance\", affirme Bryner avec conviction. Gr\u00e2ce \u00e0 cette confiance accrue, la valeur des actifs g\u00e9r\u00e9s a d\u00e9pass\u00e9 les 100 millions de francs suisses en avril.<\/p>\n<figure id=\"attachment_26855\" aria-describedby=\"caption-attachment-26855\" style=\"width: 680px\" class=\"wp-caption alignnone\"><img loading=\"lazy\" decoding=\"async\" class=\"size-full wp-image-26855\" src=\"https:\/\/www.organisator.ch\/wp-content\/uploads\/2024\/04\/Matthias-Bryner_Bild1_ps.jpg\" alt=\"\" width=\"680\" height=\"696\" srcset=\"https:\/\/www.organisator.ch\/wp-content\/uploads\/2024\/04\/Matthias-Bryner_Bild1_ps.jpg 680w, https:\/\/www.organisator.ch\/wp-content\/uploads\/2024\/04\/Matthias-Bryner_Bild1_ps-12x12.jpg 12w, https:\/\/www.organisator.ch\/wp-content\/uploads\/2024\/04\/Matthias-Bryner_Bild1_ps-293x300.jpg 293w, https:\/\/www.organisator.ch\/wp-content\/uploads\/2024\/04\/Matthias-Bryner_Bild1_ps-342x350.jpg 342w\" sizes=\"auto, (max-width: 680px) 100vw, 680px\" \/><figcaption id=\"caption-attachment-26855\" class=\"wp-caption-text\">Matthias Bryner - CEO et fondateur de findependent. (Image : www.findependent.ch)<\/figcaption><\/figure>\n<p>Malgr\u00e9 le seuil d'entr\u00e9e tr\u00e8s bas de 500 francs, de plus en plus de clients placent des valeurs patrimoniales plus importantes avec findependent. Avec un montant de placement sup\u00e9rieur \u00e0 50'000 francs, ils b\u00e9n\u00e9ficient de frais r\u00e9duits suppl\u00e9mentaires (0.33%-0.42%), tandis que les 0.44% par an repr\u00e9sentent d\u00e9j\u00e0 le tarif le plus avantageux de Suisse pour la gestion de fortune.<\/p>\n<p>La solution d'investissement \u00e9quilibr\u00e9e (60% actions) de findependent affiche une performance YTD de 7.9%, tandis que la strat\u00e9gie d'actions pure est en hausse de 11.8%. Les rendements annuels \u00e0 long terme sont respectivement de 4.9% et 6.3% par an (tous les chiffres sont nets de tous frais et au 31 mars 2024).<\/p>\n<p><em>Source : <a href=\"http:\/\/www.findependent.ch\">www.findependent.ch<\/a><\/em><\/p>","protected":false},"excerpt":{"rendered":"<p>Peu apr\u00e8s son troisi\u00e8me anniversaire, la startup fintech findependent a franchi deux \u00e9tapes. D'une part, plus de 10'000 clients utilisent d\u00e9j\u00e0 l'application pour placer leur argent. D'autre part, la fortune g\u00e9r\u00e9e a franchi la barre des 100 millions de francs suisses. <\/p>","protected":false},"author":58,"featured_media":26855,"comment_status":"closed","ping_status":"closed","sticky":false,"template":"","format":"standard","meta":{"_acf_changed":false,"_yoast_wpseo_focuskw":"Meilensteine","_yoast_wpseo_metadesc":"Das Fintech-Startup findependent erreicht kurz nach dem 3-j\u00e4hrigen Geburtstag gleich zwei Meilensteine.","articlekey":"","footnotes":""},"categories":[28],"tags":[335,451,492,2643],"class_list":["post-26853","post","type-post","status-publish","format-standard","has-post-thumbnail","hentry","category-management","tag-management-und-unternehmensfuehrung","tag-startups","tag-unternehmen","tag-wachstum"],"acf":[],"yoast_head":"<!-- This site is optimized with the Yoast SEO plugin v27.4 - https:\/\/yoast.com\/product\/yoast-seo-wordpress\/ -->\n<title>Findependent erreicht Meilensteine bei Kundenzahl und Verm\u00f6gen - Organisator<\/title>\n<meta name=\"description\" content=\"Das Fintech-Startup findependent erreicht kurz nach dem 3-j\u00e4hrigen Geburtstag gleich zwei Meilensteine.\" \/>\n<meta name=\"robots\" content=\"index, follow, max-snippet:-1, max-image-preview:large, max-video-preview:-1\" \/>\n<link rel=\"canonical\" href=\"https:\/\/www.organisator.ch\/fr\/gestion-2\/2024-04-30\/findependent-erreicht-meilensteine-bei-kundenzahl-und-vermoegen\/\" \/>\n<meta property=\"og:locale\" content=\"fr_FR\" \/>\n<meta property=\"og:type\" content=\"article\" \/>\n<meta property=\"og:title\" content=\"Findependent erreicht Meilensteine bei Kundenzahl und Verm\u00f6gen\" \/>\n<meta property=\"og:description\" content=\"Das Fintech-Startup findependent erreicht kurz nach dem 3-j\u00e4hrigen Geburtstag gleich zwei Meilensteine.\" \/>\n<meta property=\"og:url\" content=\"https:\/\/www.organisator.ch\/fr\/gestion-2\/2024-04-30\/findependent-erreicht-meilensteine-bei-kundenzahl-und-vermoegen\/\" \/>\n<meta property=\"og:site_name\" content=\"Organisator\" \/>\n<meta property=\"article:publisher\" content=\"https:\/\/www.facebook.com\/OrganisatorFachmagazin\" \/>\n<meta property=\"article:published_time\" content=\"2024-04-30T11:34:43+00:00\" \/>\n<meta property=\"article:modified_time\" content=\"2024-04-30T14:21:02+00:00\" \/>\n<meta property=\"og:image\" content=\"https:\/\/www.organisator.ch\/wp-content\/uploads\/2024\/04\/Matthias-Bryner_Bild1_ps.jpg\" \/>\n\t<meta property=\"og:image:width\" content=\"680\" \/>\n\t<meta property=\"og:image:height\" content=\"696\" \/>\n\t<meta property=\"og:image:type\" content=\"image\/jpeg\" \/>\n<meta name=\"author\" content=\"Adelisa Kalajdzini\" \/>\n<meta name=\"twitter:card\" content=\"summary_large_image\" \/>\n<meta name=\"twitter:title\" content=\"Findependent erreicht Meilensteine bei Kundenzahl und Verm\u00f6gen\" \/>\n<meta name=\"twitter:description\" content=\"Das #Fintech-Startup #findependent erreicht kurz nach dem 3-j\u00e4hrigen Geburtstag gleich zwei #Meilensteine.\" \/>\n<meta name=\"twitter:image\" content=\"https:\/\/www.organisator.ch\/wp-content\/uploads\/2024\/04\/Matthias-Bryner_Bild1_ps.jpg\" \/>\n<script type=\"application\/ld+json\" class=\"yoast-schema-graph\">{\"@context\":\"https:\\\/\\\/schema.org\",\"@graph\":[{\"@type\":\"Article\",\"@id\":\"https:\\\/\\\/www.organisator.ch\\\/management\\\/2024-04-30\\\/findependent-erreicht-meilensteine-bei-kundenzahl-und-vermoegen\\\/#article\",\"isPartOf\":{\"@id\":\"https:\\\/\\\/www.organisator.ch\\\/management\\\/2024-04-30\\\/findependent-erreicht-meilensteine-bei-kundenzahl-und-vermoegen\\\/\"},\"author\":{\"name\":\"Adelisa Kalajdzini\",\"@id\":\"https:\\\/\\\/www.organisator.ch\\\/#\\\/schema\\\/person\\\/2e1314a2172123f874db408d8911d3f3\"},\"headline\":\"Findependent erreicht Meilensteine bei Kundenzahl und Verm\u00f6gen\",\"datePublished\":\"2024-04-30T11:34:43+00:00\",\"dateModified\":\"2024-04-30T14:21:02+00:00\",\"mainEntityOfPage\":{\"@id\":\"https:\\\/\\\/www.organisator.ch\\\/management\\\/2024-04-30\\\/findependent-erreicht-meilensteine-bei-kundenzahl-und-vermoegen\\\/\"},\"wordCount\":277,\"publisher\":{\"@id\":\"https:\\\/\\\/www.organisator.ch\\\/#organization\"},\"image\":{\"@id\":\"https:\\\/\\\/www.organisator.ch\\\/management\\\/2024-04-30\\\/findependent-erreicht-meilensteine-bei-kundenzahl-und-vermoegen\\\/#primaryimage\"},\"thumbnailUrl\":\"https:\\\/\\\/www.organisator.ch\\\/wp-content\\\/uploads\\\/2024\\\/04\\\/Matthias-Bryner_Bild1_ps.jpg\",\"keywords\":[\"Management und Unternehmensf\u00fchrung\",\"Startups\",\"Unternehmen\",\"Wachstum\"],\"articleSection\":[\"MANAGEMENT\"],\"inLanguage\":\"fr-FR\"},{\"@type\":\"WebPage\",\"@id\":\"https:\\\/\\\/www.organisator.ch\\\/management\\\/2024-04-30\\\/findependent-erreicht-meilensteine-bei-kundenzahl-und-vermoegen\\\/\",\"url\":\"https:\\\/\\\/www.organisator.ch\\\/management\\\/2024-04-30\\\/findependent-erreicht-meilensteine-bei-kundenzahl-und-vermoegen\\\/\",\"name\":\"Findependent erreicht Meilensteine bei Kundenzahl und Verm\u00f6gen - Organisator\",\"isPartOf\":{\"@id\":\"https:\\\/\\\/www.organisator.ch\\\/#website\"},\"primaryImageOfPage\":{\"@id\":\"https:\\\/\\\/www.organisator.ch\\\/management\\\/2024-04-30\\\/findependent-erreicht-meilensteine-bei-kundenzahl-und-vermoegen\\\/#primaryimage\"},\"image\":{\"@id\":\"https:\\\/\\\/www.organisator.ch\\\/management\\\/2024-04-30\\\/findependent-erreicht-meilensteine-bei-kundenzahl-und-vermoegen\\\/#primaryimage\"},\"thumbnailUrl\":\"https:\\\/\\\/www.organisator.ch\\\/wp-content\\\/uploads\\\/2024\\\/04\\\/Matthias-Bryner_Bild1_ps.jpg\",\"datePublished\":\"2024-04-30T11:34:43+00:00\",\"dateModified\":\"2024-04-30T14:21:02+00:00\",\"description\":\"Das Fintech-Startup findependent erreicht kurz nach dem 3-j\u00e4hrigen Geburtstag gleich zwei Meilensteine.\",\"breadcrumb\":{\"@id\":\"https:\\\/\\\/www.organisator.ch\\\/management\\\/2024-04-30\\\/findependent-erreicht-meilensteine-bei-kundenzahl-und-vermoegen\\\/#breadcrumb\"},\"inLanguage\":\"fr-FR\",\"potentialAction\":[{\"@type\":\"ReadAction\",\"target\":[\"https:\\\/\\\/www.organisator.ch\\\/management\\\/2024-04-30\\\/findependent-erreicht-meilensteine-bei-kundenzahl-und-vermoegen\\\/\"]}]},{\"@type\":\"ImageObject\",\"inLanguage\":\"fr-FR\",\"@id\":\"https:\\\/\\\/www.organisator.ch\\\/management\\\/2024-04-30\\\/findependent-erreicht-meilensteine-bei-kundenzahl-und-vermoegen\\\/#primaryimage\",\"url\":\"https:\\\/\\\/www.organisator.ch\\\/wp-content\\\/uploads\\\/2024\\\/04\\\/Matthias-Bryner_Bild1_ps.jpg\",\"contentUrl\":\"https:\\\/\\\/www.organisator.ch\\\/wp-content\\\/uploads\\\/2024\\\/04\\\/Matthias-Bryner_Bild1_ps.jpg\",\"width\":680,\"height\":696,\"caption\":\"Matthias Bryner - CEO und Gr\u00fcnder von findependent. (Bild: www.findependent.ch)\"},{\"@type\":\"BreadcrumbList\",\"@id\":\"https:\\\/\\\/www.organisator.ch\\\/management\\\/2024-04-30\\\/findependent-erreicht-meilensteine-bei-kundenzahl-und-vermoegen\\\/#breadcrumb\",\"itemListElement\":[{\"@type\":\"ListItem\",\"position\":1,\"name\":\"Home\",\"item\":\"https:\\\/\\\/www.organisator.ch\\\/\"},{\"@type\":\"ListItem\",\"position\":2,\"name\":\"Findependent erreicht Meilensteine bei Kundenzahl und Verm\u00f6gen\"}]},{\"@type\":\"WebSite\",\"@id\":\"https:\\\/\\\/www.organisator.ch\\\/#website\",\"url\":\"https:\\\/\\\/www.organisator.ch\\\/\",\"name\":\"Organisator\",\"description\":\"Kompetent. Praxisnah. Der ORGANISATOR bereitet in 10 Ausgaben pro Jahr die wesentlichen Themen f\u00fcr F\u00fchrungskr\u00e4fte von KMU auf.\",\"publisher\":{\"@id\":\"https:\\\/\\\/www.organisator.ch\\\/#organization\"},\"potentialAction\":[{\"@type\":\"SearchAction\",\"target\":{\"@type\":\"EntryPoint\",\"urlTemplate\":\"https:\\\/\\\/www.organisator.ch\\\/?s={search_term_string}\"},\"query-input\":{\"@type\":\"PropertyValueSpecification\",\"valueRequired\":true,\"valueName\":\"search_term_string\"}}],\"inLanguage\":\"fr-FR\"},{\"@type\":\"Organization\",\"@id\":\"https:\\\/\\\/www.organisator.ch\\\/#organization\",\"name\":\"Organisator\",\"url\":\"https:\\\/\\\/www.organisator.ch\\\/\",\"logo\":{\"@type\":\"ImageObject\",\"inLanguage\":\"fr-FR\",\"@id\":\"https:\\\/\\\/www.organisator.ch\\\/#\\\/schema\\\/logo\\\/image\\\/\",\"url\":\"https:\\\/\\\/www.organisator.ch\\\/wp-content\\\/uploads\\\/2022\\\/01\\\/Logo_Organisator_Website.png\",\"contentUrl\":\"https:\\\/\\\/www.organisator.ch\\\/wp-content\\\/uploads\\\/2022\\\/01\\\/Logo_Organisator_Website.png\",\"width\":800,\"height\":77,\"caption\":\"Organisator\"},\"image\":{\"@id\":\"https:\\\/\\\/www.organisator.ch\\\/#\\\/schema\\\/logo\\\/image\\\/\"},\"sameAs\":[\"https:\\\/\\\/www.facebook.com\\\/OrganisatorFachmagazin\",\"https:\\\/\\\/www.linkedin.com\\\/showcase\\\/organisator-das-magazin-fr-kmu\",\"https:\\\/\\\/www.xing.com\\\/news\\\/pages\\\/organisator-ch-695\",\"https:\\\/\\\/www.youtube.com\\\/channel\\\/UCGP2Sq0iWaZwT3BdIAQFYpw\"]},{\"@type\":\"Person\",\"@id\":\"https:\\\/\\\/www.organisator.ch\\\/#\\\/schema\\\/person\\\/2e1314a2172123f874db408d8911d3f3\",\"name\":\"Adelisa Kalajdzini\",\"image\":{\"@type\":\"ImageObject\",\"inLanguage\":\"fr-FR\",\"@id\":\"https:\\\/\\\/secure.gravatar.com\\\/avatar\\\/09a397c22ac58cad6f160ee8306348599df9df58a8ede73696226897b9fa4b24?s=96&d=mm&r=g\",\"url\":\"https:\\\/\\\/secure.gravatar.com\\\/avatar\\\/09a397c22ac58cad6f160ee8306348599df9df58a8ede73696226897b9fa4b24?s=96&d=mm&r=g\",\"contentUrl\":\"https:\\\/\\\/secure.gravatar.com\\\/avatar\\\/09a397c22ac58cad6f160ee8306348599df9df58a8ede73696226897b9fa4b24?s=96&d=mm&r=g\",\"caption\":\"Adelisa Kalajdzini\"},\"url\":\"https:\\\/\\\/www.organisator.ch\\\/fr\\\/author\\\/adelisa-kalajdzini\\\/\"}]}<\/script>\n<!-- \/ Yoast SEO plugin. -->","yoast_head_json":{"title":"Findependent atteint des \u00e9tapes importantes en termes de nombre de clients et d'actifs - Organisateur","description":"Peu apr\u00e8s son troisi\u00e8me anniversaire, la start-up fintech findependent franchit deux \u00e9tapes.","robots":{"index":"index","follow":"follow","max-snippet":"max-snippet:-1","max-image-preview":"max-image-preview:large","max-video-preview":"max-video-preview:-1"},"canonical":"https:\/\/www.organisator.ch\/fr\/gestion-2\/2024-04-30\/findependent-erreicht-meilensteine-bei-kundenzahl-und-vermoegen\/","og_locale":"fr_FR","og_type":"article","og_title":"Findependent erreicht Meilensteine bei Kundenzahl und Verm\u00f6gen","og_description":"Das Fintech-Startup findependent erreicht kurz nach dem 3-j\u00e4hrigen Geburtstag gleich zwei Meilensteine.","og_url":"https:\/\/www.organisator.ch\/fr\/gestion-2\/2024-04-30\/findependent-erreicht-meilensteine-bei-kundenzahl-und-vermoegen\/","og_site_name":"Organisator","article_publisher":"https:\/\/www.facebook.com\/OrganisatorFachmagazin","article_published_time":"2024-04-30T11:34:43+00:00","article_modified_time":"2024-04-30T14:21:02+00:00","og_image":[{"width":680,"height":696,"url":"https:\/\/www.organisator.ch\/wp-content\/uploads\/2024\/04\/Matthias-Bryner_Bild1_ps.jpg","type":"image\/jpeg"}],"author":"Adelisa Kalajdzini","twitter_card":"summary_large_image","twitter_title":"Findependent erreicht Meilensteine bei Kundenzahl und Verm\u00f6gen","twitter_description":"Das #Fintech-Startup #findependent erreicht kurz nach dem 3-j\u00e4hrigen Geburtstag gleich zwei #Meilensteine.","twitter_image":"https:\/\/www.organisator.ch\/wp-content\/uploads\/2024\/04\/Matthias-Bryner_Bild1_ps.jpg","schema":{"@context":"https:\/\/schema.org","@graph":[{"@type":"Article","@id":"https:\/\/www.organisator.ch\/management\/2024-04-30\/findependent-erreicht-meilensteine-bei-kundenzahl-und-vermoegen\/#article","isPartOf":{"@id":"https:\/\/www.organisator.ch\/management\/2024-04-30\/findependent-erreicht-meilensteine-bei-kundenzahl-und-vermoegen\/"},"author":{"name":"Adelisa Kalajdzini","@id":"https:\/\/www.organisator.ch\/#\/schema\/person\/2e1314a2172123f874db408d8911d3f3"},"headline":"Findependent erreicht Meilensteine bei Kundenzahl und Verm\u00f6gen","datePublished":"2024-04-30T11:34:43+00:00","dateModified":"2024-04-30T14:21:02+00:00","mainEntityOfPage":{"@id":"https:\/\/www.organisator.ch\/management\/2024-04-30\/findependent-erreicht-meilensteine-bei-kundenzahl-und-vermoegen\/"},"wordCount":277,"publisher":{"@id":"https:\/\/www.organisator.ch\/#organization"},"image":{"@id":"https:\/\/www.organisator.ch\/management\/2024-04-30\/findependent-erreicht-meilensteine-bei-kundenzahl-und-vermoegen\/#primaryimage"},"thumbnailUrl":"https:\/\/www.organisator.ch\/wp-content\/uploads\/2024\/04\/Matthias-Bryner_Bild1_ps.jpg","keywords":["Management und Unternehmensf\u00fchrung","Startups","Unternehmen","Wachstum"],"articleSection":["MANAGEMENT"],"inLanguage":"fr-FR"},{"@type":"WebPage","@id":"https:\/\/www.organisator.ch\/management\/2024-04-30\/findependent-erreicht-meilensteine-bei-kundenzahl-und-vermoegen\/","url":"https:\/\/www.organisator.ch\/management\/2024-04-30\/findependent-erreicht-meilensteine-bei-kundenzahl-und-vermoegen\/","name":"Findependent atteint des \u00e9tapes importantes en termes de nombre de clients et d'actifs - Organisateur","isPartOf":{"@id":"https:\/\/www.organisator.ch\/#website"},"primaryImageOfPage":{"@id":"https:\/\/www.organisator.ch\/management\/2024-04-30\/findependent-erreicht-meilensteine-bei-kundenzahl-und-vermoegen\/#primaryimage"},"image":{"@id":"https:\/\/www.organisator.ch\/management\/2024-04-30\/findependent-erreicht-meilensteine-bei-kundenzahl-und-vermoegen\/#primaryimage"},"thumbnailUrl":"https:\/\/www.organisator.ch\/wp-content\/uploads\/2024\/04\/Matthias-Bryner_Bild1_ps.jpg","datePublished":"2024-04-30T11:34:43+00:00","dateModified":"2024-04-30T14:21:02+00:00","description":"Peu apr\u00e8s son troisi\u00e8me anniversaire, la start-up fintech findependent franchit deux \u00e9tapes.","breadcrumb":{"@id":"https:\/\/www.organisator.ch\/management\/2024-04-30\/findependent-erreicht-meilensteine-bei-kundenzahl-und-vermoegen\/#breadcrumb"},"inLanguage":"fr-FR","potentialAction":[{"@type":"ReadAction","target":["https:\/\/www.organisator.ch\/management\/2024-04-30\/findependent-erreicht-meilensteine-bei-kundenzahl-und-vermoegen\/"]}]},{"@type":"ImageObject","inLanguage":"fr-FR","@id":"https:\/\/www.organisator.ch\/management\/2024-04-30\/findependent-erreicht-meilensteine-bei-kundenzahl-und-vermoegen\/#primaryimage","url":"https:\/\/www.organisator.ch\/wp-content\/uploads\/2024\/04\/Matthias-Bryner_Bild1_ps.jpg","contentUrl":"https:\/\/www.organisator.ch\/wp-content\/uploads\/2024\/04\/Matthias-Bryner_Bild1_ps.jpg","width":680,"height":696,"caption":"Matthias Bryner - CEO und Gr\u00fcnder von findependent. (Bild: www.findependent.ch)"},{"@type":"BreadcrumbList","@id":"https:\/\/www.organisator.ch\/management\/2024-04-30\/findependent-erreicht-meilensteine-bei-kundenzahl-und-vermoegen\/#breadcrumb","itemListElement":[{"@type":"ListItem","position":1,"name":"Home","item":"https:\/\/www.organisator.ch\/"},{"@type":"ListItem","position":2,"name":"Findependent erreicht Meilensteine bei Kundenzahl und Verm\u00f6gen"}]},{"@type":"WebSite","@id":"https:\/\/www.organisator.ch\/#website","url":"https:\/\/www.organisator.ch\/","name":"Organisateur","description":"Comp\u00e9tence et comp\u00e9tence. Proches de la pratique. L'ORGANISATEUR pr\u00e9pare 10 num\u00e9ros par an sur les th\u00e8mes essentiels pour les dirigeants de PME.","publisher":{"@id":"https:\/\/www.organisator.ch\/#organization"},"potentialAction":[{"@type":"SearchAction","target":{"@type":"EntryPoint","urlTemplate":"https:\/\/www.organisator.ch\/?s={search_term_string}"},"query-input":{"@type":"PropertyValueSpecification","valueRequired":true,"valueName":"search_term_string"}}],"inLanguage":"fr-FR"},{"@type":"Organization","@id":"https:\/\/www.organisator.ch\/#organization","name":"Organisateur","url":"https:\/\/www.organisator.ch\/","logo":{"@type":"ImageObject","inLanguage":"fr-FR","@id":"https:\/\/www.organisator.ch\/#\/schema\/logo\/image\/","url":"https:\/\/www.organisator.ch\/wp-content\/uploads\/2022\/01\/Logo_Organisator_Website.png","contentUrl":"https:\/\/www.organisator.ch\/wp-content\/uploads\/2022\/01\/Logo_Organisator_Website.png","width":800,"height":77,"caption":"Organisator"},"image":{"@id":"https:\/\/www.organisator.ch\/#\/schema\/logo\/image\/"},"sameAs":["https:\/\/www.facebook.com\/OrganisatorFachmagazin","https:\/\/www.linkedin.com\/showcase\/organisator-das-magazin-fr-kmu","https:\/\/www.xing.com\/news\/pages\/organisator-ch-695","https:\/\/www.youtube.com\/channel\/UCGP2Sq0iWaZwT3BdIAQFYpw"]},{"@type":"Person","@id":"https:\/\/www.organisator.ch\/#\/schema\/person\/2e1314a2172123f874db408d8911d3f3","name":"Adelisa Kalajdzini","image":{"@type":"ImageObject","inLanguage":"fr-FR","@id":"https:\/\/secure.gravatar.com\/avatar\/09a397c22ac58cad6f160ee8306348599df9df58a8ede73696226897b9fa4b24?s=96&d=mm&r=g","url":"https:\/\/secure.gravatar.com\/avatar\/09a397c22ac58cad6f160ee8306348599df9df58a8ede73696226897b9fa4b24?s=96&d=mm&r=g","contentUrl":"https:\/\/secure.gravatar.com\/avatar\/09a397c22ac58cad6f160ee8306348599df9df58a8ede73696226897b9fa4b24?s=96&d=mm&r=g","caption":"Adelisa Kalajdzini"},"url":"https:\/\/www.organisator.ch\/fr\/author\/adelisa-kalajdzini\/"}]}},"_links":{"self":[{"href":"https:\/\/www.organisator.ch\/fr\/wp-json\/wp\/v2\/posts\/26853","targetHints":{"allow":["GET"]}}],"collection":[{"href":"https:\/\/www.organisator.ch\/fr\/wp-json\/wp\/v2\/posts"}],"about":[{"href":"https:\/\/www.organisator.ch\/fr\/wp-json\/wp\/v2\/types\/post"}],"author":[{"embeddable":true,"href":"https:\/\/www.organisator.ch\/fr\/wp-json\/wp\/v2\/users\/58"}],"replies":[{"embeddable":true,"href":"https:\/\/www.organisator.ch\/fr\/wp-json\/wp\/v2\/comments?post=26853"}],"version-history":[{"count":8,"href":"https:\/\/www.organisator.ch\/fr\/wp-json\/wp\/v2\/posts\/26853\/revisions"}],"predecessor-version":[{"id":26869,"href":"https:\/\/www.organisator.ch\/fr\/wp-json\/wp\/v2\/posts\/26853\/revisions\/26869"}],"wp:featuredmedia":[{"embeddable":true,"href":"https:\/\/www.organisator.ch\/fr\/wp-json\/wp\/v2\/media\/26855"}],"wp:attachment":[{"href":"https:\/\/www.organisator.ch\/fr\/wp-json\/wp\/v2\/media?parent=26853"}],"wp:term":[{"taxonomy":"category","embeddable":true,"href":"https:\/\/www.organisator.ch\/fr\/wp-json\/wp\/v2\/categories?post=26853"},{"taxonomy":"post_tag","embeddable":true,"href":"https:\/\/www.organisator.ch\/fr\/wp-json\/wp\/v2\/tags?post=26853"}],"curies":[{"name":"wp","href":"https:\/\/api.w.org\/{rel}","templated":true}]}}