{"id":26875,"date":"2024-05-02T07:21:40","date_gmt":"2024-05-02T05:21:40","guid":{"rendered":"https:\/\/www.organisator.ch\/?p=26875"},"modified":"2024-05-01T10:25:45","modified_gmt":"2024-05-01T08:25:45","slug":"schweizer-unternehmen-sind-positiv-gestimmt-erwarten-aber-sinkende-mitarbeiterzahlen","status":"publish","type":"post","link":"https:\/\/www.organisator.ch\/fr\/management\/2024-05-02\/schweizer-unternehmen-sind-positiv-gestimmt-erwarten-aber-sinkende-mitarbeiterzahlen\/","title":{"rendered":"Les entreprises suisses sont positives, mais s'attendent \u00e0 une baisse de leurs effectifs"},"content":{"rendered":"<figure id=\"attachment_26879\" aria-describedby=\"caption-attachment-26879\" style=\"width: 680px\" class=\"wp-caption alignnone\"><img loading=\"lazy\" decoding=\"async\" class=\"wp-image-26879 size-full\" src=\"https:\/\/www.organisator.ch\/wp-content\/uploads\/2024\/05\/Deloitte_Bild1_ps.jpg\" alt=\"\" width=\"680\" height=\"454\" srcset=\"https:\/\/www.organisator.ch\/wp-content\/uploads\/2024\/05\/Deloitte_Bild1_ps.jpg 680w, https:\/\/www.organisator.ch\/wp-content\/uploads\/2024\/05\/Deloitte_Bild1_ps-18x12.jpg 18w, https:\/\/www.organisator.ch\/wp-content\/uploads\/2024\/05\/Deloitte_Bild1_ps-375x250.jpg 375w, https:\/\/www.organisator.ch\/wp-content\/uploads\/2024\/05\/Deloitte_Bild1_ps-524x350.jpg 524w\" sizes=\"auto, (max-width: 680px) 100vw, 680px\" \/><figcaption id=\"caption-attachment-26879\" class=\"wp-caption-text\">Plus de la moiti\u00e9 des personnes interrog\u00e9es (56%) ont une vision soit positive, soit tr\u00e8s positive de l'\u00e9volution conjoncturelle de la Suisse au cours des douze prochains mois. (Image : www.depositphotos.com)<\/figcaption><\/figure>\n<p>Le moral des CFO suisses semble s'\u00eatre nettement am\u00e9lior\u00e9, comme le montrent les r\u00e9sultats de la derni\u00e8re enqu\u00eate CFO men\u00e9e r\u00e9cemment par le cabinet d'audit et de conseil Deloitte Suisse. Plus de la moiti\u00e9 des personnes interrog\u00e9es (56%) ont une vision soit positive soit tr\u00e8s positive de l'\u00e9volution conjoncturelle de la Suisse au cours des douze prochains mois (vs. automne 2023 : 41%), environ 38% estiment que les attentes sont neutres. Les perspectives sont donc solidement positives, mais pas euphoriques. Les directeurs financiers suisses sont encore plus optimistes en ce qui concerne leur principal partenaire commercial, les \u00c9tats-Unis : 59 % d'entre eux (vs. automne 2023 : 41%) s'attendent \u00e0 une \u00e9volution \u00e9conomique positive ou tr\u00e8s positive aux \u00c9tats-Unis au cours des douze prochains mois.<\/p>\n<figure id=\"attachment_26877\" aria-describedby=\"caption-attachment-26877\" style=\"width: 680px\" class=\"wp-caption alignnone\"><img loading=\"lazy\" decoding=\"async\" class=\"size-full wp-image-26877\" src=\"https:\/\/www.organisator.ch\/wp-content\/uploads\/2024\/05\/Deloitte_Grafik1_ps.jpg\" alt=\"\" width=\"680\" height=\"456\" srcset=\"https:\/\/www.organisator.ch\/wp-content\/uploads\/2024\/05\/Deloitte_Grafik1_ps.jpg 680w, https:\/\/www.organisator.ch\/wp-content\/uploads\/2024\/05\/Deloitte_Grafik1_ps-18x12.jpg 18w, https:\/\/www.organisator.ch\/wp-content\/uploads\/2024\/05\/Deloitte_Grafik1_ps-375x251.jpg 375w, https:\/\/www.organisator.ch\/wp-content\/uploads\/2024\/05\/Deloitte_Grafik1_ps-522x350.jpg 522w\" sizes=\"auto, (max-width: 680px) 100vw, 680px\" \/><figcaption id=\"caption-attachment-26877\" class=\"wp-caption-text\">Pr\u00e9visions conjoncturelles pour la Suisse et principaux partenaires commerciaux de la Suisse. (Image : www.deloitte.com)<\/figcaption><\/figure>\n<p>Ces attentes positives contrastent fortement avec l'\u00e9volution \u00e9conomique attendue du deuxi\u00e8me partenaire commercial le plus important, l'Allemagne, et celle de la Chine. C'est surtout en ce qui concerne l'Allemagne que l'\u00e9valuation extr\u00eamement n\u00e9gative persiste : 66% des CFO s'attendent \u00e0 une \u00e9volution conjoncturelle n\u00e9gative ou tr\u00e8s n\u00e9gative (vs. automne 2023 : 65%). En ce qui concerne la Chine, les attentes se sont certes un peu am\u00e9lior\u00e9es, mais une grande partie des CFO interrog\u00e9s (47%) s'attendent l\u00e0 aussi \u00e0 une \u00e9volution n\u00e9gative ou tr\u00e8s n\u00e9gative (vs. automne 2023 : 65%). On voit donc se dessiner une tendance selon laquelle les perspectives pour la Suisse et d'autres partenaires commerciaux importants s'am\u00e9liorent, mais que les pr\u00e9visions pour l'Allemagne restent presque inchang\u00e9es, c'est-\u00e0-dire extr\u00eamement pessimistes.<\/p>\n<p>\"Si les pr\u00e9visions \u00e9conomiques n\u00e9gatives pour l'Allemagne se confirment, l'\u00e9conomie d'exportation suisse devra renforcer son engagement sur d'autres march\u00e9s. Les entreprises doivent d\u00e9velopper des mod\u00e8les commerciaux flexibles qui peuvent \u00eatre rapidement adapt\u00e9s \u00e0 l'\u00e9volution des conditions. Une strat\u00e9gie proactive de gestion des risques, bas\u00e9e sur la diversification et la stabilit\u00e9 financi\u00e8re, est essentielle pour r\u00e9duire notre d\u00e9pendance vis-\u00e0-vis de certains march\u00e9s\", explique Alessandro Miolo, responsable Audit &amp; Assurance chez Deloitte Suisse.<\/p>\n<h3><strong>Les directeurs financiers s'attendent \u00e0 une baisse des effectifs <\/strong><\/h3>\n<p>Les directeurs financiers sont fondamentalement optimistes, non seulement en ce qui concerne les bonnes perspectives \u00e9conomiques, mais aussi en ce qui concerne les perspectives de l'entreprise. La moiti\u00e9 (50%) d'entre eux voient l'\u00e9volution de leur propre entreprise de mani\u00e8re positive au cours des douze prochains mois, seuls 16 % sont pessimistes. Ces valeurs sont similaires \u00e0 celles obtenues lors de l'enqu\u00eate de l'automne 2023. Les CFO interrog\u00e9s sont \u00e9galement positifs en ce qui concerne les chiffres cl\u00e9s de l'entreprise : 63 pour cent s'attendent \u00e0 une augmentation du chiffre d'affaires et 39 pour cent pr\u00e9voient une hausse des marges.<\/p>\n<p>En ce qui concerne les chiffres cl\u00e9s de l'entreprise, une exception de poids se distingue toutefois : 27% des directeurs financiers s'attendent \u00e0 ce que le nombre d'employ\u00e9s de leur entreprise diminue au cours de l'ann\u00e9e \u00e0 venir, que ce soit en raison de licenciements ou de postes devenus vacants qui ne seront pas repourvus.<\/p>\n<p>Ce pourcentage est en hausse pour la deuxi\u00e8me ann\u00e9e cons\u00e9cutive. Alessandro Miolo : \"Le fait que tant d'entreprises pr\u00e9voient une baisse de leurs effectifs s'explique en partie par le fait qu'elles ne s'attendent pas \u00e0 trouver le personnel qualifi\u00e9 ad\u00e9quat dans un d\u00e9lai raisonnable. La p\u00e9nurie de main-d'\u0153uvre reste un probl\u00e8me majeur pour de nombreuses entreprises. Mais les entreprises misent aussi de plus en plus sur l'intelligence artificielle et l'automatisation. En cons\u00e9quence, cela conduit \u00e0 une moindre volont\u00e9 d'embauche et \u00e0 une diminution des effectifs\". Cette tendance se refl\u00e8te \u00e9galement dans les chiffres actuels du Secr\u00e9tariat d'\u00c9tat \u00e0 l'\u00e9conomie SECO : le nombre de postes vacants a diminu\u00e9 au cours de l'ann\u00e9e derni\u00e8re et le SECO pr\u00e9voit une l\u00e9g\u00e8re hausse du taux de ch\u00f4mage en 2024.<\/p>\n<h3><strong>Les risques g\u00e9opolitiques arrivent en t\u00eate <\/strong><\/h3>\n<p>Le conflit au Proche-Orient, la guerre en Ukraine, les tensions entre Taiwan et la Chine et l'issue incertaine des prochaines \u00e9lections pr\u00e9sidentielles am\u00e9ricaines : Le sentiment d'un monde de plus en plus incertain se refl\u00e8te \u00e9galement dans le barom\u00e8tre des principales pr\u00e9occupations des entreprises : les risques g\u00e9opolitiques ont gagn\u00e9 neuf places (par rapport \u00e0 l'automne 2023) et occupent d\u00e9sormais la premi\u00e8re place. Les pr\u00e9occupations li\u00e9es \u00e0 la faiblesse de l'\u00e9conomie ou de la demande ont l\u00e9g\u00e8rement recul\u00e9 (deuxi\u00e8me place), de m\u00eame que celles li\u00e9es \u00e0 la p\u00e9nurie de main-d'\u0153uvre (troisi\u00e8me place). M\u00eame si les intentions d'embauche vont diminuer jusqu'\u00e0 l'automne 2024, trouver du personnel qualifi\u00e9 dans un d\u00e9lai raisonnable reste un d\u00e9fi pour les entreprises.<\/p>\n<figure id=\"attachment_26878\" aria-describedby=\"caption-attachment-26878\" style=\"width: 680px\" class=\"wp-caption alignnone\"><img loading=\"lazy\" decoding=\"async\" class=\"size-full wp-image-26878\" src=\"https:\/\/www.organisator.ch\/wp-content\/uploads\/2024\/05\/Deloitte_Grafik2_ps.jpg\" alt=\"\" width=\"680\" height=\"879\" srcset=\"https:\/\/www.organisator.ch\/wp-content\/uploads\/2024\/05\/Deloitte_Grafik2_ps.jpg 680w, https:\/\/www.organisator.ch\/wp-content\/uploads\/2024\/05\/Deloitte_Grafik2_ps-9x12.jpg 9w, https:\/\/www.organisator.ch\/wp-content\/uploads\/2024\/05\/Deloitte_Grafik2_ps-232x300.jpg 232w, https:\/\/www.organisator.ch\/wp-content\/uploads\/2024\/05\/Deloitte_Grafik2_ps-271x350.jpg 271w, https:\/\/www.organisator.ch\/wp-content\/uploads\/2024\/05\/Deloitte_Grafik2_ps-619x800.jpg 619w\" sizes=\"auto, (max-width: 680px) 100vw, 680px\" \/><figcaption id=\"caption-attachment-26878\" class=\"wp-caption-text\">Risques pour les entreprises du point de vue des CFO suisses. (Image : www.deloitte.com)<\/figcaption><\/figure>\n<h3><strong>La r\u00e9glementation ESG est \u00e9galement source d'inqui\u00e9tude <\/strong><\/h3>\n<p>Le th\u00e8me de la r\u00e9glementation, qui pr\u00e9occupe de nombreux directeurs financiers, s'est hiss\u00e9 dans le top 10 et directement \u00e0 la quatri\u00e8me place. Dans ce contexte, les directeurs financiers ont cit\u00e9 pour la premi\u00e8re fois les r\u00e9glementations dans le domaine de la durabilit\u00e9 (reporting ESG). \"Le nombre croissant et la diversit\u00e9 des exigences r\u00e9glementaires entra\u00eenent non seulement une augmentation des efforts de mise en conformit\u00e9, mais aussi des co\u00fbts suppl\u00e9mentaires pour les entreprises. La mise en \u0153uvre et le suivi des r\u00e9glementations en mati\u00e8re de durabilit\u00e9, en particulier, n\u00e9cessitent des ressources et des investissements consid\u00e9rables. L'enqu\u00eate montre que cela repr\u00e9sente un conflit d'objectifs important pour de nombreux directeurs financiers, car ils doivent \u00e0 la fois assurer la conformit\u00e9 et atteindre les objectifs de l'entreprise. Dans ce paysage r\u00e9glementaire complexe et tr\u00e8s dynamique, il est donc crucial que les entreprises \u00e9tablissent une structure de gouvernance robuste et se tiennent continuellement au courant des derni\u00e8res \u00e9volutions r\u00e9glementaires afin de minimiser les risques et de saisir les opportunit\u00e9s\", classe Alessandro Miolo.<\/p>\n<p>La situation \u00e9conomique et mon\u00e9taire s'est stabilis\u00e9e pour les CFO : les risques de change et l'environnement des taux d'int\u00e9r\u00eat figurent toujours dans le top 10, mais la crainte d'une inflation persistante a disparu du classement. Les CFO s'attendent en moyenne \u00e0 un taux d'inflation stable de 1,5 % dans 12 mois et de 1,4 % dans 24 mois, ce qui est nettement inf\u00e9rieur \u00e0 la limite de 2 % et signifie donc une stabilit\u00e9 des prix.<\/p>\n<p><em>Source : <a href=\"http:\/\/www.deloitte.com\">www.deloitte.com<\/a><\/em><\/p>","protected":false},"excerpt":{"rendered":"<p>Nette \u00e9volution de l'humeur des CFO suisses : 56% d'entre eux s'attendent \u00e0 une \u00e9volution positive de l'\u00e9conomie suisse au cours des douze prochains mois, ce qui correspond \u00e0 une augmentation de 15 points de pourcentage par rapport \u00e0 l'automne 2023. C'est ce que montre la derni\u00e8re enqu\u00eate CFO de Deloitte. Les CFO se montrent \u00e9galement optimistes pour l'avenir de leur propre entreprise. Un bon quart des personnes interrog\u00e9es s'attend toutefois \u00e0 une baisse du nombre de collaborateurs dans leur propre entreprise. Les directeurs financiers regardent avec inqui\u00e9tude vers des partenaires commerciaux importants comme la Chine et l'Allemagne.<\/p>","protected":false},"author":58,"featured_media":26879,"comment_status":"closed","ping_status":"closed","sticky":false,"template":"","format":"standard","meta":{"_acf_changed":false,"_yoast_wpseo_focuskw":"CFO-Umfrage","_yoast_wpseo_metadesc":"Stimmungsumschwung unter Schweizer CFOs: 56 Prozent erwarten f\u00fcr die n\u00e4chsten zw\u00f6lf Monate eine positive Entwicklung der Schweizer Wirtschaft.","articlekey":"","footnotes":""},"categories":[28],"tags":[201,334,487,492],"class_list":["post-26875","post","type-post","status-publish","format-standard","has-post-thumbnail","hentry","category-management","tag-finanzen","tag-management","tag-umfrage","tag-unternehmen"],"acf":[],"yoast_head":"<!-- This site is optimized with the Yoast SEO plugin v27.4 - https:\/\/yoast.com\/product\/yoast-seo-wordpress\/ -->\n<title>Schweizer Unternehmen sind positiv gestimmt, erwarten aber sinkende Mitarbeiterzahlen - Organisator<\/title>\n<meta name=\"description\" content=\"Stimmungsumschwung unter Schweizer CFOs: 56 Prozent erwarten f\u00fcr die n\u00e4chsten zw\u00f6lf Monate eine positive Entwicklung der Schweizer Wirtschaft.\" \/>\n<meta name=\"robots\" content=\"index, follow, max-snippet:-1, max-image-preview:large, max-video-preview:-1\" \/>\n<link rel=\"canonical\" href=\"https:\/\/www.organisator.ch\/fr\/gestion-2\/2024-05-02\/schweizer-unternehmen-sind-positiv-gestimmt-erwarten-aber-sinkende-mitarbeiterzahlen\/\" \/>\n<meta property=\"og:locale\" content=\"fr_FR\" \/>\n<meta property=\"og:type\" content=\"article\" \/>\n<meta property=\"og:title\" content=\"Schweizer Unternehmen sind positiv gestimmt, erwarten aber sinkende Mitarbeiterzahlen\" \/>\n<meta property=\"og:description\" content=\"Stimmungsumschwung unter Schweizer CFOs: 56 Prozent erwarten f\u00fcr die n\u00e4chsten zw\u00f6lf Monate eine positive Entwicklung der Schweizer Wirtschaft.\" \/>\n<meta property=\"og:url\" content=\"https:\/\/www.organisator.ch\/fr\/gestion-2\/2024-05-02\/schweizer-unternehmen-sind-positiv-gestimmt-erwarten-aber-sinkende-mitarbeiterzahlen\/\" \/>\n<meta property=\"og:site_name\" content=\"Organisator\" \/>\n<meta property=\"article:publisher\" content=\"https:\/\/www.facebook.com\/OrganisatorFachmagazin\" \/>\n<meta property=\"article:published_time\" content=\"2024-05-02T05:21:40+00:00\" \/>\n<meta property=\"og:image\" content=\"https:\/\/www.organisator.ch\/wp-content\/uploads\/2024\/05\/Deloitte_Bild1_ps.jpg\" \/>\n\t<meta property=\"og:image:width\" content=\"680\" \/>\n\t<meta property=\"og:image:height\" content=\"454\" \/>\n\t<meta property=\"og:image:type\" content=\"image\/jpeg\" \/>\n<meta name=\"author\" content=\"Adelisa Kalajdzini\" \/>\n<meta name=\"twitter:card\" content=\"summary_large_image\" \/>\n<meta name=\"twitter:title\" content=\"Schweizer Unternehmen sind positiv gestimmt, erwarten aber sinkende Mitarbeiterzahlen\" \/>\n<meta name=\"twitter:description\" content=\"Stimmungsumschwung unter #Schweizer #CFOs: 56 Prozent erwarten f\u00fcr die n\u00e4chsten zw\u00f6lf Monate eine positive #Entwicklung der Schweizer #Wirtschaft.\" \/>\n<meta name=\"twitter:image\" content=\"https:\/\/www.organisator.ch\/wp-content\/uploads\/2024\/05\/Deloitte_Bild1_ps.jpg\" \/>\n<script type=\"application\/ld+json\" class=\"yoast-schema-graph\">{\"@context\":\"https:\\\/\\\/schema.org\",\"@graph\":[{\"@type\":\"Article\",\"@id\":\"https:\\\/\\\/www.organisator.ch\\\/management\\\/2024-05-02\\\/schweizer-unternehmen-sind-positiv-gestimmt-erwarten-aber-sinkende-mitarbeiterzahlen\\\/#article\",\"isPartOf\":{\"@id\":\"https:\\\/\\\/www.organisator.ch\\\/management\\\/2024-05-02\\\/schweizer-unternehmen-sind-positiv-gestimmt-erwarten-aber-sinkende-mitarbeiterzahlen\\\/\"},\"author\":{\"name\":\"Adelisa Kalajdzini\",\"@id\":\"https:\\\/\\\/www.organisator.ch\\\/#\\\/schema\\\/person\\\/2e1314a2172123f874db408d8911d3f3\"},\"headline\":\"Schweizer Unternehmen sind positiv gestimmt, erwarten aber sinkende Mitarbeiterzahlen\",\"datePublished\":\"2024-05-02T05:21:40+00:00\",\"mainEntityOfPage\":{\"@id\":\"https:\\\/\\\/www.organisator.ch\\\/management\\\/2024-05-02\\\/schweizer-unternehmen-sind-positiv-gestimmt-erwarten-aber-sinkende-mitarbeiterzahlen\\\/\"},\"wordCount\":921,\"publisher\":{\"@id\":\"https:\\\/\\\/www.organisator.ch\\\/#organization\"},\"image\":{\"@id\":\"https:\\\/\\\/www.organisator.ch\\\/management\\\/2024-05-02\\\/schweizer-unternehmen-sind-positiv-gestimmt-erwarten-aber-sinkende-mitarbeiterzahlen\\\/#primaryimage\"},\"thumbnailUrl\":\"https:\\\/\\\/www.organisator.ch\\\/wp-content\\\/uploads\\\/2024\\\/05\\\/Deloitte_Bild1_ps.jpg\",\"keywords\":[\"Finanzen\",\"Management\",\"Umfrage\",\"Unternehmen\"],\"articleSection\":[\"MANAGEMENT\"],\"inLanguage\":\"fr-FR\"},{\"@type\":\"WebPage\",\"@id\":\"https:\\\/\\\/www.organisator.ch\\\/management\\\/2024-05-02\\\/schweizer-unternehmen-sind-positiv-gestimmt-erwarten-aber-sinkende-mitarbeiterzahlen\\\/\",\"url\":\"https:\\\/\\\/www.organisator.ch\\\/management\\\/2024-05-02\\\/schweizer-unternehmen-sind-positiv-gestimmt-erwarten-aber-sinkende-mitarbeiterzahlen\\\/\",\"name\":\"Schweizer Unternehmen sind positiv gestimmt, erwarten aber sinkende Mitarbeiterzahlen - Organisator\",\"isPartOf\":{\"@id\":\"https:\\\/\\\/www.organisator.ch\\\/#website\"},\"primaryImageOfPage\":{\"@id\":\"https:\\\/\\\/www.organisator.ch\\\/management\\\/2024-05-02\\\/schweizer-unternehmen-sind-positiv-gestimmt-erwarten-aber-sinkende-mitarbeiterzahlen\\\/#primaryimage\"},\"image\":{\"@id\":\"https:\\\/\\\/www.organisator.ch\\\/management\\\/2024-05-02\\\/schweizer-unternehmen-sind-positiv-gestimmt-erwarten-aber-sinkende-mitarbeiterzahlen\\\/#primaryimage\"},\"thumbnailUrl\":\"https:\\\/\\\/www.organisator.ch\\\/wp-content\\\/uploads\\\/2024\\\/05\\\/Deloitte_Bild1_ps.jpg\",\"datePublished\":\"2024-05-02T05:21:40+00:00\",\"description\":\"Stimmungsumschwung unter Schweizer CFOs: 56 Prozent erwarten f\u00fcr die n\u00e4chsten zw\u00f6lf Monate eine positive Entwicklung der Schweizer Wirtschaft.\",\"breadcrumb\":{\"@id\":\"https:\\\/\\\/www.organisator.ch\\\/management\\\/2024-05-02\\\/schweizer-unternehmen-sind-positiv-gestimmt-erwarten-aber-sinkende-mitarbeiterzahlen\\\/#breadcrumb\"},\"inLanguage\":\"fr-FR\",\"potentialAction\":[{\"@type\":\"ReadAction\",\"target\":[\"https:\\\/\\\/www.organisator.ch\\\/management\\\/2024-05-02\\\/schweizer-unternehmen-sind-positiv-gestimmt-erwarten-aber-sinkende-mitarbeiterzahlen\\\/\"]}]},{\"@type\":\"ImageObject\",\"inLanguage\":\"fr-FR\",\"@id\":\"https:\\\/\\\/www.organisator.ch\\\/management\\\/2024-05-02\\\/schweizer-unternehmen-sind-positiv-gestimmt-erwarten-aber-sinkende-mitarbeiterzahlen\\\/#primaryimage\",\"url\":\"https:\\\/\\\/www.organisator.ch\\\/wp-content\\\/uploads\\\/2024\\\/05\\\/Deloitte_Bild1_ps.jpg\",\"contentUrl\":\"https:\\\/\\\/www.organisator.ch\\\/wp-content\\\/uploads\\\/2024\\\/05\\\/Deloitte_Bild1_ps.jpg\",\"width\":680,\"height\":454,\"caption\":\"\u00dcber die H\u00e4lfte der Befragten (56%) blickt entweder positiv oder sehr positiv auf die Konjunkturentwicklung der Schweiz in den kommenden zw\u00f6lf Monaten. (Bild: www.depositphotos.com)\"},{\"@type\":\"BreadcrumbList\",\"@id\":\"https:\\\/\\\/www.organisator.ch\\\/management\\\/2024-05-02\\\/schweizer-unternehmen-sind-positiv-gestimmt-erwarten-aber-sinkende-mitarbeiterzahlen\\\/#breadcrumb\",\"itemListElement\":[{\"@type\":\"ListItem\",\"position\":1,\"name\":\"Home\",\"item\":\"https:\\\/\\\/www.organisator.ch\\\/\"},{\"@type\":\"ListItem\",\"position\":2,\"name\":\"Schweizer Unternehmen sind positiv gestimmt, erwarten aber sinkende Mitarbeiterzahlen\"}]},{\"@type\":\"WebSite\",\"@id\":\"https:\\\/\\\/www.organisator.ch\\\/#website\",\"url\":\"https:\\\/\\\/www.organisator.ch\\\/\",\"name\":\"Organisator\",\"description\":\"Kompetent. Praxisnah. Der ORGANISATOR bereitet in 10 Ausgaben pro Jahr die wesentlichen Themen f\u00fcr F\u00fchrungskr\u00e4fte von KMU auf.\",\"publisher\":{\"@id\":\"https:\\\/\\\/www.organisator.ch\\\/#organization\"},\"potentialAction\":[{\"@type\":\"SearchAction\",\"target\":{\"@type\":\"EntryPoint\",\"urlTemplate\":\"https:\\\/\\\/www.organisator.ch\\\/?s={search_term_string}\"},\"query-input\":{\"@type\":\"PropertyValueSpecification\",\"valueRequired\":true,\"valueName\":\"search_term_string\"}}],\"inLanguage\":\"fr-FR\"},{\"@type\":\"Organization\",\"@id\":\"https:\\\/\\\/www.organisator.ch\\\/#organization\",\"name\":\"Organisator\",\"url\":\"https:\\\/\\\/www.organisator.ch\\\/\",\"logo\":{\"@type\":\"ImageObject\",\"inLanguage\":\"fr-FR\",\"@id\":\"https:\\\/\\\/www.organisator.ch\\\/#\\\/schema\\\/logo\\\/image\\\/\",\"url\":\"https:\\\/\\\/www.organisator.ch\\\/wp-content\\\/uploads\\\/2022\\\/01\\\/Logo_Organisator_Website.png\",\"contentUrl\":\"https:\\\/\\\/www.organisator.ch\\\/wp-content\\\/uploads\\\/2022\\\/01\\\/Logo_Organisator_Website.png\",\"width\":800,\"height\":77,\"caption\":\"Organisator\"},\"image\":{\"@id\":\"https:\\\/\\\/www.organisator.ch\\\/#\\\/schema\\\/logo\\\/image\\\/\"},\"sameAs\":[\"https:\\\/\\\/www.facebook.com\\\/OrganisatorFachmagazin\",\"https:\\\/\\\/www.linkedin.com\\\/showcase\\\/organisator-das-magazin-fr-kmu\",\"https:\\\/\\\/www.xing.com\\\/news\\\/pages\\\/organisator-ch-695\",\"https:\\\/\\\/www.youtube.com\\\/channel\\\/UCGP2Sq0iWaZwT3BdIAQFYpw\"]},{\"@type\":\"Person\",\"@id\":\"https:\\\/\\\/www.organisator.ch\\\/#\\\/schema\\\/person\\\/2e1314a2172123f874db408d8911d3f3\",\"name\":\"Adelisa Kalajdzini\",\"image\":{\"@type\":\"ImageObject\",\"inLanguage\":\"fr-FR\",\"@id\":\"https:\\\/\\\/secure.gravatar.com\\\/avatar\\\/09a397c22ac58cad6f160ee8306348599df9df58a8ede73696226897b9fa4b24?s=96&d=mm&r=g\",\"url\":\"https:\\\/\\\/secure.gravatar.com\\\/avatar\\\/09a397c22ac58cad6f160ee8306348599df9df58a8ede73696226897b9fa4b24?s=96&d=mm&r=g\",\"contentUrl\":\"https:\\\/\\\/secure.gravatar.com\\\/avatar\\\/09a397c22ac58cad6f160ee8306348599df9df58a8ede73696226897b9fa4b24?s=96&d=mm&r=g\",\"caption\":\"Adelisa Kalajdzini\"},\"url\":\"https:\\\/\\\/www.organisator.ch\\\/fr\\\/author\\\/adelisa-kalajdzini\\\/\"}]}<\/script>\n<!-- \/ Yoast SEO plugin. -->","yoast_head_json":{"title":"Les entreprises suisses sont positives, mais s'attendent \u00e0 une baisse de leurs effectifs - Organisateur","description":"Changement d'ambiance parmi les CFO suisses : 56 % s'attendent \u00e0 une \u00e9volution positive de l'\u00e9conomie suisse au cours des douze prochains mois.","robots":{"index":"index","follow":"follow","max-snippet":"max-snippet:-1","max-image-preview":"max-image-preview:large","max-video-preview":"max-video-preview:-1"},"canonical":"https:\/\/www.organisator.ch\/fr\/gestion-2\/2024-05-02\/schweizer-unternehmen-sind-positiv-gestimmt-erwarten-aber-sinkende-mitarbeiterzahlen\/","og_locale":"fr_FR","og_type":"article","og_title":"Schweizer Unternehmen sind positiv gestimmt, erwarten aber sinkende Mitarbeiterzahlen","og_description":"Stimmungsumschwung unter Schweizer CFOs: 56 Prozent erwarten f\u00fcr die n\u00e4chsten zw\u00f6lf Monate eine positive Entwicklung der Schweizer Wirtschaft.","og_url":"https:\/\/www.organisator.ch\/fr\/gestion-2\/2024-05-02\/schweizer-unternehmen-sind-positiv-gestimmt-erwarten-aber-sinkende-mitarbeiterzahlen\/","og_site_name":"Organisator","article_publisher":"https:\/\/www.facebook.com\/OrganisatorFachmagazin","article_published_time":"2024-05-02T05:21:40+00:00","og_image":[{"width":680,"height":454,"url":"https:\/\/www.organisator.ch\/wp-content\/uploads\/2024\/05\/Deloitte_Bild1_ps.jpg","type":"image\/jpeg"}],"author":"Adelisa Kalajdzini","twitter_card":"summary_large_image","twitter_title":"Schweizer Unternehmen sind positiv gestimmt, erwarten aber sinkende Mitarbeiterzahlen","twitter_description":"Stimmungsumschwung unter #Schweizer #CFOs: 56 Prozent erwarten f\u00fcr die n\u00e4chsten zw\u00f6lf Monate eine positive #Entwicklung der Schweizer #Wirtschaft.","twitter_image":"https:\/\/www.organisator.ch\/wp-content\/uploads\/2024\/05\/Deloitte_Bild1_ps.jpg","schema":{"@context":"https:\/\/schema.org","@graph":[{"@type":"Article","@id":"https:\/\/www.organisator.ch\/management\/2024-05-02\/schweizer-unternehmen-sind-positiv-gestimmt-erwarten-aber-sinkende-mitarbeiterzahlen\/#article","isPartOf":{"@id":"https:\/\/www.organisator.ch\/management\/2024-05-02\/schweizer-unternehmen-sind-positiv-gestimmt-erwarten-aber-sinkende-mitarbeiterzahlen\/"},"author":{"name":"Adelisa Kalajdzini","@id":"https:\/\/www.organisator.ch\/#\/schema\/person\/2e1314a2172123f874db408d8911d3f3"},"headline":"Schweizer Unternehmen sind positiv gestimmt, erwarten aber sinkende Mitarbeiterzahlen","datePublished":"2024-05-02T05:21:40+00:00","mainEntityOfPage":{"@id":"https:\/\/www.organisator.ch\/management\/2024-05-02\/schweizer-unternehmen-sind-positiv-gestimmt-erwarten-aber-sinkende-mitarbeiterzahlen\/"},"wordCount":921,"publisher":{"@id":"https:\/\/www.organisator.ch\/#organization"},"image":{"@id":"https:\/\/www.organisator.ch\/management\/2024-05-02\/schweizer-unternehmen-sind-positiv-gestimmt-erwarten-aber-sinkende-mitarbeiterzahlen\/#primaryimage"},"thumbnailUrl":"https:\/\/www.organisator.ch\/wp-content\/uploads\/2024\/05\/Deloitte_Bild1_ps.jpg","keywords":["Finanzen","Management","Umfrage","Unternehmen"],"articleSection":["MANAGEMENT"],"inLanguage":"fr-FR"},{"@type":"WebPage","@id":"https:\/\/www.organisator.ch\/management\/2024-05-02\/schweizer-unternehmen-sind-positiv-gestimmt-erwarten-aber-sinkende-mitarbeiterzahlen\/","url":"https:\/\/www.organisator.ch\/management\/2024-05-02\/schweizer-unternehmen-sind-positiv-gestimmt-erwarten-aber-sinkende-mitarbeiterzahlen\/","name":"Les entreprises suisses sont positives, mais s'attendent \u00e0 une baisse de leurs effectifs - Organisateur","isPartOf":{"@id":"https:\/\/www.organisator.ch\/#website"},"primaryImageOfPage":{"@id":"https:\/\/www.organisator.ch\/management\/2024-05-02\/schweizer-unternehmen-sind-positiv-gestimmt-erwarten-aber-sinkende-mitarbeiterzahlen\/#primaryimage"},"image":{"@id":"https:\/\/www.organisator.ch\/management\/2024-05-02\/schweizer-unternehmen-sind-positiv-gestimmt-erwarten-aber-sinkende-mitarbeiterzahlen\/#primaryimage"},"thumbnailUrl":"https:\/\/www.organisator.ch\/wp-content\/uploads\/2024\/05\/Deloitte_Bild1_ps.jpg","datePublished":"2024-05-02T05:21:40+00:00","description":"Changement d'ambiance parmi les CFO suisses : 56 % s'attendent \u00e0 une \u00e9volution positive de l'\u00e9conomie suisse au cours des douze prochains mois.","breadcrumb":{"@id":"https:\/\/www.organisator.ch\/management\/2024-05-02\/schweizer-unternehmen-sind-positiv-gestimmt-erwarten-aber-sinkende-mitarbeiterzahlen\/#breadcrumb"},"inLanguage":"fr-FR","potentialAction":[{"@type":"ReadAction","target":["https:\/\/www.organisator.ch\/management\/2024-05-02\/schweizer-unternehmen-sind-positiv-gestimmt-erwarten-aber-sinkende-mitarbeiterzahlen\/"]}]},{"@type":"ImageObject","inLanguage":"fr-FR","@id":"https:\/\/www.organisator.ch\/management\/2024-05-02\/schweizer-unternehmen-sind-positiv-gestimmt-erwarten-aber-sinkende-mitarbeiterzahlen\/#primaryimage","url":"https:\/\/www.organisator.ch\/wp-content\/uploads\/2024\/05\/Deloitte_Bild1_ps.jpg","contentUrl":"https:\/\/www.organisator.ch\/wp-content\/uploads\/2024\/05\/Deloitte_Bild1_ps.jpg","width":680,"height":454,"caption":"\u00dcber die H\u00e4lfte der Befragten (56%) blickt entweder positiv oder sehr positiv auf die Konjunkturentwicklung der Schweiz in den kommenden zw\u00f6lf Monaten. (Bild: www.depositphotos.com)"},{"@type":"BreadcrumbList","@id":"https:\/\/www.organisator.ch\/management\/2024-05-02\/schweizer-unternehmen-sind-positiv-gestimmt-erwarten-aber-sinkende-mitarbeiterzahlen\/#breadcrumb","itemListElement":[{"@type":"ListItem","position":1,"name":"Home","item":"https:\/\/www.organisator.ch\/"},{"@type":"ListItem","position":2,"name":"Schweizer Unternehmen sind positiv gestimmt, erwarten aber sinkende Mitarbeiterzahlen"}]},{"@type":"WebSite","@id":"https:\/\/www.organisator.ch\/#website","url":"https:\/\/www.organisator.ch\/","name":"Organisateur","description":"Comp\u00e9tence et comp\u00e9tence. Proches de la pratique. L'ORGANISATEUR pr\u00e9pare 10 num\u00e9ros par an sur les th\u00e8mes essentiels pour les dirigeants de PME.","publisher":{"@id":"https:\/\/www.organisator.ch\/#organization"},"potentialAction":[{"@type":"SearchAction","target":{"@type":"EntryPoint","urlTemplate":"https:\/\/www.organisator.ch\/?s={search_term_string}"},"query-input":{"@type":"PropertyValueSpecification","valueRequired":true,"valueName":"search_term_string"}}],"inLanguage":"fr-FR"},{"@type":"Organization","@id":"https:\/\/www.organisator.ch\/#organization","name":"Organisateur","url":"https:\/\/www.organisator.ch\/","logo":{"@type":"ImageObject","inLanguage":"fr-FR","@id":"https:\/\/www.organisator.ch\/#\/schema\/logo\/image\/","url":"https:\/\/www.organisator.ch\/wp-content\/uploads\/2022\/01\/Logo_Organisator_Website.png","contentUrl":"https:\/\/www.organisator.ch\/wp-content\/uploads\/2022\/01\/Logo_Organisator_Website.png","width":800,"height":77,"caption":"Organisator"},"image":{"@id":"https:\/\/www.organisator.ch\/#\/schema\/logo\/image\/"},"sameAs":["https:\/\/www.facebook.com\/OrganisatorFachmagazin","https:\/\/www.linkedin.com\/showcase\/organisator-das-magazin-fr-kmu","https:\/\/www.xing.com\/news\/pages\/organisator-ch-695","https:\/\/www.youtube.com\/channel\/UCGP2Sq0iWaZwT3BdIAQFYpw"]},{"@type":"Person","@id":"https:\/\/www.organisator.ch\/#\/schema\/person\/2e1314a2172123f874db408d8911d3f3","name":"Adelisa Kalajdzini","image":{"@type":"ImageObject","inLanguage":"fr-FR","@id":"https:\/\/secure.gravatar.com\/avatar\/09a397c22ac58cad6f160ee8306348599df9df58a8ede73696226897b9fa4b24?s=96&d=mm&r=g","url":"https:\/\/secure.gravatar.com\/avatar\/09a397c22ac58cad6f160ee8306348599df9df58a8ede73696226897b9fa4b24?s=96&d=mm&r=g","contentUrl":"https:\/\/secure.gravatar.com\/avatar\/09a397c22ac58cad6f160ee8306348599df9df58a8ede73696226897b9fa4b24?s=96&d=mm&r=g","caption":"Adelisa Kalajdzini"},"url":"https:\/\/www.organisator.ch\/fr\/author\/adelisa-kalajdzini\/"}]}},"_links":{"self":[{"href":"https:\/\/www.organisator.ch\/fr\/wp-json\/wp\/v2\/posts\/26875","targetHints":{"allow":["GET"]}}],"collection":[{"href":"https:\/\/www.organisator.ch\/fr\/wp-json\/wp\/v2\/posts"}],"about":[{"href":"https:\/\/www.organisator.ch\/fr\/wp-json\/wp\/v2\/types\/post"}],"author":[{"embeddable":true,"href":"https:\/\/www.organisator.ch\/fr\/wp-json\/wp\/v2\/users\/58"}],"replies":[{"embeddable":true,"href":"https:\/\/www.organisator.ch\/fr\/wp-json\/wp\/v2\/comments?post=26875"}],"version-history":[{"count":9,"href":"https:\/\/www.organisator.ch\/fr\/wp-json\/wp\/v2\/posts\/26875\/revisions"}],"predecessor-version":[{"id":26934,"href":"https:\/\/www.organisator.ch\/fr\/wp-json\/wp\/v2\/posts\/26875\/revisions\/26934"}],"wp:featuredmedia":[{"embeddable":true,"href":"https:\/\/www.organisator.ch\/fr\/wp-json\/wp\/v2\/media\/26879"}],"wp:attachment":[{"href":"https:\/\/www.organisator.ch\/fr\/wp-json\/wp\/v2\/media?parent=26875"}],"wp:term":[{"taxonomy":"category","embeddable":true,"href":"https:\/\/www.organisator.ch\/fr\/wp-json\/wp\/v2\/categories?post=26875"},{"taxonomy":"post_tag","embeddable":true,"href":"https:\/\/www.organisator.ch\/fr\/wp-json\/wp\/v2\/tags?post=26875"}],"curies":[{"name":"wp","href":"https:\/\/api.w.org\/{rel}","templated":true}]}}