{"id":2688,"date":"2017-11-10T08:07:02","date_gmt":"2017-11-10T07:07:02","guid":{"rendered":"https:\/\/www.organisator.ch\/?p=2688"},"modified":"2017-11-10T08:07:02","modified_gmt":"2017-11-10T07:07:02","slug":"cyber-kriminalitaet-informationssicherheit-in-schweizer-kmu-mit-verbesserungspotenzial","status":"publish","type":"post","link":"https:\/\/www.organisator.ch\/fr\/management\/it\/2017-11-10\/cyber-kriminalitaet-informationssicherheit-in-schweizer-kmu-mit-verbesserungspotenzial\/","title":{"rendered":"Cybercriminalit\u00e9 : la s\u00e9curit\u00e9 de l'information dans les PME suisses pr\u00e9sente un potentiel d'am\u00e9lioration"},"content":{"rendered":"<figure id=\"attachment_2689\" aria-describedby=\"caption-attachment-2689\" style=\"width: 584px\" class=\"wp-caption alignnone\"><img loading=\"lazy\" decoding=\"async\" class=\"size-full wp-image-2689\" src=\"https:\/\/www.organisator.ch\/wp-content\/uploads\/2017\/11\/Cyber-Kriminalitaet-Informationssicherheit-in-Schweizer-KMU-mit-Verbesserungspotenzial_Organisator.jpg\" alt=\"\" width=\"584\" height=\"252\" srcset=\"https:\/\/www.organisator.ch\/wp-content\/uploads\/2017\/11\/Cyber-Kriminalitaet-Informationssicherheit-in-Schweizer-KMU-mit-Verbesserungspotenzial_Organisator.jpg 584w, https:\/\/www.organisator.ch\/wp-content\/uploads\/2017\/11\/Cyber-Kriminalitaet-Informationssicherheit-in-Schweizer-KMU-mit-Verbesserungspotenzial_Organisator-16x7.jpg 16w, https:\/\/www.organisator.ch\/wp-content\/uploads\/2017\/11\/Cyber-Kriminalitaet-Informationssicherheit-in-Schweizer-KMU-mit-Verbesserungspotenzial_Organisator-375x162.jpg 375w, https:\/\/www.organisator.ch\/wp-content\/uploads\/2017\/11\/Cyber-Kriminalitaet-Informationssicherheit-in-Schweizer-KMU-mit-Verbesserungspotenzial_Organisator-300x129.jpg 300w\" sizes=\"auto, (max-width: 584px) 100vw, 584px\" \/><figcaption id=\"caption-attachment-2689\" class=\"wp-caption-text\">Les PME suisses n'accordent pas encore suffisamment d'attention au th\u00e8me de la cybercriminalit\u00e9, comme l'a r\u00e9v\u00e9l\u00e9 une \u00e9tude de la Haute \u00e9cole de Lucerne. (Image : <a href=\"https:\/\/www.hslu.ch\/de-ch\/informatik\/forschung\/themen\/information-security\/?sourceurl=\/forschung-information-security\">www.hslu.ch<\/a>)<\/figcaption><\/figure>\n<p>Les grandes entreprises comme les banques, les assurances ou l'industrie pharmaceutique ne sont pas les seules \u00e0 \u00eatre menac\u00e9es par la cybercriminalit\u00e9. Les PME suisses sont elles aussi confront\u00e9es \u00e0 un nombre croissant d'attaques provenant d'Internet. La Haute \u00e9cole de Lucerne a saisi cette occasion pour interroger l'ann\u00e9e derni\u00e8re les petites et moyennes entreprises sur le th\u00e8me de la s\u00e9curit\u00e9 de l'information.<\/p>\n<h2>Manque de connaissances sur la pr\u00e9vention de la cybercriminalit\u00e9<\/h2>\n<p>Les deux auteurs Oliver Hirschi et Armand Portmann du D\u00e9partement Informatique ont maintenant publi\u00e9 les r\u00e9sultats de l'enqu\u00eate. L'auteur principal, Hirschi, r\u00e9sume les r\u00e9sultats comme suit : \"Dans de nombreuses PME, il y a un manque de connaissances sur la mani\u00e8re d'aborder le th\u00e8me de la s\u00e9curit\u00e9 de l'information\". Et ce, bien qu'environ 40% des entreprises interrog\u00e9es aient d\u00e9clar\u00e9 avoir \u00e9t\u00e9 r\u00e9cemment - c'est-\u00e0-dire dans les 12 mois pr\u00e9c\u00e9dant l'enqu\u00eate - touch\u00e9es par des cyberattaques telles que des logiciels malveillants ou des e-mails de phishing.<\/p>\n<p>L'\u00e9tude se base sur une enqu\u00eate en ligne que les chercheurs ont men\u00e9e aupr\u00e8s de 230 PME. Il s'agissait d'entreprises issues des secteurs les plus divers comme les services, le conseil, l'artisanat ou la sant\u00e9. Pr\u00e8s de deux tiers des entreprises permettent \u00e0 leurs collaborateurs de traiter leurs e-mails professionnels sur des appareils priv\u00e9s. Pr\u00e8s d'un tiers permet l'acc\u00e8s \u00e0 toutes les applications informatiques. \"Cela augmente bien s\u00fbr la surface d'attaque\", explique Hirschi, \"tout comme l'utilisation de services en nuage\", c'est-\u00e0-dire par exemple des m\u00e9moires de donn\u00e9es auxquelles on peut acc\u00e9der \u00e0 tout moment et de partout. Pr\u00e8s de 60 % des entreprises les utilisent sous une forme ou une autre.<\/p>\n<h2>Crainte de dommages importants en cas d'abus<\/h2>\n<p>Si une entreprise est touch\u00e9e par la cybercriminalit\u00e9, cela l'am\u00e8ne \u00e0 se pencher davantage sur le th\u00e8me de la s\u00e9curit\u00e9 de l'information. La garantie de l'activit\u00e9 commerciale est au centre de l'int\u00e9r\u00eat. Cela se fait sur fond d'une grande exigence de confidentialit\u00e9 : plus de deux tiers des entreprises jugent importants ou tr\u00e8s importants les dommages qui r\u00e9sulteraient d'une publication abusive de leurs donn\u00e9es confidentielles.<\/p>\n<p>Les mesures de protection sont donc importantes. \"Malgr\u00e9 cela, la grande majorit\u00e9 des entreprises ont indiqu\u00e9 qu'elles ne consacraient pas de ressources ou seulement des ressources minimales au th\u00e8me de la s\u00e9curit\u00e9 de l'information\", explique Armand Portmann, co-auteur de l'\u00e9tude. De plus, de nombreuses entreprises ont d\u00e9clar\u00e9 ne pas avoir form\u00e9 leur personnel \u00e0 la gestion des risques au cours de l'ann\u00e9e pr\u00e9c\u00e9dant l'enqu\u00eate. En cons\u00e9quence, le pilotage et le contr\u00f4le de la s\u00e9curit\u00e9 de l'information sont souvent peu d\u00e9velopp\u00e9s : moins de la moiti\u00e9 des PME v\u00e9rifient r\u00e9guli\u00e8rement l'efficacit\u00e9 de leurs mesures de s\u00e9curit\u00e9. Cela explique aussi pourquoi les normes ou les guides pour la s\u00e9curit\u00e9 de l'information sont plut\u00f4t rarement utilis\u00e9s. La situation est meilleure en ce qui concerne les mesures techniques. Il s'agit entre autres des sauvegardes, des antivirus et des pare-feu. Selon l'enqu\u00eate, presque toutes les entreprises interrog\u00e9es les utilisent.<\/p>\n<h2>Wanted : plus de personnel, plus de formations<\/h2>\n<p>Au vu de ces r\u00e9sultats, les deux auteurs de l'\u00e9tude estiment que c'est justement dans le domaine de l'organisation et du personnel qu'il faut rattraper le retard : pour am\u00e9liorer la situation dans les PME suisses, les entreprises devraient consacrer davantage de ressources \u00e0 la s\u00e9curit\u00e9 de l'information et mieux pr\u00e9parer leurs collaborateurs aux dangers des cyberattaques en leur proposant des formations.<\/p>\n<p><em>Source : <a href=\"http:\/\/www.hslu.ch\">Haute \u00e9cole de Lucerne<br \/>\n<\/a><\/em><em>Formations continues sur la s\u00e9curit\u00e9 de l'information : <a href=\"http:\/\/www.hslu.ch\/information-security-privacy\">www.hslu.ch\/information-security-privacy<br \/>\n<\/a><\/em><em>Des conseils pour une meilleure s\u00e9curit\u00e9 informatique sont donn\u00e9s entre autres\u00a0<a href=\"https:\/\/www.organisator.ch\/10-praktische-tipps-fuer-mehr-it-sicherheit\/\">ici<\/a><\/em><\/p>\n<p>&nbsp;<\/p>","protected":false},"excerpt":{"rendered":"<p>Nicht nur grosse Firmen wie Banken, Versicherungen oder die Pharma-Industrie sind von Cyber-Kriminalit\u00e4t bedroht. Auch Schweizer KMU sehen sich einer wachsenden Zahl von Angriffen\u00a0 aus dem Internet ausgesetzt. Die Hochschule Luzern hat dies zum Anlass genommen, im letzten Jahr kleinere und mittlere Unternehmen zum Thema Informationssicherheit zu befragen. Fehlendes Wissen zu Pr\u00e4vention von Cyber-Kriminalit\u00e4t Nun [&hellip;]<\/p>\n","protected":false},"author":4,"featured_media":2689,"comment_status":"open","ping_status":"open","sticky":false,"template":"","format":"standard","meta":{"_acf_changed":false,"_yoast_wpseo_focuskw":"Cyber-Kriminalit\u00e4t","_yoast_wpseo_metadesc":"Auch Schweizer KMU sind von Cyber-Kriminalit\u00e4t betroffen. Trotzdem r\u00fcckt das Thema Informationssicherheit bei den Unternehmen nur langsam in den Fokus.","articlekey":"","footnotes":""},"categories":[27],"tags":[142,260,269,459],"class_list":["post-2688","post","type-post","status-publish","format-standard","has-post-thumbnail","hentry","category-it","tag-cyber-crime","tag-ict-sicherheit","tag-informationssicherheit","tag-studie"],"acf":[],"yoast_head":"<!-- This site is optimized with the Yoast SEO plugin v27.5 - https:\/\/yoast.com\/product\/yoast-seo-wordpress\/ -->\n<title>Cyber-Kriminalit\u00e4t: Informationssicherheit in Schweizer KMU mit Verbesserungspotenzial - Organisator<\/title>\n<meta name=\"description\" content=\"Auch Schweizer KMU sind von Cyber-Kriminalit\u00e4t betroffen. Trotzdem r\u00fcckt das Thema Informationssicherheit bei den Unternehmen nur langsam in den Fokus.\" \/>\n<meta name=\"robots\" content=\"index, follow, max-snippet:-1, max-image-preview:large, max-video-preview:-1\" \/>\n<link rel=\"canonical\" href=\"https:\/\/www.organisator.ch\/fr\/gestion-2\/it\/2017-11-10\/cyber-kriminalitaet-informationssicherheit-in-schweizer-kmu-mit-verbesserungspotenzial\/\" \/>\n<meta property=\"og:locale\" content=\"fr_FR\" \/>\n<meta property=\"og:type\" content=\"article\" \/>\n<meta property=\"og:title\" content=\"Cyber-Kriminalit\u00e4t: Informationssicherheit in Schweizer KMU mit Verbesserungspotenzial\" \/>\n<meta property=\"og:description\" content=\"Auch Schweizer KMU sind von #Cyber-Kriminalit\u00e4t betroffen. Trotzdem r\u00fcckt das Thema #Informationssicherheit bei den Unternehmen nur langsam in den Fokus.\" \/>\n<meta property=\"og:url\" content=\"https:\/\/www.organisator.ch\/fr\/gestion-2\/it\/2017-11-10\/cyber-kriminalitaet-informationssicherheit-in-schweizer-kmu-mit-verbesserungspotenzial\/\" \/>\n<meta property=\"og:site_name\" content=\"Organisator\" \/>\n<meta property=\"article:publisher\" content=\"https:\/\/www.facebook.com\/OrganisatorFachmagazin\" \/>\n<meta property=\"article:published_time\" content=\"2017-11-10T07:07:02+00:00\" \/>\n<meta property=\"og:image\" content=\"https:\/\/www.organisator.ch\/wp-content\/uploads\/2017\/11\/Cyber-Kriminalitaet-Informationssicherheit-in-Schweizer-KMU-mit-Verbesserungspotenzial_Organisator.jpg\" \/>\n\t<meta property=\"og:image:width\" content=\"584\" \/>\n\t<meta property=\"og:image:height\" content=\"252\" \/>\n\t<meta property=\"og:image:type\" content=\"image\/jpeg\" \/>\n<meta name=\"author\" content=\"thomas.berner\" \/>\n<meta name=\"twitter:card\" content=\"summary_large_image\" \/>\n<meta name=\"twitter:title\" content=\"#Cyber-Kriminalit\u00e4t: #Informationssicherheit in Schweizer KMU mit Verbesserungspotenzial\" \/>\n<meta name=\"twitter:description\" content=\"Auch Schweizer KMU sind von #Cyber-Kriminalit\u00e4t betroffen. Trotzdem r\u00fcckt das Thema #Informationssicherheit bei den Unternehmen nur langsam in den Fokus.\" \/>\n<meta name=\"twitter:image\" content=\"https:\/\/www.organisator.ch\/wp-content\/uploads\/2017\/11\/Cyber-Kriminalit\u00e4t-Informationssicherheit-in-Schweizer-KMU-mit-Verbesserungspotenzial_Organisator.jpg\" \/>\n<script type=\"application\/ld+json\" class=\"yoast-schema-graph\">{\"@context\":\"https:\\\/\\\/schema.org\",\"@graph\":[{\"@type\":\"Article\",\"@id\":\"https:\\\/\\\/www.organisator.ch\\\/management\\\/it\\\/2017-11-10\\\/cyber-kriminalitaet-informationssicherheit-in-schweizer-kmu-mit-verbesserungspotenzial\\\/#article\",\"isPartOf\":{\"@id\":\"https:\\\/\\\/www.organisator.ch\\\/management\\\/it\\\/2017-11-10\\\/cyber-kriminalitaet-informationssicherheit-in-schweizer-kmu-mit-verbesserungspotenzial\\\/\"},\"author\":{\"name\":\"thomas.berner\",\"@id\":\"https:\\\/\\\/www.organisator.ch\\\/#\\\/schema\\\/person\\\/6f650f90b2842cd4c0cc334b4e36f67e\"},\"headline\":\"Cyber-Kriminalit\u00e4t: Informationssicherheit in Schweizer KMU mit Verbesserungspotenzial\",\"datePublished\":\"2017-11-10T07:07:02+00:00\",\"mainEntityOfPage\":{\"@id\":\"https:\\\/\\\/www.organisator.ch\\\/management\\\/it\\\/2017-11-10\\\/cyber-kriminalitaet-informationssicherheit-in-schweizer-kmu-mit-verbesserungspotenzial\\\/\"},\"wordCount\":521,\"commentCount\":0,\"publisher\":{\"@id\":\"https:\\\/\\\/www.organisator.ch\\\/#organization\"},\"image\":{\"@id\":\"https:\\\/\\\/www.organisator.ch\\\/management\\\/it\\\/2017-11-10\\\/cyber-kriminalitaet-informationssicherheit-in-schweizer-kmu-mit-verbesserungspotenzial\\\/#primaryimage\"},\"thumbnailUrl\":\"https:\\\/\\\/www.organisator.ch\\\/wp-content\\\/uploads\\\/2017\\\/11\\\/Cyber-Kriminalitaet-Informationssicherheit-in-Schweizer-KMU-mit-Verbesserungspotenzial_Organisator.jpg\",\"keywords\":[\"Cyber-Crime\",\"ICT-Sicherheit\",\"Informationssicherheit\",\"Studie\"],\"articleSection\":[\"IT\"],\"inLanguage\":\"fr-FR\"},{\"@type\":\"WebPage\",\"@id\":\"https:\\\/\\\/www.organisator.ch\\\/management\\\/it\\\/2017-11-10\\\/cyber-kriminalitaet-informationssicherheit-in-schweizer-kmu-mit-verbesserungspotenzial\\\/\",\"url\":\"https:\\\/\\\/www.organisator.ch\\\/management\\\/it\\\/2017-11-10\\\/cyber-kriminalitaet-informationssicherheit-in-schweizer-kmu-mit-verbesserungspotenzial\\\/\",\"name\":\"Cyber-Kriminalit\u00e4t: Informationssicherheit in Schweizer KMU mit Verbesserungspotenzial - Organisator\",\"isPartOf\":{\"@id\":\"https:\\\/\\\/www.organisator.ch\\\/#website\"},\"primaryImageOfPage\":{\"@id\":\"https:\\\/\\\/www.organisator.ch\\\/management\\\/it\\\/2017-11-10\\\/cyber-kriminalitaet-informationssicherheit-in-schweizer-kmu-mit-verbesserungspotenzial\\\/#primaryimage\"},\"image\":{\"@id\":\"https:\\\/\\\/www.organisator.ch\\\/management\\\/it\\\/2017-11-10\\\/cyber-kriminalitaet-informationssicherheit-in-schweizer-kmu-mit-verbesserungspotenzial\\\/#primaryimage\"},\"thumbnailUrl\":\"https:\\\/\\\/www.organisator.ch\\\/wp-content\\\/uploads\\\/2017\\\/11\\\/Cyber-Kriminalitaet-Informationssicherheit-in-Schweizer-KMU-mit-Verbesserungspotenzial_Organisator.jpg\",\"datePublished\":\"2017-11-10T07:07:02+00:00\",\"description\":\"Auch Schweizer KMU sind von Cyber-Kriminalit\u00e4t betroffen. Trotzdem r\u00fcckt das Thema Informationssicherheit bei den Unternehmen nur langsam in den Fokus.\",\"breadcrumb\":{\"@id\":\"https:\\\/\\\/www.organisator.ch\\\/management\\\/it\\\/2017-11-10\\\/cyber-kriminalitaet-informationssicherheit-in-schweizer-kmu-mit-verbesserungspotenzial\\\/#breadcrumb\"},\"inLanguage\":\"fr-FR\",\"potentialAction\":[{\"@type\":\"ReadAction\",\"target\":[\"https:\\\/\\\/www.organisator.ch\\\/management\\\/it\\\/2017-11-10\\\/cyber-kriminalitaet-informationssicherheit-in-schweizer-kmu-mit-verbesserungspotenzial\\\/\"]}]},{\"@type\":\"ImageObject\",\"inLanguage\":\"fr-FR\",\"@id\":\"https:\\\/\\\/www.organisator.ch\\\/management\\\/it\\\/2017-11-10\\\/cyber-kriminalitaet-informationssicherheit-in-schweizer-kmu-mit-verbesserungspotenzial\\\/#primaryimage\",\"url\":\"https:\\\/\\\/www.organisator.ch\\\/wp-content\\\/uploads\\\/2017\\\/11\\\/Cyber-Kriminalitaet-Informationssicherheit-in-Schweizer-KMU-mit-Verbesserungspotenzial_Organisator.jpg\",\"contentUrl\":\"https:\\\/\\\/www.organisator.ch\\\/wp-content\\\/uploads\\\/2017\\\/11\\\/Cyber-Kriminalitaet-Informationssicherheit-in-Schweizer-KMU-mit-Verbesserungspotenzial_Organisator.jpg\",\"width\":584,\"height\":252,\"caption\":\"Schweizer KMU widmen dem Thema Cyber-Kriminalit\u00e4t noch nicht gen\u00fcgend Aufmerksamkeit, wie eine Studie der Hochschule Luzern herausfand.\"},{\"@type\":\"BreadcrumbList\",\"@id\":\"https:\\\/\\\/www.organisator.ch\\\/management\\\/it\\\/2017-11-10\\\/cyber-kriminalitaet-informationssicherheit-in-schweizer-kmu-mit-verbesserungspotenzial\\\/#breadcrumb\",\"itemListElement\":[{\"@type\":\"ListItem\",\"position\":1,\"name\":\"Home\",\"item\":\"https:\\\/\\\/www.organisator.ch\\\/\"},{\"@type\":\"ListItem\",\"position\":2,\"name\":\"Cyber-Kriminalit\u00e4t: Informationssicherheit in Schweizer KMU mit Verbesserungspotenzial\"}]},{\"@type\":\"WebSite\",\"@id\":\"https:\\\/\\\/www.organisator.ch\\\/#website\",\"url\":\"https:\\\/\\\/www.organisator.ch\\\/\",\"name\":\"Organisator\",\"description\":\"Kompetent. Praxisnah. Der ORGANISATOR bereitet in 10 Ausgaben pro Jahr die wesentlichen Themen f\u00fcr F\u00fchrungskr\u00e4fte von KMU auf.\",\"publisher\":{\"@id\":\"https:\\\/\\\/www.organisator.ch\\\/#organization\"},\"potentialAction\":[{\"@type\":\"SearchAction\",\"target\":{\"@type\":\"EntryPoint\",\"urlTemplate\":\"https:\\\/\\\/www.organisator.ch\\\/?s={search_term_string}\"},\"query-input\":{\"@type\":\"PropertyValueSpecification\",\"valueRequired\":true,\"valueName\":\"search_term_string\"}}],\"inLanguage\":\"fr-FR\"},{\"@type\":\"Organization\",\"@id\":\"https:\\\/\\\/www.organisator.ch\\\/#organization\",\"name\":\"Organisator\",\"url\":\"https:\\\/\\\/www.organisator.ch\\\/\",\"logo\":{\"@type\":\"ImageObject\",\"inLanguage\":\"fr-FR\",\"@id\":\"https:\\\/\\\/www.organisator.ch\\\/#\\\/schema\\\/logo\\\/image\\\/\",\"url\":\"https:\\\/\\\/www.organisator.ch\\\/wp-content\\\/uploads\\\/2022\\\/01\\\/Logo_Organisator_Website.png\",\"contentUrl\":\"https:\\\/\\\/www.organisator.ch\\\/wp-content\\\/uploads\\\/2022\\\/01\\\/Logo_Organisator_Website.png\",\"width\":800,\"height\":77,\"caption\":\"Organisator\"},\"image\":{\"@id\":\"https:\\\/\\\/www.organisator.ch\\\/#\\\/schema\\\/logo\\\/image\\\/\"},\"sameAs\":[\"https:\\\/\\\/www.facebook.com\\\/OrganisatorFachmagazin\",\"https:\\\/\\\/www.linkedin.com\\\/showcase\\\/organisator-das-magazin-fr-kmu\",\"https:\\\/\\\/www.xing.com\\\/news\\\/pages\\\/organisator-ch-695\",\"https:\\\/\\\/www.youtube.com\\\/channel\\\/UCGP2Sq0iWaZwT3BdIAQFYpw\"]},{\"@type\":\"Person\",\"@id\":\"https:\\\/\\\/www.organisator.ch\\\/#\\\/schema\\\/person\\\/6f650f90b2842cd4c0cc334b4e36f67e\",\"name\":\"thomas.berner\",\"image\":{\"@type\":\"ImageObject\",\"inLanguage\":\"fr-FR\",\"@id\":\"https:\\\/\\\/secure.gravatar.com\\\/avatar\\\/ac5001d2a36cb6c6cd3e50789007ffca834b477b74a2144564522e944eabff61?s=96&d=mm&r=g\",\"url\":\"https:\\\/\\\/secure.gravatar.com\\\/avatar\\\/ac5001d2a36cb6c6cd3e50789007ffca834b477b74a2144564522e944eabff61?s=96&d=mm&r=g\",\"contentUrl\":\"https:\\\/\\\/secure.gravatar.com\\\/avatar\\\/ac5001d2a36cb6c6cd3e50789007ffca834b477b74a2144564522e944eabff61?s=96&d=mm&r=g\",\"caption\":\"thomas.berner\"},\"url\":\"https:\\\/\\\/www.organisator.ch\\\/fr\\\/author\\\/thomas-berner\\\/\"}]}<\/script>\n<!-- \/ Yoast SEO plugin. -->","yoast_head_json":{"title":"Cybercriminalit\u00e9 : la s\u00e9curit\u00e9 de l'information dans les PME suisses a un potentiel d'am\u00e9lioration - Organisateur","description":"Les PME suisses sont \u00e9galement touch\u00e9es par la cybercriminalit\u00e9. Pourtant, le th\u00e8me de la s\u00e9curit\u00e9 de l'information n'attire que lentement l'attention des entreprises.","robots":{"index":"index","follow":"follow","max-snippet":"max-snippet:-1","max-image-preview":"max-image-preview:large","max-video-preview":"max-video-preview:-1"},"canonical":"https:\/\/www.organisator.ch\/fr\/gestion-2\/it\/2017-11-10\/cyber-kriminalitaet-informationssicherheit-in-schweizer-kmu-mit-verbesserungspotenzial\/","og_locale":"fr_FR","og_type":"article","og_title":"Cyber-Kriminalit\u00e4t: Informationssicherheit in Schweizer KMU mit Verbesserungspotenzial","og_description":"Auch Schweizer KMU sind von #Cyber-Kriminalit\u00e4t betroffen. Trotzdem r\u00fcckt das Thema #Informationssicherheit bei den Unternehmen nur langsam in den Fokus.","og_url":"https:\/\/www.organisator.ch\/fr\/gestion-2\/it\/2017-11-10\/cyber-kriminalitaet-informationssicherheit-in-schweizer-kmu-mit-verbesserungspotenzial\/","og_site_name":"Organisator","article_publisher":"https:\/\/www.facebook.com\/OrganisatorFachmagazin","article_published_time":"2017-11-10T07:07:02+00:00","og_image":[{"width":584,"height":252,"url":"https:\/\/www.organisator.ch\/wp-content\/uploads\/2017\/11\/Cyber-Kriminalitaet-Informationssicherheit-in-Schweizer-KMU-mit-Verbesserungspotenzial_Organisator.jpg","type":"image\/jpeg"}],"author":"thomas.berner","twitter_card":"summary_large_image","twitter_title":"#Cyber-Kriminalit\u00e4t: #Informationssicherheit in Schweizer KMU mit Verbesserungspotenzial","twitter_description":"Auch Schweizer KMU sind von #Cyber-Kriminalit\u00e4t betroffen. Trotzdem r\u00fcckt das Thema #Informationssicherheit bei den Unternehmen nur langsam in den Fokus.","twitter_image":"https:\/\/www.organisator.ch\/wp-content\/uploads\/2017\/11\/Cyber-Kriminalit\u00e4t-Informationssicherheit-in-Schweizer-KMU-mit-Verbesserungspotenzial_Organisator.jpg","schema":{"@context":"https:\/\/schema.org","@graph":[{"@type":"Article","@id":"https:\/\/www.organisator.ch\/management\/it\/2017-11-10\/cyber-kriminalitaet-informationssicherheit-in-schweizer-kmu-mit-verbesserungspotenzial\/#article","isPartOf":{"@id":"https:\/\/www.organisator.ch\/management\/it\/2017-11-10\/cyber-kriminalitaet-informationssicherheit-in-schweizer-kmu-mit-verbesserungspotenzial\/"},"author":{"name":"thomas.berner","@id":"https:\/\/www.organisator.ch\/#\/schema\/person\/6f650f90b2842cd4c0cc334b4e36f67e"},"headline":"Cyber-Kriminalit\u00e4t: Informationssicherheit in Schweizer KMU mit Verbesserungspotenzial","datePublished":"2017-11-10T07:07:02+00:00","mainEntityOfPage":{"@id":"https:\/\/www.organisator.ch\/management\/it\/2017-11-10\/cyber-kriminalitaet-informationssicherheit-in-schweizer-kmu-mit-verbesserungspotenzial\/"},"wordCount":521,"commentCount":0,"publisher":{"@id":"https:\/\/www.organisator.ch\/#organization"},"image":{"@id":"https:\/\/www.organisator.ch\/management\/it\/2017-11-10\/cyber-kriminalitaet-informationssicherheit-in-schweizer-kmu-mit-verbesserungspotenzial\/#primaryimage"},"thumbnailUrl":"https:\/\/www.organisator.ch\/wp-content\/uploads\/2017\/11\/Cyber-Kriminalitaet-Informationssicherheit-in-Schweizer-KMU-mit-Verbesserungspotenzial_Organisator.jpg","keywords":["Cyber-Crime","ICT-Sicherheit","Informationssicherheit","Studie"],"articleSection":["IT"],"inLanguage":"fr-FR"},{"@type":"WebPage","@id":"https:\/\/www.organisator.ch\/management\/it\/2017-11-10\/cyber-kriminalitaet-informationssicherheit-in-schweizer-kmu-mit-verbesserungspotenzial\/","url":"https:\/\/www.organisator.ch\/management\/it\/2017-11-10\/cyber-kriminalitaet-informationssicherheit-in-schweizer-kmu-mit-verbesserungspotenzial\/","name":"Cybercriminalit\u00e9 : la s\u00e9curit\u00e9 de l'information dans les PME suisses a un potentiel d'am\u00e9lioration - Organisateur","isPartOf":{"@id":"https:\/\/www.organisator.ch\/#website"},"primaryImageOfPage":{"@id":"https:\/\/www.organisator.ch\/management\/it\/2017-11-10\/cyber-kriminalitaet-informationssicherheit-in-schweizer-kmu-mit-verbesserungspotenzial\/#primaryimage"},"image":{"@id":"https:\/\/www.organisator.ch\/management\/it\/2017-11-10\/cyber-kriminalitaet-informationssicherheit-in-schweizer-kmu-mit-verbesserungspotenzial\/#primaryimage"},"thumbnailUrl":"https:\/\/www.organisator.ch\/wp-content\/uploads\/2017\/11\/Cyber-Kriminalitaet-Informationssicherheit-in-Schweizer-KMU-mit-Verbesserungspotenzial_Organisator.jpg","datePublished":"2017-11-10T07:07:02+00:00","description":"Les PME suisses sont \u00e9galement touch\u00e9es par la cybercriminalit\u00e9. Pourtant, le th\u00e8me de la s\u00e9curit\u00e9 de l'information n'attire que lentement l'attention des entreprises.","breadcrumb":{"@id":"https:\/\/www.organisator.ch\/management\/it\/2017-11-10\/cyber-kriminalitaet-informationssicherheit-in-schweizer-kmu-mit-verbesserungspotenzial\/#breadcrumb"},"inLanguage":"fr-FR","potentialAction":[{"@type":"ReadAction","target":["https:\/\/www.organisator.ch\/management\/it\/2017-11-10\/cyber-kriminalitaet-informationssicherheit-in-schweizer-kmu-mit-verbesserungspotenzial\/"]}]},{"@type":"ImageObject","inLanguage":"fr-FR","@id":"https:\/\/www.organisator.ch\/management\/it\/2017-11-10\/cyber-kriminalitaet-informationssicherheit-in-schweizer-kmu-mit-verbesserungspotenzial\/#primaryimage","url":"https:\/\/www.organisator.ch\/wp-content\/uploads\/2017\/11\/Cyber-Kriminalitaet-Informationssicherheit-in-Schweizer-KMU-mit-Verbesserungspotenzial_Organisator.jpg","contentUrl":"https:\/\/www.organisator.ch\/wp-content\/uploads\/2017\/11\/Cyber-Kriminalitaet-Informationssicherheit-in-Schweizer-KMU-mit-Verbesserungspotenzial_Organisator.jpg","width":584,"height":252,"caption":"Schweizer KMU widmen dem Thema Cyber-Kriminalit\u00e4t noch nicht gen\u00fcgend Aufmerksamkeit, wie eine Studie der Hochschule Luzern herausfand."},{"@type":"BreadcrumbList","@id":"https:\/\/www.organisator.ch\/management\/it\/2017-11-10\/cyber-kriminalitaet-informationssicherheit-in-schweizer-kmu-mit-verbesserungspotenzial\/#breadcrumb","itemListElement":[{"@type":"ListItem","position":1,"name":"Home","item":"https:\/\/www.organisator.ch\/"},{"@type":"ListItem","position":2,"name":"Cyber-Kriminalit\u00e4t: Informationssicherheit in Schweizer KMU mit Verbesserungspotenzial"}]},{"@type":"WebSite","@id":"https:\/\/www.organisator.ch\/#website","url":"https:\/\/www.organisator.ch\/","name":"Organisateur","description":"Comp\u00e9tence et comp\u00e9tence. Proches de la pratique. L'ORGANISATEUR pr\u00e9pare 10 num\u00e9ros par an sur les th\u00e8mes essentiels pour les dirigeants de PME.","publisher":{"@id":"https:\/\/www.organisator.ch\/#organization"},"potentialAction":[{"@type":"SearchAction","target":{"@type":"EntryPoint","urlTemplate":"https:\/\/www.organisator.ch\/?s={search_term_string}"},"query-input":{"@type":"PropertyValueSpecification","valueRequired":true,"valueName":"search_term_string"}}],"inLanguage":"fr-FR"},{"@type":"Organization","@id":"https:\/\/www.organisator.ch\/#organization","name":"Organisateur","url":"https:\/\/www.organisator.ch\/","logo":{"@type":"ImageObject","inLanguage":"fr-FR","@id":"https:\/\/www.organisator.ch\/#\/schema\/logo\/image\/","url":"https:\/\/www.organisator.ch\/wp-content\/uploads\/2022\/01\/Logo_Organisator_Website.png","contentUrl":"https:\/\/www.organisator.ch\/wp-content\/uploads\/2022\/01\/Logo_Organisator_Website.png","width":800,"height":77,"caption":"Organisator"},"image":{"@id":"https:\/\/www.organisator.ch\/#\/schema\/logo\/image\/"},"sameAs":["https:\/\/www.facebook.com\/OrganisatorFachmagazin","https:\/\/www.linkedin.com\/showcase\/organisator-das-magazin-fr-kmu","https:\/\/www.xing.com\/news\/pages\/organisator-ch-695","https:\/\/www.youtube.com\/channel\/UCGP2Sq0iWaZwT3BdIAQFYpw"]},{"@type":"Person","@id":"https:\/\/www.organisator.ch\/#\/schema\/person\/6f650f90b2842cd4c0cc334b4e36f67e","name":"thomas.berner","image":{"@type":"ImageObject","inLanguage":"fr-FR","@id":"https:\/\/secure.gravatar.com\/avatar\/ac5001d2a36cb6c6cd3e50789007ffca834b477b74a2144564522e944eabff61?s=96&d=mm&r=g","url":"https:\/\/secure.gravatar.com\/avatar\/ac5001d2a36cb6c6cd3e50789007ffca834b477b74a2144564522e944eabff61?s=96&d=mm&r=g","contentUrl":"https:\/\/secure.gravatar.com\/avatar\/ac5001d2a36cb6c6cd3e50789007ffca834b477b74a2144564522e944eabff61?s=96&d=mm&r=g","caption":"thomas.berner"},"url":"https:\/\/www.organisator.ch\/fr\/author\/thomas-berner\/"}]}},"_links":{"self":[{"href":"https:\/\/www.organisator.ch\/fr\/wp-json\/wp\/v2\/posts\/2688","targetHints":{"allow":["GET"]}}],"collection":[{"href":"https:\/\/www.organisator.ch\/fr\/wp-json\/wp\/v2\/posts"}],"about":[{"href":"https:\/\/www.organisator.ch\/fr\/wp-json\/wp\/v2\/types\/post"}],"author":[{"embeddable":true,"href":"https:\/\/www.organisator.ch\/fr\/wp-json\/wp\/v2\/users\/4"}],"replies":[{"embeddable":true,"href":"https:\/\/www.organisator.ch\/fr\/wp-json\/wp\/v2\/comments?post=2688"}],"version-history":[{"count":0,"href":"https:\/\/www.organisator.ch\/fr\/wp-json\/wp\/v2\/posts\/2688\/revisions"}],"wp:featuredmedia":[{"embeddable":true,"href":"https:\/\/www.organisator.ch\/fr\/wp-json\/wp\/v2\/media\/2689"}],"wp:attachment":[{"href":"https:\/\/www.organisator.ch\/fr\/wp-json\/wp\/v2\/media?parent=2688"}],"wp:term":[{"taxonomy":"category","embeddable":true,"href":"https:\/\/www.organisator.ch\/fr\/wp-json\/wp\/v2\/categories?post=2688"},{"taxonomy":"post_tag","embeddable":true,"href":"https:\/\/www.organisator.ch\/fr\/wp-json\/wp\/v2\/tags?post=2688"}],"curies":[{"name":"wp","href":"https:\/\/api.w.org\/{rel}","templated":true}]}}