{"id":26885,"date":"2024-05-03T10:42:58","date_gmt":"2024-05-03T08:42:58","guid":{"rendered":"https:\/\/www.organisator.ch\/?p=26885"},"modified":"2024-05-01T11:43:39","modified_gmt":"2024-05-01T09:43:39","slug":"5-tipps-zur-vermeidung-von-stillen-aussteigern-in-ihrem-team","status":"publish","type":"post","link":"https:\/\/www.organisator.ch\/fr\/human-resources\/2024-05-03\/5-tipps-zur-vermeidung-von-stillen-aussteigern-in-ihrem-team\/","title":{"rendered":"5 conseils pour \u00e9viter les d\u00e9parts silencieux dans votre \u00e9quipe"},"content":{"rendered":"<figure id=\"attachment_26887\" aria-describedby=\"caption-attachment-26887\" style=\"width: 680px\" class=\"wp-caption alignnone\"><img loading=\"lazy\" decoding=\"async\" class=\"size-full wp-image-26887\" src=\"https:\/\/www.organisator.ch\/wp-content\/uploads\/2024\/05\/Robert-Walters_Bild1_ps.jpg\" alt=\"\" width=\"680\" height=\"454\" srcset=\"https:\/\/www.organisator.ch\/wp-content\/uploads\/2024\/05\/Robert-Walters_Bild1_ps.jpg 680w, https:\/\/www.organisator.ch\/wp-content\/uploads\/2024\/05\/Robert-Walters_Bild1_ps-18x12.jpg 18w, https:\/\/www.organisator.ch\/wp-content\/uploads\/2024\/05\/Robert-Walters_Bild1_ps-375x250.jpg 375w, https:\/\/www.organisator.ch\/wp-content\/uploads\/2024\/05\/Robert-Walters_Bild1_ps-524x350.jpg 524w\" sizes=\"auto, (max-width: 680px) 100vw, 680px\" \/><figcaption id=\"caption-attachment-26887\" class=\"wp-caption-text\">Les \u00e9valuations r\u00e9guli\u00e8res des performances doivent \u00eatre importantes pour pouvoir \u00e9tablir un canal de communication ouvert entre les cadres et les collaborateurs. (Image : www.depositphotos.com)<\/figcaption><\/figure>\n<p>En cons\u00e9quence, la loyaut\u00e9 au travail ne va plus de soi. Aujourd'hui, compte tenu des tensions sur le march\u00e9 de l'emploi, la r\u00e9tention des meilleurs talents est essentielle et n\u00e9cessite une approche proactive de la part des employeurs, qui place le bien-\u00eatre des employ\u00e9s au centre de leurs pr\u00e9occupations.\u00a0\u00a0\u00a0<\/p>\n<p>Pour aider les cadres \u00e0 relever ces d\u00e9fis, Evi Melkenbeke, responsable RH chez le recruteur suisse Robert Walters, a r\u00e9uni cinq pr\u00e9cieux conseils.\u00a0\u00a0\u00a0<\/p>\n<h3><strong>Conseil 1 : Organiser des \u00e9valuations r\u00e9guli\u00e8res des performances <\/strong><\/h3>\n<p>Evi : \"Les \u00e9valuations r\u00e9guli\u00e8res des performances sont importantes pour \u00e9tablir un canal de communication ouvert entre les managers et les collaborateurs. En augmentant la fr\u00e9quence de ces entretiens, par exemple \u00e0 une fois par trimestre ou m\u00eame par mois, les managers ont une meilleure vue d'ensemble de l'avancement des projets en cours et des \u00e9ventuels obstacles auxquels les collaborateurs sont confront\u00e9s, et peuvent leur apporter un soutien direct afin de les aider \u00e0 r\u00e9ussir. Cette interaction fr\u00e9quente favorise \u00e9galement le sentiment d'estime et d'engagement des collaborateurs et leur donne le sentiment d'\u00eatre entendus au sein de l'entreprise\".\u00a0\u00a0\u00a0<\/p>\n<h3><strong>Conseil 2 : aborder rapidement les attentes\u00a0\u00a0<\/strong><\/h3>\n<p>\"Il est essentiel que les employeurs formulent clairement les attentes concernant le travail et son \u00e9volution, en particulier lors du recrutement de nouveaux collaborateurs\", pr\u00e9vient Evi. \"En discutant de mani\u00e8re compl\u00e8te et honn\u00eate des t\u00e2ches, des responsabilit\u00e9s et des possibilit\u00e9s de d\u00e9veloppement du poste pendant l'entretien, on \u00e9vite les malentendus possibles et on fait en sorte que les professionnels se sentent mieux pr\u00e9par\u00e9s et soutenus lorsqu'ils entrent dans leur nouveau r\u00f4le. La d\u00e9finition d'un parcours de carri\u00e8re clair et r\u00e9aliste contribue \u00e0 motiver le personnel et \u00e0 \u00e9viter les d\u00e9ceptions qui peuvent conduire \u00e0 une d\u00e9mission silencieuse.\u00a0\u00a0<\/p>\n<h3><strong>Conseil 3 : Encourager les possibilit\u00e9s de leadership et d'apprentissage\u00a0\u00a0<\/strong>\u00a0<\/h3>\n<p>Evi : \"Proposer des programmes d'apprentissage et de leadership est un moyen efficace d'augmenter la r\u00e9tention des employ\u00e9s. En leur donnant la possibilit\u00e9 de d\u00e9velopper leurs comp\u00e9tences et d'\u00e9voluer au sein de l'entreprise, on les encourage \u00e0 continuer \u00e0 s'impliquer et \u00e0 contribuer ainsi au succ\u00e8s de l'entreprise. Non seulement cela renforce le sentiment d'engagement et de fiert\u00e9 au sein de l'\u00e9quipe, mais cela permet \u00e9galement aux employ\u00e9s de se sentir li\u00e9s \u00e0 l'entreprise \u00e0 long terme\".<\/p>\n<h3><strong>Conseil n\u00b0 4 : reconna\u00eetre et r\u00e9compenser les performances\u00a0\u00a0<\/strong><\/h3>\n<p>La valorisation de l'excellence dans le travail est inestimable pour conserver des employ\u00e9s engag\u00e9s et motiv\u00e9s. Gr\u00e2ce \u00e0 un programme de r\u00e9compenses et de reconnaissance, les employeurs peuvent reconna\u00eetre et r\u00e9compenser efficacement les performances de leurs employ\u00e9s, ce qui renforce non seulement leur confiance en eux, mais aussi leur motivation \u00e0 continuer \u00e0 s'engager dans l'entreprise. \"Qu'il s'agisse d'un compliment sinc\u00e8re, d'une prime ou d'une promotion, la reconnaissance des performances des employ\u00e9s contribue \u00e0 une culture de travail positive et renforce les liens entre les employ\u00e9s et les employeurs\", explique Evi.\u00a0\u00a0\u00a0<\/p>\n<h3><strong>Conseil n\u00b0 5 : respecter les limites et l'\u00e9quilibre entre vie professionnelle et vie priv\u00e9e\u00a0\u00a0<\/strong><\/h3>\n<p>Trouver un \u00e9quilibre entre travail et vie priv\u00e9e est souvent un d\u00e9fi, mais un d\u00e9fi indispensable pour \u00e9viter la fatigue et la d\u00e9motivation. \"Finalement, le burnout au travail est l'une des principales causes de d\u00e9missions silencieuses\", sait Evi. \"Les employeurs peuvent contribuer \u00e0 un \u00e9quilibre plus sain en respectant les limites des employ\u00e9s et en offrant une flexibilit\u00e9 en termes d'horaires et d'attentes. En encourageant les pauses, en limitant les heures suppl\u00e9mentaires et en offrant des possibilit\u00e9s de loisirs, les employeurs peuvent cr\u00e9er un environnement dans lequel les employ\u00e9s se sentent soutenus, ce qui am\u00e9liore l'engagement et la productivit\u00e9\".\u00a0\u00a0\u00a0<\/p>\n<p>Evi souligne l'importance de ces conseils de pr\u00e9vention : \"En investissant activement dans l'engagement et le bien-\u00eatre de leurs employ\u00e9s, les entreprises peuvent \u00e9viter les d\u00e9missions silencieuses et maintenir une main-d'\u0153uvre forte et engag\u00e9e\".\u00a0\u00a0<\/p>\n<p><em>Source : <a href=\"http:\/\/www.robertwalters.ch\">www.robertwalters.ch<\/a><\/em><\/p>","protected":false},"excerpt":{"rendered":"<p>Le monde du travail moderne est de plus en plus confront\u00e9 au ph\u00e9nom\u00e8ne des \"quiet quitters\" : Des employ\u00e9s qui ne font que le strict minimum et qui ne se sentent pas engag\u00e9s dans leur travail. Souvent, ce comportement est d\u00fb \u00e0 des frustrations sur le lieu de travail, \u00e0 une insatisfaction salariale ou \u00e0 un \u00e9quilibre entre vie professionnelle et vie priv\u00e9e qui n'est pas optimal. <\/p>","protected":false},"author":58,"featured_media":26887,"comment_status":"closed","ping_status":"closed","sticky":false,"template":"","format":"standard","meta":{"_acf_changed":false,"_yoast_wpseo_focuskw":"Aussteiger","_yoast_wpseo_metadesc":"Die moderne Arbeitswelt sieht sich zunehmend mit dem Ph\u00e4nomen der \u00abquiet quitters\u00bb konfrontiert: Mitarbeiter, die nur das N\u00f6tigste tun und sich bei ihrer Arbeit nicht engagiert f\u00fchlen.","articlekey":"","footnotes":""},"categories":[579],"tags":[4049,3506,4214,492],"class_list":["post-26885","post","type-post","status-publish","format-standard","has-post-thumbnail","hentry","category-human-resources","tag-arbeitswelt","tag-human-resources","tag-tipps","tag-unternehmen"],"acf":[],"yoast_head":"<!-- This site is optimized with the Yoast SEO plugin v27.5 - https:\/\/yoast.com\/product\/yoast-seo-wordpress\/ -->\n<title>5 Tipps zur Vermeidung von stillen Aussteigern in Ihrem Team - Organisator<\/title>\n<meta name=\"description\" content=\"Die moderne Arbeitswelt sieht sich zunehmend mit dem Ph\u00e4nomen der \u00abquiet quitters\u00bb konfrontiert: Mitarbeiter, die nur das N\u00f6tigste tun und sich bei ihrer Arbeit nicht engagiert f\u00fchlen.\" \/>\n<meta name=\"robots\" content=\"index, follow, max-snippet:-1, max-image-preview:large, max-video-preview:-1\" \/>\n<link rel=\"canonical\" href=\"https:\/\/www.organisator.ch\/fr\/ressources-humaines\/2024-05-03\/5-tipps-zur-vermeidung-von-stillen-aussteigern-in-ihrem-team\/\" \/>\n<meta property=\"og:locale\" content=\"fr_FR\" \/>\n<meta property=\"og:type\" content=\"article\" \/>\n<meta property=\"og:title\" content=\"5 Tipps zur Vermeidung von stillen Aussteigern in Ihrem Team\" \/>\n<meta property=\"og:description\" content=\"Die moderne Arbeitswelt sieht sich zunehmend mit dem Ph\u00e4nomen der \u00abquiet quitters\u00bb konfrontiert: Mitarbeiter, die nur das N\u00f6tigste tun und sich bei ihrer Arbeit nicht engagiert f\u00fchlen.\" \/>\n<meta property=\"og:url\" content=\"https:\/\/www.organisator.ch\/fr\/ressources-humaines\/2024-05-03\/5-tipps-zur-vermeidung-von-stillen-aussteigern-in-ihrem-team\/\" \/>\n<meta property=\"og:site_name\" content=\"Organisator\" \/>\n<meta property=\"article:publisher\" content=\"https:\/\/www.facebook.com\/OrganisatorFachmagazin\" \/>\n<meta property=\"article:published_time\" content=\"2024-05-03T08:42:58+00:00\" \/>\n<meta property=\"og:image\" content=\"https:\/\/www.organisator.ch\/wp-content\/uploads\/2024\/05\/Robert-Walters_Bild1_ps.jpg\" \/>\n\t<meta property=\"og:image:width\" content=\"680\" \/>\n\t<meta property=\"og:image:height\" content=\"454\" \/>\n\t<meta property=\"og:image:type\" content=\"image\/jpeg\" \/>\n<meta name=\"author\" content=\"Adelisa Kalajdzini\" \/>\n<meta name=\"twitter:card\" content=\"summary_large_image\" \/>\n<meta name=\"twitter:title\" content=\"5 Tipps zur Vermeidung von stillen Aussteigern in Ihrem Team\" \/>\n<meta name=\"twitter:description\" content=\"Die moderne #Arbeitswelt sieht sich zunehmend mit dem Ph\u00e4nomen der #\u00abquiet quitters\u00bb konfrontiert: #Mitarbeiter, die nur das N\u00f6tigste tun und sich bei ihrer Arbeit nicht engagiert f\u00fchlen.\" \/>\n<meta name=\"twitter:image\" content=\"https:\/\/www.organisator.ch\/wp-content\/uploads\/2024\/05\/Robert-Walters_Bild1_ps.jpg\" \/>\n<script type=\"application\/ld+json\" class=\"yoast-schema-graph\">{\"@context\":\"https:\\\/\\\/schema.org\",\"@graph\":[{\"@type\":\"Article\",\"@id\":\"https:\\\/\\\/www.organisator.ch\\\/human-resources\\\/2024-05-03\\\/5-tipps-zur-vermeidung-von-stillen-aussteigern-in-ihrem-team\\\/#article\",\"isPartOf\":{\"@id\":\"https:\\\/\\\/www.organisator.ch\\\/human-resources\\\/2024-05-03\\\/5-tipps-zur-vermeidung-von-stillen-aussteigern-in-ihrem-team\\\/\"},\"author\":{\"name\":\"Adelisa Kalajdzini\",\"@id\":\"https:\\\/\\\/www.organisator.ch\\\/#\\\/schema\\\/person\\\/2e1314a2172123f874db408d8911d3f3\"},\"headline\":\"5 Tipps zur Vermeidung von stillen Aussteigern in Ihrem Team\",\"datePublished\":\"2024-05-03T08:42:58+00:00\",\"mainEntityOfPage\":{\"@id\":\"https:\\\/\\\/www.organisator.ch\\\/human-resources\\\/2024-05-03\\\/5-tipps-zur-vermeidung-von-stillen-aussteigern-in-ihrem-team\\\/\"},\"wordCount\":654,\"publisher\":{\"@id\":\"https:\\\/\\\/www.organisator.ch\\\/#organization\"},\"image\":{\"@id\":\"https:\\\/\\\/www.organisator.ch\\\/human-resources\\\/2024-05-03\\\/5-tipps-zur-vermeidung-von-stillen-aussteigern-in-ihrem-team\\\/#primaryimage\"},\"thumbnailUrl\":\"https:\\\/\\\/www.organisator.ch\\\/wp-content\\\/uploads\\\/2024\\\/05\\\/Robert-Walters_Bild1_ps.jpg\",\"keywords\":[\"Arbeitswelt\",\"Human Resources\",\"Tipps\",\"Unternehmen\"],\"articleSection\":[\"HUMAN RESOURCES\"],\"inLanguage\":\"fr-FR\"},{\"@type\":\"WebPage\",\"@id\":\"https:\\\/\\\/www.organisator.ch\\\/human-resources\\\/2024-05-03\\\/5-tipps-zur-vermeidung-von-stillen-aussteigern-in-ihrem-team\\\/\",\"url\":\"https:\\\/\\\/www.organisator.ch\\\/human-resources\\\/2024-05-03\\\/5-tipps-zur-vermeidung-von-stillen-aussteigern-in-ihrem-team\\\/\",\"name\":\"5 Tipps zur Vermeidung von stillen Aussteigern in Ihrem Team - Organisator\",\"isPartOf\":{\"@id\":\"https:\\\/\\\/www.organisator.ch\\\/#website\"},\"primaryImageOfPage\":{\"@id\":\"https:\\\/\\\/www.organisator.ch\\\/human-resources\\\/2024-05-03\\\/5-tipps-zur-vermeidung-von-stillen-aussteigern-in-ihrem-team\\\/#primaryimage\"},\"image\":{\"@id\":\"https:\\\/\\\/www.organisator.ch\\\/human-resources\\\/2024-05-03\\\/5-tipps-zur-vermeidung-von-stillen-aussteigern-in-ihrem-team\\\/#primaryimage\"},\"thumbnailUrl\":\"https:\\\/\\\/www.organisator.ch\\\/wp-content\\\/uploads\\\/2024\\\/05\\\/Robert-Walters_Bild1_ps.jpg\",\"datePublished\":\"2024-05-03T08:42:58+00:00\",\"description\":\"Die moderne Arbeitswelt sieht sich zunehmend mit dem Ph\u00e4nomen der \u00abquiet quitters\u00bb konfrontiert: Mitarbeiter, die nur das N\u00f6tigste tun und sich bei ihrer Arbeit nicht engagiert f\u00fchlen.\",\"breadcrumb\":{\"@id\":\"https:\\\/\\\/www.organisator.ch\\\/human-resources\\\/2024-05-03\\\/5-tipps-zur-vermeidung-von-stillen-aussteigern-in-ihrem-team\\\/#breadcrumb\"},\"inLanguage\":\"fr-FR\",\"potentialAction\":[{\"@type\":\"ReadAction\",\"target\":[\"https:\\\/\\\/www.organisator.ch\\\/human-resources\\\/2024-05-03\\\/5-tipps-zur-vermeidung-von-stillen-aussteigern-in-ihrem-team\\\/\"]}]},{\"@type\":\"ImageObject\",\"inLanguage\":\"fr-FR\",\"@id\":\"https:\\\/\\\/www.organisator.ch\\\/human-resources\\\/2024-05-03\\\/5-tipps-zur-vermeidung-von-stillen-aussteigern-in-ihrem-team\\\/#primaryimage\",\"url\":\"https:\\\/\\\/www.organisator.ch\\\/wp-content\\\/uploads\\\/2024\\\/05\\\/Robert-Walters_Bild1_ps.jpg\",\"contentUrl\":\"https:\\\/\\\/www.organisator.ch\\\/wp-content\\\/uploads\\\/2024\\\/05\\\/Robert-Walters_Bild1_ps.jpg\",\"width\":680,\"height\":454,\"caption\":\"Regelm\u00e4ssige Leistungsbeurteilungen sollen wichtig sein, um einen offenen Kommunikationskanal zwischen F\u00fchrungskr\u00e4ften und Mitarbeitern aufzubauen zu k\u00f6nnen. (Bild: www.depositphotos.com)\"},{\"@type\":\"BreadcrumbList\",\"@id\":\"https:\\\/\\\/www.organisator.ch\\\/human-resources\\\/2024-05-03\\\/5-tipps-zur-vermeidung-von-stillen-aussteigern-in-ihrem-team\\\/#breadcrumb\",\"itemListElement\":[{\"@type\":\"ListItem\",\"position\":1,\"name\":\"Home\",\"item\":\"https:\\\/\\\/www.organisator.ch\\\/\"},{\"@type\":\"ListItem\",\"position\":2,\"name\":\"5 Tipps zur Vermeidung von stillen Aussteigern in Ihrem Team\"}]},{\"@type\":\"WebSite\",\"@id\":\"https:\\\/\\\/www.organisator.ch\\\/#website\",\"url\":\"https:\\\/\\\/www.organisator.ch\\\/\",\"name\":\"Organisator\",\"description\":\"Kompetent. Praxisnah. Der ORGANISATOR bereitet in 10 Ausgaben pro Jahr die wesentlichen Themen f\u00fcr F\u00fchrungskr\u00e4fte von KMU auf.\",\"publisher\":{\"@id\":\"https:\\\/\\\/www.organisator.ch\\\/#organization\"},\"potentialAction\":[{\"@type\":\"SearchAction\",\"target\":{\"@type\":\"EntryPoint\",\"urlTemplate\":\"https:\\\/\\\/www.organisator.ch\\\/?s={search_term_string}\"},\"query-input\":{\"@type\":\"PropertyValueSpecification\",\"valueRequired\":true,\"valueName\":\"search_term_string\"}}],\"inLanguage\":\"fr-FR\"},{\"@type\":\"Organization\",\"@id\":\"https:\\\/\\\/www.organisator.ch\\\/#organization\",\"name\":\"Organisator\",\"url\":\"https:\\\/\\\/www.organisator.ch\\\/\",\"logo\":{\"@type\":\"ImageObject\",\"inLanguage\":\"fr-FR\",\"@id\":\"https:\\\/\\\/www.organisator.ch\\\/#\\\/schema\\\/logo\\\/image\\\/\",\"url\":\"https:\\\/\\\/www.organisator.ch\\\/wp-content\\\/uploads\\\/2022\\\/01\\\/Logo_Organisator_Website.png\",\"contentUrl\":\"https:\\\/\\\/www.organisator.ch\\\/wp-content\\\/uploads\\\/2022\\\/01\\\/Logo_Organisator_Website.png\",\"width\":800,\"height\":77,\"caption\":\"Organisator\"},\"image\":{\"@id\":\"https:\\\/\\\/www.organisator.ch\\\/#\\\/schema\\\/logo\\\/image\\\/\"},\"sameAs\":[\"https:\\\/\\\/www.facebook.com\\\/OrganisatorFachmagazin\",\"https:\\\/\\\/www.linkedin.com\\\/showcase\\\/organisator-das-magazin-fr-kmu\",\"https:\\\/\\\/www.xing.com\\\/news\\\/pages\\\/organisator-ch-695\",\"https:\\\/\\\/www.youtube.com\\\/channel\\\/UCGP2Sq0iWaZwT3BdIAQFYpw\"]},{\"@type\":\"Person\",\"@id\":\"https:\\\/\\\/www.organisator.ch\\\/#\\\/schema\\\/person\\\/2e1314a2172123f874db408d8911d3f3\",\"name\":\"Adelisa Kalajdzini\",\"image\":{\"@type\":\"ImageObject\",\"inLanguage\":\"fr-FR\",\"@id\":\"https:\\\/\\\/secure.gravatar.com\\\/avatar\\\/09a397c22ac58cad6f160ee8306348599df9df58a8ede73696226897b9fa4b24?s=96&d=mm&r=g\",\"url\":\"https:\\\/\\\/secure.gravatar.com\\\/avatar\\\/09a397c22ac58cad6f160ee8306348599df9df58a8ede73696226897b9fa4b24?s=96&d=mm&r=g\",\"contentUrl\":\"https:\\\/\\\/secure.gravatar.com\\\/avatar\\\/09a397c22ac58cad6f160ee8306348599df9df58a8ede73696226897b9fa4b24?s=96&d=mm&r=g\",\"caption\":\"Adelisa Kalajdzini\"},\"url\":\"https:\\\/\\\/www.organisator.ch\\\/fr\\\/author\\\/adelisa-kalajdzini\\\/\"}]}<\/script>\n<!-- \/ Yoast SEO plugin. -->","yoast_head_json":{"title":"5 conseils pour \u00e9viter les d\u00e9fections silencieuses dans votre \u00e9quipe - Organisateur","description":"Le monde du travail moderne est de plus en plus confront\u00e9 au ph\u00e9nom\u00e8ne des \"quiet quitters\" : Des employ\u00e9s qui ne font que le strict minimum et qui ne se sentent pas engag\u00e9s dans leur travail.","robots":{"index":"index","follow":"follow","max-snippet":"max-snippet:-1","max-image-preview":"max-image-preview:large","max-video-preview":"max-video-preview:-1"},"canonical":"https:\/\/www.organisator.ch\/fr\/ressources-humaines\/2024-05-03\/5-tipps-zur-vermeidung-von-stillen-aussteigern-in-ihrem-team\/","og_locale":"fr_FR","og_type":"article","og_title":"5 Tipps zur Vermeidung von stillen Aussteigern in Ihrem Team","og_description":"Die moderne Arbeitswelt sieht sich zunehmend mit dem Ph\u00e4nomen der \u00abquiet quitters\u00bb konfrontiert: Mitarbeiter, die nur das N\u00f6tigste tun und sich bei ihrer Arbeit nicht engagiert f\u00fchlen.","og_url":"https:\/\/www.organisator.ch\/fr\/ressources-humaines\/2024-05-03\/5-tipps-zur-vermeidung-von-stillen-aussteigern-in-ihrem-team\/","og_site_name":"Organisator","article_publisher":"https:\/\/www.facebook.com\/OrganisatorFachmagazin","article_published_time":"2024-05-03T08:42:58+00:00","og_image":[{"width":680,"height":454,"url":"https:\/\/www.organisator.ch\/wp-content\/uploads\/2024\/05\/Robert-Walters_Bild1_ps.jpg","type":"image\/jpeg"}],"author":"Adelisa Kalajdzini","twitter_card":"summary_large_image","twitter_title":"5 Tipps zur Vermeidung von stillen Aussteigern in Ihrem Team","twitter_description":"Die moderne #Arbeitswelt sieht sich zunehmend mit dem Ph\u00e4nomen der #\u00abquiet quitters\u00bb konfrontiert: #Mitarbeiter, die nur das N\u00f6tigste tun und sich bei ihrer Arbeit nicht engagiert f\u00fchlen.","twitter_image":"https:\/\/www.organisator.ch\/wp-content\/uploads\/2024\/05\/Robert-Walters_Bild1_ps.jpg","schema":{"@context":"https:\/\/schema.org","@graph":[{"@type":"Article","@id":"https:\/\/www.organisator.ch\/human-resources\/2024-05-03\/5-tipps-zur-vermeidung-von-stillen-aussteigern-in-ihrem-team\/#article","isPartOf":{"@id":"https:\/\/www.organisator.ch\/human-resources\/2024-05-03\/5-tipps-zur-vermeidung-von-stillen-aussteigern-in-ihrem-team\/"},"author":{"name":"Adelisa Kalajdzini","@id":"https:\/\/www.organisator.ch\/#\/schema\/person\/2e1314a2172123f874db408d8911d3f3"},"headline":"5 Tipps zur Vermeidung von stillen Aussteigern in Ihrem Team","datePublished":"2024-05-03T08:42:58+00:00","mainEntityOfPage":{"@id":"https:\/\/www.organisator.ch\/human-resources\/2024-05-03\/5-tipps-zur-vermeidung-von-stillen-aussteigern-in-ihrem-team\/"},"wordCount":654,"publisher":{"@id":"https:\/\/www.organisator.ch\/#organization"},"image":{"@id":"https:\/\/www.organisator.ch\/human-resources\/2024-05-03\/5-tipps-zur-vermeidung-von-stillen-aussteigern-in-ihrem-team\/#primaryimage"},"thumbnailUrl":"https:\/\/www.organisator.ch\/wp-content\/uploads\/2024\/05\/Robert-Walters_Bild1_ps.jpg","keywords":["Arbeitswelt","Human Resources","Tipps","Unternehmen"],"articleSection":["HUMAN RESOURCES"],"inLanguage":"fr-FR"},{"@type":"WebPage","@id":"https:\/\/www.organisator.ch\/human-resources\/2024-05-03\/5-tipps-zur-vermeidung-von-stillen-aussteigern-in-ihrem-team\/","url":"https:\/\/www.organisator.ch\/human-resources\/2024-05-03\/5-tipps-zur-vermeidung-von-stillen-aussteigern-in-ihrem-team\/","name":"5 conseils pour \u00e9viter les d\u00e9fections silencieuses dans votre \u00e9quipe - Organisateur","isPartOf":{"@id":"https:\/\/www.organisator.ch\/#website"},"primaryImageOfPage":{"@id":"https:\/\/www.organisator.ch\/human-resources\/2024-05-03\/5-tipps-zur-vermeidung-von-stillen-aussteigern-in-ihrem-team\/#primaryimage"},"image":{"@id":"https:\/\/www.organisator.ch\/human-resources\/2024-05-03\/5-tipps-zur-vermeidung-von-stillen-aussteigern-in-ihrem-team\/#primaryimage"},"thumbnailUrl":"https:\/\/www.organisator.ch\/wp-content\/uploads\/2024\/05\/Robert-Walters_Bild1_ps.jpg","datePublished":"2024-05-03T08:42:58+00:00","description":"Le monde du travail moderne est de plus en plus confront\u00e9 au ph\u00e9nom\u00e8ne des \"quiet quitters\" : Des employ\u00e9s qui ne font que le strict minimum et qui ne se sentent pas engag\u00e9s dans leur travail.","breadcrumb":{"@id":"https:\/\/www.organisator.ch\/human-resources\/2024-05-03\/5-tipps-zur-vermeidung-von-stillen-aussteigern-in-ihrem-team\/#breadcrumb"},"inLanguage":"fr-FR","potentialAction":[{"@type":"ReadAction","target":["https:\/\/www.organisator.ch\/human-resources\/2024-05-03\/5-tipps-zur-vermeidung-von-stillen-aussteigern-in-ihrem-team\/"]}]},{"@type":"ImageObject","inLanguage":"fr-FR","@id":"https:\/\/www.organisator.ch\/human-resources\/2024-05-03\/5-tipps-zur-vermeidung-von-stillen-aussteigern-in-ihrem-team\/#primaryimage","url":"https:\/\/www.organisator.ch\/wp-content\/uploads\/2024\/05\/Robert-Walters_Bild1_ps.jpg","contentUrl":"https:\/\/www.organisator.ch\/wp-content\/uploads\/2024\/05\/Robert-Walters_Bild1_ps.jpg","width":680,"height":454,"caption":"Regelm\u00e4ssige Leistungsbeurteilungen sollen wichtig sein, um einen offenen Kommunikationskanal zwischen F\u00fchrungskr\u00e4ften und Mitarbeitern aufzubauen zu k\u00f6nnen. (Bild: www.depositphotos.com)"},{"@type":"BreadcrumbList","@id":"https:\/\/www.organisator.ch\/human-resources\/2024-05-03\/5-tipps-zur-vermeidung-von-stillen-aussteigern-in-ihrem-team\/#breadcrumb","itemListElement":[{"@type":"ListItem","position":1,"name":"Home","item":"https:\/\/www.organisator.ch\/"},{"@type":"ListItem","position":2,"name":"5 Tipps zur Vermeidung von stillen Aussteigern in Ihrem Team"}]},{"@type":"WebSite","@id":"https:\/\/www.organisator.ch\/#website","url":"https:\/\/www.organisator.ch\/","name":"Organisateur","description":"Comp\u00e9tence et comp\u00e9tence. Proches de la pratique. L'ORGANISATEUR pr\u00e9pare 10 num\u00e9ros par an sur les th\u00e8mes essentiels pour les dirigeants de PME.","publisher":{"@id":"https:\/\/www.organisator.ch\/#organization"},"potentialAction":[{"@type":"SearchAction","target":{"@type":"EntryPoint","urlTemplate":"https:\/\/www.organisator.ch\/?s={search_term_string}"},"query-input":{"@type":"PropertyValueSpecification","valueRequired":true,"valueName":"search_term_string"}}],"inLanguage":"fr-FR"},{"@type":"Organization","@id":"https:\/\/www.organisator.ch\/#organization","name":"Organisateur","url":"https:\/\/www.organisator.ch\/","logo":{"@type":"ImageObject","inLanguage":"fr-FR","@id":"https:\/\/www.organisator.ch\/#\/schema\/logo\/image\/","url":"https:\/\/www.organisator.ch\/wp-content\/uploads\/2022\/01\/Logo_Organisator_Website.png","contentUrl":"https:\/\/www.organisator.ch\/wp-content\/uploads\/2022\/01\/Logo_Organisator_Website.png","width":800,"height":77,"caption":"Organisator"},"image":{"@id":"https:\/\/www.organisator.ch\/#\/schema\/logo\/image\/"},"sameAs":["https:\/\/www.facebook.com\/OrganisatorFachmagazin","https:\/\/www.linkedin.com\/showcase\/organisator-das-magazin-fr-kmu","https:\/\/www.xing.com\/news\/pages\/organisator-ch-695","https:\/\/www.youtube.com\/channel\/UCGP2Sq0iWaZwT3BdIAQFYpw"]},{"@type":"Person","@id":"https:\/\/www.organisator.ch\/#\/schema\/person\/2e1314a2172123f874db408d8911d3f3","name":"Adelisa Kalajdzini","image":{"@type":"ImageObject","inLanguage":"fr-FR","@id":"https:\/\/secure.gravatar.com\/avatar\/09a397c22ac58cad6f160ee8306348599df9df58a8ede73696226897b9fa4b24?s=96&d=mm&r=g","url":"https:\/\/secure.gravatar.com\/avatar\/09a397c22ac58cad6f160ee8306348599df9df58a8ede73696226897b9fa4b24?s=96&d=mm&r=g","contentUrl":"https:\/\/secure.gravatar.com\/avatar\/09a397c22ac58cad6f160ee8306348599df9df58a8ede73696226897b9fa4b24?s=96&d=mm&r=g","caption":"Adelisa Kalajdzini"},"url":"https:\/\/www.organisator.ch\/fr\/author\/adelisa-kalajdzini\/"}]}},"_links":{"self":[{"href":"https:\/\/www.organisator.ch\/fr\/wp-json\/wp\/v2\/posts\/26885","targetHints":{"allow":["GET"]}}],"collection":[{"href":"https:\/\/www.organisator.ch\/fr\/wp-json\/wp\/v2\/posts"}],"about":[{"href":"https:\/\/www.organisator.ch\/fr\/wp-json\/wp\/v2\/types\/post"}],"author":[{"embeddable":true,"href":"https:\/\/www.organisator.ch\/fr\/wp-json\/wp\/v2\/users\/58"}],"replies":[{"embeddable":true,"href":"https:\/\/www.organisator.ch\/fr\/wp-json\/wp\/v2\/comments?post=26885"}],"version-history":[{"count":4,"href":"https:\/\/www.organisator.ch\/fr\/wp-json\/wp\/v2\/posts\/26885\/revisions"}],"predecessor-version":[{"id":26955,"href":"https:\/\/www.organisator.ch\/fr\/wp-json\/wp\/v2\/posts\/26885\/revisions\/26955"}],"wp:featuredmedia":[{"embeddable":true,"href":"https:\/\/www.organisator.ch\/fr\/wp-json\/wp\/v2\/media\/26887"}],"wp:attachment":[{"href":"https:\/\/www.organisator.ch\/fr\/wp-json\/wp\/v2\/media?parent=26885"}],"wp:term":[{"taxonomy":"category","embeddable":true,"href":"https:\/\/www.organisator.ch\/fr\/wp-json\/wp\/v2\/categories?post=26885"},{"taxonomy":"post_tag","embeddable":true,"href":"https:\/\/www.organisator.ch\/fr\/wp-json\/wp\/v2\/tags?post=26885"}],"curies":[{"name":"wp","href":"https:\/\/api.w.org\/{rel}","templated":true}]}}