{"id":2695,"date":"2017-11-13T14:00:44","date_gmt":"2017-11-13T13:00:44","guid":{"rendered":"https:\/\/www.organisator.ch\/?p=2695"},"modified":"2017-11-13T14:00:44","modified_gmt":"2017-11-13T13:00:44","slug":"customer-experience-in-der-privaten-vorsorge-nicht-ueberzeugend","status":"publish","type":"post","link":"https:\/\/www.organisator.ch\/fr\/management\/finanzen_recht\/2017-11-13\/customer-experience-in-der-privaten-vorsorge-nicht-ueberzeugend\/","title":{"rendered":"L'exp\u00e9rience client dans la pr\u00e9voyance priv\u00e9e n'est pas convaincante"},"content":{"rendered":"<p>L'agence num\u00e9rique multiservices Namics a r\u00e9alis\u00e9 une \u00e9tude sur le th\u00e8me \"Customer Experience in private Vorsorge - Le conseil personnel restera-t-il indispensable \u00e0 l'avenir num\u00e9rique ? Pour cette \u00e9tude, les experts en e-business ont \u00e9valu\u00e9 l'exp\u00e9rience client lors de la souscription de produits de pr\u00e9voyance priv\u00e9e. R\u00e9sultat : l'exp\u00e9rience client n'est que satisfaisante et ne parvient pas \u00e0 enthousiasmer. Le point de contact le plus important est toujours le conseil personnalis\u00e9, qui pr\u00e9sente toutefois un fort potentiel d'optimisation. Plus de 800 clients de plus de 24 banques et assurances diff\u00e9rentes ayant souscrit une pr\u00e9voyance priv\u00e9e par le pass\u00e9 ont \u00e9t\u00e9 interrog\u00e9s. Parmi les entreprises \u00e9tudi\u00e9es, on trouve notamment Allianz, Commerzbank, Credit Suisse et PostFinance.<\/p>\n<h2>les besoins des clients : Crainte de la pauvret\u00e9 des personnes \u00e2g\u00e9es et manque d'offres personnalis\u00e9es<\/h2>\n<p>Les prestataires de services financiers doivent comprendre les besoins et les exigences de leurs clients et \u00eatre en mesure d'y r\u00e9pondre. L'\u00e9tude montre quels sont les objectifs des clients en mati\u00e8re de pr\u00e9voyance vieillesse priv\u00e9e et quels sont les \u00e9l\u00e9ments d\u00e9clencheurs pour s'int\u00e9resser \u00e0 ce sujet :<\/p>\n<p><img loading=\"lazy\" decoding=\"async\" class=\"alignnone size-full wp-image-2696\" src=\"https:\/\/www.organisator.ch\/wp-content\/uploads\/2017\/11\/Customer-Experience-in-der-privaten-Vorsorge-nicht-ueberzeugend-1_Organisator.jpg\" alt=\"\" width=\"358\" height=\"198\" srcset=\"https:\/\/www.organisator.ch\/wp-content\/uploads\/2017\/11\/Customer-Experience-in-der-privaten-Vorsorge-nicht-ueberzeugend-1_Organisator.jpg 358w, https:\/\/www.organisator.ch\/wp-content\/uploads\/2017\/11\/Customer-Experience-in-der-privaten-Vorsorge-nicht-ueberzeugend-1_Organisator-16x9.jpg 16w, https:\/\/www.organisator.ch\/wp-content\/uploads\/2017\/11\/Customer-Experience-in-der-privaten-Vorsorge-nicht-ueberzeugend-1_Organisator-316x175.jpg 316w, https:\/\/www.organisator.ch\/wp-content\/uploads\/2017\/11\/Customer-Experience-in-der-privaten-Vorsorge-nicht-ueberzeugend-1_Organisator-300x166.jpg 300w\" sizes=\"auto, (max-width: 358px) 100vw, 358px\" \/><\/p>\n<p>Les personnes qui d\u00e9finissent des besoins aussi clairs demandent des produits personnalis\u00e9s en cons\u00e9quence. C'est pourquoi plus de 80 pour cent des personnes interrog\u00e9es souhaitent souscrire un produit qui r\u00e9ponde de mani\u00e8re optimale \u00e0 leurs souhaits individuels. Or, ces produits font souvent d\u00e9faut, comme le montre l'\u00e9tude : 42,0 % des clients indiquent que leur produit actuel n'est pas adapt\u00e9 \u00e0 leurs besoins.<\/p>\n<h2>Les types de clients : Mod\u00e8les de comportement actifs et passifs<\/h2>\n<p>L'\u00e9tude r\u00e9v\u00e8le de nettes diff\u00e9rences dans le comportement des clients en mati\u00e8re d'interaction avec les entreprises. Celles-ci sont particuli\u00e8rement \u00e9videntes lors de la recherche d'informations au cours du parcours client. Deux types de comportement se d\u00e9gagent :<\/p>\n<p><img loading=\"lazy\" decoding=\"async\" class=\"alignnone size-full wp-image-2697\" src=\"https:\/\/www.organisator.ch\/wp-content\/uploads\/2017\/11\/Customer-Experience-in-der-privaten-Vorsorge-nicht-ueberzeugend-2_Organisator.jpg\" alt=\"\" width=\"335\" height=\"184\" srcset=\"https:\/\/www.organisator.ch\/wp-content\/uploads\/2017\/11\/Customer-Experience-in-der-privaten-Vorsorge-nicht-ueberzeugend-2_Organisator.jpg 335w, https:\/\/www.organisator.ch\/wp-content\/uploads\/2017\/11\/Customer-Experience-in-der-privaten-Vorsorge-nicht-ueberzeugend-2_Organisator-16x9.jpg 16w, https:\/\/www.organisator.ch\/wp-content\/uploads\/2017\/11\/Customer-Experience-in-der-privaten-Vorsorge-nicht-ueberzeugend-2_Organisator-319x175.jpg 319w, https:\/\/www.organisator.ch\/wp-content\/uploads\/2017\/11\/Customer-Experience-in-der-privaten-Vorsorge-nicht-ueberzeugend-2_Organisator-300x165.jpg 300w\" sizes=\"auto, (max-width: 335px) 100vw, 335px\" \/><\/p>\n<p>Les \"actifs multim\u00e9dias\" s'informent activement par tous les canaux et se pr\u00e9parent \u00e0 un entretien. Ils sont r\u00e9ceptifs \u00e0 la publicit\u00e9 via les canaux classiques et en ligne et ont besoin du conseil comme point de contact compl\u00e9mentaire. Les \"passifs personnels\" ne s'informent gu\u00e8re eux-m\u00eames et s'attendent \u00e0 recevoir toutes les informations lors de l'entretien de conseil. Ils sont insensibles \u00e0 la publicit\u00e9 et doivent \u00eatre sensibilis\u00e9s au sujet par le conseiller ou des proches. Ici aussi, le conseil est le point de contact central - c'est par ce biais que toutes les informations sont recueillies et que les d\u00e9cisions concernant les approches possibles sont prises.<\/p>\n<h2>Customer Journey : les principaux touchpoints et canaux, de l'\u00e9l\u00e9ment d\u00e9clencheur \u00e0 la conclusion du contrat<\/h2>\n<p>Les deux types suivent le m\u00eame parcours client. Cependant, ils se distinguent en partie fortement dans le choix de leurs Touchpoints et de leurs canaux. Par exemple, 60,6 % des \"actifs multim\u00e9dias\" citent la publicit\u00e9 en ligne comme \u00e9l\u00e9ment d\u00e9clencheur pour s'informer sur la pr\u00e9voyance priv\u00e9e. Chez les \"passifs personnels\", ils ne sont que 12,9 %. Le choix du Touchpoint diverge \u00e9galement dans la phase d'information. Alors que 79,8 % des \"actifs multim\u00e9dias\" s'informent sur les sites Internet des banques et des assurances, seuls 19,3 % des \"passifs personnels\" utilisent ce point de contact. En ce qui concerne le contact, les deux types sont toutefois d'accord : avec plus de 77 pour cent, le contact direct avec le conseiller \u00e0 la client\u00e8le est un canal central. Les deux s'accordent \u00e9galement sur le souhait d'un conseil personnalis\u00e9. En ce qui concerne la conclusion, il y a \u00e0 nouveau une grande diff\u00e9rence, notamment en ce qui concerne l'envoi de documents. Ici, 52,6 % des \"actifs multim\u00e9dias\" sont favorables au portail en ligne, contre seulement 28,2 % pour l'autre groupe.<\/p>\n<p><img loading=\"lazy\" decoding=\"async\" class=\"alignnone size-full wp-image-2698\" src=\"https:\/\/www.organisator.ch\/wp-content\/uploads\/2017\/11\/Customer-Experience-in-der-privaten-Vorsorge-nicht-ueberzeugend-3_Organisator.jpg\" alt=\"\" width=\"640\" height=\"332\" srcset=\"https:\/\/www.organisator.ch\/wp-content\/uploads\/2017\/11\/Customer-Experience-in-der-privaten-Vorsorge-nicht-ueberzeugend-3_Organisator.jpg 640w, https:\/\/www.organisator.ch\/wp-content\/uploads\/2017\/11\/Customer-Experience-in-der-privaten-Vorsorge-nicht-ueberzeugend-3_Organisator-16x8.jpg 16w, https:\/\/www.organisator.ch\/wp-content\/uploads\/2017\/11\/Customer-Experience-in-der-privaten-Vorsorge-nicht-ueberzeugend-3_Organisator-337x175.jpg 337w, https:\/\/www.organisator.ch\/wp-content\/uploads\/2017\/11\/Customer-Experience-in-der-privaten-Vorsorge-nicht-ueberzeugend-3_Organisator-300x156.jpg 300w\" sizes=\"auto, (max-width: 640px) 100vw, 640px\" \/><\/p>\n<h2>Satisfaction des clients : l'enthousiasme a l'air diff\u00e9rent<\/h2>\n<p>Selon l'\u00e9tude, les clients interrog\u00e9s sont globalement satisfaits, mais pas enthousiastes. Cela a \u00e9t\u00e9 d\u00e9termin\u00e9 par le Customer Experience Index (CXi), qui mesure la satisfaction g\u00e9n\u00e9rale des clients. Celui-ci fait \u00e9tat d'une solide performance de 72,9 pour cent pour l'ensemble du secteur. En comparaison, la perception des assurances, avec un CXi de 75,6 pour cent, est l\u00e9g\u00e8rement sup\u00e9rieure \u00e0 celle des banques (cf. 68,8 pour cent). Les clients per\u00e7oivent donc la souscription d'un produit de pr\u00e9voyance priv\u00e9e comme \"mod\u00e9r\u00e9ment positive\".<\/p>\n<p><em>L'\u00e9tude compl\u00e8te sur l'exp\u00e9rience client est <a href=\"https:\/\/www.namics.com\/news\/2017\/customer-experience-in-der-privaten-vorsorge\/\">ici<\/a> disponible en t\u00e9l\u00e9chargement.<\/em><\/p>","protected":false},"excerpt":{"rendered":"<p>Die Fullservice-Digitalagentur Namics hat eine Studie zum Thema \u201cCustomer Experience in der privaten Vorsorge \u2013 Bleibt pers\u00f6nliche Beratung in der digitalen Zukunft unverzichtbar?\u201d durchgef\u00fchrt. F\u00fcr die Studie bewerteten die E-Business-Experten das Kundenerlebnis beim Abschluss von privaten Vorsorgeprodukten. Das Ergebnis: Die Customer Experience ist nur zufriedenstellend und kann nicht begeistern. Wichtigster Touchpoint ist immer noch die [&hellip;]<\/p>\n","protected":false},"author":4,"featured_media":2698,"comment_status":"open","ping_status":"open","sticky":false,"template":"","format":"standard","meta":{"_acf_changed":false,"_yoast_wpseo_focuskw":"Customer Experience","_yoast_wpseo_metadesc":"Gem\u00e4ss einer Untersuchung der Digitalagentur Namics sind viele Kunden mit der Beratung f\u00fcr Vorsorgeprodukte nicht zufrieden.","articlekey":"","footnotes":""},"categories":[24],"tags":[459,508,516],"class_list":["post-2695","post","type-post","status-publish","format-standard","has-post-thumbnail","hentry","category-finanzen_recht","tag-studie","tag-vermischtes","tag-vorsorge"],"acf":[],"yoast_head":"<!-- This site is optimized with the Yoast SEO plugin v27.5 - https:\/\/yoast.com\/product\/yoast-seo-wordpress\/ -->\n<title>Customer Experience in der privaten Vorsorge nicht \u00fcberzeugend - Organisator<\/title>\n<meta name=\"description\" content=\"Gem\u00e4ss einer Untersuchung der Digitalagentur Namics sind viele Kunden mit der Beratung f\u00fcr Vorsorgeprodukte nicht zufrieden.\" \/>\n<meta name=\"robots\" content=\"index, follow, max-snippet:-1, max-image-preview:large, max-video-preview:-1\" \/>\n<link rel=\"canonical\" href=\"https:\/\/www.organisator.ch\/fr\/gestion-2\/finanzen_recht\/2017-11-13\/customer-experience-in-der-privaten-vorsorge-nicht-ueberzeugend\/\" \/>\n<meta property=\"og:locale\" content=\"fr_FR\" \/>\n<meta property=\"og:type\" content=\"article\" \/>\n<meta property=\"og:title\" content=\"Customer Experience in der privaten Vorsorge nicht \u00fcberzeugend\" \/>\n<meta property=\"og:description\" content=\"Gem\u00e4ss einer Untersuchung der Digitalagentur #Namics sind viele Kunden mit der Beratung f\u00fcr #Vorsorgeprodukte nicht zufrieden.\" \/>\n<meta property=\"og:url\" content=\"https:\/\/www.organisator.ch\/fr\/gestion-2\/finanzen_recht\/2017-11-13\/customer-experience-in-der-privaten-vorsorge-nicht-ueberzeugend\/\" \/>\n<meta property=\"og:site_name\" content=\"Organisator\" \/>\n<meta property=\"article:publisher\" content=\"https:\/\/www.facebook.com\/OrganisatorFachmagazin\" \/>\n<meta property=\"article:published_time\" content=\"2017-11-13T13:00:44+00:00\" \/>\n<meta property=\"og:image\" content=\"https:\/\/www.organisator.ch\/wp-content\/uploads\/2017\/11\/Customer-Experience-in-der-privaten-Vorsorge-nicht-ueberzeugend-3_Organisator.jpg\" \/>\n\t<meta property=\"og:image:width\" content=\"640\" \/>\n\t<meta property=\"og:image:height\" content=\"332\" \/>\n\t<meta property=\"og:image:type\" content=\"image\/jpeg\" \/>\n<meta name=\"author\" content=\"thomas.berner\" \/>\n<meta name=\"twitter:card\" content=\"summary_large_image\" \/>\n<meta name=\"twitter:title\" content=\"Customer Experience in der privaten Vorsorge nicht \u00fcberzeugend\" \/>\n<meta name=\"twitter:description\" content=\"Gem\u00e4ss einer Untersuchung der Digitalagentur #Namics sind viele Kunden mit der Beratung f\u00fcr #Vorsorgeprodukte nicht zufrieden.\" \/>\n<meta name=\"twitter:image\" content=\"https:\/\/www.organisator.ch\/wp-content\/uploads\/2017\/11\/Customer-Experience-in-der-privaten-Vorsorge-nicht-\u00fcberzeugend-3_Organisator.jpg\" \/>\n<script type=\"application\/ld+json\" class=\"yoast-schema-graph\">{\"@context\":\"https:\\\/\\\/schema.org\",\"@graph\":[{\"@type\":\"Article\",\"@id\":\"https:\\\/\\\/www.organisator.ch\\\/management\\\/finanzen_recht\\\/2017-11-13\\\/customer-experience-in-der-privaten-vorsorge-nicht-ueberzeugend\\\/#article\",\"isPartOf\":{\"@id\":\"https:\\\/\\\/www.organisator.ch\\\/management\\\/finanzen_recht\\\/2017-11-13\\\/customer-experience-in-der-privaten-vorsorge-nicht-ueberzeugend\\\/\"},\"author\":{\"name\":\"thomas.berner\",\"@id\":\"https:\\\/\\\/www.organisator.ch\\\/#\\\/schema\\\/person\\\/6f650f90b2842cd4c0cc334b4e36f67e\"},\"headline\":\"Customer Experience in der privaten Vorsorge nicht \u00fcberzeugend\",\"datePublished\":\"2017-11-13T13:00:44+00:00\",\"mainEntityOfPage\":{\"@id\":\"https:\\\/\\\/www.organisator.ch\\\/management\\\/finanzen_recht\\\/2017-11-13\\\/customer-experience-in-der-privaten-vorsorge-nicht-ueberzeugend\\\/\"},\"wordCount\":595,\"commentCount\":0,\"publisher\":{\"@id\":\"https:\\\/\\\/www.organisator.ch\\\/#organization\"},\"image\":{\"@id\":\"https:\\\/\\\/www.organisator.ch\\\/management\\\/finanzen_recht\\\/2017-11-13\\\/customer-experience-in-der-privaten-vorsorge-nicht-ueberzeugend\\\/#primaryimage\"},\"thumbnailUrl\":\"https:\\\/\\\/www.organisator.ch\\\/wp-content\\\/uploads\\\/2017\\\/11\\\/Customer-Experience-in-der-privaten-Vorsorge-nicht-ueberzeugend-3_Organisator.jpg\",\"keywords\":[\"Studie\",\"Vermischtes\",\"Vorsorge\"],\"articleSection\":[\"FINANZEN\\\/RECHT\"],\"inLanguage\":\"fr-FR\"},{\"@type\":\"WebPage\",\"@id\":\"https:\\\/\\\/www.organisator.ch\\\/management\\\/finanzen_recht\\\/2017-11-13\\\/customer-experience-in-der-privaten-vorsorge-nicht-ueberzeugend\\\/\",\"url\":\"https:\\\/\\\/www.organisator.ch\\\/management\\\/finanzen_recht\\\/2017-11-13\\\/customer-experience-in-der-privaten-vorsorge-nicht-ueberzeugend\\\/\",\"name\":\"Customer Experience in der privaten Vorsorge nicht \u00fcberzeugend - Organisator\",\"isPartOf\":{\"@id\":\"https:\\\/\\\/www.organisator.ch\\\/#website\"},\"primaryImageOfPage\":{\"@id\":\"https:\\\/\\\/www.organisator.ch\\\/management\\\/finanzen_recht\\\/2017-11-13\\\/customer-experience-in-der-privaten-vorsorge-nicht-ueberzeugend\\\/#primaryimage\"},\"image\":{\"@id\":\"https:\\\/\\\/www.organisator.ch\\\/management\\\/finanzen_recht\\\/2017-11-13\\\/customer-experience-in-der-privaten-vorsorge-nicht-ueberzeugend\\\/#primaryimage\"},\"thumbnailUrl\":\"https:\\\/\\\/www.organisator.ch\\\/wp-content\\\/uploads\\\/2017\\\/11\\\/Customer-Experience-in-der-privaten-Vorsorge-nicht-ueberzeugend-3_Organisator.jpg\",\"datePublished\":\"2017-11-13T13:00:44+00:00\",\"description\":\"Gem\u00e4ss einer Untersuchung der Digitalagentur Namics sind viele Kunden mit der Beratung f\u00fcr Vorsorgeprodukte nicht zufrieden.\",\"breadcrumb\":{\"@id\":\"https:\\\/\\\/www.organisator.ch\\\/management\\\/finanzen_recht\\\/2017-11-13\\\/customer-experience-in-der-privaten-vorsorge-nicht-ueberzeugend\\\/#breadcrumb\"},\"inLanguage\":\"fr-FR\",\"potentialAction\":[{\"@type\":\"ReadAction\",\"target\":[\"https:\\\/\\\/www.organisator.ch\\\/management\\\/finanzen_recht\\\/2017-11-13\\\/customer-experience-in-der-privaten-vorsorge-nicht-ueberzeugend\\\/\"]}]},{\"@type\":\"ImageObject\",\"inLanguage\":\"fr-FR\",\"@id\":\"https:\\\/\\\/www.organisator.ch\\\/management\\\/finanzen_recht\\\/2017-11-13\\\/customer-experience-in-der-privaten-vorsorge-nicht-ueberzeugend\\\/#primaryimage\",\"url\":\"https:\\\/\\\/www.organisator.ch\\\/wp-content\\\/uploads\\\/2017\\\/11\\\/Customer-Experience-in-der-privaten-Vorsorge-nicht-ueberzeugend-3_Organisator.jpg\",\"contentUrl\":\"https:\\\/\\\/www.organisator.ch\\\/wp-content\\\/uploads\\\/2017\\\/11\\\/Customer-Experience-in-der-privaten-Vorsorge-nicht-ueberzeugend-3_Organisator.jpg\",\"width\":640,\"height\":332},{\"@type\":\"BreadcrumbList\",\"@id\":\"https:\\\/\\\/www.organisator.ch\\\/management\\\/finanzen_recht\\\/2017-11-13\\\/customer-experience-in-der-privaten-vorsorge-nicht-ueberzeugend\\\/#breadcrumb\",\"itemListElement\":[{\"@type\":\"ListItem\",\"position\":1,\"name\":\"Home\",\"item\":\"https:\\\/\\\/www.organisator.ch\\\/\"},{\"@type\":\"ListItem\",\"position\":2,\"name\":\"Customer Experience in der privaten Vorsorge nicht \u00fcberzeugend\"}]},{\"@type\":\"WebSite\",\"@id\":\"https:\\\/\\\/www.organisator.ch\\\/#website\",\"url\":\"https:\\\/\\\/www.organisator.ch\\\/\",\"name\":\"Organisator\",\"description\":\"Kompetent. Praxisnah. Der ORGANISATOR bereitet in 10 Ausgaben pro Jahr die wesentlichen Themen f\u00fcr F\u00fchrungskr\u00e4fte von KMU auf.\",\"publisher\":{\"@id\":\"https:\\\/\\\/www.organisator.ch\\\/#organization\"},\"potentialAction\":[{\"@type\":\"SearchAction\",\"target\":{\"@type\":\"EntryPoint\",\"urlTemplate\":\"https:\\\/\\\/www.organisator.ch\\\/?s={search_term_string}\"},\"query-input\":{\"@type\":\"PropertyValueSpecification\",\"valueRequired\":true,\"valueName\":\"search_term_string\"}}],\"inLanguage\":\"fr-FR\"},{\"@type\":\"Organization\",\"@id\":\"https:\\\/\\\/www.organisator.ch\\\/#organization\",\"name\":\"Organisator\",\"url\":\"https:\\\/\\\/www.organisator.ch\\\/\",\"logo\":{\"@type\":\"ImageObject\",\"inLanguage\":\"fr-FR\",\"@id\":\"https:\\\/\\\/www.organisator.ch\\\/#\\\/schema\\\/logo\\\/image\\\/\",\"url\":\"https:\\\/\\\/www.organisator.ch\\\/wp-content\\\/uploads\\\/2022\\\/01\\\/Logo_Organisator_Website.png\",\"contentUrl\":\"https:\\\/\\\/www.organisator.ch\\\/wp-content\\\/uploads\\\/2022\\\/01\\\/Logo_Organisator_Website.png\",\"width\":800,\"height\":77,\"caption\":\"Organisator\"},\"image\":{\"@id\":\"https:\\\/\\\/www.organisator.ch\\\/#\\\/schema\\\/logo\\\/image\\\/\"},\"sameAs\":[\"https:\\\/\\\/www.facebook.com\\\/OrganisatorFachmagazin\",\"https:\\\/\\\/www.linkedin.com\\\/showcase\\\/organisator-das-magazin-fr-kmu\",\"https:\\\/\\\/www.xing.com\\\/news\\\/pages\\\/organisator-ch-695\",\"https:\\\/\\\/www.youtube.com\\\/channel\\\/UCGP2Sq0iWaZwT3BdIAQFYpw\"]},{\"@type\":\"Person\",\"@id\":\"https:\\\/\\\/www.organisator.ch\\\/#\\\/schema\\\/person\\\/6f650f90b2842cd4c0cc334b4e36f67e\",\"name\":\"thomas.berner\",\"image\":{\"@type\":\"ImageObject\",\"inLanguage\":\"fr-FR\",\"@id\":\"https:\\\/\\\/secure.gravatar.com\\\/avatar\\\/ac5001d2a36cb6c6cd3e50789007ffca834b477b74a2144564522e944eabff61?s=96&d=mm&r=g\",\"url\":\"https:\\\/\\\/secure.gravatar.com\\\/avatar\\\/ac5001d2a36cb6c6cd3e50789007ffca834b477b74a2144564522e944eabff61?s=96&d=mm&r=g\",\"contentUrl\":\"https:\\\/\\\/secure.gravatar.com\\\/avatar\\\/ac5001d2a36cb6c6cd3e50789007ffca834b477b74a2144564522e944eabff61?s=96&d=mm&r=g\",\"caption\":\"thomas.berner\"},\"url\":\"https:\\\/\\\/www.organisator.ch\\\/fr\\\/author\\\/thomas-berner\\\/\"}]}<\/script>\n<!-- \/ Yoast SEO plugin. -->","yoast_head_json":{"title":"L'exp\u00e9rience client dans la pr\u00e9voyance priv\u00e9e n'est pas convaincante - Organisateur","description":"Selon une \u00e9tude de l'agence num\u00e9rique Namics, de nombreux clients ne sont pas satisfaits du conseil en mati\u00e8re de produits de pr\u00e9voyance.","robots":{"index":"index","follow":"follow","max-snippet":"max-snippet:-1","max-image-preview":"max-image-preview:large","max-video-preview":"max-video-preview:-1"},"canonical":"https:\/\/www.organisator.ch\/fr\/gestion-2\/finanzen_recht\/2017-11-13\/customer-experience-in-der-privaten-vorsorge-nicht-ueberzeugend\/","og_locale":"fr_FR","og_type":"article","og_title":"Customer Experience in der privaten Vorsorge nicht \u00fcberzeugend","og_description":"Gem\u00e4ss einer Untersuchung der Digitalagentur #Namics sind viele Kunden mit der Beratung f\u00fcr #Vorsorgeprodukte nicht zufrieden.","og_url":"https:\/\/www.organisator.ch\/fr\/gestion-2\/finanzen_recht\/2017-11-13\/customer-experience-in-der-privaten-vorsorge-nicht-ueberzeugend\/","og_site_name":"Organisator","article_publisher":"https:\/\/www.facebook.com\/OrganisatorFachmagazin","article_published_time":"2017-11-13T13:00:44+00:00","og_image":[{"width":640,"height":332,"url":"https:\/\/www.organisator.ch\/wp-content\/uploads\/2017\/11\/Customer-Experience-in-der-privaten-Vorsorge-nicht-ueberzeugend-3_Organisator.jpg","type":"image\/jpeg"}],"author":"thomas.berner","twitter_card":"summary_large_image","twitter_title":"Customer Experience in der privaten Vorsorge nicht \u00fcberzeugend","twitter_description":"Gem\u00e4ss einer Untersuchung der Digitalagentur #Namics sind viele Kunden mit der Beratung f\u00fcr #Vorsorgeprodukte nicht zufrieden.","twitter_image":"https:\/\/www.organisator.ch\/wp-content\/uploads\/2017\/11\/Customer-Experience-in-der-privaten-Vorsorge-nicht-\u00fcberzeugend-3_Organisator.jpg","schema":{"@context":"https:\/\/schema.org","@graph":[{"@type":"Article","@id":"https:\/\/www.organisator.ch\/management\/finanzen_recht\/2017-11-13\/customer-experience-in-der-privaten-vorsorge-nicht-ueberzeugend\/#article","isPartOf":{"@id":"https:\/\/www.organisator.ch\/management\/finanzen_recht\/2017-11-13\/customer-experience-in-der-privaten-vorsorge-nicht-ueberzeugend\/"},"author":{"name":"thomas.berner","@id":"https:\/\/www.organisator.ch\/#\/schema\/person\/6f650f90b2842cd4c0cc334b4e36f67e"},"headline":"Customer Experience in der privaten Vorsorge nicht \u00fcberzeugend","datePublished":"2017-11-13T13:00:44+00:00","mainEntityOfPage":{"@id":"https:\/\/www.organisator.ch\/management\/finanzen_recht\/2017-11-13\/customer-experience-in-der-privaten-vorsorge-nicht-ueberzeugend\/"},"wordCount":595,"commentCount":0,"publisher":{"@id":"https:\/\/www.organisator.ch\/#organization"},"image":{"@id":"https:\/\/www.organisator.ch\/management\/finanzen_recht\/2017-11-13\/customer-experience-in-der-privaten-vorsorge-nicht-ueberzeugend\/#primaryimage"},"thumbnailUrl":"https:\/\/www.organisator.ch\/wp-content\/uploads\/2017\/11\/Customer-Experience-in-der-privaten-Vorsorge-nicht-ueberzeugend-3_Organisator.jpg","keywords":["Studie","Vermischtes","Vorsorge"],"articleSection":["FINANZEN\/RECHT"],"inLanguage":"fr-FR"},{"@type":"WebPage","@id":"https:\/\/www.organisator.ch\/management\/finanzen_recht\/2017-11-13\/customer-experience-in-der-privaten-vorsorge-nicht-ueberzeugend\/","url":"https:\/\/www.organisator.ch\/management\/finanzen_recht\/2017-11-13\/customer-experience-in-der-privaten-vorsorge-nicht-ueberzeugend\/","name":"L'exp\u00e9rience client dans la pr\u00e9voyance priv\u00e9e n'est pas convaincante - Organisateur","isPartOf":{"@id":"https:\/\/www.organisator.ch\/#website"},"primaryImageOfPage":{"@id":"https:\/\/www.organisator.ch\/management\/finanzen_recht\/2017-11-13\/customer-experience-in-der-privaten-vorsorge-nicht-ueberzeugend\/#primaryimage"},"image":{"@id":"https:\/\/www.organisator.ch\/management\/finanzen_recht\/2017-11-13\/customer-experience-in-der-privaten-vorsorge-nicht-ueberzeugend\/#primaryimage"},"thumbnailUrl":"https:\/\/www.organisator.ch\/wp-content\/uploads\/2017\/11\/Customer-Experience-in-der-privaten-Vorsorge-nicht-ueberzeugend-3_Organisator.jpg","datePublished":"2017-11-13T13:00:44+00:00","description":"Selon une \u00e9tude de l'agence num\u00e9rique Namics, de nombreux clients ne sont pas satisfaits du conseil en mati\u00e8re de produits de pr\u00e9voyance.","breadcrumb":{"@id":"https:\/\/www.organisator.ch\/management\/finanzen_recht\/2017-11-13\/customer-experience-in-der-privaten-vorsorge-nicht-ueberzeugend\/#breadcrumb"},"inLanguage":"fr-FR","potentialAction":[{"@type":"ReadAction","target":["https:\/\/www.organisator.ch\/management\/finanzen_recht\/2017-11-13\/customer-experience-in-der-privaten-vorsorge-nicht-ueberzeugend\/"]}]},{"@type":"ImageObject","inLanguage":"fr-FR","@id":"https:\/\/www.organisator.ch\/management\/finanzen_recht\/2017-11-13\/customer-experience-in-der-privaten-vorsorge-nicht-ueberzeugend\/#primaryimage","url":"https:\/\/www.organisator.ch\/wp-content\/uploads\/2017\/11\/Customer-Experience-in-der-privaten-Vorsorge-nicht-ueberzeugend-3_Organisator.jpg","contentUrl":"https:\/\/www.organisator.ch\/wp-content\/uploads\/2017\/11\/Customer-Experience-in-der-privaten-Vorsorge-nicht-ueberzeugend-3_Organisator.jpg","width":640,"height":332},{"@type":"BreadcrumbList","@id":"https:\/\/www.organisator.ch\/management\/finanzen_recht\/2017-11-13\/customer-experience-in-der-privaten-vorsorge-nicht-ueberzeugend\/#breadcrumb","itemListElement":[{"@type":"ListItem","position":1,"name":"Home","item":"https:\/\/www.organisator.ch\/"},{"@type":"ListItem","position":2,"name":"Customer Experience in der privaten Vorsorge nicht \u00fcberzeugend"}]},{"@type":"WebSite","@id":"https:\/\/www.organisator.ch\/#website","url":"https:\/\/www.organisator.ch\/","name":"Organisateur","description":"Comp\u00e9tence et comp\u00e9tence. Proches de la pratique. L'ORGANISATEUR pr\u00e9pare 10 num\u00e9ros par an sur les th\u00e8mes essentiels pour les dirigeants de PME.","publisher":{"@id":"https:\/\/www.organisator.ch\/#organization"},"potentialAction":[{"@type":"SearchAction","target":{"@type":"EntryPoint","urlTemplate":"https:\/\/www.organisator.ch\/?s={search_term_string}"},"query-input":{"@type":"PropertyValueSpecification","valueRequired":true,"valueName":"search_term_string"}}],"inLanguage":"fr-FR"},{"@type":"Organization","@id":"https:\/\/www.organisator.ch\/#organization","name":"Organisateur","url":"https:\/\/www.organisator.ch\/","logo":{"@type":"ImageObject","inLanguage":"fr-FR","@id":"https:\/\/www.organisator.ch\/#\/schema\/logo\/image\/","url":"https:\/\/www.organisator.ch\/wp-content\/uploads\/2022\/01\/Logo_Organisator_Website.png","contentUrl":"https:\/\/www.organisator.ch\/wp-content\/uploads\/2022\/01\/Logo_Organisator_Website.png","width":800,"height":77,"caption":"Organisator"},"image":{"@id":"https:\/\/www.organisator.ch\/#\/schema\/logo\/image\/"},"sameAs":["https:\/\/www.facebook.com\/OrganisatorFachmagazin","https:\/\/www.linkedin.com\/showcase\/organisator-das-magazin-fr-kmu","https:\/\/www.xing.com\/news\/pages\/organisator-ch-695","https:\/\/www.youtube.com\/channel\/UCGP2Sq0iWaZwT3BdIAQFYpw"]},{"@type":"Person","@id":"https:\/\/www.organisator.ch\/#\/schema\/person\/6f650f90b2842cd4c0cc334b4e36f67e","name":"thomas.berner","image":{"@type":"ImageObject","inLanguage":"fr-FR","@id":"https:\/\/secure.gravatar.com\/avatar\/ac5001d2a36cb6c6cd3e50789007ffca834b477b74a2144564522e944eabff61?s=96&d=mm&r=g","url":"https:\/\/secure.gravatar.com\/avatar\/ac5001d2a36cb6c6cd3e50789007ffca834b477b74a2144564522e944eabff61?s=96&d=mm&r=g","contentUrl":"https:\/\/secure.gravatar.com\/avatar\/ac5001d2a36cb6c6cd3e50789007ffca834b477b74a2144564522e944eabff61?s=96&d=mm&r=g","caption":"thomas.berner"},"url":"https:\/\/www.organisator.ch\/fr\/author\/thomas-berner\/"}]}},"_links":{"self":[{"href":"https:\/\/www.organisator.ch\/fr\/wp-json\/wp\/v2\/posts\/2695","targetHints":{"allow":["GET"]}}],"collection":[{"href":"https:\/\/www.organisator.ch\/fr\/wp-json\/wp\/v2\/posts"}],"about":[{"href":"https:\/\/www.organisator.ch\/fr\/wp-json\/wp\/v2\/types\/post"}],"author":[{"embeddable":true,"href":"https:\/\/www.organisator.ch\/fr\/wp-json\/wp\/v2\/users\/4"}],"replies":[{"embeddable":true,"href":"https:\/\/www.organisator.ch\/fr\/wp-json\/wp\/v2\/comments?post=2695"}],"version-history":[{"count":0,"href":"https:\/\/www.organisator.ch\/fr\/wp-json\/wp\/v2\/posts\/2695\/revisions"}],"wp:featuredmedia":[{"embeddable":true,"href":"https:\/\/www.organisator.ch\/fr\/wp-json\/wp\/v2\/media\/2698"}],"wp:attachment":[{"href":"https:\/\/www.organisator.ch\/fr\/wp-json\/wp\/v2\/media?parent=2695"}],"wp:term":[{"taxonomy":"category","embeddable":true,"href":"https:\/\/www.organisator.ch\/fr\/wp-json\/wp\/v2\/categories?post=2695"},{"taxonomy":"post_tag","embeddable":true,"href":"https:\/\/www.organisator.ch\/fr\/wp-json\/wp\/v2\/tags?post=2695"}],"curies":[{"name":"wp","href":"https:\/\/api.w.org\/{rel}","templated":true}]}}