{"id":26976,"date":"2024-05-07T11:41:12","date_gmt":"2024-05-07T09:41:12","guid":{"rendered":"https:\/\/www.m-q.ch\/?p=19728"},"modified":"2024-11-11T06:19:56","modified_gmt":"2024-11-11T05:19:56","slug":"ki-made-in-europe-mit-strategischem-engagement-zum-guetesiegel","status":"publish","type":"post","link":"https:\/\/www.organisator.ch\/fr\/operational-excellence\/2024-05-07\/ki-made-in-europe-mit-strategischem-engagement-zum-guetesiegel\/","title":{"rendered":"IA made in Europe - un engagement strat\u00e9gique pour un label de qualit\u00e9"},"content":{"rendered":"<figure id=\"attachment_19729\" class=\"wp-caption alignnone\" style=\"width: 680px\" aria-describedby=\"caption-attachment-19729\"><img class=\"alignnone wp-image-19729 size-full\" src=\"https:\/\/www.m-q.ch\/wp-content\/uploads\/2024\/05\/Adesso_Bild1_ps.jpg\" alt=\"L&#039;avenir de l&#039;IA en Europe\" width=\"680\" height=\"454\" \/>\r\n<figcaption id=\"caption-attachment-19729\" class=\"wp-caption-text\">L'IA est largement consid\u00e9r\u00e9e comme une technologie d\u00e9cisive pour l'avenir de l'\u00e9conomie et de la soci\u00e9t\u00e9. (Image : www.depositphotos.com)<\/figcaption>\r\n<\/figure>\r\n<p>L'intelligence artificielle (IA) est consid\u00e9r\u00e9e, avec un large consensus, comme une technologie cl\u00e9 pour la prochaine \u00e9tape de l'\u00e9volution de l'\u00e9conomie et de la soci\u00e9t\u00e9 mondiales. Une tendance se dessine : pour d\u00e9ployer tout son potentiel, l'IA doit \u00eatre mise en \u0153uvre de mani\u00e8re pratique et accept\u00e9e par une grande partie de la population.<\/p>\r\n<p>C'est particuli\u00e8rement vrai dans le domaine de l'IA g\u00e9n\u00e9rative, qui conna\u00eet depuis quelques ann\u00e9es une dynamique de d\u00e9veloppement impressionnante. La capacit\u00e9 de g\u00e9n\u00e9rer des contenus tels que des textes, des images, des vid\u00e9os ou du code fait de cette forme d'IA un outil puissant qui offre des possibilit\u00e9s d'application directement concr\u00e8tes dans la production, le service \u00e0 la client\u00e8le, le d\u00e9veloppement de logiciels, le marketing et bien d'autres domaines.<\/p>\r\n<p>Depuis 2019, le principal flux d'investissement dans cette technologie impressionnante se concentre sur les \u00c9tats-Unis. La Chine et l'ensemble de l'UE suivent loin derri\u00e8re, avec tout juste un trenti\u00e8me du volume d'investissement chacun, comme le montre l'indice AI 2024 de l'universit\u00e9 de Stanford. Alors que, selon les pr\u00e9visions de Statista et Grand View Research, le march\u00e9 mondial de l'IA devrait atteindre 1,8 billion de dollars d'ici 2030, les investissements dans le secteur de l'IA sont actuellement nettement plus \u00e9lev\u00e9s aux \u00c9tats-Unis et en Chine qu'en Allemagne par exemple. Cela leur conf\u00e8re un net avantage dans le d\u00e9veloppement de solutions d'IA pr\u00eates \u00e0 \u00eatre commercialis\u00e9es.\u00a0<\/p>\r\n<p>La vitesse \u00e0 laquelle l'innovation en mati\u00e8re d'IA progresse et l'ampleur des investissements dans ce secteur constituent un d\u00e9fi croissant pour les tentatives de r\u00e9glementation. Alors que les \u00c9tats-Unis et la Chine offrent un cadre r\u00e9glementaire relativement indulgent, l'Europe tend \u00e0 mettre en place des garde-fous r\u00e9glementaires relativement durs, comme l'illustre l'EU AI Act.<\/p>\r\n<h3><strong>Le r\u00f4le de l'Europe dans le paysage mondial de l'IA<\/strong><\/h3>\r\n<p>Pour l'Europe, le d\u00e9fi consiste \u00e0 d\u00e9velopper sa propre strat\u00e9gie d'IA et \u00e0 trouver et consolider sa place dans le monde de l'IA. Se concentrer sur des solutions d'IA et des mod\u00e8les linguistiques sp\u00e9cialis\u00e9s, pertinents pour la pratique et fortement li\u00e9s au contexte semble \u00eatre l'approche la plus prometteuse. De telles solutions permettent de gagner la confiance des utilisateurs, ce qui est indispensable pour l'acceptation et l'int\u00e9gration de l'IA dans la vie sociale et \u00e9conomique.<\/p>\r\n<p>L'Europe dispose d\u00e9j\u00e0 d'outils appropri\u00e9s. Il s'agit notamment du programme Horizon Europe, qui pr\u00e9voit d'investir environ 95,5 milliards d'euros dans la recherche et l'innovation entre 2021 et 2027. Sur cette somme, environ 290 millions d'euros devraient \u00eatre mis \u00e0 disposition en 2024 pour soutenir la recherche ax\u00e9e sur les donn\u00e9es, la robotique, l'intelligence artificielle et le d\u00e9veloppement de serveurs en nuage.<\/p>\r\n<p>En outre, l'id\u00e9e europ\u00e9enne d'une coop\u00e9ration communautaire offre \u00e9galement des opportunit\u00e9s : des effets de synergie peuvent \u00eatre obtenus gr\u00e2ce \u00e0 la mise en place de ressources partag\u00e9es. Gr\u00e2ce \u00e0 des investissements cibl\u00e9s et communs ainsi qu'\u00e0 une expertise unifi\u00e9e, l'Europe peut unir ses forces, \u00e9tablir des normes et concr\u00e9tiser sa vision de mod\u00e8les et d'applications d'IA responsables et centr\u00e9s sur l'humain.<\/p>\r\n<p>L'Europe est actuellement \u00e0 la crois\u00e9e des chemins. Mais avec des investissements cibl\u00e9s et un engagement fort en faveur des normes \u00e9thiques et de l'applicabilit\u00e9 pratique de la part des gouvernements, des fournisseurs de mod\u00e8les linguistiques et des fournisseurs de services d'IA, \"IA made in Europe\" peut devenir synonyme de qualit\u00e9, de confiance et d'innovation.<\/p>\r\n<p><em>L'auteur : Benedikt Bonnmann est membre du conseil d'administration d'adesso SE et responsable de l'activit\u00e9 Data &amp; AI.<\/em><\/p>\r\n<p><em>Source : <a href=\"http:\/\/www.adesso.ch\/\">www.adesso.ch<\/a><\/em><\/p>\n<p class=\"syndicated-attribution\">Cet article est paru initialement sur m-q.ch - <a href=\"https:\/\/www.m-q.ch\/de\/ki-made-in-europe-mit-strategischem-engagement-zum-guetesiegel\/\" target=\"_blank\">https:\/\/www.m-q.ch\/de\/ki-made-in-europe-mit-strategischem-engagement-zum-guetesiegel\/<\/a><\/p>","protected":false},"excerpt":{"rendered":"<p>Les principaux centres d'innovation en mati\u00e8re d'intelligence artificielle se trouvent actuellement en dehors de l'Europe. Pourtant, il existe d\u00e9j\u00e0 sur place des conditions fondamentales et des approches prometteuses pour changer ce statu quo.<\/p>","protected":false},"author":58,"featured_media":0,"comment_status":"closed","ping_status":"closed","sticky":false,"template":"","format":"standard","meta":{"_acf_changed":false,"_yoast_wpseo_focuskw":"KI Zukunft Europa","_yoast_wpseo_metadesc":"KI als Schl\u00fcsseltechnologie: Investitionen und ethische Standards in Europa f\u00f6rdern Qualit\u00e4t und Vertrauen. Potenziale nutzen","articlekey":"","footnotes":""},"categories":[582],"tags":[319,605,492],"class_list":["post-26976","post","type-post","status-publish","format-standard","hentry","category-operational-excellence","tag-kuenstliche-intelligenz","tag-qualitaetsmanagement","tag-unternehmen"],"acf":[],"yoast_head":"<!-- This site is optimized with the Yoast SEO plugin v27.5 - https:\/\/yoast.com\/product\/yoast-seo-wordpress\/ -->\n<title>KI made in Europe \u2013 mit strategischem Engagement zum G\u00fctesiegel - Organisator<\/title>\n<meta name=\"description\" content=\"KI als Schl\u00fcsseltechnologie: Investitionen und ethische Standards in Europa f\u00f6rdern Qualit\u00e4t und Vertrauen. Potenziale nutzen\" \/>\n<meta name=\"robots\" content=\"index, follow, max-snippet:-1, max-image-preview:large, max-video-preview:-1\" \/>\n<link rel=\"canonical\" href=\"https:\/\/www.organisator.ch\/fr\/excellence-operationnelle\/2024-05-07\/ki-made-in-europe-mit-strategischem-engagement-zum-guetesiegel\/\" \/>\n<meta property=\"og:locale\" content=\"fr_FR\" \/>\n<meta property=\"og:type\" content=\"article\" \/>\n<meta property=\"og:title\" content=\"KI made in Europe \u2013 mit strategischem Engagement zum G\u00fctesiegel - Organisator\" \/>\n<meta property=\"og:description\" content=\"KI als Schl\u00fcsseltechnologie: Investitionen und ethische Standards in Europa f\u00f6rdern Qualit\u00e4t und Vertrauen. Potenziale nutzen\" \/>\n<meta property=\"og:url\" content=\"https:\/\/www.organisator.ch\/fr\/excellence-operationnelle\/2024-05-07\/ki-made-in-europe-mit-strategischem-engagement-zum-guetesiegel\/\" \/>\n<meta property=\"og:site_name\" content=\"Organisator\" \/>\n<meta property=\"article:publisher\" content=\"https:\/\/www.facebook.com\/OrganisatorFachmagazin\" \/>\n<meta property=\"article:published_time\" content=\"2024-05-07T09:41:12+00:00\" \/>\n<meta property=\"article:modified_time\" content=\"2024-11-11T05:19:56+00:00\" \/>\n<meta property=\"og:image\" content=\"https:\/\/www.m-q.ch\/wp-content\/uploads\/2024\/05\/Adesso_Bild1_ps.jpg\" \/>\n<meta name=\"author\" content=\"Adelisa Kalajdzini\" \/>\n<meta name=\"twitter:card\" content=\"summary_large_image\" \/>\n<script type=\"application\/ld+json\" class=\"yoast-schema-graph\">{\"@context\":\"https:\\\/\\\/schema.org\",\"@graph\":[{\"@type\":\"Article\",\"@id\":\"https:\\\/\\\/www.organisator.ch\\\/operational-excellence\\\/2024-05-07\\\/ki-made-in-europe-mit-strategischem-engagement-zum-guetesiegel\\\/#article\",\"isPartOf\":{\"@id\":\"https:\\\/\\\/www.organisator.ch\\\/operational-excellence\\\/2024-05-07\\\/ki-made-in-europe-mit-strategischem-engagement-zum-guetesiegel\\\/\"},\"author\":{\"name\":\"Adelisa Kalajdzini\",\"@id\":\"https:\\\/\\\/www.organisator.ch\\\/#\\\/schema\\\/person\\\/2e1314a2172123f874db408d8911d3f3\"},\"headline\":\"KI made in Europe \u2013 mit strategischem Engagement zum G\u00fctesiegel\",\"datePublished\":\"2024-05-07T09:41:12+00:00\",\"dateModified\":\"2024-11-11T05:19:56+00:00\",\"mainEntityOfPage\":{\"@id\":\"https:\\\/\\\/www.organisator.ch\\\/operational-excellence\\\/2024-05-07\\\/ki-made-in-europe-mit-strategischem-engagement-zum-guetesiegel\\\/\"},\"wordCount\":520,\"publisher\":{\"@id\":\"https:\\\/\\\/www.organisator.ch\\\/#organization\"},\"image\":{\"@id\":\"https:\\\/\\\/www.organisator.ch\\\/operational-excellence\\\/2024-05-07\\\/ki-made-in-europe-mit-strategischem-engagement-zum-guetesiegel\\\/#primaryimage\"},\"thumbnailUrl\":\"https:\\\/\\\/www.m-q.ch\\\/wp-content\\\/uploads\\\/2024\\\/05\\\/Adesso_Bild1_ps.jpg\",\"keywords\":[\"K\u00fcnstliche Intelligenz\",\"Qualit\u00e4tsmanagement\",\"Unternehmen\"],\"articleSection\":[\"OPERATIONAL EXCELLENCE\"],\"inLanguage\":\"fr-FR\"},{\"@type\":\"WebPage\",\"@id\":\"https:\\\/\\\/www.organisator.ch\\\/operational-excellence\\\/2024-05-07\\\/ki-made-in-europe-mit-strategischem-engagement-zum-guetesiegel\\\/\",\"url\":\"https:\\\/\\\/www.organisator.ch\\\/operational-excellence\\\/2024-05-07\\\/ki-made-in-europe-mit-strategischem-engagement-zum-guetesiegel\\\/\",\"name\":\"KI made in Europe \u2013 mit strategischem Engagement zum G\u00fctesiegel - Organisator\",\"isPartOf\":{\"@id\":\"https:\\\/\\\/www.organisator.ch\\\/#website\"},\"primaryImageOfPage\":{\"@id\":\"https:\\\/\\\/www.organisator.ch\\\/operational-excellence\\\/2024-05-07\\\/ki-made-in-europe-mit-strategischem-engagement-zum-guetesiegel\\\/#primaryimage\"},\"image\":{\"@id\":\"https:\\\/\\\/www.organisator.ch\\\/operational-excellence\\\/2024-05-07\\\/ki-made-in-europe-mit-strategischem-engagement-zum-guetesiegel\\\/#primaryimage\"},\"thumbnailUrl\":\"https:\\\/\\\/www.m-q.ch\\\/wp-content\\\/uploads\\\/2024\\\/05\\\/Adesso_Bild1_ps.jpg\",\"datePublished\":\"2024-05-07T09:41:12+00:00\",\"dateModified\":\"2024-11-11T05:19:56+00:00\",\"description\":\"KI als Schl\u00fcsseltechnologie: Investitionen und ethische Standards in Europa f\u00f6rdern Qualit\u00e4t und Vertrauen. Potenziale nutzen\",\"breadcrumb\":{\"@id\":\"https:\\\/\\\/www.organisator.ch\\\/operational-excellence\\\/2024-05-07\\\/ki-made-in-europe-mit-strategischem-engagement-zum-guetesiegel\\\/#breadcrumb\"},\"inLanguage\":\"fr-FR\",\"potentialAction\":[{\"@type\":\"ReadAction\",\"target\":[\"https:\\\/\\\/www.organisator.ch\\\/operational-excellence\\\/2024-05-07\\\/ki-made-in-europe-mit-strategischem-engagement-zum-guetesiegel\\\/\"]}]},{\"@type\":\"ImageObject\",\"inLanguage\":\"fr-FR\",\"@id\":\"https:\\\/\\\/www.organisator.ch\\\/operational-excellence\\\/2024-05-07\\\/ki-made-in-europe-mit-strategischem-engagement-zum-guetesiegel\\\/#primaryimage\",\"url\":\"https:\\\/\\\/www.m-q.ch\\\/wp-content\\\/uploads\\\/2024\\\/05\\\/Adesso_Bild1_ps.jpg\",\"contentUrl\":\"https:\\\/\\\/www.m-q.ch\\\/wp-content\\\/uploads\\\/2024\\\/05\\\/Adesso_Bild1_ps.jpg\"},{\"@type\":\"BreadcrumbList\",\"@id\":\"https:\\\/\\\/www.organisator.ch\\\/operational-excellence\\\/2024-05-07\\\/ki-made-in-europe-mit-strategischem-engagement-zum-guetesiegel\\\/#breadcrumb\",\"itemListElement\":[{\"@type\":\"ListItem\",\"position\":1,\"name\":\"Home\",\"item\":\"https:\\\/\\\/www.organisator.ch\\\/\"},{\"@type\":\"ListItem\",\"position\":2,\"name\":\"KI made in Europe \u2013 mit strategischem Engagement zum G\u00fctesiegel\"}]},{\"@type\":\"WebSite\",\"@id\":\"https:\\\/\\\/www.organisator.ch\\\/#website\",\"url\":\"https:\\\/\\\/www.organisator.ch\\\/\",\"name\":\"Organisator\",\"description\":\"Kompetent. Praxisnah. Der ORGANISATOR bereitet in 10 Ausgaben pro Jahr die wesentlichen Themen f\u00fcr F\u00fchrungskr\u00e4fte von KMU auf.\",\"publisher\":{\"@id\":\"https:\\\/\\\/www.organisator.ch\\\/#organization\"},\"potentialAction\":[{\"@type\":\"SearchAction\",\"target\":{\"@type\":\"EntryPoint\",\"urlTemplate\":\"https:\\\/\\\/www.organisator.ch\\\/?s={search_term_string}\"},\"query-input\":{\"@type\":\"PropertyValueSpecification\",\"valueRequired\":true,\"valueName\":\"search_term_string\"}}],\"inLanguage\":\"fr-FR\"},{\"@type\":\"Organization\",\"@id\":\"https:\\\/\\\/www.organisator.ch\\\/#organization\",\"name\":\"Organisator\",\"url\":\"https:\\\/\\\/www.organisator.ch\\\/\",\"logo\":{\"@type\":\"ImageObject\",\"inLanguage\":\"fr-FR\",\"@id\":\"https:\\\/\\\/www.organisator.ch\\\/#\\\/schema\\\/logo\\\/image\\\/\",\"url\":\"https:\\\/\\\/www.organisator.ch\\\/wp-content\\\/uploads\\\/2022\\\/01\\\/Logo_Organisator_Website.png\",\"contentUrl\":\"https:\\\/\\\/www.organisator.ch\\\/wp-content\\\/uploads\\\/2022\\\/01\\\/Logo_Organisator_Website.png\",\"width\":800,\"height\":77,\"caption\":\"Organisator\"},\"image\":{\"@id\":\"https:\\\/\\\/www.organisator.ch\\\/#\\\/schema\\\/logo\\\/image\\\/\"},\"sameAs\":[\"https:\\\/\\\/www.facebook.com\\\/OrganisatorFachmagazin\",\"https:\\\/\\\/www.linkedin.com\\\/showcase\\\/organisator-das-magazin-fr-kmu\",\"https:\\\/\\\/www.xing.com\\\/news\\\/pages\\\/organisator-ch-695\",\"https:\\\/\\\/www.youtube.com\\\/channel\\\/UCGP2Sq0iWaZwT3BdIAQFYpw\"]},{\"@type\":\"Person\",\"@id\":\"https:\\\/\\\/www.organisator.ch\\\/#\\\/schema\\\/person\\\/2e1314a2172123f874db408d8911d3f3\",\"name\":\"Adelisa Kalajdzini\",\"image\":{\"@type\":\"ImageObject\",\"inLanguage\":\"fr-FR\",\"@id\":\"https:\\\/\\\/secure.gravatar.com\\\/avatar\\\/09a397c22ac58cad6f160ee8306348599df9df58a8ede73696226897b9fa4b24?s=96&d=mm&r=g\",\"url\":\"https:\\\/\\\/secure.gravatar.com\\\/avatar\\\/09a397c22ac58cad6f160ee8306348599df9df58a8ede73696226897b9fa4b24?s=96&d=mm&r=g\",\"contentUrl\":\"https:\\\/\\\/secure.gravatar.com\\\/avatar\\\/09a397c22ac58cad6f160ee8306348599df9df58a8ede73696226897b9fa4b24?s=96&d=mm&r=g\",\"caption\":\"Adelisa Kalajdzini\"},\"url\":\"https:\\\/\\\/www.organisator.ch\\\/fr\\\/author\\\/adelisa-kalajdzini\\\/\"}]}<\/script>\n<!-- \/ Yoast SEO plugin. -->","yoast_head_json":{"title":"IA made in Europe - un engagement strat\u00e9gique pour un label de qualit\u00e9 - Organisateur","description":"L'IA en tant que technologie cl\u00e9 : les investissements et les normes \u00e9thiques en Europe favorisent la qualit\u00e9 et la confiance. Exploiter les potentiels","robots":{"index":"index","follow":"follow","max-snippet":"max-snippet:-1","max-image-preview":"max-image-preview:large","max-video-preview":"max-video-preview:-1"},"canonical":"https:\/\/www.organisator.ch\/fr\/excellence-operationnelle\/2024-05-07\/ki-made-in-europe-mit-strategischem-engagement-zum-guetesiegel\/","og_locale":"fr_FR","og_type":"article","og_title":"KI made in Europe \u2013 mit strategischem Engagement zum G\u00fctesiegel - Organisator","og_description":"KI als Schl\u00fcsseltechnologie: Investitionen und ethische Standards in Europa f\u00f6rdern Qualit\u00e4t und Vertrauen. Potenziale nutzen","og_url":"https:\/\/www.organisator.ch\/fr\/excellence-operationnelle\/2024-05-07\/ki-made-in-europe-mit-strategischem-engagement-zum-guetesiegel\/","og_site_name":"Organisator","article_publisher":"https:\/\/www.facebook.com\/OrganisatorFachmagazin","article_published_time":"2024-05-07T09:41:12+00:00","article_modified_time":"2024-11-11T05:19:56+00:00","og_image":[{"url":"https:\/\/www.m-q.ch\/wp-content\/uploads\/2024\/05\/Adesso_Bild1_ps.jpg","type":"","width":"","height":""}],"author":"Adelisa Kalajdzini","twitter_card":"summary_large_image","schema":{"@context":"https:\/\/schema.org","@graph":[{"@type":"Article","@id":"https:\/\/www.organisator.ch\/operational-excellence\/2024-05-07\/ki-made-in-europe-mit-strategischem-engagement-zum-guetesiegel\/#article","isPartOf":{"@id":"https:\/\/www.organisator.ch\/operational-excellence\/2024-05-07\/ki-made-in-europe-mit-strategischem-engagement-zum-guetesiegel\/"},"author":{"name":"Adelisa Kalajdzini","@id":"https:\/\/www.organisator.ch\/#\/schema\/person\/2e1314a2172123f874db408d8911d3f3"},"headline":"KI made in Europe \u2013 mit strategischem Engagement zum G\u00fctesiegel","datePublished":"2024-05-07T09:41:12+00:00","dateModified":"2024-11-11T05:19:56+00:00","mainEntityOfPage":{"@id":"https:\/\/www.organisator.ch\/operational-excellence\/2024-05-07\/ki-made-in-europe-mit-strategischem-engagement-zum-guetesiegel\/"},"wordCount":520,"publisher":{"@id":"https:\/\/www.organisator.ch\/#organization"},"image":{"@id":"https:\/\/www.organisator.ch\/operational-excellence\/2024-05-07\/ki-made-in-europe-mit-strategischem-engagement-zum-guetesiegel\/#primaryimage"},"thumbnailUrl":"https:\/\/www.m-q.ch\/wp-content\/uploads\/2024\/05\/Adesso_Bild1_ps.jpg","keywords":["K\u00fcnstliche Intelligenz","Qualit\u00e4tsmanagement","Unternehmen"],"articleSection":["OPERATIONAL EXCELLENCE"],"inLanguage":"fr-FR"},{"@type":"WebPage","@id":"https:\/\/www.organisator.ch\/operational-excellence\/2024-05-07\/ki-made-in-europe-mit-strategischem-engagement-zum-guetesiegel\/","url":"https:\/\/www.organisator.ch\/operational-excellence\/2024-05-07\/ki-made-in-europe-mit-strategischem-engagement-zum-guetesiegel\/","name":"IA made in Europe - un engagement strat\u00e9gique pour un label de qualit\u00e9 - Organisateur","isPartOf":{"@id":"https:\/\/www.organisator.ch\/#website"},"primaryImageOfPage":{"@id":"https:\/\/www.organisator.ch\/operational-excellence\/2024-05-07\/ki-made-in-europe-mit-strategischem-engagement-zum-guetesiegel\/#primaryimage"},"image":{"@id":"https:\/\/www.organisator.ch\/operational-excellence\/2024-05-07\/ki-made-in-europe-mit-strategischem-engagement-zum-guetesiegel\/#primaryimage"},"thumbnailUrl":"https:\/\/www.m-q.ch\/wp-content\/uploads\/2024\/05\/Adesso_Bild1_ps.jpg","datePublished":"2024-05-07T09:41:12+00:00","dateModified":"2024-11-11T05:19:56+00:00","description":"L'IA en tant que technologie cl\u00e9 : les investissements et les normes \u00e9thiques en Europe favorisent la qualit\u00e9 et la confiance. Exploiter les potentiels","breadcrumb":{"@id":"https:\/\/www.organisator.ch\/operational-excellence\/2024-05-07\/ki-made-in-europe-mit-strategischem-engagement-zum-guetesiegel\/#breadcrumb"},"inLanguage":"fr-FR","potentialAction":[{"@type":"ReadAction","target":["https:\/\/www.organisator.ch\/operational-excellence\/2024-05-07\/ki-made-in-europe-mit-strategischem-engagement-zum-guetesiegel\/"]}]},{"@type":"ImageObject","inLanguage":"fr-FR","@id":"https:\/\/www.organisator.ch\/operational-excellence\/2024-05-07\/ki-made-in-europe-mit-strategischem-engagement-zum-guetesiegel\/#primaryimage","url":"https:\/\/www.m-q.ch\/wp-content\/uploads\/2024\/05\/Adesso_Bild1_ps.jpg","contentUrl":"https:\/\/www.m-q.ch\/wp-content\/uploads\/2024\/05\/Adesso_Bild1_ps.jpg"},{"@type":"BreadcrumbList","@id":"https:\/\/www.organisator.ch\/operational-excellence\/2024-05-07\/ki-made-in-europe-mit-strategischem-engagement-zum-guetesiegel\/#breadcrumb","itemListElement":[{"@type":"ListItem","position":1,"name":"Home","item":"https:\/\/www.organisator.ch\/"},{"@type":"ListItem","position":2,"name":"KI made in Europe \u2013 mit strategischem Engagement zum G\u00fctesiegel"}]},{"@type":"WebSite","@id":"https:\/\/www.organisator.ch\/#website","url":"https:\/\/www.organisator.ch\/","name":"Organisateur","description":"Comp\u00e9tence et comp\u00e9tence. Proches de la pratique. L'ORGANISATEUR pr\u00e9pare 10 num\u00e9ros par an sur les th\u00e8mes essentiels pour les dirigeants de PME.","publisher":{"@id":"https:\/\/www.organisator.ch\/#organization"},"potentialAction":[{"@type":"SearchAction","target":{"@type":"EntryPoint","urlTemplate":"https:\/\/www.organisator.ch\/?s={search_term_string}"},"query-input":{"@type":"PropertyValueSpecification","valueRequired":true,"valueName":"search_term_string"}}],"inLanguage":"fr-FR"},{"@type":"Organization","@id":"https:\/\/www.organisator.ch\/#organization","name":"Organisateur","url":"https:\/\/www.organisator.ch\/","logo":{"@type":"ImageObject","inLanguage":"fr-FR","@id":"https:\/\/www.organisator.ch\/#\/schema\/logo\/image\/","url":"https:\/\/www.organisator.ch\/wp-content\/uploads\/2022\/01\/Logo_Organisator_Website.png","contentUrl":"https:\/\/www.organisator.ch\/wp-content\/uploads\/2022\/01\/Logo_Organisator_Website.png","width":800,"height":77,"caption":"Organisator"},"image":{"@id":"https:\/\/www.organisator.ch\/#\/schema\/logo\/image\/"},"sameAs":["https:\/\/www.facebook.com\/OrganisatorFachmagazin","https:\/\/www.linkedin.com\/showcase\/organisator-das-magazin-fr-kmu","https:\/\/www.xing.com\/news\/pages\/organisator-ch-695","https:\/\/www.youtube.com\/channel\/UCGP2Sq0iWaZwT3BdIAQFYpw"]},{"@type":"Person","@id":"https:\/\/www.organisator.ch\/#\/schema\/person\/2e1314a2172123f874db408d8911d3f3","name":"Adelisa Kalajdzini","image":{"@type":"ImageObject","inLanguage":"fr-FR","@id":"https:\/\/secure.gravatar.com\/avatar\/09a397c22ac58cad6f160ee8306348599df9df58a8ede73696226897b9fa4b24?s=96&d=mm&r=g","url":"https:\/\/secure.gravatar.com\/avatar\/09a397c22ac58cad6f160ee8306348599df9df58a8ede73696226897b9fa4b24?s=96&d=mm&r=g","contentUrl":"https:\/\/secure.gravatar.com\/avatar\/09a397c22ac58cad6f160ee8306348599df9df58a8ede73696226897b9fa4b24?s=96&d=mm&r=g","caption":"Adelisa Kalajdzini"},"url":"https:\/\/www.organisator.ch\/fr\/author\/adelisa-kalajdzini\/"}]}},"_links":{"self":[{"href":"https:\/\/www.organisator.ch\/fr\/wp-json\/wp\/v2\/posts\/26976","targetHints":{"allow":["GET"]}}],"collection":[{"href":"https:\/\/www.organisator.ch\/fr\/wp-json\/wp\/v2\/posts"}],"about":[{"href":"https:\/\/www.organisator.ch\/fr\/wp-json\/wp\/v2\/types\/post"}],"author":[{"embeddable":true,"href":"https:\/\/www.organisator.ch\/fr\/wp-json\/wp\/v2\/users\/58"}],"replies":[{"embeddable":true,"href":"https:\/\/www.organisator.ch\/fr\/wp-json\/wp\/v2\/comments?post=26976"}],"version-history":[{"count":5,"href":"https:\/\/www.organisator.ch\/fr\/wp-json\/wp\/v2\/posts\/26976\/revisions"}],"predecessor-version":[{"id":32270,"href":"https:\/\/www.organisator.ch\/fr\/wp-json\/wp\/v2\/posts\/26976\/revisions\/32270"}],"wp:attachment":[{"href":"https:\/\/www.organisator.ch\/fr\/wp-json\/wp\/v2\/media?parent=26976"}],"wp:term":[{"taxonomy":"category","embeddable":true,"href":"https:\/\/www.organisator.ch\/fr\/wp-json\/wp\/v2\/categories?post=26976"},{"taxonomy":"post_tag","embeddable":true,"href":"https:\/\/www.organisator.ch\/fr\/wp-json\/wp\/v2\/tags?post=26976"}],"curies":[{"name":"wp","href":"https:\/\/api.w.org\/{rel}","templated":true}]}}