{"id":26994,"date":"2024-05-08T10:31:30","date_gmt":"2024-05-08T08:31:30","guid":{"rendered":"https:\/\/www.organisator.ch\/?p=26994"},"modified":"2024-05-08T08:31:48","modified_gmt":"2024-05-08T06:31:48","slug":"career-day-2024-wo-sich-unternehmen-und-die-fachkraefte-von-morgen-vernetzen","status":"publish","type":"post","link":"https:\/\/www.organisator.ch\/fr\/human-resources\/2024-05-08\/career-day-2024-wo-sich-unternehmen-und-die-fachkraefte-von-morgen-vernetzen\/","title":{"rendered":"Career Day 2024 : o\u00f9 les entreprises et les professionnels de demain se mettent en r\u00e9seau"},"content":{"rendered":"<figure id=\"attachment_26996\" aria-describedby=\"caption-attachment-26996\" style=\"width: 680px\" class=\"wp-caption alignnone\"><img loading=\"lazy\" decoding=\"async\" class=\"size-full wp-image-26996\" src=\"https:\/\/www.organisator.ch\/wp-content\/uploads\/2024\/05\/Career-Days_Bild1_ps.jpg\" alt=\"\" width=\"680\" height=\"454\" srcset=\"https:\/\/www.organisator.ch\/wp-content\/uploads\/2024\/05\/Career-Days_Bild1_ps.jpg 680w, https:\/\/www.organisator.ch\/wp-content\/uploads\/2024\/05\/Career-Days_Bild1_ps-18x12.jpg 18w, https:\/\/www.organisator.ch\/wp-content\/uploads\/2024\/05\/Career-Days_Bild1_ps-375x250.jpg 375w, https:\/\/www.organisator.ch\/wp-content\/uploads\/2024\/05\/Career-Days_Bild1_ps-524x350.jpg 524w\" sizes=\"auto, (max-width: 680px) 100vw, 680px\" \/><figcaption id=\"caption-attachment-26996\" class=\"wp-caption-text\">Dans le cadre du Career Day, le service de conseil des hautes \u00e9coles bernoises offre aux \u00e9tudiant-e-s un soutien dans la planification de leur carri\u00e8re. (Photo : www.depositphotos.com)<\/figcaption><\/figure>\n<p>Le Career Day de la HESB Technique et informatique offre aux entreprises participantes ainsi qu'aux futurs dipl\u00f4m\u00e9-e-s des fili\u00e8res techniques une occasion unique d'\u00e9changer de mani\u00e8re personnelle et simple. Environ 70 entreprises de toute la Suisse se pr\u00e9senteront le mardi 14 mai 2024 dans les locaux du SIPBB sur des stands d'exposition. Les futurs sp\u00e9cialistes auront un aper\u00e7u des possibilit\u00e9s d'entr\u00e9e et de carri\u00e8re professionnelles et pourront nouer de pr\u00e9cieux contacts avec des employeurs attrayants au-del\u00e0 de leurs \u00e9tudes. Pour la premi\u00e8re fois lors du Career Day, nous accueillons \u00e9galement des \u00e9tudiants de la H\u00f6here Fachschule f\u00fcr Technik Mittelland (HFTM), soulignant ainsi nos efforts communs pour lutter contre la p\u00e9nurie de personnel qualifi\u00e9. \u00a0<\/p>\n<p>Le Career Day 2024 combine pour la troisi\u00e8me fois d\u00e9j\u00e0 la plateforme de matchmaking \"talentefinder\" et l'exposition \u00e9prouv\u00e9e sur place. La plateforme en ligne fonctionne comme une application de rencontre, sur laquelle les entreprises peuvent \u00e9changer avec les futurs professionnels, aussi bien num\u00e9riquement que sur place.<\/p>\n<p>De plus, le service d'orientation des hautes \u00e9coles bernoises propose aux \u00e9tudiant-e-s un soutien dans la planification de leur carri\u00e8re dans le cadre du Career Day. Ces derniers b\u00e9n\u00e9ficient de conseils individuels et peuvent faire \u00e9valuer gratuitement leur CV par des sp\u00e9cialistes pr\u00e9sents dans certaines entreprises.<\/p>\n<h3><strong>\u00c0 qui s'adresse le Career Day ?\u00a0<\/strong><\/h3>\n<p>L'offre des entreprises s'adresse \u00e0 tous les \u00e9tudiants des huit fili\u00e8res de bachelor de la HESB Technique et informatique : Technique automobile et v\u00e9hicules, Data Engineering, Electrotechnique et technologies de l'information, Informatique, Technique des machines, Informatique m\u00e9dicale, M\u00e9catronique et technique des syst\u00e8mes (Technique m\u00e9dicale | Robotique) ainsi que G\u00e9nie \u00e9conomique. Les \u00e9tudiants de nos programmes de master Master of Science in Engineering MSE, Master of Science in Biomedical Engineering BME, Master of Science in Precision Engineering PrE, Master of Science in Circular Innovation and Sustainability ainsi que les \u00e9tudiants de la HFTM sont \u00e9galement les bienvenus.<\/p>\n<p><em>Source : <a href=\"http:\/\/www.bfh.ch\">www.bfh.ch<\/a><\/em><\/p>","protected":false},"excerpt":{"rendered":"<p>Le Career Day de la Haute \u00e9cole sp\u00e9cialis\u00e9e bernoise HESB met en r\u00e9seau les futurs sp\u00e9cialistes avec l'\u00e9conomie. Quelque 70 entreprises innovantes des domaines de la technique et de l'informatique pr\u00e9senteront des profils professionnels passionnants le 14 mai 2024 au Switzerland Innovation Park Biel\/Bienne (SIPBB) et s'adresseront ainsi aux jeunes \u00e9tudiant-e-s de la HESB.<\/p>","protected":false},"author":58,"featured_media":26996,"comment_status":"closed","ping_status":"closed","sticky":false,"template":"","format":"standard","meta":{"_acf_changed":false,"_yoast_wpseo_focuskw":"Career Day","_yoast_wpseo_metadesc":"Der Career Day der Berner Fachhochschule BFH vernetzt zuk\u00fcnftige Fachkr\u00e4fte mit der Wirtschaft.","articlekey":"","footnotes":""},"categories":[579],"tags":[424,4207,468,492],"class_list":["post-26994","post","type-post","status-publish","format-standard","has-post-thumbnail","hentry","category-human-resources","tag-schweiz","tag-studierende","tag-tagung","tag-unternehmen"],"acf":[],"yoast_head":"<!-- This site is optimized with the Yoast SEO plugin v27.5 - https:\/\/yoast.com\/product\/yoast-seo-wordpress\/ -->\n<title>Career Day 2024: Wo sich Unternehmen und die Fachkr\u00e4fte von morgen vernetzen - Organisator<\/title>\n<meta name=\"description\" content=\"Der Career Day der Berner Fachhochschule BFH vernetzt zuk\u00fcnftige Fachkr\u00e4fte mit der Wirtschaft.\" \/>\n<meta name=\"robots\" content=\"index, follow, max-snippet:-1, max-image-preview:large, max-video-preview:-1\" \/>\n<link rel=\"canonical\" href=\"https:\/\/www.organisator.ch\/fr\/ressources-humaines\/2024-05-08\/career-day-2024-wo-sich-unternehmen-und-die-fachkraefte-von-morgen-vernetzen\/\" \/>\n<meta property=\"og:locale\" content=\"fr_FR\" \/>\n<meta property=\"og:type\" content=\"article\" \/>\n<meta property=\"og:title\" content=\"Career Day 2024: Wo sich Unternehmen und die Fachkr\u00e4fte von morgen vernetzen\" \/>\n<meta property=\"og:description\" content=\"Der Career Day der Berner Fachhochschule BFH vernetzt zuk\u00fcnftige Fachkr\u00e4fte mit der Wirtschaft.\" \/>\n<meta property=\"og:url\" content=\"https:\/\/www.organisator.ch\/fr\/ressources-humaines\/2024-05-08\/career-day-2024-wo-sich-unternehmen-und-die-fachkraefte-von-morgen-vernetzen\/\" \/>\n<meta property=\"og:site_name\" content=\"Organisator\" \/>\n<meta property=\"article:publisher\" content=\"https:\/\/www.facebook.com\/OrganisatorFachmagazin\" \/>\n<meta property=\"article:published_time\" content=\"2024-05-08T08:31:30+00:00\" \/>\n<meta property=\"og:image\" content=\"https:\/\/www.organisator.ch\/wp-content\/uploads\/2024\/05\/Career-Days_Bild1_ps.jpg\" \/>\n\t<meta property=\"og:image:width\" content=\"680\" \/>\n\t<meta property=\"og:image:height\" content=\"454\" \/>\n\t<meta property=\"og:image:type\" content=\"image\/jpeg\" \/>\n<meta name=\"author\" content=\"Adelisa Kalajdzini\" \/>\n<meta name=\"twitter:card\" content=\"summary_large_image\" \/>\n<meta name=\"twitter:title\" content=\"Career Day 2024: Wo sich Unternehmen und die Fachkr\u00e4fte von morgen vernetzen\" \/>\n<meta name=\"twitter:description\" content=\"Der #Career #Day der Berner Fachhochschule #BFH vernetzt zuk\u00fcnftige #Fachkr\u00e4fte mit der #Wirtschaft.\" \/>\n<meta name=\"twitter:image\" content=\"https:\/\/www.organisator.ch\/wp-content\/uploads\/2024\/05\/Career-Days_Bild1_ps.jpg\" \/>\n<script type=\"application\/ld+json\" class=\"yoast-schema-graph\">{\"@context\":\"https:\\\/\\\/schema.org\",\"@graph\":[{\"@type\":\"Article\",\"@id\":\"https:\\\/\\\/www.organisator.ch\\\/human-resources\\\/2024-05-08\\\/career-day-2024-wo-sich-unternehmen-und-die-fachkraefte-von-morgen-vernetzen\\\/#article\",\"isPartOf\":{\"@id\":\"https:\\\/\\\/www.organisator.ch\\\/human-resources\\\/2024-05-08\\\/career-day-2024-wo-sich-unternehmen-und-die-fachkraefte-von-morgen-vernetzen\\\/\"},\"author\":{\"name\":\"Adelisa Kalajdzini\",\"@id\":\"https:\\\/\\\/www.organisator.ch\\\/#\\\/schema\\\/person\\\/2e1314a2172123f874db408d8911d3f3\"},\"headline\":\"Career Day 2024: Wo sich Unternehmen und die Fachkr\u00e4fte von morgen vernetzen\",\"datePublished\":\"2024-05-08T08:31:30+00:00\",\"mainEntityOfPage\":{\"@id\":\"https:\\\/\\\/www.organisator.ch\\\/human-resources\\\/2024-05-08\\\/career-day-2024-wo-sich-unternehmen-und-die-fachkraefte-von-morgen-vernetzen\\\/\"},\"wordCount\":325,\"publisher\":{\"@id\":\"https:\\\/\\\/www.organisator.ch\\\/#organization\"},\"image\":{\"@id\":\"https:\\\/\\\/www.organisator.ch\\\/human-resources\\\/2024-05-08\\\/career-day-2024-wo-sich-unternehmen-und-die-fachkraefte-von-morgen-vernetzen\\\/#primaryimage\"},\"thumbnailUrl\":\"https:\\\/\\\/www.organisator.ch\\\/wp-content\\\/uploads\\\/2024\\\/05\\\/Career-Days_Bild1_ps.jpg\",\"keywords\":[\"Schweiz\",\"Studierende\",\"Tagung\",\"Unternehmen\"],\"articleSection\":[\"HUMAN RESOURCES\"],\"inLanguage\":\"fr-FR\"},{\"@type\":\"WebPage\",\"@id\":\"https:\\\/\\\/www.organisator.ch\\\/human-resources\\\/2024-05-08\\\/career-day-2024-wo-sich-unternehmen-und-die-fachkraefte-von-morgen-vernetzen\\\/\",\"url\":\"https:\\\/\\\/www.organisator.ch\\\/human-resources\\\/2024-05-08\\\/career-day-2024-wo-sich-unternehmen-und-die-fachkraefte-von-morgen-vernetzen\\\/\",\"name\":\"Career Day 2024: Wo sich Unternehmen und die Fachkr\u00e4fte von morgen vernetzen - Organisator\",\"isPartOf\":{\"@id\":\"https:\\\/\\\/www.organisator.ch\\\/#website\"},\"primaryImageOfPage\":{\"@id\":\"https:\\\/\\\/www.organisator.ch\\\/human-resources\\\/2024-05-08\\\/career-day-2024-wo-sich-unternehmen-und-die-fachkraefte-von-morgen-vernetzen\\\/#primaryimage\"},\"image\":{\"@id\":\"https:\\\/\\\/www.organisator.ch\\\/human-resources\\\/2024-05-08\\\/career-day-2024-wo-sich-unternehmen-und-die-fachkraefte-von-morgen-vernetzen\\\/#primaryimage\"},\"thumbnailUrl\":\"https:\\\/\\\/www.organisator.ch\\\/wp-content\\\/uploads\\\/2024\\\/05\\\/Career-Days_Bild1_ps.jpg\",\"datePublished\":\"2024-05-08T08:31:30+00:00\",\"description\":\"Der Career Day der Berner Fachhochschule BFH vernetzt zuk\u00fcnftige Fachkr\u00e4fte mit der Wirtschaft.\",\"breadcrumb\":{\"@id\":\"https:\\\/\\\/www.organisator.ch\\\/human-resources\\\/2024-05-08\\\/career-day-2024-wo-sich-unternehmen-und-die-fachkraefte-von-morgen-vernetzen\\\/#breadcrumb\"},\"inLanguage\":\"fr-FR\",\"potentialAction\":[{\"@type\":\"ReadAction\",\"target\":[\"https:\\\/\\\/www.organisator.ch\\\/human-resources\\\/2024-05-08\\\/career-day-2024-wo-sich-unternehmen-und-die-fachkraefte-von-morgen-vernetzen\\\/\"]}]},{\"@type\":\"ImageObject\",\"inLanguage\":\"fr-FR\",\"@id\":\"https:\\\/\\\/www.organisator.ch\\\/human-resources\\\/2024-05-08\\\/career-day-2024-wo-sich-unternehmen-und-die-fachkraefte-von-morgen-vernetzen\\\/#primaryimage\",\"url\":\"https:\\\/\\\/www.organisator.ch\\\/wp-content\\\/uploads\\\/2024\\\/05\\\/Career-Days_Bild1_ps.jpg\",\"contentUrl\":\"https:\\\/\\\/www.organisator.ch\\\/wp-content\\\/uploads\\\/2024\\\/05\\\/Career-Days_Bild1_ps.jpg\",\"width\":680,\"height\":454,\"caption\":\"Die Beratungsstelle der Berner Hochschulen bietet den Student:innen im Rahmen des Career Days Unterst\u00fctzung bei ihrer Karriereplanung an. (Bild: www.depositphotos.com)\"},{\"@type\":\"BreadcrumbList\",\"@id\":\"https:\\\/\\\/www.organisator.ch\\\/human-resources\\\/2024-05-08\\\/career-day-2024-wo-sich-unternehmen-und-die-fachkraefte-von-morgen-vernetzen\\\/#breadcrumb\",\"itemListElement\":[{\"@type\":\"ListItem\",\"position\":1,\"name\":\"Home\",\"item\":\"https:\\\/\\\/www.organisator.ch\\\/\"},{\"@type\":\"ListItem\",\"position\":2,\"name\":\"Career Day 2024: Wo sich Unternehmen und die Fachkr\u00e4fte von morgen vernetzen\"}]},{\"@type\":\"WebSite\",\"@id\":\"https:\\\/\\\/www.organisator.ch\\\/#website\",\"url\":\"https:\\\/\\\/www.organisator.ch\\\/\",\"name\":\"Organisator\",\"description\":\"Kompetent. Praxisnah. Der ORGANISATOR bereitet in 10 Ausgaben pro Jahr die wesentlichen Themen f\u00fcr F\u00fchrungskr\u00e4fte von KMU auf.\",\"publisher\":{\"@id\":\"https:\\\/\\\/www.organisator.ch\\\/#organization\"},\"potentialAction\":[{\"@type\":\"SearchAction\",\"target\":{\"@type\":\"EntryPoint\",\"urlTemplate\":\"https:\\\/\\\/www.organisator.ch\\\/?s={search_term_string}\"},\"query-input\":{\"@type\":\"PropertyValueSpecification\",\"valueRequired\":true,\"valueName\":\"search_term_string\"}}],\"inLanguage\":\"fr-FR\"},{\"@type\":\"Organization\",\"@id\":\"https:\\\/\\\/www.organisator.ch\\\/#organization\",\"name\":\"Organisator\",\"url\":\"https:\\\/\\\/www.organisator.ch\\\/\",\"logo\":{\"@type\":\"ImageObject\",\"inLanguage\":\"fr-FR\",\"@id\":\"https:\\\/\\\/www.organisator.ch\\\/#\\\/schema\\\/logo\\\/image\\\/\",\"url\":\"https:\\\/\\\/www.organisator.ch\\\/wp-content\\\/uploads\\\/2022\\\/01\\\/Logo_Organisator_Website.png\",\"contentUrl\":\"https:\\\/\\\/www.organisator.ch\\\/wp-content\\\/uploads\\\/2022\\\/01\\\/Logo_Organisator_Website.png\",\"width\":800,\"height\":77,\"caption\":\"Organisator\"},\"image\":{\"@id\":\"https:\\\/\\\/www.organisator.ch\\\/#\\\/schema\\\/logo\\\/image\\\/\"},\"sameAs\":[\"https:\\\/\\\/www.facebook.com\\\/OrganisatorFachmagazin\",\"https:\\\/\\\/www.linkedin.com\\\/showcase\\\/organisator-das-magazin-fr-kmu\",\"https:\\\/\\\/www.xing.com\\\/news\\\/pages\\\/organisator-ch-695\",\"https:\\\/\\\/www.youtube.com\\\/channel\\\/UCGP2Sq0iWaZwT3BdIAQFYpw\"]},{\"@type\":\"Person\",\"@id\":\"https:\\\/\\\/www.organisator.ch\\\/#\\\/schema\\\/person\\\/2e1314a2172123f874db408d8911d3f3\",\"name\":\"Adelisa Kalajdzini\",\"image\":{\"@type\":\"ImageObject\",\"inLanguage\":\"fr-FR\",\"@id\":\"https:\\\/\\\/secure.gravatar.com\\\/avatar\\\/09a397c22ac58cad6f160ee8306348599df9df58a8ede73696226897b9fa4b24?s=96&d=mm&r=g\",\"url\":\"https:\\\/\\\/secure.gravatar.com\\\/avatar\\\/09a397c22ac58cad6f160ee8306348599df9df58a8ede73696226897b9fa4b24?s=96&d=mm&r=g\",\"contentUrl\":\"https:\\\/\\\/secure.gravatar.com\\\/avatar\\\/09a397c22ac58cad6f160ee8306348599df9df58a8ede73696226897b9fa4b24?s=96&d=mm&r=g\",\"caption\":\"Adelisa Kalajdzini\"},\"url\":\"https:\\\/\\\/www.organisator.ch\\\/fr\\\/author\\\/adelisa-kalajdzini\\\/\"}]}<\/script>\n<!-- \/ Yoast SEO plugin. -->","yoast_head_json":{"title":"Career Day 2024 : o\u00f9 les entreprises et le personnel qualifi\u00e9 de demain se mettent en r\u00e9seau - Organisateur","description":"Le Career Day de la Haute \u00e9cole sp\u00e9cialis\u00e9e bernoise HESB met en r\u00e9seau les futurs professionnels avec l'\u00e9conomie.","robots":{"index":"index","follow":"follow","max-snippet":"max-snippet:-1","max-image-preview":"max-image-preview:large","max-video-preview":"max-video-preview:-1"},"canonical":"https:\/\/www.organisator.ch\/fr\/ressources-humaines\/2024-05-08\/career-day-2024-wo-sich-unternehmen-und-die-fachkraefte-von-morgen-vernetzen\/","og_locale":"fr_FR","og_type":"article","og_title":"Career Day 2024: Wo sich Unternehmen und die Fachkr\u00e4fte von morgen vernetzen","og_description":"Der Career Day der Berner Fachhochschule BFH vernetzt zuk\u00fcnftige Fachkr\u00e4fte mit der Wirtschaft.","og_url":"https:\/\/www.organisator.ch\/fr\/ressources-humaines\/2024-05-08\/career-day-2024-wo-sich-unternehmen-und-die-fachkraefte-von-morgen-vernetzen\/","og_site_name":"Organisator","article_publisher":"https:\/\/www.facebook.com\/OrganisatorFachmagazin","article_published_time":"2024-05-08T08:31:30+00:00","og_image":[{"width":680,"height":454,"url":"https:\/\/www.organisator.ch\/wp-content\/uploads\/2024\/05\/Career-Days_Bild1_ps.jpg","type":"image\/jpeg"}],"author":"Adelisa Kalajdzini","twitter_card":"summary_large_image","twitter_title":"Career Day 2024: Wo sich Unternehmen und die Fachkr\u00e4fte von morgen vernetzen","twitter_description":"Der #Career #Day der Berner Fachhochschule #BFH vernetzt zuk\u00fcnftige #Fachkr\u00e4fte mit der #Wirtschaft.","twitter_image":"https:\/\/www.organisator.ch\/wp-content\/uploads\/2024\/05\/Career-Days_Bild1_ps.jpg","schema":{"@context":"https:\/\/schema.org","@graph":[{"@type":"Article","@id":"https:\/\/www.organisator.ch\/human-resources\/2024-05-08\/career-day-2024-wo-sich-unternehmen-und-die-fachkraefte-von-morgen-vernetzen\/#article","isPartOf":{"@id":"https:\/\/www.organisator.ch\/human-resources\/2024-05-08\/career-day-2024-wo-sich-unternehmen-und-die-fachkraefte-von-morgen-vernetzen\/"},"author":{"name":"Adelisa Kalajdzini","@id":"https:\/\/www.organisator.ch\/#\/schema\/person\/2e1314a2172123f874db408d8911d3f3"},"headline":"Career Day 2024: Wo sich Unternehmen und die Fachkr\u00e4fte von morgen vernetzen","datePublished":"2024-05-08T08:31:30+00:00","mainEntityOfPage":{"@id":"https:\/\/www.organisator.ch\/human-resources\/2024-05-08\/career-day-2024-wo-sich-unternehmen-und-die-fachkraefte-von-morgen-vernetzen\/"},"wordCount":325,"publisher":{"@id":"https:\/\/www.organisator.ch\/#organization"},"image":{"@id":"https:\/\/www.organisator.ch\/human-resources\/2024-05-08\/career-day-2024-wo-sich-unternehmen-und-die-fachkraefte-von-morgen-vernetzen\/#primaryimage"},"thumbnailUrl":"https:\/\/www.organisator.ch\/wp-content\/uploads\/2024\/05\/Career-Days_Bild1_ps.jpg","keywords":["Schweiz","Studierende","Tagung","Unternehmen"],"articleSection":["HUMAN RESOURCES"],"inLanguage":"fr-FR"},{"@type":"WebPage","@id":"https:\/\/www.organisator.ch\/human-resources\/2024-05-08\/career-day-2024-wo-sich-unternehmen-und-die-fachkraefte-von-morgen-vernetzen\/","url":"https:\/\/www.organisator.ch\/human-resources\/2024-05-08\/career-day-2024-wo-sich-unternehmen-und-die-fachkraefte-von-morgen-vernetzen\/","name":"Career Day 2024 : o\u00f9 les entreprises et le personnel qualifi\u00e9 de demain se mettent en r\u00e9seau - Organisateur","isPartOf":{"@id":"https:\/\/www.organisator.ch\/#website"},"primaryImageOfPage":{"@id":"https:\/\/www.organisator.ch\/human-resources\/2024-05-08\/career-day-2024-wo-sich-unternehmen-und-die-fachkraefte-von-morgen-vernetzen\/#primaryimage"},"image":{"@id":"https:\/\/www.organisator.ch\/human-resources\/2024-05-08\/career-day-2024-wo-sich-unternehmen-und-die-fachkraefte-von-morgen-vernetzen\/#primaryimage"},"thumbnailUrl":"https:\/\/www.organisator.ch\/wp-content\/uploads\/2024\/05\/Career-Days_Bild1_ps.jpg","datePublished":"2024-05-08T08:31:30+00:00","description":"Le Career Day de la Haute \u00e9cole sp\u00e9cialis\u00e9e bernoise HESB met en r\u00e9seau les futurs professionnels avec l'\u00e9conomie.","breadcrumb":{"@id":"https:\/\/www.organisator.ch\/human-resources\/2024-05-08\/career-day-2024-wo-sich-unternehmen-und-die-fachkraefte-von-morgen-vernetzen\/#breadcrumb"},"inLanguage":"fr-FR","potentialAction":[{"@type":"ReadAction","target":["https:\/\/www.organisator.ch\/human-resources\/2024-05-08\/career-day-2024-wo-sich-unternehmen-und-die-fachkraefte-von-morgen-vernetzen\/"]}]},{"@type":"ImageObject","inLanguage":"fr-FR","@id":"https:\/\/www.organisator.ch\/human-resources\/2024-05-08\/career-day-2024-wo-sich-unternehmen-und-die-fachkraefte-von-morgen-vernetzen\/#primaryimage","url":"https:\/\/www.organisator.ch\/wp-content\/uploads\/2024\/05\/Career-Days_Bild1_ps.jpg","contentUrl":"https:\/\/www.organisator.ch\/wp-content\/uploads\/2024\/05\/Career-Days_Bild1_ps.jpg","width":680,"height":454,"caption":"Die Beratungsstelle der Berner Hochschulen bietet den Student:innen im Rahmen des Career Days Unterst\u00fctzung bei ihrer Karriereplanung an. (Bild: www.depositphotos.com)"},{"@type":"BreadcrumbList","@id":"https:\/\/www.organisator.ch\/human-resources\/2024-05-08\/career-day-2024-wo-sich-unternehmen-und-die-fachkraefte-von-morgen-vernetzen\/#breadcrumb","itemListElement":[{"@type":"ListItem","position":1,"name":"Home","item":"https:\/\/www.organisator.ch\/"},{"@type":"ListItem","position":2,"name":"Career Day 2024: Wo sich Unternehmen und die Fachkr\u00e4fte von morgen vernetzen"}]},{"@type":"WebSite","@id":"https:\/\/www.organisator.ch\/#website","url":"https:\/\/www.organisator.ch\/","name":"Organisateur","description":"Comp\u00e9tence et comp\u00e9tence. Proches de la pratique. L'ORGANISATEUR pr\u00e9pare 10 num\u00e9ros par an sur les th\u00e8mes essentiels pour les dirigeants de PME.","publisher":{"@id":"https:\/\/www.organisator.ch\/#organization"},"potentialAction":[{"@type":"SearchAction","target":{"@type":"EntryPoint","urlTemplate":"https:\/\/www.organisator.ch\/?s={search_term_string}"},"query-input":{"@type":"PropertyValueSpecification","valueRequired":true,"valueName":"search_term_string"}}],"inLanguage":"fr-FR"},{"@type":"Organization","@id":"https:\/\/www.organisator.ch\/#organization","name":"Organisateur","url":"https:\/\/www.organisator.ch\/","logo":{"@type":"ImageObject","inLanguage":"fr-FR","@id":"https:\/\/www.organisator.ch\/#\/schema\/logo\/image\/","url":"https:\/\/www.organisator.ch\/wp-content\/uploads\/2022\/01\/Logo_Organisator_Website.png","contentUrl":"https:\/\/www.organisator.ch\/wp-content\/uploads\/2022\/01\/Logo_Organisator_Website.png","width":800,"height":77,"caption":"Organisator"},"image":{"@id":"https:\/\/www.organisator.ch\/#\/schema\/logo\/image\/"},"sameAs":["https:\/\/www.facebook.com\/OrganisatorFachmagazin","https:\/\/www.linkedin.com\/showcase\/organisator-das-magazin-fr-kmu","https:\/\/www.xing.com\/news\/pages\/organisator-ch-695","https:\/\/www.youtube.com\/channel\/UCGP2Sq0iWaZwT3BdIAQFYpw"]},{"@type":"Person","@id":"https:\/\/www.organisator.ch\/#\/schema\/person\/2e1314a2172123f874db408d8911d3f3","name":"Adelisa Kalajdzini","image":{"@type":"ImageObject","inLanguage":"fr-FR","@id":"https:\/\/secure.gravatar.com\/avatar\/09a397c22ac58cad6f160ee8306348599df9df58a8ede73696226897b9fa4b24?s=96&d=mm&r=g","url":"https:\/\/secure.gravatar.com\/avatar\/09a397c22ac58cad6f160ee8306348599df9df58a8ede73696226897b9fa4b24?s=96&d=mm&r=g","contentUrl":"https:\/\/secure.gravatar.com\/avatar\/09a397c22ac58cad6f160ee8306348599df9df58a8ede73696226897b9fa4b24?s=96&d=mm&r=g","caption":"Adelisa Kalajdzini"},"url":"https:\/\/www.organisator.ch\/fr\/author\/adelisa-kalajdzini\/"}]}},"_links":{"self":[{"href":"https:\/\/www.organisator.ch\/fr\/wp-json\/wp\/v2\/posts\/26994","targetHints":{"allow":["GET"]}}],"collection":[{"href":"https:\/\/www.organisator.ch\/fr\/wp-json\/wp\/v2\/posts"}],"about":[{"href":"https:\/\/www.organisator.ch\/fr\/wp-json\/wp\/v2\/types\/post"}],"author":[{"embeddable":true,"href":"https:\/\/www.organisator.ch\/fr\/wp-json\/wp\/v2\/users\/58"}],"replies":[{"embeddable":true,"href":"https:\/\/www.organisator.ch\/fr\/wp-json\/wp\/v2\/comments?post=26994"}],"version-history":[{"count":7,"href":"https:\/\/www.organisator.ch\/fr\/wp-json\/wp\/v2\/posts\/26994\/revisions"}],"predecessor-version":[{"id":27044,"href":"https:\/\/www.organisator.ch\/fr\/wp-json\/wp\/v2\/posts\/26994\/revisions\/27044"}],"wp:featuredmedia":[{"embeddable":true,"href":"https:\/\/www.organisator.ch\/fr\/wp-json\/wp\/v2\/media\/26996"}],"wp:attachment":[{"href":"https:\/\/www.organisator.ch\/fr\/wp-json\/wp\/v2\/media?parent=26994"}],"wp:term":[{"taxonomy":"category","embeddable":true,"href":"https:\/\/www.organisator.ch\/fr\/wp-json\/wp\/v2\/categories?post=26994"},{"taxonomy":"post_tag","embeddable":true,"href":"https:\/\/www.organisator.ch\/fr\/wp-json\/wp\/v2\/tags?post=26994"}],"curies":[{"name":"wp","href":"https:\/\/api.w.org\/{rel}","templated":true}]}}