{"id":27011,"date":"2024-05-08T11:25:21","date_gmt":"2024-05-08T09:25:21","guid":{"rendered":"https:\/\/www.m-q.ch\/?p=19733"},"modified":"2024-11-11T06:15:35","modified_gmt":"2024-11-11T05:15:35","slug":"iss-schweiz-von-ecovadis-mit-platin-ausgezeichnet","status":"publish","type":"post","link":"https:\/\/www.organisator.ch\/fr\/operational-excellence\/2024-05-08\/iss-schweiz-von-ecovadis-mit-platin-ausgezeichnet\/","title":{"rendered":"ISS Suisse distingu\u00e9 par EcoVadis avec Platine"},"content":{"rendered":"<figure id=\"attachment_19735\" class=\"wp-caption alignnone\" style=\"width: 680px\" aria-describedby=\"caption-attachment-19735\"><img class=\"alignnone wp-image-19735 size-full\" src=\"https:\/\/www.m-q.ch\/wp-content\/uploads\/2024\/05\/ISS-Facility-Services-AG_EcoVadis_Bild1_ps.jpg\" alt=\"ISS Suisse\" width=\"680\" height=\"680\" \/>\r\n<figcaption id=\"caption-attachment-19735\" class=\"wp-caption-text\">Le fort engagement d'ISS Suisse en faveur du d\u00e9veloppement durable a de nouveau \u00e9t\u00e9 r\u00e9compens\u00e9 par une m\u00e9daille de platine d'EcoVadis. (Image : www.issworld.com)<\/figcaption>\r\n<\/figure>\r\n<p>L'engagement fort et pr\u00e9voyant d'ISS Suisse en mati\u00e8re de d\u00e9veloppement durable a de nouveau \u00e9t\u00e9 r\u00e9compens\u00e9 par une m\u00e9daille de platine d'EcoVadis, une plate-forme ind\u00e9pendante leader pour les \u00e9valuations de d\u00e9veloppement durable. ISS est fi\u00e8re de faire partie du top 1 % des entreprises les plus durables avec un rating de 79\/100. L'\u00e9valuation se base sur sept indicateurs de gestion et 21 crit\u00e8res dans les domaines de l'environnement, des droits de l'homme et du travail, de l'\u00e9thique et de l'approvisionnement durable.<\/p>\r\n<h3><strong>Reconnaissance de l'excellence dans la gestion de la durabilit\u00e9 <\/strong><\/h3>\r\n<p>La plus haute distinction avec le statut de platine est la preuve de l'engagement continu d'ISS Suisse \u00e0 int\u00e9grer avec succ\u00e8s les th\u00e8mes sociaux, la gestion environnementale et l'approvisionnement durable dans ses activit\u00e9s d'entreprise. \"Cette reconnaissance est une excellente confirmation que nous agissons de mani\u00e8re progressiste, proactive et efficace en mati\u00e8re de gestion du d\u00e9veloppement durable et que nous avons du succ\u00e8s en tant qu'\u00e9quipe\", explique Marc Amstutz, Head Environment &amp; Sustainability chez ISS Suisse. \"Avec le r\u00e9sultat global de cette ann\u00e9e pour notre gestion de la durabilit\u00e9, nous avons obtenu la reconnaissance comme top 1 pour cent des entreprises \u00e9valu\u00e9es dans le monde entier en l'espace d'un an - nous en sommes tr\u00e8s heureux\".<\/p>\r\n<h3><strong>Validation SBTi comme partie int\u00e9grante <\/strong><\/h3>\r\n<p>En compl\u00e9ment de ce succ\u00e8s, la validation des objectifs de r\u00e9duction des \u00e9missions \u00e0 court terme par la Science Based Targets Initiative (SBTi) souligne le r\u00f4le de leader d'ISS Suisse dans le domaine de la durabilit\u00e9 et de la protection du climat. La validation SBTi confirme l'engagement d'ISS Suisse \u00e0 fixer des objectifs de d\u00e9carbonisation en accord avec les derni\u00e8res connaissances scientifiques et les principes de l'Accord de Paris.<\/p>\r\n<h3><strong>Mesures actuelles de durabilit\u00e9 et services \u00e0 la client\u00e8le <\/strong><\/h3>\r\n<p>Comme objectif climatique, ISS Suisse s'est fix\u00e9 z\u00e9ro \u00e9mission nette de CO\u2082 d'ici 2030 pour son activit\u00e9 commerciale directe (scope 1 &amp; 2), d'ici 2040, cet objectif s'applique \u00e9galement \u00e0 toutes les autres \u00e9missions indirectes (scope 3) qui sont hors de la sph\u00e8re d'influence d'ISS, mais qui ont un impact sur la cha\u00eene de cr\u00e9ation de valeur. Dans sa volont\u00e9 de r\u00e9aliser des objectifs de durabilit\u00e9 aussi bien au sein de l'entreprise que pour les clients, ISS Suisse a pris des mesures d\u00e9cisives. En convertissant sa flotte de v\u00e9hicules \u00e0 la propulsion \u00e9lectrique et en mettant en \u0153uvre des normes pour des cha\u00eenes d'approvisionnement durables, l'entreprise met en \u0153uvre d'autres actions et programmes pour r\u00e9duire les \u00e9missions de CO2 et promouvoir l'\u00e9conomie circulaire, le recyclage et la r\u00e9utilisation. Le programme interne Green Office soutient \u00e9galement les efforts d'ISS Suisse dans le domaine de la durabilit\u00e9.<\/p>\r\n<p>Les clients ont le choix entre une multitude de services \u00e9cologiques et respectueux du climat pour la d\u00e9carbonisation des b\u00e2timents, la r\u00e9duction de la consommation de ressources gr\u00e2ce \u00e0 des services en circuit ferm\u00e9 et la gestion durable des b\u00e2timents. En outre, ISS Suisse encourage activement la biodiversit\u00e9 par un entretien naturel des espaces verts. Ces initiatives illustrent l'engagement continu d'ISS Suisse \u00e0 agir en accord avec les principes de responsabilit\u00e9 \u00e9cologique et sociale.<\/p>\r\n<h3><strong>Perspectives d'avenir et am\u00e9lioration continue<\/strong><\/h3>\r\n<p>Dans le but de consolider sa position d'entreprise leader dans le Facility Management durable, ISS Suisse mise sur des am\u00e9liorations continues. Les certifications ISO 9001, ISO 14001 et ISO 45001 attestent de son engagement pour la qualit\u00e9, la protection de l'environnement et la s\u00e9curit\u00e9 au travail. Gr\u00e2ce \u00e0 l'utilisation de technologies innovantes telles que l'IoT, l'analyse pr\u00e9dictive et un nouveau logiciel d'\u00e9valuation climatique, ISS Suisse pr\u00e9voit de continuer \u00e0 optimiser les processus d'exploitation, de r\u00e9duire la consommation de ressources et d'am\u00e9liorer en permanence ses prestations en mati\u00e8re de durabilit\u00e9.<\/p>\r\n<h3><strong>Une port\u00e9e mondiale pour l'environnement et la responsabilit\u00e9 sociale <\/strong><\/h3>\r\n<p>Avec une pr\u00e9sence globale dans plus de 30 pays, la gestion du d\u00e9veloppement durable du Groupe ISS a une influence consid\u00e9rable sur le monde. Cette port\u00e9e globale permet \u00e0 ISS de promouvoir des emplois durables pour les clients et la soci\u00e9t\u00e9 et de minimiser l'empreinte \u00e9cologique. ISS Suisse met en \u0153uvre la strat\u00e9gie OneISS en Suisse et apporte ainsi une contribution significative au d\u00e9veloppement durable.<\/p>\r\n<p><em>Source : <a href=\"http:\/\/www.issworld.com\/\">www.issworld.com<\/a><\/em><\/p>\n<p class=\"syndicated-attribution\">Cet article est paru initialement sur m-q.ch - <a href=\"https:\/\/www.m-q.ch\/de\/iss-schweiz-von-ecovadis-mit-platin-ausgezeichnet\/\" target=\"_blank\">https:\/\/www.m-q.ch\/de\/iss-schweiz-von-ecovadis-mit-platin-ausgezeichnet\/<\/a><\/p>","protected":false},"excerpt":{"rendered":"<p>ISS Suisse a \u00e9t\u00e9 r\u00e9compens\u00e9e par la m\u00e9daille de platine dans le c\u00e9l\u00e8bre rating de durabilit\u00e9 d'EcoVadis. ISS Suisse fait ainsi partie du meilleur pour cent des 47'000 entreprises \u00e9valu\u00e9es dans le monde entier par EcoVadis au cours des douze derniers mois.<\/p>","protected":false},"author":58,"featured_media":0,"comment_status":"closed","ping_status":"closed","sticky":false,"template":"","format":"standard","meta":{"_acf_changed":false,"_yoast_wpseo_focuskw":"ISS Schweiz","_yoast_wpseo_metadesc":"ISS Schweiz erh\u00e4lt Platinmedaille von EcoVadis f\u00fcr starkes Nachhaltigkeitsengagement und innovative Klimaschutzma\u00dfnahmen.","articlekey":"","footnotes":""},"categories":[582],"tags":[1787,605,492,613],"class_list":["post-27011","post","type-post","status-publish","format-standard","hentry","category-operational-excellence","tag-nachhaltigkeit","tag-qualitaetsmanagement","tag-unternehmen","tag-zertifizierung"],"acf":[],"yoast_head":"<!-- This site is optimized with the Yoast SEO plugin v27.5 - https:\/\/yoast.com\/product\/yoast-seo-wordpress\/ -->\n<title>ISS Schweiz von EcoVadis mit Platin ausgezeichnet - Organisator<\/title>\n<meta name=\"description\" content=\"ISS Schweiz erh\u00e4lt Platinmedaille von EcoVadis f\u00fcr starkes Nachhaltigkeitsengagement und innovative Klimaschutzma\u00dfnahmen.\" \/>\n<meta name=\"robots\" content=\"index, follow, max-snippet:-1, max-image-preview:large, max-video-preview:-1\" \/>\n<link rel=\"canonical\" href=\"https:\/\/www.organisator.ch\/fr\/excellence-operationnelle\/2024-05-08\/iss-schweiz-von-ecovadis-mit-platin-ausgezeichnet\/\" \/>\n<meta property=\"og:locale\" content=\"fr_FR\" \/>\n<meta property=\"og:type\" content=\"article\" \/>\n<meta property=\"og:title\" content=\"ISS Schweiz von EcoVadis mit Platin ausgezeichnet - Organisator\" \/>\n<meta property=\"og:description\" content=\"ISS Schweiz erh\u00e4lt Platinmedaille von EcoVadis f\u00fcr starkes Nachhaltigkeitsengagement und innovative Klimaschutzma\u00dfnahmen.\" \/>\n<meta property=\"og:url\" content=\"https:\/\/www.organisator.ch\/fr\/excellence-operationnelle\/2024-05-08\/iss-schweiz-von-ecovadis-mit-platin-ausgezeichnet\/\" \/>\n<meta property=\"og:site_name\" content=\"Organisator\" \/>\n<meta property=\"article:publisher\" content=\"https:\/\/www.facebook.com\/OrganisatorFachmagazin\" \/>\n<meta property=\"article:published_time\" content=\"2024-05-08T09:25:21+00:00\" \/>\n<meta property=\"article:modified_time\" content=\"2024-11-11T05:15:35+00:00\" \/>\n<meta property=\"og:image\" content=\"https:\/\/www.m-q.ch\/wp-content\/uploads\/2024\/05\/ISS-Facility-Services-AG_EcoVadis_Bild1_ps.jpg\" \/>\n<meta name=\"author\" content=\"Adelisa Kalajdzini\" \/>\n<meta name=\"twitter:card\" content=\"summary_large_image\" \/>\n<script type=\"application\/ld+json\" class=\"yoast-schema-graph\">{\"@context\":\"https:\\\/\\\/schema.org\",\"@graph\":[{\"@type\":\"Article\",\"@id\":\"https:\\\/\\\/www.organisator.ch\\\/operational-excellence\\\/2024-05-08\\\/iss-schweiz-von-ecovadis-mit-platin-ausgezeichnet\\\/#article\",\"isPartOf\":{\"@id\":\"https:\\\/\\\/www.organisator.ch\\\/operational-excellence\\\/2024-05-08\\\/iss-schweiz-von-ecovadis-mit-platin-ausgezeichnet\\\/\"},\"author\":{\"name\":\"Adelisa Kalajdzini\",\"@id\":\"https:\\\/\\\/www.organisator.ch\\\/#\\\/schema\\\/person\\\/2e1314a2172123f874db408d8911d3f3\"},\"headline\":\"ISS Schweiz von EcoVadis mit Platin ausgezeichnet\",\"datePublished\":\"2024-05-08T09:25:21+00:00\",\"dateModified\":\"2024-11-11T05:15:35+00:00\",\"mainEntityOfPage\":{\"@id\":\"https:\\\/\\\/www.organisator.ch\\\/operational-excellence\\\/2024-05-08\\\/iss-schweiz-von-ecovadis-mit-platin-ausgezeichnet\\\/\"},\"wordCount\":586,\"publisher\":{\"@id\":\"https:\\\/\\\/www.organisator.ch\\\/#organization\"},\"image\":{\"@id\":\"https:\\\/\\\/www.organisator.ch\\\/operational-excellence\\\/2024-05-08\\\/iss-schweiz-von-ecovadis-mit-platin-ausgezeichnet\\\/#primaryimage\"},\"thumbnailUrl\":\"https:\\\/\\\/www.m-q.ch\\\/wp-content\\\/uploads\\\/2024\\\/05\\\/ISS-Facility-Services-AG_EcoVadis_Bild1_ps.jpg\",\"keywords\":[\"Nachhaltigkeit\",\"Qualit\u00e4tsmanagement\",\"Unternehmen\",\"Zertifizierung\"],\"articleSection\":[\"OPERATIONAL EXCELLENCE\"],\"inLanguage\":\"fr-FR\"},{\"@type\":\"WebPage\",\"@id\":\"https:\\\/\\\/www.organisator.ch\\\/operational-excellence\\\/2024-05-08\\\/iss-schweiz-von-ecovadis-mit-platin-ausgezeichnet\\\/\",\"url\":\"https:\\\/\\\/www.organisator.ch\\\/operational-excellence\\\/2024-05-08\\\/iss-schweiz-von-ecovadis-mit-platin-ausgezeichnet\\\/\",\"name\":\"ISS Schweiz von EcoVadis mit Platin ausgezeichnet - Organisator\",\"isPartOf\":{\"@id\":\"https:\\\/\\\/www.organisator.ch\\\/#website\"},\"primaryImageOfPage\":{\"@id\":\"https:\\\/\\\/www.organisator.ch\\\/operational-excellence\\\/2024-05-08\\\/iss-schweiz-von-ecovadis-mit-platin-ausgezeichnet\\\/#primaryimage\"},\"image\":{\"@id\":\"https:\\\/\\\/www.organisator.ch\\\/operational-excellence\\\/2024-05-08\\\/iss-schweiz-von-ecovadis-mit-platin-ausgezeichnet\\\/#primaryimage\"},\"thumbnailUrl\":\"https:\\\/\\\/www.m-q.ch\\\/wp-content\\\/uploads\\\/2024\\\/05\\\/ISS-Facility-Services-AG_EcoVadis_Bild1_ps.jpg\",\"datePublished\":\"2024-05-08T09:25:21+00:00\",\"dateModified\":\"2024-11-11T05:15:35+00:00\",\"description\":\"ISS Schweiz erh\u00e4lt Platinmedaille von EcoVadis f\u00fcr starkes Nachhaltigkeitsengagement und innovative Klimaschutzma\u00dfnahmen.\",\"breadcrumb\":{\"@id\":\"https:\\\/\\\/www.organisator.ch\\\/operational-excellence\\\/2024-05-08\\\/iss-schweiz-von-ecovadis-mit-platin-ausgezeichnet\\\/#breadcrumb\"},\"inLanguage\":\"fr-FR\",\"potentialAction\":[{\"@type\":\"ReadAction\",\"target\":[\"https:\\\/\\\/www.organisator.ch\\\/operational-excellence\\\/2024-05-08\\\/iss-schweiz-von-ecovadis-mit-platin-ausgezeichnet\\\/\"]}]},{\"@type\":\"ImageObject\",\"inLanguage\":\"fr-FR\",\"@id\":\"https:\\\/\\\/www.organisator.ch\\\/operational-excellence\\\/2024-05-08\\\/iss-schweiz-von-ecovadis-mit-platin-ausgezeichnet\\\/#primaryimage\",\"url\":\"https:\\\/\\\/www.m-q.ch\\\/wp-content\\\/uploads\\\/2024\\\/05\\\/ISS-Facility-Services-AG_EcoVadis_Bild1_ps.jpg\",\"contentUrl\":\"https:\\\/\\\/www.m-q.ch\\\/wp-content\\\/uploads\\\/2024\\\/05\\\/ISS-Facility-Services-AG_EcoVadis_Bild1_ps.jpg\"},{\"@type\":\"BreadcrumbList\",\"@id\":\"https:\\\/\\\/www.organisator.ch\\\/operational-excellence\\\/2024-05-08\\\/iss-schweiz-von-ecovadis-mit-platin-ausgezeichnet\\\/#breadcrumb\",\"itemListElement\":[{\"@type\":\"ListItem\",\"position\":1,\"name\":\"Home\",\"item\":\"https:\\\/\\\/www.organisator.ch\\\/\"},{\"@type\":\"ListItem\",\"position\":2,\"name\":\"ISS Schweiz von EcoVadis mit Platin ausgezeichnet\"}]},{\"@type\":\"WebSite\",\"@id\":\"https:\\\/\\\/www.organisator.ch\\\/#website\",\"url\":\"https:\\\/\\\/www.organisator.ch\\\/\",\"name\":\"Organisator\",\"description\":\"Kompetent. Praxisnah. Der ORGANISATOR bereitet in 10 Ausgaben pro Jahr die wesentlichen Themen f\u00fcr F\u00fchrungskr\u00e4fte von KMU auf.\",\"publisher\":{\"@id\":\"https:\\\/\\\/www.organisator.ch\\\/#organization\"},\"potentialAction\":[{\"@type\":\"SearchAction\",\"target\":{\"@type\":\"EntryPoint\",\"urlTemplate\":\"https:\\\/\\\/www.organisator.ch\\\/?s={search_term_string}\"},\"query-input\":{\"@type\":\"PropertyValueSpecification\",\"valueRequired\":true,\"valueName\":\"search_term_string\"}}],\"inLanguage\":\"fr-FR\"},{\"@type\":\"Organization\",\"@id\":\"https:\\\/\\\/www.organisator.ch\\\/#organization\",\"name\":\"Organisator\",\"url\":\"https:\\\/\\\/www.organisator.ch\\\/\",\"logo\":{\"@type\":\"ImageObject\",\"inLanguage\":\"fr-FR\",\"@id\":\"https:\\\/\\\/www.organisator.ch\\\/#\\\/schema\\\/logo\\\/image\\\/\",\"url\":\"https:\\\/\\\/www.organisator.ch\\\/wp-content\\\/uploads\\\/2022\\\/01\\\/Logo_Organisator_Website.png\",\"contentUrl\":\"https:\\\/\\\/www.organisator.ch\\\/wp-content\\\/uploads\\\/2022\\\/01\\\/Logo_Organisator_Website.png\",\"width\":800,\"height\":77,\"caption\":\"Organisator\"},\"image\":{\"@id\":\"https:\\\/\\\/www.organisator.ch\\\/#\\\/schema\\\/logo\\\/image\\\/\"},\"sameAs\":[\"https:\\\/\\\/www.facebook.com\\\/OrganisatorFachmagazin\",\"https:\\\/\\\/www.linkedin.com\\\/showcase\\\/organisator-das-magazin-fr-kmu\",\"https:\\\/\\\/www.xing.com\\\/news\\\/pages\\\/organisator-ch-695\",\"https:\\\/\\\/www.youtube.com\\\/channel\\\/UCGP2Sq0iWaZwT3BdIAQFYpw\"]},{\"@type\":\"Person\",\"@id\":\"https:\\\/\\\/www.organisator.ch\\\/#\\\/schema\\\/person\\\/2e1314a2172123f874db408d8911d3f3\",\"name\":\"Adelisa Kalajdzini\",\"image\":{\"@type\":\"ImageObject\",\"inLanguage\":\"fr-FR\",\"@id\":\"https:\\\/\\\/secure.gravatar.com\\\/avatar\\\/09a397c22ac58cad6f160ee8306348599df9df58a8ede73696226897b9fa4b24?s=96&d=mm&r=g\",\"url\":\"https:\\\/\\\/secure.gravatar.com\\\/avatar\\\/09a397c22ac58cad6f160ee8306348599df9df58a8ede73696226897b9fa4b24?s=96&d=mm&r=g\",\"contentUrl\":\"https:\\\/\\\/secure.gravatar.com\\\/avatar\\\/09a397c22ac58cad6f160ee8306348599df9df58a8ede73696226897b9fa4b24?s=96&d=mm&r=g\",\"caption\":\"Adelisa Kalajdzini\"},\"url\":\"https:\\\/\\\/www.organisator.ch\\\/fr\\\/author\\\/adelisa-kalajdzini\\\/\"}]}<\/script>\n<!-- \/ Yoast SEO plugin. -->","yoast_head_json":{"title":"ISS Suisse distingu\u00e9 par EcoVadis avec mention platine - Organisateur","description":"ISS Suisse re\u00e7oit la m\u00e9daille de platine d'EcoVadis pour son fort engagement en faveur du d\u00e9veloppement durable et ses mesures innovantes de protection du climat.","robots":{"index":"index","follow":"follow","max-snippet":"max-snippet:-1","max-image-preview":"max-image-preview:large","max-video-preview":"max-video-preview:-1"},"canonical":"https:\/\/www.organisator.ch\/fr\/excellence-operationnelle\/2024-05-08\/iss-schweiz-von-ecovadis-mit-platin-ausgezeichnet\/","og_locale":"fr_FR","og_type":"article","og_title":"ISS Schweiz von EcoVadis mit Platin ausgezeichnet - Organisator","og_description":"ISS Schweiz erh\u00e4lt Platinmedaille von EcoVadis f\u00fcr starkes Nachhaltigkeitsengagement und innovative Klimaschutzma\u00dfnahmen.","og_url":"https:\/\/www.organisator.ch\/fr\/excellence-operationnelle\/2024-05-08\/iss-schweiz-von-ecovadis-mit-platin-ausgezeichnet\/","og_site_name":"Organisator","article_publisher":"https:\/\/www.facebook.com\/OrganisatorFachmagazin","article_published_time":"2024-05-08T09:25:21+00:00","article_modified_time":"2024-11-11T05:15:35+00:00","og_image":[{"url":"https:\/\/www.m-q.ch\/wp-content\/uploads\/2024\/05\/ISS-Facility-Services-AG_EcoVadis_Bild1_ps.jpg","type":"","width":"","height":""}],"author":"Adelisa Kalajdzini","twitter_card":"summary_large_image","schema":{"@context":"https:\/\/schema.org","@graph":[{"@type":"Article","@id":"https:\/\/www.organisator.ch\/operational-excellence\/2024-05-08\/iss-schweiz-von-ecovadis-mit-platin-ausgezeichnet\/#article","isPartOf":{"@id":"https:\/\/www.organisator.ch\/operational-excellence\/2024-05-08\/iss-schweiz-von-ecovadis-mit-platin-ausgezeichnet\/"},"author":{"name":"Adelisa Kalajdzini","@id":"https:\/\/www.organisator.ch\/#\/schema\/person\/2e1314a2172123f874db408d8911d3f3"},"headline":"ISS Schweiz von EcoVadis mit Platin ausgezeichnet","datePublished":"2024-05-08T09:25:21+00:00","dateModified":"2024-11-11T05:15:35+00:00","mainEntityOfPage":{"@id":"https:\/\/www.organisator.ch\/operational-excellence\/2024-05-08\/iss-schweiz-von-ecovadis-mit-platin-ausgezeichnet\/"},"wordCount":586,"publisher":{"@id":"https:\/\/www.organisator.ch\/#organization"},"image":{"@id":"https:\/\/www.organisator.ch\/operational-excellence\/2024-05-08\/iss-schweiz-von-ecovadis-mit-platin-ausgezeichnet\/#primaryimage"},"thumbnailUrl":"https:\/\/www.m-q.ch\/wp-content\/uploads\/2024\/05\/ISS-Facility-Services-AG_EcoVadis_Bild1_ps.jpg","keywords":["Nachhaltigkeit","Qualit\u00e4tsmanagement","Unternehmen","Zertifizierung"],"articleSection":["OPERATIONAL EXCELLENCE"],"inLanguage":"fr-FR"},{"@type":"WebPage","@id":"https:\/\/www.organisator.ch\/operational-excellence\/2024-05-08\/iss-schweiz-von-ecovadis-mit-platin-ausgezeichnet\/","url":"https:\/\/www.organisator.ch\/operational-excellence\/2024-05-08\/iss-schweiz-von-ecovadis-mit-platin-ausgezeichnet\/","name":"ISS Suisse distingu\u00e9 par EcoVadis avec mention platine - Organisateur","isPartOf":{"@id":"https:\/\/www.organisator.ch\/#website"},"primaryImageOfPage":{"@id":"https:\/\/www.organisator.ch\/operational-excellence\/2024-05-08\/iss-schweiz-von-ecovadis-mit-platin-ausgezeichnet\/#primaryimage"},"image":{"@id":"https:\/\/www.organisator.ch\/operational-excellence\/2024-05-08\/iss-schweiz-von-ecovadis-mit-platin-ausgezeichnet\/#primaryimage"},"thumbnailUrl":"https:\/\/www.m-q.ch\/wp-content\/uploads\/2024\/05\/ISS-Facility-Services-AG_EcoVadis_Bild1_ps.jpg","datePublished":"2024-05-08T09:25:21+00:00","dateModified":"2024-11-11T05:15:35+00:00","description":"ISS Suisse re\u00e7oit la m\u00e9daille de platine d'EcoVadis pour son fort engagement en faveur du d\u00e9veloppement durable et ses mesures innovantes de protection du climat.","breadcrumb":{"@id":"https:\/\/www.organisator.ch\/operational-excellence\/2024-05-08\/iss-schweiz-von-ecovadis-mit-platin-ausgezeichnet\/#breadcrumb"},"inLanguage":"fr-FR","potentialAction":[{"@type":"ReadAction","target":["https:\/\/www.organisator.ch\/operational-excellence\/2024-05-08\/iss-schweiz-von-ecovadis-mit-platin-ausgezeichnet\/"]}]},{"@type":"ImageObject","inLanguage":"fr-FR","@id":"https:\/\/www.organisator.ch\/operational-excellence\/2024-05-08\/iss-schweiz-von-ecovadis-mit-platin-ausgezeichnet\/#primaryimage","url":"https:\/\/www.m-q.ch\/wp-content\/uploads\/2024\/05\/ISS-Facility-Services-AG_EcoVadis_Bild1_ps.jpg","contentUrl":"https:\/\/www.m-q.ch\/wp-content\/uploads\/2024\/05\/ISS-Facility-Services-AG_EcoVadis_Bild1_ps.jpg"},{"@type":"BreadcrumbList","@id":"https:\/\/www.organisator.ch\/operational-excellence\/2024-05-08\/iss-schweiz-von-ecovadis-mit-platin-ausgezeichnet\/#breadcrumb","itemListElement":[{"@type":"ListItem","position":1,"name":"Home","item":"https:\/\/www.organisator.ch\/"},{"@type":"ListItem","position":2,"name":"ISS Schweiz von EcoVadis mit Platin ausgezeichnet"}]},{"@type":"WebSite","@id":"https:\/\/www.organisator.ch\/#website","url":"https:\/\/www.organisator.ch\/","name":"Organisateur","description":"Comp\u00e9tence et comp\u00e9tence. Proches de la pratique. L'ORGANISATEUR pr\u00e9pare 10 num\u00e9ros par an sur les th\u00e8mes essentiels pour les dirigeants de PME.","publisher":{"@id":"https:\/\/www.organisator.ch\/#organization"},"potentialAction":[{"@type":"SearchAction","target":{"@type":"EntryPoint","urlTemplate":"https:\/\/www.organisator.ch\/?s={search_term_string}"},"query-input":{"@type":"PropertyValueSpecification","valueRequired":true,"valueName":"search_term_string"}}],"inLanguage":"fr-FR"},{"@type":"Organization","@id":"https:\/\/www.organisator.ch\/#organization","name":"Organisateur","url":"https:\/\/www.organisator.ch\/","logo":{"@type":"ImageObject","inLanguage":"fr-FR","@id":"https:\/\/www.organisator.ch\/#\/schema\/logo\/image\/","url":"https:\/\/www.organisator.ch\/wp-content\/uploads\/2022\/01\/Logo_Organisator_Website.png","contentUrl":"https:\/\/www.organisator.ch\/wp-content\/uploads\/2022\/01\/Logo_Organisator_Website.png","width":800,"height":77,"caption":"Organisator"},"image":{"@id":"https:\/\/www.organisator.ch\/#\/schema\/logo\/image\/"},"sameAs":["https:\/\/www.facebook.com\/OrganisatorFachmagazin","https:\/\/www.linkedin.com\/showcase\/organisator-das-magazin-fr-kmu","https:\/\/www.xing.com\/news\/pages\/organisator-ch-695","https:\/\/www.youtube.com\/channel\/UCGP2Sq0iWaZwT3BdIAQFYpw"]},{"@type":"Person","@id":"https:\/\/www.organisator.ch\/#\/schema\/person\/2e1314a2172123f874db408d8911d3f3","name":"Adelisa Kalajdzini","image":{"@type":"ImageObject","inLanguage":"fr-FR","@id":"https:\/\/secure.gravatar.com\/avatar\/09a397c22ac58cad6f160ee8306348599df9df58a8ede73696226897b9fa4b24?s=96&d=mm&r=g","url":"https:\/\/secure.gravatar.com\/avatar\/09a397c22ac58cad6f160ee8306348599df9df58a8ede73696226897b9fa4b24?s=96&d=mm&r=g","contentUrl":"https:\/\/secure.gravatar.com\/avatar\/09a397c22ac58cad6f160ee8306348599df9df58a8ede73696226897b9fa4b24?s=96&d=mm&r=g","caption":"Adelisa Kalajdzini"},"url":"https:\/\/www.organisator.ch\/fr\/author\/adelisa-kalajdzini\/"}]}},"_links":{"self":[{"href":"https:\/\/www.organisator.ch\/fr\/wp-json\/wp\/v2\/posts\/27011","targetHints":{"allow":["GET"]}}],"collection":[{"href":"https:\/\/www.organisator.ch\/fr\/wp-json\/wp\/v2\/posts"}],"about":[{"href":"https:\/\/www.organisator.ch\/fr\/wp-json\/wp\/v2\/types\/post"}],"author":[{"embeddable":true,"href":"https:\/\/www.organisator.ch\/fr\/wp-json\/wp\/v2\/users\/58"}],"replies":[{"embeddable":true,"href":"https:\/\/www.organisator.ch\/fr\/wp-json\/wp\/v2\/comments?post=27011"}],"version-history":[{"count":7,"href":"https:\/\/www.organisator.ch\/fr\/wp-json\/wp\/v2\/posts\/27011\/revisions"}],"predecessor-version":[{"id":32266,"href":"https:\/\/www.organisator.ch\/fr\/wp-json\/wp\/v2\/posts\/27011\/revisions\/32266"}],"wp:attachment":[{"href":"https:\/\/www.organisator.ch\/fr\/wp-json\/wp\/v2\/media?parent=27011"}],"wp:term":[{"taxonomy":"category","embeddable":true,"href":"https:\/\/www.organisator.ch\/fr\/wp-json\/wp\/v2\/categories?post=27011"},{"taxonomy":"post_tag","embeddable":true,"href":"https:\/\/www.organisator.ch\/fr\/wp-json\/wp\/v2\/tags?post=27011"}],"curies":[{"name":"wp","href":"https:\/\/api.w.org\/{rel}","templated":true}]}}