{"id":27033,"date":"2024-05-10T17:40:00","date_gmt":"2024-05-10T15:40:00","guid":{"rendered":"https:\/\/www.werbewoche.ch\/?p=214782"},"modified":"2024-11-11T06:14:43","modified_gmt":"2024-11-11T05:14:43","slug":"was-bedeutet-eigentlich-kommis","status":"publish","type":"post","link":"https:\/\/www.organisator.ch\/fr\/marketing\/2024-05-10\/was-bedeutet-eigentlich-kommis\/","title":{"rendered":"Au fait, que signifie... \"cocos\" ?"},"content":{"rendered":"<p><img class=\"aligncenter wp-image-200412 size-full\" src=\"https:\/\/www.werbewoche.ch\/wp-content\/uploads\/2023\/07\/kolumne_pnp_wasnedeuteteigentlich.jpg\" alt=\"Signification moderne\" width=\"1200\" height=\"801\" \/><\/p>\r\n<p>Ce raccourci \u00e9tait d\u00e9j\u00e0 mignon pendant la guerre froide. M\u00eame si les cocos \u00e9taient les m\u00e9chants \u00e0 l'\u00e9poque. Et ils le sont toujours aujourd'hui. A l'\u00e9poque, les cocos \u00e9taient synonymes de communistes. Aujourd'hui, il n'y en a presque plus. Et ceux qui existent encore vivent et agissent dans des pays lointains et exotiques. Pourtant, le mot est redevenu tr\u00e8s populaire. Mais avec une autre signification et une autre origine.<\/p>\r\n<p>Aujourd'hui, les comms ne sont pas des croyants d'une id\u00e9ologie politico-\u00e9conomique bas\u00e9e sur l'abolition de la propri\u00e9t\u00e9 priv\u00e9e et la cr\u00e9ation d'une soci\u00e9t\u00e9 sans classes, dans laquelle les biens sont d\u00e9tenus en commun et r\u00e9partis en fonction des besoins. Aujourd'hui, le terme de \"commis\" d\u00e9signe principalement les champs qui, dans les m\u00e9dias num\u00e9riques, incitent les lecteurs \u00e0 exprimer publiquement leur opinion par une petite bulle de langage chaleureuse en fin d'article. Et ils sont le capital des participants dans les m\u00e9dias sociaux. Plus j'en ai sous mon post, mieux c'est. Contrairement aux anciens commentaires, il y a les bons et les m\u00e9chants. Les bons sont ceux qui, sur LinkedIn notamment, donnent le sentiment d'\u00eatre soi-m\u00eame totalement infructueux face \u00e0 tant de succ\u00e8s post\u00e9s. Les pr\u00e9-con\u00e7us, comme les commentaires : Well done ! F\u00e9licitations ! Continuez comme \u00e7a ! Fantastique ! Mais aussi des commentaires faits maison, un peu plus d\u00e9taill\u00e9s, qui entra\u00eenent la lib\u00e9ration d'endorphines et donc un sentiment d'euphorie ou de bien-\u00eatre. Les m\u00e9chants sont ceux qui sont post\u00e9s avec une agressivit\u00e9 d\u00e9brid\u00e9e et qui, souvent, incitent aussi les successeurs \u00e0 perdre toute d\u00e9cence.<\/p>\r\n<h3>Mieux vaut pas de comi que des comi m\u00e9chants<\/h3>\r\n<p>La prochaine fois qu'ils s'\u00e9nerveront parce que leur message n'a pas \u00e9t\u00e9 comment\u00e9 sur les m\u00e9dias sociaux, ils se consoleront en se disant que cela pourrait \u00eatre pire. Bien que dans la vie r\u00e9elle, l'ignorance soit une punition maximale, elle est salutaire sur les m\u00e9dias sociaux. Ce qui reste sans commentaire g\u00e9n\u00e8re moins d'attention. C'est pourquoi nous devrions nous abstenir d'ajouter dans les posts l'invitation \"\u00e9crivez-le dans les commentaires\". Et encore moins de croire que nous pouvons changer quoi que ce soit avec nos commentaires. Nous laissons cette pr\u00e9tention aux communistes, qui aspirent souvent \u00e0 une transformation r\u00e9volutionnaire de la soci\u00e9t\u00e9 afin de parvenir \u00e0 la cr\u00e9ation d'une soci\u00e9t\u00e9 sans classes. Car si tout le monde peut tout rendre public, plus personne n'\u00e9coute personne. La situation est diff\u00e9rente pour les opinions et pour le capital. En d'autres termes, les m\u00e9chants deviennent soi-disant les bons, mais restent malgr\u00e9 tout les m\u00e9chants.<\/p>\r\n<hr \/>\r\n<div class=\"Post__content\">\r\n<div class=\"Post__content\">\r\n<p><em>*\u00a0<strong>Benno Maggi\u00a0<\/strong>est cofondateur et CEO de Partner &amp; Partner. Il \u00e9coute depuis plus de 30 ans dans le secteur et d\u00e9couvre ainsi pour nous des mots et des expressions qui peuvent \u00eatre utilis\u00e9s soit pour small talk, soit pour faire l'important, soit pour s'\u00e9nerver, soit pour jouer au Scrabble, soit tout simplement pour le plaisir.<\/em><\/p>\r\n<\/div>\r\n<\/div>","protected":false},"excerpt":{"rendered":"<p>Dans sa chronique \"Que signifie en fait... ?\", Benno Maggi se penche sur des termes utilis\u00e9s dans le domaine du marketing et de la communication. Cette fois-ci, il traite du terme \"commis\".<\/p>","protected":false},"author":8,"featured_media":0,"comment_status":"closed","ping_status":"closed","sticky":false,"template":"","format":"standard","meta":{"_acf_changed":false,"_yoast_wpseo_focuskw":"Moderne Bedeutung","_yoast_wpseo_metadesc":"Kommis heute: Von kommunistischen Gl\u00e4ubigen zu Social Media Kommentaren. Bedeutung und Einfluss in der digitalen Welt.","articlekey":"","footnotes":""},"categories":[29],"tags":[2628,2629,2627],"class_list":["post-27033","post","type-post","status-publish","format-standard","hentry","category-marketing","tag-benno-maggi","tag-partner-partner","tag-was-bedeutet-eigentlich"],"acf":[],"yoast_head":"<!-- This site is optimized with the Yoast SEO plugin v27.5 - https:\/\/yoast.com\/product\/yoast-seo-wordpress\/ -->\n<title>Was bedeutet eigentlich\u2026 \u00abKommis\u00bb? - Organisator<\/title>\n<meta name=\"description\" content=\"Kommis heute: Von kommunistischen Gl\u00e4ubigen zu Social Media Kommentaren. Bedeutung und Einfluss in der digitalen Welt.\" \/>\n<meta name=\"robots\" content=\"index, follow, max-snippet:-1, max-image-preview:large, max-video-preview:-1\" \/>\n<link rel=\"canonical\" href=\"https:\/\/www.organisator.ch\/fr\/marketing\/2024-05-10\/was-bedeutet-eigentlich-kommis\/\" \/>\n<meta property=\"og:locale\" content=\"fr_FR\" \/>\n<meta property=\"og:type\" content=\"article\" \/>\n<meta property=\"og:title\" content=\"Was bedeutet eigentlich\u2026 \u00abKommis\u00bb? - Organisator\" \/>\n<meta property=\"og:description\" content=\"Kommis heute: Von kommunistischen Gl\u00e4ubigen zu Social Media Kommentaren. Bedeutung und Einfluss in der digitalen Welt.\" \/>\n<meta property=\"og:url\" content=\"https:\/\/www.organisator.ch\/fr\/marketing\/2024-05-10\/was-bedeutet-eigentlich-kommis\/\" \/>\n<meta property=\"og:site_name\" content=\"Organisator\" \/>\n<meta property=\"article:publisher\" content=\"https:\/\/www.facebook.com\/OrganisatorFachmagazin\" \/>\n<meta property=\"article:published_time\" content=\"2024-05-10T15:40:00+00:00\" \/>\n<meta property=\"article:modified_time\" content=\"2024-11-11T05:14:43+00:00\" \/>\n<meta property=\"og:image\" content=\"https:\/\/www.werbewoche.ch\/wp-content\/uploads\/2023\/07\/kolumne_pnp_wasnedeuteteigentlich.jpg\" \/>\n<meta name=\"author\" content=\"galledia\" \/>\n<meta name=\"twitter:card\" content=\"summary_large_image\" \/>\n<meta name=\"twitter:creator\" content=\"@admin\" \/>\n<script type=\"application\/ld+json\" class=\"yoast-schema-graph\">{\"@context\":\"https:\\\/\\\/schema.org\",\"@graph\":[{\"@type\":\"Article\",\"@id\":\"https:\\\/\\\/www.organisator.ch\\\/marketing\\\/2024-05-10\\\/was-bedeutet-eigentlich-kommis\\\/#article\",\"isPartOf\":{\"@id\":\"https:\\\/\\\/www.organisator.ch\\\/marketing\\\/2024-05-10\\\/was-bedeutet-eigentlich-kommis\\\/\"},\"author\":{\"name\":\"galledia\",\"@id\":\"https:\\\/\\\/www.organisator.ch\\\/#\\\/schema\\\/person\\\/4e51799071cd2dd1232ac003643ef5f0\"},\"headline\":\"Was bedeutet eigentlich\u2026 \u00abKommis\u00bb?\",\"datePublished\":\"2024-05-10T15:40:00+00:00\",\"dateModified\":\"2024-11-11T05:14:43+00:00\",\"mainEntityOfPage\":{\"@id\":\"https:\\\/\\\/www.organisator.ch\\\/marketing\\\/2024-05-10\\\/was-bedeutet-eigentlich-kommis\\\/\"},\"wordCount\":452,\"publisher\":{\"@id\":\"https:\\\/\\\/www.organisator.ch\\\/#organization\"},\"image\":{\"@id\":\"https:\\\/\\\/www.organisator.ch\\\/marketing\\\/2024-05-10\\\/was-bedeutet-eigentlich-kommis\\\/#primaryimage\"},\"thumbnailUrl\":\"https:\\\/\\\/www.werbewoche.ch\\\/wp-content\\\/uploads\\\/2023\\\/07\\\/kolumne_pnp_wasnedeuteteigentlich.jpg\",\"keywords\":[\"Benno Maggi\",\"Partner &amp; Partner\",\"Was bedeutet eigentlich...\"],\"articleSection\":[\"MARKETING\"],\"inLanguage\":\"fr-FR\"},{\"@type\":\"WebPage\",\"@id\":\"https:\\\/\\\/www.organisator.ch\\\/marketing\\\/2024-05-10\\\/was-bedeutet-eigentlich-kommis\\\/\",\"url\":\"https:\\\/\\\/www.organisator.ch\\\/marketing\\\/2024-05-10\\\/was-bedeutet-eigentlich-kommis\\\/\",\"name\":\"Was bedeutet eigentlich\u2026 \u00abKommis\u00bb? - Organisator\",\"isPartOf\":{\"@id\":\"https:\\\/\\\/www.organisator.ch\\\/#website\"},\"primaryImageOfPage\":{\"@id\":\"https:\\\/\\\/www.organisator.ch\\\/marketing\\\/2024-05-10\\\/was-bedeutet-eigentlich-kommis\\\/#primaryimage\"},\"image\":{\"@id\":\"https:\\\/\\\/www.organisator.ch\\\/marketing\\\/2024-05-10\\\/was-bedeutet-eigentlich-kommis\\\/#primaryimage\"},\"thumbnailUrl\":\"https:\\\/\\\/www.werbewoche.ch\\\/wp-content\\\/uploads\\\/2023\\\/07\\\/kolumne_pnp_wasnedeuteteigentlich.jpg\",\"datePublished\":\"2024-05-10T15:40:00+00:00\",\"dateModified\":\"2024-11-11T05:14:43+00:00\",\"description\":\"Kommis heute: Von kommunistischen Gl\u00e4ubigen zu Social Media Kommentaren. Bedeutung und Einfluss in der digitalen Welt.\",\"breadcrumb\":{\"@id\":\"https:\\\/\\\/www.organisator.ch\\\/marketing\\\/2024-05-10\\\/was-bedeutet-eigentlich-kommis\\\/#breadcrumb\"},\"inLanguage\":\"fr-FR\",\"potentialAction\":[{\"@type\":\"ReadAction\",\"target\":[\"https:\\\/\\\/www.organisator.ch\\\/marketing\\\/2024-05-10\\\/was-bedeutet-eigentlich-kommis\\\/\"]}]},{\"@type\":\"ImageObject\",\"inLanguage\":\"fr-FR\",\"@id\":\"https:\\\/\\\/www.organisator.ch\\\/marketing\\\/2024-05-10\\\/was-bedeutet-eigentlich-kommis\\\/#primaryimage\",\"url\":\"https:\\\/\\\/www.werbewoche.ch\\\/wp-content\\\/uploads\\\/2023\\\/07\\\/kolumne_pnp_wasnedeuteteigentlich.jpg\",\"contentUrl\":\"https:\\\/\\\/www.werbewoche.ch\\\/wp-content\\\/uploads\\\/2023\\\/07\\\/kolumne_pnp_wasnedeuteteigentlich.jpg\"},{\"@type\":\"BreadcrumbList\",\"@id\":\"https:\\\/\\\/www.organisator.ch\\\/marketing\\\/2024-05-10\\\/was-bedeutet-eigentlich-kommis\\\/#breadcrumb\",\"itemListElement\":[{\"@type\":\"ListItem\",\"position\":1,\"name\":\"Home\",\"item\":\"https:\\\/\\\/www.organisator.ch\\\/\"},{\"@type\":\"ListItem\",\"position\":2,\"name\":\"Was bedeutet eigentlich\u2026 \u00abKommis\u00bb?\"}]},{\"@type\":\"WebSite\",\"@id\":\"https:\\\/\\\/www.organisator.ch\\\/#website\",\"url\":\"https:\\\/\\\/www.organisator.ch\\\/\",\"name\":\"Organisator\",\"description\":\"Kompetent. Praxisnah. Der ORGANISATOR bereitet in 10 Ausgaben pro Jahr die wesentlichen Themen f\u00fcr F\u00fchrungskr\u00e4fte von KMU auf.\",\"publisher\":{\"@id\":\"https:\\\/\\\/www.organisator.ch\\\/#organization\"},\"potentialAction\":[{\"@type\":\"SearchAction\",\"target\":{\"@type\":\"EntryPoint\",\"urlTemplate\":\"https:\\\/\\\/www.organisator.ch\\\/?s={search_term_string}\"},\"query-input\":{\"@type\":\"PropertyValueSpecification\",\"valueRequired\":true,\"valueName\":\"search_term_string\"}}],\"inLanguage\":\"fr-FR\"},{\"@type\":\"Organization\",\"@id\":\"https:\\\/\\\/www.organisator.ch\\\/#organization\",\"name\":\"Organisator\",\"url\":\"https:\\\/\\\/www.organisator.ch\\\/\",\"logo\":{\"@type\":\"ImageObject\",\"inLanguage\":\"fr-FR\",\"@id\":\"https:\\\/\\\/www.organisator.ch\\\/#\\\/schema\\\/logo\\\/image\\\/\",\"url\":\"https:\\\/\\\/www.organisator.ch\\\/wp-content\\\/uploads\\\/2022\\\/01\\\/Logo_Organisator_Website.png\",\"contentUrl\":\"https:\\\/\\\/www.organisator.ch\\\/wp-content\\\/uploads\\\/2022\\\/01\\\/Logo_Organisator_Website.png\",\"width\":800,\"height\":77,\"caption\":\"Organisator\"},\"image\":{\"@id\":\"https:\\\/\\\/www.organisator.ch\\\/#\\\/schema\\\/logo\\\/image\\\/\"},\"sameAs\":[\"https:\\\/\\\/www.facebook.com\\\/OrganisatorFachmagazin\",\"https:\\\/\\\/www.linkedin.com\\\/showcase\\\/organisator-das-magazin-fr-kmu\",\"https:\\\/\\\/www.xing.com\\\/news\\\/pages\\\/organisator-ch-695\",\"https:\\\/\\\/www.youtube.com\\\/channel\\\/UCGP2Sq0iWaZwT3BdIAQFYpw\"]},{\"@type\":\"Person\",\"@id\":\"https:\\\/\\\/www.organisator.ch\\\/#\\\/schema\\\/person\\\/4e51799071cd2dd1232ac003643ef5f0\",\"name\":\"galledia\",\"image\":{\"@type\":\"ImageObject\",\"inLanguage\":\"fr-FR\",\"@id\":\"https:\\\/\\\/secure.gravatar.com\\\/avatar\\\/78a7f90c01fc2bfc875782a0d4922b37cde2cf184ce347b91316d23cd7f69a36?s=96&d=mm&r=g\",\"url\":\"https:\\\/\\\/secure.gravatar.com\\\/avatar\\\/78a7f90c01fc2bfc875782a0d4922b37cde2cf184ce347b91316d23cd7f69a36?s=96&d=mm&r=g\",\"contentUrl\":\"https:\\\/\\\/secure.gravatar.com\\\/avatar\\\/78a7f90c01fc2bfc875782a0d4922b37cde2cf184ce347b91316d23cd7f69a36?s=96&d=mm&r=g\",\"caption\":\"galledia\"},\"sameAs\":[\"https:\\\/\\\/x.com\\\/admin\"],\"url\":\"https:\\\/\\\/www.organisator.ch\\\/fr\\\/author\\\/galledia\\\/\"}]}<\/script>\n<!-- \/ Yoast SEO plugin. -->","yoast_head_json":{"title":"Qu'est-ce que \u00e7a veut dire... \"cocos\" ? - Organisateur","description":"Commis aujourd'hui : des croyants communistes aux commentaires des m\u00e9dias sociaux. Signification et influence dans le monde num\u00e9rique.","robots":{"index":"index","follow":"follow","max-snippet":"max-snippet:-1","max-image-preview":"max-image-preview:large","max-video-preview":"max-video-preview:-1"},"canonical":"https:\/\/www.organisator.ch\/fr\/marketing\/2024-05-10\/was-bedeutet-eigentlich-kommis\/","og_locale":"fr_FR","og_type":"article","og_title":"Was bedeutet eigentlich\u2026 \u00abKommis\u00bb? - Organisator","og_description":"Kommis heute: Von kommunistischen Gl\u00e4ubigen zu Social Media Kommentaren. Bedeutung und Einfluss in der digitalen Welt.","og_url":"https:\/\/www.organisator.ch\/fr\/marketing\/2024-05-10\/was-bedeutet-eigentlich-kommis\/","og_site_name":"Organisator","article_publisher":"https:\/\/www.facebook.com\/OrganisatorFachmagazin","article_published_time":"2024-05-10T15:40:00+00:00","article_modified_time":"2024-11-11T05:14:43+00:00","og_image":[{"url":"https:\/\/www.werbewoche.ch\/wp-content\/uploads\/2023\/07\/kolumne_pnp_wasnedeuteteigentlich.jpg","type":"","width":"","height":""}],"author":"galledia","twitter_card":"summary_large_image","twitter_creator":"@admin","schema":{"@context":"https:\/\/schema.org","@graph":[{"@type":"Article","@id":"https:\/\/www.organisator.ch\/marketing\/2024-05-10\/was-bedeutet-eigentlich-kommis\/#article","isPartOf":{"@id":"https:\/\/www.organisator.ch\/marketing\/2024-05-10\/was-bedeutet-eigentlich-kommis\/"},"author":{"name":"galledia","@id":"https:\/\/www.organisator.ch\/#\/schema\/person\/4e51799071cd2dd1232ac003643ef5f0"},"headline":"Was bedeutet eigentlich\u2026 \u00abKommis\u00bb?","datePublished":"2024-05-10T15:40:00+00:00","dateModified":"2024-11-11T05:14:43+00:00","mainEntityOfPage":{"@id":"https:\/\/www.organisator.ch\/marketing\/2024-05-10\/was-bedeutet-eigentlich-kommis\/"},"wordCount":452,"publisher":{"@id":"https:\/\/www.organisator.ch\/#organization"},"image":{"@id":"https:\/\/www.organisator.ch\/marketing\/2024-05-10\/was-bedeutet-eigentlich-kommis\/#primaryimage"},"thumbnailUrl":"https:\/\/www.werbewoche.ch\/wp-content\/uploads\/2023\/07\/kolumne_pnp_wasnedeuteteigentlich.jpg","keywords":["Benno Maggi","Partner &amp; Partner","Was bedeutet eigentlich..."],"articleSection":["MARKETING"],"inLanguage":"fr-FR"},{"@type":"WebPage","@id":"https:\/\/www.organisator.ch\/marketing\/2024-05-10\/was-bedeutet-eigentlich-kommis\/","url":"https:\/\/www.organisator.ch\/marketing\/2024-05-10\/was-bedeutet-eigentlich-kommis\/","name":"Qu'est-ce que \u00e7a veut dire... \"cocos\" ? - Organisateur","isPartOf":{"@id":"https:\/\/www.organisator.ch\/#website"},"primaryImageOfPage":{"@id":"https:\/\/www.organisator.ch\/marketing\/2024-05-10\/was-bedeutet-eigentlich-kommis\/#primaryimage"},"image":{"@id":"https:\/\/www.organisator.ch\/marketing\/2024-05-10\/was-bedeutet-eigentlich-kommis\/#primaryimage"},"thumbnailUrl":"https:\/\/www.werbewoche.ch\/wp-content\/uploads\/2023\/07\/kolumne_pnp_wasnedeuteteigentlich.jpg","datePublished":"2024-05-10T15:40:00+00:00","dateModified":"2024-11-11T05:14:43+00:00","description":"Commis aujourd'hui : des croyants communistes aux commentaires des m\u00e9dias sociaux. Signification et influence dans le monde num\u00e9rique.","breadcrumb":{"@id":"https:\/\/www.organisator.ch\/marketing\/2024-05-10\/was-bedeutet-eigentlich-kommis\/#breadcrumb"},"inLanguage":"fr-FR","potentialAction":[{"@type":"ReadAction","target":["https:\/\/www.organisator.ch\/marketing\/2024-05-10\/was-bedeutet-eigentlich-kommis\/"]}]},{"@type":"ImageObject","inLanguage":"fr-FR","@id":"https:\/\/www.organisator.ch\/marketing\/2024-05-10\/was-bedeutet-eigentlich-kommis\/#primaryimage","url":"https:\/\/www.werbewoche.ch\/wp-content\/uploads\/2023\/07\/kolumne_pnp_wasnedeuteteigentlich.jpg","contentUrl":"https:\/\/www.werbewoche.ch\/wp-content\/uploads\/2023\/07\/kolumne_pnp_wasnedeuteteigentlich.jpg"},{"@type":"BreadcrumbList","@id":"https:\/\/www.organisator.ch\/marketing\/2024-05-10\/was-bedeutet-eigentlich-kommis\/#breadcrumb","itemListElement":[{"@type":"ListItem","position":1,"name":"Home","item":"https:\/\/www.organisator.ch\/"},{"@type":"ListItem","position":2,"name":"Was bedeutet eigentlich\u2026 \u00abKommis\u00bb?"}]},{"@type":"WebSite","@id":"https:\/\/www.organisator.ch\/#website","url":"https:\/\/www.organisator.ch\/","name":"Organisateur","description":"Comp\u00e9tence et comp\u00e9tence. Proches de la pratique. L'ORGANISATEUR pr\u00e9pare 10 num\u00e9ros par an sur les th\u00e8mes essentiels pour les dirigeants de PME.","publisher":{"@id":"https:\/\/www.organisator.ch\/#organization"},"potentialAction":[{"@type":"SearchAction","target":{"@type":"EntryPoint","urlTemplate":"https:\/\/www.organisator.ch\/?s={search_term_string}"},"query-input":{"@type":"PropertyValueSpecification","valueRequired":true,"valueName":"search_term_string"}}],"inLanguage":"fr-FR"},{"@type":"Organization","@id":"https:\/\/www.organisator.ch\/#organization","name":"Organisateur","url":"https:\/\/www.organisator.ch\/","logo":{"@type":"ImageObject","inLanguage":"fr-FR","@id":"https:\/\/www.organisator.ch\/#\/schema\/logo\/image\/","url":"https:\/\/www.organisator.ch\/wp-content\/uploads\/2022\/01\/Logo_Organisator_Website.png","contentUrl":"https:\/\/www.organisator.ch\/wp-content\/uploads\/2022\/01\/Logo_Organisator_Website.png","width":800,"height":77,"caption":"Organisator"},"image":{"@id":"https:\/\/www.organisator.ch\/#\/schema\/logo\/image\/"},"sameAs":["https:\/\/www.facebook.com\/OrganisatorFachmagazin","https:\/\/www.linkedin.com\/showcase\/organisator-das-magazin-fr-kmu","https:\/\/www.xing.com\/news\/pages\/organisator-ch-695","https:\/\/www.youtube.com\/channel\/UCGP2Sq0iWaZwT3BdIAQFYpw"]},{"@type":"Person","@id":"https:\/\/www.organisator.ch\/#\/schema\/person\/4e51799071cd2dd1232ac003643ef5f0","name":"galledia","image":{"@type":"ImageObject","inLanguage":"fr-FR","@id":"https:\/\/secure.gravatar.com\/avatar\/78a7f90c01fc2bfc875782a0d4922b37cde2cf184ce347b91316d23cd7f69a36?s=96&d=mm&r=g","url":"https:\/\/secure.gravatar.com\/avatar\/78a7f90c01fc2bfc875782a0d4922b37cde2cf184ce347b91316d23cd7f69a36?s=96&d=mm&r=g","contentUrl":"https:\/\/secure.gravatar.com\/avatar\/78a7f90c01fc2bfc875782a0d4922b37cde2cf184ce347b91316d23cd7f69a36?s=96&d=mm&r=g","caption":"galledia"},"sameAs":["https:\/\/x.com\/admin"],"url":"https:\/\/www.organisator.ch\/fr\/author\/galledia\/"}]}},"_links":{"self":[{"href":"https:\/\/www.organisator.ch\/fr\/wp-json\/wp\/v2\/posts\/27033","targetHints":{"allow":["GET"]}}],"collection":[{"href":"https:\/\/www.organisator.ch\/fr\/wp-json\/wp\/v2\/posts"}],"about":[{"href":"https:\/\/www.organisator.ch\/fr\/wp-json\/wp\/v2\/types\/post"}],"author":[{"embeddable":true,"href":"https:\/\/www.organisator.ch\/fr\/wp-json\/wp\/v2\/users\/8"}],"replies":[{"embeddable":true,"href":"https:\/\/www.organisator.ch\/fr\/wp-json\/wp\/v2\/comments?post=27033"}],"version-history":[{"count":4,"href":"https:\/\/www.organisator.ch\/fr\/wp-json\/wp\/v2\/posts\/27033\/revisions"}],"predecessor-version":[{"id":32264,"href":"https:\/\/www.organisator.ch\/fr\/wp-json\/wp\/v2\/posts\/27033\/revisions\/32264"}],"wp:attachment":[{"href":"https:\/\/www.organisator.ch\/fr\/wp-json\/wp\/v2\/media?parent=27033"}],"wp:term":[{"taxonomy":"category","embeddable":true,"href":"https:\/\/www.organisator.ch\/fr\/wp-json\/wp\/v2\/categories?post=27033"},{"taxonomy":"post_tag","embeddable":true,"href":"https:\/\/www.organisator.ch\/fr\/wp-json\/wp\/v2\/tags?post=27033"}],"curies":[{"name":"wp","href":"https:\/\/api.w.org\/{rel}","templated":true}]}}