{"id":27065,"date":"2024-05-13T11:14:49","date_gmt":"2024-05-13T09:14:49","guid":{"rendered":"https:\/\/www.werbewoche.ch\/?p=214877"},"modified":"2024-11-11T06:11:49","modified_gmt":"2024-11-11T05:11:49","slug":"stiftung-braendi-mit-neuem-auftritt-von-a4","status":"publish","type":"post","link":"https:\/\/www.organisator.ch\/fr\/marketing\/2024-05-13\/stiftung-braendi-mit-neuem-auftritt-von-a4\/","title":{"rendered":"La fondation Br\u00e4ndi fait peau neuve avec A4"},"content":{"rendered":"<p><img class=\"alignnone wp-image-214883 size-full\" src=\"https:\/\/www.werbewoche.ch\/wp-content\/uploads\/2024\/05\/Braendi3.jpg\" alt=\"Br\u00e4ndi Inclusion\" width=\"1200\" height=\"749\" \/>Beaucoup de gens connaissent Br\u00e4ndi gr\u00e2ce au jeu culte \"Br\u00e4ndi Dog\". Mais peu de gens le savent : Br\u00e4ndi est la plus grande institution suisse pour l'inclusion des personnes handicap\u00e9es. Aujourd'hui, plus de 2000 personnes travaillent et vivent dans la fondation. Afin d'assurer le succ\u00e8s de l'institution \u00e0 l'avenir \u00e9galement, la direction a lanc\u00e9 un vaste processus de d\u00e9veloppement strat\u00e9gique.<\/p>\r\n<p>La nouvelle identit\u00e9 visuelle est un \u00e9l\u00e9ment important de ce processus : elle doit rendre la nouvelle orientation visible et perceptible pour tous. Elle a \u00e9t\u00e9 d\u00e9velopp\u00e9e par l'agence A4, un prestataire de services complet de Rotkreuz. Le nouveau logo symbolise subtilement le th\u00e8me de l'inclusion avec la ligature dans la police de caract\u00e8res. L'arc de cercle qui en d\u00e9coule est un \u00e9l\u00e9ment central du design. Le nouveau slogan \"Mehr m\u00f6glich machen\" (rendre plus possible) doit r\u00e9sumer le message de la nouvelle orientation : Br\u00e4ndi reconna\u00eet et r\u00e9alise les potentiels des personnes et surmonte les pr\u00e9tendues limites.<\/p>\r\n<h3>Film strat\u00e9gique pour le lancement<\/h3>\r\n<p>Pour l'\u00e9v\u00e9nement interne de lancement, l'agence A4 a con\u00e7u et produit un film strat\u00e9gique accompagn\u00e9 d'un flyer. Actuellement, l'agence travaille sur diff\u00e9rentes r\u00e9alisations - de la nouvelle conception des emballages de produits alimentaires et de jeux \u00e0 l'extension du screendesign du site web, en passant par les annonces, les affiches et les brochures.<\/p>\r\n<hr \/>\r\n<p><strong>Responsable chez Br\u00e4ndi :<\/strong> Marcel Hossli (pr\u00e9sident de la direction), Matthias Moser (directeur du marketing et de la communication), Karin Strik (directrice du marketing et des ventes des produits Br\u00e4ndi). <strong>Responsable \u00e0 l'agence A4 :<\/strong> Patrik Frei (direction), Nicole von Wartburg (conception, texte), Simone Amrein (conception, design), Larissa Schelbert (conseil, direction de projet), Brigitte Frei (texte).<\/p>","protected":false},"excerpt":{"rendered":"<p>La fondation Br\u00e4ndi se dote d'une nouvelle image de marque : pour cela, l'agence A4 a d\u00e9velopp\u00e9 un concept global de corporate design. Les pi\u00e8ces ma\u00eetresses sont le nouveau logo et le nouveau slogan : Br\u00e4ndi. Rendre plus possible.<\/p>","protected":false},"author":8,"featured_media":0,"comment_status":"closed","ping_status":"closed","sticky":false,"template":"","format":"standard","meta":{"_acf_changed":false,"_yoast_wpseo_focuskw":"Br\u00e4ndi Inklusion","_yoast_wpseo_metadesc":"Br\u00e4ndi pr\u00e4sentiert neuen visuellen Auftritt zur F\u00f6rderung der Inklusion in der Schweiz. Zukunftsorientierte Strategie und Branding.","articlekey":"","footnotes":""},"categories":[29],"tags":[4221,2617],"class_list":["post-27065","post","type-post","status-publish","format-standard","hentry","category-marketing","tag-a4","tag-marken"],"acf":[],"yoast_head":"<!-- This site is optimized with the Yoast SEO plugin v27.4 - https:\/\/yoast.com\/product\/yoast-seo-wordpress\/ -->\n<title>Stiftung Br\u00e4ndi mit neuem Auftritt von A4 - Organisator<\/title>\n<meta name=\"description\" content=\"Br\u00e4ndi pr\u00e4sentiert neuen visuellen Auftritt zur F\u00f6rderung der Inklusion in der Schweiz. Zukunftsorientierte Strategie und Branding.\" \/>\n<meta name=\"robots\" content=\"index, follow, max-snippet:-1, max-image-preview:large, max-video-preview:-1\" \/>\n<link rel=\"canonical\" href=\"https:\/\/www.organisator.ch\/fr\/marketing\/2024-05-13\/stiftung-braendi-mit-neuem-auftritt-von-a4\/\" \/>\n<meta property=\"og:locale\" content=\"fr_FR\" \/>\n<meta property=\"og:type\" content=\"article\" \/>\n<meta property=\"og:title\" content=\"Stiftung Br\u00e4ndi mit neuem Auftritt von A4 - Organisator\" \/>\n<meta property=\"og:description\" content=\"Br\u00e4ndi pr\u00e4sentiert neuen visuellen Auftritt zur F\u00f6rderung der Inklusion in der Schweiz. Zukunftsorientierte Strategie und Branding.\" \/>\n<meta property=\"og:url\" content=\"https:\/\/www.organisator.ch\/fr\/marketing\/2024-05-13\/stiftung-braendi-mit-neuem-auftritt-von-a4\/\" \/>\n<meta property=\"og:site_name\" content=\"Organisator\" \/>\n<meta property=\"article:publisher\" content=\"https:\/\/www.facebook.com\/OrganisatorFachmagazin\" \/>\n<meta property=\"article:published_time\" content=\"2024-05-13T09:14:49+00:00\" \/>\n<meta property=\"article:modified_time\" content=\"2024-11-11T05:11:49+00:00\" \/>\n<meta property=\"og:image\" content=\"https:\/\/www.werbewoche.ch\/wp-content\/uploads\/2024\/05\/Braendi3.jpg\" \/>\n<meta name=\"author\" content=\"galledia\" \/>\n<meta name=\"twitter:card\" content=\"summary_large_image\" \/>\n<meta name=\"twitter:creator\" content=\"@admin\" \/>\n<script type=\"application\/ld+json\" class=\"yoast-schema-graph\">{\"@context\":\"https:\\\/\\\/schema.org\",\"@graph\":[{\"@type\":\"Article\",\"@id\":\"https:\\\/\\\/www.organisator.ch\\\/marketing\\\/2024-05-13\\\/stiftung-braendi-mit-neuem-auftritt-von-a4\\\/#article\",\"isPartOf\":{\"@id\":\"https:\\\/\\\/www.organisator.ch\\\/marketing\\\/2024-05-13\\\/stiftung-braendi-mit-neuem-auftritt-von-a4\\\/\"},\"author\":{\"name\":\"galledia\",\"@id\":\"https:\\\/\\\/www.organisator.ch\\\/#\\\/schema\\\/person\\\/4e51799071cd2dd1232ac003643ef5f0\"},\"headline\":\"Stiftung Br\u00e4ndi mit neuem Auftritt von A4\",\"datePublished\":\"2024-05-13T09:14:49+00:00\",\"dateModified\":\"2024-11-11T05:11:49+00:00\",\"mainEntityOfPage\":{\"@id\":\"https:\\\/\\\/www.organisator.ch\\\/marketing\\\/2024-05-13\\\/stiftung-braendi-mit-neuem-auftritt-von-a4\\\/\"},\"wordCount\":241,\"publisher\":{\"@id\":\"https:\\\/\\\/www.organisator.ch\\\/#organization\"},\"image\":{\"@id\":\"https:\\\/\\\/www.organisator.ch\\\/marketing\\\/2024-05-13\\\/stiftung-braendi-mit-neuem-auftritt-von-a4\\\/#primaryimage\"},\"thumbnailUrl\":\"https:\\\/\\\/www.werbewoche.ch\\\/wp-content\\\/uploads\\\/2024\\\/05\\\/Braendi3.jpg\",\"keywords\":[\"A4\",\"Marken\"],\"articleSection\":[\"MARKETING\"],\"inLanguage\":\"fr-FR\"},{\"@type\":\"WebPage\",\"@id\":\"https:\\\/\\\/www.organisator.ch\\\/marketing\\\/2024-05-13\\\/stiftung-braendi-mit-neuem-auftritt-von-a4\\\/\",\"url\":\"https:\\\/\\\/www.organisator.ch\\\/marketing\\\/2024-05-13\\\/stiftung-braendi-mit-neuem-auftritt-von-a4\\\/\",\"name\":\"Stiftung Br\u00e4ndi mit neuem Auftritt von A4 - Organisator\",\"isPartOf\":{\"@id\":\"https:\\\/\\\/www.organisator.ch\\\/#website\"},\"primaryImageOfPage\":{\"@id\":\"https:\\\/\\\/www.organisator.ch\\\/marketing\\\/2024-05-13\\\/stiftung-braendi-mit-neuem-auftritt-von-a4\\\/#primaryimage\"},\"image\":{\"@id\":\"https:\\\/\\\/www.organisator.ch\\\/marketing\\\/2024-05-13\\\/stiftung-braendi-mit-neuem-auftritt-von-a4\\\/#primaryimage\"},\"thumbnailUrl\":\"https:\\\/\\\/www.werbewoche.ch\\\/wp-content\\\/uploads\\\/2024\\\/05\\\/Braendi3.jpg\",\"datePublished\":\"2024-05-13T09:14:49+00:00\",\"dateModified\":\"2024-11-11T05:11:49+00:00\",\"description\":\"Br\u00e4ndi pr\u00e4sentiert neuen visuellen Auftritt zur F\u00f6rderung der Inklusion in der Schweiz. Zukunftsorientierte Strategie und Branding.\",\"breadcrumb\":{\"@id\":\"https:\\\/\\\/www.organisator.ch\\\/marketing\\\/2024-05-13\\\/stiftung-braendi-mit-neuem-auftritt-von-a4\\\/#breadcrumb\"},\"inLanguage\":\"fr-FR\",\"potentialAction\":[{\"@type\":\"ReadAction\",\"target\":[\"https:\\\/\\\/www.organisator.ch\\\/marketing\\\/2024-05-13\\\/stiftung-braendi-mit-neuem-auftritt-von-a4\\\/\"]}]},{\"@type\":\"ImageObject\",\"inLanguage\":\"fr-FR\",\"@id\":\"https:\\\/\\\/www.organisator.ch\\\/marketing\\\/2024-05-13\\\/stiftung-braendi-mit-neuem-auftritt-von-a4\\\/#primaryimage\",\"url\":\"https:\\\/\\\/www.werbewoche.ch\\\/wp-content\\\/uploads\\\/2024\\\/05\\\/Braendi3.jpg\",\"contentUrl\":\"https:\\\/\\\/www.werbewoche.ch\\\/wp-content\\\/uploads\\\/2024\\\/05\\\/Braendi3.jpg\"},{\"@type\":\"BreadcrumbList\",\"@id\":\"https:\\\/\\\/www.organisator.ch\\\/marketing\\\/2024-05-13\\\/stiftung-braendi-mit-neuem-auftritt-von-a4\\\/#breadcrumb\",\"itemListElement\":[{\"@type\":\"ListItem\",\"position\":1,\"name\":\"Home\",\"item\":\"https:\\\/\\\/www.organisator.ch\\\/\"},{\"@type\":\"ListItem\",\"position\":2,\"name\":\"Stiftung Br\u00e4ndi mit neuem Auftritt von A4\"}]},{\"@type\":\"WebSite\",\"@id\":\"https:\\\/\\\/www.organisator.ch\\\/#website\",\"url\":\"https:\\\/\\\/www.organisator.ch\\\/\",\"name\":\"Organisator\",\"description\":\"Kompetent. Praxisnah. Der ORGANISATOR bereitet in 10 Ausgaben pro Jahr die wesentlichen Themen f\u00fcr F\u00fchrungskr\u00e4fte von KMU auf.\",\"publisher\":{\"@id\":\"https:\\\/\\\/www.organisator.ch\\\/#organization\"},\"potentialAction\":[{\"@type\":\"SearchAction\",\"target\":{\"@type\":\"EntryPoint\",\"urlTemplate\":\"https:\\\/\\\/www.organisator.ch\\\/?s={search_term_string}\"},\"query-input\":{\"@type\":\"PropertyValueSpecification\",\"valueRequired\":true,\"valueName\":\"search_term_string\"}}],\"inLanguage\":\"fr-FR\"},{\"@type\":\"Organization\",\"@id\":\"https:\\\/\\\/www.organisator.ch\\\/#organization\",\"name\":\"Organisator\",\"url\":\"https:\\\/\\\/www.organisator.ch\\\/\",\"logo\":{\"@type\":\"ImageObject\",\"inLanguage\":\"fr-FR\",\"@id\":\"https:\\\/\\\/www.organisator.ch\\\/#\\\/schema\\\/logo\\\/image\\\/\",\"url\":\"https:\\\/\\\/www.organisator.ch\\\/wp-content\\\/uploads\\\/2022\\\/01\\\/Logo_Organisator_Website.png\",\"contentUrl\":\"https:\\\/\\\/www.organisator.ch\\\/wp-content\\\/uploads\\\/2022\\\/01\\\/Logo_Organisator_Website.png\",\"width\":800,\"height\":77,\"caption\":\"Organisator\"},\"image\":{\"@id\":\"https:\\\/\\\/www.organisator.ch\\\/#\\\/schema\\\/logo\\\/image\\\/\"},\"sameAs\":[\"https:\\\/\\\/www.facebook.com\\\/OrganisatorFachmagazin\",\"https:\\\/\\\/www.linkedin.com\\\/showcase\\\/organisator-das-magazin-fr-kmu\",\"https:\\\/\\\/www.xing.com\\\/news\\\/pages\\\/organisator-ch-695\",\"https:\\\/\\\/www.youtube.com\\\/channel\\\/UCGP2Sq0iWaZwT3BdIAQFYpw\"]},{\"@type\":\"Person\",\"@id\":\"https:\\\/\\\/www.organisator.ch\\\/#\\\/schema\\\/person\\\/4e51799071cd2dd1232ac003643ef5f0\",\"name\":\"galledia\",\"image\":{\"@type\":\"ImageObject\",\"inLanguage\":\"fr-FR\",\"@id\":\"https:\\\/\\\/secure.gravatar.com\\\/avatar\\\/78a7f90c01fc2bfc875782a0d4922b37cde2cf184ce347b91316d23cd7f69a36?s=96&d=mm&r=g\",\"url\":\"https:\\\/\\\/secure.gravatar.com\\\/avatar\\\/78a7f90c01fc2bfc875782a0d4922b37cde2cf184ce347b91316d23cd7f69a36?s=96&d=mm&r=g\",\"contentUrl\":\"https:\\\/\\\/secure.gravatar.com\\\/avatar\\\/78a7f90c01fc2bfc875782a0d4922b37cde2cf184ce347b91316d23cd7f69a36?s=96&d=mm&r=g\",\"caption\":\"galledia\"},\"sameAs\":[\"https:\\\/\\\/x.com\\\/admin\"],\"url\":\"https:\\\/\\\/www.organisator.ch\\\/fr\\\/author\\\/galledia\\\/\"}]}<\/script>\n<!-- \/ Yoast SEO plugin. -->","yoast_head_json":{"title":"La fondation Br\u00e4ndi fait peau neuve avec A4 - Organisateur","description":"Br\u00e4ndi pr\u00e9sente sa nouvelle identit\u00e9 visuelle pour promouvoir l'inclusion en Suisse. Une strat\u00e9gie et un branding orient\u00e9s vers l'avenir.","robots":{"index":"index","follow":"follow","max-snippet":"max-snippet:-1","max-image-preview":"max-image-preview:large","max-video-preview":"max-video-preview:-1"},"canonical":"https:\/\/www.organisator.ch\/fr\/marketing\/2024-05-13\/stiftung-braendi-mit-neuem-auftritt-von-a4\/","og_locale":"fr_FR","og_type":"article","og_title":"Stiftung Br\u00e4ndi mit neuem Auftritt von A4 - Organisator","og_description":"Br\u00e4ndi pr\u00e4sentiert neuen visuellen Auftritt zur F\u00f6rderung der Inklusion in der Schweiz. Zukunftsorientierte Strategie und Branding.","og_url":"https:\/\/www.organisator.ch\/fr\/marketing\/2024-05-13\/stiftung-braendi-mit-neuem-auftritt-von-a4\/","og_site_name":"Organisator","article_publisher":"https:\/\/www.facebook.com\/OrganisatorFachmagazin","article_published_time":"2024-05-13T09:14:49+00:00","article_modified_time":"2024-11-11T05:11:49+00:00","og_image":[{"url":"https:\/\/www.werbewoche.ch\/wp-content\/uploads\/2024\/05\/Braendi3.jpg","type":"","width":"","height":""}],"author":"galledia","twitter_card":"summary_large_image","twitter_creator":"@admin","schema":{"@context":"https:\/\/schema.org","@graph":[{"@type":"Article","@id":"https:\/\/www.organisator.ch\/marketing\/2024-05-13\/stiftung-braendi-mit-neuem-auftritt-von-a4\/#article","isPartOf":{"@id":"https:\/\/www.organisator.ch\/marketing\/2024-05-13\/stiftung-braendi-mit-neuem-auftritt-von-a4\/"},"author":{"name":"galledia","@id":"https:\/\/www.organisator.ch\/#\/schema\/person\/4e51799071cd2dd1232ac003643ef5f0"},"headline":"Stiftung Br\u00e4ndi mit neuem Auftritt von A4","datePublished":"2024-05-13T09:14:49+00:00","dateModified":"2024-11-11T05:11:49+00:00","mainEntityOfPage":{"@id":"https:\/\/www.organisator.ch\/marketing\/2024-05-13\/stiftung-braendi-mit-neuem-auftritt-von-a4\/"},"wordCount":241,"publisher":{"@id":"https:\/\/www.organisator.ch\/#organization"},"image":{"@id":"https:\/\/www.organisator.ch\/marketing\/2024-05-13\/stiftung-braendi-mit-neuem-auftritt-von-a4\/#primaryimage"},"thumbnailUrl":"https:\/\/www.werbewoche.ch\/wp-content\/uploads\/2024\/05\/Braendi3.jpg","keywords":["A4","Marken"],"articleSection":["MARKETING"],"inLanguage":"fr-FR"},{"@type":"WebPage","@id":"https:\/\/www.organisator.ch\/marketing\/2024-05-13\/stiftung-braendi-mit-neuem-auftritt-von-a4\/","url":"https:\/\/www.organisator.ch\/marketing\/2024-05-13\/stiftung-braendi-mit-neuem-auftritt-von-a4\/","name":"La fondation Br\u00e4ndi fait peau neuve avec A4 - Organisateur","isPartOf":{"@id":"https:\/\/www.organisator.ch\/#website"},"primaryImageOfPage":{"@id":"https:\/\/www.organisator.ch\/marketing\/2024-05-13\/stiftung-braendi-mit-neuem-auftritt-von-a4\/#primaryimage"},"image":{"@id":"https:\/\/www.organisator.ch\/marketing\/2024-05-13\/stiftung-braendi-mit-neuem-auftritt-von-a4\/#primaryimage"},"thumbnailUrl":"https:\/\/www.werbewoche.ch\/wp-content\/uploads\/2024\/05\/Braendi3.jpg","datePublished":"2024-05-13T09:14:49+00:00","dateModified":"2024-11-11T05:11:49+00:00","description":"Br\u00e4ndi pr\u00e9sente sa nouvelle identit\u00e9 visuelle pour promouvoir l'inclusion en Suisse. Une strat\u00e9gie et un branding orient\u00e9s vers l'avenir.","breadcrumb":{"@id":"https:\/\/www.organisator.ch\/marketing\/2024-05-13\/stiftung-braendi-mit-neuem-auftritt-von-a4\/#breadcrumb"},"inLanguage":"fr-FR","potentialAction":[{"@type":"ReadAction","target":["https:\/\/www.organisator.ch\/marketing\/2024-05-13\/stiftung-braendi-mit-neuem-auftritt-von-a4\/"]}]},{"@type":"ImageObject","inLanguage":"fr-FR","@id":"https:\/\/www.organisator.ch\/marketing\/2024-05-13\/stiftung-braendi-mit-neuem-auftritt-von-a4\/#primaryimage","url":"https:\/\/www.werbewoche.ch\/wp-content\/uploads\/2024\/05\/Braendi3.jpg","contentUrl":"https:\/\/www.werbewoche.ch\/wp-content\/uploads\/2024\/05\/Braendi3.jpg"},{"@type":"BreadcrumbList","@id":"https:\/\/www.organisator.ch\/marketing\/2024-05-13\/stiftung-braendi-mit-neuem-auftritt-von-a4\/#breadcrumb","itemListElement":[{"@type":"ListItem","position":1,"name":"Home","item":"https:\/\/www.organisator.ch\/"},{"@type":"ListItem","position":2,"name":"Stiftung Br\u00e4ndi mit neuem Auftritt von A4"}]},{"@type":"WebSite","@id":"https:\/\/www.organisator.ch\/#website","url":"https:\/\/www.organisator.ch\/","name":"Organisateur","description":"Comp\u00e9tence et comp\u00e9tence. Proches de la pratique. L'ORGANISATEUR pr\u00e9pare 10 num\u00e9ros par an sur les th\u00e8mes essentiels pour les dirigeants de PME.","publisher":{"@id":"https:\/\/www.organisator.ch\/#organization"},"potentialAction":[{"@type":"SearchAction","target":{"@type":"EntryPoint","urlTemplate":"https:\/\/www.organisator.ch\/?s={search_term_string}"},"query-input":{"@type":"PropertyValueSpecification","valueRequired":true,"valueName":"search_term_string"}}],"inLanguage":"fr-FR"},{"@type":"Organization","@id":"https:\/\/www.organisator.ch\/#organization","name":"Organisateur","url":"https:\/\/www.organisator.ch\/","logo":{"@type":"ImageObject","inLanguage":"fr-FR","@id":"https:\/\/www.organisator.ch\/#\/schema\/logo\/image\/","url":"https:\/\/www.organisator.ch\/wp-content\/uploads\/2022\/01\/Logo_Organisator_Website.png","contentUrl":"https:\/\/www.organisator.ch\/wp-content\/uploads\/2022\/01\/Logo_Organisator_Website.png","width":800,"height":77,"caption":"Organisator"},"image":{"@id":"https:\/\/www.organisator.ch\/#\/schema\/logo\/image\/"},"sameAs":["https:\/\/www.facebook.com\/OrganisatorFachmagazin","https:\/\/www.linkedin.com\/showcase\/organisator-das-magazin-fr-kmu","https:\/\/www.xing.com\/news\/pages\/organisator-ch-695","https:\/\/www.youtube.com\/channel\/UCGP2Sq0iWaZwT3BdIAQFYpw"]},{"@type":"Person","@id":"https:\/\/www.organisator.ch\/#\/schema\/person\/4e51799071cd2dd1232ac003643ef5f0","name":"galledia","image":{"@type":"ImageObject","inLanguage":"fr-FR","@id":"https:\/\/secure.gravatar.com\/avatar\/78a7f90c01fc2bfc875782a0d4922b37cde2cf184ce347b91316d23cd7f69a36?s=96&d=mm&r=g","url":"https:\/\/secure.gravatar.com\/avatar\/78a7f90c01fc2bfc875782a0d4922b37cde2cf184ce347b91316d23cd7f69a36?s=96&d=mm&r=g","contentUrl":"https:\/\/secure.gravatar.com\/avatar\/78a7f90c01fc2bfc875782a0d4922b37cde2cf184ce347b91316d23cd7f69a36?s=96&d=mm&r=g","caption":"galledia"},"sameAs":["https:\/\/x.com\/admin"],"url":"https:\/\/www.organisator.ch\/fr\/author\/galledia\/"}]}},"_links":{"self":[{"href":"https:\/\/www.organisator.ch\/fr\/wp-json\/wp\/v2\/posts\/27065","targetHints":{"allow":["GET"]}}],"collection":[{"href":"https:\/\/www.organisator.ch\/fr\/wp-json\/wp\/v2\/posts"}],"about":[{"href":"https:\/\/www.organisator.ch\/fr\/wp-json\/wp\/v2\/types\/post"}],"author":[{"embeddable":true,"href":"https:\/\/www.organisator.ch\/fr\/wp-json\/wp\/v2\/users\/8"}],"replies":[{"embeddable":true,"href":"https:\/\/www.organisator.ch\/fr\/wp-json\/wp\/v2\/comments?post=27065"}],"version-history":[{"count":3,"href":"https:\/\/www.organisator.ch\/fr\/wp-json\/wp\/v2\/posts\/27065\/revisions"}],"predecessor-version":[{"id":32260,"href":"https:\/\/www.organisator.ch\/fr\/wp-json\/wp\/v2\/posts\/27065\/revisions\/32260"}],"wp:attachment":[{"href":"https:\/\/www.organisator.ch\/fr\/wp-json\/wp\/v2\/media?parent=27065"}],"wp:term":[{"taxonomy":"category","embeddable":true,"href":"https:\/\/www.organisator.ch\/fr\/wp-json\/wp\/v2\/categories?post=27065"},{"taxonomy":"post_tag","embeddable":true,"href":"https:\/\/www.organisator.ch\/fr\/wp-json\/wp\/v2\/tags?post=27065"}],"curies":[{"name":"wp","href":"https:\/\/api.w.org\/{rel}","templated":true}]}}