{"id":27087,"date":"2024-05-14T13:25:18","date_gmt":"2024-05-14T11:25:18","guid":{"rendered":"https:\/\/www.organisator.ch\/?p=27087"},"modified":"2024-05-14T13:25:18","modified_gmt":"2024-05-14T11:25:18","slug":"ki-ist-kein-qualitaetsmerkmal","status":"publish","type":"post","link":"https:\/\/www.organisator.ch\/fr\/operational-excellence\/2024-05-14\/ki-ist-kein-qualitaetsmerkmal\/","title":{"rendered":"\"L'IA n'est pas un gage de qualit\u00e9\""},"content":{"rendered":"<figure id=\"attachment_27088\" aria-describedby=\"caption-attachment-27088\" style=\"width: 680px\" class=\"wp-caption alignnone\"><img loading=\"lazy\" decoding=\"async\" class=\"size-full wp-image-27088\" src=\"https:\/\/www.organisator.ch\/wp-content\/uploads\/2024\/05\/KI-ist-kein-Qualitaetsmerkmal_MQ.jpg\" alt=\"\" width=\"680\" height=\"453\" srcset=\"https:\/\/www.organisator.ch\/wp-content\/uploads\/2024\/05\/KI-ist-kein-Qualitaetsmerkmal_MQ.jpg 680w, https:\/\/www.organisator.ch\/wp-content\/uploads\/2024\/05\/KI-ist-kein-Qualitaetsmerkmal_MQ-18x12.jpg 18w, https:\/\/www.organisator.ch\/wp-content\/uploads\/2024\/05\/KI-ist-kein-Qualitaetsmerkmal_MQ-375x250.jpg 375w, https:\/\/www.organisator.ch\/wp-content\/uploads\/2024\/05\/KI-ist-kein-Qualitaetsmerkmal_MQ-525x350.jpg 525w\" sizes=\"auto, (max-width: 680px) 100vw, 680px\" \/><figcaption id=\"caption-attachment-27088\" class=\"wp-caption-text\">Le gestionnaire de projets et d'int\u00e9rim Thomas Pf\u00f6rtner ne consid\u00e8re pas l'IA comme un crit\u00e8re de qualit\u00e9. (Image : zVg \/ pfoertner-net.de)<\/figcaption><\/figure>\n<p>ChatGPT et d'autres outils ont d\u00e9clench\u00e9 un engouement autour du th\u00e8me de l'IA. Les promesses publicitaires en mati\u00e8re d'intelligence artificielle sont d\u00e9sormais omnipr\u00e9sentes. Partout, l'IA est dedans, dessus ou du moins impliqu\u00e9e. L'IA est devenue un succ\u00e8s marketing. Mais l'IA n'est en aucun cas un crit\u00e8re de qualit\u00e9. Certes, il est bon que le sujet fasse l'objet d'une grande attention gr\u00e2ce \u00e0 ChatGPT et autres, mais les grands mod\u00e8les linguistiques ne repr\u00e9sentent qu'une petite partie des applications possibles. Si l'on n'y prend pas garde et que l'on n'est pas pr\u00e9par\u00e9 en cons\u00e9quence, on risque de se faire \"avoir\" par les nombreuses promesses publicitaires.<\/p>\n<h3>L'IA n'est pas n\u00e9cessaire partout<\/h3>\n<p>\"L'IA n'est pas partout ce qu'elle est\", explique Thomas Pf\u00f6rtner. Il est chef de projet par int\u00e9rim et expert en informatique, en d\u00e9veloppement commercial et en nouveaux mod\u00e8les commerciaux. \"L'IA joue bien s\u00fbr un r\u00f4le important dans ce domaine. Mais tout n'a pas vraiment besoin de l'IA. Les entreprises ne devraient pas se laisser aveugler ici\". ChatGPT et d'autres applications ne repr\u00e9sentent qu'une petite partie des possibilit\u00e9s de l'IA g\u00e9n\u00e9rative. La partie bien plus importante de l'IA concerne d\u00e9j\u00e0 le traitement de donn\u00e9es structur\u00e9es. Et dans ce domaine, de nombreuses entreprises sont encore tr\u00e8s mal \u00e9quip\u00e9es. \"Aucune promesse publicitaire ne sert \u00e0 rien. Seules celles qui ont num\u00e9ris\u00e9 leurs donn\u00e9es et leurs processus peuvent en profiter\", explique Thomas Pf\u00f6rtner. L\u00e0 o\u00f9 ce n'est pas le cas, on risque de prendre de mauvaises d\u00e9cisions et de faire de mauvais investissements, ce qui co\u00fbte cher.<\/p>\n<p>\"Ni les chatbots ni les processus de gestion des documents ne n\u00e9cessitent obligatoirement une intelligence artificielle. De nombreuses solutions fonctionnent simplement sur la base de r\u00e8gles. Tous les algorithmes ne sont pas des IA. Il y a actuellement beaucoup d'erreurs\", estime Pf\u00f6rtner. L'IA peut certes am\u00e9liorer de nombreuses applications, mais elle n'est pas indispensable pour de nombreux cas d'utilisation.<\/p>\n<h3>IA : des statistiques qui s'am\u00e9liorent d'elles-m\u00eames<\/h3>\n<p>\"L'IA, ce sont des statistiques\", explique Pf\u00f6rtner. \"Des statistiques qui s'am\u00e9liorent d'elles-m\u00eames en tirant des conclusions toujours plus pertinentes \u00e0 partir des connaissances acquises. Les algorithmes, en revanche, sont des r\u00e8gles bas\u00e9es sur des processus \"simples\" de type \"si-alors\", o\u00f9 \"simple\" peut aussi signifier que des milliers de formules et de calculs ont lieu\". L'IA a toujours un \u00e9l\u00e9ment d'auto-optimisation, de reconnaissance et d'apprentissage. Mais pour de nombreuses applications, ce n'est pas n\u00e9cessaire. Les banques en ligne, les commandes des centres d'appel, les distributeurs de billets, les terminaux de commande et les moteurs de recherche ont pu se passer de l'IA jusqu'\u00e0 pr\u00e9sent. Tout ce qui est repr\u00e9sent\u00e9 num\u00e9riquement ou qui facilite la vie n'est pas de l'IA, selon Pf\u00f6rtner. Mais : \"Nous allons voir l'IA s'immiscer de plus en plus dans de tels processus\". Il y a encore beaucoup \u00e0 faire pour les hommes et les entreprises.<\/p>\n<p>Selon l'expert en informatique et en infrastructure, il est important de comprendre o\u00f9 l'utilisation de l'intelligence artificielle a r\u00e9ellement un sens. La question de savoir quel type d'IA doit \u00eatre clarifi\u00e9e doit \u00e9galement \u00eatre abord\u00e9e. Ainsi, les mod\u00e8les linguistiques tels que ChatGPT n'apportent gu\u00e8re d'utilit\u00e9 pertinente dans le cadre de calculs, de formules et de leurs liens, mais bien dans le contexte de traitements de texte. \"L'IA est utile l\u00e0 o\u00f9 le service est am\u00e9lior\u00e9. Aujourd'hui, le service n\u00e9cessite des donn\u00e9es. Si celles-ci sont disponibles sous forme num\u00e9rique et structur\u00e9e, une IA peut aider \u00e0 les exploiter et \u00e0 les transformer en prestations, ainsi qu'\u00e0 optimiser les donn\u00e9es elles-m\u00eames et les prestations par auto-apprentissage\". Les entreprises devraient se concentrer sur ce qui est actuellement possible et utile pour elles. L'engouement pour l'IA est en principe justifi\u00e9, mais il ne doit aveugler personne. Les promesses ne suffisent pas \u00e0 r\u00e9soudre les probl\u00e8mes.<\/p>\n<p><em>Pour plus d'informations sur les th\u00e8mes du d\u00e9veloppement commercial, de la num\u00e9risation et de l'infrastructure technologique, rendez-vous sur <a href=\"https:\/\/pfoertner-net.de\/\">https:\/\/pfoertner-net.de<\/a>.<\/em><\/p>","protected":false},"excerpt":{"rendered":"<p>L'intelligence artificielle est sur toutes les l\u00e8vres et devrait changer positivement de nombreux domaines de travail. Pourtant, l'IA n'est pas partout ce qu'elle est. Selon Thomas Pf\u00f6rtner, manager de projet et int\u00e9rimaire allemand, c'est surtout dans le domaine du marketing que le th\u00e8me de l'IA fait actuellement l'objet d'un battage m\u00e9diatique.<\/p>","protected":false},"author":4,"featured_media":27088,"comment_status":"closed","ping_status":"closed","sticky":false,"template":"","format":"standard","meta":{"_acf_changed":false,"_yoast_wpseo_focuskw":"Qualit\u00e4tsmerkmal","_yoast_wpseo_metadesc":"Das Thema KI wird vor allem im Marketing gehypt, ist aber noch kein Qualit\u00e4tsmerkmal, meint der Projekt- und Interim Manager Thomas Pf\u00f6rtner.","articlekey":"","footnotes":""},"categories":[582],"tags":[156,319,339,605],"class_list":["post-27087","post","type-post","status-publish","format-standard","has-post-thumbnail","hentry","category-operational-excellence","tag-digitalisierung","tag-kuenstliche-intelligenz","tag-marketing","tag-qualitaetsmanagement"],"acf":[],"yoast_head":"<!-- This site is optimized with the Yoast SEO plugin v27.5 - https:\/\/yoast.com\/product\/yoast-seo-wordpress\/ -->\n<title>\u201eKI ist kein Qualit\u00e4tsmerkmal\u201c - Organisator<\/title>\n<meta name=\"description\" content=\"Das Thema KI wird vor allem im Marketing gehypt, ist aber noch kein Qualit\u00e4tsmerkmal, meint der Projekt- und Interim Manager Thomas Pf\u00f6rtner.\" \/>\n<meta name=\"robots\" content=\"index, follow, max-snippet:-1, max-image-preview:large, max-video-preview:-1\" \/>\n<link rel=\"canonical\" href=\"https:\/\/www.organisator.ch\/fr\/excellence-operationnelle\/2024-05-14\/ki-ist-kein-qualitaetsmerkmal\/\" \/>\n<meta property=\"og:locale\" content=\"fr_FR\" \/>\n<meta property=\"og:type\" content=\"article\" \/>\n<meta property=\"og:title\" content=\"\u201eKI ist kein Qualit\u00e4tsmerkmal\u201c\" \/>\n<meta property=\"og:description\" content=\"Das Thema KI wird vor allem im Marketing gehypt, ist aber noch kein Qualit\u00e4tsmerkmal, meint der Projekt- und Interim Manager Thomas Pf\u00f6rtner.\" \/>\n<meta property=\"og:url\" content=\"https:\/\/www.organisator.ch\/fr\/excellence-operationnelle\/2024-05-14\/ki-ist-kein-qualitaetsmerkmal\/\" \/>\n<meta property=\"og:site_name\" content=\"Organisator\" \/>\n<meta property=\"article:publisher\" content=\"https:\/\/www.facebook.com\/OrganisatorFachmagazin\" \/>\n<meta property=\"article:published_time\" content=\"2024-05-14T11:25:18+00:00\" \/>\n<meta property=\"og:image\" content=\"https:\/\/www.organisator.ch\/wp-content\/uploads\/2024\/05\/KI-ist-kein-Qualitaetsmerkmal_MQ.jpg\" \/>\n\t<meta property=\"og:image:width\" content=\"680\" \/>\n\t<meta property=\"og:image:height\" content=\"453\" \/>\n\t<meta property=\"og:image:type\" content=\"image\/jpeg\" \/>\n<meta name=\"author\" content=\"thomas.berner\" \/>\n<meta name=\"twitter:card\" content=\"summary_large_image\" \/>\n<meta name=\"twitter:title\" content=\"\u201eKI ist kein #Qualit\u00e4tsmerkmal\u201c\" \/>\n<meta name=\"twitter:description\" content=\"Das Thema KI wird vor allem im Marketing gehypt, ist aber noch kein #Qualit\u00e4tsmerkmal, meint der Projekt- und Interim Manager Thomas #Pf\u00f6rtner.\" \/>\n<meta name=\"twitter:image\" content=\"https:\/\/www.organisator.ch\/wp-content\/uploads\/2024\/05\/KI-ist-kein-Qualitaetsmerkmal_MQ.jpg\" \/>\n<script type=\"application\/ld+json\" class=\"yoast-schema-graph\">{\"@context\":\"https:\\\/\\\/schema.org\",\"@graph\":[{\"@type\":\"Article\",\"@id\":\"https:\\\/\\\/www.organisator.ch\\\/operational-excellence\\\/2024-05-14\\\/ki-ist-kein-qualitaetsmerkmal\\\/#article\",\"isPartOf\":{\"@id\":\"https:\\\/\\\/www.organisator.ch\\\/operational-excellence\\\/2024-05-14\\\/ki-ist-kein-qualitaetsmerkmal\\\/\"},\"author\":{\"name\":\"thomas.berner\",\"@id\":\"https:\\\/\\\/www.organisator.ch\\\/#\\\/schema\\\/person\\\/6f650f90b2842cd4c0cc334b4e36f67e\"},\"headline\":\"\u201eKI ist kein Qualit\u00e4tsmerkmal\u201c\",\"datePublished\":\"2024-05-14T11:25:18+00:00\",\"mainEntityOfPage\":{\"@id\":\"https:\\\/\\\/www.organisator.ch\\\/operational-excellence\\\/2024-05-14\\\/ki-ist-kein-qualitaetsmerkmal\\\/\"},\"wordCount\":569,\"publisher\":{\"@id\":\"https:\\\/\\\/www.organisator.ch\\\/#organization\"},\"image\":{\"@id\":\"https:\\\/\\\/www.organisator.ch\\\/operational-excellence\\\/2024-05-14\\\/ki-ist-kein-qualitaetsmerkmal\\\/#primaryimage\"},\"thumbnailUrl\":\"https:\\\/\\\/www.organisator.ch\\\/wp-content\\\/uploads\\\/2024\\\/05\\\/KI-ist-kein-Qualitaetsmerkmal_MQ.jpg\",\"keywords\":[\"Digitalisierung\",\"K\u00fcnstliche Intelligenz\",\"Marketing\",\"Qualit\u00e4tsmanagement\"],\"articleSection\":[\"OPERATIONAL EXCELLENCE\"],\"inLanguage\":\"fr-FR\"},{\"@type\":\"WebPage\",\"@id\":\"https:\\\/\\\/www.organisator.ch\\\/operational-excellence\\\/2024-05-14\\\/ki-ist-kein-qualitaetsmerkmal\\\/\",\"url\":\"https:\\\/\\\/www.organisator.ch\\\/operational-excellence\\\/2024-05-14\\\/ki-ist-kein-qualitaetsmerkmal\\\/\",\"name\":\"\u201eKI ist kein Qualit\u00e4tsmerkmal\u201c - Organisator\",\"isPartOf\":{\"@id\":\"https:\\\/\\\/www.organisator.ch\\\/#website\"},\"primaryImageOfPage\":{\"@id\":\"https:\\\/\\\/www.organisator.ch\\\/operational-excellence\\\/2024-05-14\\\/ki-ist-kein-qualitaetsmerkmal\\\/#primaryimage\"},\"image\":{\"@id\":\"https:\\\/\\\/www.organisator.ch\\\/operational-excellence\\\/2024-05-14\\\/ki-ist-kein-qualitaetsmerkmal\\\/#primaryimage\"},\"thumbnailUrl\":\"https:\\\/\\\/www.organisator.ch\\\/wp-content\\\/uploads\\\/2024\\\/05\\\/KI-ist-kein-Qualitaetsmerkmal_MQ.jpg\",\"datePublished\":\"2024-05-14T11:25:18+00:00\",\"description\":\"Das Thema KI wird vor allem im Marketing gehypt, ist aber noch kein Qualit\u00e4tsmerkmal, meint der Projekt- und Interim Manager Thomas Pf\u00f6rtner.\",\"breadcrumb\":{\"@id\":\"https:\\\/\\\/www.organisator.ch\\\/operational-excellence\\\/2024-05-14\\\/ki-ist-kein-qualitaetsmerkmal\\\/#breadcrumb\"},\"inLanguage\":\"fr-FR\",\"potentialAction\":[{\"@type\":\"ReadAction\",\"target\":[\"https:\\\/\\\/www.organisator.ch\\\/operational-excellence\\\/2024-05-14\\\/ki-ist-kein-qualitaetsmerkmal\\\/\"]}]},{\"@type\":\"ImageObject\",\"inLanguage\":\"fr-FR\",\"@id\":\"https:\\\/\\\/www.organisator.ch\\\/operational-excellence\\\/2024-05-14\\\/ki-ist-kein-qualitaetsmerkmal\\\/#primaryimage\",\"url\":\"https:\\\/\\\/www.organisator.ch\\\/wp-content\\\/uploads\\\/2024\\\/05\\\/KI-ist-kein-Qualitaetsmerkmal_MQ.jpg\",\"contentUrl\":\"https:\\\/\\\/www.organisator.ch\\\/wp-content\\\/uploads\\\/2024\\\/05\\\/KI-ist-kein-Qualitaetsmerkmal_MQ.jpg\",\"width\":680,\"height\":453,\"caption\":\"Projekt- und Interim-Manager Thomas Pf\u00f6rtner sieht KI nicht als Qualit\u00e4tsmerkmal. (Bild: zVg \\\/ pfoertner-net.de)\"},{\"@type\":\"BreadcrumbList\",\"@id\":\"https:\\\/\\\/www.organisator.ch\\\/operational-excellence\\\/2024-05-14\\\/ki-ist-kein-qualitaetsmerkmal\\\/#breadcrumb\",\"itemListElement\":[{\"@type\":\"ListItem\",\"position\":1,\"name\":\"Home\",\"item\":\"https:\\\/\\\/www.organisator.ch\\\/\"},{\"@type\":\"ListItem\",\"position\":2,\"name\":\"\u201eKI ist kein Qualit\u00e4tsmerkmal\u201c\"}]},{\"@type\":\"WebSite\",\"@id\":\"https:\\\/\\\/www.organisator.ch\\\/#website\",\"url\":\"https:\\\/\\\/www.organisator.ch\\\/\",\"name\":\"Organisator\",\"description\":\"Kompetent. Praxisnah. Der ORGANISATOR bereitet in 10 Ausgaben pro Jahr die wesentlichen Themen f\u00fcr F\u00fchrungskr\u00e4fte von KMU auf.\",\"publisher\":{\"@id\":\"https:\\\/\\\/www.organisator.ch\\\/#organization\"},\"potentialAction\":[{\"@type\":\"SearchAction\",\"target\":{\"@type\":\"EntryPoint\",\"urlTemplate\":\"https:\\\/\\\/www.organisator.ch\\\/?s={search_term_string}\"},\"query-input\":{\"@type\":\"PropertyValueSpecification\",\"valueRequired\":true,\"valueName\":\"search_term_string\"}}],\"inLanguage\":\"fr-FR\"},{\"@type\":\"Organization\",\"@id\":\"https:\\\/\\\/www.organisator.ch\\\/#organization\",\"name\":\"Organisator\",\"url\":\"https:\\\/\\\/www.organisator.ch\\\/\",\"logo\":{\"@type\":\"ImageObject\",\"inLanguage\":\"fr-FR\",\"@id\":\"https:\\\/\\\/www.organisator.ch\\\/#\\\/schema\\\/logo\\\/image\\\/\",\"url\":\"https:\\\/\\\/www.organisator.ch\\\/wp-content\\\/uploads\\\/2022\\\/01\\\/Logo_Organisator_Website.png\",\"contentUrl\":\"https:\\\/\\\/www.organisator.ch\\\/wp-content\\\/uploads\\\/2022\\\/01\\\/Logo_Organisator_Website.png\",\"width\":800,\"height\":77,\"caption\":\"Organisator\"},\"image\":{\"@id\":\"https:\\\/\\\/www.organisator.ch\\\/#\\\/schema\\\/logo\\\/image\\\/\"},\"sameAs\":[\"https:\\\/\\\/www.facebook.com\\\/OrganisatorFachmagazin\",\"https:\\\/\\\/www.linkedin.com\\\/showcase\\\/organisator-das-magazin-fr-kmu\",\"https:\\\/\\\/www.xing.com\\\/news\\\/pages\\\/organisator-ch-695\",\"https:\\\/\\\/www.youtube.com\\\/channel\\\/UCGP2Sq0iWaZwT3BdIAQFYpw\"]},{\"@type\":\"Person\",\"@id\":\"https:\\\/\\\/www.organisator.ch\\\/#\\\/schema\\\/person\\\/6f650f90b2842cd4c0cc334b4e36f67e\",\"name\":\"thomas.berner\",\"image\":{\"@type\":\"ImageObject\",\"inLanguage\":\"fr-FR\",\"@id\":\"https:\\\/\\\/secure.gravatar.com\\\/avatar\\\/ac5001d2a36cb6c6cd3e50789007ffca834b477b74a2144564522e944eabff61?s=96&d=mm&r=g\",\"url\":\"https:\\\/\\\/secure.gravatar.com\\\/avatar\\\/ac5001d2a36cb6c6cd3e50789007ffca834b477b74a2144564522e944eabff61?s=96&d=mm&r=g\",\"contentUrl\":\"https:\\\/\\\/secure.gravatar.com\\\/avatar\\\/ac5001d2a36cb6c6cd3e50789007ffca834b477b74a2144564522e944eabff61?s=96&d=mm&r=g\",\"caption\":\"thomas.berner\"},\"url\":\"https:\\\/\\\/www.organisator.ch\\\/fr\\\/author\\\/thomas-berner\\\/\"}]}<\/script>\n<!-- \/ Yoast SEO plugin. -->","yoast_head_json":{"title":"\"L'IA n'est pas un crit\u00e8re de qualit\u00e9\" - Organisateur","description":"Le th\u00e8me de l'IA est surtout hype dans le marketing, mais ce n'est pas encore un crit\u00e8re de qualit\u00e9, estime Thomas Pf\u00f6rtner, manager de projet et d'int\u00e9rim.","robots":{"index":"index","follow":"follow","max-snippet":"max-snippet:-1","max-image-preview":"max-image-preview:large","max-video-preview":"max-video-preview:-1"},"canonical":"https:\/\/www.organisator.ch\/fr\/excellence-operationnelle\/2024-05-14\/ki-ist-kein-qualitaetsmerkmal\/","og_locale":"fr_FR","og_type":"article","og_title":"\u201eKI ist kein Qualit\u00e4tsmerkmal\u201c","og_description":"Das Thema KI wird vor allem im Marketing gehypt, ist aber noch kein Qualit\u00e4tsmerkmal, meint der Projekt- und Interim Manager Thomas Pf\u00f6rtner.","og_url":"https:\/\/www.organisator.ch\/fr\/excellence-operationnelle\/2024-05-14\/ki-ist-kein-qualitaetsmerkmal\/","og_site_name":"Organisator","article_publisher":"https:\/\/www.facebook.com\/OrganisatorFachmagazin","article_published_time":"2024-05-14T11:25:18+00:00","og_image":[{"width":680,"height":453,"url":"https:\/\/www.organisator.ch\/wp-content\/uploads\/2024\/05\/KI-ist-kein-Qualitaetsmerkmal_MQ.jpg","type":"image\/jpeg"}],"author":"thomas.berner","twitter_card":"summary_large_image","twitter_title":"\u201eKI ist kein #Qualit\u00e4tsmerkmal\u201c","twitter_description":"Das Thema KI wird vor allem im Marketing gehypt, ist aber noch kein #Qualit\u00e4tsmerkmal, meint der Projekt- und Interim Manager Thomas #Pf\u00f6rtner.","twitter_image":"https:\/\/www.organisator.ch\/wp-content\/uploads\/2024\/05\/KI-ist-kein-Qualitaetsmerkmal_MQ.jpg","schema":{"@context":"https:\/\/schema.org","@graph":[{"@type":"Article","@id":"https:\/\/www.organisator.ch\/operational-excellence\/2024-05-14\/ki-ist-kein-qualitaetsmerkmal\/#article","isPartOf":{"@id":"https:\/\/www.organisator.ch\/operational-excellence\/2024-05-14\/ki-ist-kein-qualitaetsmerkmal\/"},"author":{"name":"thomas.berner","@id":"https:\/\/www.organisator.ch\/#\/schema\/person\/6f650f90b2842cd4c0cc334b4e36f67e"},"headline":"\u201eKI ist kein Qualit\u00e4tsmerkmal\u201c","datePublished":"2024-05-14T11:25:18+00:00","mainEntityOfPage":{"@id":"https:\/\/www.organisator.ch\/operational-excellence\/2024-05-14\/ki-ist-kein-qualitaetsmerkmal\/"},"wordCount":569,"publisher":{"@id":"https:\/\/www.organisator.ch\/#organization"},"image":{"@id":"https:\/\/www.organisator.ch\/operational-excellence\/2024-05-14\/ki-ist-kein-qualitaetsmerkmal\/#primaryimage"},"thumbnailUrl":"https:\/\/www.organisator.ch\/wp-content\/uploads\/2024\/05\/KI-ist-kein-Qualitaetsmerkmal_MQ.jpg","keywords":["Digitalisierung","K\u00fcnstliche Intelligenz","Marketing","Qualit\u00e4tsmanagement"],"articleSection":["OPERATIONAL EXCELLENCE"],"inLanguage":"fr-FR"},{"@type":"WebPage","@id":"https:\/\/www.organisator.ch\/operational-excellence\/2024-05-14\/ki-ist-kein-qualitaetsmerkmal\/","url":"https:\/\/www.organisator.ch\/operational-excellence\/2024-05-14\/ki-ist-kein-qualitaetsmerkmal\/","name":"\"L'IA n'est pas un crit\u00e8re de qualit\u00e9\" - Organisateur","isPartOf":{"@id":"https:\/\/www.organisator.ch\/#website"},"primaryImageOfPage":{"@id":"https:\/\/www.organisator.ch\/operational-excellence\/2024-05-14\/ki-ist-kein-qualitaetsmerkmal\/#primaryimage"},"image":{"@id":"https:\/\/www.organisator.ch\/operational-excellence\/2024-05-14\/ki-ist-kein-qualitaetsmerkmal\/#primaryimage"},"thumbnailUrl":"https:\/\/www.organisator.ch\/wp-content\/uploads\/2024\/05\/KI-ist-kein-Qualitaetsmerkmal_MQ.jpg","datePublished":"2024-05-14T11:25:18+00:00","description":"Le th\u00e8me de l'IA est surtout hype dans le marketing, mais ce n'est pas encore un crit\u00e8re de qualit\u00e9, estime Thomas Pf\u00f6rtner, manager de projet et d'int\u00e9rim.","breadcrumb":{"@id":"https:\/\/www.organisator.ch\/operational-excellence\/2024-05-14\/ki-ist-kein-qualitaetsmerkmal\/#breadcrumb"},"inLanguage":"fr-FR","potentialAction":[{"@type":"ReadAction","target":["https:\/\/www.organisator.ch\/operational-excellence\/2024-05-14\/ki-ist-kein-qualitaetsmerkmal\/"]}]},{"@type":"ImageObject","inLanguage":"fr-FR","@id":"https:\/\/www.organisator.ch\/operational-excellence\/2024-05-14\/ki-ist-kein-qualitaetsmerkmal\/#primaryimage","url":"https:\/\/www.organisator.ch\/wp-content\/uploads\/2024\/05\/KI-ist-kein-Qualitaetsmerkmal_MQ.jpg","contentUrl":"https:\/\/www.organisator.ch\/wp-content\/uploads\/2024\/05\/KI-ist-kein-Qualitaetsmerkmal_MQ.jpg","width":680,"height":453,"caption":"Projekt- und Interim-Manager Thomas Pf\u00f6rtner sieht KI nicht als Qualit\u00e4tsmerkmal. (Bild: zVg \/ pfoertner-net.de)"},{"@type":"BreadcrumbList","@id":"https:\/\/www.organisator.ch\/operational-excellence\/2024-05-14\/ki-ist-kein-qualitaetsmerkmal\/#breadcrumb","itemListElement":[{"@type":"ListItem","position":1,"name":"Home","item":"https:\/\/www.organisator.ch\/"},{"@type":"ListItem","position":2,"name":"\u201eKI ist kein Qualit\u00e4tsmerkmal\u201c"}]},{"@type":"WebSite","@id":"https:\/\/www.organisator.ch\/#website","url":"https:\/\/www.organisator.ch\/","name":"Organisateur","description":"Comp\u00e9tence et comp\u00e9tence. Proches de la pratique. L'ORGANISATEUR pr\u00e9pare 10 num\u00e9ros par an sur les th\u00e8mes essentiels pour les dirigeants de PME.","publisher":{"@id":"https:\/\/www.organisator.ch\/#organization"},"potentialAction":[{"@type":"SearchAction","target":{"@type":"EntryPoint","urlTemplate":"https:\/\/www.organisator.ch\/?s={search_term_string}"},"query-input":{"@type":"PropertyValueSpecification","valueRequired":true,"valueName":"search_term_string"}}],"inLanguage":"fr-FR"},{"@type":"Organization","@id":"https:\/\/www.organisator.ch\/#organization","name":"Organisateur","url":"https:\/\/www.organisator.ch\/","logo":{"@type":"ImageObject","inLanguage":"fr-FR","@id":"https:\/\/www.organisator.ch\/#\/schema\/logo\/image\/","url":"https:\/\/www.organisator.ch\/wp-content\/uploads\/2022\/01\/Logo_Organisator_Website.png","contentUrl":"https:\/\/www.organisator.ch\/wp-content\/uploads\/2022\/01\/Logo_Organisator_Website.png","width":800,"height":77,"caption":"Organisator"},"image":{"@id":"https:\/\/www.organisator.ch\/#\/schema\/logo\/image\/"},"sameAs":["https:\/\/www.facebook.com\/OrganisatorFachmagazin","https:\/\/www.linkedin.com\/showcase\/organisator-das-magazin-fr-kmu","https:\/\/www.xing.com\/news\/pages\/organisator-ch-695","https:\/\/www.youtube.com\/channel\/UCGP2Sq0iWaZwT3BdIAQFYpw"]},{"@type":"Person","@id":"https:\/\/www.organisator.ch\/#\/schema\/person\/6f650f90b2842cd4c0cc334b4e36f67e","name":"thomas.berner","image":{"@type":"ImageObject","inLanguage":"fr-FR","@id":"https:\/\/secure.gravatar.com\/avatar\/ac5001d2a36cb6c6cd3e50789007ffca834b477b74a2144564522e944eabff61?s=96&d=mm&r=g","url":"https:\/\/secure.gravatar.com\/avatar\/ac5001d2a36cb6c6cd3e50789007ffca834b477b74a2144564522e944eabff61?s=96&d=mm&r=g","contentUrl":"https:\/\/secure.gravatar.com\/avatar\/ac5001d2a36cb6c6cd3e50789007ffca834b477b74a2144564522e944eabff61?s=96&d=mm&r=g","caption":"thomas.berner"},"url":"https:\/\/www.organisator.ch\/fr\/author\/thomas-berner\/"}]}},"_links":{"self":[{"href":"https:\/\/www.organisator.ch\/fr\/wp-json\/wp\/v2\/posts\/27087","targetHints":{"allow":["GET"]}}],"collection":[{"href":"https:\/\/www.organisator.ch\/fr\/wp-json\/wp\/v2\/posts"}],"about":[{"href":"https:\/\/www.organisator.ch\/fr\/wp-json\/wp\/v2\/types\/post"}],"author":[{"embeddable":true,"href":"https:\/\/www.organisator.ch\/fr\/wp-json\/wp\/v2\/users\/4"}],"replies":[{"embeddable":true,"href":"https:\/\/www.organisator.ch\/fr\/wp-json\/wp\/v2\/comments?post=27087"}],"version-history":[{"count":4,"href":"https:\/\/www.organisator.ch\/fr\/wp-json\/wp\/v2\/posts\/27087\/revisions"}],"predecessor-version":[{"id":27121,"href":"https:\/\/www.organisator.ch\/fr\/wp-json\/wp\/v2\/posts\/27087\/revisions\/27121"}],"wp:featuredmedia":[{"embeddable":true,"href":"https:\/\/www.organisator.ch\/fr\/wp-json\/wp\/v2\/media\/27088"}],"wp:attachment":[{"href":"https:\/\/www.organisator.ch\/fr\/wp-json\/wp\/v2\/media?parent=27087"}],"wp:term":[{"taxonomy":"category","embeddable":true,"href":"https:\/\/www.organisator.ch\/fr\/wp-json\/wp\/v2\/categories?post=27087"},{"taxonomy":"post_tag","embeddable":true,"href":"https:\/\/www.organisator.ch\/fr\/wp-json\/wp\/v2\/tags?post=27087"}],"curies":[{"name":"wp","href":"https:\/\/api.w.org\/{rel}","templated":true}]}}