{"id":27101,"date":"2024-05-15T09:05:28","date_gmt":"2024-05-15T07:05:28","guid":{"rendered":"https:\/\/www.organisator.ch\/?p=27101"},"modified":"2024-05-15T09:05:28","modified_gmt":"2024-05-15T07:05:28","slug":"hwz-sunnie-groeneveld-wird-direktorin-des-institute-for-digital-business","status":"publish","type":"post","link":"https:\/\/www.organisator.ch\/fr\/weiterbildung\/2024-05-15\/hwz-sunnie-groeneveld-wird-direktorin-des-institute-for-digital-business\/","title":{"rendered":"HWZ : Sunnie Groeneveld devient directrice de l'Institute for Digital Business"},"content":{"rendered":"<figure id=\"attachment_27102\" aria-describedby=\"caption-attachment-27102\" style=\"width: 680px\" class=\"wp-caption alignnone\"><img loading=\"lazy\" decoding=\"async\" class=\"size-full wp-image-27102\" src=\"https:\/\/www.organisator.ch\/wp-content\/uploads\/2024\/05\/HWZ-Sunnie-Groeneveld-wird-Direktorin-des-Institute-for-Digital-Business_Organisator.jpg\" alt=\"\" width=\"680\" height=\"454\" srcset=\"https:\/\/www.organisator.ch\/wp-content\/uploads\/2024\/05\/HWZ-Sunnie-Groeneveld-wird-Direktorin-des-Institute-for-Digital-Business_Organisator.jpg 680w, https:\/\/www.organisator.ch\/wp-content\/uploads\/2024\/05\/HWZ-Sunnie-Groeneveld-wird-Direktorin-des-Institute-for-Digital-Business_Organisator-18x12.jpg 18w, https:\/\/www.organisator.ch\/wp-content\/uploads\/2024\/05\/HWZ-Sunnie-Groeneveld-wird-Direktorin-des-Institute-for-Digital-Business_Organisator-375x250.jpg 375w, https:\/\/www.organisator.ch\/wp-content\/uploads\/2024\/05\/HWZ-Sunnie-Groeneveld-wird-Direktorin-des-Institute-for-Digital-Business_Organisator-524x350.jpg 524w\" sizes=\"auto, (max-width: 680px) 100vw, 680px\" \/><figcaption id=\"caption-attachment-27102\" class=\"wp-caption-text\">Sunnie Groeneveld, nouvelle directrice de l'Institute for Digital Business \u00e0 la HWZ. (Image : HWZ)<\/figcaption><\/figure>\n<p>Sunnie Groeneveld a une carri\u00e8re impressionnante dans l'\u00e9conomie num\u00e9rique en tant qu'entrepreneuse et membre de plusieurs conseils d'administration de moyennes entreprises suisses. Son exp\u00e9rience diversifi\u00e9e et multisectorielle est consid\u00e9r\u00e9e par la direction de l'universit\u00e9 comme tr\u00e8s pr\u00e9cieuse pour continuer \u00e0 positionner l'Institute for Digital Business \u00e0 la pointe de l'innovation technologique et de la formation continue. \"Nous sommes tr\u00e8s heureux que Sunnie Groeneveld prenne la direction de l'Institute for Digital Business. Sa longue expertise dans des domaines cl\u00e9s tels que la transformation num\u00e9rique et le d\u00e9veloppement strat\u00e9gique, combin\u00e9e \u00e0 ses solides comp\u00e9tences en mati\u00e8re de leadership, font d'elle le premier choix pour diriger le nouvel institut\", a d\u00e9clar\u00e9 en cons\u00e9quence le professeur Matthias R\u00fcegg, recteur de la HWZ. Sous la direction de Sunnie Groeneveld, l'institut poursuivra sa mission de d\u00e9veloppement de programmes de formation innovants et ax\u00e9s sur la pratique. En plus de l'institut, la nouvelle directrice continuera \u00e0 diriger l'EMBA Digital Leadership, qui vise \u00e0 pr\u00e9parer la prochaine g\u00e9n\u00e9ration de dirigeants au monde num\u00e9rique.<\/p>\n<h3>Succession de Manuel P. Nappo<\/h3>\n<p>Apr\u00e8s 14 ans, Manuel P. Nappo quitte la HWZ. Il a fond\u00e9 l'Institute for Digital Business. \"Nous remercions Manuel P. Nappo pour sa direction visionnaire et sa pr\u00e9cieuse contribution au renforcement de la HWZ. Sous sa direction, l'Institute for Digital Business s'est impos\u00e9 comme un centre de comp\u00e9tences reconnu en mati\u00e8re de transformation num\u00e9rique et a lanc\u00e9 de nombreux programmes pionniers et innovants, comme le premier MAS in Digital Business d'Europe en 2014 ou le r\u00e9cent et tr\u00e8s actuel <a href=\"https:\/\/www.organisator.ch\/de\/weiterbildung\/2024-04-08\/schweizweit-erster-mas-ai-leadership-lanciert\/\">MAS en leadership AI<\/a>\", ajoute le professeur Matthias R\u00fcegg.<\/p>\n<p>\"Sunnie Groeneveld est depuis pr\u00e8s de dix ans un membre tr\u00e8s appr\u00e9ci\u00e9 de la facult\u00e9 HWZ et a, avec moi, con\u00e7u et mis en place avec succ\u00e8s l'Executive MBA Digital Leadership depuis 2019 - malgr\u00e9 tous les d\u00e9fis de la pand\u00e9mie COVID-19 - et l'a organis\u00e9 cette ann\u00e9e pour la cinqui\u00e8me fois. Sa vaste exp\u00e9rience en tant que directrice de cursus et son grand engagement en faveur du leadership, de la technologie et de l'innovation sont exactement ce dont l'institut a besoin pour continuer \u00e0 avoir du succ\u00e8s \u00e0 l'avenir\", souligne Manuel P. Nappo, d\u00e9sormais directeur sortant de l'Institute for Digital Business de la HWZ.<\/p>\n<p><em>Source : <a href=\"http:\/\/www.fh-hwz.ch\">HWZ<\/a><\/em><\/p>","protected":false},"excerpt":{"rendered":"<p>La HWZ Hochschule f\u00fcr Wirtschaft Z\u00fcrich a annonc\u00e9 la nomination de Sunnie Groeneveld au poste de directrice de l'Institute for Digital Business. Sunnie Groeneveld succ\u00e8de \u00e0 Manuel P. Nappo qui, apr\u00e8s 14 ans, quitte la haute \u00e9cole \u00e0 sa demande pour relever de nouveaux d\u00e9fis professionnels.<\/p>","protected":false},"author":4,"featured_media":27102,"comment_status":"closed","ping_status":"closed","sticky":false,"template":"","format":"standard","meta":{"_acf_changed":false,"_yoast_wpseo_focuskw":"Groeneveld","_yoast_wpseo_metadesc":"Die HWZ hat die Ernennung von Sunnie Groeneveld zur neuen Direktorin des Institute for Digital Business bekanntgegeben.","articlekey":"","footnotes":""},"categories":[30],"tags":[62,156,335,381],"class_list":["post-27101","post","type-post","status-publish","format-standard","has-post-thumbnail","hentry","category-weiterbildung","tag-aus-weiterbildung","tag-digitalisierung","tag-management-und-unternehmensfuehrung","tag-personalia"],"acf":[],"yoast_head":"<!-- This site is optimized with the Yoast SEO plugin v27.5 - https:\/\/yoast.com\/product\/yoast-seo-wordpress\/ -->\n<title>HWZ: Sunnie Groeneveld wird Direktorin des Institute for Digital Business - Organisator<\/title>\n<meta name=\"description\" content=\"Die HWZ hat die Ernennung von Sunnie Groeneveld zur neuen Direktorin des Institute for Digital Business bekanntgegeben.\" \/>\n<meta name=\"robots\" content=\"index, follow, max-snippet:-1, max-image-preview:large, max-video-preview:-1\" \/>\n<link rel=\"canonical\" href=\"https:\/\/www.organisator.ch\/fr\/formation-continue-2\/2024-05-15\/hwz-sunnie-groeneveld-wird-direktorin-des-institute-for-digital-business\/\" \/>\n<meta property=\"og:locale\" content=\"fr_FR\" \/>\n<meta property=\"og:type\" content=\"article\" \/>\n<meta property=\"og:title\" content=\"HWZ: Sunnie Groeneveld wird Direktorin des Institute for Digital Business\" \/>\n<meta property=\"og:description\" content=\"Die HWZ hat die Ernennung von Sunnie Groeneveld zur neuen Direktorin des Institute for Digital Business bekanntgegeben.\" \/>\n<meta property=\"og:url\" content=\"https:\/\/www.organisator.ch\/fr\/formation-continue-2\/2024-05-15\/hwz-sunnie-groeneveld-wird-direktorin-des-institute-for-digital-business\/\" \/>\n<meta property=\"og:site_name\" content=\"Organisator\" \/>\n<meta property=\"article:publisher\" content=\"https:\/\/www.facebook.com\/OrganisatorFachmagazin\" \/>\n<meta property=\"article:published_time\" content=\"2024-05-15T07:05:28+00:00\" \/>\n<meta property=\"og:image\" content=\"https:\/\/www.organisator.ch\/wp-content\/uploads\/2024\/05\/HWZ-Sunnie-Groeneveld-wird-Direktorin-des-Institute-for-Digital-Business_Organisator.jpg\" \/>\n\t<meta property=\"og:image:width\" content=\"680\" \/>\n\t<meta property=\"og:image:height\" content=\"454\" \/>\n\t<meta property=\"og:image:type\" content=\"image\/jpeg\" \/>\n<meta name=\"author\" content=\"thomas.berner\" \/>\n<meta name=\"twitter:card\" content=\"summary_large_image\" \/>\n<meta name=\"twitter:title\" content=\"#HWZ: Sunnie #Groeneveld wird #Direktorin des Institute for Digital Business\" \/>\n<meta name=\"twitter:description\" content=\"Die #HWZ hat die Ernennung von Sunnie #Groeneveld zur neuen Direktorin des Institute for Digital Business bekanntgegeben.\" \/>\n<meta name=\"twitter:image\" content=\"https:\/\/www.organisator.ch\/wp-content\/uploads\/2024\/05\/HWZ-Sunnie-Groeneveld-wird-Direktorin-des-Institute-for-Digital-Business_Organisator.jpg\" \/>\n<script type=\"application\/ld+json\" class=\"yoast-schema-graph\">{\"@context\":\"https:\\\/\\\/schema.org\",\"@graph\":[{\"@type\":\"Article\",\"@id\":\"https:\\\/\\\/www.organisator.ch\\\/weiterbildung\\\/2024-05-15\\\/hwz-sunnie-groeneveld-wird-direktorin-des-institute-for-digital-business\\\/#article\",\"isPartOf\":{\"@id\":\"https:\\\/\\\/www.organisator.ch\\\/weiterbildung\\\/2024-05-15\\\/hwz-sunnie-groeneveld-wird-direktorin-des-institute-for-digital-business\\\/\"},\"author\":{\"name\":\"thomas.berner\",\"@id\":\"https:\\\/\\\/www.organisator.ch\\\/#\\\/schema\\\/person\\\/6f650f90b2842cd4c0cc334b4e36f67e\"},\"headline\":\"HWZ: Sunnie Groeneveld wird Direktorin des Institute for Digital Business\",\"datePublished\":\"2024-05-15T07:05:28+00:00\",\"mainEntityOfPage\":{\"@id\":\"https:\\\/\\\/www.organisator.ch\\\/weiterbildung\\\/2024-05-15\\\/hwz-sunnie-groeneveld-wird-direktorin-des-institute-for-digital-business\\\/\"},\"wordCount\":378,\"publisher\":{\"@id\":\"https:\\\/\\\/www.organisator.ch\\\/#organization\"},\"image\":{\"@id\":\"https:\\\/\\\/www.organisator.ch\\\/weiterbildung\\\/2024-05-15\\\/hwz-sunnie-groeneveld-wird-direktorin-des-institute-for-digital-business\\\/#primaryimage\"},\"thumbnailUrl\":\"https:\\\/\\\/www.organisator.ch\\\/wp-content\\\/uploads\\\/2024\\\/05\\\/HWZ-Sunnie-Groeneveld-wird-Direktorin-des-Institute-for-Digital-Business_Organisator.jpg\",\"keywords\":[\"Aus-\\\/Weiterbildung\",\"Digitalisierung\",\"Management und Unternehmensf\u00fchrung\",\"Personalia\"],\"articleSection\":[\"WEITERBILDUNG\"],\"inLanguage\":\"fr-FR\"},{\"@type\":\"WebPage\",\"@id\":\"https:\\\/\\\/www.organisator.ch\\\/weiterbildung\\\/2024-05-15\\\/hwz-sunnie-groeneveld-wird-direktorin-des-institute-for-digital-business\\\/\",\"url\":\"https:\\\/\\\/www.organisator.ch\\\/weiterbildung\\\/2024-05-15\\\/hwz-sunnie-groeneveld-wird-direktorin-des-institute-for-digital-business\\\/\",\"name\":\"HWZ: Sunnie Groeneveld wird Direktorin des Institute for Digital Business - Organisator\",\"isPartOf\":{\"@id\":\"https:\\\/\\\/www.organisator.ch\\\/#website\"},\"primaryImageOfPage\":{\"@id\":\"https:\\\/\\\/www.organisator.ch\\\/weiterbildung\\\/2024-05-15\\\/hwz-sunnie-groeneveld-wird-direktorin-des-institute-for-digital-business\\\/#primaryimage\"},\"image\":{\"@id\":\"https:\\\/\\\/www.organisator.ch\\\/weiterbildung\\\/2024-05-15\\\/hwz-sunnie-groeneveld-wird-direktorin-des-institute-for-digital-business\\\/#primaryimage\"},\"thumbnailUrl\":\"https:\\\/\\\/www.organisator.ch\\\/wp-content\\\/uploads\\\/2024\\\/05\\\/HWZ-Sunnie-Groeneveld-wird-Direktorin-des-Institute-for-Digital-Business_Organisator.jpg\",\"datePublished\":\"2024-05-15T07:05:28+00:00\",\"description\":\"Die HWZ hat die Ernennung von Sunnie Groeneveld zur neuen Direktorin des Institute for Digital Business bekanntgegeben.\",\"breadcrumb\":{\"@id\":\"https:\\\/\\\/www.organisator.ch\\\/weiterbildung\\\/2024-05-15\\\/hwz-sunnie-groeneveld-wird-direktorin-des-institute-for-digital-business\\\/#breadcrumb\"},\"inLanguage\":\"fr-FR\",\"potentialAction\":[{\"@type\":\"ReadAction\",\"target\":[\"https:\\\/\\\/www.organisator.ch\\\/weiterbildung\\\/2024-05-15\\\/hwz-sunnie-groeneveld-wird-direktorin-des-institute-for-digital-business\\\/\"]}]},{\"@type\":\"ImageObject\",\"inLanguage\":\"fr-FR\",\"@id\":\"https:\\\/\\\/www.organisator.ch\\\/weiterbildung\\\/2024-05-15\\\/hwz-sunnie-groeneveld-wird-direktorin-des-institute-for-digital-business\\\/#primaryimage\",\"url\":\"https:\\\/\\\/www.organisator.ch\\\/wp-content\\\/uploads\\\/2024\\\/05\\\/HWZ-Sunnie-Groeneveld-wird-Direktorin-des-Institute-for-Digital-Business_Organisator.jpg\",\"contentUrl\":\"https:\\\/\\\/www.organisator.ch\\\/wp-content\\\/uploads\\\/2024\\\/05\\\/HWZ-Sunnie-Groeneveld-wird-Direktorin-des-Institute-for-Digital-Business_Organisator.jpg\",\"width\":680,\"height\":454,\"caption\":\"Sunnie Groeneveld, neue Direktorin des Institute for Digital Business an der HWZ. (Bild: HWZ)\"},{\"@type\":\"BreadcrumbList\",\"@id\":\"https:\\\/\\\/www.organisator.ch\\\/weiterbildung\\\/2024-05-15\\\/hwz-sunnie-groeneveld-wird-direktorin-des-institute-for-digital-business\\\/#breadcrumb\",\"itemListElement\":[{\"@type\":\"ListItem\",\"position\":1,\"name\":\"Home\",\"item\":\"https:\\\/\\\/www.organisator.ch\\\/\"},{\"@type\":\"ListItem\",\"position\":2,\"name\":\"HWZ: Sunnie Groeneveld wird Direktorin des Institute for Digital Business\"}]},{\"@type\":\"WebSite\",\"@id\":\"https:\\\/\\\/www.organisator.ch\\\/#website\",\"url\":\"https:\\\/\\\/www.organisator.ch\\\/\",\"name\":\"Organisator\",\"description\":\"Kompetent. Praxisnah. Der ORGANISATOR bereitet in 10 Ausgaben pro Jahr die wesentlichen Themen f\u00fcr F\u00fchrungskr\u00e4fte von KMU auf.\",\"publisher\":{\"@id\":\"https:\\\/\\\/www.organisator.ch\\\/#organization\"},\"potentialAction\":[{\"@type\":\"SearchAction\",\"target\":{\"@type\":\"EntryPoint\",\"urlTemplate\":\"https:\\\/\\\/www.organisator.ch\\\/?s={search_term_string}\"},\"query-input\":{\"@type\":\"PropertyValueSpecification\",\"valueRequired\":true,\"valueName\":\"search_term_string\"}}],\"inLanguage\":\"fr-FR\"},{\"@type\":\"Organization\",\"@id\":\"https:\\\/\\\/www.organisator.ch\\\/#organization\",\"name\":\"Organisator\",\"url\":\"https:\\\/\\\/www.organisator.ch\\\/\",\"logo\":{\"@type\":\"ImageObject\",\"inLanguage\":\"fr-FR\",\"@id\":\"https:\\\/\\\/www.organisator.ch\\\/#\\\/schema\\\/logo\\\/image\\\/\",\"url\":\"https:\\\/\\\/www.organisator.ch\\\/wp-content\\\/uploads\\\/2022\\\/01\\\/Logo_Organisator_Website.png\",\"contentUrl\":\"https:\\\/\\\/www.organisator.ch\\\/wp-content\\\/uploads\\\/2022\\\/01\\\/Logo_Organisator_Website.png\",\"width\":800,\"height\":77,\"caption\":\"Organisator\"},\"image\":{\"@id\":\"https:\\\/\\\/www.organisator.ch\\\/#\\\/schema\\\/logo\\\/image\\\/\"},\"sameAs\":[\"https:\\\/\\\/www.facebook.com\\\/OrganisatorFachmagazin\",\"https:\\\/\\\/www.linkedin.com\\\/showcase\\\/organisator-das-magazin-fr-kmu\",\"https:\\\/\\\/www.xing.com\\\/news\\\/pages\\\/organisator-ch-695\",\"https:\\\/\\\/www.youtube.com\\\/channel\\\/UCGP2Sq0iWaZwT3BdIAQFYpw\"]},{\"@type\":\"Person\",\"@id\":\"https:\\\/\\\/www.organisator.ch\\\/#\\\/schema\\\/person\\\/6f650f90b2842cd4c0cc334b4e36f67e\",\"name\":\"thomas.berner\",\"image\":{\"@type\":\"ImageObject\",\"inLanguage\":\"fr-FR\",\"@id\":\"https:\\\/\\\/secure.gravatar.com\\\/avatar\\\/ac5001d2a36cb6c6cd3e50789007ffca834b477b74a2144564522e944eabff61?s=96&d=mm&r=g\",\"url\":\"https:\\\/\\\/secure.gravatar.com\\\/avatar\\\/ac5001d2a36cb6c6cd3e50789007ffca834b477b74a2144564522e944eabff61?s=96&d=mm&r=g\",\"contentUrl\":\"https:\\\/\\\/secure.gravatar.com\\\/avatar\\\/ac5001d2a36cb6c6cd3e50789007ffca834b477b74a2144564522e944eabff61?s=96&d=mm&r=g\",\"caption\":\"thomas.berner\"},\"url\":\"https:\\\/\\\/www.organisator.ch\\\/fr\\\/author\\\/thomas-berner\\\/\"}]}<\/script>\n<!-- \/ Yoast SEO plugin. -->","yoast_head_json":{"title":"HWZ : Sunnie Groeneveld devient directrice de l'Institute for Digital Business - Organisateur","description":"La HWZ a annonc\u00e9 la nomination de Sunnie Groeneveld au poste de directrice de l'Institute for Digital Business.","robots":{"index":"index","follow":"follow","max-snippet":"max-snippet:-1","max-image-preview":"max-image-preview:large","max-video-preview":"max-video-preview:-1"},"canonical":"https:\/\/www.organisator.ch\/fr\/formation-continue-2\/2024-05-15\/hwz-sunnie-groeneveld-wird-direktorin-des-institute-for-digital-business\/","og_locale":"fr_FR","og_type":"article","og_title":"HWZ: Sunnie Groeneveld wird Direktorin des Institute for Digital Business","og_description":"Die HWZ hat die Ernennung von Sunnie Groeneveld zur neuen Direktorin des Institute for Digital Business bekanntgegeben.","og_url":"https:\/\/www.organisator.ch\/fr\/formation-continue-2\/2024-05-15\/hwz-sunnie-groeneveld-wird-direktorin-des-institute-for-digital-business\/","og_site_name":"Organisator","article_publisher":"https:\/\/www.facebook.com\/OrganisatorFachmagazin","article_published_time":"2024-05-15T07:05:28+00:00","og_image":[{"width":680,"height":454,"url":"https:\/\/www.organisator.ch\/wp-content\/uploads\/2024\/05\/HWZ-Sunnie-Groeneveld-wird-Direktorin-des-Institute-for-Digital-Business_Organisator.jpg","type":"image\/jpeg"}],"author":"thomas.berner","twitter_card":"summary_large_image","twitter_title":"#HWZ: Sunnie #Groeneveld wird #Direktorin des Institute for Digital Business","twitter_description":"Die #HWZ hat die Ernennung von Sunnie #Groeneveld zur neuen Direktorin des Institute for Digital Business bekanntgegeben.","twitter_image":"https:\/\/www.organisator.ch\/wp-content\/uploads\/2024\/05\/HWZ-Sunnie-Groeneveld-wird-Direktorin-des-Institute-for-Digital-Business_Organisator.jpg","schema":{"@context":"https:\/\/schema.org","@graph":[{"@type":"Article","@id":"https:\/\/www.organisator.ch\/weiterbildung\/2024-05-15\/hwz-sunnie-groeneveld-wird-direktorin-des-institute-for-digital-business\/#article","isPartOf":{"@id":"https:\/\/www.organisator.ch\/weiterbildung\/2024-05-15\/hwz-sunnie-groeneveld-wird-direktorin-des-institute-for-digital-business\/"},"author":{"name":"thomas.berner","@id":"https:\/\/www.organisator.ch\/#\/schema\/person\/6f650f90b2842cd4c0cc334b4e36f67e"},"headline":"HWZ: Sunnie Groeneveld wird Direktorin des Institute for Digital Business","datePublished":"2024-05-15T07:05:28+00:00","mainEntityOfPage":{"@id":"https:\/\/www.organisator.ch\/weiterbildung\/2024-05-15\/hwz-sunnie-groeneveld-wird-direktorin-des-institute-for-digital-business\/"},"wordCount":378,"publisher":{"@id":"https:\/\/www.organisator.ch\/#organization"},"image":{"@id":"https:\/\/www.organisator.ch\/weiterbildung\/2024-05-15\/hwz-sunnie-groeneveld-wird-direktorin-des-institute-for-digital-business\/#primaryimage"},"thumbnailUrl":"https:\/\/www.organisator.ch\/wp-content\/uploads\/2024\/05\/HWZ-Sunnie-Groeneveld-wird-Direktorin-des-Institute-for-Digital-Business_Organisator.jpg","keywords":["Aus-\/Weiterbildung","Digitalisierung","Management und Unternehmensf\u00fchrung","Personalia"],"articleSection":["WEITERBILDUNG"],"inLanguage":"fr-FR"},{"@type":"WebPage","@id":"https:\/\/www.organisator.ch\/weiterbildung\/2024-05-15\/hwz-sunnie-groeneveld-wird-direktorin-des-institute-for-digital-business\/","url":"https:\/\/www.organisator.ch\/weiterbildung\/2024-05-15\/hwz-sunnie-groeneveld-wird-direktorin-des-institute-for-digital-business\/","name":"HWZ : Sunnie Groeneveld devient directrice de l'Institute for Digital Business - Organisateur","isPartOf":{"@id":"https:\/\/www.organisator.ch\/#website"},"primaryImageOfPage":{"@id":"https:\/\/www.organisator.ch\/weiterbildung\/2024-05-15\/hwz-sunnie-groeneveld-wird-direktorin-des-institute-for-digital-business\/#primaryimage"},"image":{"@id":"https:\/\/www.organisator.ch\/weiterbildung\/2024-05-15\/hwz-sunnie-groeneveld-wird-direktorin-des-institute-for-digital-business\/#primaryimage"},"thumbnailUrl":"https:\/\/www.organisator.ch\/wp-content\/uploads\/2024\/05\/HWZ-Sunnie-Groeneveld-wird-Direktorin-des-Institute-for-Digital-Business_Organisator.jpg","datePublished":"2024-05-15T07:05:28+00:00","description":"La HWZ a annonc\u00e9 la nomination de Sunnie Groeneveld au poste de directrice de l'Institute for Digital Business.","breadcrumb":{"@id":"https:\/\/www.organisator.ch\/weiterbildung\/2024-05-15\/hwz-sunnie-groeneveld-wird-direktorin-des-institute-for-digital-business\/#breadcrumb"},"inLanguage":"fr-FR","potentialAction":[{"@type":"ReadAction","target":["https:\/\/www.organisator.ch\/weiterbildung\/2024-05-15\/hwz-sunnie-groeneveld-wird-direktorin-des-institute-for-digital-business\/"]}]},{"@type":"ImageObject","inLanguage":"fr-FR","@id":"https:\/\/www.organisator.ch\/weiterbildung\/2024-05-15\/hwz-sunnie-groeneveld-wird-direktorin-des-institute-for-digital-business\/#primaryimage","url":"https:\/\/www.organisator.ch\/wp-content\/uploads\/2024\/05\/HWZ-Sunnie-Groeneveld-wird-Direktorin-des-Institute-for-Digital-Business_Organisator.jpg","contentUrl":"https:\/\/www.organisator.ch\/wp-content\/uploads\/2024\/05\/HWZ-Sunnie-Groeneveld-wird-Direktorin-des-Institute-for-Digital-Business_Organisator.jpg","width":680,"height":454,"caption":"Sunnie Groeneveld, neue Direktorin des Institute for Digital Business an der HWZ. (Bild: HWZ)"},{"@type":"BreadcrumbList","@id":"https:\/\/www.organisator.ch\/weiterbildung\/2024-05-15\/hwz-sunnie-groeneveld-wird-direktorin-des-institute-for-digital-business\/#breadcrumb","itemListElement":[{"@type":"ListItem","position":1,"name":"Home","item":"https:\/\/www.organisator.ch\/"},{"@type":"ListItem","position":2,"name":"HWZ: Sunnie Groeneveld wird Direktorin des Institute for Digital Business"}]},{"@type":"WebSite","@id":"https:\/\/www.organisator.ch\/#website","url":"https:\/\/www.organisator.ch\/","name":"Organisateur","description":"Comp\u00e9tence et comp\u00e9tence. Proches de la pratique. L'ORGANISATEUR pr\u00e9pare 10 num\u00e9ros par an sur les th\u00e8mes essentiels pour les dirigeants de PME.","publisher":{"@id":"https:\/\/www.organisator.ch\/#organization"},"potentialAction":[{"@type":"SearchAction","target":{"@type":"EntryPoint","urlTemplate":"https:\/\/www.organisator.ch\/?s={search_term_string}"},"query-input":{"@type":"PropertyValueSpecification","valueRequired":true,"valueName":"search_term_string"}}],"inLanguage":"fr-FR"},{"@type":"Organization","@id":"https:\/\/www.organisator.ch\/#organization","name":"Organisateur","url":"https:\/\/www.organisator.ch\/","logo":{"@type":"ImageObject","inLanguage":"fr-FR","@id":"https:\/\/www.organisator.ch\/#\/schema\/logo\/image\/","url":"https:\/\/www.organisator.ch\/wp-content\/uploads\/2022\/01\/Logo_Organisator_Website.png","contentUrl":"https:\/\/www.organisator.ch\/wp-content\/uploads\/2022\/01\/Logo_Organisator_Website.png","width":800,"height":77,"caption":"Organisator"},"image":{"@id":"https:\/\/www.organisator.ch\/#\/schema\/logo\/image\/"},"sameAs":["https:\/\/www.facebook.com\/OrganisatorFachmagazin","https:\/\/www.linkedin.com\/showcase\/organisator-das-magazin-fr-kmu","https:\/\/www.xing.com\/news\/pages\/organisator-ch-695","https:\/\/www.youtube.com\/channel\/UCGP2Sq0iWaZwT3BdIAQFYpw"]},{"@type":"Person","@id":"https:\/\/www.organisator.ch\/#\/schema\/person\/6f650f90b2842cd4c0cc334b4e36f67e","name":"thomas.berner","image":{"@type":"ImageObject","inLanguage":"fr-FR","@id":"https:\/\/secure.gravatar.com\/avatar\/ac5001d2a36cb6c6cd3e50789007ffca834b477b74a2144564522e944eabff61?s=96&d=mm&r=g","url":"https:\/\/secure.gravatar.com\/avatar\/ac5001d2a36cb6c6cd3e50789007ffca834b477b74a2144564522e944eabff61?s=96&d=mm&r=g","contentUrl":"https:\/\/secure.gravatar.com\/avatar\/ac5001d2a36cb6c6cd3e50789007ffca834b477b74a2144564522e944eabff61?s=96&d=mm&r=g","caption":"thomas.berner"},"url":"https:\/\/www.organisator.ch\/fr\/author\/thomas-berner\/"}]}},"_links":{"self":[{"href":"https:\/\/www.organisator.ch\/fr\/wp-json\/wp\/v2\/posts\/27101","targetHints":{"allow":["GET"]}}],"collection":[{"href":"https:\/\/www.organisator.ch\/fr\/wp-json\/wp\/v2\/posts"}],"about":[{"href":"https:\/\/www.organisator.ch\/fr\/wp-json\/wp\/v2\/types\/post"}],"author":[{"embeddable":true,"href":"https:\/\/www.organisator.ch\/fr\/wp-json\/wp\/v2\/users\/4"}],"replies":[{"embeddable":true,"href":"https:\/\/www.organisator.ch\/fr\/wp-json\/wp\/v2\/comments?post=27101"}],"version-history":[{"count":3,"href":"https:\/\/www.organisator.ch\/fr\/wp-json\/wp\/v2\/posts\/27101\/revisions"}],"predecessor-version":[{"id":27120,"href":"https:\/\/www.organisator.ch\/fr\/wp-json\/wp\/v2\/posts\/27101\/revisions\/27120"}],"wp:featuredmedia":[{"embeddable":true,"href":"https:\/\/www.organisator.ch\/fr\/wp-json\/wp\/v2\/media\/27102"}],"wp:attachment":[{"href":"https:\/\/www.organisator.ch\/fr\/wp-json\/wp\/v2\/media?parent=27101"}],"wp:term":[{"taxonomy":"category","embeddable":true,"href":"https:\/\/www.organisator.ch\/fr\/wp-json\/wp\/v2\/categories?post=27101"},{"taxonomy":"post_tag","embeddable":true,"href":"https:\/\/www.organisator.ch\/fr\/wp-json\/wp\/v2\/tags?post=27101"}],"curies":[{"name":"wp","href":"https:\/\/api.w.org\/{rel}","templated":true}]}}