{"id":2714,"date":"2020-01-07T18:07:39","date_gmt":"2020-01-07T17:07:39","guid":{"rendered":"https:\/\/www.umweltperspektiven.ch\/?p=2714"},"modified":"2022-02-09T11:10:01","modified_gmt":"2022-02-09T10:10:01","slug":"ifat-environmental-leadership-award","status":"publish","type":"post","link":"https:\/\/www.organisator.ch\/fr\/sustainability\/2020-01-07\/ifat-environmental-leadership-award\/","title":{"rendered":"IFAT Environmental Leadership Award"},"content":{"rendered":"<p>&nbsp;<\/p>\n<figure id=\"attachment_2715\" aria-describedby=\"caption-attachment-2715\" style=\"width: 680px\" class=\"wp-caption alignnone\"><img loading=\"lazy\" decoding=\"async\" class=\"size-medium wp-image-2715\" src=\"\/\/www.umweltperspektiven.ch\/wp-content\/uploads\/2020\/01\/image-factory.media_.messe-muenchen.jpg\" alt=\"\" width=\"680\" height=\"453\" \/><figcaption id=\"caption-attachment-2715\" class=\"wp-caption-text\">Le r\u00f4le de salon leader mondial signifie aussi prendre ses responsabilit\u00e9s. (Image_Copyright : IFAT)<\/figcaption><\/figure>\n<p>L'IFAT Environmental Leadership Award ne sera d\u00e9cern\u00e9 qu'au d\u00e9but du mois de mai 2020. Des technologies visionnaires et des solutions intelligentes de gestion de l'eau, des eaux us\u00e9es, des d\u00e9chets et des mati\u00e8res premi\u00e8res seront pr\u00e9sent\u00e9es \u00e0 l'IFAT. Les innovations des exposants apportent une contribution d\u00e9cisive \u00e0 une \u00e9conomie circulaire durable. Les exposants participant \u00e0 l'IFAT peuvent encore poser leur candidature.<\/p>\n<p>Le concept global d'une pr\u00e9sence durable au salon sera \u00e9valu\u00e9 par un jury pr\u00e9sid\u00e9 par le professeur Martin Faulstich, professeur de technologie environnementale et \u00e9nerg\u00e9tique \u00e0 l'Universit\u00e9 technique de Clausthal, directeur de l'INZIN - Institut pour l'avenir de la soci\u00e9t\u00e9 industrielle e.V. et ancien pr\u00e9sident du Conseil d'experts pour les questions environnementales.<\/p>\n<div>\n<div>\n<div>\n<p>R\u00e9jouissez-vous d'une remise de prix tr\u00e8s m\u00e9diatis\u00e9e et laissez-vous c\u00e9l\u00e9brer pour votre pr\u00e9sence respectueuse de l'environnement sur le salon ! En \u00e9tant honor\u00e9, vous commencerez la journ\u00e9e du salon comme un mod\u00e8le et un exposant hautement d\u00e9cor\u00e9.<\/p>\n<\/div>\n<\/div>\n<\/div>\n<p><strong>Qui peut participer ?<\/strong><\/p>\n<div>\n<div>\n<div>\n<div>\n<div>\n<ul>\n<li>Tous les exposants principaux<\/li>\n<li>Tous les organisateurs de stands collectifs de l'IFAT 2020<\/li>\n<\/ul>\n<\/div>\n<\/div>\n<\/div>\n<\/div>\n<\/div>\n<p>Le prix et la r\u00e9compense du concept de salon le plus durable seront\u00a0<strong>dans le cadre de la c\u00e9r\u00e9monie d'ouverture de l'IFAT le 4 mai 2020<\/strong>\u00a0a \u00e9t\u00e9 faite. Parmi toutes les participations, nous nommerons dix concepts durables, dont trois seront retenus pour la finale.<\/p>\n<p><strong>Salon mondial du d\u00e9veloppement durable\u00a0<\/strong><\/p>\n<div>\n<div>\n<div>\n<div>\n<p>Le r\u00f4le de salon leader mondial implique \u00e9galement d'assumer des responsabilit\u00e9s. Cela va du choix des mat\u00e9riaux, de la gestion des d\u00e9chets \u00e0 la motivation des exposants et des visiteurs.<\/p>\n<p>La contribution de la foire de Munich :<\/p>\n<\/div>\n<\/div>\n<\/div>\n<div>\n<div>\n<div>\n<div>\n<div>\n<ul>\n<li>2.500 arbres sur le parc des expositions pour compenser les \u00e9missions de CO2<\/li>\n<li>35 000 m2 de toits de halls v\u00e9g\u00e9talis\u00e9s<\/li>\n<li>Une des plus grandes installations photovolta\u00efques sur toiture au monde pour produire de l'\u00e9lectricit\u00e9 respectueuse de l'environnement<\/li>\n<li>R\u00e9cup\u00e9ration d'une grande partie de la chaleur pour les halls d'exposition gr\u00e2ce \u00e0 la g\u00e9othermie<\/li>\n<li>Passage \u00e0 l'\u00e9lectricit\u00e9 verte 100% \u00e0 partir de 2020<\/li>\n<li>Alimentation du lac de foire en eau de pluie et en eau souterraine<\/li>\n<li>Implantation de colonies d'abeilles sur le parc des expositions<\/li>\n<li>Tr\u00e8s bonne desserte du parc des expositions par les transports en commun<\/li>\n<li>50 places de parking avec bornes de recharge \u00e9lectrique<\/li>\n<\/ul>\n<p>\"Notre action future repose sur le fondement de la durabilit\u00e9. Ce n'est pas seulement un projet, c'est notre attitude. Elle doit \u00eatre la base de nos d\u00e9cisions et de nos actions\", estime Philipp Eisenmann, chef de projet IFAT.<\/p>\n<footer><\/footer>\n<\/div>\n<\/div>\n<footer><a href=\"\/\/www.ifat.de\">http:\/\/www.ifat.de<\/a><\/footer>\n<\/div>\n<\/div>\n<\/div>\n<\/div>","protected":false},"excerpt":{"rendered":"<p>&nbsp; Der IFAT Environmental Leadership Award wird erst anfangs Mai 2020 verliehen. Auf der IFAT werden vision\u00e4re Technologien und intelligente L\u00f6sungen der Wasser-, Abwasser-, Abfall- und Rohstoffwirtschaft pr\u00e4sentiert. Die Innovationen der Aussteller liefern einen entscheidenden Beitrag f\u00fcr nachhaltige Kreislaufwirtschaft.\u00a0Die beteiligten Aussteller an der IFAT k\u00f6nnen sich noch bewerben. Das Gesamtkonzept eines nachhaltigen Messeauftritts wird durch [&hellip;]<\/p>\n","protected":false},"author":5,"featured_media":9667,"comment_status":"closed","ping_status":"closed","sticky":false,"template":"","format":"standard","meta":{"_acf_changed":false,"_yoast_wpseo_focuskw":"IFAT Environmental Leadership Award","_yoast_wpseo_metadesc":"Werden Sie zum Preistr\u00e4ger des IFAT Environmental Leadership Award. Die Weltleitmesse steht ganz im Zeichen der Nachhaltigkeit.","articlekey":"","footnotes":""},"categories":[580],"tags":[65,1392,320,502,2548],"class_list":["post-2714","post","type-post","status-publish","format-standard","has-post-thumbnail","hentry","category-sustainability","tag-award","tag-ifat","tag-leadership","tag-veranstaltungen","tag-weltleitmesse"],"acf":[],"yoast_head":"<!-- This site is optimized with the Yoast SEO plugin v27.4 - https:\/\/yoast.com\/product\/yoast-seo-wordpress\/ -->\n<title>IFAT Environmental Leadership Award - Organisator<\/title>\n<meta name=\"description\" content=\"Werden Sie zum Preistr\u00e4ger des IFAT Environmental Leadership Award. Die Weltleitmesse steht ganz im Zeichen der Nachhaltigkeit.\" \/>\n<meta name=\"robots\" content=\"index, follow, max-snippet:-1, max-image-preview:large, max-video-preview:-1\" \/>\n<link rel=\"canonical\" href=\"https:\/\/www.organisator.ch\/fr\/sustainability\/2020-01-07\/ifat-environmental-leadership-award\/\" \/>\n<meta property=\"og:locale\" content=\"fr_FR\" \/>\n<meta property=\"og:type\" content=\"article\" \/>\n<meta property=\"og:title\" content=\"IFAT Environmental Leadership Award - Organisator\" \/>\n<meta property=\"og:description\" content=\"Werden Sie zum Preistr\u00e4ger des IFAT Environmental Leadership Award. Die Weltleitmesse steht ganz im Zeichen der Nachhaltigkeit.\" \/>\n<meta property=\"og:url\" content=\"https:\/\/www.organisator.ch\/fr\/sustainability\/2020-01-07\/ifat-environmental-leadership-award\/\" \/>\n<meta property=\"og:site_name\" content=\"Organisator\" \/>\n<meta property=\"article:publisher\" content=\"https:\/\/www.facebook.com\/OrganisatorFachmagazin\" \/>\n<meta property=\"article:published_time\" content=\"2020-01-07T17:07:39+00:00\" \/>\n<meta property=\"article:modified_time\" content=\"2022-02-09T10:10:01+00:00\" \/>\n<meta property=\"og:image\" content=\"https:\/\/www.organisator.ch\/wp-content\/uploads\/2020\/01\/image-factory.media_.messe-muenchen.jpg\" \/>\n\t<meta property=\"og:image:width\" content=\"1200\" \/>\n\t<meta property=\"og:image:height\" content=\"799\" \/>\n\t<meta property=\"og:image:type\" content=\"image\/jpeg\" \/>\n<meta name=\"author\" content=\"michael.merz\" \/>\n<meta name=\"twitter:card\" content=\"summary_large_image\" \/>\n<script type=\"application\/ld+json\" class=\"yoast-schema-graph\">{\"@context\":\"https:\\\/\\\/schema.org\",\"@graph\":[{\"@type\":\"Article\",\"@id\":\"https:\\\/\\\/www.organisator.ch\\\/sustainability\\\/2020-01-07\\\/ifat-environmental-leadership-award\\\/#article\",\"isPartOf\":{\"@id\":\"https:\\\/\\\/www.organisator.ch\\\/sustainability\\\/2020-01-07\\\/ifat-environmental-leadership-award\\\/\"},\"author\":{\"name\":\"michael.merz\",\"@id\":\"https:\\\/\\\/www.organisator.ch\\\/#\\\/schema\\\/person\\\/134708ca9321c57b0362cceb7948ffbd\"},\"headline\":\"IFAT Environmental Leadership Award\",\"datePublished\":\"2020-01-07T17:07:39+00:00\",\"dateModified\":\"2022-02-09T10:10:01+00:00\",\"mainEntityOfPage\":{\"@id\":\"https:\\\/\\\/www.organisator.ch\\\/sustainability\\\/2020-01-07\\\/ifat-environmental-leadership-award\\\/\"},\"wordCount\":350,\"publisher\":{\"@id\":\"https:\\\/\\\/www.organisator.ch\\\/#organization\"},\"image\":{\"@id\":\"https:\\\/\\\/www.organisator.ch\\\/sustainability\\\/2020-01-07\\\/ifat-environmental-leadership-award\\\/#primaryimage\"},\"thumbnailUrl\":\"https:\\\/\\\/www.organisator.ch\\\/wp-content\\\/uploads\\\/2020\\\/01\\\/image-factory.media_.messe-muenchen.jpg\",\"keywords\":[\"Award\",\"IFAT\",\"Leadership\",\"Veranstaltungen\",\"Weltleitmesse\"],\"articleSection\":[\"SUSTAINABILITY\"],\"inLanguage\":\"fr-FR\"},{\"@type\":\"WebPage\",\"@id\":\"https:\\\/\\\/www.organisator.ch\\\/sustainability\\\/2020-01-07\\\/ifat-environmental-leadership-award\\\/\",\"url\":\"https:\\\/\\\/www.organisator.ch\\\/sustainability\\\/2020-01-07\\\/ifat-environmental-leadership-award\\\/\",\"name\":\"IFAT Environmental Leadership Award - Organisator\",\"isPartOf\":{\"@id\":\"https:\\\/\\\/www.organisator.ch\\\/#website\"},\"primaryImageOfPage\":{\"@id\":\"https:\\\/\\\/www.organisator.ch\\\/sustainability\\\/2020-01-07\\\/ifat-environmental-leadership-award\\\/#primaryimage\"},\"image\":{\"@id\":\"https:\\\/\\\/www.organisator.ch\\\/sustainability\\\/2020-01-07\\\/ifat-environmental-leadership-award\\\/#primaryimage\"},\"thumbnailUrl\":\"https:\\\/\\\/www.organisator.ch\\\/wp-content\\\/uploads\\\/2020\\\/01\\\/image-factory.media_.messe-muenchen.jpg\",\"datePublished\":\"2020-01-07T17:07:39+00:00\",\"dateModified\":\"2022-02-09T10:10:01+00:00\",\"description\":\"Werden Sie zum Preistr\u00e4ger des IFAT Environmental Leadership Award. Die Weltleitmesse steht ganz im Zeichen der Nachhaltigkeit.\",\"breadcrumb\":{\"@id\":\"https:\\\/\\\/www.organisator.ch\\\/sustainability\\\/2020-01-07\\\/ifat-environmental-leadership-award\\\/#breadcrumb\"},\"inLanguage\":\"fr-FR\",\"potentialAction\":[{\"@type\":\"ReadAction\",\"target\":[\"https:\\\/\\\/www.organisator.ch\\\/sustainability\\\/2020-01-07\\\/ifat-environmental-leadership-award\\\/\"]}]},{\"@type\":\"ImageObject\",\"inLanguage\":\"fr-FR\",\"@id\":\"https:\\\/\\\/www.organisator.ch\\\/sustainability\\\/2020-01-07\\\/ifat-environmental-leadership-award\\\/#primaryimage\",\"url\":\"https:\\\/\\\/www.organisator.ch\\\/wp-content\\\/uploads\\\/2020\\\/01\\\/image-factory.media_.messe-muenchen.jpg\",\"contentUrl\":\"https:\\\/\\\/www.organisator.ch\\\/wp-content\\\/uploads\\\/2020\\\/01\\\/image-factory.media_.messe-muenchen.jpg\",\"width\":1200,\"height\":799,\"caption\":\"Die Rolle als Weltleitmesse bedeutet auch, Verantwortung zu \u00fcbernehmen. (Bild_Copyright: IFAT)\"},{\"@type\":\"BreadcrumbList\",\"@id\":\"https:\\\/\\\/www.organisator.ch\\\/sustainability\\\/2020-01-07\\\/ifat-environmental-leadership-award\\\/#breadcrumb\",\"itemListElement\":[{\"@type\":\"ListItem\",\"position\":1,\"name\":\"Home\",\"item\":\"https:\\\/\\\/www.organisator.ch\\\/\"},{\"@type\":\"ListItem\",\"position\":2,\"name\":\"IFAT Environmental Leadership Award\"}]},{\"@type\":\"WebSite\",\"@id\":\"https:\\\/\\\/www.organisator.ch\\\/#website\",\"url\":\"https:\\\/\\\/www.organisator.ch\\\/\",\"name\":\"Organisator\",\"description\":\"Kompetent. Praxisnah. Der ORGANISATOR bereitet in 10 Ausgaben pro Jahr die wesentlichen Themen f\u00fcr F\u00fchrungskr\u00e4fte von KMU auf.\",\"publisher\":{\"@id\":\"https:\\\/\\\/www.organisator.ch\\\/#organization\"},\"potentialAction\":[{\"@type\":\"SearchAction\",\"target\":{\"@type\":\"EntryPoint\",\"urlTemplate\":\"https:\\\/\\\/www.organisator.ch\\\/?s={search_term_string}\"},\"query-input\":{\"@type\":\"PropertyValueSpecification\",\"valueRequired\":true,\"valueName\":\"search_term_string\"}}],\"inLanguage\":\"fr-FR\"},{\"@type\":\"Organization\",\"@id\":\"https:\\\/\\\/www.organisator.ch\\\/#organization\",\"name\":\"Organisator\",\"url\":\"https:\\\/\\\/www.organisator.ch\\\/\",\"logo\":{\"@type\":\"ImageObject\",\"inLanguage\":\"fr-FR\",\"@id\":\"https:\\\/\\\/www.organisator.ch\\\/#\\\/schema\\\/logo\\\/image\\\/\",\"url\":\"https:\\\/\\\/www.organisator.ch\\\/wp-content\\\/uploads\\\/2022\\\/01\\\/Logo_Organisator_Website.png\",\"contentUrl\":\"https:\\\/\\\/www.organisator.ch\\\/wp-content\\\/uploads\\\/2022\\\/01\\\/Logo_Organisator_Website.png\",\"width\":800,\"height\":77,\"caption\":\"Organisator\"},\"image\":{\"@id\":\"https:\\\/\\\/www.organisator.ch\\\/#\\\/schema\\\/logo\\\/image\\\/\"},\"sameAs\":[\"https:\\\/\\\/www.facebook.com\\\/OrganisatorFachmagazin\",\"https:\\\/\\\/www.linkedin.com\\\/showcase\\\/organisator-das-magazin-fr-kmu\",\"https:\\\/\\\/www.xing.com\\\/news\\\/pages\\\/organisator-ch-695\",\"https:\\\/\\\/www.youtube.com\\\/channel\\\/UCGP2Sq0iWaZwT3BdIAQFYpw\"]},{\"@type\":\"Person\",\"@id\":\"https:\\\/\\\/www.organisator.ch\\\/#\\\/schema\\\/person\\\/134708ca9321c57b0362cceb7948ffbd\",\"name\":\"michael.merz\",\"image\":{\"@type\":\"ImageObject\",\"inLanguage\":\"fr-FR\",\"@id\":\"https:\\\/\\\/secure.gravatar.com\\\/avatar\\\/?s=96&d=mm&r=g\",\"url\":\"https:\\\/\\\/secure.gravatar.com\\\/avatar\\\/?s=96&d=mm&r=g\",\"contentUrl\":\"https:\\\/\\\/secure.gravatar.com\\\/avatar\\\/?s=96&d=mm&r=g\",\"caption\":\"michael.merz\"},\"url\":\"https:\\\/\\\/www.organisator.ch\\\/fr\\\/author\\\/michael-merz\\\/\"}]}<\/script>\n<!-- \/ Yoast SEO plugin. -->","yoast_head_json":{"title":"IFAT Environmental Leadership Award - Organisateur","description":"Devenez le laur\u00e9at de l'IFAT Environmental Leadership Award. Le salon leader mondial est enti\u00e8rement plac\u00e9 sous le signe du d\u00e9veloppement durable.","robots":{"index":"index","follow":"follow","max-snippet":"max-snippet:-1","max-image-preview":"max-image-preview:large","max-video-preview":"max-video-preview:-1"},"canonical":"https:\/\/www.organisator.ch\/fr\/sustainability\/2020-01-07\/ifat-environmental-leadership-award\/","og_locale":"fr_FR","og_type":"article","og_title":"IFAT Environmental Leadership Award - Organisator","og_description":"Werden Sie zum Preistr\u00e4ger des IFAT Environmental Leadership Award. Die Weltleitmesse steht ganz im Zeichen der Nachhaltigkeit.","og_url":"https:\/\/www.organisator.ch\/fr\/sustainability\/2020-01-07\/ifat-environmental-leadership-award\/","og_site_name":"Organisator","article_publisher":"https:\/\/www.facebook.com\/OrganisatorFachmagazin","article_published_time":"2020-01-07T17:07:39+00:00","article_modified_time":"2022-02-09T10:10:01+00:00","og_image":[{"width":1200,"height":799,"url":"https:\/\/www.organisator.ch\/wp-content\/uploads\/2020\/01\/image-factory.media_.messe-muenchen.jpg","type":"image\/jpeg"}],"author":"michael.merz","twitter_card":"summary_large_image","schema":{"@context":"https:\/\/schema.org","@graph":[{"@type":"Article","@id":"https:\/\/www.organisator.ch\/sustainability\/2020-01-07\/ifat-environmental-leadership-award\/#article","isPartOf":{"@id":"https:\/\/www.organisator.ch\/sustainability\/2020-01-07\/ifat-environmental-leadership-award\/"},"author":{"name":"michael.merz","@id":"https:\/\/www.organisator.ch\/#\/schema\/person\/134708ca9321c57b0362cceb7948ffbd"},"headline":"IFAT Environmental Leadership Award","datePublished":"2020-01-07T17:07:39+00:00","dateModified":"2022-02-09T10:10:01+00:00","mainEntityOfPage":{"@id":"https:\/\/www.organisator.ch\/sustainability\/2020-01-07\/ifat-environmental-leadership-award\/"},"wordCount":350,"publisher":{"@id":"https:\/\/www.organisator.ch\/#organization"},"image":{"@id":"https:\/\/www.organisator.ch\/sustainability\/2020-01-07\/ifat-environmental-leadership-award\/#primaryimage"},"thumbnailUrl":"https:\/\/www.organisator.ch\/wp-content\/uploads\/2020\/01\/image-factory.media_.messe-muenchen.jpg","keywords":["Award","IFAT","Leadership","Veranstaltungen","Weltleitmesse"],"articleSection":["SUSTAINABILITY"],"inLanguage":"fr-FR"},{"@type":"WebPage","@id":"https:\/\/www.organisator.ch\/sustainability\/2020-01-07\/ifat-environmental-leadership-award\/","url":"https:\/\/www.organisator.ch\/sustainability\/2020-01-07\/ifat-environmental-leadership-award\/","name":"IFAT Environmental Leadership Award - Organisateur","isPartOf":{"@id":"https:\/\/www.organisator.ch\/#website"},"primaryImageOfPage":{"@id":"https:\/\/www.organisator.ch\/sustainability\/2020-01-07\/ifat-environmental-leadership-award\/#primaryimage"},"image":{"@id":"https:\/\/www.organisator.ch\/sustainability\/2020-01-07\/ifat-environmental-leadership-award\/#primaryimage"},"thumbnailUrl":"https:\/\/www.organisator.ch\/wp-content\/uploads\/2020\/01\/image-factory.media_.messe-muenchen.jpg","datePublished":"2020-01-07T17:07:39+00:00","dateModified":"2022-02-09T10:10:01+00:00","description":"Devenez le laur\u00e9at de l'IFAT Environmental Leadership Award. Le salon leader mondial est enti\u00e8rement plac\u00e9 sous le signe du d\u00e9veloppement durable.","breadcrumb":{"@id":"https:\/\/www.organisator.ch\/sustainability\/2020-01-07\/ifat-environmental-leadership-award\/#breadcrumb"},"inLanguage":"fr-FR","potentialAction":[{"@type":"ReadAction","target":["https:\/\/www.organisator.ch\/sustainability\/2020-01-07\/ifat-environmental-leadership-award\/"]}]},{"@type":"ImageObject","inLanguage":"fr-FR","@id":"https:\/\/www.organisator.ch\/sustainability\/2020-01-07\/ifat-environmental-leadership-award\/#primaryimage","url":"https:\/\/www.organisator.ch\/wp-content\/uploads\/2020\/01\/image-factory.media_.messe-muenchen.jpg","contentUrl":"https:\/\/www.organisator.ch\/wp-content\/uploads\/2020\/01\/image-factory.media_.messe-muenchen.jpg","width":1200,"height":799,"caption":"Die Rolle als Weltleitmesse bedeutet auch, Verantwortung zu \u00fcbernehmen. (Bild_Copyright: IFAT)"},{"@type":"BreadcrumbList","@id":"https:\/\/www.organisator.ch\/sustainability\/2020-01-07\/ifat-environmental-leadership-award\/#breadcrumb","itemListElement":[{"@type":"ListItem","position":1,"name":"Home","item":"https:\/\/www.organisator.ch\/"},{"@type":"ListItem","position":2,"name":"IFAT Environmental Leadership Award"}]},{"@type":"WebSite","@id":"https:\/\/www.organisator.ch\/#website","url":"https:\/\/www.organisator.ch\/","name":"Organisateur","description":"Comp\u00e9tence et comp\u00e9tence. Proches de la pratique. L'ORGANISATEUR pr\u00e9pare 10 num\u00e9ros par an sur les th\u00e8mes essentiels pour les dirigeants de PME.","publisher":{"@id":"https:\/\/www.organisator.ch\/#organization"},"potentialAction":[{"@type":"SearchAction","target":{"@type":"EntryPoint","urlTemplate":"https:\/\/www.organisator.ch\/?s={search_term_string}"},"query-input":{"@type":"PropertyValueSpecification","valueRequired":true,"valueName":"search_term_string"}}],"inLanguage":"fr-FR"},{"@type":"Organization","@id":"https:\/\/www.organisator.ch\/#organization","name":"Organisateur","url":"https:\/\/www.organisator.ch\/","logo":{"@type":"ImageObject","inLanguage":"fr-FR","@id":"https:\/\/www.organisator.ch\/#\/schema\/logo\/image\/","url":"https:\/\/www.organisator.ch\/wp-content\/uploads\/2022\/01\/Logo_Organisator_Website.png","contentUrl":"https:\/\/www.organisator.ch\/wp-content\/uploads\/2022\/01\/Logo_Organisator_Website.png","width":800,"height":77,"caption":"Organisator"},"image":{"@id":"https:\/\/www.organisator.ch\/#\/schema\/logo\/image\/"},"sameAs":["https:\/\/www.facebook.com\/OrganisatorFachmagazin","https:\/\/www.linkedin.com\/showcase\/organisator-das-magazin-fr-kmu","https:\/\/www.xing.com\/news\/pages\/organisator-ch-695","https:\/\/www.youtube.com\/channel\/UCGP2Sq0iWaZwT3BdIAQFYpw"]},{"@type":"Person","@id":"https:\/\/www.organisator.ch\/#\/schema\/person\/134708ca9321c57b0362cceb7948ffbd","name":"michael.merz","image":{"@type":"ImageObject","inLanguage":"fr-FR","@id":"https:\/\/secure.gravatar.com\/avatar\/?s=96&d=mm&r=g","url":"https:\/\/secure.gravatar.com\/avatar\/?s=96&d=mm&r=g","contentUrl":"https:\/\/secure.gravatar.com\/avatar\/?s=96&d=mm&r=g","caption":"michael.merz"},"url":"https:\/\/www.organisator.ch\/fr\/author\/michael-merz\/"}]}},"_links":{"self":[{"href":"https:\/\/www.organisator.ch\/fr\/wp-json\/wp\/v2\/posts\/2714","targetHints":{"allow":["GET"]}}],"collection":[{"href":"https:\/\/www.organisator.ch\/fr\/wp-json\/wp\/v2\/posts"}],"about":[{"href":"https:\/\/www.organisator.ch\/fr\/wp-json\/wp\/v2\/types\/post"}],"author":[{"embeddable":true,"href":"https:\/\/www.organisator.ch\/fr\/wp-json\/wp\/v2\/users\/5"}],"replies":[{"embeddable":true,"href":"https:\/\/www.organisator.ch\/fr\/wp-json\/wp\/v2\/comments?post=2714"}],"version-history":[{"count":1,"href":"https:\/\/www.organisator.ch\/fr\/wp-json\/wp\/v2\/posts\/2714\/revisions"}],"predecessor-version":[{"id":10858,"href":"https:\/\/www.organisator.ch\/fr\/wp-json\/wp\/v2\/posts\/2714\/revisions\/10858"}],"wp:featuredmedia":[{"embeddable":true,"href":"https:\/\/www.organisator.ch\/fr\/wp-json\/wp\/v2\/media\/9667"}],"wp:attachment":[{"href":"https:\/\/www.organisator.ch\/fr\/wp-json\/wp\/v2\/media?parent=2714"}],"wp:term":[{"taxonomy":"category","embeddable":true,"href":"https:\/\/www.organisator.ch\/fr\/wp-json\/wp\/v2\/categories?post=2714"},{"taxonomy":"post_tag","embeddable":true,"href":"https:\/\/www.organisator.ch\/fr\/wp-json\/wp\/v2\/tags?post=2714"}],"curies":[{"name":"wp","href":"https:\/\/api.w.org\/{rel}","templated":true}]}}