{"id":27179,"date":"2024-05-21T10:18:48","date_gmt":"2024-05-21T08:18:48","guid":{"rendered":"https:\/\/www.werbewoche.ch\/?p=215268"},"modified":"2024-11-11T05:55:32","modified_gmt":"2024-11-11T04:55:32","slug":"migros-spricht-wegen-konzernumbau-erste-kuendigungen-aus","status":"publish","type":"post","link":"https:\/\/www.organisator.ch\/fr\/marketing\/2024-05-21\/migros-spricht-wegen-konzernumbau-erste-kuendigungen-aus\/","title":{"rendered":"Migros prononce ses premiers licenciements en raison de la restructuration du groupe"},"content":{"rendered":"<p><img class=\"aligncenter wp-image-192354 size-full\" src=\"https:\/\/www.werbewoche.ch\/wp-content\/uploads\/2023\/01\/Migros.jpg\" alt=\"Supermarch\u00e9 Migros\" width=\"1200\" height=\"677\" \/><\/p>\r\n<p>Selon un rapport du portail, Migros avait annonc\u00e9 la suppression de postes chez Supermarkt AG. <em>Inside Paradeplatz<\/em> a d\u00e9j\u00e0 \u00e9t\u00e9 confirm\u00e9 vendredi. Selon le communiqu\u00e9, les collaborateurs du si\u00e8ge principal de Migros \u00e0 la Limmatplatz \u00e0 Zurich sont concern\u00e9s par les suppressions. Ce sont surtout des services administratifs qui y sont install\u00e9s.<\/p>\r\n<p>Toutes les directions de Supermarkt AG sont concern\u00e9es, dont les directions produits frais, food et non-food ainsi que les d\u00e9partements communication marketing, finances, op\u00e9rations, distribution et \u00e9tat-major, a expliqu\u00e9 un porte-parole interrog\u00e9. \"C'est dans le domaine de la communication marketing que le plus grand nombre de postes seront supprim\u00e9s\", a-t-il d\u00e9clar\u00e9. Le personnel des filiales n'est en revanche pas concern\u00e9 par ces mesures.<\/p>\r\n<p>Selon le communiqu\u00e9, les personnes licenci\u00e9es seront soutenues dans leur r\u00e9orientation professionnelle. En outre, comme d\u00e9j\u00e0 communiqu\u00e9, Migros a mis en place un nouveau plan social en vue des licenciements \u00e0 venir au 1er mai. En effet, dans le cadre de la r\u00e9orientation de l'entreprise, quelque 1500 postes de travail seront supprim\u00e9s au total.<\/p>\r\n<h3>Nouvelle structure<\/h3>\r\n<p>La direction de Supermarkt SA, en collaboration avec une \u00e9quipe de projet compos\u00e9e de toutes les directions et de conseillers externes - il s'agit, selon les m\u00e9dias, d'une \u00e9quipe de la soci\u00e9t\u00e9 de conseil McKinsey - a r\u00e9organis\u00e9 la structure organisationnelle. Cette nouvelle structure a \u00e9t\u00e9 approuv\u00e9e par le conseil d'administration de Supermarkt SA et sera mise en place au 1er juillet 2024.<\/p>\r\n<p>L'objectif de cette r\u00e9orientation est de \"simplifier les processus, d'all\u00e9ger les structures et de clarifier les r\u00f4les\". Le contexte est que Migros veut faire des \u00e9conomies sous ses nouveaux chefs Mario Irminger, chef de la F\u00e9d\u00e9ration des coop\u00e9ratives Migros, et Peter Diethelm, chef de Migros Supermarch\u00e9 SA.<\/p>\r\n<p>Dans la foul\u00e9e, la soci\u00e9t\u00e9 veut \u00e9galement vendre plusieurs march\u00e9s sp\u00e9cialis\u00e9s et filiales, dont le distributeur d'\u00e9lectronique Melectronics. La vente se d\u00e9roule \"comme pr\u00e9vu\", selon le porte-parole.<\/p>\r\n<p>Comme l'\u00e9crit Migros dans son dernier communiqu\u00e9 de presse, la vente pr\u00e9vue de Melectronics entra\u00eenera toutefois des changements dans une cinquantaine de grands magasins de supermarch\u00e9s de Migros. \"Il s'agit ici des surfaces de vente Melectronics \u00e0 l'int\u00e9rieur des supermarch\u00e9s Migros, similaires aux formats shop-in-shop\", a d\u00e9clar\u00e9 le porte-parole.<\/p>\r\n<p>A l'avenir, Melectronics ne vendra plus qu'un \"assortiment de base d'articles \u00e9lectroniques\" sur ces sites. Ces surfaces de vente au sein des supermarch\u00e9s Migros ne seraient pas \u00e0 vendre - contrairement aux magasins Melectronics ind\u00e9pendants.<\/p>\r\n<h3>Migros abandonne le Nutri-Score et le service de livraison de repas \u00e0 domicile<\/h3>\r\n<p>Outre les licenciements, diverses autres mesures d'\u00e9conomie sont prises par Migros Supermarch\u00e9 SA. L'une d'entre elles concerne le label alimentaire facultatif Nutri-Score. Migros veut supprimer progressivement le Nutri-Score de ses produits.<\/p>\r\n<p>La raison invoqu\u00e9e par l'entreprise est que le label apporte trop peu et co\u00fbte trop cher. \"Les exp\u00e9riences faites depuis son introduction il y a trois ans ont montr\u00e9 que l'utilit\u00e9 est trop faible par rapport aux co\u00fbts \u00e9lev\u00e9s\", peut-on lire dans le communiqu\u00e9. Migros ne veut toutefois pas chiffrer le montant actuel des co\u00fbts du label. \"Ce que nous pouvons dire, c'est que les co\u00fbts de l'abandon sont nettement inf\u00e9rieurs \u00e0 la poursuite de la conversion et aux \u00e9ventuelles adaptations futures de tous les produits\", explique une porte-parole.<\/p>\r\n<p>Le Nutri-Score est un syst\u00e8me d'\u00e9tiquetage alimentaire utilis\u00e9 dans plusieurs pays d'Europe qui compare, gr\u00e2ce \u00e0 un syst\u00e8me de couleurs et de lettres, les aliments d'une m\u00eame cat\u00e9gorie en fonction de leur \u00e9quilibre. La Conf\u00e9d\u00e9ration soutient cette initiative, qui a \u00e9t\u00e9 d\u00e9velopp\u00e9e par le minist\u00e8re fran\u00e7ais de la Sant\u00e9.<\/p>\r\n<p>Par ailleurs, Migros annonce l'arr\u00eat du service de livraison de repas Foodnow \u00e0 la fin du mois de mai. Lanc\u00e9 en 2020, ce service de livraison est comparable \u00e0 des services comme Eat.ch ou Uber Eats et livre des repas de restaurants aux clients. \"Malgr\u00e9 environ 600 restaurants partenaires, une croissance consid\u00e9rable des commandes et l'extension de la zone de livraison, les objectifs \u00e9conomiques n'ont malheureusement pas pu \u00eatre atteints\", explique Migros pour justifier sa d\u00e9cision d'abandonner Foodnow.<\/p>\r\n<h3>La directrice de Fra\u00eecheur s'en va<\/h3>\r\n<p>L'\u00e9quipe de direction de Migros Supermarch\u00e9 SA conna\u00eet un nouveau d\u00e9part. Sandra St\u00f6ckli, qui dirigeait la direction des produits frais depuis l'\u00e9t\u00e9 dernier et qui \u00e9tait l'adjointe du chef des supermarch\u00e9s Migros Peter Diethelm, quittera ses fonctions \u00e0 la fin juin.<\/p>\r\n<p>Elle quittera ensuite compl\u00e8tement l'entreprise \u00e0 la fin du mois d'ao\u00fbt. Selon le communiqu\u00e9, aucune succession n'est pr\u00e9vue \u00e0 la t\u00eate de la direction des produits frais. En lieu et place, les deux directions Food et Fra\u00eecheur seront d\u00e9sormais r\u00e9unies en une seule direction. La direction combin\u00e9e sera dirig\u00e9e par Miriam Richter, qui est responsable depuis mars du secteur Food &amp; Approvisionnement. <em>(SDA)<\/em><\/p>","protected":false},"excerpt":{"rendered":"<p>Comme annonc\u00e9, la nouvelle soci\u00e9t\u00e9 Migros Supermarch\u00e9 SA supprime ses premiers postes. Mardi, la direction a inform\u00e9 les collaborateurs de ces suppressions par un livestream, comme l'a annonc\u00e9 Migros le m\u00eame jour. Environ 150 collaborateurs perdent leur emploi, 100 autres re\u00e7oivent un cong\u00e9 de modification.<\/p>","protected":false},"author":8,"featured_media":0,"comment_status":"closed","ping_status":"closed","sticky":false,"template":"","format":"standard","meta":{"_acf_changed":false,"_yoast_wpseo_focuskw":"Migros Supermarkt","_yoast_wpseo_metadesc":"Migros Supermarkt AG plant Sparma\u00dfnahmen, Entlassungen und gibt Nutri-Score sowie Essenslieferdienst Foodnow auf.","articlekey":"","footnotes":""},"categories":[29],"tags":[339,1708],"class_list":["post-27179","post","type-post","status-publish","format-standard","hentry","category-marketing","tag-marketing","tag-migros"],"acf":[],"yoast_head":"<!-- This site is optimized with the Yoast SEO plugin v27.5 - https:\/\/yoast.com\/product\/yoast-seo-wordpress\/ -->\n<title>Migros spricht wegen Konzernumbau erste K\u00fcndigungen aus - Organisator<\/title>\n<meta name=\"description\" content=\"Migros Supermarkt AG plant Sparma\u00dfnahmen, Entlassungen und gibt Nutri-Score sowie Essenslieferdienst Foodnow auf.\" \/>\n<meta name=\"robots\" content=\"index, follow, max-snippet:-1, max-image-preview:large, max-video-preview:-1\" \/>\n<link rel=\"canonical\" href=\"https:\/\/www.organisator.ch\/fr\/marketing\/2024-05-21\/migros-spricht-wegen-konzernumbau-erste-kuendigungen-aus\/\" \/>\n<meta property=\"og:locale\" content=\"fr_FR\" \/>\n<meta property=\"og:type\" content=\"article\" \/>\n<meta property=\"og:title\" content=\"Migros spricht wegen Konzernumbau erste K\u00fcndigungen aus - Organisator\" \/>\n<meta property=\"og:description\" content=\"Migros Supermarkt AG plant Sparma\u00dfnahmen, Entlassungen und gibt Nutri-Score sowie Essenslieferdienst Foodnow auf.\" \/>\n<meta property=\"og:url\" content=\"https:\/\/www.organisator.ch\/fr\/marketing\/2024-05-21\/migros-spricht-wegen-konzernumbau-erste-kuendigungen-aus\/\" \/>\n<meta property=\"og:site_name\" content=\"Organisator\" \/>\n<meta property=\"article:publisher\" content=\"https:\/\/www.facebook.com\/OrganisatorFachmagazin\" \/>\n<meta property=\"article:published_time\" content=\"2024-05-21T08:18:48+00:00\" \/>\n<meta property=\"article:modified_time\" content=\"2024-11-11T04:55:32+00:00\" \/>\n<meta property=\"og:image\" content=\"https:\/\/www.werbewoche.ch\/wp-content\/uploads\/2023\/01\/Migros.jpg\" \/>\n<meta name=\"author\" content=\"galledia\" \/>\n<meta name=\"twitter:card\" content=\"summary_large_image\" \/>\n<meta name=\"twitter:creator\" content=\"@admin\" \/>\n<script type=\"application\/ld+json\" class=\"yoast-schema-graph\">{\"@context\":\"https:\\\/\\\/schema.org\",\"@graph\":[{\"@type\":\"Article\",\"@id\":\"https:\\\/\\\/www.organisator.ch\\\/marketing\\\/2024-05-21\\\/migros-spricht-wegen-konzernumbau-erste-kuendigungen-aus\\\/#article\",\"isPartOf\":{\"@id\":\"https:\\\/\\\/www.organisator.ch\\\/marketing\\\/2024-05-21\\\/migros-spricht-wegen-konzernumbau-erste-kuendigungen-aus\\\/\"},\"author\":{\"name\":\"galledia\",\"@id\":\"https:\\\/\\\/www.organisator.ch\\\/#\\\/schema\\\/person\\\/4e51799071cd2dd1232ac003643ef5f0\"},\"headline\":\"Migros spricht wegen Konzernumbau erste K\u00fcndigungen aus\",\"datePublished\":\"2024-05-21T08:18:48+00:00\",\"dateModified\":\"2024-11-11T04:55:32+00:00\",\"mainEntityOfPage\":{\"@id\":\"https:\\\/\\\/www.organisator.ch\\\/marketing\\\/2024-05-21\\\/migros-spricht-wegen-konzernumbau-erste-kuendigungen-aus\\\/\"},\"wordCount\":672,\"publisher\":{\"@id\":\"https:\\\/\\\/www.organisator.ch\\\/#organization\"},\"image\":{\"@id\":\"https:\\\/\\\/www.organisator.ch\\\/marketing\\\/2024-05-21\\\/migros-spricht-wegen-konzernumbau-erste-kuendigungen-aus\\\/#primaryimage\"},\"thumbnailUrl\":\"https:\\\/\\\/www.werbewoche.ch\\\/wp-content\\\/uploads\\\/2023\\\/01\\\/Migros.jpg\",\"keywords\":[\"Marketing\",\"Migros\"],\"articleSection\":[\"MARKETING\"],\"inLanguage\":\"fr-FR\"},{\"@type\":\"WebPage\",\"@id\":\"https:\\\/\\\/www.organisator.ch\\\/marketing\\\/2024-05-21\\\/migros-spricht-wegen-konzernumbau-erste-kuendigungen-aus\\\/\",\"url\":\"https:\\\/\\\/www.organisator.ch\\\/marketing\\\/2024-05-21\\\/migros-spricht-wegen-konzernumbau-erste-kuendigungen-aus\\\/\",\"name\":\"Migros spricht wegen Konzernumbau erste K\u00fcndigungen aus - Organisator\",\"isPartOf\":{\"@id\":\"https:\\\/\\\/www.organisator.ch\\\/#website\"},\"primaryImageOfPage\":{\"@id\":\"https:\\\/\\\/www.organisator.ch\\\/marketing\\\/2024-05-21\\\/migros-spricht-wegen-konzernumbau-erste-kuendigungen-aus\\\/#primaryimage\"},\"image\":{\"@id\":\"https:\\\/\\\/www.organisator.ch\\\/marketing\\\/2024-05-21\\\/migros-spricht-wegen-konzernumbau-erste-kuendigungen-aus\\\/#primaryimage\"},\"thumbnailUrl\":\"https:\\\/\\\/www.werbewoche.ch\\\/wp-content\\\/uploads\\\/2023\\\/01\\\/Migros.jpg\",\"datePublished\":\"2024-05-21T08:18:48+00:00\",\"dateModified\":\"2024-11-11T04:55:32+00:00\",\"description\":\"Migros Supermarkt AG plant Sparma\u00dfnahmen, Entlassungen und gibt Nutri-Score sowie Essenslieferdienst Foodnow auf.\",\"breadcrumb\":{\"@id\":\"https:\\\/\\\/www.organisator.ch\\\/marketing\\\/2024-05-21\\\/migros-spricht-wegen-konzernumbau-erste-kuendigungen-aus\\\/#breadcrumb\"},\"inLanguage\":\"fr-FR\",\"potentialAction\":[{\"@type\":\"ReadAction\",\"target\":[\"https:\\\/\\\/www.organisator.ch\\\/marketing\\\/2024-05-21\\\/migros-spricht-wegen-konzernumbau-erste-kuendigungen-aus\\\/\"]}]},{\"@type\":\"ImageObject\",\"inLanguage\":\"fr-FR\",\"@id\":\"https:\\\/\\\/www.organisator.ch\\\/marketing\\\/2024-05-21\\\/migros-spricht-wegen-konzernumbau-erste-kuendigungen-aus\\\/#primaryimage\",\"url\":\"https:\\\/\\\/www.werbewoche.ch\\\/wp-content\\\/uploads\\\/2023\\\/01\\\/Migros.jpg\",\"contentUrl\":\"https:\\\/\\\/www.werbewoche.ch\\\/wp-content\\\/uploads\\\/2023\\\/01\\\/Migros.jpg\"},{\"@type\":\"BreadcrumbList\",\"@id\":\"https:\\\/\\\/www.organisator.ch\\\/marketing\\\/2024-05-21\\\/migros-spricht-wegen-konzernumbau-erste-kuendigungen-aus\\\/#breadcrumb\",\"itemListElement\":[{\"@type\":\"ListItem\",\"position\":1,\"name\":\"Home\",\"item\":\"https:\\\/\\\/www.organisator.ch\\\/\"},{\"@type\":\"ListItem\",\"position\":2,\"name\":\"Migros spricht wegen Konzernumbau erste K\u00fcndigungen aus\"}]},{\"@type\":\"WebSite\",\"@id\":\"https:\\\/\\\/www.organisator.ch\\\/#website\",\"url\":\"https:\\\/\\\/www.organisator.ch\\\/\",\"name\":\"Organisator\",\"description\":\"Kompetent. Praxisnah. Der ORGANISATOR bereitet in 10 Ausgaben pro Jahr die wesentlichen Themen f\u00fcr F\u00fchrungskr\u00e4fte von KMU auf.\",\"publisher\":{\"@id\":\"https:\\\/\\\/www.organisator.ch\\\/#organization\"},\"potentialAction\":[{\"@type\":\"SearchAction\",\"target\":{\"@type\":\"EntryPoint\",\"urlTemplate\":\"https:\\\/\\\/www.organisator.ch\\\/?s={search_term_string}\"},\"query-input\":{\"@type\":\"PropertyValueSpecification\",\"valueRequired\":true,\"valueName\":\"search_term_string\"}}],\"inLanguage\":\"fr-FR\"},{\"@type\":\"Organization\",\"@id\":\"https:\\\/\\\/www.organisator.ch\\\/#organization\",\"name\":\"Organisator\",\"url\":\"https:\\\/\\\/www.organisator.ch\\\/\",\"logo\":{\"@type\":\"ImageObject\",\"inLanguage\":\"fr-FR\",\"@id\":\"https:\\\/\\\/www.organisator.ch\\\/#\\\/schema\\\/logo\\\/image\\\/\",\"url\":\"https:\\\/\\\/www.organisator.ch\\\/wp-content\\\/uploads\\\/2022\\\/01\\\/Logo_Organisator_Website.png\",\"contentUrl\":\"https:\\\/\\\/www.organisator.ch\\\/wp-content\\\/uploads\\\/2022\\\/01\\\/Logo_Organisator_Website.png\",\"width\":800,\"height\":77,\"caption\":\"Organisator\"},\"image\":{\"@id\":\"https:\\\/\\\/www.organisator.ch\\\/#\\\/schema\\\/logo\\\/image\\\/\"},\"sameAs\":[\"https:\\\/\\\/www.facebook.com\\\/OrganisatorFachmagazin\",\"https:\\\/\\\/www.linkedin.com\\\/showcase\\\/organisator-das-magazin-fr-kmu\",\"https:\\\/\\\/www.xing.com\\\/news\\\/pages\\\/organisator-ch-695\",\"https:\\\/\\\/www.youtube.com\\\/channel\\\/UCGP2Sq0iWaZwT3BdIAQFYpw\"]},{\"@type\":\"Person\",\"@id\":\"https:\\\/\\\/www.organisator.ch\\\/#\\\/schema\\\/person\\\/4e51799071cd2dd1232ac003643ef5f0\",\"name\":\"galledia\",\"image\":{\"@type\":\"ImageObject\",\"inLanguage\":\"fr-FR\",\"@id\":\"https:\\\/\\\/secure.gravatar.com\\\/avatar\\\/78a7f90c01fc2bfc875782a0d4922b37cde2cf184ce347b91316d23cd7f69a36?s=96&d=mm&r=g\",\"url\":\"https:\\\/\\\/secure.gravatar.com\\\/avatar\\\/78a7f90c01fc2bfc875782a0d4922b37cde2cf184ce347b91316d23cd7f69a36?s=96&d=mm&r=g\",\"contentUrl\":\"https:\\\/\\\/secure.gravatar.com\\\/avatar\\\/78a7f90c01fc2bfc875782a0d4922b37cde2cf184ce347b91316d23cd7f69a36?s=96&d=mm&r=g\",\"caption\":\"galledia\"},\"sameAs\":[\"https:\\\/\\\/x.com\\\/admin\"],\"url\":\"https:\\\/\\\/www.organisator.ch\\\/fr\\\/author\\\/galledia\\\/\"}]}<\/script>\n<!-- \/ Yoast SEO plugin. -->","yoast_head_json":{"title":"Migros prononce ses premiers licenciements en raison de la restructuration du groupe - Organisateur","description":"Migros Supermarkt AG pr\u00e9voit des mesures d'\u00e9conomie, des licenciements et abandonne Nutri-Score ainsi que le service de livraison de repas Foodnow.","robots":{"index":"index","follow":"follow","max-snippet":"max-snippet:-1","max-image-preview":"max-image-preview:large","max-video-preview":"max-video-preview:-1"},"canonical":"https:\/\/www.organisator.ch\/fr\/marketing\/2024-05-21\/migros-spricht-wegen-konzernumbau-erste-kuendigungen-aus\/","og_locale":"fr_FR","og_type":"article","og_title":"Migros spricht wegen Konzernumbau erste K\u00fcndigungen aus - Organisator","og_description":"Migros Supermarkt AG plant Sparma\u00dfnahmen, Entlassungen und gibt Nutri-Score sowie Essenslieferdienst Foodnow auf.","og_url":"https:\/\/www.organisator.ch\/fr\/marketing\/2024-05-21\/migros-spricht-wegen-konzernumbau-erste-kuendigungen-aus\/","og_site_name":"Organisator","article_publisher":"https:\/\/www.facebook.com\/OrganisatorFachmagazin","article_published_time":"2024-05-21T08:18:48+00:00","article_modified_time":"2024-11-11T04:55:32+00:00","og_image":[{"url":"https:\/\/www.werbewoche.ch\/wp-content\/uploads\/2023\/01\/Migros.jpg","type":"","width":"","height":""}],"author":"galledia","twitter_card":"summary_large_image","twitter_creator":"@admin","schema":{"@context":"https:\/\/schema.org","@graph":[{"@type":"Article","@id":"https:\/\/www.organisator.ch\/marketing\/2024-05-21\/migros-spricht-wegen-konzernumbau-erste-kuendigungen-aus\/#article","isPartOf":{"@id":"https:\/\/www.organisator.ch\/marketing\/2024-05-21\/migros-spricht-wegen-konzernumbau-erste-kuendigungen-aus\/"},"author":{"name":"galledia","@id":"https:\/\/www.organisator.ch\/#\/schema\/person\/4e51799071cd2dd1232ac003643ef5f0"},"headline":"Migros spricht wegen Konzernumbau erste K\u00fcndigungen aus","datePublished":"2024-05-21T08:18:48+00:00","dateModified":"2024-11-11T04:55:32+00:00","mainEntityOfPage":{"@id":"https:\/\/www.organisator.ch\/marketing\/2024-05-21\/migros-spricht-wegen-konzernumbau-erste-kuendigungen-aus\/"},"wordCount":672,"publisher":{"@id":"https:\/\/www.organisator.ch\/#organization"},"image":{"@id":"https:\/\/www.organisator.ch\/marketing\/2024-05-21\/migros-spricht-wegen-konzernumbau-erste-kuendigungen-aus\/#primaryimage"},"thumbnailUrl":"https:\/\/www.werbewoche.ch\/wp-content\/uploads\/2023\/01\/Migros.jpg","keywords":["Marketing","Migros"],"articleSection":["MARKETING"],"inLanguage":"fr-FR"},{"@type":"WebPage","@id":"https:\/\/www.organisator.ch\/marketing\/2024-05-21\/migros-spricht-wegen-konzernumbau-erste-kuendigungen-aus\/","url":"https:\/\/www.organisator.ch\/marketing\/2024-05-21\/migros-spricht-wegen-konzernumbau-erste-kuendigungen-aus\/","name":"Migros prononce ses premiers licenciements en raison de la restructuration du groupe - Organisateur","isPartOf":{"@id":"https:\/\/www.organisator.ch\/#website"},"primaryImageOfPage":{"@id":"https:\/\/www.organisator.ch\/marketing\/2024-05-21\/migros-spricht-wegen-konzernumbau-erste-kuendigungen-aus\/#primaryimage"},"image":{"@id":"https:\/\/www.organisator.ch\/marketing\/2024-05-21\/migros-spricht-wegen-konzernumbau-erste-kuendigungen-aus\/#primaryimage"},"thumbnailUrl":"https:\/\/www.werbewoche.ch\/wp-content\/uploads\/2023\/01\/Migros.jpg","datePublished":"2024-05-21T08:18:48+00:00","dateModified":"2024-11-11T04:55:32+00:00","description":"Migros Supermarkt AG pr\u00e9voit des mesures d'\u00e9conomie, des licenciements et abandonne Nutri-Score ainsi que le service de livraison de repas Foodnow.","breadcrumb":{"@id":"https:\/\/www.organisator.ch\/marketing\/2024-05-21\/migros-spricht-wegen-konzernumbau-erste-kuendigungen-aus\/#breadcrumb"},"inLanguage":"fr-FR","potentialAction":[{"@type":"ReadAction","target":["https:\/\/www.organisator.ch\/marketing\/2024-05-21\/migros-spricht-wegen-konzernumbau-erste-kuendigungen-aus\/"]}]},{"@type":"ImageObject","inLanguage":"fr-FR","@id":"https:\/\/www.organisator.ch\/marketing\/2024-05-21\/migros-spricht-wegen-konzernumbau-erste-kuendigungen-aus\/#primaryimage","url":"https:\/\/www.werbewoche.ch\/wp-content\/uploads\/2023\/01\/Migros.jpg","contentUrl":"https:\/\/www.werbewoche.ch\/wp-content\/uploads\/2023\/01\/Migros.jpg"},{"@type":"BreadcrumbList","@id":"https:\/\/www.organisator.ch\/marketing\/2024-05-21\/migros-spricht-wegen-konzernumbau-erste-kuendigungen-aus\/#breadcrumb","itemListElement":[{"@type":"ListItem","position":1,"name":"Home","item":"https:\/\/www.organisator.ch\/"},{"@type":"ListItem","position":2,"name":"Migros spricht wegen Konzernumbau erste K\u00fcndigungen aus"}]},{"@type":"WebSite","@id":"https:\/\/www.organisator.ch\/#website","url":"https:\/\/www.organisator.ch\/","name":"Organisateur","description":"Comp\u00e9tence et comp\u00e9tence. Proches de la pratique. L'ORGANISATEUR pr\u00e9pare 10 num\u00e9ros par an sur les th\u00e8mes essentiels pour les dirigeants de PME.","publisher":{"@id":"https:\/\/www.organisator.ch\/#organization"},"potentialAction":[{"@type":"SearchAction","target":{"@type":"EntryPoint","urlTemplate":"https:\/\/www.organisator.ch\/?s={search_term_string}"},"query-input":{"@type":"PropertyValueSpecification","valueRequired":true,"valueName":"search_term_string"}}],"inLanguage":"fr-FR"},{"@type":"Organization","@id":"https:\/\/www.organisator.ch\/#organization","name":"Organisateur","url":"https:\/\/www.organisator.ch\/","logo":{"@type":"ImageObject","inLanguage":"fr-FR","@id":"https:\/\/www.organisator.ch\/#\/schema\/logo\/image\/","url":"https:\/\/www.organisator.ch\/wp-content\/uploads\/2022\/01\/Logo_Organisator_Website.png","contentUrl":"https:\/\/www.organisator.ch\/wp-content\/uploads\/2022\/01\/Logo_Organisator_Website.png","width":800,"height":77,"caption":"Organisator"},"image":{"@id":"https:\/\/www.organisator.ch\/#\/schema\/logo\/image\/"},"sameAs":["https:\/\/www.facebook.com\/OrganisatorFachmagazin","https:\/\/www.linkedin.com\/showcase\/organisator-das-magazin-fr-kmu","https:\/\/www.xing.com\/news\/pages\/organisator-ch-695","https:\/\/www.youtube.com\/channel\/UCGP2Sq0iWaZwT3BdIAQFYpw"]},{"@type":"Person","@id":"https:\/\/www.organisator.ch\/#\/schema\/person\/4e51799071cd2dd1232ac003643ef5f0","name":"galledia","image":{"@type":"ImageObject","inLanguage":"fr-FR","@id":"https:\/\/secure.gravatar.com\/avatar\/78a7f90c01fc2bfc875782a0d4922b37cde2cf184ce347b91316d23cd7f69a36?s=96&d=mm&r=g","url":"https:\/\/secure.gravatar.com\/avatar\/78a7f90c01fc2bfc875782a0d4922b37cde2cf184ce347b91316d23cd7f69a36?s=96&d=mm&r=g","contentUrl":"https:\/\/secure.gravatar.com\/avatar\/78a7f90c01fc2bfc875782a0d4922b37cde2cf184ce347b91316d23cd7f69a36?s=96&d=mm&r=g","caption":"galledia"},"sameAs":["https:\/\/x.com\/admin"],"url":"https:\/\/www.organisator.ch\/fr\/author\/galledia\/"}]}},"_links":{"self":[{"href":"https:\/\/www.organisator.ch\/fr\/wp-json\/wp\/v2\/posts\/27179","targetHints":{"allow":["GET"]}}],"collection":[{"href":"https:\/\/www.organisator.ch\/fr\/wp-json\/wp\/v2\/posts"}],"about":[{"href":"https:\/\/www.organisator.ch\/fr\/wp-json\/wp\/v2\/types\/post"}],"author":[{"embeddable":true,"href":"https:\/\/www.organisator.ch\/fr\/wp-json\/wp\/v2\/users\/8"}],"replies":[{"embeddable":true,"href":"https:\/\/www.organisator.ch\/fr\/wp-json\/wp\/v2\/comments?post=27179"}],"version-history":[{"count":5,"href":"https:\/\/www.organisator.ch\/fr\/wp-json\/wp\/v2\/posts\/27179\/revisions"}],"predecessor-version":[{"id":32246,"href":"https:\/\/www.organisator.ch\/fr\/wp-json\/wp\/v2\/posts\/27179\/revisions\/32246"}],"wp:attachment":[{"href":"https:\/\/www.organisator.ch\/fr\/wp-json\/wp\/v2\/media?parent=27179"}],"wp:term":[{"taxonomy":"category","embeddable":true,"href":"https:\/\/www.organisator.ch\/fr\/wp-json\/wp\/v2\/categories?post=27179"},{"taxonomy":"post_tag","embeddable":true,"href":"https:\/\/www.organisator.ch\/fr\/wp-json\/wp\/v2\/tags?post=27179"}],"curies":[{"name":"wp","href":"https:\/\/api.w.org\/{rel}","templated":true}]}}