{"id":27197,"date":"2024-05-22T11:35:29","date_gmt":"2024-05-22T09:35:29","guid":{"rendered":"https:\/\/www.werbewoche.ch\/?p=215344"},"modified":"2024-11-11T05:52:20","modified_gmt":"2024-11-11T04:52:20","slug":"republica-vorhang-auf-fuer-das-neue-tobs","status":"publish","type":"post","link":"https:\/\/www.organisator.ch\/fr\/marketing\/2024-05-22\/republica-vorhang-auf-fuer-das-neue-tobs\/","title":{"rendered":"Republica : le rideau se l\u00e8ve sur le nouveau TOBS !"},"content":{"rendered":"<p><img class=\"aligncenter wp-image-215345 size-full\" src=\"https:\/\/www.werbewoche.ch\/wp-content\/uploads\/2024\/05\/TOBS-MM-Assets-Event-Sujets.jpg\" alt=\"Orchestre du Th\u00e9\u00e2tre Bienne Soleure 2024\" width=\"1200\" height=\"675\" \/><\/p>\r\n<p>En 2013, les deux institutions Th\u00e9\u00e2tre Bienne Soleure et Orchestre symphonique de Bienne ont fusionn\u00e9 pour donner naissance au Th\u00e9\u00e2tre Orchestre Bienne Soleure, dont le sigle est TOBS. Cette institution bilingue et pluridisciplinaire a des exigences \u00e9lev\u00e9es en mati\u00e8re d'expression artistique et attire des personnalit\u00e9s de toutes les disciplines, ce qui constitue \u00e0 son tour un terreau id\u00e9al pour les talents \u00e9mergents et un tremplin pour de futures carri\u00e8res. Avec quatre lieux de repr\u00e9sentation \u00e0 Bienne et deux \u00e0 Soleure, l'Orchestre de th\u00e9\u00e2tre Bienne Soleure est en outre l'un des plus grands employeurs de la r\u00e9gion. Tout cela a incit\u00e9 Republica \u00e0 mettre un point d'exclamation.<\/p>\r\n<p>TOBS ! a demand\u00e9 \u00e0 Republica de transformer sa pr\u00e9sentation actuelle afin qu'elle refl\u00e8te la grande diversit\u00e9 et la qualit\u00e9 de ce qui est propos\u00e9. En effet, la transformation est une constante dans le domaine culturel, sans laquelle une offre culturelle ne peut pas s'\u00e9panouir. Il fallait donc repenser et redessiner le contenu et le visuel pour attirer l'attention sur tous les canaux essentiels et par rapport \u00e0 la vaste offre concurrente des secteurs du divertissement, de la culture et des loisirs. Parall\u00e8lement, les ventes d'abonnements et de billets individuels devraient augmenter et les jeunes g\u00e9n\u00e9rations devraient \u00eatre attir\u00e9es par le programme de TOBS ! \u00e0 des jeunes gens. Pour ce faire, il a \u00e9t\u00e9 d\u00e9cid\u00e9, entre autres <a href=\"https:\/\/new.tobs.ch\/\" rel=\"noopener\">le site web a \u00e9t\u00e9 enti\u00e8rement remani\u00e9<\/a>.<\/p>\r\n<p><\/p>\r\n<p><img class=\"aligncenter size-full wp-image-215347\" src=\"https:\/\/www.werbewoche.ch\/wp-content\/uploads\/2024\/05\/TOBS-MM-Assets-Website-Mobile.jpg\" alt=\"\" width=\"1200\" height=\"675\" \/><\/p>\r\n<h3><strong>Une culture qui donne le ton <\/strong><\/h3>\r\n<p>La nouvelle marque avec point d'exclamation TOBS ! se pr\u00e9sente explicitement comme un ph\u00e9nom\u00e8ne fluide. Elle doit faire bouger les gens, les cultures et les c\u0153urs, mais aussi le quotidien, les sentiments, les sons et les corps - bref, tout.<\/p>\r\n<p>La communication visuelle \u00e9v\u00e9nementielle est un \u00e9l\u00e9ment essentiel de la mission. C'est l\u00e0 que l'on voit in extremis \u00e0 quel point la marque TOBS ! est - et doit \u00eatre - changeante et pourtant reconnaissable. Car entre un classique comme \"Macbeth\" et une pi\u00e8ce moderne comme \"Cabaret\", il y a un monde. C'est pourquoi la marque est mise en avant dans tous les sujets d'\u00e9v\u00e9nements, presque comme un d\u00e9cor de sc\u00e8ne, tout en restant extr\u00eamement flexible, adaptable et fluide, et en faisant appara\u00eetre ses protagonistes sous leur meilleur jour.<\/p>\r\n<p>Bien que TOBS ! se consid\u00e8re comme une institution interdisciplinaire avec ses diff\u00e9rents domaines, les cinq secteurs que sont l'art dramatique, l'op\u00e9ra, le concert, la danse et la jeunesse sont d\u00e9sormais clairement s\u00e9par\u00e9s par des couleurs. Les groupes cibles peuvent ainsi d\u00e9coder rapidement les messages ; et surtout, la diversit\u00e9 de l'offre est ainsi soulign\u00e9e visuellement.<\/p>\r\n<p><img class=\"aligncenter size-full wp-image-215348\" src=\"https:\/\/www.werbewoche.ch\/wp-content\/uploads\/2024\/05\/tobs-sparten.jpg\" alt=\"\" width=\"1200\" height=\"675\" \/><\/p>\r\n<p><img class=\"aligncenter size-full wp-image-215346\" src=\"https:\/\/www.werbewoche.ch\/wp-content\/uploads\/2024\/05\/TOBS-MM-Assets-Magazin.jpg\" alt=\"\" width=\"1200\" height=\"675\" \/><\/p>\r\n<p>&nbsp;<\/p>","protected":false},"excerpt":{"rendered":"<p>Le Theater Orchester Biel Solothurn \"TOBS !\" se pr\u00e9sente sous un jour enti\u00e8rement nouveau. L'agence bernoise Republica a conseill\u00e9 la maison multidisciplinaire sur le plan strat\u00e9gique et a cr\u00e9\u00e9 une nouvelle pr\u00e9sentation qui commence par la d\u00e9finition de l'essence de la marque et qui, \u00e0 travers toutes les mesures, d\u00e9gage beaucoup de fra\u00eecheur, de profondeur culturelle et en m\u00eame temps une l\u00e9g\u00e8ret\u00e9 contemporaine.<\/p>","protected":false},"author":8,"featured_media":0,"comment_status":"closed","ping_status":"closed","sticky":false,"template":"","format":"standard","meta":{"_acf_changed":false,"_yoast_wpseo_focuskw":"Theater Orchester Biel Solothurn 2024","_yoast_wpseo_metadesc":"TOBS! neu gestaltet: Mehrspartenhaus vereint Schauspiel, Oper, Konzert, Tanz und Jung. Neue Marke mit Eventkommunikation.","articlekey":"","footnotes":""},"categories":[29],"tags":[2798,2617,2851,3535],"class_list":["post-27197","post","type-post","status-publish","format-standard","hentry","category-marketing","tag-kultur","tag-marken","tag-rebranding","tag-republica"],"acf":[],"yoast_head":"<!-- This site is optimized with the Yoast SEO plugin v27.4 - https:\/\/yoast.com\/product\/yoast-seo-wordpress\/ -->\n<title>Republica: Vorhang auf f\u00fcr das neue TOBS! - Organisator<\/title>\n<meta name=\"description\" content=\"TOBS! neu gestaltet: Mehrspartenhaus vereint Schauspiel, Oper, Konzert, Tanz und Jung. Neue Marke mit Eventkommunikation.\" \/>\n<meta name=\"robots\" content=\"index, follow, max-snippet:-1, max-image-preview:large, max-video-preview:-1\" \/>\n<link rel=\"canonical\" href=\"https:\/\/www.organisator.ch\/fr\/marketing\/2024-05-22\/republica-vorhang-auf-fuer-das-neue-tobs\/\" \/>\n<meta property=\"og:locale\" content=\"fr_FR\" \/>\n<meta property=\"og:type\" content=\"article\" \/>\n<meta property=\"og:title\" content=\"Republica: Vorhang auf f\u00fcr das neue TOBS! - Organisator\" \/>\n<meta property=\"og:description\" content=\"TOBS! neu gestaltet: Mehrspartenhaus vereint Schauspiel, Oper, Konzert, Tanz und Jung. Neue Marke mit Eventkommunikation.\" \/>\n<meta property=\"og:url\" content=\"https:\/\/www.organisator.ch\/fr\/marketing\/2024-05-22\/republica-vorhang-auf-fuer-das-neue-tobs\/\" \/>\n<meta property=\"og:site_name\" content=\"Organisator\" \/>\n<meta property=\"article:publisher\" content=\"https:\/\/www.facebook.com\/OrganisatorFachmagazin\" \/>\n<meta property=\"article:published_time\" content=\"2024-05-22T09:35:29+00:00\" \/>\n<meta property=\"article:modified_time\" content=\"2024-11-11T04:52:20+00:00\" \/>\n<meta property=\"og:image\" content=\"https:\/\/www.werbewoche.ch\/wp-content\/uploads\/2024\/05\/TOBS-MM-Assets-Event-Sujets.jpg\" \/>\n<meta name=\"author\" content=\"galledia\" \/>\n<meta name=\"twitter:card\" content=\"summary_large_image\" \/>\n<meta name=\"twitter:creator\" content=\"@admin\" \/>\n<script type=\"application\/ld+json\" class=\"yoast-schema-graph\">{\"@context\":\"https:\\\/\\\/schema.org\",\"@graph\":[{\"@type\":\"Article\",\"@id\":\"https:\\\/\\\/www.organisator.ch\\\/marketing\\\/2024-05-22\\\/republica-vorhang-auf-fuer-das-neue-tobs\\\/#article\",\"isPartOf\":{\"@id\":\"https:\\\/\\\/www.organisator.ch\\\/marketing\\\/2024-05-22\\\/republica-vorhang-auf-fuer-das-neue-tobs\\\/\"},\"author\":{\"name\":\"galledia\",\"@id\":\"https:\\\/\\\/www.organisator.ch\\\/#\\\/schema\\\/person\\\/4e51799071cd2dd1232ac003643ef5f0\"},\"headline\":\"Republica: Vorhang auf f\u00fcr das neue TOBS!\",\"datePublished\":\"2024-05-22T09:35:29+00:00\",\"dateModified\":\"2024-11-11T04:52:20+00:00\",\"mainEntityOfPage\":{\"@id\":\"https:\\\/\\\/www.organisator.ch\\\/marketing\\\/2024-05-22\\\/republica-vorhang-auf-fuer-das-neue-tobs\\\/\"},\"wordCount\":376,\"publisher\":{\"@id\":\"https:\\\/\\\/www.organisator.ch\\\/#organization\"},\"image\":{\"@id\":\"https:\\\/\\\/www.organisator.ch\\\/marketing\\\/2024-05-22\\\/republica-vorhang-auf-fuer-das-neue-tobs\\\/#primaryimage\"},\"thumbnailUrl\":\"https:\\\/\\\/www.werbewoche.ch\\\/wp-content\\\/uploads\\\/2024\\\/05\\\/TOBS-MM-Assets-Event-Sujets.jpg\",\"keywords\":[\"Kultur\",\"Marken\",\"Rebranding\",\"Republica\"],\"articleSection\":[\"MARKETING\"],\"inLanguage\":\"fr-FR\"},{\"@type\":\"WebPage\",\"@id\":\"https:\\\/\\\/www.organisator.ch\\\/marketing\\\/2024-05-22\\\/republica-vorhang-auf-fuer-das-neue-tobs\\\/\",\"url\":\"https:\\\/\\\/www.organisator.ch\\\/marketing\\\/2024-05-22\\\/republica-vorhang-auf-fuer-das-neue-tobs\\\/\",\"name\":\"Republica: Vorhang auf f\u00fcr das neue TOBS! - Organisator\",\"isPartOf\":{\"@id\":\"https:\\\/\\\/www.organisator.ch\\\/#website\"},\"primaryImageOfPage\":{\"@id\":\"https:\\\/\\\/www.organisator.ch\\\/marketing\\\/2024-05-22\\\/republica-vorhang-auf-fuer-das-neue-tobs\\\/#primaryimage\"},\"image\":{\"@id\":\"https:\\\/\\\/www.organisator.ch\\\/marketing\\\/2024-05-22\\\/republica-vorhang-auf-fuer-das-neue-tobs\\\/#primaryimage\"},\"thumbnailUrl\":\"https:\\\/\\\/www.werbewoche.ch\\\/wp-content\\\/uploads\\\/2024\\\/05\\\/TOBS-MM-Assets-Event-Sujets.jpg\",\"datePublished\":\"2024-05-22T09:35:29+00:00\",\"dateModified\":\"2024-11-11T04:52:20+00:00\",\"description\":\"TOBS! neu gestaltet: Mehrspartenhaus vereint Schauspiel, Oper, Konzert, Tanz und Jung. Neue Marke mit Eventkommunikation.\",\"breadcrumb\":{\"@id\":\"https:\\\/\\\/www.organisator.ch\\\/marketing\\\/2024-05-22\\\/republica-vorhang-auf-fuer-das-neue-tobs\\\/#breadcrumb\"},\"inLanguage\":\"fr-FR\",\"potentialAction\":[{\"@type\":\"ReadAction\",\"target\":[\"https:\\\/\\\/www.organisator.ch\\\/marketing\\\/2024-05-22\\\/republica-vorhang-auf-fuer-das-neue-tobs\\\/\"]}]},{\"@type\":\"ImageObject\",\"inLanguage\":\"fr-FR\",\"@id\":\"https:\\\/\\\/www.organisator.ch\\\/marketing\\\/2024-05-22\\\/republica-vorhang-auf-fuer-das-neue-tobs\\\/#primaryimage\",\"url\":\"https:\\\/\\\/www.werbewoche.ch\\\/wp-content\\\/uploads\\\/2024\\\/05\\\/TOBS-MM-Assets-Event-Sujets.jpg\",\"contentUrl\":\"https:\\\/\\\/www.werbewoche.ch\\\/wp-content\\\/uploads\\\/2024\\\/05\\\/TOBS-MM-Assets-Event-Sujets.jpg\"},{\"@type\":\"BreadcrumbList\",\"@id\":\"https:\\\/\\\/www.organisator.ch\\\/marketing\\\/2024-05-22\\\/republica-vorhang-auf-fuer-das-neue-tobs\\\/#breadcrumb\",\"itemListElement\":[{\"@type\":\"ListItem\",\"position\":1,\"name\":\"Home\",\"item\":\"https:\\\/\\\/www.organisator.ch\\\/\"},{\"@type\":\"ListItem\",\"position\":2,\"name\":\"Republica: Vorhang auf f\u00fcr das neue TOBS!\"}]},{\"@type\":\"WebSite\",\"@id\":\"https:\\\/\\\/www.organisator.ch\\\/#website\",\"url\":\"https:\\\/\\\/www.organisator.ch\\\/\",\"name\":\"Organisator\",\"description\":\"Kompetent. Praxisnah. Der ORGANISATOR bereitet in 10 Ausgaben pro Jahr die wesentlichen Themen f\u00fcr F\u00fchrungskr\u00e4fte von KMU auf.\",\"publisher\":{\"@id\":\"https:\\\/\\\/www.organisator.ch\\\/#organization\"},\"potentialAction\":[{\"@type\":\"SearchAction\",\"target\":{\"@type\":\"EntryPoint\",\"urlTemplate\":\"https:\\\/\\\/www.organisator.ch\\\/?s={search_term_string}\"},\"query-input\":{\"@type\":\"PropertyValueSpecification\",\"valueRequired\":true,\"valueName\":\"search_term_string\"}}],\"inLanguage\":\"fr-FR\"},{\"@type\":\"Organization\",\"@id\":\"https:\\\/\\\/www.organisator.ch\\\/#organization\",\"name\":\"Organisator\",\"url\":\"https:\\\/\\\/www.organisator.ch\\\/\",\"logo\":{\"@type\":\"ImageObject\",\"inLanguage\":\"fr-FR\",\"@id\":\"https:\\\/\\\/www.organisator.ch\\\/#\\\/schema\\\/logo\\\/image\\\/\",\"url\":\"https:\\\/\\\/www.organisator.ch\\\/wp-content\\\/uploads\\\/2022\\\/01\\\/Logo_Organisator_Website.png\",\"contentUrl\":\"https:\\\/\\\/www.organisator.ch\\\/wp-content\\\/uploads\\\/2022\\\/01\\\/Logo_Organisator_Website.png\",\"width\":800,\"height\":77,\"caption\":\"Organisator\"},\"image\":{\"@id\":\"https:\\\/\\\/www.organisator.ch\\\/#\\\/schema\\\/logo\\\/image\\\/\"},\"sameAs\":[\"https:\\\/\\\/www.facebook.com\\\/OrganisatorFachmagazin\",\"https:\\\/\\\/www.linkedin.com\\\/showcase\\\/organisator-das-magazin-fr-kmu\",\"https:\\\/\\\/www.xing.com\\\/news\\\/pages\\\/organisator-ch-695\",\"https:\\\/\\\/www.youtube.com\\\/channel\\\/UCGP2Sq0iWaZwT3BdIAQFYpw\"]},{\"@type\":\"Person\",\"@id\":\"https:\\\/\\\/www.organisator.ch\\\/#\\\/schema\\\/person\\\/4e51799071cd2dd1232ac003643ef5f0\",\"name\":\"galledia\",\"image\":{\"@type\":\"ImageObject\",\"inLanguage\":\"fr-FR\",\"@id\":\"https:\\\/\\\/secure.gravatar.com\\\/avatar\\\/78a7f90c01fc2bfc875782a0d4922b37cde2cf184ce347b91316d23cd7f69a36?s=96&d=mm&r=g\",\"url\":\"https:\\\/\\\/secure.gravatar.com\\\/avatar\\\/78a7f90c01fc2bfc875782a0d4922b37cde2cf184ce347b91316d23cd7f69a36?s=96&d=mm&r=g\",\"contentUrl\":\"https:\\\/\\\/secure.gravatar.com\\\/avatar\\\/78a7f90c01fc2bfc875782a0d4922b37cde2cf184ce347b91316d23cd7f69a36?s=96&d=mm&r=g\",\"caption\":\"galledia\"},\"sameAs\":[\"https:\\\/\\\/x.com\\\/admin\"],\"url\":\"https:\\\/\\\/www.organisator.ch\\\/fr\\\/author\\\/galledia\\\/\"}]}<\/script>\n<!-- \/ Yoast SEO plugin. -->","yoast_head_json":{"title":"Republica : le rideau se l\u00e8ve sur le nouveau TOBS ! - Organisateur","description":"TOBS ! r\u00e9am\u00e9nag\u00e9 : Une salle polyvalente r\u00e9unit th\u00e9\u00e2tre, op\u00e9ra, concert, danse et jeunes. Nouvelle marque avec communication \u00e9v\u00e9nementielle.","robots":{"index":"index","follow":"follow","max-snippet":"max-snippet:-1","max-image-preview":"max-image-preview:large","max-video-preview":"max-video-preview:-1"},"canonical":"https:\/\/www.organisator.ch\/fr\/marketing\/2024-05-22\/republica-vorhang-auf-fuer-das-neue-tobs\/","og_locale":"fr_FR","og_type":"article","og_title":"Republica: Vorhang auf f\u00fcr das neue TOBS! - Organisator","og_description":"TOBS! neu gestaltet: Mehrspartenhaus vereint Schauspiel, Oper, Konzert, Tanz und Jung. Neue Marke mit Eventkommunikation.","og_url":"https:\/\/www.organisator.ch\/fr\/marketing\/2024-05-22\/republica-vorhang-auf-fuer-das-neue-tobs\/","og_site_name":"Organisator","article_publisher":"https:\/\/www.facebook.com\/OrganisatorFachmagazin","article_published_time":"2024-05-22T09:35:29+00:00","article_modified_time":"2024-11-11T04:52:20+00:00","og_image":[{"url":"https:\/\/www.werbewoche.ch\/wp-content\/uploads\/2024\/05\/TOBS-MM-Assets-Event-Sujets.jpg","type":"","width":"","height":""}],"author":"galledia","twitter_card":"summary_large_image","twitter_creator":"@admin","schema":{"@context":"https:\/\/schema.org","@graph":[{"@type":"Article","@id":"https:\/\/www.organisator.ch\/marketing\/2024-05-22\/republica-vorhang-auf-fuer-das-neue-tobs\/#article","isPartOf":{"@id":"https:\/\/www.organisator.ch\/marketing\/2024-05-22\/republica-vorhang-auf-fuer-das-neue-tobs\/"},"author":{"name":"galledia","@id":"https:\/\/www.organisator.ch\/#\/schema\/person\/4e51799071cd2dd1232ac003643ef5f0"},"headline":"Republica: Vorhang auf f\u00fcr das neue TOBS!","datePublished":"2024-05-22T09:35:29+00:00","dateModified":"2024-11-11T04:52:20+00:00","mainEntityOfPage":{"@id":"https:\/\/www.organisator.ch\/marketing\/2024-05-22\/republica-vorhang-auf-fuer-das-neue-tobs\/"},"wordCount":376,"publisher":{"@id":"https:\/\/www.organisator.ch\/#organization"},"image":{"@id":"https:\/\/www.organisator.ch\/marketing\/2024-05-22\/republica-vorhang-auf-fuer-das-neue-tobs\/#primaryimage"},"thumbnailUrl":"https:\/\/www.werbewoche.ch\/wp-content\/uploads\/2024\/05\/TOBS-MM-Assets-Event-Sujets.jpg","keywords":["Kultur","Marken","Rebranding","Republica"],"articleSection":["MARKETING"],"inLanguage":"fr-FR"},{"@type":"WebPage","@id":"https:\/\/www.organisator.ch\/marketing\/2024-05-22\/republica-vorhang-auf-fuer-das-neue-tobs\/","url":"https:\/\/www.organisator.ch\/marketing\/2024-05-22\/republica-vorhang-auf-fuer-das-neue-tobs\/","name":"Republica : le rideau se l\u00e8ve sur le nouveau TOBS ! - Organisateur","isPartOf":{"@id":"https:\/\/www.organisator.ch\/#website"},"primaryImageOfPage":{"@id":"https:\/\/www.organisator.ch\/marketing\/2024-05-22\/republica-vorhang-auf-fuer-das-neue-tobs\/#primaryimage"},"image":{"@id":"https:\/\/www.organisator.ch\/marketing\/2024-05-22\/republica-vorhang-auf-fuer-das-neue-tobs\/#primaryimage"},"thumbnailUrl":"https:\/\/www.werbewoche.ch\/wp-content\/uploads\/2024\/05\/TOBS-MM-Assets-Event-Sujets.jpg","datePublished":"2024-05-22T09:35:29+00:00","dateModified":"2024-11-11T04:52:20+00:00","description":"TOBS ! r\u00e9am\u00e9nag\u00e9 : Une salle polyvalente r\u00e9unit th\u00e9\u00e2tre, op\u00e9ra, concert, danse et jeunes. Nouvelle marque avec communication \u00e9v\u00e9nementielle.","breadcrumb":{"@id":"https:\/\/www.organisator.ch\/marketing\/2024-05-22\/republica-vorhang-auf-fuer-das-neue-tobs\/#breadcrumb"},"inLanguage":"fr-FR","potentialAction":[{"@type":"ReadAction","target":["https:\/\/www.organisator.ch\/marketing\/2024-05-22\/republica-vorhang-auf-fuer-das-neue-tobs\/"]}]},{"@type":"ImageObject","inLanguage":"fr-FR","@id":"https:\/\/www.organisator.ch\/marketing\/2024-05-22\/republica-vorhang-auf-fuer-das-neue-tobs\/#primaryimage","url":"https:\/\/www.werbewoche.ch\/wp-content\/uploads\/2024\/05\/TOBS-MM-Assets-Event-Sujets.jpg","contentUrl":"https:\/\/www.werbewoche.ch\/wp-content\/uploads\/2024\/05\/TOBS-MM-Assets-Event-Sujets.jpg"},{"@type":"BreadcrumbList","@id":"https:\/\/www.organisator.ch\/marketing\/2024-05-22\/republica-vorhang-auf-fuer-das-neue-tobs\/#breadcrumb","itemListElement":[{"@type":"ListItem","position":1,"name":"Home","item":"https:\/\/www.organisator.ch\/"},{"@type":"ListItem","position":2,"name":"Republica: Vorhang auf f\u00fcr das neue TOBS!"}]},{"@type":"WebSite","@id":"https:\/\/www.organisator.ch\/#website","url":"https:\/\/www.organisator.ch\/","name":"Organisateur","description":"Comp\u00e9tence et comp\u00e9tence. Proches de la pratique. L'ORGANISATEUR pr\u00e9pare 10 num\u00e9ros par an sur les th\u00e8mes essentiels pour les dirigeants de PME.","publisher":{"@id":"https:\/\/www.organisator.ch\/#organization"},"potentialAction":[{"@type":"SearchAction","target":{"@type":"EntryPoint","urlTemplate":"https:\/\/www.organisator.ch\/?s={search_term_string}"},"query-input":{"@type":"PropertyValueSpecification","valueRequired":true,"valueName":"search_term_string"}}],"inLanguage":"fr-FR"},{"@type":"Organization","@id":"https:\/\/www.organisator.ch\/#organization","name":"Organisateur","url":"https:\/\/www.organisator.ch\/","logo":{"@type":"ImageObject","inLanguage":"fr-FR","@id":"https:\/\/www.organisator.ch\/#\/schema\/logo\/image\/","url":"https:\/\/www.organisator.ch\/wp-content\/uploads\/2022\/01\/Logo_Organisator_Website.png","contentUrl":"https:\/\/www.organisator.ch\/wp-content\/uploads\/2022\/01\/Logo_Organisator_Website.png","width":800,"height":77,"caption":"Organisator"},"image":{"@id":"https:\/\/www.organisator.ch\/#\/schema\/logo\/image\/"},"sameAs":["https:\/\/www.facebook.com\/OrganisatorFachmagazin","https:\/\/www.linkedin.com\/showcase\/organisator-das-magazin-fr-kmu","https:\/\/www.xing.com\/news\/pages\/organisator-ch-695","https:\/\/www.youtube.com\/channel\/UCGP2Sq0iWaZwT3BdIAQFYpw"]},{"@type":"Person","@id":"https:\/\/www.organisator.ch\/#\/schema\/person\/4e51799071cd2dd1232ac003643ef5f0","name":"galledia","image":{"@type":"ImageObject","inLanguage":"fr-FR","@id":"https:\/\/secure.gravatar.com\/avatar\/78a7f90c01fc2bfc875782a0d4922b37cde2cf184ce347b91316d23cd7f69a36?s=96&d=mm&r=g","url":"https:\/\/secure.gravatar.com\/avatar\/78a7f90c01fc2bfc875782a0d4922b37cde2cf184ce347b91316d23cd7f69a36?s=96&d=mm&r=g","contentUrl":"https:\/\/secure.gravatar.com\/avatar\/78a7f90c01fc2bfc875782a0d4922b37cde2cf184ce347b91316d23cd7f69a36?s=96&d=mm&r=g","caption":"galledia"},"sameAs":["https:\/\/x.com\/admin"],"url":"https:\/\/www.organisator.ch\/fr\/author\/galledia\/"}]}},"_links":{"self":[{"href":"https:\/\/www.organisator.ch\/fr\/wp-json\/wp\/v2\/posts\/27197","targetHints":{"allow":["GET"]}}],"collection":[{"href":"https:\/\/www.organisator.ch\/fr\/wp-json\/wp\/v2\/posts"}],"about":[{"href":"https:\/\/www.organisator.ch\/fr\/wp-json\/wp\/v2\/types\/post"}],"author":[{"embeddable":true,"href":"https:\/\/www.organisator.ch\/fr\/wp-json\/wp\/v2\/users\/8"}],"replies":[{"embeddable":true,"href":"https:\/\/www.organisator.ch\/fr\/wp-json\/wp\/v2\/comments?post=27197"}],"version-history":[{"count":4,"href":"https:\/\/www.organisator.ch\/fr\/wp-json\/wp\/v2\/posts\/27197\/revisions"}],"predecessor-version":[{"id":32243,"href":"https:\/\/www.organisator.ch\/fr\/wp-json\/wp\/v2\/posts\/27197\/revisions\/32243"}],"wp:attachment":[{"href":"https:\/\/www.organisator.ch\/fr\/wp-json\/wp\/v2\/media?parent=27197"}],"wp:term":[{"taxonomy":"category","embeddable":true,"href":"https:\/\/www.organisator.ch\/fr\/wp-json\/wp\/v2\/categories?post=27197"},{"taxonomy":"post_tag","embeddable":true,"href":"https:\/\/www.organisator.ch\/fr\/wp-json\/wp\/v2\/tags?post=27197"}],"curies":[{"name":"wp","href":"https:\/\/api.w.org\/{rel}","templated":true}]}}