{"id":2728,"date":"2020-01-13T14:00:34","date_gmt":"2020-01-13T13:00:34","guid":{"rendered":"https:\/\/www.umweltperspektiven.ch\/?p=2728"},"modified":"2022-02-09T11:10:01","modified_gmt":"2022-02-09T10:10:01","slug":"seif-awards-2020-tech-for-impact-jetzt-bewerben","status":"publish","type":"post","link":"https:\/\/www.organisator.ch\/fr\/sustainability\/2020-01-13\/seif-awards-2020-tech-for-impact-jetzt-bewerben\/","title":{"rendered":"Prix SEIF 2020 : \"Tech for Impact - postulez d\u00e8s maintenant\"."},"content":{"rendered":"<p>&nbsp;<\/p>\n<figure id=\"attachment_2729\" aria-describedby=\"caption-attachment-2729\" style=\"width: 680px\" class=\"wp-caption alignnone\"><img loading=\"lazy\" decoding=\"async\" class=\"size-medium wp-image-2729\" src=\"\/\/www.umweltperspektiven.ch\/wp-content\/uploads\/2020\/01\/SEIF-awards-2020-UP_Umwelt-Perspektiven.jpg\" alt=\"\" width=\"680\" height=\"453\" \/><figcaption id=\"caption-attachment-2729\" class=\"wp-caption-text\">En remportant l'un des SEIF Awards Tech for Impact, on acc\u00e8de au plus grand r\u00e9seau de Sustainable Business Leaders de Suisse. (Image : Unsplash)<\/figcaption><\/figure>\n<p>Les SEIF Awards Tech for Impact s'adressent \u00e0 toutes les entreprises europ\u00e9ennes \u00e0 impact qui utilisent leurs mod\u00e8les d'entreprise et technologies innovants pour atteindre les objectifs sociaux et\/ou environnementaux des Nations unies, appel\u00e9s \"objectifs de d\u00e9veloppement durable\".\u00a0<a class=\"\" href=\"\/\/sustainabledevelopment.un.org\/?menu=1300\">Objectifs de d\u00e9veloppement durable (ODD) de l'ONU<\/a>\u00a0\u00e0 atteindre.<\/p>\n<p><strong>Qu'est-ce qu'une bonne technologie ?<\/strong><\/p>\n<p>Lorsqu'il s'agit de progr\u00e8s technologique et de d\u00e9fis mondiaux, nous vivons une \u00e9poque \u00e0 la fois fascinante et exigeante. La technologie peut \u00eatre un formidable outil de changement positif, car les technologies innovantes peuvent souvent contribuer de mani\u00e8re significative \u00e0 la r\u00e9alisation des ODD. Il est donc crucial de promouvoir le potentiel positif des entrepreneurs technologiques ax\u00e9s sur l'impact. Un prix sera d\u00e9cern\u00e9 aux quatre cat\u00e9gories suivantes, qui seront r\u00e9compens\u00e9es par un montant de 10 000 CHF chacune :<\/p>\n<ul>\n<li>SEIF Award for Scalable Solution - soutenu par SEIF<\/li>\n<li>SEIF Award for Responsible Business - soutenu par PwC<\/li>\n<li>SEIF Award for Social Innovation - soutenu par UBS<\/li>\n<li>SEIF Award for Future Impact Trends - soutenu par Julius Baer<\/li>\n<\/ul>\n<p><strong>Quelle est la valeur ajout\u00e9e ?<\/strong><\/p>\n<ul>\n<li>Au total, la somme des prix s'\u00e9l\u00e8ve \u00e0 40 000 CHF. Chacun des quatre Awards re\u00e7oit 10 000 CHF et<\/li>\n<li>Opportunit\u00e9 unique de se faire un nom au niveau international (\"reputation\")<\/li>\n<li><span class=\"s1\">Gagner de l'exp\u00e9rience en mati\u00e8re de pitch gr\u00e2ce \u00e0 un jury et des parties prenantes pertinentes<\/span><\/li>\n<li>Opportunit\u00e9 de se pr\u00e9senter aux investisseurs d'impact<\/li>\n<li>Faire partie du r\u00e9seau SEIF<span class=\"s1\"><br \/>\n<\/span><\/li>\n<\/ul>\n<p><span class=\"s1\"><em>Les candidatures sont \u00e0 envoyer avant le 31 mars 2020 \u00e0 <a href=\"\/\/seif.org\/en\/awards\/?mc_cid=648bf1398a&amp;mc_eid=83aa172a94\">SEIF<\/a> re\u00e7us\u00a0<\/em><\/span><\/p>","protected":false},"excerpt":{"rendered":"<p>&nbsp; Die SEIF Awards Tech for Impact\u00a0richten sich an alle Europ\u00e4ischen Impact-Unternehmen, die ihre innovativen Gesch\u00e4ftsmodelle und Technologien einsetzen, um die sozialen und\/ oder umwelt-bezogenen UN Ziele, die sogenannten\u00a0UN Sustainable Development Goals (SDGs)\u00a0zu erreichen. Was ist gute Technologie? Wenn es um technologischen Fortschritt und globale Herausforderungen geht, leben wir in einer faszinierenden und zugleich anspruchsvollen [&hellip;]<\/p>\n","protected":false},"author":5,"featured_media":9670,"comment_status":"closed","ping_status":"closed","sticky":false,"template":"","format":"standard","meta":{"_acf_changed":false,"_yoast_wpseo_focuskw":"SEIF","_yoast_wpseo_metadesc":"Die SEIF Awards Tech for Impact richten sich an europ\u00e4ische Impact-Unternehmer, die Technologien entwickeln oder innovativ einsetzen.","articlekey":"","footnotes":""},"categories":[580],"tags":[65,1305,1398,274,320,2098,2247,2274],"class_list":["post-2728","post","type-post","status-publish","format-standard","has-post-thumbnail","hentry","category-sustainability","tag-award","tag-goals","tag-impact-investment","tag-innovation","tag-leadership","tag-sdg","tag-sustainable","tag-switzerland"],"acf":[],"yoast_head":"<!-- This site is optimized with the Yoast SEO plugin v27.5 - https:\/\/yoast.com\/product\/yoast-seo-wordpress\/ -->\n<title>SEIF Awards 2020: &quot;Tech for Impact - jetzt bewerben&quot; - Organisator<\/title>\n<meta name=\"description\" content=\"Die SEIF Awards Tech for Impact richten sich an europ\u00e4ische Impact-Unternehmer, die Technologien entwickeln oder innovativ einsetzen.\" \/>\n<meta name=\"robots\" content=\"index, follow, max-snippet:-1, max-image-preview:large, max-video-preview:-1\" \/>\n<link rel=\"canonical\" href=\"https:\/\/www.organisator.ch\/fr\/sustainability\/2020-01-13\/seif-awards-2020-tech-for-impact-jetzt-bewerben\/\" \/>\n<meta property=\"og:locale\" content=\"fr_FR\" \/>\n<meta property=\"og:type\" content=\"article\" \/>\n<meta property=\"og:title\" content=\"SEIF Awards 2020: &quot;Tech for Impact - jetzt bewerben&quot; - Organisator\" \/>\n<meta property=\"og:description\" content=\"Die SEIF Awards Tech for Impact richten sich an europ\u00e4ische Impact-Unternehmer, die Technologien entwickeln oder innovativ einsetzen.\" \/>\n<meta property=\"og:url\" content=\"https:\/\/www.organisator.ch\/fr\/sustainability\/2020-01-13\/seif-awards-2020-tech-for-impact-jetzt-bewerben\/\" \/>\n<meta property=\"og:site_name\" content=\"Organisator\" \/>\n<meta property=\"article:publisher\" content=\"https:\/\/www.facebook.com\/OrganisatorFachmagazin\" \/>\n<meta property=\"article:published_time\" content=\"2020-01-13T13:00:34+00:00\" \/>\n<meta property=\"article:modified_time\" content=\"2022-02-09T10:10:01+00:00\" \/>\n<meta property=\"og:image\" content=\"https:\/\/www.organisator.ch\/wp-content\/uploads\/2020\/01\/SEIF-awards-2020-UP_Umwelt-Perspektiven.jpg\" \/>\n\t<meta property=\"og:image:width\" content=\"1732\" \/>\n\t<meta property=\"og:image:height\" content=\"1154\" \/>\n\t<meta property=\"og:image:type\" content=\"image\/jpeg\" \/>\n<meta name=\"author\" content=\"michael.merz\" \/>\n<meta name=\"twitter:card\" content=\"summary_large_image\" \/>\n<script type=\"application\/ld+json\" class=\"yoast-schema-graph\">{\"@context\":\"https:\\\/\\\/schema.org\",\"@graph\":[{\"@type\":\"Article\",\"@id\":\"https:\\\/\\\/www.organisator.ch\\\/sustainability\\\/2020-01-13\\\/seif-awards-2020-tech-for-impact-jetzt-bewerben\\\/#article\",\"isPartOf\":{\"@id\":\"https:\\\/\\\/www.organisator.ch\\\/sustainability\\\/2020-01-13\\\/seif-awards-2020-tech-for-impact-jetzt-bewerben\\\/\"},\"author\":{\"name\":\"michael.merz\",\"@id\":\"https:\\\/\\\/www.organisator.ch\\\/#\\\/schema\\\/person\\\/134708ca9321c57b0362cceb7948ffbd\"},\"headline\":\"SEIF Awards 2020: &#8222;Tech for Impact &#8211; jetzt bewerben&#8220;\",\"datePublished\":\"2020-01-13T13:00:34+00:00\",\"dateModified\":\"2022-02-09T10:10:01+00:00\",\"mainEntityOfPage\":{\"@id\":\"https:\\\/\\\/www.organisator.ch\\\/sustainability\\\/2020-01-13\\\/seif-awards-2020-tech-for-impact-jetzt-bewerben\\\/\"},\"wordCount\":256,\"publisher\":{\"@id\":\"https:\\\/\\\/www.organisator.ch\\\/#organization\"},\"image\":{\"@id\":\"https:\\\/\\\/www.organisator.ch\\\/sustainability\\\/2020-01-13\\\/seif-awards-2020-tech-for-impact-jetzt-bewerben\\\/#primaryimage\"},\"thumbnailUrl\":\"https:\\\/\\\/www.organisator.ch\\\/wp-content\\\/uploads\\\/2020\\\/01\\\/SEIF-awards-2020-UP_Umwelt-Perspektiven.jpg\",\"keywords\":[\"Award\",\"Goals\",\"Impact Investment\",\"Innovation\",\"Leadership\",\"SDG\",\"Sustainable\",\"Switzerland\"],\"articleSection\":[\"SUSTAINABILITY\"],\"inLanguage\":\"fr-FR\"},{\"@type\":\"WebPage\",\"@id\":\"https:\\\/\\\/www.organisator.ch\\\/sustainability\\\/2020-01-13\\\/seif-awards-2020-tech-for-impact-jetzt-bewerben\\\/\",\"url\":\"https:\\\/\\\/www.organisator.ch\\\/sustainability\\\/2020-01-13\\\/seif-awards-2020-tech-for-impact-jetzt-bewerben\\\/\",\"name\":\"SEIF Awards 2020: \\\"Tech for Impact - jetzt bewerben\\\" - Organisator\",\"isPartOf\":{\"@id\":\"https:\\\/\\\/www.organisator.ch\\\/#website\"},\"primaryImageOfPage\":{\"@id\":\"https:\\\/\\\/www.organisator.ch\\\/sustainability\\\/2020-01-13\\\/seif-awards-2020-tech-for-impact-jetzt-bewerben\\\/#primaryimage\"},\"image\":{\"@id\":\"https:\\\/\\\/www.organisator.ch\\\/sustainability\\\/2020-01-13\\\/seif-awards-2020-tech-for-impact-jetzt-bewerben\\\/#primaryimage\"},\"thumbnailUrl\":\"https:\\\/\\\/www.organisator.ch\\\/wp-content\\\/uploads\\\/2020\\\/01\\\/SEIF-awards-2020-UP_Umwelt-Perspektiven.jpg\",\"datePublished\":\"2020-01-13T13:00:34+00:00\",\"dateModified\":\"2022-02-09T10:10:01+00:00\",\"description\":\"Die SEIF Awards Tech for Impact richten sich an europ\u00e4ische Impact-Unternehmer, die Technologien entwickeln oder innovativ einsetzen.\",\"breadcrumb\":{\"@id\":\"https:\\\/\\\/www.organisator.ch\\\/sustainability\\\/2020-01-13\\\/seif-awards-2020-tech-for-impact-jetzt-bewerben\\\/#breadcrumb\"},\"inLanguage\":\"fr-FR\",\"potentialAction\":[{\"@type\":\"ReadAction\",\"target\":[\"https:\\\/\\\/www.organisator.ch\\\/sustainability\\\/2020-01-13\\\/seif-awards-2020-tech-for-impact-jetzt-bewerben\\\/\"]}]},{\"@type\":\"ImageObject\",\"inLanguage\":\"fr-FR\",\"@id\":\"https:\\\/\\\/www.organisator.ch\\\/sustainability\\\/2020-01-13\\\/seif-awards-2020-tech-for-impact-jetzt-bewerben\\\/#primaryimage\",\"url\":\"https:\\\/\\\/www.organisator.ch\\\/wp-content\\\/uploads\\\/2020\\\/01\\\/SEIF-awards-2020-UP_Umwelt-Perspektiven.jpg\",\"contentUrl\":\"https:\\\/\\\/www.organisator.ch\\\/wp-content\\\/uploads\\\/2020\\\/01\\\/SEIF-awards-2020-UP_Umwelt-Perspektiven.jpg\",\"width\":1732,\"height\":1154,\"caption\":\"Gewinnt man einen der SEIF Awards Tech for Impact erreicht man das gr\u00f6sste Netzwerk an Sustainable Business Leaders der Schweiz. (Bild: Unsplash)\"},{\"@type\":\"BreadcrumbList\",\"@id\":\"https:\\\/\\\/www.organisator.ch\\\/sustainability\\\/2020-01-13\\\/seif-awards-2020-tech-for-impact-jetzt-bewerben\\\/#breadcrumb\",\"itemListElement\":[{\"@type\":\"ListItem\",\"position\":1,\"name\":\"Home\",\"item\":\"https:\\\/\\\/www.organisator.ch\\\/\"},{\"@type\":\"ListItem\",\"position\":2,\"name\":\"SEIF Awards 2020: &#8222;Tech for Impact &#8211; jetzt bewerben&#8220;\"}]},{\"@type\":\"WebSite\",\"@id\":\"https:\\\/\\\/www.organisator.ch\\\/#website\",\"url\":\"https:\\\/\\\/www.organisator.ch\\\/\",\"name\":\"Organisator\",\"description\":\"Kompetent. Praxisnah. Der ORGANISATOR bereitet in 10 Ausgaben pro Jahr die wesentlichen Themen f\u00fcr F\u00fchrungskr\u00e4fte von KMU auf.\",\"publisher\":{\"@id\":\"https:\\\/\\\/www.organisator.ch\\\/#organization\"},\"potentialAction\":[{\"@type\":\"SearchAction\",\"target\":{\"@type\":\"EntryPoint\",\"urlTemplate\":\"https:\\\/\\\/www.organisator.ch\\\/?s={search_term_string}\"},\"query-input\":{\"@type\":\"PropertyValueSpecification\",\"valueRequired\":true,\"valueName\":\"search_term_string\"}}],\"inLanguage\":\"fr-FR\"},{\"@type\":\"Organization\",\"@id\":\"https:\\\/\\\/www.organisator.ch\\\/#organization\",\"name\":\"Organisator\",\"url\":\"https:\\\/\\\/www.organisator.ch\\\/\",\"logo\":{\"@type\":\"ImageObject\",\"inLanguage\":\"fr-FR\",\"@id\":\"https:\\\/\\\/www.organisator.ch\\\/#\\\/schema\\\/logo\\\/image\\\/\",\"url\":\"https:\\\/\\\/www.organisator.ch\\\/wp-content\\\/uploads\\\/2022\\\/01\\\/Logo_Organisator_Website.png\",\"contentUrl\":\"https:\\\/\\\/www.organisator.ch\\\/wp-content\\\/uploads\\\/2022\\\/01\\\/Logo_Organisator_Website.png\",\"width\":800,\"height\":77,\"caption\":\"Organisator\"},\"image\":{\"@id\":\"https:\\\/\\\/www.organisator.ch\\\/#\\\/schema\\\/logo\\\/image\\\/\"},\"sameAs\":[\"https:\\\/\\\/www.facebook.com\\\/OrganisatorFachmagazin\",\"https:\\\/\\\/www.linkedin.com\\\/showcase\\\/organisator-das-magazin-fr-kmu\",\"https:\\\/\\\/www.xing.com\\\/news\\\/pages\\\/organisator-ch-695\",\"https:\\\/\\\/www.youtube.com\\\/channel\\\/UCGP2Sq0iWaZwT3BdIAQFYpw\"]},{\"@type\":\"Person\",\"@id\":\"https:\\\/\\\/www.organisator.ch\\\/#\\\/schema\\\/person\\\/134708ca9321c57b0362cceb7948ffbd\",\"name\":\"michael.merz\",\"image\":{\"@type\":\"ImageObject\",\"inLanguage\":\"fr-FR\",\"@id\":\"https:\\\/\\\/secure.gravatar.com\\\/avatar\\\/?s=96&d=mm&r=g\",\"url\":\"https:\\\/\\\/secure.gravatar.com\\\/avatar\\\/?s=96&d=mm&r=g\",\"contentUrl\":\"https:\\\/\\\/secure.gravatar.com\\\/avatar\\\/?s=96&d=mm&r=g\",\"caption\":\"michael.merz\"},\"url\":\"https:\\\/\\\/www.organisator.ch\\\/fr\\\/author\\\/michael-merz\\\/\"}]}<\/script>\n<!-- \/ Yoast SEO plugin. -->","yoast_head_json":{"title":"SEIF Awards 2020 : \"Tech for Impact - postulez d\u00e8s maintenant\" - Organisateur","description":"Les SEIF Awards Tech for Impact s'adressent aux entrepreneurs europ\u00e9ens d'impact qui d\u00e9veloppent ou utilisent des technologies de mani\u00e8re innovante.","robots":{"index":"index","follow":"follow","max-snippet":"max-snippet:-1","max-image-preview":"max-image-preview:large","max-video-preview":"max-video-preview:-1"},"canonical":"https:\/\/www.organisator.ch\/fr\/sustainability\/2020-01-13\/seif-awards-2020-tech-for-impact-jetzt-bewerben\/","og_locale":"fr_FR","og_type":"article","og_title":"SEIF Awards 2020: \"Tech for Impact - jetzt bewerben\" - Organisator","og_description":"Die SEIF Awards Tech for Impact richten sich an europ\u00e4ische Impact-Unternehmer, die Technologien entwickeln oder innovativ einsetzen.","og_url":"https:\/\/www.organisator.ch\/fr\/sustainability\/2020-01-13\/seif-awards-2020-tech-for-impact-jetzt-bewerben\/","og_site_name":"Organisator","article_publisher":"https:\/\/www.facebook.com\/OrganisatorFachmagazin","article_published_time":"2020-01-13T13:00:34+00:00","article_modified_time":"2022-02-09T10:10:01+00:00","og_image":[{"width":1732,"height":1154,"url":"https:\/\/www.organisator.ch\/wp-content\/uploads\/2020\/01\/SEIF-awards-2020-UP_Umwelt-Perspektiven.jpg","type":"image\/jpeg"}],"author":"michael.merz","twitter_card":"summary_large_image","schema":{"@context":"https:\/\/schema.org","@graph":[{"@type":"Article","@id":"https:\/\/www.organisator.ch\/sustainability\/2020-01-13\/seif-awards-2020-tech-for-impact-jetzt-bewerben\/#article","isPartOf":{"@id":"https:\/\/www.organisator.ch\/sustainability\/2020-01-13\/seif-awards-2020-tech-for-impact-jetzt-bewerben\/"},"author":{"name":"michael.merz","@id":"https:\/\/www.organisator.ch\/#\/schema\/person\/134708ca9321c57b0362cceb7948ffbd"},"headline":"SEIF Awards 2020: &#8222;Tech for Impact &#8211; jetzt bewerben&#8220;","datePublished":"2020-01-13T13:00:34+00:00","dateModified":"2022-02-09T10:10:01+00:00","mainEntityOfPage":{"@id":"https:\/\/www.organisator.ch\/sustainability\/2020-01-13\/seif-awards-2020-tech-for-impact-jetzt-bewerben\/"},"wordCount":256,"publisher":{"@id":"https:\/\/www.organisator.ch\/#organization"},"image":{"@id":"https:\/\/www.organisator.ch\/sustainability\/2020-01-13\/seif-awards-2020-tech-for-impact-jetzt-bewerben\/#primaryimage"},"thumbnailUrl":"https:\/\/www.organisator.ch\/wp-content\/uploads\/2020\/01\/SEIF-awards-2020-UP_Umwelt-Perspektiven.jpg","keywords":["Award","Goals","Impact Investment","Innovation","Leadership","SDG","Sustainable","Switzerland"],"articleSection":["SUSTAINABILITY"],"inLanguage":"fr-FR"},{"@type":"WebPage","@id":"https:\/\/www.organisator.ch\/sustainability\/2020-01-13\/seif-awards-2020-tech-for-impact-jetzt-bewerben\/","url":"https:\/\/www.organisator.ch\/sustainability\/2020-01-13\/seif-awards-2020-tech-for-impact-jetzt-bewerben\/","name":"SEIF Awards 2020 : \"Tech for Impact - postulez d\u00e8s maintenant\" - Organisateur","isPartOf":{"@id":"https:\/\/www.organisator.ch\/#website"},"primaryImageOfPage":{"@id":"https:\/\/www.organisator.ch\/sustainability\/2020-01-13\/seif-awards-2020-tech-for-impact-jetzt-bewerben\/#primaryimage"},"image":{"@id":"https:\/\/www.organisator.ch\/sustainability\/2020-01-13\/seif-awards-2020-tech-for-impact-jetzt-bewerben\/#primaryimage"},"thumbnailUrl":"https:\/\/www.organisator.ch\/wp-content\/uploads\/2020\/01\/SEIF-awards-2020-UP_Umwelt-Perspektiven.jpg","datePublished":"2020-01-13T13:00:34+00:00","dateModified":"2022-02-09T10:10:01+00:00","description":"Les SEIF Awards Tech for Impact s'adressent aux entrepreneurs europ\u00e9ens d'impact qui d\u00e9veloppent ou utilisent des technologies de mani\u00e8re innovante.","breadcrumb":{"@id":"https:\/\/www.organisator.ch\/sustainability\/2020-01-13\/seif-awards-2020-tech-for-impact-jetzt-bewerben\/#breadcrumb"},"inLanguage":"fr-FR","potentialAction":[{"@type":"ReadAction","target":["https:\/\/www.organisator.ch\/sustainability\/2020-01-13\/seif-awards-2020-tech-for-impact-jetzt-bewerben\/"]}]},{"@type":"ImageObject","inLanguage":"fr-FR","@id":"https:\/\/www.organisator.ch\/sustainability\/2020-01-13\/seif-awards-2020-tech-for-impact-jetzt-bewerben\/#primaryimage","url":"https:\/\/www.organisator.ch\/wp-content\/uploads\/2020\/01\/SEIF-awards-2020-UP_Umwelt-Perspektiven.jpg","contentUrl":"https:\/\/www.organisator.ch\/wp-content\/uploads\/2020\/01\/SEIF-awards-2020-UP_Umwelt-Perspektiven.jpg","width":1732,"height":1154,"caption":"Gewinnt man einen der SEIF Awards Tech for Impact erreicht man das gr\u00f6sste Netzwerk an Sustainable Business Leaders der Schweiz. (Bild: Unsplash)"},{"@type":"BreadcrumbList","@id":"https:\/\/www.organisator.ch\/sustainability\/2020-01-13\/seif-awards-2020-tech-for-impact-jetzt-bewerben\/#breadcrumb","itemListElement":[{"@type":"ListItem","position":1,"name":"Home","item":"https:\/\/www.organisator.ch\/"},{"@type":"ListItem","position":2,"name":"SEIF Awards 2020: &#8222;Tech for Impact &#8211; jetzt bewerben&#8220;"}]},{"@type":"WebSite","@id":"https:\/\/www.organisator.ch\/#website","url":"https:\/\/www.organisator.ch\/","name":"Organisateur","description":"Comp\u00e9tence et comp\u00e9tence. Proches de la pratique. L'ORGANISATEUR pr\u00e9pare 10 num\u00e9ros par an sur les th\u00e8mes essentiels pour les dirigeants de PME.","publisher":{"@id":"https:\/\/www.organisator.ch\/#organization"},"potentialAction":[{"@type":"SearchAction","target":{"@type":"EntryPoint","urlTemplate":"https:\/\/www.organisator.ch\/?s={search_term_string}"},"query-input":{"@type":"PropertyValueSpecification","valueRequired":true,"valueName":"search_term_string"}}],"inLanguage":"fr-FR"},{"@type":"Organization","@id":"https:\/\/www.organisator.ch\/#organization","name":"Organisateur","url":"https:\/\/www.organisator.ch\/","logo":{"@type":"ImageObject","inLanguage":"fr-FR","@id":"https:\/\/www.organisator.ch\/#\/schema\/logo\/image\/","url":"https:\/\/www.organisator.ch\/wp-content\/uploads\/2022\/01\/Logo_Organisator_Website.png","contentUrl":"https:\/\/www.organisator.ch\/wp-content\/uploads\/2022\/01\/Logo_Organisator_Website.png","width":800,"height":77,"caption":"Organisator"},"image":{"@id":"https:\/\/www.organisator.ch\/#\/schema\/logo\/image\/"},"sameAs":["https:\/\/www.facebook.com\/OrganisatorFachmagazin","https:\/\/www.linkedin.com\/showcase\/organisator-das-magazin-fr-kmu","https:\/\/www.xing.com\/news\/pages\/organisator-ch-695","https:\/\/www.youtube.com\/channel\/UCGP2Sq0iWaZwT3BdIAQFYpw"]},{"@type":"Person","@id":"https:\/\/www.organisator.ch\/#\/schema\/person\/134708ca9321c57b0362cceb7948ffbd","name":"michael.merz","image":{"@type":"ImageObject","inLanguage":"fr-FR","@id":"https:\/\/secure.gravatar.com\/avatar\/?s=96&d=mm&r=g","url":"https:\/\/secure.gravatar.com\/avatar\/?s=96&d=mm&r=g","contentUrl":"https:\/\/secure.gravatar.com\/avatar\/?s=96&d=mm&r=g","caption":"michael.merz"},"url":"https:\/\/www.organisator.ch\/fr\/author\/michael-merz\/"}]}},"_links":{"self":[{"href":"https:\/\/www.organisator.ch\/fr\/wp-json\/wp\/v2\/posts\/2728","targetHints":{"allow":["GET"]}}],"collection":[{"href":"https:\/\/www.organisator.ch\/fr\/wp-json\/wp\/v2\/posts"}],"about":[{"href":"https:\/\/www.organisator.ch\/fr\/wp-json\/wp\/v2\/types\/post"}],"author":[{"embeddable":true,"href":"https:\/\/www.organisator.ch\/fr\/wp-json\/wp\/v2\/users\/5"}],"replies":[{"embeddable":true,"href":"https:\/\/www.organisator.ch\/fr\/wp-json\/wp\/v2\/comments?post=2728"}],"version-history":[{"count":1,"href":"https:\/\/www.organisator.ch\/fr\/wp-json\/wp\/v2\/posts\/2728\/revisions"}],"predecessor-version":[{"id":10857,"href":"https:\/\/www.organisator.ch\/fr\/wp-json\/wp\/v2\/posts\/2728\/revisions\/10857"}],"wp:featuredmedia":[{"embeddable":true,"href":"https:\/\/www.organisator.ch\/fr\/wp-json\/wp\/v2\/media\/9670"}],"wp:attachment":[{"href":"https:\/\/www.organisator.ch\/fr\/wp-json\/wp\/v2\/media?parent=2728"}],"wp:term":[{"taxonomy":"category","embeddable":true,"href":"https:\/\/www.organisator.ch\/fr\/wp-json\/wp\/v2\/categories?post=2728"},{"taxonomy":"post_tag","embeddable":true,"href":"https:\/\/www.organisator.ch\/fr\/wp-json\/wp\/v2\/tags?post=2728"}],"curies":[{"name":"wp","href":"https:\/\/api.w.org\/{rel}","templated":true}]}}