{"id":27295,"date":"2024-05-29T10:34:53","date_gmt":"2024-05-29T08:34:53","guid":{"rendered":"https:\/\/www.organisator.ch\/?p=27295"},"modified":"2024-05-28T15:11:02","modified_gmt":"2024-05-28T13:11:02","slug":"die-arbeiten-am-schweizer-batteriepass-laufen-auf-hochtouren","status":"publish","type":"post","link":"https:\/\/www.organisator.ch\/fr\/sustainability\/2024-05-29\/die-arbeiten-am-schweizer-batteriepass-laufen-auf-hochtouren\/","title":{"rendered":"Les travaux sur le \"passe-batterie\" suisse battent leur plein"},"content":{"rendered":"<figure id=\"attachment_27296\" aria-describedby=\"caption-attachment-27296\" style=\"width: 680px\" class=\"wp-caption alignnone\"><img loading=\"lazy\" decoding=\"async\" class=\"size-full wp-image-27296\" src=\"https:\/\/www.organisator.ch\/wp-content\/uploads\/2024\/05\/BloqSens_Battery-Passport_Bild1_ps.jpg\" alt=\"\" width=\"680\" height=\"453\" srcset=\"https:\/\/www.organisator.ch\/wp-content\/uploads\/2024\/05\/BloqSens_Battery-Passport_Bild1_ps.jpg 680w, https:\/\/www.organisator.ch\/wp-content\/uploads\/2024\/05\/BloqSens_Battery-Passport_Bild1_ps-18x12.jpg 18w, https:\/\/www.organisator.ch\/wp-content\/uploads\/2024\/05\/BloqSens_Battery-Passport_Bild1_ps-375x250.jpg 375w, https:\/\/www.organisator.ch\/wp-content\/uploads\/2024\/05\/BloqSens_Battery-Passport_Bild1_ps-525x350.jpg 525w\" sizes=\"auto, (max-width: 680px) 100vw, 680px\" \/><figcaption id=\"caption-attachment-27296\" class=\"wp-caption-text\">D\u00e8s le 18 f\u00e9vrier 2027, toutes les piles utilis\u00e9es industriellement en Suisse, qui circulent dans l'espace de l'UE ou qui y sont export\u00e9es, devront \u00eatre identifiables et tra\u00e7ables par passeport. (Image : www.bloqsens.com \/ www.csem.ch)<\/figcaption><\/figure>\n<p>Les personnes qui voyagent \u00e0 l'\u00e9tranger doivent, selon la destination, pr\u00e9senter leur passeport biom\u00e9trique. Ce document important ne donne pas seulement des informations d\u00e9taill\u00e9es sur l'identit\u00e9 d'une personne, mais indique \u00e9galement o\u00f9 elle a s\u00e9journ\u00e9 par le pass\u00e9. \"Notre passeport pour batterie remplit la m\u00eame fonction pour les batteries\", explique Peter Krummenacher, CEO de BloqSens AG, dont le si\u00e8ge est \u00e0 B\u00e2le. L'entreprise, sp\u00e9cialis\u00e9e dans le d\u00e9veloppement de solutions IoT (Internet of Things), fait avancer le d\u00e9veloppement du passeport de batterie avec beaucoup d'\u00e9lan. Car le temps presse : Le 18 f\u00e9vrier 2027 d\u00e9j\u00e0, toutes les batteries utilis\u00e9es industriellement qui circulent dans l'espace europ\u00e9en ou qui y sont export\u00e9es devront \u00eatre identifiables et tra\u00e7ables gr\u00e2ce \u00e0 un passeport.<\/p>\n<h3><strong>Cons\u00e9quences consid\u00e9rables pour la Suisse<\/strong><\/h3>\n<p>Qu'attend l'UE de cette d\u00e9marche - et pourquoi cette l\u00e9gislation est-elle \u00e9galement essentielle pour la Suisse ? En principe, le passeport pour les batteries doit promouvoir l'\u00e9conomie circulaire pour les batteries industrielles. Ainsi, une batterie de voiture peut \u00eatre \"pr\u00e9par\u00e9e\" de mani\u00e8re optimale pour \u00eatre utilis\u00e9e dans un b\u00e2timent d'habitation, moyennant les adaptations n\u00e9cessaires. La batterie transform\u00e9e est alors utilis\u00e9e pour stocker de l'\u00e9nergie solaire. Ce deuxi\u00e8me cycle de vie (second life) des batteries gourmandes en ressources repr\u00e9sente un pas important vers un avenir plus durable. Un troisi\u00e8me ou un quatri\u00e8me cycle de vie est en principe \u00e9galement possible. Outre cette r\u00e9utilisation, le recyclage des mati\u00e8res premi\u00e8res utilis\u00e9es est \u00e9galement au centre des pr\u00e9occupations, car des m\u00e9taux utiles comme le nickel et le cobalt ainsi que des ressources rares comme le lithium sont utilis\u00e9s dans la construction des batteries.<\/p>\n<p>Pour la Suisse, la th\u00e9matique du passeport-piles est importante pour une raison bien sp\u00e9cifique, comme l'explique Andreas Hutter, directeur du CSEM Battery Innovation Hub : \"Nous disposons dans notre pays d'une importante industrie de seconde vie qui r\u00e9affecte d\u00e9j\u00e0 de nombreuses piles \u00e0 une nouvelle fonction et favorise ainsi la durabilit\u00e9\". Cette branche d\u00e9pend de la possibilit\u00e9 de continuer \u00e0 exporter des batteries vers l'UE ou de s'en procurer dans l'espace europ\u00e9en. C'est pourquoi, \u00e0 partir de 2027, les entreprises de ce secteur seront \u00e9galement tenues de prouver l'identit\u00e9 et l'utilisation ant\u00e9rieure de leurs accumulateurs au moyen d'un passeport pour piles. \"Une solution suisse de passeport pour les batteries est donc un facteur \u00e9conomique important ainsi qu'un futur avantage concurrentiel\", souligne Hutter.<\/p>\n<h3><strong>La coop\u00e9ration apporte des avantages<\/strong><\/h3>\n<p>Afin de pouvoir lancer \u00e0 temps le passeport batterie \"made in Switzerland\", BloqSens AG a entam\u00e9 une coop\u00e9ration avec les sp\u00e9cialistes en batteries du CSEM. La base de cette coop\u00e9ration est un prototype de batterie actuellement en cours de d\u00e9veloppement au CSEM Battery Innovation Hub. Celui-ci sera en mesure de mieux repr\u00e9senter l'\u00e9tat de ses diff\u00e9rentes cellules et d'optimiser ainsi leur dur\u00e9e de vie. C'est sur cette base que BloqSens SA d\u00e9veloppe son application de passeport de batterie. Cela pr\u00e9sente un avantage d\u00e9cisif : comme le prototype du CSEM repr\u00e9sente d\u00e9j\u00e0 la \"batterie intelligente du futur\", BloqSens peut concevoir sa solution de passeport num\u00e9rique de mani\u00e8re \u00e0 ce qu'elle r\u00e9ponde aux exigences \u00e0 venir. On a donc d\u00e9j\u00e0 fait un grand pas en avant au d\u00e9but du projet.\u00a0<\/p>\n<p>Pour le passeport de batterie suisse, Peter Krummenacher et son \u00e9quipe misent sur une solution de stockage d\u00e9centralis\u00e9e qui exploite les avantages de la technologie blockchain. Ainsi, les donn\u00e9es d\u00e9pos\u00e9es sont infalsifiables, peuvent \u00eatre mises \u00e0 jour automatiquement et peuvent \u00eatre utilis\u00e9es \u00e0 tout moment et de mani\u00e8re transparente par les services autoris\u00e9s. \u00c0 l'avenir, chaque batterie sera alors munie d'un code QR qui fournira aux groupes d'utilisateurs pr\u00e9d\u00e9finis des informations sp\u00e9cifiques sur le stockage en question.<\/p>\n<p>Pour Krummenacher, la collaboration avec le CSEM est un gamechanger : \"Les professionnels du CSEM Battery Innovation Hub apportent leur expertise de premier ordre en mati\u00e8re de batteries \u00e0 notre projet commun et nous pouvons nous occuper de tous les aspects informatiques et de s\u00e9curit\u00e9\". C'est ainsi que na\u00eet un passeport pour les batteries qui r\u00e9pond aux exigences europ\u00e9ennes, constitue un nouveau label de qualit\u00e9 en tant que produit suisse - et peut en outre classifier les batteries intelligentes du futur.<\/p>\n<p><em>Source : <a href=\"http:\/\/www.bloqsens.com\">www.bloqsens.com<\/a> \/ <a href=\"http:\/\/www.csem.ch\">www.csem.ch<\/a><\/em><\/p>","protected":false},"excerpt":{"rendered":"<p>Comme l'UE introduira en 2027 un \"passeport obligatoire\" pour les batteries industrielles, les acteurs du march\u00e9 suisse doivent \u00e9galement s'adapter. C'est pourquoi BloqSens AG s'associe au CSEM pour lancer un passeport num\u00e9rique pour les batteries conforme \u00e0 l'UE et \"Made in Switzerland\".<\/p>","protected":false},"author":58,"featured_media":27296,"comment_status":"closed","ping_status":"closed","sticky":false,"template":"","format":"standard","meta":{"_acf_changed":false,"_yoast_wpseo_focuskw":"Batteriepass","_yoast_wpseo_metadesc":"Weil die EU per 2027 eine \u00abPasspflicht\u00bb f\u00fcr industrielle Batterien einf\u00fchrt, m\u00fcssen sich auch Schweizer Marktteilnehmer anpassen.","articlekey":"","footnotes":""},"categories":[580],"tags":[4235,1787,424,492],"class_list":["post-27295","post","type-post","status-publish","format-standard","has-post-thumbnail","hentry","category-sustainability","tag-batteriepass","tag-nachhaltigkeit","tag-schweiz","tag-unternehmen"],"acf":[],"yoast_head":"<!-- This site is optimized with the Yoast SEO plugin v27.5 - https:\/\/yoast.com\/product\/yoast-seo-wordpress\/ -->\n<title>Die Arbeiten am Schweizer \u00abBatteriepass\u00bb laufen auf Hochtouren - Organisator<\/title>\n<meta name=\"description\" content=\"Weil die EU per 2027 eine \u00abPasspflicht\u00bb f\u00fcr industrielle Batterien einf\u00fchrt, m\u00fcssen sich auch Schweizer Marktteilnehmer anpassen.\" \/>\n<meta name=\"robots\" content=\"index, follow, max-snippet:-1, max-image-preview:large, max-video-preview:-1\" \/>\n<link rel=\"canonical\" href=\"https:\/\/www.organisator.ch\/fr\/sustainability\/2024-05-29\/die-arbeiten-am-schweizer-batteriepass-laufen-auf-hochtouren\/\" \/>\n<meta property=\"og:locale\" content=\"fr_FR\" \/>\n<meta property=\"og:type\" content=\"article\" \/>\n<meta property=\"og:title\" content=\"Die Arbeiten am Schweizer \u00abBatteriepass\u00bb laufen auf Hochtouren\" \/>\n<meta property=\"og:description\" content=\"Weil die EU per 2027 eine \u00abPasspflicht\u00bb f\u00fcr industrielle Batterien einf\u00fchrt, m\u00fcssen sich auch Schweizer Marktteilnehmer anpassen.\" \/>\n<meta property=\"og:url\" content=\"https:\/\/www.organisator.ch\/fr\/sustainability\/2024-05-29\/die-arbeiten-am-schweizer-batteriepass-laufen-auf-hochtouren\/\" \/>\n<meta property=\"og:site_name\" content=\"Organisator\" \/>\n<meta property=\"article:publisher\" content=\"https:\/\/www.facebook.com\/OrganisatorFachmagazin\" \/>\n<meta property=\"article:published_time\" content=\"2024-05-29T08:34:53+00:00\" \/>\n<meta property=\"og:image\" content=\"https:\/\/www.organisator.ch\/wp-content\/uploads\/2024\/05\/BloqSens_Battery-Passport_Bild1_ps.jpg\" \/>\n\t<meta property=\"og:image:width\" content=\"680\" \/>\n\t<meta property=\"og:image:height\" content=\"453\" \/>\n\t<meta property=\"og:image:type\" content=\"image\/jpeg\" \/>\n<meta name=\"author\" content=\"Adelisa Kalajdzini\" \/>\n<meta name=\"twitter:card\" content=\"summary_large_image\" \/>\n<meta name=\"twitter:title\" content=\"Die Arbeiten am Schweizer \u00abBatteriepass\u00bb laufen auf Hochtouren\" \/>\n<meta name=\"twitter:description\" content=\"Weil die #EU per 2027 eine #\u00abPasspflicht\u00bb f\u00fcr industrielle #Batterien einf\u00fchrt, m\u00fcssen sich auch Schweizer Marktteilnehmer anpassen.\" \/>\n<meta name=\"twitter:image\" content=\"https:\/\/www.organisator.ch\/wp-content\/uploads\/2024\/05\/BloqSens_Battery-Passport_Bild1_ps.jpg\" \/>\n<script type=\"application\/ld+json\" class=\"yoast-schema-graph\">{\"@context\":\"https:\\\/\\\/schema.org\",\"@graph\":[{\"@type\":\"Article\",\"@id\":\"https:\\\/\\\/www.organisator.ch\\\/sustainability\\\/2024-05-29\\\/die-arbeiten-am-schweizer-batteriepass-laufen-auf-hochtouren\\\/#article\",\"isPartOf\":{\"@id\":\"https:\\\/\\\/www.organisator.ch\\\/sustainability\\\/2024-05-29\\\/die-arbeiten-am-schweizer-batteriepass-laufen-auf-hochtouren\\\/\"},\"author\":{\"name\":\"Adelisa Kalajdzini\",\"@id\":\"https:\\\/\\\/www.organisator.ch\\\/#\\\/schema\\\/person\\\/2e1314a2172123f874db408d8911d3f3\"},\"headline\":\"Die Arbeiten am Schweizer \u00abBatteriepass\u00bb laufen auf Hochtouren\",\"datePublished\":\"2024-05-29T08:34:53+00:00\",\"mainEntityOfPage\":{\"@id\":\"https:\\\/\\\/www.organisator.ch\\\/sustainability\\\/2024-05-29\\\/die-arbeiten-am-schweizer-batteriepass-laufen-auf-hochtouren\\\/\"},\"wordCount\":663,\"publisher\":{\"@id\":\"https:\\\/\\\/www.organisator.ch\\\/#organization\"},\"image\":{\"@id\":\"https:\\\/\\\/www.organisator.ch\\\/sustainability\\\/2024-05-29\\\/die-arbeiten-am-schweizer-batteriepass-laufen-auf-hochtouren\\\/#primaryimage\"},\"thumbnailUrl\":\"https:\\\/\\\/www.organisator.ch\\\/wp-content\\\/uploads\\\/2024\\\/05\\\/BloqSens_Battery-Passport_Bild1_ps.jpg\",\"keywords\":[\"Batteriepass\",\"Nachhaltigkeit\",\"Schweiz\",\"Unternehmen\"],\"articleSection\":[\"SUSTAINABILITY\"],\"inLanguage\":\"fr-FR\"},{\"@type\":\"WebPage\",\"@id\":\"https:\\\/\\\/www.organisator.ch\\\/sustainability\\\/2024-05-29\\\/die-arbeiten-am-schweizer-batteriepass-laufen-auf-hochtouren\\\/\",\"url\":\"https:\\\/\\\/www.organisator.ch\\\/sustainability\\\/2024-05-29\\\/die-arbeiten-am-schweizer-batteriepass-laufen-auf-hochtouren\\\/\",\"name\":\"Die Arbeiten am Schweizer \u00abBatteriepass\u00bb laufen auf Hochtouren - Organisator\",\"isPartOf\":{\"@id\":\"https:\\\/\\\/www.organisator.ch\\\/#website\"},\"primaryImageOfPage\":{\"@id\":\"https:\\\/\\\/www.organisator.ch\\\/sustainability\\\/2024-05-29\\\/die-arbeiten-am-schweizer-batteriepass-laufen-auf-hochtouren\\\/#primaryimage\"},\"image\":{\"@id\":\"https:\\\/\\\/www.organisator.ch\\\/sustainability\\\/2024-05-29\\\/die-arbeiten-am-schweizer-batteriepass-laufen-auf-hochtouren\\\/#primaryimage\"},\"thumbnailUrl\":\"https:\\\/\\\/www.organisator.ch\\\/wp-content\\\/uploads\\\/2024\\\/05\\\/BloqSens_Battery-Passport_Bild1_ps.jpg\",\"datePublished\":\"2024-05-29T08:34:53+00:00\",\"description\":\"Weil die EU per 2027 eine \u00abPasspflicht\u00bb f\u00fcr industrielle Batterien einf\u00fchrt, m\u00fcssen sich auch Schweizer Marktteilnehmer anpassen.\",\"breadcrumb\":{\"@id\":\"https:\\\/\\\/www.organisator.ch\\\/sustainability\\\/2024-05-29\\\/die-arbeiten-am-schweizer-batteriepass-laufen-auf-hochtouren\\\/#breadcrumb\"},\"inLanguage\":\"fr-FR\",\"potentialAction\":[{\"@type\":\"ReadAction\",\"target\":[\"https:\\\/\\\/www.organisator.ch\\\/sustainability\\\/2024-05-29\\\/die-arbeiten-am-schweizer-batteriepass-laufen-auf-hochtouren\\\/\"]}]},{\"@type\":\"ImageObject\",\"inLanguage\":\"fr-FR\",\"@id\":\"https:\\\/\\\/www.organisator.ch\\\/sustainability\\\/2024-05-29\\\/die-arbeiten-am-schweizer-batteriepass-laufen-auf-hochtouren\\\/#primaryimage\",\"url\":\"https:\\\/\\\/www.organisator.ch\\\/wp-content\\\/uploads\\\/2024\\\/05\\\/BloqSens_Battery-Passport_Bild1_ps.jpg\",\"contentUrl\":\"https:\\\/\\\/www.organisator.ch\\\/wp-content\\\/uploads\\\/2024\\\/05\\\/BloqSens_Battery-Passport_Bild1_ps.jpg\",\"width\":680,\"height\":453,\"caption\":\"Bereits am 18. Februar 2027 m\u00fcssen in der Schweiz s\u00e4mtliche industriell verwendeten Batterien, die im EU-Raum zirkulieren oder dorthin exportiert werden, per Pass identifizier- und nachverfolgbar sein. (Bild: www.bloqsens.com \\\/ www.csem.ch)\"},{\"@type\":\"BreadcrumbList\",\"@id\":\"https:\\\/\\\/www.organisator.ch\\\/sustainability\\\/2024-05-29\\\/die-arbeiten-am-schweizer-batteriepass-laufen-auf-hochtouren\\\/#breadcrumb\",\"itemListElement\":[{\"@type\":\"ListItem\",\"position\":1,\"name\":\"Home\",\"item\":\"https:\\\/\\\/www.organisator.ch\\\/\"},{\"@type\":\"ListItem\",\"position\":2,\"name\":\"Die Arbeiten am Schweizer \u00abBatteriepass\u00bb laufen auf Hochtouren\"}]},{\"@type\":\"WebSite\",\"@id\":\"https:\\\/\\\/www.organisator.ch\\\/#website\",\"url\":\"https:\\\/\\\/www.organisator.ch\\\/\",\"name\":\"Organisator\",\"description\":\"Kompetent. Praxisnah. Der ORGANISATOR bereitet in 10 Ausgaben pro Jahr die wesentlichen Themen f\u00fcr F\u00fchrungskr\u00e4fte von KMU auf.\",\"publisher\":{\"@id\":\"https:\\\/\\\/www.organisator.ch\\\/#organization\"},\"potentialAction\":[{\"@type\":\"SearchAction\",\"target\":{\"@type\":\"EntryPoint\",\"urlTemplate\":\"https:\\\/\\\/www.organisator.ch\\\/?s={search_term_string}\"},\"query-input\":{\"@type\":\"PropertyValueSpecification\",\"valueRequired\":true,\"valueName\":\"search_term_string\"}}],\"inLanguage\":\"fr-FR\"},{\"@type\":\"Organization\",\"@id\":\"https:\\\/\\\/www.organisator.ch\\\/#organization\",\"name\":\"Organisator\",\"url\":\"https:\\\/\\\/www.organisator.ch\\\/\",\"logo\":{\"@type\":\"ImageObject\",\"inLanguage\":\"fr-FR\",\"@id\":\"https:\\\/\\\/www.organisator.ch\\\/#\\\/schema\\\/logo\\\/image\\\/\",\"url\":\"https:\\\/\\\/www.organisator.ch\\\/wp-content\\\/uploads\\\/2022\\\/01\\\/Logo_Organisator_Website.png\",\"contentUrl\":\"https:\\\/\\\/www.organisator.ch\\\/wp-content\\\/uploads\\\/2022\\\/01\\\/Logo_Organisator_Website.png\",\"width\":800,\"height\":77,\"caption\":\"Organisator\"},\"image\":{\"@id\":\"https:\\\/\\\/www.organisator.ch\\\/#\\\/schema\\\/logo\\\/image\\\/\"},\"sameAs\":[\"https:\\\/\\\/www.facebook.com\\\/OrganisatorFachmagazin\",\"https:\\\/\\\/www.linkedin.com\\\/showcase\\\/organisator-das-magazin-fr-kmu\",\"https:\\\/\\\/www.xing.com\\\/news\\\/pages\\\/organisator-ch-695\",\"https:\\\/\\\/www.youtube.com\\\/channel\\\/UCGP2Sq0iWaZwT3BdIAQFYpw\"]},{\"@type\":\"Person\",\"@id\":\"https:\\\/\\\/www.organisator.ch\\\/#\\\/schema\\\/person\\\/2e1314a2172123f874db408d8911d3f3\",\"name\":\"Adelisa Kalajdzini\",\"image\":{\"@type\":\"ImageObject\",\"inLanguage\":\"fr-FR\",\"@id\":\"https:\\\/\\\/secure.gravatar.com\\\/avatar\\\/09a397c22ac58cad6f160ee8306348599df9df58a8ede73696226897b9fa4b24?s=96&d=mm&r=g\",\"url\":\"https:\\\/\\\/secure.gravatar.com\\\/avatar\\\/09a397c22ac58cad6f160ee8306348599df9df58a8ede73696226897b9fa4b24?s=96&d=mm&r=g\",\"contentUrl\":\"https:\\\/\\\/secure.gravatar.com\\\/avatar\\\/09a397c22ac58cad6f160ee8306348599df9df58a8ede73696226897b9fa4b24?s=96&d=mm&r=g\",\"caption\":\"Adelisa Kalajdzini\"},\"url\":\"https:\\\/\\\/www.organisator.ch\\\/fr\\\/author\\\/adelisa-kalajdzini\\\/\"}]}<\/script>\n<!-- \/ Yoast SEO plugin. -->","yoast_head_json":{"title":"Les travaux du \"Passeport de batterie\" suisse battent leur plein - Organisateur","description":"Comme l'UE introduira en 2027 une \"obligation de passeport\" pour les batteries industrielles, les acteurs du march\u00e9 suisse devront \u00e9galement s'adapter.","robots":{"index":"index","follow":"follow","max-snippet":"max-snippet:-1","max-image-preview":"max-image-preview:large","max-video-preview":"max-video-preview:-1"},"canonical":"https:\/\/www.organisator.ch\/fr\/sustainability\/2024-05-29\/die-arbeiten-am-schweizer-batteriepass-laufen-auf-hochtouren\/","og_locale":"fr_FR","og_type":"article","og_title":"Die Arbeiten am Schweizer \u00abBatteriepass\u00bb laufen auf Hochtouren","og_description":"Weil die EU per 2027 eine \u00abPasspflicht\u00bb f\u00fcr industrielle Batterien einf\u00fchrt, m\u00fcssen sich auch Schweizer Marktteilnehmer anpassen.","og_url":"https:\/\/www.organisator.ch\/fr\/sustainability\/2024-05-29\/die-arbeiten-am-schweizer-batteriepass-laufen-auf-hochtouren\/","og_site_name":"Organisator","article_publisher":"https:\/\/www.facebook.com\/OrganisatorFachmagazin","article_published_time":"2024-05-29T08:34:53+00:00","og_image":[{"width":680,"height":453,"url":"https:\/\/www.organisator.ch\/wp-content\/uploads\/2024\/05\/BloqSens_Battery-Passport_Bild1_ps.jpg","type":"image\/jpeg"}],"author":"Adelisa Kalajdzini","twitter_card":"summary_large_image","twitter_title":"Die Arbeiten am Schweizer \u00abBatteriepass\u00bb laufen auf Hochtouren","twitter_description":"Weil die #EU per 2027 eine #\u00abPasspflicht\u00bb f\u00fcr industrielle #Batterien einf\u00fchrt, m\u00fcssen sich auch Schweizer Marktteilnehmer anpassen.","twitter_image":"https:\/\/www.organisator.ch\/wp-content\/uploads\/2024\/05\/BloqSens_Battery-Passport_Bild1_ps.jpg","schema":{"@context":"https:\/\/schema.org","@graph":[{"@type":"Article","@id":"https:\/\/www.organisator.ch\/sustainability\/2024-05-29\/die-arbeiten-am-schweizer-batteriepass-laufen-auf-hochtouren\/#article","isPartOf":{"@id":"https:\/\/www.organisator.ch\/sustainability\/2024-05-29\/die-arbeiten-am-schweizer-batteriepass-laufen-auf-hochtouren\/"},"author":{"name":"Adelisa Kalajdzini","@id":"https:\/\/www.organisator.ch\/#\/schema\/person\/2e1314a2172123f874db408d8911d3f3"},"headline":"Die Arbeiten am Schweizer \u00abBatteriepass\u00bb laufen auf Hochtouren","datePublished":"2024-05-29T08:34:53+00:00","mainEntityOfPage":{"@id":"https:\/\/www.organisator.ch\/sustainability\/2024-05-29\/die-arbeiten-am-schweizer-batteriepass-laufen-auf-hochtouren\/"},"wordCount":663,"publisher":{"@id":"https:\/\/www.organisator.ch\/#organization"},"image":{"@id":"https:\/\/www.organisator.ch\/sustainability\/2024-05-29\/die-arbeiten-am-schweizer-batteriepass-laufen-auf-hochtouren\/#primaryimage"},"thumbnailUrl":"https:\/\/www.organisator.ch\/wp-content\/uploads\/2024\/05\/BloqSens_Battery-Passport_Bild1_ps.jpg","keywords":["Batteriepass","Nachhaltigkeit","Schweiz","Unternehmen"],"articleSection":["SUSTAINABILITY"],"inLanguage":"fr-FR"},{"@type":"WebPage","@id":"https:\/\/www.organisator.ch\/sustainability\/2024-05-29\/die-arbeiten-am-schweizer-batteriepass-laufen-auf-hochtouren\/","url":"https:\/\/www.organisator.ch\/sustainability\/2024-05-29\/die-arbeiten-am-schweizer-batteriepass-laufen-auf-hochtouren\/","name":"Les travaux du \"Passeport de batterie\" suisse battent leur plein - Organisateur","isPartOf":{"@id":"https:\/\/www.organisator.ch\/#website"},"primaryImageOfPage":{"@id":"https:\/\/www.organisator.ch\/sustainability\/2024-05-29\/die-arbeiten-am-schweizer-batteriepass-laufen-auf-hochtouren\/#primaryimage"},"image":{"@id":"https:\/\/www.organisator.ch\/sustainability\/2024-05-29\/die-arbeiten-am-schweizer-batteriepass-laufen-auf-hochtouren\/#primaryimage"},"thumbnailUrl":"https:\/\/www.organisator.ch\/wp-content\/uploads\/2024\/05\/BloqSens_Battery-Passport_Bild1_ps.jpg","datePublished":"2024-05-29T08:34:53+00:00","description":"Comme l'UE introduira en 2027 une \"obligation de passeport\" pour les batteries industrielles, les acteurs du march\u00e9 suisse devront \u00e9galement s'adapter.","breadcrumb":{"@id":"https:\/\/www.organisator.ch\/sustainability\/2024-05-29\/die-arbeiten-am-schweizer-batteriepass-laufen-auf-hochtouren\/#breadcrumb"},"inLanguage":"fr-FR","potentialAction":[{"@type":"ReadAction","target":["https:\/\/www.organisator.ch\/sustainability\/2024-05-29\/die-arbeiten-am-schweizer-batteriepass-laufen-auf-hochtouren\/"]}]},{"@type":"ImageObject","inLanguage":"fr-FR","@id":"https:\/\/www.organisator.ch\/sustainability\/2024-05-29\/die-arbeiten-am-schweizer-batteriepass-laufen-auf-hochtouren\/#primaryimage","url":"https:\/\/www.organisator.ch\/wp-content\/uploads\/2024\/05\/BloqSens_Battery-Passport_Bild1_ps.jpg","contentUrl":"https:\/\/www.organisator.ch\/wp-content\/uploads\/2024\/05\/BloqSens_Battery-Passport_Bild1_ps.jpg","width":680,"height":453,"caption":"Bereits am 18. Februar 2027 m\u00fcssen in der Schweiz s\u00e4mtliche industriell verwendeten Batterien, die im EU-Raum zirkulieren oder dorthin exportiert werden, per Pass identifizier- und nachverfolgbar sein. (Bild: www.bloqsens.com \/ www.csem.ch)"},{"@type":"BreadcrumbList","@id":"https:\/\/www.organisator.ch\/sustainability\/2024-05-29\/die-arbeiten-am-schweizer-batteriepass-laufen-auf-hochtouren\/#breadcrumb","itemListElement":[{"@type":"ListItem","position":1,"name":"Home","item":"https:\/\/www.organisator.ch\/"},{"@type":"ListItem","position":2,"name":"Die Arbeiten am Schweizer \u00abBatteriepass\u00bb laufen auf Hochtouren"}]},{"@type":"WebSite","@id":"https:\/\/www.organisator.ch\/#website","url":"https:\/\/www.organisator.ch\/","name":"Organisateur","description":"Comp\u00e9tence et comp\u00e9tence. Proches de la pratique. L'ORGANISATEUR pr\u00e9pare 10 num\u00e9ros par an sur les th\u00e8mes essentiels pour les dirigeants de PME.","publisher":{"@id":"https:\/\/www.organisator.ch\/#organization"},"potentialAction":[{"@type":"SearchAction","target":{"@type":"EntryPoint","urlTemplate":"https:\/\/www.organisator.ch\/?s={search_term_string}"},"query-input":{"@type":"PropertyValueSpecification","valueRequired":true,"valueName":"search_term_string"}}],"inLanguage":"fr-FR"},{"@type":"Organization","@id":"https:\/\/www.organisator.ch\/#organization","name":"Organisateur","url":"https:\/\/www.organisator.ch\/","logo":{"@type":"ImageObject","inLanguage":"fr-FR","@id":"https:\/\/www.organisator.ch\/#\/schema\/logo\/image\/","url":"https:\/\/www.organisator.ch\/wp-content\/uploads\/2022\/01\/Logo_Organisator_Website.png","contentUrl":"https:\/\/www.organisator.ch\/wp-content\/uploads\/2022\/01\/Logo_Organisator_Website.png","width":800,"height":77,"caption":"Organisator"},"image":{"@id":"https:\/\/www.organisator.ch\/#\/schema\/logo\/image\/"},"sameAs":["https:\/\/www.facebook.com\/OrganisatorFachmagazin","https:\/\/www.linkedin.com\/showcase\/organisator-das-magazin-fr-kmu","https:\/\/www.xing.com\/news\/pages\/organisator-ch-695","https:\/\/www.youtube.com\/channel\/UCGP2Sq0iWaZwT3BdIAQFYpw"]},{"@type":"Person","@id":"https:\/\/www.organisator.ch\/#\/schema\/person\/2e1314a2172123f874db408d8911d3f3","name":"Adelisa Kalajdzini","image":{"@type":"ImageObject","inLanguage":"fr-FR","@id":"https:\/\/secure.gravatar.com\/avatar\/09a397c22ac58cad6f160ee8306348599df9df58a8ede73696226897b9fa4b24?s=96&d=mm&r=g","url":"https:\/\/secure.gravatar.com\/avatar\/09a397c22ac58cad6f160ee8306348599df9df58a8ede73696226897b9fa4b24?s=96&d=mm&r=g","contentUrl":"https:\/\/secure.gravatar.com\/avatar\/09a397c22ac58cad6f160ee8306348599df9df58a8ede73696226897b9fa4b24?s=96&d=mm&r=g","caption":"Adelisa Kalajdzini"},"url":"https:\/\/www.organisator.ch\/fr\/author\/adelisa-kalajdzini\/"}]}},"_links":{"self":[{"href":"https:\/\/www.organisator.ch\/fr\/wp-json\/wp\/v2\/posts\/27295","targetHints":{"allow":["GET"]}}],"collection":[{"href":"https:\/\/www.organisator.ch\/fr\/wp-json\/wp\/v2\/posts"}],"about":[{"href":"https:\/\/www.organisator.ch\/fr\/wp-json\/wp\/v2\/types\/post"}],"author":[{"embeddable":true,"href":"https:\/\/www.organisator.ch\/fr\/wp-json\/wp\/v2\/users\/58"}],"replies":[{"embeddable":true,"href":"https:\/\/www.organisator.ch\/fr\/wp-json\/wp\/v2\/comments?post=27295"}],"version-history":[{"count":2,"href":"https:\/\/www.organisator.ch\/fr\/wp-json\/wp\/v2\/posts\/27295\/revisions"}],"predecessor-version":[{"id":27350,"href":"https:\/\/www.organisator.ch\/fr\/wp-json\/wp\/v2\/posts\/27295\/revisions\/27350"}],"wp:featuredmedia":[{"embeddable":true,"href":"https:\/\/www.organisator.ch\/fr\/wp-json\/wp\/v2\/media\/27296"}],"wp:attachment":[{"href":"https:\/\/www.organisator.ch\/fr\/wp-json\/wp\/v2\/media?parent=27295"}],"wp:term":[{"taxonomy":"category","embeddable":true,"href":"https:\/\/www.organisator.ch\/fr\/wp-json\/wp\/v2\/categories?post=27295"},{"taxonomy":"post_tag","embeddable":true,"href":"https:\/\/www.organisator.ch\/fr\/wp-json\/wp\/v2\/tags?post=27295"}],"curies":[{"name":"wp","href":"https:\/\/api.w.org\/{rel}","templated":true}]}}