{"id":27300,"date":"2024-05-28T09:57:19","date_gmt":"2024-05-28T07:57:19","guid":{"rendered":"https:\/\/www.werbewoche.ch\/?p=215640"},"modified":"2024-11-11T05:11:40","modified_gmt":"2024-11-11T04:11:40","slug":"republica-unterstuetzt-feller-bei-zwei-markeneinfuehrungen","status":"publish","type":"post","link":"https:\/\/www.organisator.ch\/fr\/marketing\/2024-05-28\/republica-unterstuetzt-feller-bei-zwei-markeneinfuehrungen\/","title":{"rendered":"Republica soutient Feller pour le lancement de deux marques"},"content":{"rendered":"<p><img class=\"aligncenter wp-image-215645 size-full\" src=\"https:\/\/www.werbewoche.ch\/wp-content\/uploads\/2024\/05\/edizio-liv-feller-republica.jpg\" alt=\"Feller Edizio.liv\" width=\"1182\" height=\"512\" \/><\/p>\r\n<p class=\"Default\"><span style=\"font-size: 11.0pt\">Des interrupteurs et des prises de Feller sont install\u00e9s dans de nombreux foyers suisses. L'entreprise, active depuis 1909, a r\u00e9cemment lanc\u00e9 la nouvelle ligne design \"Edizio.liv\". <\/span><\/p>\r\n<p class=\"Default\"><span style=\"font-size: 11.0pt\">Avec une campagne \u00e9l\u00e9gante, Republica met en sc\u00e8ne la nouvelle g\u00e9n\u00e9ration d'Edizio de mani\u00e8re styl\u00e9e. La campagne montre comment le design clair et intemporel s'adapte parfaitement \u00e0 chaque style d'habitat. Un interrupteur fait partie des objets auxquels on pr\u00eate peu d'attention au quotidien - bien qu'il ait une signification centrale. Il suffit d'appuyer sur un bouton pour que la lumi\u00e8re et la vie s'installent dans la maison. C'est pr\u00e9cis\u00e9ment ce moment que la campagne met en sc\u00e8ne dans les annonces, les banni\u00e8res et les films en ligne. <\/span><\/p>\r\n<p class=\"Default\"><span style=\"font-size: 11.0pt\">Les films et les visuels sont destin\u00e9s \u00e0 attirer l'attention des architectes, des \u00e9lectriciens et des ma\u00eetres d'ouvrage. Ils sont diffus\u00e9s sur des canaux payants et propri\u00e9taires ainsi que dans des revues sp\u00e9cialis\u00e9es. <\/span><\/p>\r\n<h3 class=\"Default\"><b><span style=\"font-size: 11.0pt\">Lancement de Snapfix<\/span><\/b><b><span style=\"font-size: 7.0pt\"> accompagne<\/span><\/b><\/h3>\r\n<p class=\"Default\"><span style=\"font-size: 11.0pt\">En outre, Feller lance avec \"Snapfix<\/span><b> <\/b><span style=\"font-size: 11.0pt\">un nouveau syst\u00e8me de fixation brevet\u00e9 pour les interrupteurs, les prises et les technologies intelligentes. Ce syst\u00e8me intelligent et bien pens\u00e9 vise \u00e0 faciliter le travail des installateurs \u00e9lectriques tout en respectant les proc\u00e9dures bien rod\u00e9es. <\/span><\/p>\r\n<p class=\"Default\"><span style=\"font-size: 11.0pt\">Republica a cr\u00e9\u00e9 pour Feller Snapfix<\/span><b> <\/b><span style=\"font-size: 11.0pt\">a cr\u00e9\u00e9 une campagne sympathique et accompagne le lancement sur le march\u00e9 par diff\u00e9rentes mesures. Les professionnels de l'installation, pour lesquels le nouveau syst\u00e8me est d'une grande importance dans leur travail quotidien, sont au centre de cette campagne. La campagne fait le portrait d'une installateur-\u00e9lectricien et de deux installateurs-\u00e9lectriciens au travail et montre comment le nouveau syst\u00e8me est mont\u00e9 en quelques gestes seulement. Le lancement sur le march\u00e9 est compl\u00e9t\u00e9 et \u00e9largi par des vid\u00e9os d'installation, des documents de formation, des brochures et des moyens de communication d'accompagnement pour le commerce de gros.<\/span><\/p>\r\n<p><img class=\"aligncenter size-full wp-image-215644\" src=\"https:\/\/www.werbewoche.ch\/wp-content\/uploads\/2024\/05\/SNAPFIX-scaled.jpg\" alt=\"\" width=\"1300\" height=\"866\" \/><\/p>","protected":false},"excerpt":{"rendered":"<p>L'agence bernoise Republica a soutenu Feller avec diverses mesures de communication lors du lancement de la ligne de design Edizio.liv et de l'introduction sur le march\u00e9 du nouveau syst\u00e8me de fixation Snapfix.<\/p>","protected":false},"author":8,"featured_media":0,"comment_status":"closed","ping_status":"closed","sticky":false,"template":"","format":"standard","meta":{"_acf_changed":false,"_yoast_wpseo_focuskw":"Feller Edizio.liv","_yoast_wpseo_metadesc":"Feller lanciert Edizio.liv Designlinie und Snapfix System. Elegante Kampagne und einfache Installation f\u00fcr Profis.","articlekey":"","footnotes":""},"categories":[29],"tags":[2617,3535],"class_list":["post-27300","post","type-post","status-publish","format-standard","hentry","category-marketing","tag-marken","tag-republica"],"acf":[],"yoast_head":"<!-- This site is optimized with the Yoast SEO plugin v27.5 - https:\/\/yoast.com\/product\/yoast-seo-wordpress\/ -->\n<title>Republica unterst\u00fctzt Feller bei zwei Markeneinf\u00fchrungen - Organisator<\/title>\n<meta name=\"description\" content=\"Feller lanciert Edizio.liv Designlinie und Snapfix System. Elegante Kampagne und einfache Installation f\u00fcr Profis.\" \/>\n<meta name=\"robots\" content=\"index, follow, max-snippet:-1, max-image-preview:large, max-video-preview:-1\" \/>\n<link rel=\"canonical\" href=\"https:\/\/www.organisator.ch\/fr\/marketing\/2024-05-28\/republica-unterstuetzt-feller-bei-zwei-markeneinfuehrungen\/\" \/>\n<meta property=\"og:locale\" content=\"fr_FR\" \/>\n<meta property=\"og:type\" content=\"article\" \/>\n<meta property=\"og:title\" content=\"Republica unterst\u00fctzt Feller bei zwei Markeneinf\u00fchrungen - Organisator\" \/>\n<meta property=\"og:description\" content=\"Feller lanciert Edizio.liv Designlinie und Snapfix System. Elegante Kampagne und einfache Installation f\u00fcr Profis.\" \/>\n<meta property=\"og:url\" content=\"https:\/\/www.organisator.ch\/fr\/marketing\/2024-05-28\/republica-unterstuetzt-feller-bei-zwei-markeneinfuehrungen\/\" \/>\n<meta property=\"og:site_name\" content=\"Organisator\" \/>\n<meta property=\"article:publisher\" content=\"https:\/\/www.facebook.com\/OrganisatorFachmagazin\" \/>\n<meta property=\"article:published_time\" content=\"2024-05-28T07:57:19+00:00\" \/>\n<meta property=\"article:modified_time\" content=\"2024-11-11T04:11:40+00:00\" \/>\n<meta property=\"og:image\" content=\"https:\/\/www.werbewoche.ch\/wp-content\/uploads\/2024\/05\/edizio-liv-feller-republica.jpg\" \/>\n<meta name=\"author\" content=\"galledia\" \/>\n<meta name=\"twitter:card\" content=\"summary_large_image\" \/>\n<meta name=\"twitter:creator\" content=\"@admin\" \/>\n<script type=\"application\/ld+json\" class=\"yoast-schema-graph\">{\"@context\":\"https:\\\/\\\/schema.org\",\"@graph\":[{\"@type\":\"Article\",\"@id\":\"https:\\\/\\\/www.organisator.ch\\\/marketing\\\/2024-05-28\\\/republica-unterstuetzt-feller-bei-zwei-markeneinfuehrungen\\\/#article\",\"isPartOf\":{\"@id\":\"https:\\\/\\\/www.organisator.ch\\\/marketing\\\/2024-05-28\\\/republica-unterstuetzt-feller-bei-zwei-markeneinfuehrungen\\\/\"},\"author\":{\"name\":\"galledia\",\"@id\":\"https:\\\/\\\/www.organisator.ch\\\/#\\\/schema\\\/person\\\/4e51799071cd2dd1232ac003643ef5f0\"},\"headline\":\"Republica unterst\u00fctzt Feller bei zwei Markeneinf\u00fchrungen\",\"datePublished\":\"2024-05-28T07:57:19+00:00\",\"dateModified\":\"2024-11-11T04:11:40+00:00\",\"mainEntityOfPage\":{\"@id\":\"https:\\\/\\\/www.organisator.ch\\\/marketing\\\/2024-05-28\\\/republica-unterstuetzt-feller-bei-zwei-markeneinfuehrungen\\\/\"},\"wordCount\":259,\"publisher\":{\"@id\":\"https:\\\/\\\/www.organisator.ch\\\/#organization\"},\"image\":{\"@id\":\"https:\\\/\\\/www.organisator.ch\\\/marketing\\\/2024-05-28\\\/republica-unterstuetzt-feller-bei-zwei-markeneinfuehrungen\\\/#primaryimage\"},\"thumbnailUrl\":\"https:\\\/\\\/www.werbewoche.ch\\\/wp-content\\\/uploads\\\/2024\\\/05\\\/edizio-liv-feller-republica.jpg\",\"keywords\":[\"Marken\",\"Republica\"],\"articleSection\":[\"MARKETING\"],\"inLanguage\":\"fr-FR\"},{\"@type\":\"WebPage\",\"@id\":\"https:\\\/\\\/www.organisator.ch\\\/marketing\\\/2024-05-28\\\/republica-unterstuetzt-feller-bei-zwei-markeneinfuehrungen\\\/\",\"url\":\"https:\\\/\\\/www.organisator.ch\\\/marketing\\\/2024-05-28\\\/republica-unterstuetzt-feller-bei-zwei-markeneinfuehrungen\\\/\",\"name\":\"Republica unterst\u00fctzt Feller bei zwei Markeneinf\u00fchrungen - Organisator\",\"isPartOf\":{\"@id\":\"https:\\\/\\\/www.organisator.ch\\\/#website\"},\"primaryImageOfPage\":{\"@id\":\"https:\\\/\\\/www.organisator.ch\\\/marketing\\\/2024-05-28\\\/republica-unterstuetzt-feller-bei-zwei-markeneinfuehrungen\\\/#primaryimage\"},\"image\":{\"@id\":\"https:\\\/\\\/www.organisator.ch\\\/marketing\\\/2024-05-28\\\/republica-unterstuetzt-feller-bei-zwei-markeneinfuehrungen\\\/#primaryimage\"},\"thumbnailUrl\":\"https:\\\/\\\/www.werbewoche.ch\\\/wp-content\\\/uploads\\\/2024\\\/05\\\/edizio-liv-feller-republica.jpg\",\"datePublished\":\"2024-05-28T07:57:19+00:00\",\"dateModified\":\"2024-11-11T04:11:40+00:00\",\"description\":\"Feller lanciert Edizio.liv Designlinie und Snapfix System. Elegante Kampagne und einfache Installation f\u00fcr Profis.\",\"breadcrumb\":{\"@id\":\"https:\\\/\\\/www.organisator.ch\\\/marketing\\\/2024-05-28\\\/republica-unterstuetzt-feller-bei-zwei-markeneinfuehrungen\\\/#breadcrumb\"},\"inLanguage\":\"fr-FR\",\"potentialAction\":[{\"@type\":\"ReadAction\",\"target\":[\"https:\\\/\\\/www.organisator.ch\\\/marketing\\\/2024-05-28\\\/republica-unterstuetzt-feller-bei-zwei-markeneinfuehrungen\\\/\"]}]},{\"@type\":\"ImageObject\",\"inLanguage\":\"fr-FR\",\"@id\":\"https:\\\/\\\/www.organisator.ch\\\/marketing\\\/2024-05-28\\\/republica-unterstuetzt-feller-bei-zwei-markeneinfuehrungen\\\/#primaryimage\",\"url\":\"https:\\\/\\\/www.werbewoche.ch\\\/wp-content\\\/uploads\\\/2024\\\/05\\\/edizio-liv-feller-republica.jpg\",\"contentUrl\":\"https:\\\/\\\/www.werbewoche.ch\\\/wp-content\\\/uploads\\\/2024\\\/05\\\/edizio-liv-feller-republica.jpg\"},{\"@type\":\"BreadcrumbList\",\"@id\":\"https:\\\/\\\/www.organisator.ch\\\/marketing\\\/2024-05-28\\\/republica-unterstuetzt-feller-bei-zwei-markeneinfuehrungen\\\/#breadcrumb\",\"itemListElement\":[{\"@type\":\"ListItem\",\"position\":1,\"name\":\"Home\",\"item\":\"https:\\\/\\\/www.organisator.ch\\\/\"},{\"@type\":\"ListItem\",\"position\":2,\"name\":\"Republica unterst\u00fctzt Feller bei zwei Markeneinf\u00fchrungen\"}]},{\"@type\":\"WebSite\",\"@id\":\"https:\\\/\\\/www.organisator.ch\\\/#website\",\"url\":\"https:\\\/\\\/www.organisator.ch\\\/\",\"name\":\"Organisator\",\"description\":\"Kompetent. Praxisnah. Der ORGANISATOR bereitet in 10 Ausgaben pro Jahr die wesentlichen Themen f\u00fcr F\u00fchrungskr\u00e4fte von KMU auf.\",\"publisher\":{\"@id\":\"https:\\\/\\\/www.organisator.ch\\\/#organization\"},\"potentialAction\":[{\"@type\":\"SearchAction\",\"target\":{\"@type\":\"EntryPoint\",\"urlTemplate\":\"https:\\\/\\\/www.organisator.ch\\\/?s={search_term_string}\"},\"query-input\":{\"@type\":\"PropertyValueSpecification\",\"valueRequired\":true,\"valueName\":\"search_term_string\"}}],\"inLanguage\":\"fr-FR\"},{\"@type\":\"Organization\",\"@id\":\"https:\\\/\\\/www.organisator.ch\\\/#organization\",\"name\":\"Organisator\",\"url\":\"https:\\\/\\\/www.organisator.ch\\\/\",\"logo\":{\"@type\":\"ImageObject\",\"inLanguage\":\"fr-FR\",\"@id\":\"https:\\\/\\\/www.organisator.ch\\\/#\\\/schema\\\/logo\\\/image\\\/\",\"url\":\"https:\\\/\\\/www.organisator.ch\\\/wp-content\\\/uploads\\\/2022\\\/01\\\/Logo_Organisator_Website.png\",\"contentUrl\":\"https:\\\/\\\/www.organisator.ch\\\/wp-content\\\/uploads\\\/2022\\\/01\\\/Logo_Organisator_Website.png\",\"width\":800,\"height\":77,\"caption\":\"Organisator\"},\"image\":{\"@id\":\"https:\\\/\\\/www.organisator.ch\\\/#\\\/schema\\\/logo\\\/image\\\/\"},\"sameAs\":[\"https:\\\/\\\/www.facebook.com\\\/OrganisatorFachmagazin\",\"https:\\\/\\\/www.linkedin.com\\\/showcase\\\/organisator-das-magazin-fr-kmu\",\"https:\\\/\\\/www.xing.com\\\/news\\\/pages\\\/organisator-ch-695\",\"https:\\\/\\\/www.youtube.com\\\/channel\\\/UCGP2Sq0iWaZwT3BdIAQFYpw\"]},{\"@type\":\"Person\",\"@id\":\"https:\\\/\\\/www.organisator.ch\\\/#\\\/schema\\\/person\\\/4e51799071cd2dd1232ac003643ef5f0\",\"name\":\"galledia\",\"image\":{\"@type\":\"ImageObject\",\"inLanguage\":\"fr-FR\",\"@id\":\"https:\\\/\\\/secure.gravatar.com\\\/avatar\\\/78a7f90c01fc2bfc875782a0d4922b37cde2cf184ce347b91316d23cd7f69a36?s=96&d=mm&r=g\",\"url\":\"https:\\\/\\\/secure.gravatar.com\\\/avatar\\\/78a7f90c01fc2bfc875782a0d4922b37cde2cf184ce347b91316d23cd7f69a36?s=96&d=mm&r=g\",\"contentUrl\":\"https:\\\/\\\/secure.gravatar.com\\\/avatar\\\/78a7f90c01fc2bfc875782a0d4922b37cde2cf184ce347b91316d23cd7f69a36?s=96&d=mm&r=g\",\"caption\":\"galledia\"},\"sameAs\":[\"https:\\\/\\\/x.com\\\/admin\"],\"url\":\"https:\\\/\\\/www.organisator.ch\\\/fr\\\/author\\\/galledia\\\/\"}]}<\/script>\n<!-- \/ Yoast SEO plugin. -->","yoast_head_json":{"title":"Republica soutient Feller lors du lancement de deux marques - Organisateur","description":"Feller lance la ligne design Edizio.liv et le syst\u00e8me Snapfix. Une campagne \u00e9l\u00e9gante et une installation facile pour les professionnels.","robots":{"index":"index","follow":"follow","max-snippet":"max-snippet:-1","max-image-preview":"max-image-preview:large","max-video-preview":"max-video-preview:-1"},"canonical":"https:\/\/www.organisator.ch\/fr\/marketing\/2024-05-28\/republica-unterstuetzt-feller-bei-zwei-markeneinfuehrungen\/","og_locale":"fr_FR","og_type":"article","og_title":"Republica unterst\u00fctzt Feller bei zwei Markeneinf\u00fchrungen - Organisator","og_description":"Feller lanciert Edizio.liv Designlinie und Snapfix System. Elegante Kampagne und einfache Installation f\u00fcr Profis.","og_url":"https:\/\/www.organisator.ch\/fr\/marketing\/2024-05-28\/republica-unterstuetzt-feller-bei-zwei-markeneinfuehrungen\/","og_site_name":"Organisator","article_publisher":"https:\/\/www.facebook.com\/OrganisatorFachmagazin","article_published_time":"2024-05-28T07:57:19+00:00","article_modified_time":"2024-11-11T04:11:40+00:00","og_image":[{"url":"https:\/\/www.werbewoche.ch\/wp-content\/uploads\/2024\/05\/edizio-liv-feller-republica.jpg","type":"","width":"","height":""}],"author":"galledia","twitter_card":"summary_large_image","twitter_creator":"@admin","schema":{"@context":"https:\/\/schema.org","@graph":[{"@type":"Article","@id":"https:\/\/www.organisator.ch\/marketing\/2024-05-28\/republica-unterstuetzt-feller-bei-zwei-markeneinfuehrungen\/#article","isPartOf":{"@id":"https:\/\/www.organisator.ch\/marketing\/2024-05-28\/republica-unterstuetzt-feller-bei-zwei-markeneinfuehrungen\/"},"author":{"name":"galledia","@id":"https:\/\/www.organisator.ch\/#\/schema\/person\/4e51799071cd2dd1232ac003643ef5f0"},"headline":"Republica unterst\u00fctzt Feller bei zwei Markeneinf\u00fchrungen","datePublished":"2024-05-28T07:57:19+00:00","dateModified":"2024-11-11T04:11:40+00:00","mainEntityOfPage":{"@id":"https:\/\/www.organisator.ch\/marketing\/2024-05-28\/republica-unterstuetzt-feller-bei-zwei-markeneinfuehrungen\/"},"wordCount":259,"publisher":{"@id":"https:\/\/www.organisator.ch\/#organization"},"image":{"@id":"https:\/\/www.organisator.ch\/marketing\/2024-05-28\/republica-unterstuetzt-feller-bei-zwei-markeneinfuehrungen\/#primaryimage"},"thumbnailUrl":"https:\/\/www.werbewoche.ch\/wp-content\/uploads\/2024\/05\/edizio-liv-feller-republica.jpg","keywords":["Marken","Republica"],"articleSection":["MARKETING"],"inLanguage":"fr-FR"},{"@type":"WebPage","@id":"https:\/\/www.organisator.ch\/marketing\/2024-05-28\/republica-unterstuetzt-feller-bei-zwei-markeneinfuehrungen\/","url":"https:\/\/www.organisator.ch\/marketing\/2024-05-28\/republica-unterstuetzt-feller-bei-zwei-markeneinfuehrungen\/","name":"Republica soutient Feller lors du lancement de deux marques - Organisateur","isPartOf":{"@id":"https:\/\/www.organisator.ch\/#website"},"primaryImageOfPage":{"@id":"https:\/\/www.organisator.ch\/marketing\/2024-05-28\/republica-unterstuetzt-feller-bei-zwei-markeneinfuehrungen\/#primaryimage"},"image":{"@id":"https:\/\/www.organisator.ch\/marketing\/2024-05-28\/republica-unterstuetzt-feller-bei-zwei-markeneinfuehrungen\/#primaryimage"},"thumbnailUrl":"https:\/\/www.werbewoche.ch\/wp-content\/uploads\/2024\/05\/edizio-liv-feller-republica.jpg","datePublished":"2024-05-28T07:57:19+00:00","dateModified":"2024-11-11T04:11:40+00:00","description":"Feller lance la ligne design Edizio.liv et le syst\u00e8me Snapfix. Une campagne \u00e9l\u00e9gante et une installation facile pour les professionnels.","breadcrumb":{"@id":"https:\/\/www.organisator.ch\/marketing\/2024-05-28\/republica-unterstuetzt-feller-bei-zwei-markeneinfuehrungen\/#breadcrumb"},"inLanguage":"fr-FR","potentialAction":[{"@type":"ReadAction","target":["https:\/\/www.organisator.ch\/marketing\/2024-05-28\/republica-unterstuetzt-feller-bei-zwei-markeneinfuehrungen\/"]}]},{"@type":"ImageObject","inLanguage":"fr-FR","@id":"https:\/\/www.organisator.ch\/marketing\/2024-05-28\/republica-unterstuetzt-feller-bei-zwei-markeneinfuehrungen\/#primaryimage","url":"https:\/\/www.werbewoche.ch\/wp-content\/uploads\/2024\/05\/edizio-liv-feller-republica.jpg","contentUrl":"https:\/\/www.werbewoche.ch\/wp-content\/uploads\/2024\/05\/edizio-liv-feller-republica.jpg"},{"@type":"BreadcrumbList","@id":"https:\/\/www.organisator.ch\/marketing\/2024-05-28\/republica-unterstuetzt-feller-bei-zwei-markeneinfuehrungen\/#breadcrumb","itemListElement":[{"@type":"ListItem","position":1,"name":"Home","item":"https:\/\/www.organisator.ch\/"},{"@type":"ListItem","position":2,"name":"Republica unterst\u00fctzt Feller bei zwei Markeneinf\u00fchrungen"}]},{"@type":"WebSite","@id":"https:\/\/www.organisator.ch\/#website","url":"https:\/\/www.organisator.ch\/","name":"Organisateur","description":"Comp\u00e9tence et comp\u00e9tence. Proches de la pratique. L'ORGANISATEUR pr\u00e9pare 10 num\u00e9ros par an sur les th\u00e8mes essentiels pour les dirigeants de PME.","publisher":{"@id":"https:\/\/www.organisator.ch\/#organization"},"potentialAction":[{"@type":"SearchAction","target":{"@type":"EntryPoint","urlTemplate":"https:\/\/www.organisator.ch\/?s={search_term_string}"},"query-input":{"@type":"PropertyValueSpecification","valueRequired":true,"valueName":"search_term_string"}}],"inLanguage":"fr-FR"},{"@type":"Organization","@id":"https:\/\/www.organisator.ch\/#organization","name":"Organisateur","url":"https:\/\/www.organisator.ch\/","logo":{"@type":"ImageObject","inLanguage":"fr-FR","@id":"https:\/\/www.organisator.ch\/#\/schema\/logo\/image\/","url":"https:\/\/www.organisator.ch\/wp-content\/uploads\/2022\/01\/Logo_Organisator_Website.png","contentUrl":"https:\/\/www.organisator.ch\/wp-content\/uploads\/2022\/01\/Logo_Organisator_Website.png","width":800,"height":77,"caption":"Organisator"},"image":{"@id":"https:\/\/www.organisator.ch\/#\/schema\/logo\/image\/"},"sameAs":["https:\/\/www.facebook.com\/OrganisatorFachmagazin","https:\/\/www.linkedin.com\/showcase\/organisator-das-magazin-fr-kmu","https:\/\/www.xing.com\/news\/pages\/organisator-ch-695","https:\/\/www.youtube.com\/channel\/UCGP2Sq0iWaZwT3BdIAQFYpw"]},{"@type":"Person","@id":"https:\/\/www.organisator.ch\/#\/schema\/person\/4e51799071cd2dd1232ac003643ef5f0","name":"galledia","image":{"@type":"ImageObject","inLanguage":"fr-FR","@id":"https:\/\/secure.gravatar.com\/avatar\/78a7f90c01fc2bfc875782a0d4922b37cde2cf184ce347b91316d23cd7f69a36?s=96&d=mm&r=g","url":"https:\/\/secure.gravatar.com\/avatar\/78a7f90c01fc2bfc875782a0d4922b37cde2cf184ce347b91316d23cd7f69a36?s=96&d=mm&r=g","contentUrl":"https:\/\/secure.gravatar.com\/avatar\/78a7f90c01fc2bfc875782a0d4922b37cde2cf184ce347b91316d23cd7f69a36?s=96&d=mm&r=g","caption":"galledia"},"sameAs":["https:\/\/x.com\/admin"],"url":"https:\/\/www.organisator.ch\/fr\/author\/galledia\/"}]}},"_links":{"self":[{"href":"https:\/\/www.organisator.ch\/fr\/wp-json\/wp\/v2\/posts\/27300","targetHints":{"allow":["GET"]}}],"collection":[{"href":"https:\/\/www.organisator.ch\/fr\/wp-json\/wp\/v2\/posts"}],"about":[{"href":"https:\/\/www.organisator.ch\/fr\/wp-json\/wp\/v2\/types\/post"}],"author":[{"embeddable":true,"href":"https:\/\/www.organisator.ch\/fr\/wp-json\/wp\/v2\/users\/8"}],"replies":[{"embeddable":true,"href":"https:\/\/www.organisator.ch\/fr\/wp-json\/wp\/v2\/comments?post=27300"}],"version-history":[{"count":3,"href":"https:\/\/www.organisator.ch\/fr\/wp-json\/wp\/v2\/posts\/27300\/revisions"}],"predecessor-version":[{"id":32230,"href":"https:\/\/www.organisator.ch\/fr\/wp-json\/wp\/v2\/posts\/27300\/revisions\/32230"}],"wp:attachment":[{"href":"https:\/\/www.organisator.ch\/fr\/wp-json\/wp\/v2\/media?parent=27300"}],"wp:term":[{"taxonomy":"category","embeddable":true,"href":"https:\/\/www.organisator.ch\/fr\/wp-json\/wp\/v2\/categories?post=27300"},{"taxonomy":"post_tag","embeddable":true,"href":"https:\/\/www.organisator.ch\/fr\/wp-json\/wp\/v2\/tags?post=27300"}],"curies":[{"name":"wp","href":"https:\/\/api.w.org\/{rel}","templated":true}]}}