{"id":27305,"date":"2024-05-28T13:31:19","date_gmt":"2024-05-28T11:31:19","guid":{"rendered":"https:\/\/www.m-q.ch\/?p=19789"},"modified":"2024-11-11T05:08:02","modified_gmt":"2024-11-11T04:08:02","slug":"esg-berichterstattung-bei-schweizer-unternehmen-ist-ausbaufaehig","status":"publish","type":"post","link":"https:\/\/www.organisator.ch\/fr\/operational-excellence\/2024-05-28\/esg-berichterstattung-bei-schweizer-unternehmen-ist-ausbaufaehig\/","title":{"rendered":"Le reporting ESG des entreprises suisses peut \u00eatre am\u00e9lior\u00e9"},"content":{"rendered":"<figure id=\"attachment_19791\" class=\"wp-caption alignnone\" style=\"width: 680px\" aria-describedby=\"caption-attachment-19791\"><img class=\"alignnone wp-image-19791 size-full\" src=\"https:\/\/www.m-q.ch\/wp-content\/uploads\/2024\/05\/ESG_Bild1_ps.jpg\" alt=\"Donn\u00e9es ESG \" width=\"680\" height=\"418\" \/>\r\n<figcaption id=\"caption-attachment-19791\" class=\"wp-caption-text\">La cinqui\u00e8me \"Swiss Managers Survey\" a interrog\u00e9 en avril et mai 2024 entreprises suisses sur le th\u00e8me ESG (Environmental, Social and Governance). (Image : www.depositphotos.com)<\/figcaption>\r\n<\/figure>\r\n<p>Les dirigeants reconnaissent la valeur strat\u00e9gique des donn\u00e9es ESG, mais leur utilisation efficace pour augmenter le succ\u00e8s de l'entreprise n\u00e9cessite un d\u00e9veloppement suppl\u00e9mentaire. C'est ce que montre une enqu\u00eate r\u00e9cente men\u00e9e aupr\u00e8s d'entreprises suisses par la ZHAW School of Management and Law.<\/p>\r\n<p>La cinqui\u00e8me \"Swiss Managers Survey\" a interrog\u00e9 en avril et mai 2024 entreprises suisses sur le th\u00e8me ESG (Environmental, Social and Governance). Cette enqu\u00eate repr\u00e9sentative a \u00e9t\u00e9 men\u00e9e par la Z\u00fcrcher Hochschule f\u00fcr Angewandte Wissenschaften (ZHAW), la Fachhochschule Graub\u00fcnden (FH Graub\u00fcnden), la Scuola universitaria professionale della Svizzera italiana (SUPSI) et la Haute \u00c9cole Arc (HE-Arc). Avec plus de 400 managers participants de toutes les r\u00e9gions du pays, l'enqu\u00eate fournit une image compl\u00e8te du climat en mati\u00e8re d'environnement, de social et de gouvernance (ESG) dans les entreprises suisses.\u00a0<\/p>\r\n<h3><strong>Impact l\u00e9gal sur le reporting ESG<\/strong><\/h3>\r\n<p>L'introduction r\u00e9cente de directives sur le reporting de durabilit\u00e9 des entreprises (CSRD) dans l'Union europ\u00e9enne et l'ordonnance sur le reporting climatique obligatoire en Suisse ont fait de la question ESG une priorit\u00e9 pour de nombreux managers. Pourtant, une part importante des entreprises ne semble pas \u00eatre pr\u00e9par\u00e9e au nouveau reporting ESG. Seulement un peu plus de 40% des entreprises suisses publieront un rapport ESG en 2024. \"Il est particuli\u00e8rement alarmant de constater que 10 pour cent des entreprises d\u00e9sormais l\u00e9galement tenues de publier un rapport ne le feront pas cette ann\u00e9e\", d\u00e9clare Siyana Gurova du Center for Global Competitiveness \u00e0 la ZHAW School of Management and Law.\u00a0<\/p>\r\n<p>Alors que la volont\u00e9 g\u00e9n\u00e9rale de publier des rapports ESG est \u00e9lev\u00e9e, il existe dans la pratique des d\u00e9fis tels que des probl\u00e8mes techniques et un manque de personnel sp\u00e9cialis\u00e9. Alors que pr\u00e8s de la moiti\u00e9 des multinationales ont un:n responsable ESG d\u00e9di\u00e9:n au sein de leur direction g\u00e9n\u00e9rale, ce chiffre est inf\u00e9rieur \u00e0 30 % pour les petites et moyennes entreprises. La taille de l'entreprise n'est pas le seul facteur \u00e0 influencer la volont\u00e9 de respecter les normes ESG et d'en rendre compte, les r\u00e9gions linguistiques jouent \u00e9galement un r\u00f4le important. Les r\u00e9gions francophones, en particulier, sont \u00e0 la tra\u00eene.<\/p>\r\n<h3><strong>Les entreprises sont de plus en plus conscientes\u00a0<\/strong><\/h3>\r\n<p>Malgr\u00e9 une faible augmentation du nombre d'entreprises qui pr\u00e9voient de faire rapport sur les questions ESG en 2024 - environ trois points de pourcentage de plus qu'en 2023 - l'enqu\u00eate montre que l'importance des activit\u00e9s ESG a consid\u00e9rablement augment\u00e9 au cours des trois derni\u00e8res ann\u00e9es, notamment en ce qui concerne les pr\u00e9occupations environnementales. Cette augmentation montre une prise de conscience croissante, qui d\u00e9clenche souvent des changements organisationnels substantiels. En revanche, les dimensions sociales de l'ESG, telles que l'\u00e9galit\u00e9 des revenus (entre hommes et femmes), la s\u00e9curit\u00e9 au travail et les pratiques de travail chez les fournisseurs, sont celles qui ont le moins gagn\u00e9 en importance.<\/p>\r\n<h3><strong>Perception diff\u00e9rente dans les r\u00e9gions linguistiques\u00a0<\/strong><\/h3>\r\n<p>La perception de l'impact financier des activit\u00e9s ESG sur les entreprises varie consid\u00e9rablement d'une r\u00e9gion linguistique \u00e0 l'autre. Les managers de Suisse italienne ne per\u00e7oivent que des rendements faibles, voire n\u00e9gatifs, des investissements ESG, tandis que leurs coll\u00e8gues des r\u00e9gions francophones et germanophones font \u00e9tat de r\u00e9sultats plus optimistes. Si le top management est un partisan important des initiatives ESG, des facteurs externes tels que les exigences r\u00e9glementaires et les attentes des consommateurs jouent un r\u00f4le encore plus important. Par cons\u00e9quent, les donn\u00e9es ESG sont principalement utilis\u00e9es dans le d\u00e9veloppement de produits et le marketing, tandis que les d\u00e9partements des ressources humaines sont les moins concern\u00e9s par les strat\u00e9gies ESG.<\/p>\r\n<h3><strong>D\u00e9fis et orientations futures<\/strong><\/h3>\r\n<p>L'enqu\u00eate de cette ann\u00e9e montre que les entreprises suisses font des progr\u00e8s remarquables dans leurs efforts ESG. N\u00e9anmoins, elles continuent de faire face \u00e0 des obstacles importants. \"Il y a une conscience largement r\u00e9pandue parmi les cadres sup\u00e9rieurs de la valeur strat\u00e9gique des donn\u00e9es ESG. Mais l'utilisation efficace de ces informations pour am\u00e9liorer le succ\u00e8s de l'entreprise reste un domaine qui doit \u00eatre cultiv\u00e9 davantage\", concluent les responsables de l'\u00e9tude.\u00a0<\/p>\r\n<p><em>Source : <a href=\"http:\/\/www.zhaw.ch\/\">www.zhaw.ch<\/a><\/em><\/p>\n<p class=\"syndicated-attribution\">Cet article est paru initialement sur m-q.ch - <a href=\"https:\/\/www.m-q.ch\/de\/esg-berichterstattung-bei-schweizer-unternehmen-ist-ausbaufaehig\/\" target=\"_blank\">https:\/\/www.m-q.ch\/de\/esg-berichterstattung-bei-schweizer-unternehmen-ist-ausbaufaehig\/<\/a><\/p>","protected":false},"excerpt":{"rendered":"<p>L'importance des ESG a augment\u00e9 pour de nombreuses entreprises suisses. Pourtant, de nombreuses entreprises ne sont souvent pas pr\u00e9par\u00e9es \u00e0 un reporting correspondant. Seules 40 % d'entre elles publieront un rapport ESG. Les aspects environnementaux ont gagn\u00e9 en importance dans les entreprises au cours des trois derni\u00e8res ann\u00e9es, tandis que les dimensions sociales telles que l'\u00e9galit\u00e9 des revenus et la s\u00e9curit\u00e9 au travail ont moins progress\u00e9.<\/p>","protected":false},"author":58,"featured_media":0,"comment_status":"closed","ping_status":"closed","sticky":false,"template":"","format":"standard","meta":{"_acf_changed":false,"_yoast_wpseo_focuskw":"ESG-Daten","_yoast_wpseo_metadesc":"Umfrage: ESG-Daten strategisch wichtig, Nutzung zur Erfolgssteigerung entwickelt sich. Schweizer Unternehmen im Fokus.","articlekey":"","footnotes":""},"categories":[582],"tags":[4040,103,1125,459,492],"class_list":["post-27305","post","type-post","status-publish","format-standard","hentry","category-operational-excellence","tag-bericht","tag-business-excellence","tag-esg","tag-studie","tag-unternehmen"],"acf":[],"yoast_head":"<!-- This site is optimized with the Yoast SEO plugin v27.5 - https:\/\/yoast.com\/product\/yoast-seo-wordpress\/ -->\n<title>ESG-Berichterstattung bei Schweizer Unternehmen ist ausbauf\u00e4hig - Organisator<\/title>\n<meta name=\"description\" content=\"Umfrage: ESG-Daten strategisch wichtig, Nutzung zur Erfolgssteigerung entwickelt sich. Schweizer Unternehmen im Fokus.\" \/>\n<meta name=\"robots\" content=\"index, follow, max-snippet:-1, max-image-preview:large, max-video-preview:-1\" \/>\n<link rel=\"canonical\" href=\"https:\/\/www.organisator.ch\/fr\/excellence-operationnelle\/2024-05-28\/esg-berichterstattung-bei-schweizer-unternehmen-ist-ausbaufaehig\/\" \/>\n<meta property=\"og:locale\" content=\"fr_FR\" \/>\n<meta property=\"og:type\" content=\"article\" \/>\n<meta property=\"og:title\" content=\"ESG-Berichterstattung bei Schweizer Unternehmen ist ausbauf\u00e4hig - Organisator\" \/>\n<meta property=\"og:description\" content=\"Umfrage: ESG-Daten strategisch wichtig, Nutzung zur Erfolgssteigerung entwickelt sich. Schweizer Unternehmen im Fokus.\" \/>\n<meta property=\"og:url\" content=\"https:\/\/www.organisator.ch\/fr\/excellence-operationnelle\/2024-05-28\/esg-berichterstattung-bei-schweizer-unternehmen-ist-ausbaufaehig\/\" \/>\n<meta property=\"og:site_name\" content=\"Organisator\" \/>\n<meta property=\"article:publisher\" content=\"https:\/\/www.facebook.com\/OrganisatorFachmagazin\" \/>\n<meta property=\"article:published_time\" content=\"2024-05-28T11:31:19+00:00\" \/>\n<meta property=\"article:modified_time\" content=\"2024-11-11T04:08:02+00:00\" \/>\n<meta property=\"og:image\" content=\"https:\/\/www.m-q.ch\/wp-content\/uploads\/2024\/05\/ESG_Bild1_ps.jpg\" \/>\n<meta name=\"author\" content=\"Adelisa Kalajdzini\" \/>\n<meta name=\"twitter:card\" content=\"summary_large_image\" \/>\n<script type=\"application\/ld+json\" class=\"yoast-schema-graph\">{\"@context\":\"https:\\\/\\\/schema.org\",\"@graph\":[{\"@type\":\"Article\",\"@id\":\"https:\\\/\\\/www.organisator.ch\\\/operational-excellence\\\/2024-05-28\\\/esg-berichterstattung-bei-schweizer-unternehmen-ist-ausbaufaehig\\\/#article\",\"isPartOf\":{\"@id\":\"https:\\\/\\\/www.organisator.ch\\\/operational-excellence\\\/2024-05-28\\\/esg-berichterstattung-bei-schweizer-unternehmen-ist-ausbaufaehig\\\/\"},\"author\":{\"name\":\"Adelisa Kalajdzini\",\"@id\":\"https:\\\/\\\/www.organisator.ch\\\/#\\\/schema\\\/person\\\/2e1314a2172123f874db408d8911d3f3\"},\"headline\":\"ESG-Berichterstattung bei Schweizer Unternehmen ist ausbauf\u00e4hig\",\"datePublished\":\"2024-05-28T11:31:19+00:00\",\"dateModified\":\"2024-11-11T04:08:02+00:00\",\"mainEntityOfPage\":{\"@id\":\"https:\\\/\\\/www.organisator.ch\\\/operational-excellence\\\/2024-05-28\\\/esg-berichterstattung-bei-schweizer-unternehmen-ist-ausbaufaehig\\\/\"},\"wordCount\":607,\"publisher\":{\"@id\":\"https:\\\/\\\/www.organisator.ch\\\/#organization\"},\"image\":{\"@id\":\"https:\\\/\\\/www.organisator.ch\\\/operational-excellence\\\/2024-05-28\\\/esg-berichterstattung-bei-schweizer-unternehmen-ist-ausbaufaehig\\\/#primaryimage\"},\"thumbnailUrl\":\"https:\\\/\\\/www.m-q.ch\\\/wp-content\\\/uploads\\\/2024\\\/05\\\/ESG_Bild1_ps.jpg\",\"keywords\":[\"Bericht\",\"Business Excellence\",\"ESG\",\"Studie\",\"Unternehmen\"],\"articleSection\":[\"OPERATIONAL EXCELLENCE\"],\"inLanguage\":\"fr-FR\"},{\"@type\":\"WebPage\",\"@id\":\"https:\\\/\\\/www.organisator.ch\\\/operational-excellence\\\/2024-05-28\\\/esg-berichterstattung-bei-schweizer-unternehmen-ist-ausbaufaehig\\\/\",\"url\":\"https:\\\/\\\/www.organisator.ch\\\/operational-excellence\\\/2024-05-28\\\/esg-berichterstattung-bei-schweizer-unternehmen-ist-ausbaufaehig\\\/\",\"name\":\"ESG-Berichterstattung bei Schweizer Unternehmen ist ausbauf\u00e4hig - Organisator\",\"isPartOf\":{\"@id\":\"https:\\\/\\\/www.organisator.ch\\\/#website\"},\"primaryImageOfPage\":{\"@id\":\"https:\\\/\\\/www.organisator.ch\\\/operational-excellence\\\/2024-05-28\\\/esg-berichterstattung-bei-schweizer-unternehmen-ist-ausbaufaehig\\\/#primaryimage\"},\"image\":{\"@id\":\"https:\\\/\\\/www.organisator.ch\\\/operational-excellence\\\/2024-05-28\\\/esg-berichterstattung-bei-schweizer-unternehmen-ist-ausbaufaehig\\\/#primaryimage\"},\"thumbnailUrl\":\"https:\\\/\\\/www.m-q.ch\\\/wp-content\\\/uploads\\\/2024\\\/05\\\/ESG_Bild1_ps.jpg\",\"datePublished\":\"2024-05-28T11:31:19+00:00\",\"dateModified\":\"2024-11-11T04:08:02+00:00\",\"description\":\"Umfrage: ESG-Daten strategisch wichtig, Nutzung zur Erfolgssteigerung entwickelt sich. Schweizer Unternehmen im Fokus.\",\"breadcrumb\":{\"@id\":\"https:\\\/\\\/www.organisator.ch\\\/operational-excellence\\\/2024-05-28\\\/esg-berichterstattung-bei-schweizer-unternehmen-ist-ausbaufaehig\\\/#breadcrumb\"},\"inLanguage\":\"fr-FR\",\"potentialAction\":[{\"@type\":\"ReadAction\",\"target\":[\"https:\\\/\\\/www.organisator.ch\\\/operational-excellence\\\/2024-05-28\\\/esg-berichterstattung-bei-schweizer-unternehmen-ist-ausbaufaehig\\\/\"]}]},{\"@type\":\"ImageObject\",\"inLanguage\":\"fr-FR\",\"@id\":\"https:\\\/\\\/www.organisator.ch\\\/operational-excellence\\\/2024-05-28\\\/esg-berichterstattung-bei-schweizer-unternehmen-ist-ausbaufaehig\\\/#primaryimage\",\"url\":\"https:\\\/\\\/www.m-q.ch\\\/wp-content\\\/uploads\\\/2024\\\/05\\\/ESG_Bild1_ps.jpg\",\"contentUrl\":\"https:\\\/\\\/www.m-q.ch\\\/wp-content\\\/uploads\\\/2024\\\/05\\\/ESG_Bild1_ps.jpg\"},{\"@type\":\"BreadcrumbList\",\"@id\":\"https:\\\/\\\/www.organisator.ch\\\/operational-excellence\\\/2024-05-28\\\/esg-berichterstattung-bei-schweizer-unternehmen-ist-ausbaufaehig\\\/#breadcrumb\",\"itemListElement\":[{\"@type\":\"ListItem\",\"position\":1,\"name\":\"Home\",\"item\":\"https:\\\/\\\/www.organisator.ch\\\/\"},{\"@type\":\"ListItem\",\"position\":2,\"name\":\"ESG-Berichterstattung bei Schweizer Unternehmen ist ausbauf\u00e4hig\"}]},{\"@type\":\"WebSite\",\"@id\":\"https:\\\/\\\/www.organisator.ch\\\/#website\",\"url\":\"https:\\\/\\\/www.organisator.ch\\\/\",\"name\":\"Organisator\",\"description\":\"Kompetent. Praxisnah. Der ORGANISATOR bereitet in 10 Ausgaben pro Jahr die wesentlichen Themen f\u00fcr F\u00fchrungskr\u00e4fte von KMU auf.\",\"publisher\":{\"@id\":\"https:\\\/\\\/www.organisator.ch\\\/#organization\"},\"potentialAction\":[{\"@type\":\"SearchAction\",\"target\":{\"@type\":\"EntryPoint\",\"urlTemplate\":\"https:\\\/\\\/www.organisator.ch\\\/?s={search_term_string}\"},\"query-input\":{\"@type\":\"PropertyValueSpecification\",\"valueRequired\":true,\"valueName\":\"search_term_string\"}}],\"inLanguage\":\"fr-FR\"},{\"@type\":\"Organization\",\"@id\":\"https:\\\/\\\/www.organisator.ch\\\/#organization\",\"name\":\"Organisator\",\"url\":\"https:\\\/\\\/www.organisator.ch\\\/\",\"logo\":{\"@type\":\"ImageObject\",\"inLanguage\":\"fr-FR\",\"@id\":\"https:\\\/\\\/www.organisator.ch\\\/#\\\/schema\\\/logo\\\/image\\\/\",\"url\":\"https:\\\/\\\/www.organisator.ch\\\/wp-content\\\/uploads\\\/2022\\\/01\\\/Logo_Organisator_Website.png\",\"contentUrl\":\"https:\\\/\\\/www.organisator.ch\\\/wp-content\\\/uploads\\\/2022\\\/01\\\/Logo_Organisator_Website.png\",\"width\":800,\"height\":77,\"caption\":\"Organisator\"},\"image\":{\"@id\":\"https:\\\/\\\/www.organisator.ch\\\/#\\\/schema\\\/logo\\\/image\\\/\"},\"sameAs\":[\"https:\\\/\\\/www.facebook.com\\\/OrganisatorFachmagazin\",\"https:\\\/\\\/www.linkedin.com\\\/showcase\\\/organisator-das-magazin-fr-kmu\",\"https:\\\/\\\/www.xing.com\\\/news\\\/pages\\\/organisator-ch-695\",\"https:\\\/\\\/www.youtube.com\\\/channel\\\/UCGP2Sq0iWaZwT3BdIAQFYpw\"]},{\"@type\":\"Person\",\"@id\":\"https:\\\/\\\/www.organisator.ch\\\/#\\\/schema\\\/person\\\/2e1314a2172123f874db408d8911d3f3\",\"name\":\"Adelisa Kalajdzini\",\"image\":{\"@type\":\"ImageObject\",\"inLanguage\":\"fr-FR\",\"@id\":\"https:\\\/\\\/secure.gravatar.com\\\/avatar\\\/09a397c22ac58cad6f160ee8306348599df9df58a8ede73696226897b9fa4b24?s=96&d=mm&r=g\",\"url\":\"https:\\\/\\\/secure.gravatar.com\\\/avatar\\\/09a397c22ac58cad6f160ee8306348599df9df58a8ede73696226897b9fa4b24?s=96&d=mm&r=g\",\"contentUrl\":\"https:\\\/\\\/secure.gravatar.com\\\/avatar\\\/09a397c22ac58cad6f160ee8306348599df9df58a8ede73696226897b9fa4b24?s=96&d=mm&r=g\",\"caption\":\"Adelisa Kalajdzini\"},\"url\":\"https:\\\/\\\/www.organisator.ch\\\/fr\\\/author\\\/adelisa-kalajdzini\\\/\"}]}<\/script>\n<!-- \/ Yoast SEO plugin. -->","yoast_head_json":{"title":"Le reporting ESG des entreprises suisses peut \u00eatre am\u00e9lior\u00e9 - Organisateur","description":"Enqu\u00eate : les donn\u00e9es ESG ont une importance strat\u00e9gique, leur utilisation pour am\u00e9liorer le succ\u00e8s se d\u00e9veloppe. Les entreprises suisses en point de mire.","robots":{"index":"index","follow":"follow","max-snippet":"max-snippet:-1","max-image-preview":"max-image-preview:large","max-video-preview":"max-video-preview:-1"},"canonical":"https:\/\/www.organisator.ch\/fr\/excellence-operationnelle\/2024-05-28\/esg-berichterstattung-bei-schweizer-unternehmen-ist-ausbaufaehig\/","og_locale":"fr_FR","og_type":"article","og_title":"ESG-Berichterstattung bei Schweizer Unternehmen ist ausbauf\u00e4hig - Organisator","og_description":"Umfrage: ESG-Daten strategisch wichtig, Nutzung zur Erfolgssteigerung entwickelt sich. Schweizer Unternehmen im Fokus.","og_url":"https:\/\/www.organisator.ch\/fr\/excellence-operationnelle\/2024-05-28\/esg-berichterstattung-bei-schweizer-unternehmen-ist-ausbaufaehig\/","og_site_name":"Organisator","article_publisher":"https:\/\/www.facebook.com\/OrganisatorFachmagazin","article_published_time":"2024-05-28T11:31:19+00:00","article_modified_time":"2024-11-11T04:08:02+00:00","og_image":[{"url":"https:\/\/www.m-q.ch\/wp-content\/uploads\/2024\/05\/ESG_Bild1_ps.jpg","type":"","width":"","height":""}],"author":"Adelisa Kalajdzini","twitter_card":"summary_large_image","schema":{"@context":"https:\/\/schema.org","@graph":[{"@type":"Article","@id":"https:\/\/www.organisator.ch\/operational-excellence\/2024-05-28\/esg-berichterstattung-bei-schweizer-unternehmen-ist-ausbaufaehig\/#article","isPartOf":{"@id":"https:\/\/www.organisator.ch\/operational-excellence\/2024-05-28\/esg-berichterstattung-bei-schweizer-unternehmen-ist-ausbaufaehig\/"},"author":{"name":"Adelisa Kalajdzini","@id":"https:\/\/www.organisator.ch\/#\/schema\/person\/2e1314a2172123f874db408d8911d3f3"},"headline":"ESG-Berichterstattung bei Schweizer Unternehmen ist ausbauf\u00e4hig","datePublished":"2024-05-28T11:31:19+00:00","dateModified":"2024-11-11T04:08:02+00:00","mainEntityOfPage":{"@id":"https:\/\/www.organisator.ch\/operational-excellence\/2024-05-28\/esg-berichterstattung-bei-schweizer-unternehmen-ist-ausbaufaehig\/"},"wordCount":607,"publisher":{"@id":"https:\/\/www.organisator.ch\/#organization"},"image":{"@id":"https:\/\/www.organisator.ch\/operational-excellence\/2024-05-28\/esg-berichterstattung-bei-schweizer-unternehmen-ist-ausbaufaehig\/#primaryimage"},"thumbnailUrl":"https:\/\/www.m-q.ch\/wp-content\/uploads\/2024\/05\/ESG_Bild1_ps.jpg","keywords":["Bericht","Business Excellence","ESG","Studie","Unternehmen"],"articleSection":["OPERATIONAL EXCELLENCE"],"inLanguage":"fr-FR"},{"@type":"WebPage","@id":"https:\/\/www.organisator.ch\/operational-excellence\/2024-05-28\/esg-berichterstattung-bei-schweizer-unternehmen-ist-ausbaufaehig\/","url":"https:\/\/www.organisator.ch\/operational-excellence\/2024-05-28\/esg-berichterstattung-bei-schweizer-unternehmen-ist-ausbaufaehig\/","name":"Le reporting ESG des entreprises suisses peut \u00eatre am\u00e9lior\u00e9 - Organisateur","isPartOf":{"@id":"https:\/\/www.organisator.ch\/#website"},"primaryImageOfPage":{"@id":"https:\/\/www.organisator.ch\/operational-excellence\/2024-05-28\/esg-berichterstattung-bei-schweizer-unternehmen-ist-ausbaufaehig\/#primaryimage"},"image":{"@id":"https:\/\/www.organisator.ch\/operational-excellence\/2024-05-28\/esg-berichterstattung-bei-schweizer-unternehmen-ist-ausbaufaehig\/#primaryimage"},"thumbnailUrl":"https:\/\/www.m-q.ch\/wp-content\/uploads\/2024\/05\/ESG_Bild1_ps.jpg","datePublished":"2024-05-28T11:31:19+00:00","dateModified":"2024-11-11T04:08:02+00:00","description":"Enqu\u00eate : les donn\u00e9es ESG ont une importance strat\u00e9gique, leur utilisation pour am\u00e9liorer le succ\u00e8s se d\u00e9veloppe. Les entreprises suisses en point de mire.","breadcrumb":{"@id":"https:\/\/www.organisator.ch\/operational-excellence\/2024-05-28\/esg-berichterstattung-bei-schweizer-unternehmen-ist-ausbaufaehig\/#breadcrumb"},"inLanguage":"fr-FR","potentialAction":[{"@type":"ReadAction","target":["https:\/\/www.organisator.ch\/operational-excellence\/2024-05-28\/esg-berichterstattung-bei-schweizer-unternehmen-ist-ausbaufaehig\/"]}]},{"@type":"ImageObject","inLanguage":"fr-FR","@id":"https:\/\/www.organisator.ch\/operational-excellence\/2024-05-28\/esg-berichterstattung-bei-schweizer-unternehmen-ist-ausbaufaehig\/#primaryimage","url":"https:\/\/www.m-q.ch\/wp-content\/uploads\/2024\/05\/ESG_Bild1_ps.jpg","contentUrl":"https:\/\/www.m-q.ch\/wp-content\/uploads\/2024\/05\/ESG_Bild1_ps.jpg"},{"@type":"BreadcrumbList","@id":"https:\/\/www.organisator.ch\/operational-excellence\/2024-05-28\/esg-berichterstattung-bei-schweizer-unternehmen-ist-ausbaufaehig\/#breadcrumb","itemListElement":[{"@type":"ListItem","position":1,"name":"Home","item":"https:\/\/www.organisator.ch\/"},{"@type":"ListItem","position":2,"name":"ESG-Berichterstattung bei Schweizer Unternehmen ist ausbauf\u00e4hig"}]},{"@type":"WebSite","@id":"https:\/\/www.organisator.ch\/#website","url":"https:\/\/www.organisator.ch\/","name":"Organisateur","description":"Comp\u00e9tence et comp\u00e9tence. Proches de la pratique. L'ORGANISATEUR pr\u00e9pare 10 num\u00e9ros par an sur les th\u00e8mes essentiels pour les dirigeants de PME.","publisher":{"@id":"https:\/\/www.organisator.ch\/#organization"},"potentialAction":[{"@type":"SearchAction","target":{"@type":"EntryPoint","urlTemplate":"https:\/\/www.organisator.ch\/?s={search_term_string}"},"query-input":{"@type":"PropertyValueSpecification","valueRequired":true,"valueName":"search_term_string"}}],"inLanguage":"fr-FR"},{"@type":"Organization","@id":"https:\/\/www.organisator.ch\/#organization","name":"Organisateur","url":"https:\/\/www.organisator.ch\/","logo":{"@type":"ImageObject","inLanguage":"fr-FR","@id":"https:\/\/www.organisator.ch\/#\/schema\/logo\/image\/","url":"https:\/\/www.organisator.ch\/wp-content\/uploads\/2022\/01\/Logo_Organisator_Website.png","contentUrl":"https:\/\/www.organisator.ch\/wp-content\/uploads\/2022\/01\/Logo_Organisator_Website.png","width":800,"height":77,"caption":"Organisator"},"image":{"@id":"https:\/\/www.organisator.ch\/#\/schema\/logo\/image\/"},"sameAs":["https:\/\/www.facebook.com\/OrganisatorFachmagazin","https:\/\/www.linkedin.com\/showcase\/organisator-das-magazin-fr-kmu","https:\/\/www.xing.com\/news\/pages\/organisator-ch-695","https:\/\/www.youtube.com\/channel\/UCGP2Sq0iWaZwT3BdIAQFYpw"]},{"@type":"Person","@id":"https:\/\/www.organisator.ch\/#\/schema\/person\/2e1314a2172123f874db408d8911d3f3","name":"Adelisa Kalajdzini","image":{"@type":"ImageObject","inLanguage":"fr-FR","@id":"https:\/\/secure.gravatar.com\/avatar\/09a397c22ac58cad6f160ee8306348599df9df58a8ede73696226897b9fa4b24?s=96&d=mm&r=g","url":"https:\/\/secure.gravatar.com\/avatar\/09a397c22ac58cad6f160ee8306348599df9df58a8ede73696226897b9fa4b24?s=96&d=mm&r=g","contentUrl":"https:\/\/secure.gravatar.com\/avatar\/09a397c22ac58cad6f160ee8306348599df9df58a8ede73696226897b9fa4b24?s=96&d=mm&r=g","caption":"Adelisa Kalajdzini"},"url":"https:\/\/www.organisator.ch\/fr\/author\/adelisa-kalajdzini\/"}]}},"_links":{"self":[{"href":"https:\/\/www.organisator.ch\/fr\/wp-json\/wp\/v2\/posts\/27305","targetHints":{"allow":["GET"]}}],"collection":[{"href":"https:\/\/www.organisator.ch\/fr\/wp-json\/wp\/v2\/posts"}],"about":[{"href":"https:\/\/www.organisator.ch\/fr\/wp-json\/wp\/v2\/types\/post"}],"author":[{"embeddable":true,"href":"https:\/\/www.organisator.ch\/fr\/wp-json\/wp\/v2\/users\/58"}],"replies":[{"embeddable":true,"href":"https:\/\/www.organisator.ch\/fr\/wp-json\/wp\/v2\/comments?post=27305"}],"version-history":[{"count":5,"href":"https:\/\/www.organisator.ch\/fr\/wp-json\/wp\/v2\/posts\/27305\/revisions"}],"predecessor-version":[{"id":32226,"href":"https:\/\/www.organisator.ch\/fr\/wp-json\/wp\/v2\/posts\/27305\/revisions\/32226"}],"wp:attachment":[{"href":"https:\/\/www.organisator.ch\/fr\/wp-json\/wp\/v2\/media?parent=27305"}],"wp:term":[{"taxonomy":"category","embeddable":true,"href":"https:\/\/www.organisator.ch\/fr\/wp-json\/wp\/v2\/categories?post=27305"},{"taxonomy":"post_tag","embeddable":true,"href":"https:\/\/www.organisator.ch\/fr\/wp-json\/wp\/v2\/tags?post=27305"}],"curies":[{"name":"wp","href":"https:\/\/api.w.org\/{rel}","templated":true}]}}