{"id":27310,"date":"2024-05-30T13:33:21","date_gmt":"2024-05-30T11:33:21","guid":{"rendered":"https:\/\/www.organisator.ch\/?p=27310"},"modified":"2024-05-30T08:34:23","modified_gmt":"2024-05-30T06:34:23","slug":"heig-vd-gibt-die-gewinner-innen-des-schweizer-ethikpreises-2024-bekannt","status":"publish","type":"post","link":"https:\/\/www.organisator.ch\/fr\/sustainability\/2024-05-30\/heig-vd-gibt-die-gewinner-innen-des-schweizer-ethikpreises-2024-bekannt\/","title":{"rendered":"La HEIG-VD annonce les laur\u00e9ats du Prix suisse de l'\u00e9thique 2024"},"content":{"rendered":"<figure id=\"attachment_27355\" aria-describedby=\"caption-attachment-27355\" style=\"width: 680px\" class=\"wp-caption alignnone\"><img loading=\"lazy\" decoding=\"async\" class=\"wp-image-27355 size-full\" src=\"https:\/\/www.organisator.ch\/wp-content\/uploads\/2024\/05\/Ethikpreis_Bild_ps.jpg\" alt=\"\" width=\"680\" height=\"509\" srcset=\"https:\/\/www.organisator.ch\/wp-content\/uploads\/2024\/05\/Ethikpreis_Bild_ps.jpg 680w, https:\/\/www.organisator.ch\/wp-content\/uploads\/2024\/05\/Ethikpreis_Bild_ps-16x12.jpg 16w, https:\/\/www.organisator.ch\/wp-content\/uploads\/2024\/05\/Ethikpreis_Bild_ps-375x281.jpg 375w, https:\/\/www.organisator.ch\/wp-content\/uploads\/2024\/05\/Ethikpreis_Bild_ps-468x350.jpg 468w\" sizes=\"auto, (max-width: 680px) 100vw, 680px\" \/><figcaption id=\"caption-attachment-27355\" class=\"wp-caption-text\">Panatere \u00e0 Saignel\u00e9gier a remport\u00e9 le prix suisse de l'\u00e9thique pour son engagement en faveur de l'\u00e9conomie circulaire. (Image : www.heig-vd.ch)<\/figcaption><\/figure>\n<p>Le jury du Prix suisse de l'\u00e9thique \u00e9tait compos\u00e9 de repr\u00e9sentants de milieux professionnels, priv\u00e9s, \u00e9tudiants et d'utilit\u00e9 publique. Ses membres ont \u00e9t\u00e9 choisis par le comit\u00e9 d'organisation en fonction de leur engagement en faveur du d\u00e9veloppement durable et de l'\u00e9thique dans l'\u00e9conomie.<\/p>\n<p>Cette ann\u00e9e, le jury a r\u00e9compens\u00e9 les projets suivants :<\/p>\n<ul>\n<li><strong>Panatere \u00e0 Saignel\u00e9gier - e<\/strong>a re\u00e7u un prix pour son engagement en faveur de l'\u00e9conomie circulaire. Panatere collecte les d\u00e9chets issus de la production de composants pour le secteur m\u00e9dical et l'industrie horlog\u00e8re afin de leur donner une seconde vie. Par l'\u00e9thique et la durabilit\u00e9, le projet vise une \u00e9conomie circulaire dans la production avec 100 % de recyclage et de r\u00e9utilisation.<\/li>\n<\/ul>\n<p><strong>\u00a0<\/strong><\/p>\n<ul>\n<li><strong>Kompotoi \u00e0 Winterthur <\/strong>- a \u00e9t\u00e9 r\u00e9compens\u00e9e pour ses solutions de toilettes \u00e0 compost esth\u00e9tiques, \u00e9cologiques et totalement inodores pour les abris de jardin, les festivals ou les chalets d'alpage. Kompotoi loue des toilettes en bois \"intimes\", bien plus agr\u00e9ables que les toilettes traditionnelles en plastique\/chimiques. Les Kompotoi sont fabriqu\u00e9s \u00e0 la main en Suisse, avec un grand souci du d\u00e9tail.<\/li>\n<\/ul>\n<p><strong>\u00a0<\/strong><\/p>\n<ul>\n<li><strong>Rework in Bern - a re\u00e7u<\/strong> un prix pour ses objectifs sociaux et environnementaux et pour avoir propos\u00e9 des v\u00eatements \u00e0 la mode, esth\u00e9tiques et agr\u00e9ables \u00e0 porter gr\u00e2ce au concept d'upcycling. Rework transforme la cha\u00eene textile en un cycle. Les collections sont fabriqu\u00e9es dans le respect de l'environnement \u00e0 partir de v\u00eatements de seconde main qu'ils d\u00e9coupent et recousent.<\/li>\n<\/ul>\n<p><strong>Le \"Coup de c\u0153ur\" comme prix sp\u00e9cial des \u00e9tudiants<\/strong><\/p>\n<p><strong>AgroSustain \u00e0 Renens<\/strong> - Le prix suppl\u00e9mentaire de cette manifestation, le \"Coup de c\u0153ur\" des \u00e9tudiants, a \u00e9t\u00e9 d\u00e9cern\u00e9 \u00e0 AgroSustain pour le d\u00e9veloppement et la commercialisation d'un rev\u00eatement naturel permettant de maintenir la qualit\u00e9 des fruits et l\u00e9gumes frais et des fleurs coup\u00e9es directement apr\u00e8s la r\u00e9colte jusqu'au consommateur final.<\/p>\n<p>Le prix poursuit deux objectifs : Il vise \u00e0 mettre en lumi\u00e8re des projets innovants qui servent de mod\u00e8les pour un avenir plus responsable et \u00e0 sensibiliser les \u00e9tudiants de l'universit\u00e9 \u00e0 ces domaines.<\/p>\n<p><em>Source : <a href=\"http:\/\/www.heig-vd.ch\">www.heig-vd.ch<\/a><\/em><\/p>","protected":false},"excerpt":{"rendered":"<p>Le Prix suisse de l'\u00e9thique r\u00e9compense des organisations de Suisse qui s'engagent dans des projets de responsabilit\u00e9 sociale ou de d\u00e9veloppement durable. Il est organis\u00e9 depuis 2005 par les \u00e9tudiants de la HEIG-VD. La remise du 19e Prix de l'\u00e9thique a eu lieu le 28 mai \u00e0 l'Aula Magna du Ch\u00e2teau d'Yverdon-les-Bains. <\/p>","protected":false},"author":58,"featured_media":27355,"comment_status":"closed","ping_status":"closed","sticky":false,"template":"","format":"standard","meta":{"_acf_changed":false,"_yoast_wpseo_focuskw":"Ethikpreis","_yoast_wpseo_metadesc":"Der Schweizer Ethikpreis zeichnet Organisationen aus, die sich f\u00fcr Projekte im Bereich der sozialen Verantwortung oder der nachhaltigen Entwicklung engagieren.","articlekey":"","footnotes":""},"categories":[580],"tags":[4236,424,4207,492],"class_list":["post-27310","post","type-post","status-publish","format-standard","has-post-thumbnail","hentry","category-sustainability","tag-ethikpreis","tag-schweiz","tag-studierende","tag-unternehmen"],"acf":[],"yoast_head":"<!-- This site is optimized with the Yoast SEO plugin v27.5 - https:\/\/yoast.com\/product\/yoast-seo-wordpress\/ -->\n<title>HEIG-VD gibt die Gewinner\/innen des Schweizer Ethikpreises 2024 bekannt - Organisator<\/title>\n<meta name=\"description\" content=\"Der Schweizer Ethikpreis zeichnet Organisationen aus, die sich f\u00fcr Projekte im Bereich der sozialen Verantwortung oder der nachhaltigen Entwicklung engagieren.\" \/>\n<meta name=\"robots\" content=\"index, follow, max-snippet:-1, max-image-preview:large, max-video-preview:-1\" \/>\n<link rel=\"canonical\" href=\"https:\/\/www.organisator.ch\/fr\/sustainability\/2024-05-30\/heig-vd-gibt-die-gewinner-innen-des-schweizer-ethikpreises-2024-bekannt\/\" \/>\n<meta property=\"og:locale\" content=\"fr_FR\" \/>\n<meta property=\"og:type\" content=\"article\" \/>\n<meta property=\"og:title\" content=\"HEIG-VD gibt die Gewinner\/innen des Schweizer Ethikpreises 2024 bekannt\" \/>\n<meta property=\"og:description\" content=\"Der Schweizer Ethikpreis zeichnet Organisationen aus, die sich f\u00fcr Projekte im Bereich der sozialen Verantwortung oder der nachhaltigen Entwicklung engagieren.\" \/>\n<meta property=\"og:url\" content=\"https:\/\/www.organisator.ch\/fr\/sustainability\/2024-05-30\/heig-vd-gibt-die-gewinner-innen-des-schweizer-ethikpreises-2024-bekannt\/\" \/>\n<meta property=\"og:site_name\" content=\"Organisator\" \/>\n<meta property=\"article:publisher\" content=\"https:\/\/www.facebook.com\/OrganisatorFachmagazin\" \/>\n<meta property=\"article:published_time\" content=\"2024-05-30T11:33:21+00:00\" \/>\n<meta property=\"og:image\" content=\"https:\/\/www.organisator.ch\/wp-content\/uploads\/2024\/05\/Ethikpreis_Bild_ps.jpg\" \/>\n\t<meta property=\"og:image:width\" content=\"680\" \/>\n\t<meta property=\"og:image:height\" content=\"509\" \/>\n\t<meta property=\"og:image:type\" content=\"image\/jpeg\" \/>\n<meta name=\"author\" content=\"Adelisa Kalajdzini\" \/>\n<meta name=\"twitter:card\" content=\"summary_large_image\" \/>\n<meta name=\"twitter:title\" content=\"HEIG-VD gibt die Gewinner\/innen des Schweizer Ethikpreises 2024 bekannt\" \/>\n<meta name=\"twitter:description\" content=\"Der #Schweizer #Ethikpreis zeichnet #Organisationen aus, die sich f\u00fcr #Projekte im Bereich der sozialen Verantwortung oder der nachhaltigen Entwicklung engagieren.\" \/>\n<meta name=\"twitter:image\" content=\"https:\/\/www.organisator.ch\/wp-content\/uploads\/2024\/05\/Ethikpreis_Bild_ps.jpg\" \/>\n<script type=\"application\/ld+json\" class=\"yoast-schema-graph\">{\"@context\":\"https:\\\/\\\/schema.org\",\"@graph\":[{\"@type\":\"Article\",\"@id\":\"https:\\\/\\\/www.organisator.ch\\\/sustainability\\\/2024-05-30\\\/heig-vd-gibt-die-gewinner-innen-des-schweizer-ethikpreises-2024-bekannt\\\/#article\",\"isPartOf\":{\"@id\":\"https:\\\/\\\/www.organisator.ch\\\/sustainability\\\/2024-05-30\\\/heig-vd-gibt-die-gewinner-innen-des-schweizer-ethikpreises-2024-bekannt\\\/\"},\"author\":{\"name\":\"Adelisa Kalajdzini\",\"@id\":\"https:\\\/\\\/www.organisator.ch\\\/#\\\/schema\\\/person\\\/2e1314a2172123f874db408d8911d3f3\"},\"headline\":\"HEIG-VD gibt die Gewinner\\\/innen des Schweizer Ethikpreises 2024 bekannt\",\"datePublished\":\"2024-05-30T11:33:21+00:00\",\"mainEntityOfPage\":{\"@id\":\"https:\\\/\\\/www.organisator.ch\\\/sustainability\\\/2024-05-30\\\/heig-vd-gibt-die-gewinner-innen-des-schweizer-ethikpreises-2024-bekannt\\\/\"},\"wordCount\":336,\"publisher\":{\"@id\":\"https:\\\/\\\/www.organisator.ch\\\/#organization\"},\"image\":{\"@id\":\"https:\\\/\\\/www.organisator.ch\\\/sustainability\\\/2024-05-30\\\/heig-vd-gibt-die-gewinner-innen-des-schweizer-ethikpreises-2024-bekannt\\\/#primaryimage\"},\"thumbnailUrl\":\"https:\\\/\\\/www.organisator.ch\\\/wp-content\\\/uploads\\\/2024\\\/05\\\/Ethikpreis_Bild_ps.jpg\",\"keywords\":[\"Ethikpreis\",\"Schweiz\",\"Studierende\",\"Unternehmen\"],\"articleSection\":[\"SUSTAINABILITY\"],\"inLanguage\":\"fr-FR\"},{\"@type\":\"WebPage\",\"@id\":\"https:\\\/\\\/www.organisator.ch\\\/sustainability\\\/2024-05-30\\\/heig-vd-gibt-die-gewinner-innen-des-schweizer-ethikpreises-2024-bekannt\\\/\",\"url\":\"https:\\\/\\\/www.organisator.ch\\\/sustainability\\\/2024-05-30\\\/heig-vd-gibt-die-gewinner-innen-des-schweizer-ethikpreises-2024-bekannt\\\/\",\"name\":\"HEIG-VD gibt die Gewinner\\\/innen des Schweizer Ethikpreises 2024 bekannt - Organisator\",\"isPartOf\":{\"@id\":\"https:\\\/\\\/www.organisator.ch\\\/#website\"},\"primaryImageOfPage\":{\"@id\":\"https:\\\/\\\/www.organisator.ch\\\/sustainability\\\/2024-05-30\\\/heig-vd-gibt-die-gewinner-innen-des-schweizer-ethikpreises-2024-bekannt\\\/#primaryimage\"},\"image\":{\"@id\":\"https:\\\/\\\/www.organisator.ch\\\/sustainability\\\/2024-05-30\\\/heig-vd-gibt-die-gewinner-innen-des-schweizer-ethikpreises-2024-bekannt\\\/#primaryimage\"},\"thumbnailUrl\":\"https:\\\/\\\/www.organisator.ch\\\/wp-content\\\/uploads\\\/2024\\\/05\\\/Ethikpreis_Bild_ps.jpg\",\"datePublished\":\"2024-05-30T11:33:21+00:00\",\"description\":\"Der Schweizer Ethikpreis zeichnet Organisationen aus, die sich f\u00fcr Projekte im Bereich der sozialen Verantwortung oder der nachhaltigen Entwicklung engagieren.\",\"breadcrumb\":{\"@id\":\"https:\\\/\\\/www.organisator.ch\\\/sustainability\\\/2024-05-30\\\/heig-vd-gibt-die-gewinner-innen-des-schweizer-ethikpreises-2024-bekannt\\\/#breadcrumb\"},\"inLanguage\":\"fr-FR\",\"potentialAction\":[{\"@type\":\"ReadAction\",\"target\":[\"https:\\\/\\\/www.organisator.ch\\\/sustainability\\\/2024-05-30\\\/heig-vd-gibt-die-gewinner-innen-des-schweizer-ethikpreises-2024-bekannt\\\/\"]}]},{\"@type\":\"ImageObject\",\"inLanguage\":\"fr-FR\",\"@id\":\"https:\\\/\\\/www.organisator.ch\\\/sustainability\\\/2024-05-30\\\/heig-vd-gibt-die-gewinner-innen-des-schweizer-ethikpreises-2024-bekannt\\\/#primaryimage\",\"url\":\"https:\\\/\\\/www.organisator.ch\\\/wp-content\\\/uploads\\\/2024\\\/05\\\/Ethikpreis_Bild_ps.jpg\",\"contentUrl\":\"https:\\\/\\\/www.organisator.ch\\\/wp-content\\\/uploads\\\/2024\\\/05\\\/Ethikpreis_Bild_ps.jpg\",\"width\":680,\"height\":509,\"caption\":\"Panatere in Saignel\u00e9gier ist gewinner des Schweizer Ethikpreises f\u00fcr das Engagement f\u00fcr die Kreislaufwirtschaft. (Bild: www.heig-vd.ch)\"},{\"@type\":\"BreadcrumbList\",\"@id\":\"https:\\\/\\\/www.organisator.ch\\\/sustainability\\\/2024-05-30\\\/heig-vd-gibt-die-gewinner-innen-des-schweizer-ethikpreises-2024-bekannt\\\/#breadcrumb\",\"itemListElement\":[{\"@type\":\"ListItem\",\"position\":1,\"name\":\"Home\",\"item\":\"https:\\\/\\\/www.organisator.ch\\\/\"},{\"@type\":\"ListItem\",\"position\":2,\"name\":\"HEIG-VD gibt die Gewinner\\\/innen des Schweizer Ethikpreises 2024 bekannt\"}]},{\"@type\":\"WebSite\",\"@id\":\"https:\\\/\\\/www.organisator.ch\\\/#website\",\"url\":\"https:\\\/\\\/www.organisator.ch\\\/\",\"name\":\"Organisator\",\"description\":\"Kompetent. Praxisnah. Der ORGANISATOR bereitet in 10 Ausgaben pro Jahr die wesentlichen Themen f\u00fcr F\u00fchrungskr\u00e4fte von KMU auf.\",\"publisher\":{\"@id\":\"https:\\\/\\\/www.organisator.ch\\\/#organization\"},\"potentialAction\":[{\"@type\":\"SearchAction\",\"target\":{\"@type\":\"EntryPoint\",\"urlTemplate\":\"https:\\\/\\\/www.organisator.ch\\\/?s={search_term_string}\"},\"query-input\":{\"@type\":\"PropertyValueSpecification\",\"valueRequired\":true,\"valueName\":\"search_term_string\"}}],\"inLanguage\":\"fr-FR\"},{\"@type\":\"Organization\",\"@id\":\"https:\\\/\\\/www.organisator.ch\\\/#organization\",\"name\":\"Organisator\",\"url\":\"https:\\\/\\\/www.organisator.ch\\\/\",\"logo\":{\"@type\":\"ImageObject\",\"inLanguage\":\"fr-FR\",\"@id\":\"https:\\\/\\\/www.organisator.ch\\\/#\\\/schema\\\/logo\\\/image\\\/\",\"url\":\"https:\\\/\\\/www.organisator.ch\\\/wp-content\\\/uploads\\\/2022\\\/01\\\/Logo_Organisator_Website.png\",\"contentUrl\":\"https:\\\/\\\/www.organisator.ch\\\/wp-content\\\/uploads\\\/2022\\\/01\\\/Logo_Organisator_Website.png\",\"width\":800,\"height\":77,\"caption\":\"Organisator\"},\"image\":{\"@id\":\"https:\\\/\\\/www.organisator.ch\\\/#\\\/schema\\\/logo\\\/image\\\/\"},\"sameAs\":[\"https:\\\/\\\/www.facebook.com\\\/OrganisatorFachmagazin\",\"https:\\\/\\\/www.linkedin.com\\\/showcase\\\/organisator-das-magazin-fr-kmu\",\"https:\\\/\\\/www.xing.com\\\/news\\\/pages\\\/organisator-ch-695\",\"https:\\\/\\\/www.youtube.com\\\/channel\\\/UCGP2Sq0iWaZwT3BdIAQFYpw\"]},{\"@type\":\"Person\",\"@id\":\"https:\\\/\\\/www.organisator.ch\\\/#\\\/schema\\\/person\\\/2e1314a2172123f874db408d8911d3f3\",\"name\":\"Adelisa Kalajdzini\",\"image\":{\"@type\":\"ImageObject\",\"inLanguage\":\"fr-FR\",\"@id\":\"https:\\\/\\\/secure.gravatar.com\\\/avatar\\\/09a397c22ac58cad6f160ee8306348599df9df58a8ede73696226897b9fa4b24?s=96&d=mm&r=g\",\"url\":\"https:\\\/\\\/secure.gravatar.com\\\/avatar\\\/09a397c22ac58cad6f160ee8306348599df9df58a8ede73696226897b9fa4b24?s=96&d=mm&r=g\",\"contentUrl\":\"https:\\\/\\\/secure.gravatar.com\\\/avatar\\\/09a397c22ac58cad6f160ee8306348599df9df58a8ede73696226897b9fa4b24?s=96&d=mm&r=g\",\"caption\":\"Adelisa Kalajdzini\"},\"url\":\"https:\\\/\\\/www.organisator.ch\\\/fr\\\/author\\\/adelisa-kalajdzini\\\/\"}]}<\/script>\n<!-- \/ Yoast SEO plugin. -->","yoast_head_json":{"title":"La HEIG-VD annonce les laur\u00e9ats du Prix suisse de l'\u00e9thique 2024 - Organisateur","description":"Le Prix suisse de l'\u00e9thique r\u00e9compense des organisations qui s'engagent dans des projets de responsabilit\u00e9 sociale ou de d\u00e9veloppement durable.","robots":{"index":"index","follow":"follow","max-snippet":"max-snippet:-1","max-image-preview":"max-image-preview:large","max-video-preview":"max-video-preview:-1"},"canonical":"https:\/\/www.organisator.ch\/fr\/sustainability\/2024-05-30\/heig-vd-gibt-die-gewinner-innen-des-schweizer-ethikpreises-2024-bekannt\/","og_locale":"fr_FR","og_type":"article","og_title":"HEIG-VD gibt die Gewinner\/innen des Schweizer Ethikpreises 2024 bekannt","og_description":"Der Schweizer Ethikpreis zeichnet Organisationen aus, die sich f\u00fcr Projekte im Bereich der sozialen Verantwortung oder der nachhaltigen Entwicklung engagieren.","og_url":"https:\/\/www.organisator.ch\/fr\/sustainability\/2024-05-30\/heig-vd-gibt-die-gewinner-innen-des-schweizer-ethikpreises-2024-bekannt\/","og_site_name":"Organisator","article_publisher":"https:\/\/www.facebook.com\/OrganisatorFachmagazin","article_published_time":"2024-05-30T11:33:21+00:00","og_image":[{"width":680,"height":509,"url":"https:\/\/www.organisator.ch\/wp-content\/uploads\/2024\/05\/Ethikpreis_Bild_ps.jpg","type":"image\/jpeg"}],"author":"Adelisa Kalajdzini","twitter_card":"summary_large_image","twitter_title":"HEIG-VD gibt die Gewinner\/innen des Schweizer Ethikpreises 2024 bekannt","twitter_description":"Der #Schweizer #Ethikpreis zeichnet #Organisationen aus, die sich f\u00fcr #Projekte im Bereich der sozialen Verantwortung oder der nachhaltigen Entwicklung engagieren.","twitter_image":"https:\/\/www.organisator.ch\/wp-content\/uploads\/2024\/05\/Ethikpreis_Bild_ps.jpg","schema":{"@context":"https:\/\/schema.org","@graph":[{"@type":"Article","@id":"https:\/\/www.organisator.ch\/sustainability\/2024-05-30\/heig-vd-gibt-die-gewinner-innen-des-schweizer-ethikpreises-2024-bekannt\/#article","isPartOf":{"@id":"https:\/\/www.organisator.ch\/sustainability\/2024-05-30\/heig-vd-gibt-die-gewinner-innen-des-schweizer-ethikpreises-2024-bekannt\/"},"author":{"name":"Adelisa Kalajdzini","@id":"https:\/\/www.organisator.ch\/#\/schema\/person\/2e1314a2172123f874db408d8911d3f3"},"headline":"HEIG-VD gibt die Gewinner\/innen des Schweizer Ethikpreises 2024 bekannt","datePublished":"2024-05-30T11:33:21+00:00","mainEntityOfPage":{"@id":"https:\/\/www.organisator.ch\/sustainability\/2024-05-30\/heig-vd-gibt-die-gewinner-innen-des-schweizer-ethikpreises-2024-bekannt\/"},"wordCount":336,"publisher":{"@id":"https:\/\/www.organisator.ch\/#organization"},"image":{"@id":"https:\/\/www.organisator.ch\/sustainability\/2024-05-30\/heig-vd-gibt-die-gewinner-innen-des-schweizer-ethikpreises-2024-bekannt\/#primaryimage"},"thumbnailUrl":"https:\/\/www.organisator.ch\/wp-content\/uploads\/2024\/05\/Ethikpreis_Bild_ps.jpg","keywords":["Ethikpreis","Schweiz","Studierende","Unternehmen"],"articleSection":["SUSTAINABILITY"],"inLanguage":"fr-FR"},{"@type":"WebPage","@id":"https:\/\/www.organisator.ch\/sustainability\/2024-05-30\/heig-vd-gibt-die-gewinner-innen-des-schweizer-ethikpreises-2024-bekannt\/","url":"https:\/\/www.organisator.ch\/sustainability\/2024-05-30\/heig-vd-gibt-die-gewinner-innen-des-schweizer-ethikpreises-2024-bekannt\/","name":"La HEIG-VD annonce les laur\u00e9ats du Prix suisse de l'\u00e9thique 2024 - Organisateur","isPartOf":{"@id":"https:\/\/www.organisator.ch\/#website"},"primaryImageOfPage":{"@id":"https:\/\/www.organisator.ch\/sustainability\/2024-05-30\/heig-vd-gibt-die-gewinner-innen-des-schweizer-ethikpreises-2024-bekannt\/#primaryimage"},"image":{"@id":"https:\/\/www.organisator.ch\/sustainability\/2024-05-30\/heig-vd-gibt-die-gewinner-innen-des-schweizer-ethikpreises-2024-bekannt\/#primaryimage"},"thumbnailUrl":"https:\/\/www.organisator.ch\/wp-content\/uploads\/2024\/05\/Ethikpreis_Bild_ps.jpg","datePublished":"2024-05-30T11:33:21+00:00","description":"Le Prix suisse de l'\u00e9thique r\u00e9compense des organisations qui s'engagent dans des projets de responsabilit\u00e9 sociale ou de d\u00e9veloppement durable.","breadcrumb":{"@id":"https:\/\/www.organisator.ch\/sustainability\/2024-05-30\/heig-vd-gibt-die-gewinner-innen-des-schweizer-ethikpreises-2024-bekannt\/#breadcrumb"},"inLanguage":"fr-FR","potentialAction":[{"@type":"ReadAction","target":["https:\/\/www.organisator.ch\/sustainability\/2024-05-30\/heig-vd-gibt-die-gewinner-innen-des-schweizer-ethikpreises-2024-bekannt\/"]}]},{"@type":"ImageObject","inLanguage":"fr-FR","@id":"https:\/\/www.organisator.ch\/sustainability\/2024-05-30\/heig-vd-gibt-die-gewinner-innen-des-schweizer-ethikpreises-2024-bekannt\/#primaryimage","url":"https:\/\/www.organisator.ch\/wp-content\/uploads\/2024\/05\/Ethikpreis_Bild_ps.jpg","contentUrl":"https:\/\/www.organisator.ch\/wp-content\/uploads\/2024\/05\/Ethikpreis_Bild_ps.jpg","width":680,"height":509,"caption":"Panatere in Saignel\u00e9gier ist gewinner des Schweizer Ethikpreises f\u00fcr das Engagement f\u00fcr die Kreislaufwirtschaft. (Bild: www.heig-vd.ch)"},{"@type":"BreadcrumbList","@id":"https:\/\/www.organisator.ch\/sustainability\/2024-05-30\/heig-vd-gibt-die-gewinner-innen-des-schweizer-ethikpreises-2024-bekannt\/#breadcrumb","itemListElement":[{"@type":"ListItem","position":1,"name":"Home","item":"https:\/\/www.organisator.ch\/"},{"@type":"ListItem","position":2,"name":"HEIG-VD gibt die Gewinner\/innen des Schweizer Ethikpreises 2024 bekannt"}]},{"@type":"WebSite","@id":"https:\/\/www.organisator.ch\/#website","url":"https:\/\/www.organisator.ch\/","name":"Organisateur","description":"Comp\u00e9tence et comp\u00e9tence. Proches de la pratique. L'ORGANISATEUR pr\u00e9pare 10 num\u00e9ros par an sur les th\u00e8mes essentiels pour les dirigeants de PME.","publisher":{"@id":"https:\/\/www.organisator.ch\/#organization"},"potentialAction":[{"@type":"SearchAction","target":{"@type":"EntryPoint","urlTemplate":"https:\/\/www.organisator.ch\/?s={search_term_string}"},"query-input":{"@type":"PropertyValueSpecification","valueRequired":true,"valueName":"search_term_string"}}],"inLanguage":"fr-FR"},{"@type":"Organization","@id":"https:\/\/www.organisator.ch\/#organization","name":"Organisateur","url":"https:\/\/www.organisator.ch\/","logo":{"@type":"ImageObject","inLanguage":"fr-FR","@id":"https:\/\/www.organisator.ch\/#\/schema\/logo\/image\/","url":"https:\/\/www.organisator.ch\/wp-content\/uploads\/2022\/01\/Logo_Organisator_Website.png","contentUrl":"https:\/\/www.organisator.ch\/wp-content\/uploads\/2022\/01\/Logo_Organisator_Website.png","width":800,"height":77,"caption":"Organisator"},"image":{"@id":"https:\/\/www.organisator.ch\/#\/schema\/logo\/image\/"},"sameAs":["https:\/\/www.facebook.com\/OrganisatorFachmagazin","https:\/\/www.linkedin.com\/showcase\/organisator-das-magazin-fr-kmu","https:\/\/www.xing.com\/news\/pages\/organisator-ch-695","https:\/\/www.youtube.com\/channel\/UCGP2Sq0iWaZwT3BdIAQFYpw"]},{"@type":"Person","@id":"https:\/\/www.organisator.ch\/#\/schema\/person\/2e1314a2172123f874db408d8911d3f3","name":"Adelisa Kalajdzini","image":{"@type":"ImageObject","inLanguage":"fr-FR","@id":"https:\/\/secure.gravatar.com\/avatar\/09a397c22ac58cad6f160ee8306348599df9df58a8ede73696226897b9fa4b24?s=96&d=mm&r=g","url":"https:\/\/secure.gravatar.com\/avatar\/09a397c22ac58cad6f160ee8306348599df9df58a8ede73696226897b9fa4b24?s=96&d=mm&r=g","contentUrl":"https:\/\/secure.gravatar.com\/avatar\/09a397c22ac58cad6f160ee8306348599df9df58a8ede73696226897b9fa4b24?s=96&d=mm&r=g","caption":"Adelisa Kalajdzini"},"url":"https:\/\/www.organisator.ch\/fr\/author\/adelisa-kalajdzini\/"}]}},"_links":{"self":[{"href":"https:\/\/www.organisator.ch\/fr\/wp-json\/wp\/v2\/posts\/27310","targetHints":{"allow":["GET"]}}],"collection":[{"href":"https:\/\/www.organisator.ch\/fr\/wp-json\/wp\/v2\/posts"}],"about":[{"href":"https:\/\/www.organisator.ch\/fr\/wp-json\/wp\/v2\/types\/post"}],"author":[{"embeddable":true,"href":"https:\/\/www.organisator.ch\/fr\/wp-json\/wp\/v2\/users\/58"}],"replies":[{"embeddable":true,"href":"https:\/\/www.organisator.ch\/fr\/wp-json\/wp\/v2\/comments?post=27310"}],"version-history":[{"count":5,"href":"https:\/\/www.organisator.ch\/fr\/wp-json\/wp\/v2\/posts\/27310\/revisions"}],"predecessor-version":[{"id":27393,"href":"https:\/\/www.organisator.ch\/fr\/wp-json\/wp\/v2\/posts\/27310\/revisions\/27393"}],"wp:featuredmedia":[{"embeddable":true,"href":"https:\/\/www.organisator.ch\/fr\/wp-json\/wp\/v2\/media\/27355"}],"wp:attachment":[{"href":"https:\/\/www.organisator.ch\/fr\/wp-json\/wp\/v2\/media?parent=27310"}],"wp:term":[{"taxonomy":"category","embeddable":true,"href":"https:\/\/www.organisator.ch\/fr\/wp-json\/wp\/v2\/categories?post=27310"},{"taxonomy":"post_tag","embeddable":true,"href":"https:\/\/www.organisator.ch\/fr\/wp-json\/wp\/v2\/tags?post=27310"}],"curies":[{"name":"wp","href":"https:\/\/api.w.org\/{rel}","templated":true}]}}