{"id":27332,"date":"2024-05-29T13:15:14","date_gmt":"2024-05-29T11:15:14","guid":{"rendered":"https:\/\/www.organisator.ch\/?p=27332"},"modified":"2024-05-29T16:52:32","modified_gmt":"2024-05-29T14:52:32","slug":"die-hes-so-unterstuetzt-innovations-und-nachhaltigkeitsprojekte-von-31-unternehmen-und-oeffentlichen-partnern","status":"publish","type":"post","link":"https:\/\/www.organisator.ch\/fr\/management\/2024-05-29\/die-hes-so-unterstuetzt-innovations-und-nachhaltigkeitsprojekte-von-31-unternehmen-und-oeffentlichen-partnern\/","title":{"rendered":"La HES-SO soutient les projets d'innovation et de d\u00e9veloppement durable de 31 entreprises et partenaires publics"},"content":{"rendered":"<figure id=\"attachment_27334\" aria-describedby=\"caption-attachment-27334\" style=\"width: 680px\" class=\"wp-caption alignnone\"><img loading=\"lazy\" decoding=\"async\" class=\"size-full wp-image-27334\" src=\"https:\/\/www.organisator.ch\/wp-content\/uploads\/2024\/05\/HES-SO_Bild1_ps.jpg\" alt=\"\" width=\"680\" height=\"454\" srcset=\"https:\/\/www.organisator.ch\/wp-content\/uploads\/2024\/05\/HES-SO_Bild1_ps.jpg 680w, https:\/\/www.organisator.ch\/wp-content\/uploads\/2024\/05\/HES-SO_Bild1_ps-18x12.jpg 18w, https:\/\/www.organisator.ch\/wp-content\/uploads\/2024\/05\/HES-SO_Bild1_ps-375x250.jpg 375w, https:\/\/www.organisator.ch\/wp-content\/uploads\/2024\/05\/HES-SO_Bild1_ps-524x350.jpg 524w\" sizes=\"auto, (max-width: 680px) 100vw, 680px\" \/><figcaption id=\"caption-attachment-27334\" class=\"wp-caption-text\">Les projets concernent les th\u00e8mes de l'innovation, de la comp\u00e9titivit\u00e9 et de la durabilit\u00e9 et sont chacun accompagn\u00e9s par un professeur. (Image : www.depositphotos.com)<\/figcaption><\/figure>\n<p>Pour la troisi\u00e8me fois depuis 2021 et suite au succ\u00e8s des projets d\u00e9j\u00e0 r\u00e9alis\u00e9s, le domaine Ing\u00e9nierie et Architecture de la HES-SO a lanc\u00e9 un appel \u00e0 projets extraordinaire visant \u00e0 soutenir l'\u00e9conomie r\u00e9gionale. Sur les 102 soumissions re\u00e7ues, 31 ont \u00e9t\u00e9 retenues, pour un co\u00fbt total de 1,5 million de francs, impliquant cinq des six \u00e9coles d'ing\u00e9nieurs et d'architectes de la HES-SO. Les projets concernent les th\u00e9matiques de l'innovation, de la comp\u00e9titivit\u00e9 et de la durabilit\u00e9 et sont chacun accompagn\u00e9s par un professeur. Ils se d\u00e9roulent sur douze mois, jusqu'en avril\/mai 2025, et sont financ\u00e9s \u00e0 hauteur de CHF 50'000 au maximum, ce montant \u00e9tant utilis\u00e9 exclusivement pour couvrir les charges des professeurs impliqu\u00e9s. Chaque partenaire externe s'engage en outre \u00e0 fournir de son c\u00f4t\u00e9 une contribution financi\u00e8re suppl\u00e9mentaire de 10 % ainsi que 10 % de prestations propres.<\/p>\n<p>L'appel \u00e0 projets s'adressait en premier lieu aux PME, mais aussi aux associations, aux institutions publiques et aux collectivit\u00e9s locales. Les cinq exemples ci-dessous illustrent non seulement l'engagement r\u00e9gional des \u00e9coles d'ing\u00e9nieurs et d'architectes de la HES-SO, mais aussi la diversit\u00e9 des th\u00e8mes de recherche abord\u00e9s :<\/p>\n<h3><strong>HEIG-VD : EYT - Mesure et surveillance des d\u00e9bits dans les cours d'eau<\/strong><\/h3>\n<p>En raison du changement climatique, la mesure des d\u00e9bits dans les cours d'eau rev\u00eat une importance cruciale pour la gestion et la surveillance des cours d'eau, en particulier dans les r\u00e9gions alpines. Elle permet d'am\u00e9liorer la gestion des goulets d'\u00e9tranglement et des laves torrentielles en cas de crue. Le projet EYT de la HEIG-VD vise \u00e0 am\u00e9liorer le syst\u00e8me de mesure de mani\u00e8re \u00e0 ce qu'il puisse \u00eatre facilement install\u00e9 par les acteurs locaux. L'introduction d'une mesure st\u00e9r\u00e9oscopique en 3D et le d\u00e9veloppement d'un algorithme, combin\u00e9s \u00e0 la surveillance par cam\u00e9ra, devraient permettre de transmettre en temps r\u00e9el le d\u00e9bit et d'autres informations telles que la g\u00e9om\u00e9trie du lit de la rivi\u00e8re et son \u00e9volution.<\/p>\n<h3><strong>HES-SO Valais-Wallis - HEI : LERNIT-SynIA - L'IA au service des personnes souffrant d'un handicap cognitif<\/strong><\/h3>\n<p>En collaboration avec l'association \u00e0 but non lucratif pour la promotion des technologies num\u00e9riques WizIT, bas\u00e9e \u00e0 La Forclaz (VS), la Haute \u00e9cole d'ing\u00e9nierie HEI d\u00e9veloppe le projet LERNIT-SnyIA : une interface bas\u00e9e sur l'IA gr\u00e2ce \u00e0 laquelle les utilisateurs peuvent cr\u00e9er des sc\u00e9narios d'apprentissage interactifs, m\u00eame sans connaissances en programmation, et devenir ainsi plus autonomes. Ils peuvent ainsi apprendre, via cette application, comment trouver l'itin\u00e9raire vers leur cabinet m\u00e9dical ou quels aliments doivent \u00eatre achet\u00e9s pour pr\u00e9parer un repas.<\/p>\n<h3><strong>HE-Arc Ing\u00e9nierie : LEANergy - \u00c9conomies d'\u00e9nergie dans l'industrie<\/strong><\/h3>\n<p>Le projet LEANergy, men\u00e9 en collaboration avec la HE-Arc Ing\u00e9nierie, vise \u00e0 d\u00e9velopper une solution logicielle bas\u00e9e sur l'IA permettant d'identifier et de quantifier les possibilit\u00e9s d'\u00e9conomies d'\u00e9nergie de 20 \u00e0 40 %. Pour ce faire, de nombreuses donn\u00e9es internes (consommation, production, heures de travail, etc.) et externes (calendrier, m\u00e9t\u00e9o) seront analys\u00e9es en temps r\u00e9el. Mais le programme d\u00e9velopp\u00e9 dans le cadre de ce projet permettra non seulement de g\u00e9rer plus efficacement les ressources \u00e9nerg\u00e9tiques, mais aussi de donner l'alerte en cas de probl\u00e8mes inattendus.<\/p>\n<h3><strong>HEIA-FR : LOCGRAM - Colorer les bact\u00e9ries pour que l'antibiotique soit le bon<\/strong><\/h3>\n<p>La coloration de Gram est une m\u00e9thode permettant de distinguer les bact\u00e9ries afin d'administrer dans chaque cas l'antibiotique exactement appropri\u00e9. Diff\u00e9rentes solutions sont utilis\u00e9es dans ce proc\u00e9d\u00e9. L'entreprise Swissmeca de Kleinb\u00f6singen dans le canton de Fribourg d\u00e9veloppe une telle solution sous la forme d'une puce microfluidique dont les microcanaux contiennent des r\u00e9actifs liquides. Pour r\u00e9aliser la coloration, ces r\u00e9actifs sont aspir\u00e9s par une pompe vers l'\u00e9chantillon de bact\u00e9ries d\u00e9pos\u00e9 sur une lame de microscope. Ce nouveau syst\u00e8me n\u00e9cessite 1000 fois moins de colorants chimiquement agressifs que les m\u00e9thodes pratiqu\u00e9es jusqu'\u00e0 pr\u00e9sent et est plus fiable, plus automatis\u00e9, moins co\u00fbteux et plus respectueux de l'environnement. Toutefois, les r\u00e9actifs liquides peuvent s'\u00e9vaporer. Le projet LOCGRAM de la HEIA-FR vise donc \u00e0 d\u00e9velopper des r\u00e9actifs sous forme de poudre afin d'\u00e9viter l'\u00e9vaporation, de permettre un stockage \u00e0 long terme et de garantir la stabilit\u00e9 du produit.<\/p>\n<h3><strong>HEPIA : BOOM - Prot\u00e9ger l'ou\u00efe des musiciens<\/strong><\/h3>\n<p>L'ou\u00efe des musiciens est particuli\u00e8rement expos\u00e9e lors des concerts ou des r\u00e9p\u00e9titions. L'exposition au bruit d\u00e9pend de l'instrument jou\u00e9 et de la position dans l'orchestre et varie consid\u00e9rablement d'une oreille \u00e0 l'autre. Le projet BOOM, men\u00e9 \u00e0 l'HEPIA, vise \u00e0 d\u00e9velopper un prototype de dosim\u00e8tre connect\u00e9 et peu co\u00fbteux, non disponible \u00e0 ce jour, qui prend en compte les deux oreilles (binaural) et inclut le calcul d'indicateurs acoustiques pertinents pour la pratique musicale. Un tel instrument de mesure acoustique sp\u00e9cifique permettra en outre aux H\u00f4pitaux universitaires de Gen\u00e8ve (HUG) de surveiller individuellement la sant\u00e9 auditive des musiciens et de prendre des mesures de pr\u00e9vention pr\u00e9coces afin d'\u00e9viter des l\u00e9sions auditives durables et irr\u00e9versibles chez les personnes les plus vuln\u00e9rables.<\/p>\n<p><em>Source : <a href=\"http:\/\/www.hes-so.ch\">www.hes-so.ch<\/a><\/em><\/p>","protected":false},"excerpt":{"rendered":"<p>Dans le cadre d'un appel \u00e0 projets exceptionnel, cinq hautes \u00e9coles du domaine Ing\u00e9nierie et Architecture de la HES-SO Haute \u00e9cole sp\u00e9cialis\u00e9e de Suisse occidentale mettent leurs comp\u00e9tences et celles de leurs professeurs au service de l'\u00e9conomie r\u00e9gionale. <\/p>","protected":false},"author":58,"featured_media":27334,"comment_status":"closed","ping_status":"closed","sticky":false,"template":"","format":"standard","meta":{"_acf_changed":false,"_yoast_wpseo_focuskw":"Projekte","_yoast_wpseo_metadesc":"F\u00fcnf Hochschulen des Bereichs Ingenieurwesen und Architektur der HES-SO Fachhochschule Westschweiz stellen ihre Kompetenzen und die ihrer Professorinnen und Professoren in den Dienst der regionalen Wirtschaft.","articlekey":"","footnotes":""},"categories":[28],"tags":[334,1787,1954,492],"class_list":["post-27332","post","type-post","status-publish","format-standard","has-post-thumbnail","hentry","category-management","tag-management","tag-nachhaltigkeit","tag-projekte","tag-unternehmen"],"acf":[],"yoast_head":"<!-- This site is optimized with the Yoast SEO plugin v27.5 - https:\/\/yoast.com\/product\/yoast-seo-wordpress\/ -->\n<title>Die HES-SO unterst\u00fctzt Innovations- und Nachhaltigkeitsprojekte von 31 Unternehmen und \u00f6ffentlichen Partnern - Organisator<\/title>\n<meta name=\"description\" content=\"F\u00fcnf Hochschulen des Bereichs Ingenieurwesen und Architektur der HES-SO Fachhochschule Westschweiz stellen ihre Kompetenzen und die ihrer Professorinnen und Professoren in den Dienst der regionalen Wirtschaft.\" \/>\n<meta name=\"robots\" content=\"index, follow, max-snippet:-1, max-image-preview:large, max-video-preview:-1\" \/>\n<link rel=\"canonical\" href=\"https:\/\/www.organisator.ch\/fr\/gestion-2\/2024-05-29\/die-hes-so-unterstuetzt-innovations-und-nachhaltigkeitsprojekte-von-31-unternehmen-und-oeffentlichen-partnern\/\" \/>\n<meta property=\"og:locale\" content=\"fr_FR\" \/>\n<meta property=\"og:type\" content=\"article\" \/>\n<meta property=\"og:title\" content=\"Die HES-SO unterst\u00fctzt Innovations- und Nachhaltigkeitsprojekte von 31 Unternehmen und \u00f6ffentlichen Partnern\" \/>\n<meta property=\"og:description\" content=\"F\u00fcnf Hochschulen des Bereichs Ingenieurwesen und Architektur der HES-SO Fachhochschule Westschweiz stellen ihre Kompetenzen und die ihrer Professorinnen und Professoren in den Dienst der regionalen Wirtschaft.\" \/>\n<meta property=\"og:url\" content=\"https:\/\/www.organisator.ch\/fr\/gestion-2\/2024-05-29\/die-hes-so-unterstuetzt-innovations-und-nachhaltigkeitsprojekte-von-31-unternehmen-und-oeffentlichen-partnern\/\" \/>\n<meta property=\"og:site_name\" content=\"Organisator\" \/>\n<meta property=\"article:publisher\" content=\"https:\/\/www.facebook.com\/OrganisatorFachmagazin\" \/>\n<meta property=\"article:published_time\" content=\"2024-05-29T11:15:14+00:00\" \/>\n<meta property=\"article:modified_time\" content=\"2024-05-29T14:52:32+00:00\" \/>\n<meta property=\"og:image\" content=\"https:\/\/www.organisator.ch\/wp-content\/uploads\/2024\/05\/HES-SO_Bild1_ps.jpg\" \/>\n\t<meta property=\"og:image:width\" content=\"680\" \/>\n\t<meta property=\"og:image:height\" content=\"454\" \/>\n\t<meta property=\"og:image:type\" content=\"image\/jpeg\" \/>\n<meta name=\"author\" content=\"Adelisa Kalajdzini\" \/>\n<meta name=\"twitter:card\" content=\"summary_large_image\" \/>\n<meta name=\"twitter:title\" content=\"Die HES-SO unterst\u00fctzt Innovations- und Nachhaltigkeitsprojekte von 31 Unternehmen und \u00f6ffentlichen Partnern\" \/>\n<meta name=\"twitter:description\" content=\"F\u00fcnf #Hochschulen des Bereichs Ingenieurwesen und Architektur der #HES-SO Fachhochschule Westschweiz stellen ihre #Kompetenzen und die ihrer Professorinnen und Professoren in den Dienst der regionalen #Wirtschaft.\" \/>\n<meta name=\"twitter:image\" content=\"https:\/\/www.organisator.ch\/wp-content\/uploads\/2024\/05\/HES-SO_Bild1_ps.jpg\" \/>\n<script type=\"application\/ld+json\" class=\"yoast-schema-graph\">{\"@context\":\"https:\\\/\\\/schema.org\",\"@graph\":[{\"@type\":\"Article\",\"@id\":\"https:\\\/\\\/www.organisator.ch\\\/management\\\/2024-05-29\\\/die-hes-so-unterstuetzt-innovations-und-nachhaltigkeitsprojekte-von-31-unternehmen-und-oeffentlichen-partnern\\\/#article\",\"isPartOf\":{\"@id\":\"https:\\\/\\\/www.organisator.ch\\\/management\\\/2024-05-29\\\/die-hes-so-unterstuetzt-innovations-und-nachhaltigkeitsprojekte-von-31-unternehmen-und-oeffentlichen-partnern\\\/\"},\"author\":{\"name\":\"Adelisa Kalajdzini\",\"@id\":\"https:\\\/\\\/www.organisator.ch\\\/#\\\/schema\\\/person\\\/2e1314a2172123f874db408d8911d3f3\"},\"headline\":\"Die HES-SO unterst\u00fctzt Innovations- und Nachhaltigkeitsprojekte von 31 Unternehmen und \u00f6ffentlichen Partnern\",\"datePublished\":\"2024-05-29T11:15:14+00:00\",\"dateModified\":\"2024-05-29T14:52:32+00:00\",\"mainEntityOfPage\":{\"@id\":\"https:\\\/\\\/www.organisator.ch\\\/management\\\/2024-05-29\\\/die-hes-so-unterstuetzt-innovations-und-nachhaltigkeitsprojekte-von-31-unternehmen-und-oeffentlichen-partnern\\\/\"},\"wordCount\":831,\"publisher\":{\"@id\":\"https:\\\/\\\/www.organisator.ch\\\/#organization\"},\"image\":{\"@id\":\"https:\\\/\\\/www.organisator.ch\\\/management\\\/2024-05-29\\\/die-hes-so-unterstuetzt-innovations-und-nachhaltigkeitsprojekte-von-31-unternehmen-und-oeffentlichen-partnern\\\/#primaryimage\"},\"thumbnailUrl\":\"https:\\\/\\\/www.organisator.ch\\\/wp-content\\\/uploads\\\/2024\\\/05\\\/HES-SO_Bild1_ps.jpg\",\"keywords\":[\"Management\",\"Nachhaltigkeit\",\"Projekte\",\"Unternehmen\"],\"articleSection\":[\"MANAGEMENT\"],\"inLanguage\":\"fr-FR\"},{\"@type\":\"WebPage\",\"@id\":\"https:\\\/\\\/www.organisator.ch\\\/management\\\/2024-05-29\\\/die-hes-so-unterstuetzt-innovations-und-nachhaltigkeitsprojekte-von-31-unternehmen-und-oeffentlichen-partnern\\\/\",\"url\":\"https:\\\/\\\/www.organisator.ch\\\/management\\\/2024-05-29\\\/die-hes-so-unterstuetzt-innovations-und-nachhaltigkeitsprojekte-von-31-unternehmen-und-oeffentlichen-partnern\\\/\",\"name\":\"Die HES-SO unterst\u00fctzt Innovations- und Nachhaltigkeitsprojekte von 31 Unternehmen und \u00f6ffentlichen Partnern - Organisator\",\"isPartOf\":{\"@id\":\"https:\\\/\\\/www.organisator.ch\\\/#website\"},\"primaryImageOfPage\":{\"@id\":\"https:\\\/\\\/www.organisator.ch\\\/management\\\/2024-05-29\\\/die-hes-so-unterstuetzt-innovations-und-nachhaltigkeitsprojekte-von-31-unternehmen-und-oeffentlichen-partnern\\\/#primaryimage\"},\"image\":{\"@id\":\"https:\\\/\\\/www.organisator.ch\\\/management\\\/2024-05-29\\\/die-hes-so-unterstuetzt-innovations-und-nachhaltigkeitsprojekte-von-31-unternehmen-und-oeffentlichen-partnern\\\/#primaryimage\"},\"thumbnailUrl\":\"https:\\\/\\\/www.organisator.ch\\\/wp-content\\\/uploads\\\/2024\\\/05\\\/HES-SO_Bild1_ps.jpg\",\"datePublished\":\"2024-05-29T11:15:14+00:00\",\"dateModified\":\"2024-05-29T14:52:32+00:00\",\"description\":\"F\u00fcnf Hochschulen des Bereichs Ingenieurwesen und Architektur der HES-SO Fachhochschule Westschweiz stellen ihre Kompetenzen und die ihrer Professorinnen und Professoren in den Dienst der regionalen Wirtschaft.\",\"breadcrumb\":{\"@id\":\"https:\\\/\\\/www.organisator.ch\\\/management\\\/2024-05-29\\\/die-hes-so-unterstuetzt-innovations-und-nachhaltigkeitsprojekte-von-31-unternehmen-und-oeffentlichen-partnern\\\/#breadcrumb\"},\"inLanguage\":\"fr-FR\",\"potentialAction\":[{\"@type\":\"ReadAction\",\"target\":[\"https:\\\/\\\/www.organisator.ch\\\/management\\\/2024-05-29\\\/die-hes-so-unterstuetzt-innovations-und-nachhaltigkeitsprojekte-von-31-unternehmen-und-oeffentlichen-partnern\\\/\"]}]},{\"@type\":\"ImageObject\",\"inLanguage\":\"fr-FR\",\"@id\":\"https:\\\/\\\/www.organisator.ch\\\/management\\\/2024-05-29\\\/die-hes-so-unterstuetzt-innovations-und-nachhaltigkeitsprojekte-von-31-unternehmen-und-oeffentlichen-partnern\\\/#primaryimage\",\"url\":\"https:\\\/\\\/www.organisator.ch\\\/wp-content\\\/uploads\\\/2024\\\/05\\\/HES-SO_Bild1_ps.jpg\",\"contentUrl\":\"https:\\\/\\\/www.organisator.ch\\\/wp-content\\\/uploads\\\/2024\\\/05\\\/HES-SO_Bild1_ps.jpg\",\"width\":680,\"height\":454,\"caption\":\"Die Projekte betreffen die Themenbereiche Innovation, Wettbewerbsf\u00e4higkeit und Nachhaltigkeit und werden jeweils von einer Professorin oder einem Professor begleitet. (Bild: www.depositphotos.com)\"},{\"@type\":\"BreadcrumbList\",\"@id\":\"https:\\\/\\\/www.organisator.ch\\\/management\\\/2024-05-29\\\/die-hes-so-unterstuetzt-innovations-und-nachhaltigkeitsprojekte-von-31-unternehmen-und-oeffentlichen-partnern\\\/#breadcrumb\",\"itemListElement\":[{\"@type\":\"ListItem\",\"position\":1,\"name\":\"Home\",\"item\":\"https:\\\/\\\/www.organisator.ch\\\/\"},{\"@type\":\"ListItem\",\"position\":2,\"name\":\"Die HES-SO unterst\u00fctzt Innovations- und Nachhaltigkeitsprojekte von 31 Unternehmen und \u00f6ffentlichen Partnern\"}]},{\"@type\":\"WebSite\",\"@id\":\"https:\\\/\\\/www.organisator.ch\\\/#website\",\"url\":\"https:\\\/\\\/www.organisator.ch\\\/\",\"name\":\"Organisator\",\"description\":\"Kompetent. Praxisnah. Der ORGANISATOR bereitet in 10 Ausgaben pro Jahr die wesentlichen Themen f\u00fcr F\u00fchrungskr\u00e4fte von KMU auf.\",\"publisher\":{\"@id\":\"https:\\\/\\\/www.organisator.ch\\\/#organization\"},\"potentialAction\":[{\"@type\":\"SearchAction\",\"target\":{\"@type\":\"EntryPoint\",\"urlTemplate\":\"https:\\\/\\\/www.organisator.ch\\\/?s={search_term_string}\"},\"query-input\":{\"@type\":\"PropertyValueSpecification\",\"valueRequired\":true,\"valueName\":\"search_term_string\"}}],\"inLanguage\":\"fr-FR\"},{\"@type\":\"Organization\",\"@id\":\"https:\\\/\\\/www.organisator.ch\\\/#organization\",\"name\":\"Organisator\",\"url\":\"https:\\\/\\\/www.organisator.ch\\\/\",\"logo\":{\"@type\":\"ImageObject\",\"inLanguage\":\"fr-FR\",\"@id\":\"https:\\\/\\\/www.organisator.ch\\\/#\\\/schema\\\/logo\\\/image\\\/\",\"url\":\"https:\\\/\\\/www.organisator.ch\\\/wp-content\\\/uploads\\\/2022\\\/01\\\/Logo_Organisator_Website.png\",\"contentUrl\":\"https:\\\/\\\/www.organisator.ch\\\/wp-content\\\/uploads\\\/2022\\\/01\\\/Logo_Organisator_Website.png\",\"width\":800,\"height\":77,\"caption\":\"Organisator\"},\"image\":{\"@id\":\"https:\\\/\\\/www.organisator.ch\\\/#\\\/schema\\\/logo\\\/image\\\/\"},\"sameAs\":[\"https:\\\/\\\/www.facebook.com\\\/OrganisatorFachmagazin\",\"https:\\\/\\\/www.linkedin.com\\\/showcase\\\/organisator-das-magazin-fr-kmu\",\"https:\\\/\\\/www.xing.com\\\/news\\\/pages\\\/organisator-ch-695\",\"https:\\\/\\\/www.youtube.com\\\/channel\\\/UCGP2Sq0iWaZwT3BdIAQFYpw\"]},{\"@type\":\"Person\",\"@id\":\"https:\\\/\\\/www.organisator.ch\\\/#\\\/schema\\\/person\\\/2e1314a2172123f874db408d8911d3f3\",\"name\":\"Adelisa Kalajdzini\",\"image\":{\"@type\":\"ImageObject\",\"inLanguage\":\"fr-FR\",\"@id\":\"https:\\\/\\\/secure.gravatar.com\\\/avatar\\\/09a397c22ac58cad6f160ee8306348599df9df58a8ede73696226897b9fa4b24?s=96&d=mm&r=g\",\"url\":\"https:\\\/\\\/secure.gravatar.com\\\/avatar\\\/09a397c22ac58cad6f160ee8306348599df9df58a8ede73696226897b9fa4b24?s=96&d=mm&r=g\",\"contentUrl\":\"https:\\\/\\\/secure.gravatar.com\\\/avatar\\\/09a397c22ac58cad6f160ee8306348599df9df58a8ede73696226897b9fa4b24?s=96&d=mm&r=g\",\"caption\":\"Adelisa Kalajdzini\"},\"url\":\"https:\\\/\\\/www.organisator.ch\\\/fr\\\/author\\\/adelisa-kalajdzini\\\/\"}]}<\/script>\n<!-- \/ Yoast SEO plugin. -->","yoast_head_json":{"title":"La HES-SO soutient les projets d'innovation et de d\u00e9veloppement durable de 31 entreprises et partenaires publics - Organisateur","description":"Cinq hautes \u00e9coles du domaine Ing\u00e9nierie et Architecture de la HES-SO Haute \u00e9cole sp\u00e9cialis\u00e9e de Suisse occidentale mettent leurs comp\u00e9tences et celles de leurs professeur-e-s au service de l'\u00e9conomie r\u00e9gionale.","robots":{"index":"index","follow":"follow","max-snippet":"max-snippet:-1","max-image-preview":"max-image-preview:large","max-video-preview":"max-video-preview:-1"},"canonical":"https:\/\/www.organisator.ch\/fr\/gestion-2\/2024-05-29\/die-hes-so-unterstuetzt-innovations-und-nachhaltigkeitsprojekte-von-31-unternehmen-und-oeffentlichen-partnern\/","og_locale":"fr_FR","og_type":"article","og_title":"Die HES-SO unterst\u00fctzt Innovations- und Nachhaltigkeitsprojekte von 31 Unternehmen und \u00f6ffentlichen Partnern","og_description":"F\u00fcnf Hochschulen des Bereichs Ingenieurwesen und Architektur der HES-SO Fachhochschule Westschweiz stellen ihre Kompetenzen und die ihrer Professorinnen und Professoren in den Dienst der regionalen Wirtschaft.","og_url":"https:\/\/www.organisator.ch\/fr\/gestion-2\/2024-05-29\/die-hes-so-unterstuetzt-innovations-und-nachhaltigkeitsprojekte-von-31-unternehmen-und-oeffentlichen-partnern\/","og_site_name":"Organisator","article_publisher":"https:\/\/www.facebook.com\/OrganisatorFachmagazin","article_published_time":"2024-05-29T11:15:14+00:00","article_modified_time":"2024-05-29T14:52:32+00:00","og_image":[{"width":680,"height":454,"url":"https:\/\/www.organisator.ch\/wp-content\/uploads\/2024\/05\/HES-SO_Bild1_ps.jpg","type":"image\/jpeg"}],"author":"Adelisa Kalajdzini","twitter_card":"summary_large_image","twitter_title":"Die HES-SO unterst\u00fctzt Innovations- und Nachhaltigkeitsprojekte von 31 Unternehmen und \u00f6ffentlichen Partnern","twitter_description":"F\u00fcnf #Hochschulen des Bereichs Ingenieurwesen und Architektur der #HES-SO Fachhochschule Westschweiz stellen ihre #Kompetenzen und die ihrer Professorinnen und Professoren in den Dienst der regionalen #Wirtschaft.","twitter_image":"https:\/\/www.organisator.ch\/wp-content\/uploads\/2024\/05\/HES-SO_Bild1_ps.jpg","schema":{"@context":"https:\/\/schema.org","@graph":[{"@type":"Article","@id":"https:\/\/www.organisator.ch\/management\/2024-05-29\/die-hes-so-unterstuetzt-innovations-und-nachhaltigkeitsprojekte-von-31-unternehmen-und-oeffentlichen-partnern\/#article","isPartOf":{"@id":"https:\/\/www.organisator.ch\/management\/2024-05-29\/die-hes-so-unterstuetzt-innovations-und-nachhaltigkeitsprojekte-von-31-unternehmen-und-oeffentlichen-partnern\/"},"author":{"name":"Adelisa Kalajdzini","@id":"https:\/\/www.organisator.ch\/#\/schema\/person\/2e1314a2172123f874db408d8911d3f3"},"headline":"Die HES-SO unterst\u00fctzt Innovations- und Nachhaltigkeitsprojekte von 31 Unternehmen und \u00f6ffentlichen Partnern","datePublished":"2024-05-29T11:15:14+00:00","dateModified":"2024-05-29T14:52:32+00:00","mainEntityOfPage":{"@id":"https:\/\/www.organisator.ch\/management\/2024-05-29\/die-hes-so-unterstuetzt-innovations-und-nachhaltigkeitsprojekte-von-31-unternehmen-und-oeffentlichen-partnern\/"},"wordCount":831,"publisher":{"@id":"https:\/\/www.organisator.ch\/#organization"},"image":{"@id":"https:\/\/www.organisator.ch\/management\/2024-05-29\/die-hes-so-unterstuetzt-innovations-und-nachhaltigkeitsprojekte-von-31-unternehmen-und-oeffentlichen-partnern\/#primaryimage"},"thumbnailUrl":"https:\/\/www.organisator.ch\/wp-content\/uploads\/2024\/05\/HES-SO_Bild1_ps.jpg","keywords":["Management","Nachhaltigkeit","Projekte","Unternehmen"],"articleSection":["MANAGEMENT"],"inLanguage":"fr-FR"},{"@type":"WebPage","@id":"https:\/\/www.organisator.ch\/management\/2024-05-29\/die-hes-so-unterstuetzt-innovations-und-nachhaltigkeitsprojekte-von-31-unternehmen-und-oeffentlichen-partnern\/","url":"https:\/\/www.organisator.ch\/management\/2024-05-29\/die-hes-so-unterstuetzt-innovations-und-nachhaltigkeitsprojekte-von-31-unternehmen-und-oeffentlichen-partnern\/","name":"La HES-SO soutient les projets d'innovation et de d\u00e9veloppement durable de 31 entreprises et partenaires publics - Organisateur","isPartOf":{"@id":"https:\/\/www.organisator.ch\/#website"},"primaryImageOfPage":{"@id":"https:\/\/www.organisator.ch\/management\/2024-05-29\/die-hes-so-unterstuetzt-innovations-und-nachhaltigkeitsprojekte-von-31-unternehmen-und-oeffentlichen-partnern\/#primaryimage"},"image":{"@id":"https:\/\/www.organisator.ch\/management\/2024-05-29\/die-hes-so-unterstuetzt-innovations-und-nachhaltigkeitsprojekte-von-31-unternehmen-und-oeffentlichen-partnern\/#primaryimage"},"thumbnailUrl":"https:\/\/www.organisator.ch\/wp-content\/uploads\/2024\/05\/HES-SO_Bild1_ps.jpg","datePublished":"2024-05-29T11:15:14+00:00","dateModified":"2024-05-29T14:52:32+00:00","description":"Cinq hautes \u00e9coles du domaine Ing\u00e9nierie et Architecture de la HES-SO Haute \u00e9cole sp\u00e9cialis\u00e9e de Suisse occidentale mettent leurs comp\u00e9tences et celles de leurs professeur-e-s au service de l'\u00e9conomie r\u00e9gionale.","breadcrumb":{"@id":"https:\/\/www.organisator.ch\/management\/2024-05-29\/die-hes-so-unterstuetzt-innovations-und-nachhaltigkeitsprojekte-von-31-unternehmen-und-oeffentlichen-partnern\/#breadcrumb"},"inLanguage":"fr-FR","potentialAction":[{"@type":"ReadAction","target":["https:\/\/www.organisator.ch\/management\/2024-05-29\/die-hes-so-unterstuetzt-innovations-und-nachhaltigkeitsprojekte-von-31-unternehmen-und-oeffentlichen-partnern\/"]}]},{"@type":"ImageObject","inLanguage":"fr-FR","@id":"https:\/\/www.organisator.ch\/management\/2024-05-29\/die-hes-so-unterstuetzt-innovations-und-nachhaltigkeitsprojekte-von-31-unternehmen-und-oeffentlichen-partnern\/#primaryimage","url":"https:\/\/www.organisator.ch\/wp-content\/uploads\/2024\/05\/HES-SO_Bild1_ps.jpg","contentUrl":"https:\/\/www.organisator.ch\/wp-content\/uploads\/2024\/05\/HES-SO_Bild1_ps.jpg","width":680,"height":454,"caption":"Die Projekte betreffen die Themenbereiche Innovation, Wettbewerbsf\u00e4higkeit und Nachhaltigkeit und werden jeweils von einer Professorin oder einem Professor begleitet. (Bild: www.depositphotos.com)"},{"@type":"BreadcrumbList","@id":"https:\/\/www.organisator.ch\/management\/2024-05-29\/die-hes-so-unterstuetzt-innovations-und-nachhaltigkeitsprojekte-von-31-unternehmen-und-oeffentlichen-partnern\/#breadcrumb","itemListElement":[{"@type":"ListItem","position":1,"name":"Home","item":"https:\/\/www.organisator.ch\/"},{"@type":"ListItem","position":2,"name":"Die HES-SO unterst\u00fctzt Innovations- und Nachhaltigkeitsprojekte von 31 Unternehmen und \u00f6ffentlichen Partnern"}]},{"@type":"WebSite","@id":"https:\/\/www.organisator.ch\/#website","url":"https:\/\/www.organisator.ch\/","name":"Organisateur","description":"Comp\u00e9tence et comp\u00e9tence. Proches de la pratique. L'ORGANISATEUR pr\u00e9pare 10 num\u00e9ros par an sur les th\u00e8mes essentiels pour les dirigeants de PME.","publisher":{"@id":"https:\/\/www.organisator.ch\/#organization"},"potentialAction":[{"@type":"SearchAction","target":{"@type":"EntryPoint","urlTemplate":"https:\/\/www.organisator.ch\/?s={search_term_string}"},"query-input":{"@type":"PropertyValueSpecification","valueRequired":true,"valueName":"search_term_string"}}],"inLanguage":"fr-FR"},{"@type":"Organization","@id":"https:\/\/www.organisator.ch\/#organization","name":"Organisateur","url":"https:\/\/www.organisator.ch\/","logo":{"@type":"ImageObject","inLanguage":"fr-FR","@id":"https:\/\/www.organisator.ch\/#\/schema\/logo\/image\/","url":"https:\/\/www.organisator.ch\/wp-content\/uploads\/2022\/01\/Logo_Organisator_Website.png","contentUrl":"https:\/\/www.organisator.ch\/wp-content\/uploads\/2022\/01\/Logo_Organisator_Website.png","width":800,"height":77,"caption":"Organisator"},"image":{"@id":"https:\/\/www.organisator.ch\/#\/schema\/logo\/image\/"},"sameAs":["https:\/\/www.facebook.com\/OrganisatorFachmagazin","https:\/\/www.linkedin.com\/showcase\/organisator-das-magazin-fr-kmu","https:\/\/www.xing.com\/news\/pages\/organisator-ch-695","https:\/\/www.youtube.com\/channel\/UCGP2Sq0iWaZwT3BdIAQFYpw"]},{"@type":"Person","@id":"https:\/\/www.organisator.ch\/#\/schema\/person\/2e1314a2172123f874db408d8911d3f3","name":"Adelisa Kalajdzini","image":{"@type":"ImageObject","inLanguage":"fr-FR","@id":"https:\/\/secure.gravatar.com\/avatar\/09a397c22ac58cad6f160ee8306348599df9df58a8ede73696226897b9fa4b24?s=96&d=mm&r=g","url":"https:\/\/secure.gravatar.com\/avatar\/09a397c22ac58cad6f160ee8306348599df9df58a8ede73696226897b9fa4b24?s=96&d=mm&r=g","contentUrl":"https:\/\/secure.gravatar.com\/avatar\/09a397c22ac58cad6f160ee8306348599df9df58a8ede73696226897b9fa4b24?s=96&d=mm&r=g","caption":"Adelisa Kalajdzini"},"url":"https:\/\/www.organisator.ch\/fr\/author\/adelisa-kalajdzini\/"}]}},"_links":{"self":[{"href":"https:\/\/www.organisator.ch\/fr\/wp-json\/wp\/v2\/posts\/27332","targetHints":{"allow":["GET"]}}],"collection":[{"href":"https:\/\/www.organisator.ch\/fr\/wp-json\/wp\/v2\/posts"}],"about":[{"href":"https:\/\/www.organisator.ch\/fr\/wp-json\/wp\/v2\/types\/post"}],"author":[{"embeddable":true,"href":"https:\/\/www.organisator.ch\/fr\/wp-json\/wp\/v2\/users\/58"}],"replies":[{"embeddable":true,"href":"https:\/\/www.organisator.ch\/fr\/wp-json\/wp\/v2\/comments?post=27332"}],"version-history":[{"count":7,"href":"https:\/\/www.organisator.ch\/fr\/wp-json\/wp\/v2\/posts\/27332\/revisions"}],"predecessor-version":[{"id":27353,"href":"https:\/\/www.organisator.ch\/fr\/wp-json\/wp\/v2\/posts\/27332\/revisions\/27353"}],"wp:featuredmedia":[{"embeddable":true,"href":"https:\/\/www.organisator.ch\/fr\/wp-json\/wp\/v2\/media\/27334"}],"wp:attachment":[{"href":"https:\/\/www.organisator.ch\/fr\/wp-json\/wp\/v2\/media?parent=27332"}],"wp:term":[{"taxonomy":"category","embeddable":true,"href":"https:\/\/www.organisator.ch\/fr\/wp-json\/wp\/v2\/categories?post=27332"},{"taxonomy":"post_tag","embeddable":true,"href":"https:\/\/www.organisator.ch\/fr\/wp-json\/wp\/v2\/tags?post=27332"}],"curies":[{"name":"wp","href":"https:\/\/api.w.org\/{rel}","templated":true}]}}