{"id":27336,"date":"2024-05-29T11:49:43","date_gmt":"2024-05-29T09:49:43","guid":{"rendered":"https:\/\/www.m-q.ch\/?p=19796"},"modified":"2024-11-11T05:05:51","modified_gmt":"2024-11-11T04:05:51","slug":"schadenstatistik-wetterextreme-nehmen-zu","status":"publish","type":"post","link":"https:\/\/www.organisator.ch\/fr\/operational-excellence\/2024-05-29\/schadenstatistik-wetterextreme-nehmen-zu\/","title":{"rendered":"Statistiques des sinistres : les ph\u00e9nom\u00e8nes m\u00e9t\u00e9orologiques extr\u00eames augmentent"},"content":{"rendered":"<figure id=\"attachment_19797\" class=\"wp-caption alignnone\" style=\"width: 680px\" aria-describedby=\"caption-attachment-19797\"><img class=\"alignnone wp-image-19797 size-full\" src=\"https:\/\/www.m-q.ch\/wp-content\/uploads\/2024\/05\/AXA-Wetterexreme_Bild1_ps.jpg\" alt=\"Statistique des dommages \" width=\"680\" height=\"455\" \/>\r\n<figcaption id=\"caption-attachment-19797\" class=\"wp-caption-text\">La statistique des sinistres d'AXA donne une image claire de l'endroit o\u00f9 tel ou tel type de sinistre s'est produit le plus souvent. (Photo : Rosmarie Wirz \/ www.axa.ch)<\/figcaption>\r\n<\/figure>\r\n<p>En tant que plus grande assurance toutes branches de Suisse, AXA dispose de donn\u00e9es compl\u00e8tes sur le lieu, la date et l'ampleur des dommages caus\u00e9s par les intemp\u00e9ries au cours des derni\u00e8res ann\u00e9es. Les statistiques des 25 derni\u00e8res ann\u00e9es montrent que 2021 a \u00e9t\u00e9 une ann\u00e9e absolument exceptionnelle, tant en termes de nombre de sinistres que de co\u00fbts. Mais 1999, 2000, 2004, 2009, 2012, 2013, 2022 et 2023 ont \u00e9galement connu de tr\u00e8s nombreux dommages, tandis que 2014 \u00e0 2020 ont \u00e9t\u00e9 des ann\u00e9es plut\u00f4t calmes (graphique 1). La situation est similaire en ce qui concerne le co\u00fbt des sinistres (graphique 2), le sinistre moyen d'AXA ayant \u00e9t\u00e9 exceptionnellement \u00e9lev\u00e9 en 2005 et 2017. Cela s'explique en 2005 par les crues alpines, qui ont provoqu\u00e9 des inondations \u00e0 grande \u00e9chelle, et en 2017 par plusieurs gros sinistres dus \u00e0 de fortes pluies r\u00e9gionales.<\/p>\r\n<figure id=\"attachment_19798\" class=\"wp-caption alignnone\" style=\"width: 680px\" aria-describedby=\"caption-attachment-19798\"><img class=\"size-full wp-image-19798\" src=\"https:\/\/www.m-q.ch\/wp-content\/uploads\/2024\/05\/Diagramm1_AXA_ps.jpg\" alt=\"\" width=\"680\" height=\"349\" \/>\r\n<figcaption id=\"caption-attachment-19798\" class=\"wp-caption-text\">(Image : www.axa.ch)<\/figcaption>\r\n<\/figure>\r\n<figure id=\"attachment_19799\" class=\"wp-caption alignnone\" style=\"width: 680px\" aria-describedby=\"caption-attachment-19799\"><img class=\"size-full wp-image-19799\" src=\"https:\/\/www.m-q.ch\/wp-content\/uploads\/2024\/05\/Diagramm2_AXA_ps.jpg\" alt=\"\" width=\"680\" height=\"349\" \/>\r\n<figcaption id=\"caption-attachment-19799\" class=\"wp-caption-text\">(Image : www.axa.ch)<\/figcaption>\r\n<\/figure>\r\n<h3><strong>Intemp\u00e9ries plus intenses, pr\u00e9vention accrue<\/strong><\/h3>\r\n<p>\"Nous constatons une recrudescence au cours des trois derni\u00e8res ann\u00e9es. Il s'agit toutefois d'une p\u00e9riode trop courte pour parler de tendance. Les dommages dus aux intemp\u00e9ries sont tr\u00e8s volatils\", explique Stefan M\u00fcller, responsable des assurances dommages chez AXA. \"Notre exp\u00e9rience montre toutefois que les intemp\u00e9ries surviennent aujourd'hui \u00e0 plus court terme qu'auparavant et que leur intensit\u00e9 a nettement augment\u00e9 : rafales de vent extr\u00eamement puissantes, davantage de fortes pluies, plus souvent de gros gr\u00ealons - et tout cela parfois localement et \u00e0 petite \u00e9chelle\". De nouveaux dangers sont ainsi apparus. Par exemple, dans les zones dens\u00e9ment peupl\u00e9es, les fortes pluies peuvent transformer les routes en rivi\u00e8res dangereuses et inonder litt\u00e9ralement les parkings souterrains. Cela ne se refl\u00e8te que partiellement dans les statistiques, car la Conf\u00e9d\u00e9ration, les cantons et les communes ont parall\u00e8lement investi davantage dans des mesures de protection. Les galeries d'\u00e9vacuation des crues, les bassins de r\u00e9tention, le rehaussement des digues ou la carte nationale des dangers d'inondation portent leurs fruits.<\/p>\r\n<h3><strong>Les dommages dus \u00e0 la gr\u00eale, un moteur essentiel<\/strong><\/h3>\r\n<p>Toutes les r\u00e9gions du pays ne sont pas expos\u00e9es au m\u00eame risque. La statistique des sinistres d'AXA donne une image claire des r\u00e9gions o\u00f9 tel ou tel type de sinistre s'est produit le plus souvent. Tant en termes de nombre de cas que de co\u00fbts, les dommages caus\u00e9s par la gr\u00eale aux voitures repr\u00e9sentent la plus grande part des dommages dus aux intemp\u00e9ries. Au cours des vingt derni\u00e8res ann\u00e9es, les cantons du Jura, du Tessin et de Neuch\u00e2tel ont \u00e9t\u00e9 particuli\u00e8rement touch\u00e9s, mais aussi ceux de Nidwald, Obwald, Lucerne, Schwyz et Berne. \"Ce sont surtout les grosses chutes de gr\u00eale, qui endommagent un grand nombre de voitures en peu de temps, qui peuvent \u00eatre un moteur important du bilan des sinistres\", explique Patrick Villiger, responsable des sinistres v\u00e9hicules \u00e0 moteur chez AXA. En revanche, il n'y a gu\u00e8re eu de dommages dus \u00e0 la gr\u00eale dans les cantons de Schaffhouse, Gen\u00e8ve, Grisons, Glaris et Thurgovie.<\/p>\r\n<h3><strong>Inondations fr\u00e9quentes dans le canton de Schwyz<\/strong><\/h3>\r\n<p>Au cours des dix derni\u00e8res ann\u00e9es, c'est dans le canton de Schwyz qu'il y a eu le plus de dommages dus aux inondations par m\u00e9nage assur\u00e9, suivi par les cantons de Soleure, Thurgovie et Lucerne. Il convient toutefois de noter que certains \u00e9v\u00e9nements ont toujours eu un poids important. Les cantons de Vaud, des Grisons, de B\u00e2le-Campagne et d'Uri ont pour la plupart \u00e9t\u00e9 \u00e9pargn\u00e9s par les inondations au cours des dix derni\u00e8res ann\u00e9es.<\/p>\r\n<h3><strong>Le Tessin est la r\u00e9gion la plus touch\u00e9e par les \u00e9clairs<\/strong><\/h3>\r\n<p>En ce qui concerne les dommages caus\u00e9s par la foudre, un canton arrive nettement en t\u00eate des statistiques : Au Tessin, le risque de dommages dus \u00e0 la foudre a \u00e9t\u00e9 sept fois plus \u00e9lev\u00e9 que dans le reste de la Suisse au cours des dix derni\u00e8res ann\u00e9es. Chaque ann\u00e9e, AXA recense dans ce canton plusieurs centaines de dommages \u00e0 l'inventaire du m\u00e9nage. Par rapport \u00e0 B\u00e2le-Campagne, Vaud et Gen\u00e8ve, le risque \u00e9tait m\u00eame 25 fois plus \u00e9lev\u00e9. La raison est compr\u00e9hensible : Lorsque l'air chaud et humide de la M\u00e9diterran\u00e9e est pouss\u00e9 vers la cha\u00eene des Alpes, des nuages orageux se forment avec de forts vents ascendants et descendants et une tension \u00e9lectrique \u00e9lev\u00e9e. Celle-ci se d\u00e9charge en \u00e9clairs.<\/p>\r\n<h3><strong>Assurance en cas d'intemp\u00e9ries<\/strong><\/h3>\r\n<p>Selon l'objet endommag\u00e9, diff\u00e9rentes assurances entrent en jeu. Les dommages caus\u00e9s par les intemp\u00e9ries au mobilier et \u00e0 l'\u00e9quipement sont couverts \u00e0 la valeur \u00e0 neuf par l'assurance m\u00e9nage. Les dommages aux v\u00e9hicules sont couverts par l'assurance casco partielle. Et pour les dommages caus\u00e9s aux b\u00e2timents, c'est l'assurance b\u00e2timent qui est comp\u00e9tente ; dans la plupart des r\u00e9gions, elle passe par le canton.<\/p>\r\n<p><em>Source : <a href=\"http:\/\/www.axa.ch\/\">www.axa.ch<\/a><\/em><\/p>\n<p class=\"syndicated-attribution\">Cet article est paru initialement sur m-q.ch - <a href=\"https:\/\/www.m-q.ch\/de\/schadenstatistik-wetterextreme-nehmen-zu\/\" target=\"_blank\">https:\/\/www.m-q.ch\/de\/schadenstatistik-wetterextreme-nehmen-zu\/<\/a><\/p>","protected":false},"excerpt":{"rendered":"<p>Les chiffres d'AXA montrent une accumulation de dommages dus aux intemp\u00e9ries au cours des trois derni\u00e8res ann\u00e9es. Il serait pr\u00e9matur\u00e9 de parler de tendance, mais les orages surviennent aujourd'hui \u00e0 plus court terme qu'auparavant et leur intensit\u00e9 a augment\u00e9. Parall\u00e8lement, les mesures de pr\u00e9vention prises par la Conf\u00e9d\u00e9ration, les cantons et les communes ont un effet positif sur l'ampleur des dommages.<\/p>","protected":false},"author":58,"featured_media":0,"comment_status":"closed","ping_status":"closed","sticky":false,"template":"","format":"standard","meta":{"_acf_changed":false,"_yoast_wpseo_focuskw":"Schadenstatistik","_yoast_wpseo_metadesc":"AXA zeigt: H\u00e4ufigste Unwettersch\u00e4den in der Schweiz 2024. Hagel, \u00dcberschwemmungen und Blitzschl\u00e4ge analysiert.","articlekey":"","footnotes":""},"categories":[582],"tags":[418,424,452,4238],"class_list":["post-27336","post","type-post","status-publish","format-standard","hentry","category-operational-excellence","tag-risikomanagement","tag-schweiz","tag-statistik","tag-wetterextreme"],"acf":[],"yoast_head":"<!-- This site is optimized with the Yoast SEO plugin v27.4 - https:\/\/yoast.com\/product\/yoast-seo-wordpress\/ -->\n<title>Schadenstatistik: Wetterextreme nehmen zu - Organisator<\/title>\n<meta name=\"description\" content=\"AXA zeigt: H\u00e4ufigste Unwettersch\u00e4den in der Schweiz 2024. Hagel, \u00dcberschwemmungen und Blitzschl\u00e4ge analysiert.\" \/>\n<meta name=\"robots\" content=\"index, follow, max-snippet:-1, max-image-preview:large, max-video-preview:-1\" \/>\n<link rel=\"canonical\" href=\"https:\/\/www.organisator.ch\/fr\/excellence-operationnelle\/2024-05-29\/schadenstatistik-wetterextreme-nehmen-zu\/\" \/>\n<meta property=\"og:locale\" content=\"fr_FR\" \/>\n<meta property=\"og:type\" content=\"article\" \/>\n<meta property=\"og:title\" content=\"Schadenstatistik: Wetterextreme nehmen zu - Organisator\" \/>\n<meta property=\"og:description\" content=\"AXA zeigt: H\u00e4ufigste Unwettersch\u00e4den in der Schweiz 2024. Hagel, \u00dcberschwemmungen und Blitzschl\u00e4ge analysiert.\" \/>\n<meta property=\"og:url\" content=\"https:\/\/www.organisator.ch\/fr\/excellence-operationnelle\/2024-05-29\/schadenstatistik-wetterextreme-nehmen-zu\/\" \/>\n<meta property=\"og:site_name\" content=\"Organisator\" \/>\n<meta property=\"article:publisher\" content=\"https:\/\/www.facebook.com\/OrganisatorFachmagazin\" \/>\n<meta property=\"article:published_time\" content=\"2024-05-29T09:49:43+00:00\" \/>\n<meta property=\"article:modified_time\" content=\"2024-11-11T04:05:51+00:00\" \/>\n<meta property=\"og:image\" content=\"https:\/\/www.m-q.ch\/wp-content\/uploads\/2024\/05\/AXA-Wetterexreme_Bild1_ps.jpg\" \/>\n<meta name=\"author\" content=\"Adelisa Kalajdzini\" \/>\n<meta name=\"twitter:card\" content=\"summary_large_image\" \/>\n<script type=\"application\/ld+json\" class=\"yoast-schema-graph\">{\"@context\":\"https:\\\/\\\/schema.org\",\"@graph\":[{\"@type\":\"Article\",\"@id\":\"https:\\\/\\\/www.organisator.ch\\\/operational-excellence\\\/2024-05-29\\\/schadenstatistik-wetterextreme-nehmen-zu\\\/#article\",\"isPartOf\":{\"@id\":\"https:\\\/\\\/www.organisator.ch\\\/operational-excellence\\\/2024-05-29\\\/schadenstatistik-wetterextreme-nehmen-zu\\\/\"},\"author\":{\"name\":\"Adelisa Kalajdzini\",\"@id\":\"https:\\\/\\\/www.organisator.ch\\\/#\\\/schema\\\/person\\\/2e1314a2172123f874db408d8911d3f3\"},\"headline\":\"Schadenstatistik: Wetterextreme nehmen zu\",\"datePublished\":\"2024-05-29T09:49:43+00:00\",\"dateModified\":\"2024-11-11T04:05:51+00:00\",\"mainEntityOfPage\":{\"@id\":\"https:\\\/\\\/www.organisator.ch\\\/operational-excellence\\\/2024-05-29\\\/schadenstatistik-wetterextreme-nehmen-zu\\\/\"},\"wordCount\":627,\"publisher\":{\"@id\":\"https:\\\/\\\/www.organisator.ch\\\/#organization\"},\"image\":{\"@id\":\"https:\\\/\\\/www.organisator.ch\\\/operational-excellence\\\/2024-05-29\\\/schadenstatistik-wetterextreme-nehmen-zu\\\/#primaryimage\"},\"thumbnailUrl\":\"https:\\\/\\\/www.m-q.ch\\\/wp-content\\\/uploads\\\/2024\\\/05\\\/AXA-Wetterexreme_Bild1_ps.jpg\",\"keywords\":[\"Risikomanagement\",\"Schweiz\",\"Statistik\",\"Wetterextreme\"],\"articleSection\":[\"OPERATIONAL EXCELLENCE\"],\"inLanguage\":\"fr-FR\"},{\"@type\":\"WebPage\",\"@id\":\"https:\\\/\\\/www.organisator.ch\\\/operational-excellence\\\/2024-05-29\\\/schadenstatistik-wetterextreme-nehmen-zu\\\/\",\"url\":\"https:\\\/\\\/www.organisator.ch\\\/operational-excellence\\\/2024-05-29\\\/schadenstatistik-wetterextreme-nehmen-zu\\\/\",\"name\":\"Schadenstatistik: Wetterextreme nehmen zu - Organisator\",\"isPartOf\":{\"@id\":\"https:\\\/\\\/www.organisator.ch\\\/#website\"},\"primaryImageOfPage\":{\"@id\":\"https:\\\/\\\/www.organisator.ch\\\/operational-excellence\\\/2024-05-29\\\/schadenstatistik-wetterextreme-nehmen-zu\\\/#primaryimage\"},\"image\":{\"@id\":\"https:\\\/\\\/www.organisator.ch\\\/operational-excellence\\\/2024-05-29\\\/schadenstatistik-wetterextreme-nehmen-zu\\\/#primaryimage\"},\"thumbnailUrl\":\"https:\\\/\\\/www.m-q.ch\\\/wp-content\\\/uploads\\\/2024\\\/05\\\/AXA-Wetterexreme_Bild1_ps.jpg\",\"datePublished\":\"2024-05-29T09:49:43+00:00\",\"dateModified\":\"2024-11-11T04:05:51+00:00\",\"description\":\"AXA zeigt: H\u00e4ufigste Unwettersch\u00e4den in der Schweiz 2024. Hagel, \u00dcberschwemmungen und Blitzschl\u00e4ge analysiert.\",\"breadcrumb\":{\"@id\":\"https:\\\/\\\/www.organisator.ch\\\/operational-excellence\\\/2024-05-29\\\/schadenstatistik-wetterextreme-nehmen-zu\\\/#breadcrumb\"},\"inLanguage\":\"fr-FR\",\"potentialAction\":[{\"@type\":\"ReadAction\",\"target\":[\"https:\\\/\\\/www.organisator.ch\\\/operational-excellence\\\/2024-05-29\\\/schadenstatistik-wetterextreme-nehmen-zu\\\/\"]}]},{\"@type\":\"ImageObject\",\"inLanguage\":\"fr-FR\",\"@id\":\"https:\\\/\\\/www.organisator.ch\\\/operational-excellence\\\/2024-05-29\\\/schadenstatistik-wetterextreme-nehmen-zu\\\/#primaryimage\",\"url\":\"https:\\\/\\\/www.m-q.ch\\\/wp-content\\\/uploads\\\/2024\\\/05\\\/AXA-Wetterexreme_Bild1_ps.jpg\",\"contentUrl\":\"https:\\\/\\\/www.m-q.ch\\\/wp-content\\\/uploads\\\/2024\\\/05\\\/AXA-Wetterexreme_Bild1_ps.jpg\"},{\"@type\":\"BreadcrumbList\",\"@id\":\"https:\\\/\\\/www.organisator.ch\\\/operational-excellence\\\/2024-05-29\\\/schadenstatistik-wetterextreme-nehmen-zu\\\/#breadcrumb\",\"itemListElement\":[{\"@type\":\"ListItem\",\"position\":1,\"name\":\"Home\",\"item\":\"https:\\\/\\\/www.organisator.ch\\\/\"},{\"@type\":\"ListItem\",\"position\":2,\"name\":\"Schadenstatistik: Wetterextreme nehmen zu\"}]},{\"@type\":\"WebSite\",\"@id\":\"https:\\\/\\\/www.organisator.ch\\\/#website\",\"url\":\"https:\\\/\\\/www.organisator.ch\\\/\",\"name\":\"Organisator\",\"description\":\"Kompetent. Praxisnah. Der ORGANISATOR bereitet in 10 Ausgaben pro Jahr die wesentlichen Themen f\u00fcr F\u00fchrungskr\u00e4fte von KMU auf.\",\"publisher\":{\"@id\":\"https:\\\/\\\/www.organisator.ch\\\/#organization\"},\"potentialAction\":[{\"@type\":\"SearchAction\",\"target\":{\"@type\":\"EntryPoint\",\"urlTemplate\":\"https:\\\/\\\/www.organisator.ch\\\/?s={search_term_string}\"},\"query-input\":{\"@type\":\"PropertyValueSpecification\",\"valueRequired\":true,\"valueName\":\"search_term_string\"}}],\"inLanguage\":\"fr-FR\"},{\"@type\":\"Organization\",\"@id\":\"https:\\\/\\\/www.organisator.ch\\\/#organization\",\"name\":\"Organisator\",\"url\":\"https:\\\/\\\/www.organisator.ch\\\/\",\"logo\":{\"@type\":\"ImageObject\",\"inLanguage\":\"fr-FR\",\"@id\":\"https:\\\/\\\/www.organisator.ch\\\/#\\\/schema\\\/logo\\\/image\\\/\",\"url\":\"https:\\\/\\\/www.organisator.ch\\\/wp-content\\\/uploads\\\/2022\\\/01\\\/Logo_Organisator_Website.png\",\"contentUrl\":\"https:\\\/\\\/www.organisator.ch\\\/wp-content\\\/uploads\\\/2022\\\/01\\\/Logo_Organisator_Website.png\",\"width\":800,\"height\":77,\"caption\":\"Organisator\"},\"image\":{\"@id\":\"https:\\\/\\\/www.organisator.ch\\\/#\\\/schema\\\/logo\\\/image\\\/\"},\"sameAs\":[\"https:\\\/\\\/www.facebook.com\\\/OrganisatorFachmagazin\",\"https:\\\/\\\/www.linkedin.com\\\/showcase\\\/organisator-das-magazin-fr-kmu\",\"https:\\\/\\\/www.xing.com\\\/news\\\/pages\\\/organisator-ch-695\",\"https:\\\/\\\/www.youtube.com\\\/channel\\\/UCGP2Sq0iWaZwT3BdIAQFYpw\"]},{\"@type\":\"Person\",\"@id\":\"https:\\\/\\\/www.organisator.ch\\\/#\\\/schema\\\/person\\\/2e1314a2172123f874db408d8911d3f3\",\"name\":\"Adelisa Kalajdzini\",\"image\":{\"@type\":\"ImageObject\",\"inLanguage\":\"fr-FR\",\"@id\":\"https:\\\/\\\/secure.gravatar.com\\\/avatar\\\/09a397c22ac58cad6f160ee8306348599df9df58a8ede73696226897b9fa4b24?s=96&d=mm&r=g\",\"url\":\"https:\\\/\\\/secure.gravatar.com\\\/avatar\\\/09a397c22ac58cad6f160ee8306348599df9df58a8ede73696226897b9fa4b24?s=96&d=mm&r=g\",\"contentUrl\":\"https:\\\/\\\/secure.gravatar.com\\\/avatar\\\/09a397c22ac58cad6f160ee8306348599df9df58a8ede73696226897b9fa4b24?s=96&d=mm&r=g\",\"caption\":\"Adelisa Kalajdzini\"},\"url\":\"https:\\\/\\\/www.organisator.ch\\\/fr\\\/author\\\/adelisa-kalajdzini\\\/\"}]}<\/script>\n<!-- \/ Yoast SEO plugin. -->","yoast_head_json":{"title":"Statistiques des sinistres : les ph\u00e9nom\u00e8nes m\u00e9t\u00e9orologiques extr\u00eames augmentent - Organisateur","description":"AXA montre : Dommages dus aux intemp\u00e9ries les plus fr\u00e9quents en Suisse en 2024. Gr\u00eale, inondations et foudre analys\u00e9s.","robots":{"index":"index","follow":"follow","max-snippet":"max-snippet:-1","max-image-preview":"max-image-preview:large","max-video-preview":"max-video-preview:-1"},"canonical":"https:\/\/www.organisator.ch\/fr\/excellence-operationnelle\/2024-05-29\/schadenstatistik-wetterextreme-nehmen-zu\/","og_locale":"fr_FR","og_type":"article","og_title":"Schadenstatistik: Wetterextreme nehmen zu - Organisator","og_description":"AXA zeigt: H\u00e4ufigste Unwettersch\u00e4den in der Schweiz 2024. Hagel, \u00dcberschwemmungen und Blitzschl\u00e4ge analysiert.","og_url":"https:\/\/www.organisator.ch\/fr\/excellence-operationnelle\/2024-05-29\/schadenstatistik-wetterextreme-nehmen-zu\/","og_site_name":"Organisator","article_publisher":"https:\/\/www.facebook.com\/OrganisatorFachmagazin","article_published_time":"2024-05-29T09:49:43+00:00","article_modified_time":"2024-11-11T04:05:51+00:00","og_image":[{"url":"https:\/\/www.m-q.ch\/wp-content\/uploads\/2024\/05\/AXA-Wetterexreme_Bild1_ps.jpg","type":"","width":"","height":""}],"author":"Adelisa Kalajdzini","twitter_card":"summary_large_image","schema":{"@context":"https:\/\/schema.org","@graph":[{"@type":"Article","@id":"https:\/\/www.organisator.ch\/operational-excellence\/2024-05-29\/schadenstatistik-wetterextreme-nehmen-zu\/#article","isPartOf":{"@id":"https:\/\/www.organisator.ch\/operational-excellence\/2024-05-29\/schadenstatistik-wetterextreme-nehmen-zu\/"},"author":{"name":"Adelisa Kalajdzini","@id":"https:\/\/www.organisator.ch\/#\/schema\/person\/2e1314a2172123f874db408d8911d3f3"},"headline":"Schadenstatistik: Wetterextreme nehmen zu","datePublished":"2024-05-29T09:49:43+00:00","dateModified":"2024-11-11T04:05:51+00:00","mainEntityOfPage":{"@id":"https:\/\/www.organisator.ch\/operational-excellence\/2024-05-29\/schadenstatistik-wetterextreme-nehmen-zu\/"},"wordCount":627,"publisher":{"@id":"https:\/\/www.organisator.ch\/#organization"},"image":{"@id":"https:\/\/www.organisator.ch\/operational-excellence\/2024-05-29\/schadenstatistik-wetterextreme-nehmen-zu\/#primaryimage"},"thumbnailUrl":"https:\/\/www.m-q.ch\/wp-content\/uploads\/2024\/05\/AXA-Wetterexreme_Bild1_ps.jpg","keywords":["Risikomanagement","Schweiz","Statistik","Wetterextreme"],"articleSection":["OPERATIONAL EXCELLENCE"],"inLanguage":"fr-FR"},{"@type":"WebPage","@id":"https:\/\/www.organisator.ch\/operational-excellence\/2024-05-29\/schadenstatistik-wetterextreme-nehmen-zu\/","url":"https:\/\/www.organisator.ch\/operational-excellence\/2024-05-29\/schadenstatistik-wetterextreme-nehmen-zu\/","name":"Statistiques des sinistres : les ph\u00e9nom\u00e8nes m\u00e9t\u00e9orologiques extr\u00eames augmentent - Organisateur","isPartOf":{"@id":"https:\/\/www.organisator.ch\/#website"},"primaryImageOfPage":{"@id":"https:\/\/www.organisator.ch\/operational-excellence\/2024-05-29\/schadenstatistik-wetterextreme-nehmen-zu\/#primaryimage"},"image":{"@id":"https:\/\/www.organisator.ch\/operational-excellence\/2024-05-29\/schadenstatistik-wetterextreme-nehmen-zu\/#primaryimage"},"thumbnailUrl":"https:\/\/www.m-q.ch\/wp-content\/uploads\/2024\/05\/AXA-Wetterexreme_Bild1_ps.jpg","datePublished":"2024-05-29T09:49:43+00:00","dateModified":"2024-11-11T04:05:51+00:00","description":"AXA montre : Dommages dus aux intemp\u00e9ries les plus fr\u00e9quents en Suisse en 2024. Gr\u00eale, inondations et foudre analys\u00e9s.","breadcrumb":{"@id":"https:\/\/www.organisator.ch\/operational-excellence\/2024-05-29\/schadenstatistik-wetterextreme-nehmen-zu\/#breadcrumb"},"inLanguage":"fr-FR","potentialAction":[{"@type":"ReadAction","target":["https:\/\/www.organisator.ch\/operational-excellence\/2024-05-29\/schadenstatistik-wetterextreme-nehmen-zu\/"]}]},{"@type":"ImageObject","inLanguage":"fr-FR","@id":"https:\/\/www.organisator.ch\/operational-excellence\/2024-05-29\/schadenstatistik-wetterextreme-nehmen-zu\/#primaryimage","url":"https:\/\/www.m-q.ch\/wp-content\/uploads\/2024\/05\/AXA-Wetterexreme_Bild1_ps.jpg","contentUrl":"https:\/\/www.m-q.ch\/wp-content\/uploads\/2024\/05\/AXA-Wetterexreme_Bild1_ps.jpg"},{"@type":"BreadcrumbList","@id":"https:\/\/www.organisator.ch\/operational-excellence\/2024-05-29\/schadenstatistik-wetterextreme-nehmen-zu\/#breadcrumb","itemListElement":[{"@type":"ListItem","position":1,"name":"Home","item":"https:\/\/www.organisator.ch\/"},{"@type":"ListItem","position":2,"name":"Schadenstatistik: Wetterextreme nehmen zu"}]},{"@type":"WebSite","@id":"https:\/\/www.organisator.ch\/#website","url":"https:\/\/www.organisator.ch\/","name":"Organisateur","description":"Comp\u00e9tence et comp\u00e9tence. Proches de la pratique. L'ORGANISATEUR pr\u00e9pare 10 num\u00e9ros par an sur les th\u00e8mes essentiels pour les dirigeants de PME.","publisher":{"@id":"https:\/\/www.organisator.ch\/#organization"},"potentialAction":[{"@type":"SearchAction","target":{"@type":"EntryPoint","urlTemplate":"https:\/\/www.organisator.ch\/?s={search_term_string}"},"query-input":{"@type":"PropertyValueSpecification","valueRequired":true,"valueName":"search_term_string"}}],"inLanguage":"fr-FR"},{"@type":"Organization","@id":"https:\/\/www.organisator.ch\/#organization","name":"Organisateur","url":"https:\/\/www.organisator.ch\/","logo":{"@type":"ImageObject","inLanguage":"fr-FR","@id":"https:\/\/www.organisator.ch\/#\/schema\/logo\/image\/","url":"https:\/\/www.organisator.ch\/wp-content\/uploads\/2022\/01\/Logo_Organisator_Website.png","contentUrl":"https:\/\/www.organisator.ch\/wp-content\/uploads\/2022\/01\/Logo_Organisator_Website.png","width":800,"height":77,"caption":"Organisator"},"image":{"@id":"https:\/\/www.organisator.ch\/#\/schema\/logo\/image\/"},"sameAs":["https:\/\/www.facebook.com\/OrganisatorFachmagazin","https:\/\/www.linkedin.com\/showcase\/organisator-das-magazin-fr-kmu","https:\/\/www.xing.com\/news\/pages\/organisator-ch-695","https:\/\/www.youtube.com\/channel\/UCGP2Sq0iWaZwT3BdIAQFYpw"]},{"@type":"Person","@id":"https:\/\/www.organisator.ch\/#\/schema\/person\/2e1314a2172123f874db408d8911d3f3","name":"Adelisa Kalajdzini","image":{"@type":"ImageObject","inLanguage":"fr-FR","@id":"https:\/\/secure.gravatar.com\/avatar\/09a397c22ac58cad6f160ee8306348599df9df58a8ede73696226897b9fa4b24?s=96&d=mm&r=g","url":"https:\/\/secure.gravatar.com\/avatar\/09a397c22ac58cad6f160ee8306348599df9df58a8ede73696226897b9fa4b24?s=96&d=mm&r=g","contentUrl":"https:\/\/secure.gravatar.com\/avatar\/09a397c22ac58cad6f160ee8306348599df9df58a8ede73696226897b9fa4b24?s=96&d=mm&r=g","caption":"Adelisa Kalajdzini"},"url":"https:\/\/www.organisator.ch\/fr\/author\/adelisa-kalajdzini\/"}]}},"_links":{"self":[{"href":"https:\/\/www.organisator.ch\/fr\/wp-json\/wp\/v2\/posts\/27336","targetHints":{"allow":["GET"]}}],"collection":[{"href":"https:\/\/www.organisator.ch\/fr\/wp-json\/wp\/v2\/posts"}],"about":[{"href":"https:\/\/www.organisator.ch\/fr\/wp-json\/wp\/v2\/types\/post"}],"author":[{"embeddable":true,"href":"https:\/\/www.organisator.ch\/fr\/wp-json\/wp\/v2\/users\/58"}],"replies":[{"embeddable":true,"href":"https:\/\/www.organisator.ch\/fr\/wp-json\/wp\/v2\/comments?post=27336"}],"version-history":[{"count":6,"href":"https:\/\/www.organisator.ch\/fr\/wp-json\/wp\/v2\/posts\/27336\/revisions"}],"predecessor-version":[{"id":32224,"href":"https:\/\/www.organisator.ch\/fr\/wp-json\/wp\/v2\/posts\/27336\/revisions\/32224"}],"wp:attachment":[{"href":"https:\/\/www.organisator.ch\/fr\/wp-json\/wp\/v2\/media?parent=27336"}],"wp:term":[{"taxonomy":"category","embeddable":true,"href":"https:\/\/www.organisator.ch\/fr\/wp-json\/wp\/v2\/categories?post=27336"},{"taxonomy":"post_tag","embeddable":true,"href":"https:\/\/www.organisator.ch\/fr\/wp-json\/wp\/v2\/tags?post=27336"}],"curies":[{"name":"wp","href":"https:\/\/api.w.org\/{rel}","templated":true}]}}