{"id":27345,"date":"2024-05-30T10:46:33","date_gmt":"2024-05-30T08:46:33","guid":{"rendered":"https:\/\/www.organisator.ch\/?p=27345"},"modified":"2024-05-29T15:47:11","modified_gmt":"2024-05-29T13:47:11","slug":"abacus-bleibt-unabhaengig-und-waechst-weiter","status":"publish","type":"post","link":"https:\/\/www.organisator.ch\/fr\/management\/2024-05-30\/abacus-bleibt-unabhaengig-und-waechst-weiter\/","title":{"rendered":"Abacus reste ind\u00e9pendant et poursuit sa croissance"},"content":{"rendered":"<figure id=\"attachment_27346\" aria-describedby=\"caption-attachment-27346\" style=\"width: 680px\" class=\"wp-caption alignnone\"><img loading=\"lazy\" decoding=\"async\" class=\"size-full wp-image-27346\" src=\"https:\/\/www.organisator.ch\/wp-content\/uploads\/2024\/05\/Abacus_Bild1_ps.jpg\" alt=\"\" width=\"680\" height=\"454\" srcset=\"https:\/\/www.organisator.ch\/wp-content\/uploads\/2024\/05\/Abacus_Bild1_ps.jpg 680w, https:\/\/www.organisator.ch\/wp-content\/uploads\/2024\/05\/Abacus_Bild1_ps-18x12.jpg 18w, https:\/\/www.organisator.ch\/wp-content\/uploads\/2024\/05\/Abacus_Bild1_ps-375x250.jpg 375w, https:\/\/www.organisator.ch\/wp-content\/uploads\/2024\/05\/Abacus_Bild1_ps-524x350.jpg 524w\" sizes=\"auto, (max-width: 680px) 100vw, 680px\" \/><figcaption id=\"caption-attachment-27346\" class=\"wp-caption-text\">Les quatre actionnaires principaux d'Abacus Research AG conservent la majorit\u00e9 des actions. (Image : www.depositphotos.com)<\/figcaption><\/figure>\n<p>Depuis sa cr\u00e9ation il y a pr\u00e8s de quatre d\u00e9cennies, Abacus Research SA est synonyme d'innovation, de qualit\u00e9 et de continuit\u00e9. Il en sera de m\u00eame \u00e0 l'avenir : Les quatre actionnaires principaux d'Abacus Research SA ont convenu de conserver la majorit\u00e9 des actions d'Abacus Research SA au cours des dix prochaines ann\u00e9es.<\/p>\n<p>Le pr\u00e9sident du conseil d'administration, Daniel Senn, se r\u00e9jouit de cette d\u00e9cision : \"Abacus Research AG a non seulement un pass\u00e9 couronn\u00e9 de succ\u00e8s, mais se trouve \u00e9galement en excellente position pour l'avenir gr\u00e2ce \u00e0 une base financi\u00e8re solide et \u00e0 une gestion d'entreprise pr\u00e9voyante. La d\u00e9cision de maintenir notre entreprise dans le giron de ses quatre actionnaires principaux et fondateurs t\u00e9moigne de notre engagement clair en faveur de l'ind\u00e9pendance, de la continuit\u00e9 et de la stabilit\u00e9. En m\u00eame temps, nous sommes conscients des changements dynamiques dans notre secteur et nous continuons \u00e0 miser sur l'agilit\u00e9 pour d\u00e9velopper de nouvelles tendances et innovations\".<\/p>\n<h3><strong>Une nouvelle croissance \u00e0 deux chiffres <\/strong><\/h3>\n<p>Parall\u00e8lement, Abacus Research SA a continu\u00e9 \u00e0 consolider sa position de leader suisse des logiciels de gestion et ERP l'ann\u00e9e derni\u00e8re et a enregistr\u00e9 une croissance \u00e0 deux chiffres pour la huiti\u00e8me fois cons\u00e9cutive. Par rapport \u00e0 l'ann\u00e9e pr\u00e9c\u00e9dente, le chiffre d'affaires total consolid\u00e9 a pu \u00eatre augment\u00e9 de 11,4 pour cent. La demande d'abonnements mobiles a \u00e9galement continu\u00e9 de cro\u00eetre : L'entreprise a enregistr\u00e9 une augmentation de 37,7 pour cent de son chiffre d'affaires. Entre-temps, plus d'un million d'abonn\u00e9s utilisent ce service d'Abacus.<\/p>\n<p><em>Source : <a href=\"http:\/\/www.abacus.ch\">www.abacus.ch<\/a><\/em><\/p>","protected":false},"excerpt":{"rendered":"<p>Les quatre principaux actionnaires d'Abacus Research SA ont d\u00e9cid\u00e9 de conserver la majorit\u00e9 des actions au cours des dix prochaines ann\u00e9es. Alors que l'entreprise continue de renforcer sa position sur le march\u00e9, cette d\u00e9cision souligne l'engagement de l'entreprise suisse de logiciels en faveur de l'ind\u00e9pendance, de la continuit\u00e9 et de la stabilit\u00e9.<\/p>","protected":false},"author":58,"featured_media":27346,"comment_status":"closed","ping_status":"closed","sticky":false,"template":"","format":"standard","meta":{"_acf_changed":false,"_yoast_wpseo_focuskw":"Abacus","_yoast_wpseo_metadesc":"Die vier Hauptaktion\u00e4re der Abacus Research AG haben beschlossen, auch in den kommenden zehn Jahren die Aktienmehrheit zu behalten.","articlekey":"","footnotes":""},"categories":[28],"tags":[334,335,2643],"class_list":["post-27345","post","type-post","status-publish","format-standard","has-post-thumbnail","hentry","category-management","tag-management","tag-management-und-unternehmensfuehrung","tag-wachstum"],"acf":[],"yoast_head":"<!-- This site is optimized with the Yoast SEO plugin v27.4 - https:\/\/yoast.com\/product\/yoast-seo-wordpress\/ -->\n<title>Abacus bleibt unabh\u00e4ngig und w\u00e4chst weiter - Organisator<\/title>\n<meta name=\"description\" content=\"Die vier Hauptaktion\u00e4re der Abacus Research AG haben beschlossen, auch in den kommenden zehn Jahren die Aktienmehrheit zu behalten.\" \/>\n<meta name=\"robots\" content=\"index, follow, max-snippet:-1, max-image-preview:large, max-video-preview:-1\" \/>\n<link rel=\"canonical\" href=\"https:\/\/www.organisator.ch\/fr\/gestion-2\/2024-05-30\/abacus-bleibt-unabhaengig-und-waechst-weiter\/\" \/>\n<meta property=\"og:locale\" content=\"fr_FR\" \/>\n<meta property=\"og:type\" content=\"article\" \/>\n<meta property=\"og:title\" content=\"Abacus bleibt unabh\u00e4ngig und w\u00e4chst weiter\" \/>\n<meta property=\"og:description\" content=\"Die vier Hauptaktion\u00e4re der Abacus Research AG haben beschlossen, auch in den kommenden zehn Jahren die Aktienmehrheit zu behalten.\" \/>\n<meta property=\"og:url\" content=\"https:\/\/www.organisator.ch\/fr\/gestion-2\/2024-05-30\/abacus-bleibt-unabhaengig-und-waechst-weiter\/\" \/>\n<meta property=\"og:site_name\" content=\"Organisator\" \/>\n<meta property=\"article:publisher\" content=\"https:\/\/www.facebook.com\/OrganisatorFachmagazin\" \/>\n<meta property=\"article:published_time\" content=\"2024-05-30T08:46:33+00:00\" \/>\n<meta property=\"og:image\" content=\"https:\/\/www.organisator.ch\/wp-content\/uploads\/2024\/05\/Abacus_Bild1_ps.jpg\" \/>\n\t<meta property=\"og:image:width\" content=\"680\" \/>\n\t<meta property=\"og:image:height\" content=\"454\" \/>\n\t<meta property=\"og:image:type\" content=\"image\/jpeg\" \/>\n<meta name=\"author\" content=\"Adelisa Kalajdzini\" \/>\n<meta name=\"twitter:card\" content=\"summary_large_image\" \/>\n<meta name=\"twitter:title\" content=\"Abacus bleibt unabh\u00e4ngig und w\u00e4chst weiter\" \/>\n<meta name=\"twitter:description\" content=\"Die vier #Hauptaktion\u00e4re der #Abacus Research AG haben beschlossen, auch in den kommenden zehn Jahren die #Aktienmehrheit zu behalten.\" \/>\n<meta name=\"twitter:image\" content=\"https:\/\/www.organisator.ch\/wp-content\/uploads\/2024\/05\/Abacus_Bild1_ps.jpg\" \/>\n<script type=\"application\/ld+json\" class=\"yoast-schema-graph\">{\"@context\":\"https:\\\/\\\/schema.org\",\"@graph\":[{\"@type\":\"Article\",\"@id\":\"https:\\\/\\\/www.organisator.ch\\\/management\\\/2024-05-30\\\/abacus-bleibt-unabhaengig-und-waechst-weiter\\\/#article\",\"isPartOf\":{\"@id\":\"https:\\\/\\\/www.organisator.ch\\\/management\\\/2024-05-30\\\/abacus-bleibt-unabhaengig-und-waechst-weiter\\\/\"},\"author\":{\"name\":\"Adelisa Kalajdzini\",\"@id\":\"https:\\\/\\\/www.organisator.ch\\\/#\\\/schema\\\/person\\\/2e1314a2172123f874db408d8911d3f3\"},\"headline\":\"Abacus bleibt unabh\u00e4ngig und w\u00e4chst weiter\",\"datePublished\":\"2024-05-30T08:46:33+00:00\",\"mainEntityOfPage\":{\"@id\":\"https:\\\/\\\/www.organisator.ch\\\/management\\\/2024-05-30\\\/abacus-bleibt-unabhaengig-und-waechst-weiter\\\/\"},\"wordCount\":256,\"publisher\":{\"@id\":\"https:\\\/\\\/www.organisator.ch\\\/#organization\"},\"image\":{\"@id\":\"https:\\\/\\\/www.organisator.ch\\\/management\\\/2024-05-30\\\/abacus-bleibt-unabhaengig-und-waechst-weiter\\\/#primaryimage\"},\"thumbnailUrl\":\"https:\\\/\\\/www.organisator.ch\\\/wp-content\\\/uploads\\\/2024\\\/05\\\/Abacus_Bild1_ps.jpg\",\"keywords\":[\"Management\",\"Management und Unternehmensf\u00fchrung\",\"Wachstum\"],\"articleSection\":[\"MANAGEMENT\"],\"inLanguage\":\"fr-FR\"},{\"@type\":\"WebPage\",\"@id\":\"https:\\\/\\\/www.organisator.ch\\\/management\\\/2024-05-30\\\/abacus-bleibt-unabhaengig-und-waechst-weiter\\\/\",\"url\":\"https:\\\/\\\/www.organisator.ch\\\/management\\\/2024-05-30\\\/abacus-bleibt-unabhaengig-und-waechst-weiter\\\/\",\"name\":\"Abacus bleibt unabh\u00e4ngig und w\u00e4chst weiter - Organisator\",\"isPartOf\":{\"@id\":\"https:\\\/\\\/www.organisator.ch\\\/#website\"},\"primaryImageOfPage\":{\"@id\":\"https:\\\/\\\/www.organisator.ch\\\/management\\\/2024-05-30\\\/abacus-bleibt-unabhaengig-und-waechst-weiter\\\/#primaryimage\"},\"image\":{\"@id\":\"https:\\\/\\\/www.organisator.ch\\\/management\\\/2024-05-30\\\/abacus-bleibt-unabhaengig-und-waechst-weiter\\\/#primaryimage\"},\"thumbnailUrl\":\"https:\\\/\\\/www.organisator.ch\\\/wp-content\\\/uploads\\\/2024\\\/05\\\/Abacus_Bild1_ps.jpg\",\"datePublished\":\"2024-05-30T08:46:33+00:00\",\"description\":\"Die vier Hauptaktion\u00e4re der Abacus Research AG haben beschlossen, auch in den kommenden zehn Jahren die Aktienmehrheit zu behalten.\",\"breadcrumb\":{\"@id\":\"https:\\\/\\\/www.organisator.ch\\\/management\\\/2024-05-30\\\/abacus-bleibt-unabhaengig-und-waechst-weiter\\\/#breadcrumb\"},\"inLanguage\":\"fr-FR\",\"potentialAction\":[{\"@type\":\"ReadAction\",\"target\":[\"https:\\\/\\\/www.organisator.ch\\\/management\\\/2024-05-30\\\/abacus-bleibt-unabhaengig-und-waechst-weiter\\\/\"]}]},{\"@type\":\"ImageObject\",\"inLanguage\":\"fr-FR\",\"@id\":\"https:\\\/\\\/www.organisator.ch\\\/management\\\/2024-05-30\\\/abacus-bleibt-unabhaengig-und-waechst-weiter\\\/#primaryimage\",\"url\":\"https:\\\/\\\/www.organisator.ch\\\/wp-content\\\/uploads\\\/2024\\\/05\\\/Abacus_Bild1_ps.jpg\",\"contentUrl\":\"https:\\\/\\\/www.organisator.ch\\\/wp-content\\\/uploads\\\/2024\\\/05\\\/Abacus_Bild1_ps.jpg\",\"width\":680,\"height\":454,\"caption\":\"Die vier Hauptaktion\u00e4re der Abacus Research AG behalten die Aktienmehrheit. (Bild: www.depositphotos.com)\"},{\"@type\":\"BreadcrumbList\",\"@id\":\"https:\\\/\\\/www.organisator.ch\\\/management\\\/2024-05-30\\\/abacus-bleibt-unabhaengig-und-waechst-weiter\\\/#breadcrumb\",\"itemListElement\":[{\"@type\":\"ListItem\",\"position\":1,\"name\":\"Home\",\"item\":\"https:\\\/\\\/www.organisator.ch\\\/\"},{\"@type\":\"ListItem\",\"position\":2,\"name\":\"Abacus bleibt unabh\u00e4ngig und w\u00e4chst weiter\"}]},{\"@type\":\"WebSite\",\"@id\":\"https:\\\/\\\/www.organisator.ch\\\/#website\",\"url\":\"https:\\\/\\\/www.organisator.ch\\\/\",\"name\":\"Organisator\",\"description\":\"Kompetent. Praxisnah. Der ORGANISATOR bereitet in 10 Ausgaben pro Jahr die wesentlichen Themen f\u00fcr F\u00fchrungskr\u00e4fte von KMU auf.\",\"publisher\":{\"@id\":\"https:\\\/\\\/www.organisator.ch\\\/#organization\"},\"potentialAction\":[{\"@type\":\"SearchAction\",\"target\":{\"@type\":\"EntryPoint\",\"urlTemplate\":\"https:\\\/\\\/www.organisator.ch\\\/?s={search_term_string}\"},\"query-input\":{\"@type\":\"PropertyValueSpecification\",\"valueRequired\":true,\"valueName\":\"search_term_string\"}}],\"inLanguage\":\"fr-FR\"},{\"@type\":\"Organization\",\"@id\":\"https:\\\/\\\/www.organisator.ch\\\/#organization\",\"name\":\"Organisator\",\"url\":\"https:\\\/\\\/www.organisator.ch\\\/\",\"logo\":{\"@type\":\"ImageObject\",\"inLanguage\":\"fr-FR\",\"@id\":\"https:\\\/\\\/www.organisator.ch\\\/#\\\/schema\\\/logo\\\/image\\\/\",\"url\":\"https:\\\/\\\/www.organisator.ch\\\/wp-content\\\/uploads\\\/2022\\\/01\\\/Logo_Organisator_Website.png\",\"contentUrl\":\"https:\\\/\\\/www.organisator.ch\\\/wp-content\\\/uploads\\\/2022\\\/01\\\/Logo_Organisator_Website.png\",\"width\":800,\"height\":77,\"caption\":\"Organisator\"},\"image\":{\"@id\":\"https:\\\/\\\/www.organisator.ch\\\/#\\\/schema\\\/logo\\\/image\\\/\"},\"sameAs\":[\"https:\\\/\\\/www.facebook.com\\\/OrganisatorFachmagazin\",\"https:\\\/\\\/www.linkedin.com\\\/showcase\\\/organisator-das-magazin-fr-kmu\",\"https:\\\/\\\/www.xing.com\\\/news\\\/pages\\\/organisator-ch-695\",\"https:\\\/\\\/www.youtube.com\\\/channel\\\/UCGP2Sq0iWaZwT3BdIAQFYpw\"]},{\"@type\":\"Person\",\"@id\":\"https:\\\/\\\/www.organisator.ch\\\/#\\\/schema\\\/person\\\/2e1314a2172123f874db408d8911d3f3\",\"name\":\"Adelisa Kalajdzini\",\"image\":{\"@type\":\"ImageObject\",\"inLanguage\":\"fr-FR\",\"@id\":\"https:\\\/\\\/secure.gravatar.com\\\/avatar\\\/09a397c22ac58cad6f160ee8306348599df9df58a8ede73696226897b9fa4b24?s=96&d=mm&r=g\",\"url\":\"https:\\\/\\\/secure.gravatar.com\\\/avatar\\\/09a397c22ac58cad6f160ee8306348599df9df58a8ede73696226897b9fa4b24?s=96&d=mm&r=g\",\"contentUrl\":\"https:\\\/\\\/secure.gravatar.com\\\/avatar\\\/09a397c22ac58cad6f160ee8306348599df9df58a8ede73696226897b9fa4b24?s=96&d=mm&r=g\",\"caption\":\"Adelisa Kalajdzini\"},\"url\":\"https:\\\/\\\/www.organisator.ch\\\/fr\\\/author\\\/adelisa-kalajdzini\\\/\"}]}<\/script>\n<!-- \/ Yoast SEO plugin. -->","yoast_head_json":{"title":"Abacus reste ind\u00e9pendant et poursuit sa croissance - Organisateur","description":"Les quatre principaux actionnaires d'Abacus Research AG ont d\u00e9cid\u00e9 de conserver la majorit\u00e9 des actions au cours des dix prochaines ann\u00e9es.","robots":{"index":"index","follow":"follow","max-snippet":"max-snippet:-1","max-image-preview":"max-image-preview:large","max-video-preview":"max-video-preview:-1"},"canonical":"https:\/\/www.organisator.ch\/fr\/gestion-2\/2024-05-30\/abacus-bleibt-unabhaengig-und-waechst-weiter\/","og_locale":"fr_FR","og_type":"article","og_title":"Abacus bleibt unabh\u00e4ngig und w\u00e4chst weiter","og_description":"Die vier Hauptaktion\u00e4re der Abacus Research AG haben beschlossen, auch in den kommenden zehn Jahren die Aktienmehrheit zu behalten.","og_url":"https:\/\/www.organisator.ch\/fr\/gestion-2\/2024-05-30\/abacus-bleibt-unabhaengig-und-waechst-weiter\/","og_site_name":"Organisator","article_publisher":"https:\/\/www.facebook.com\/OrganisatorFachmagazin","article_published_time":"2024-05-30T08:46:33+00:00","og_image":[{"width":680,"height":454,"url":"https:\/\/www.organisator.ch\/wp-content\/uploads\/2024\/05\/Abacus_Bild1_ps.jpg","type":"image\/jpeg"}],"author":"Adelisa Kalajdzini","twitter_card":"summary_large_image","twitter_title":"Abacus bleibt unabh\u00e4ngig und w\u00e4chst weiter","twitter_description":"Die vier #Hauptaktion\u00e4re der #Abacus Research AG haben beschlossen, auch in den kommenden zehn Jahren die #Aktienmehrheit zu behalten.","twitter_image":"https:\/\/www.organisator.ch\/wp-content\/uploads\/2024\/05\/Abacus_Bild1_ps.jpg","schema":{"@context":"https:\/\/schema.org","@graph":[{"@type":"Article","@id":"https:\/\/www.organisator.ch\/management\/2024-05-30\/abacus-bleibt-unabhaengig-und-waechst-weiter\/#article","isPartOf":{"@id":"https:\/\/www.organisator.ch\/management\/2024-05-30\/abacus-bleibt-unabhaengig-und-waechst-weiter\/"},"author":{"name":"Adelisa Kalajdzini","@id":"https:\/\/www.organisator.ch\/#\/schema\/person\/2e1314a2172123f874db408d8911d3f3"},"headline":"Abacus bleibt unabh\u00e4ngig und w\u00e4chst weiter","datePublished":"2024-05-30T08:46:33+00:00","mainEntityOfPage":{"@id":"https:\/\/www.organisator.ch\/management\/2024-05-30\/abacus-bleibt-unabhaengig-und-waechst-weiter\/"},"wordCount":256,"publisher":{"@id":"https:\/\/www.organisator.ch\/#organization"},"image":{"@id":"https:\/\/www.organisator.ch\/management\/2024-05-30\/abacus-bleibt-unabhaengig-und-waechst-weiter\/#primaryimage"},"thumbnailUrl":"https:\/\/www.organisator.ch\/wp-content\/uploads\/2024\/05\/Abacus_Bild1_ps.jpg","keywords":["Management","Management und Unternehmensf\u00fchrung","Wachstum"],"articleSection":["MANAGEMENT"],"inLanguage":"fr-FR"},{"@type":"WebPage","@id":"https:\/\/www.organisator.ch\/management\/2024-05-30\/abacus-bleibt-unabhaengig-und-waechst-weiter\/","url":"https:\/\/www.organisator.ch\/management\/2024-05-30\/abacus-bleibt-unabhaengig-und-waechst-weiter\/","name":"Abacus reste ind\u00e9pendant et poursuit sa croissance - Organisateur","isPartOf":{"@id":"https:\/\/www.organisator.ch\/#website"},"primaryImageOfPage":{"@id":"https:\/\/www.organisator.ch\/management\/2024-05-30\/abacus-bleibt-unabhaengig-und-waechst-weiter\/#primaryimage"},"image":{"@id":"https:\/\/www.organisator.ch\/management\/2024-05-30\/abacus-bleibt-unabhaengig-und-waechst-weiter\/#primaryimage"},"thumbnailUrl":"https:\/\/www.organisator.ch\/wp-content\/uploads\/2024\/05\/Abacus_Bild1_ps.jpg","datePublished":"2024-05-30T08:46:33+00:00","description":"Les quatre principaux actionnaires d'Abacus Research AG ont d\u00e9cid\u00e9 de conserver la majorit\u00e9 des actions au cours des dix prochaines ann\u00e9es.","breadcrumb":{"@id":"https:\/\/www.organisator.ch\/management\/2024-05-30\/abacus-bleibt-unabhaengig-und-waechst-weiter\/#breadcrumb"},"inLanguage":"fr-FR","potentialAction":[{"@type":"ReadAction","target":["https:\/\/www.organisator.ch\/management\/2024-05-30\/abacus-bleibt-unabhaengig-und-waechst-weiter\/"]}]},{"@type":"ImageObject","inLanguage":"fr-FR","@id":"https:\/\/www.organisator.ch\/management\/2024-05-30\/abacus-bleibt-unabhaengig-und-waechst-weiter\/#primaryimage","url":"https:\/\/www.organisator.ch\/wp-content\/uploads\/2024\/05\/Abacus_Bild1_ps.jpg","contentUrl":"https:\/\/www.organisator.ch\/wp-content\/uploads\/2024\/05\/Abacus_Bild1_ps.jpg","width":680,"height":454,"caption":"Die vier Hauptaktion\u00e4re der Abacus Research AG behalten die Aktienmehrheit. (Bild: www.depositphotos.com)"},{"@type":"BreadcrumbList","@id":"https:\/\/www.organisator.ch\/management\/2024-05-30\/abacus-bleibt-unabhaengig-und-waechst-weiter\/#breadcrumb","itemListElement":[{"@type":"ListItem","position":1,"name":"Home","item":"https:\/\/www.organisator.ch\/"},{"@type":"ListItem","position":2,"name":"Abacus bleibt unabh\u00e4ngig und w\u00e4chst weiter"}]},{"@type":"WebSite","@id":"https:\/\/www.organisator.ch\/#website","url":"https:\/\/www.organisator.ch\/","name":"Organisateur","description":"Comp\u00e9tence et comp\u00e9tence. Proches de la pratique. L'ORGANISATEUR pr\u00e9pare 10 num\u00e9ros par an sur les th\u00e8mes essentiels pour les dirigeants de PME.","publisher":{"@id":"https:\/\/www.organisator.ch\/#organization"},"potentialAction":[{"@type":"SearchAction","target":{"@type":"EntryPoint","urlTemplate":"https:\/\/www.organisator.ch\/?s={search_term_string}"},"query-input":{"@type":"PropertyValueSpecification","valueRequired":true,"valueName":"search_term_string"}}],"inLanguage":"fr-FR"},{"@type":"Organization","@id":"https:\/\/www.organisator.ch\/#organization","name":"Organisateur","url":"https:\/\/www.organisator.ch\/","logo":{"@type":"ImageObject","inLanguage":"fr-FR","@id":"https:\/\/www.organisator.ch\/#\/schema\/logo\/image\/","url":"https:\/\/www.organisator.ch\/wp-content\/uploads\/2022\/01\/Logo_Organisator_Website.png","contentUrl":"https:\/\/www.organisator.ch\/wp-content\/uploads\/2022\/01\/Logo_Organisator_Website.png","width":800,"height":77,"caption":"Organisator"},"image":{"@id":"https:\/\/www.organisator.ch\/#\/schema\/logo\/image\/"},"sameAs":["https:\/\/www.facebook.com\/OrganisatorFachmagazin","https:\/\/www.linkedin.com\/showcase\/organisator-das-magazin-fr-kmu","https:\/\/www.xing.com\/news\/pages\/organisator-ch-695","https:\/\/www.youtube.com\/channel\/UCGP2Sq0iWaZwT3BdIAQFYpw"]},{"@type":"Person","@id":"https:\/\/www.organisator.ch\/#\/schema\/person\/2e1314a2172123f874db408d8911d3f3","name":"Adelisa Kalajdzini","image":{"@type":"ImageObject","inLanguage":"fr-FR","@id":"https:\/\/secure.gravatar.com\/avatar\/09a397c22ac58cad6f160ee8306348599df9df58a8ede73696226897b9fa4b24?s=96&d=mm&r=g","url":"https:\/\/secure.gravatar.com\/avatar\/09a397c22ac58cad6f160ee8306348599df9df58a8ede73696226897b9fa4b24?s=96&d=mm&r=g","contentUrl":"https:\/\/secure.gravatar.com\/avatar\/09a397c22ac58cad6f160ee8306348599df9df58a8ede73696226897b9fa4b24?s=96&d=mm&r=g","caption":"Adelisa Kalajdzini"},"url":"https:\/\/www.organisator.ch\/fr\/author\/adelisa-kalajdzini\/"}]}},"_links":{"self":[{"href":"https:\/\/www.organisator.ch\/fr\/wp-json\/wp\/v2\/posts\/27345","targetHints":{"allow":["GET"]}}],"collection":[{"href":"https:\/\/www.organisator.ch\/fr\/wp-json\/wp\/v2\/posts"}],"about":[{"href":"https:\/\/www.organisator.ch\/fr\/wp-json\/wp\/v2\/types\/post"}],"author":[{"embeddable":true,"href":"https:\/\/www.organisator.ch\/fr\/wp-json\/wp\/v2\/users\/58"}],"replies":[{"embeddable":true,"href":"https:\/\/www.organisator.ch\/fr\/wp-json\/wp\/v2\/comments?post=27345"}],"version-history":[{"count":3,"href":"https:\/\/www.organisator.ch\/fr\/wp-json\/wp\/v2\/posts\/27345\/revisions"}],"predecessor-version":[{"id":27394,"href":"https:\/\/www.organisator.ch\/fr\/wp-json\/wp\/v2\/posts\/27345\/revisions\/27394"}],"wp:featuredmedia":[{"embeddable":true,"href":"https:\/\/www.organisator.ch\/fr\/wp-json\/wp\/v2\/media\/27346"}],"wp:attachment":[{"href":"https:\/\/www.organisator.ch\/fr\/wp-json\/wp\/v2\/media?parent=27345"}],"wp:term":[{"taxonomy":"category","embeddable":true,"href":"https:\/\/www.organisator.ch\/fr\/wp-json\/wp\/v2\/categories?post=27345"},{"taxonomy":"post_tag","embeddable":true,"href":"https:\/\/www.organisator.ch\/fr\/wp-json\/wp\/v2\/tags?post=27345"}],"curies":[{"name":"wp","href":"https:\/\/api.w.org\/{rel}","templated":true}]}}