{"id":27359,"date":"2024-05-31T07:13:54","date_gmt":"2024-05-31T05:13:54","guid":{"rendered":"https:\/\/www.organisator.ch\/?p=27359"},"modified":"2024-05-30T08:54:29","modified_gmt":"2024-05-30T06:54:29","slug":"astrazeneca-fuehrt-gleichberechtigte-elternzeit-ein-erste-erfahrungen","status":"publish","type":"post","link":"https:\/\/www.organisator.ch\/fr\/human-resources\/2024-05-31\/astrazeneca-fuehrt-gleichberechtigte-elternzeit-ein-erste-erfahrungen\/","title":{"rendered":"AstraZeneca introduit le cong\u00e9 parental \u00e9galitaire - premi\u00e8res exp\u00e9riences"},"content":{"rendered":"<figure id=\"attachment_27360\" aria-describedby=\"caption-attachment-27360\" style=\"width: 680px\" class=\"wp-caption alignnone\"><img loading=\"lazy\" decoding=\"async\" class=\"size-full wp-image-27360\" src=\"https:\/\/www.organisator.ch\/wp-content\/uploads\/2024\/05\/AstraZeneca_Bild1_ps.jpg\" alt=\"\" width=\"680\" height=\"470\" srcset=\"https:\/\/www.organisator.ch\/wp-content\/uploads\/2024\/05\/AstraZeneca_Bild1_ps.jpg 680w, https:\/\/www.organisator.ch\/wp-content\/uploads\/2024\/05\/AstraZeneca_Bild1_ps-18x12.jpg 18w, https:\/\/www.organisator.ch\/wp-content\/uploads\/2024\/05\/AstraZeneca_Bild1_ps-375x259.jpg 375w, https:\/\/www.organisator.ch\/wp-content\/uploads\/2024\/05\/AstraZeneca_Bild1_ps-506x350.jpg 506w\" sizes=\"auto, (max-width: 680px) 100vw, 680px\" \/><figcaption id=\"caption-attachment-27360\" class=\"wp-caption-text\">AstraZeneca : les p\u00e8res ou le deuxi\u00e8me parent peuvent d\u00e9sormais, comme les m\u00e8res ou l'aidant principal, prendre 16 semaines de cong\u00e9 parental au lieu de deux. (Image : www.depositphotos.com)<\/figcaption><\/figure>\n<p>En juillet 2023, AstraZeneca a introduit le cong\u00e9 parental \u00e9galitaire. AstraZeneca encourage ainsi syst\u00e9matiquement l'\u00e9galit\u00e9 entre hommes et femmes en donnant aux deux parents la possibilit\u00e9 de s'occuper de leurs enfants pendant un cong\u00e9. \"Outre la promotion de l'\u00e9galit\u00e9, nous soutenons \u00e9galement la satisfaction au travail des collaborateurs. Nous sommes convaincus qu'avec cette initiative, nous contribuons \u00e0 un lieu de travail plus inclusif et plus productif\", explique Katrin Lipp, Human Resources Director, AstraZeneca Suisse.<\/p>\n<h3><strong>Une exp\u00e9rience positive pour tous les participants<\/strong><\/h3>\n<p>Le nouveau cong\u00e9 parental chez AstraZeneca a \u00e9t\u00e9 tr\u00e8s bien accueilli par toutes les personnes concern\u00e9es. Cela s'est clairement manifest\u00e9 dans les premiers retours des diff\u00e9rentes \u00e9quipes. \"Gr\u00e2ce \u00e0 cette possibilit\u00e9, j'ai pu me concentrer \u00e0 cent pour cent sur mon r\u00f4le de p\u00e8re et soutenir pleinement ma famille. Mon remplacement au sein de l'entreprise \u00e9tait pr\u00e9par\u00e9 et bien organis\u00e9. Mes collaborateurs ont pris davantage de responsabilit\u00e9s pendant cette p\u00e9riode, ce qui leur sera \u00e9galement utile \u00e0 l'avenir dans l'entreprise. Quant \u00e0 moi, je suis revenu au bureau avec un regard neuf\", rapporte Diederik Eisvogel, Business Unit Director Respiratory &amp; Immunology, AstraZeneca Suisse. \u00a0<\/p>\n<h3><strong>Promotion de l'\u00e9galit\u00e9 avec un b\u00e9n\u00e9fice \u00e9conomique global<\/strong><\/h3>\n<p>AstraZeneca est convaincu qu'un meilleur \u00e9quilibre entre vie familiale et vie professionnelle est \u00e9galement b\u00e9n\u00e9fique pour l'ensemble de l'\u00e9conomie, les femmes \u00e9tant notamment encourag\u00e9es \u00e0 rester dans la vie active. \"Pour notre soci\u00e9t\u00e9, je pense qu'il est tr\u00e8s pr\u00e9cieux de pouvoir prendre un cong\u00e9 de paternit\u00e9 aussi long. Ma femme peut aller travailler pendant cette p\u00e9riode, elle reste dans sa profession, et je contribue ainsi \u00e0 l'\u00e9galit\u00e9\", d\u00e9clare Daniel Feltrin, Brand Lead Oncology - Haematology, AstraZeneca Schweiz.<\/p>\n<p>Le cong\u00e9 parental contribue \u00e0 remettre en question les normes et les attentes sociales li\u00e9es \u00e0 la prise en charge des enfants, ce qui conduit finalement \u00e0 une soci\u00e9t\u00e9 plus inclusive et progressiste. Le cong\u00e9 parental \u00e9galitaire ne profite pas seulement aux familles, mais \u00e0 la soci\u00e9t\u00e9 dans son ensemble. Dans cette optique, AstraZeneca continuera \u00e0 promouvoir l'\u00e9galit\u00e9 des sexes et le cong\u00e9 parental.<\/p>\n<p><em>Source :<a href=\"https:\/\/www.astrazeneca.ch\/de\"> www.astrazeneca.ch\u00a0<\/a><\/em><\/p>","protected":false},"excerpt":{"rendered":"<p>L'ann\u00e9e derni\u00e8re, AstraZeneca a introduit le cong\u00e9 parental \u00e9galitaire. Les p\u00e8res ou le deuxi\u00e8me parent peuvent d\u00e9sormais, comme les m\u00e8res ou l'aidant principal, prendre 16 semaines de cong\u00e9 parental au lieu de deux. Cette r\u00e8gle s'applique \u00e9galement en cas d'adoption. Avec cette introduction, l'entreprise promeut l'\u00e9galit\u00e9 et souligne son engagement en faveur de l'inclusion et de la diversit\u00e9.<\/p>","protected":false},"author":58,"featured_media":27360,"comment_status":"closed","ping_status":"closed","sticky":false,"template":"","format":"standard","meta":{"_acf_changed":false,"_yoast_wpseo_focuskw":"Elternzeit","_yoast_wpseo_metadesc":"V\u00e4ter bzw. der zweite Elternteil k\u00f6nnen neu, wie die M\u00fctter bzw. die Hauptpflegeperson, 16 statt zwei Wochen Elternurlaub beziehen bei AstraZeneca.","articlekey":"","footnotes":""},"categories":[579],"tags":[4139,3506,492],"class_list":["post-27359","post","type-post","status-publish","format-standard","has-post-thumbnail","hentry","category-human-resources","tag-gleichberechtigung","tag-human-resources","tag-unternehmen"],"acf":[],"yoast_head":"<!-- This site is optimized with the Yoast SEO plugin v27.5 - https:\/\/yoast.com\/product\/yoast-seo-wordpress\/ -->\n<title>AstraZeneca f\u00fchrt gleichberechtigte Elternzeit ein - Erste Erfahrungen - Organisator<\/title>\n<meta name=\"description\" content=\"V\u00e4ter bzw. der zweite Elternteil k\u00f6nnen neu, wie die M\u00fctter bzw. die Hauptpflegeperson, 16 statt zwei Wochen Elternurlaub beziehen bei AstraZeneca.\" \/>\n<meta name=\"robots\" content=\"index, follow, max-snippet:-1, max-image-preview:large, max-video-preview:-1\" \/>\n<link rel=\"canonical\" href=\"https:\/\/www.organisator.ch\/fr\/ressources-humaines\/2024-05-31\/astrazeneca-fuehrt-gleichberechtigte-elternzeit-ein-erste-erfahrungen\/\" \/>\n<meta property=\"og:locale\" content=\"fr_FR\" \/>\n<meta property=\"og:type\" content=\"article\" \/>\n<meta property=\"og:title\" content=\"AstraZeneca f\u00fchrt gleichberechtigte Elternzeit ein - Erste Erfahrungen\" \/>\n<meta property=\"og:description\" content=\"V\u00e4ter bzw. der zweite Elternteil k\u00f6nnen neu, wie die M\u00fctter bzw. die Hauptpflegeperson, 16 statt zwei Wochen Elternurlaub beziehen bei AstraZeneca.\" \/>\n<meta property=\"og:url\" content=\"https:\/\/www.organisator.ch\/fr\/ressources-humaines\/2024-05-31\/astrazeneca-fuehrt-gleichberechtigte-elternzeit-ein-erste-erfahrungen\/\" \/>\n<meta property=\"og:site_name\" content=\"Organisator\" \/>\n<meta property=\"article:publisher\" content=\"https:\/\/www.facebook.com\/OrganisatorFachmagazin\" \/>\n<meta property=\"article:published_time\" content=\"2024-05-31T05:13:54+00:00\" \/>\n<meta property=\"og:image\" content=\"https:\/\/www.organisator.ch\/wp-content\/uploads\/2024\/05\/AstraZeneca_Bild1_ps.jpg\" \/>\n\t<meta property=\"og:image:width\" content=\"680\" \/>\n\t<meta property=\"og:image:height\" content=\"470\" \/>\n\t<meta property=\"og:image:type\" content=\"image\/jpeg\" \/>\n<meta name=\"author\" content=\"Adelisa Kalajdzini\" \/>\n<meta name=\"twitter:card\" content=\"summary_large_image\" \/>\n<meta name=\"twitter:title\" content=\"AstraZeneca f\u00fchrt gleichberechtigte Elternzeit ein - Erste Erfahrungen\" \/>\n<meta name=\"twitter:description\" content=\"#V\u00e4ter bzw. der zweite #Elternteil k\u00f6nnen neu, wie die M\u00fctter bzw. die Hauptpflegeperson, 16 statt zwei Wochen #Elternurlaub beziehen bei #AstraZeneca.\" \/>\n<meta name=\"twitter:image\" content=\"https:\/\/www.organisator.ch\/wp-content\/uploads\/2024\/05\/AstraZeneca_Bild1_ps.jpg\" \/>\n<script type=\"application\/ld+json\" class=\"yoast-schema-graph\">{\"@context\":\"https:\\\/\\\/schema.org\",\"@graph\":[{\"@type\":\"Article\",\"@id\":\"https:\\\/\\\/www.organisator.ch\\\/human-resources\\\/2024-05-31\\\/astrazeneca-fuehrt-gleichberechtigte-elternzeit-ein-erste-erfahrungen\\\/#article\",\"isPartOf\":{\"@id\":\"https:\\\/\\\/www.organisator.ch\\\/human-resources\\\/2024-05-31\\\/astrazeneca-fuehrt-gleichberechtigte-elternzeit-ein-erste-erfahrungen\\\/\"},\"author\":{\"name\":\"Adelisa Kalajdzini\",\"@id\":\"https:\\\/\\\/www.organisator.ch\\\/#\\\/schema\\\/person\\\/2e1314a2172123f874db408d8911d3f3\"},\"headline\":\"AstraZeneca f\u00fchrt gleichberechtigte Elternzeit ein &#8211; Erste Erfahrungen\",\"datePublished\":\"2024-05-31T05:13:54+00:00\",\"mainEntityOfPage\":{\"@id\":\"https:\\\/\\\/www.organisator.ch\\\/human-resources\\\/2024-05-31\\\/astrazeneca-fuehrt-gleichberechtigte-elternzeit-ein-erste-erfahrungen\\\/\"},\"wordCount\":368,\"publisher\":{\"@id\":\"https:\\\/\\\/www.organisator.ch\\\/#organization\"},\"image\":{\"@id\":\"https:\\\/\\\/www.organisator.ch\\\/human-resources\\\/2024-05-31\\\/astrazeneca-fuehrt-gleichberechtigte-elternzeit-ein-erste-erfahrungen\\\/#primaryimage\"},\"thumbnailUrl\":\"https:\\\/\\\/www.organisator.ch\\\/wp-content\\\/uploads\\\/2024\\\/05\\\/AstraZeneca_Bild1_ps.jpg\",\"keywords\":[\"Gleichberechtigung\",\"Human Resources\",\"Unternehmen\"],\"articleSection\":[\"HUMAN RESOURCES\"],\"inLanguage\":\"fr-FR\"},{\"@type\":\"WebPage\",\"@id\":\"https:\\\/\\\/www.organisator.ch\\\/human-resources\\\/2024-05-31\\\/astrazeneca-fuehrt-gleichberechtigte-elternzeit-ein-erste-erfahrungen\\\/\",\"url\":\"https:\\\/\\\/www.organisator.ch\\\/human-resources\\\/2024-05-31\\\/astrazeneca-fuehrt-gleichberechtigte-elternzeit-ein-erste-erfahrungen\\\/\",\"name\":\"AstraZeneca f\u00fchrt gleichberechtigte Elternzeit ein - Erste Erfahrungen - Organisator\",\"isPartOf\":{\"@id\":\"https:\\\/\\\/www.organisator.ch\\\/#website\"},\"primaryImageOfPage\":{\"@id\":\"https:\\\/\\\/www.organisator.ch\\\/human-resources\\\/2024-05-31\\\/astrazeneca-fuehrt-gleichberechtigte-elternzeit-ein-erste-erfahrungen\\\/#primaryimage\"},\"image\":{\"@id\":\"https:\\\/\\\/www.organisator.ch\\\/human-resources\\\/2024-05-31\\\/astrazeneca-fuehrt-gleichberechtigte-elternzeit-ein-erste-erfahrungen\\\/#primaryimage\"},\"thumbnailUrl\":\"https:\\\/\\\/www.organisator.ch\\\/wp-content\\\/uploads\\\/2024\\\/05\\\/AstraZeneca_Bild1_ps.jpg\",\"datePublished\":\"2024-05-31T05:13:54+00:00\",\"description\":\"V\u00e4ter bzw. der zweite Elternteil k\u00f6nnen neu, wie die M\u00fctter bzw. die Hauptpflegeperson, 16 statt zwei Wochen Elternurlaub beziehen bei AstraZeneca.\",\"breadcrumb\":{\"@id\":\"https:\\\/\\\/www.organisator.ch\\\/human-resources\\\/2024-05-31\\\/astrazeneca-fuehrt-gleichberechtigte-elternzeit-ein-erste-erfahrungen\\\/#breadcrumb\"},\"inLanguage\":\"fr-FR\",\"potentialAction\":[{\"@type\":\"ReadAction\",\"target\":[\"https:\\\/\\\/www.organisator.ch\\\/human-resources\\\/2024-05-31\\\/astrazeneca-fuehrt-gleichberechtigte-elternzeit-ein-erste-erfahrungen\\\/\"]}]},{\"@type\":\"ImageObject\",\"inLanguage\":\"fr-FR\",\"@id\":\"https:\\\/\\\/www.organisator.ch\\\/human-resources\\\/2024-05-31\\\/astrazeneca-fuehrt-gleichberechtigte-elternzeit-ein-erste-erfahrungen\\\/#primaryimage\",\"url\":\"https:\\\/\\\/www.organisator.ch\\\/wp-content\\\/uploads\\\/2024\\\/05\\\/AstraZeneca_Bild1_ps.jpg\",\"contentUrl\":\"https:\\\/\\\/www.organisator.ch\\\/wp-content\\\/uploads\\\/2024\\\/05\\\/AstraZeneca_Bild1_ps.jpg\",\"width\":680,\"height\":470,\"caption\":\"AstraZeneca: V\u00e4ter bzw. der zweite Elternteil k\u00f6nnen neu, wie die M\u00fctter bzw. die Hauptpflegeperson, 16 statt zwei Wochen Elternurlaub beziehen. (Bild: www.depositphotos.com)\"},{\"@type\":\"BreadcrumbList\",\"@id\":\"https:\\\/\\\/www.organisator.ch\\\/human-resources\\\/2024-05-31\\\/astrazeneca-fuehrt-gleichberechtigte-elternzeit-ein-erste-erfahrungen\\\/#breadcrumb\",\"itemListElement\":[{\"@type\":\"ListItem\",\"position\":1,\"name\":\"Home\",\"item\":\"https:\\\/\\\/www.organisator.ch\\\/\"},{\"@type\":\"ListItem\",\"position\":2,\"name\":\"AstraZeneca f\u00fchrt gleichberechtigte Elternzeit ein &#8211; Erste Erfahrungen\"}]},{\"@type\":\"WebSite\",\"@id\":\"https:\\\/\\\/www.organisator.ch\\\/#website\",\"url\":\"https:\\\/\\\/www.organisator.ch\\\/\",\"name\":\"Organisator\",\"description\":\"Kompetent. Praxisnah. Der ORGANISATOR bereitet in 10 Ausgaben pro Jahr die wesentlichen Themen f\u00fcr F\u00fchrungskr\u00e4fte von KMU auf.\",\"publisher\":{\"@id\":\"https:\\\/\\\/www.organisator.ch\\\/#organization\"},\"potentialAction\":[{\"@type\":\"SearchAction\",\"target\":{\"@type\":\"EntryPoint\",\"urlTemplate\":\"https:\\\/\\\/www.organisator.ch\\\/?s={search_term_string}\"},\"query-input\":{\"@type\":\"PropertyValueSpecification\",\"valueRequired\":true,\"valueName\":\"search_term_string\"}}],\"inLanguage\":\"fr-FR\"},{\"@type\":\"Organization\",\"@id\":\"https:\\\/\\\/www.organisator.ch\\\/#organization\",\"name\":\"Organisator\",\"url\":\"https:\\\/\\\/www.organisator.ch\\\/\",\"logo\":{\"@type\":\"ImageObject\",\"inLanguage\":\"fr-FR\",\"@id\":\"https:\\\/\\\/www.organisator.ch\\\/#\\\/schema\\\/logo\\\/image\\\/\",\"url\":\"https:\\\/\\\/www.organisator.ch\\\/wp-content\\\/uploads\\\/2022\\\/01\\\/Logo_Organisator_Website.png\",\"contentUrl\":\"https:\\\/\\\/www.organisator.ch\\\/wp-content\\\/uploads\\\/2022\\\/01\\\/Logo_Organisator_Website.png\",\"width\":800,\"height\":77,\"caption\":\"Organisator\"},\"image\":{\"@id\":\"https:\\\/\\\/www.organisator.ch\\\/#\\\/schema\\\/logo\\\/image\\\/\"},\"sameAs\":[\"https:\\\/\\\/www.facebook.com\\\/OrganisatorFachmagazin\",\"https:\\\/\\\/www.linkedin.com\\\/showcase\\\/organisator-das-magazin-fr-kmu\",\"https:\\\/\\\/www.xing.com\\\/news\\\/pages\\\/organisator-ch-695\",\"https:\\\/\\\/www.youtube.com\\\/channel\\\/UCGP2Sq0iWaZwT3BdIAQFYpw\"]},{\"@type\":\"Person\",\"@id\":\"https:\\\/\\\/www.organisator.ch\\\/#\\\/schema\\\/person\\\/2e1314a2172123f874db408d8911d3f3\",\"name\":\"Adelisa Kalajdzini\",\"image\":{\"@type\":\"ImageObject\",\"inLanguage\":\"fr-FR\",\"@id\":\"https:\\\/\\\/secure.gravatar.com\\\/avatar\\\/09a397c22ac58cad6f160ee8306348599df9df58a8ede73696226897b9fa4b24?s=96&d=mm&r=g\",\"url\":\"https:\\\/\\\/secure.gravatar.com\\\/avatar\\\/09a397c22ac58cad6f160ee8306348599df9df58a8ede73696226897b9fa4b24?s=96&d=mm&r=g\",\"contentUrl\":\"https:\\\/\\\/secure.gravatar.com\\\/avatar\\\/09a397c22ac58cad6f160ee8306348599df9df58a8ede73696226897b9fa4b24?s=96&d=mm&r=g\",\"caption\":\"Adelisa Kalajdzini\"},\"url\":\"https:\\\/\\\/www.organisator.ch\\\/fr\\\/author\\\/adelisa-kalajdzini\\\/\"}]}<\/script>\n<!-- \/ Yoast SEO plugin. -->","yoast_head_json":{"title":"AstraZeneca introduit le cong\u00e9 parental \u00e9galitaire - Premi\u00e8re exp\u00e9rience - Organisateur","description":"Les p\u00e8res ou le deuxi\u00e8me parent peuvent d\u00e9sormais, comme les m\u00e8res ou l'aidant principal, prendre 16 semaines de cong\u00e9 parental au lieu de deux chez AstraZeneca.","robots":{"index":"index","follow":"follow","max-snippet":"max-snippet:-1","max-image-preview":"max-image-preview:large","max-video-preview":"max-video-preview:-1"},"canonical":"https:\/\/www.organisator.ch\/fr\/ressources-humaines\/2024-05-31\/astrazeneca-fuehrt-gleichberechtigte-elternzeit-ein-erste-erfahrungen\/","og_locale":"fr_FR","og_type":"article","og_title":"AstraZeneca f\u00fchrt gleichberechtigte Elternzeit ein - Erste Erfahrungen","og_description":"V\u00e4ter bzw. der zweite Elternteil k\u00f6nnen neu, wie die M\u00fctter bzw. die Hauptpflegeperson, 16 statt zwei Wochen Elternurlaub beziehen bei AstraZeneca.","og_url":"https:\/\/www.organisator.ch\/fr\/ressources-humaines\/2024-05-31\/astrazeneca-fuehrt-gleichberechtigte-elternzeit-ein-erste-erfahrungen\/","og_site_name":"Organisator","article_publisher":"https:\/\/www.facebook.com\/OrganisatorFachmagazin","article_published_time":"2024-05-31T05:13:54+00:00","og_image":[{"width":680,"height":470,"url":"https:\/\/www.organisator.ch\/wp-content\/uploads\/2024\/05\/AstraZeneca_Bild1_ps.jpg","type":"image\/jpeg"}],"author":"Adelisa Kalajdzini","twitter_card":"summary_large_image","twitter_title":"AstraZeneca f\u00fchrt gleichberechtigte Elternzeit ein - Erste Erfahrungen","twitter_description":"#V\u00e4ter bzw. der zweite #Elternteil k\u00f6nnen neu, wie die M\u00fctter bzw. die Hauptpflegeperson, 16 statt zwei Wochen #Elternurlaub beziehen bei #AstraZeneca.","twitter_image":"https:\/\/www.organisator.ch\/wp-content\/uploads\/2024\/05\/AstraZeneca_Bild1_ps.jpg","schema":{"@context":"https:\/\/schema.org","@graph":[{"@type":"Article","@id":"https:\/\/www.organisator.ch\/human-resources\/2024-05-31\/astrazeneca-fuehrt-gleichberechtigte-elternzeit-ein-erste-erfahrungen\/#article","isPartOf":{"@id":"https:\/\/www.organisator.ch\/human-resources\/2024-05-31\/astrazeneca-fuehrt-gleichberechtigte-elternzeit-ein-erste-erfahrungen\/"},"author":{"name":"Adelisa Kalajdzini","@id":"https:\/\/www.organisator.ch\/#\/schema\/person\/2e1314a2172123f874db408d8911d3f3"},"headline":"AstraZeneca f\u00fchrt gleichberechtigte Elternzeit ein &#8211; Erste Erfahrungen","datePublished":"2024-05-31T05:13:54+00:00","mainEntityOfPage":{"@id":"https:\/\/www.organisator.ch\/human-resources\/2024-05-31\/astrazeneca-fuehrt-gleichberechtigte-elternzeit-ein-erste-erfahrungen\/"},"wordCount":368,"publisher":{"@id":"https:\/\/www.organisator.ch\/#organization"},"image":{"@id":"https:\/\/www.organisator.ch\/human-resources\/2024-05-31\/astrazeneca-fuehrt-gleichberechtigte-elternzeit-ein-erste-erfahrungen\/#primaryimage"},"thumbnailUrl":"https:\/\/www.organisator.ch\/wp-content\/uploads\/2024\/05\/AstraZeneca_Bild1_ps.jpg","keywords":["Gleichberechtigung","Human Resources","Unternehmen"],"articleSection":["HUMAN RESOURCES"],"inLanguage":"fr-FR"},{"@type":"WebPage","@id":"https:\/\/www.organisator.ch\/human-resources\/2024-05-31\/astrazeneca-fuehrt-gleichberechtigte-elternzeit-ein-erste-erfahrungen\/","url":"https:\/\/www.organisator.ch\/human-resources\/2024-05-31\/astrazeneca-fuehrt-gleichberechtigte-elternzeit-ein-erste-erfahrungen\/","name":"AstraZeneca introduit le cong\u00e9 parental \u00e9galitaire - Premi\u00e8re exp\u00e9rience - Organisateur","isPartOf":{"@id":"https:\/\/www.organisator.ch\/#website"},"primaryImageOfPage":{"@id":"https:\/\/www.organisator.ch\/human-resources\/2024-05-31\/astrazeneca-fuehrt-gleichberechtigte-elternzeit-ein-erste-erfahrungen\/#primaryimage"},"image":{"@id":"https:\/\/www.organisator.ch\/human-resources\/2024-05-31\/astrazeneca-fuehrt-gleichberechtigte-elternzeit-ein-erste-erfahrungen\/#primaryimage"},"thumbnailUrl":"https:\/\/www.organisator.ch\/wp-content\/uploads\/2024\/05\/AstraZeneca_Bild1_ps.jpg","datePublished":"2024-05-31T05:13:54+00:00","description":"Les p\u00e8res ou le deuxi\u00e8me parent peuvent d\u00e9sormais, comme les m\u00e8res ou l'aidant principal, prendre 16 semaines de cong\u00e9 parental au lieu de deux chez AstraZeneca.","breadcrumb":{"@id":"https:\/\/www.organisator.ch\/human-resources\/2024-05-31\/astrazeneca-fuehrt-gleichberechtigte-elternzeit-ein-erste-erfahrungen\/#breadcrumb"},"inLanguage":"fr-FR","potentialAction":[{"@type":"ReadAction","target":["https:\/\/www.organisator.ch\/human-resources\/2024-05-31\/astrazeneca-fuehrt-gleichberechtigte-elternzeit-ein-erste-erfahrungen\/"]}]},{"@type":"ImageObject","inLanguage":"fr-FR","@id":"https:\/\/www.organisator.ch\/human-resources\/2024-05-31\/astrazeneca-fuehrt-gleichberechtigte-elternzeit-ein-erste-erfahrungen\/#primaryimage","url":"https:\/\/www.organisator.ch\/wp-content\/uploads\/2024\/05\/AstraZeneca_Bild1_ps.jpg","contentUrl":"https:\/\/www.organisator.ch\/wp-content\/uploads\/2024\/05\/AstraZeneca_Bild1_ps.jpg","width":680,"height":470,"caption":"AstraZeneca: V\u00e4ter bzw. der zweite Elternteil k\u00f6nnen neu, wie die M\u00fctter bzw. die Hauptpflegeperson, 16 statt zwei Wochen Elternurlaub beziehen. (Bild: www.depositphotos.com)"},{"@type":"BreadcrumbList","@id":"https:\/\/www.organisator.ch\/human-resources\/2024-05-31\/astrazeneca-fuehrt-gleichberechtigte-elternzeit-ein-erste-erfahrungen\/#breadcrumb","itemListElement":[{"@type":"ListItem","position":1,"name":"Home","item":"https:\/\/www.organisator.ch\/"},{"@type":"ListItem","position":2,"name":"AstraZeneca f\u00fchrt gleichberechtigte Elternzeit ein &#8211; Erste Erfahrungen"}]},{"@type":"WebSite","@id":"https:\/\/www.organisator.ch\/#website","url":"https:\/\/www.organisator.ch\/","name":"Organisateur","description":"Comp\u00e9tence et comp\u00e9tence. Proches de la pratique. L'ORGANISATEUR pr\u00e9pare 10 num\u00e9ros par an sur les th\u00e8mes essentiels pour les dirigeants de PME.","publisher":{"@id":"https:\/\/www.organisator.ch\/#organization"},"potentialAction":[{"@type":"SearchAction","target":{"@type":"EntryPoint","urlTemplate":"https:\/\/www.organisator.ch\/?s={search_term_string}"},"query-input":{"@type":"PropertyValueSpecification","valueRequired":true,"valueName":"search_term_string"}}],"inLanguage":"fr-FR"},{"@type":"Organization","@id":"https:\/\/www.organisator.ch\/#organization","name":"Organisateur","url":"https:\/\/www.organisator.ch\/","logo":{"@type":"ImageObject","inLanguage":"fr-FR","@id":"https:\/\/www.organisator.ch\/#\/schema\/logo\/image\/","url":"https:\/\/www.organisator.ch\/wp-content\/uploads\/2022\/01\/Logo_Organisator_Website.png","contentUrl":"https:\/\/www.organisator.ch\/wp-content\/uploads\/2022\/01\/Logo_Organisator_Website.png","width":800,"height":77,"caption":"Organisator"},"image":{"@id":"https:\/\/www.organisator.ch\/#\/schema\/logo\/image\/"},"sameAs":["https:\/\/www.facebook.com\/OrganisatorFachmagazin","https:\/\/www.linkedin.com\/showcase\/organisator-das-magazin-fr-kmu","https:\/\/www.xing.com\/news\/pages\/organisator-ch-695","https:\/\/www.youtube.com\/channel\/UCGP2Sq0iWaZwT3BdIAQFYpw"]},{"@type":"Person","@id":"https:\/\/www.organisator.ch\/#\/schema\/person\/2e1314a2172123f874db408d8911d3f3","name":"Adelisa Kalajdzini","image":{"@type":"ImageObject","inLanguage":"fr-FR","@id":"https:\/\/secure.gravatar.com\/avatar\/09a397c22ac58cad6f160ee8306348599df9df58a8ede73696226897b9fa4b24?s=96&d=mm&r=g","url":"https:\/\/secure.gravatar.com\/avatar\/09a397c22ac58cad6f160ee8306348599df9df58a8ede73696226897b9fa4b24?s=96&d=mm&r=g","contentUrl":"https:\/\/secure.gravatar.com\/avatar\/09a397c22ac58cad6f160ee8306348599df9df58a8ede73696226897b9fa4b24?s=96&d=mm&r=g","caption":"Adelisa Kalajdzini"},"url":"https:\/\/www.organisator.ch\/fr\/author\/adelisa-kalajdzini\/"}]}},"_links":{"self":[{"href":"https:\/\/www.organisator.ch\/fr\/wp-json\/wp\/v2\/posts\/27359","targetHints":{"allow":["GET"]}}],"collection":[{"href":"https:\/\/www.organisator.ch\/fr\/wp-json\/wp\/v2\/posts"}],"about":[{"href":"https:\/\/www.organisator.ch\/fr\/wp-json\/wp\/v2\/types\/post"}],"author":[{"embeddable":true,"href":"https:\/\/www.organisator.ch\/fr\/wp-json\/wp\/v2\/users\/58"}],"replies":[{"embeddable":true,"href":"https:\/\/www.organisator.ch\/fr\/wp-json\/wp\/v2\/comments?post=27359"}],"version-history":[{"count":4,"href":"https:\/\/www.organisator.ch\/fr\/wp-json\/wp\/v2\/posts\/27359\/revisions"}],"predecessor-version":[{"id":27408,"href":"https:\/\/www.organisator.ch\/fr\/wp-json\/wp\/v2\/posts\/27359\/revisions\/27408"}],"wp:featuredmedia":[{"embeddable":true,"href":"https:\/\/www.organisator.ch\/fr\/wp-json\/wp\/v2\/media\/27360"}],"wp:attachment":[{"href":"https:\/\/www.organisator.ch\/fr\/wp-json\/wp\/v2\/media?parent=27359"}],"wp:term":[{"taxonomy":"category","embeddable":true,"href":"https:\/\/www.organisator.ch\/fr\/wp-json\/wp\/v2\/categories?post=27359"},{"taxonomy":"post_tag","embeddable":true,"href":"https:\/\/www.organisator.ch\/fr\/wp-json\/wp\/v2\/tags?post=27359"}],"curies":[{"name":"wp","href":"https:\/\/api.w.org\/{rel}","templated":true}]}}