{"id":27364,"date":"2024-05-30T09:51:57","date_gmt":"2024-05-30T07:51:57","guid":{"rendered":"https:\/\/www.m-q.ch\/?p=19801"},"modified":"2024-11-11T05:03:33","modified_gmt":"2024-11-11T04:03:33","slug":"monika-wieneke-wird-neue-leiterin-risk-actuarial-security","status":"publish","type":"post","link":"https:\/\/www.organisator.ch\/fr\/operational-excellence\/2024-05-30\/monika-wieneke-wird-neue-leiterin-risk-actuarial-security\/","title":{"rendered":"Monika Wieneke devient la nouvelle responsable \"Risk, Actuarial &amp; Security"},"content":{"rendered":"<figure id=\"attachment_19804\" class=\"wp-caption alignnone\" style=\"width: 680px\" aria-describedby=\"caption-attachment-19804\"><img class=\"alignnone wp-image-19804 size-full\" src=\"https:\/\/www.m-q.ch\/wp-content\/uploads\/2024\/05\/monika-wieneke-cro-axa-ch_Bild1_ps.jpg\" alt=\"Monika Wieneke\" width=\"680\" height=\"411\" \/>\r\n<figcaption id=\"caption-attachment-19804\" class=\"wp-caption-text\">Monika Wieneke sera responsable du secteur \"Risk, Actuarial &amp; Security\" et membre du comit\u00e9 de direction d'AXA Suisse \u00e0 partir du 1er septembre. (Photo : www.axa.ch)<\/figcaption>\r\n<\/figure>\r\n<p>Le conseil d'administration d'AXA Suisse a nomm\u00e9 Monika Wieneke nouvelle responsable \"Risk, Actuarial &amp; Security\" et membre du comit\u00e9 de direction \u00e0 compter du 1er septembre.<\/p>\r\n<p>\u00c2g\u00e9e de 43 ans, elle occupe depuis 2020 le poste de Chief Risk Officer et de directrice du d\u00e9partement Value Risk Management chez AXA Allemagne, o\u00f9 elle s'est par exemple distingu\u00e9e par le d\u00e9veloppement de strat\u00e9gies de risque diff\u00e9renci\u00e9es, d'une culture du risque int\u00e9gr\u00e9e ainsi que par l'\u00e9valuation holistique des risques climatiques. Auparavant, cette citoyenne allemande a travaill\u00e9 pendant 15 ans dans une grande entreprise de conseil. Wieneke s'y est sp\u00e9cialis\u00e9e dans la gestion des risques des compagnies d'assurance et a notamment acquis une exp\u00e9rience approfondie de Solvabilit\u00e9 II et de l'IFRS 17.<\/p>\r\n<p>Math\u00e9maticienne de formation, elle a suivi une formation d'actuaire et est depuis membre ordinaire \u00e0 part enti\u00e8re de l'association allemande des actuaires (Deutsche Aktuarsvereinigung e.V.).<\/p>\r\n<p>\"Ces derni\u00e8res ann\u00e9es, des coll\u00e8gues comp\u00e9tents d'AXA Suisse ont r\u00e9guli\u00e8rement \u00e9t\u00e9 mut\u00e9s \u00e0 des postes \u00e0 responsabilit\u00e9 dans d'autres unit\u00e9s d'AXA, et je me r\u00e9jouis que nous puissions pour une fois profiter du vivier de talents du groupe. En tant que personnalit\u00e9 int\u00e9grative dot\u00e9e d'une longue exp\u00e9rience internationale, d'une grande comp\u00e9tence en mati\u00e8re de gestion des risques et d'un esprit strat\u00e9gique prononc\u00e9, Monika pr\u00e9sente des conditions optimales pour ce poste cl\u00e9 chez nous. Je lui souhaite d'ores et d\u00e9j\u00e0 un bon d\u00e9part chez nous ainsi que beaucoup de succ\u00e8s et d'\u00e9panouissement dans sa nouvelle fonction\", d\u00e9clare Fabrizio Petrillo, CEO d'AXA Suisse.<\/p>\r\n<p>La nomination de Monika Wieneke est soumise \u00e0 l'obtention des autorisations n\u00e9cessaires en mati\u00e8re de surveillance.<\/p>\r\n<p><em>Source : <a href=\"http:\/\/www.axa.ch\/\">www.axa.ch<\/a><\/em><\/p>\n<p class=\"syndicated-attribution\">Cet article est paru initialement sur m-q.ch - <a href=\"https:\/\/www.m-q.ch\/de\/monika-wieneke-wird-neue-leiterin-risk-actuarial-security\/\" target=\"_blank\">https:\/\/www.m-q.ch\/de\/monika-wieneke-wird-neue-leiterin-risk-actuarial-security\/<\/a><\/p>","protected":false},"excerpt":{"rendered":"<p>Monika Wieneke, math\u00e9maticienne et actuaire, sera responsable du secteur \"Risk, Actuarial &amp; Security\" et membre du comit\u00e9 de direction d'AXA Suisse \u00e0 partir du 1er septembre. Elle succ\u00e8de \u00e0 Volker Reinthaler, qui a \u00e9t\u00e9 nomm\u00e9 Chief Financial Officer du plus grand assureur suisse toutes branches.<\/p>","protected":false},"author":58,"featured_media":0,"comment_status":"closed","ping_status":"closed","sticky":false,"template":"","format":"standard","meta":{"_acf_changed":false,"_yoast_wpseo_focuskw":"Monika Wieneke","_yoast_wpseo_metadesc":"Monika Wieneke wird neue Leiterin \"Risk, Actuarial & Security\" bei AXA Schweiz. Ihre Berufung erfolgt im September.","articlekey":"","footnotes":""},"categories":[582],"tags":[904,418,424,492],"class_list":["post-27364","post","type-post","status-publish","format-standard","hentry","category-operational-excellence","tag-ceo","tag-risikomanagement","tag-schweiz","tag-unternehmen"],"acf":[],"yoast_head":"<!-- This site is optimized with the Yoast SEO plugin v27.5 - https:\/\/yoast.com\/product\/yoast-seo-wordpress\/ -->\n<title>Monika Wieneke wird neue Leiterin \u00abRisk, Actuarial &amp; Security\u00bb - Organisator<\/title>\n<meta name=\"description\" content=\"Monika Wieneke wird neue Leiterin &quot;Risk, Actuarial &amp; Security&quot; bei AXA Schweiz. Ihre Berufung erfolgt im September.\" \/>\n<meta name=\"robots\" content=\"index, follow, max-snippet:-1, max-image-preview:large, max-video-preview:-1\" \/>\n<link rel=\"canonical\" href=\"https:\/\/www.organisator.ch\/fr\/excellence-operationnelle\/2024-05-30\/monika-wieneke-wird-neue-leiterin-risk-actuarial-security\/\" \/>\n<meta property=\"og:locale\" content=\"fr_FR\" \/>\n<meta property=\"og:type\" content=\"article\" \/>\n<meta property=\"og:title\" content=\"Monika Wieneke wird neue Leiterin \u00abRisk, Actuarial &amp; Security\u00bb - Organisator\" \/>\n<meta property=\"og:description\" content=\"Monika Wieneke wird neue Leiterin &quot;Risk, Actuarial &amp; Security&quot; bei AXA Schweiz. Ihre Berufung erfolgt im September.\" \/>\n<meta property=\"og:url\" content=\"https:\/\/www.organisator.ch\/fr\/excellence-operationnelle\/2024-05-30\/monika-wieneke-wird-neue-leiterin-risk-actuarial-security\/\" \/>\n<meta property=\"og:site_name\" content=\"Organisator\" \/>\n<meta property=\"article:publisher\" content=\"https:\/\/www.facebook.com\/OrganisatorFachmagazin\" \/>\n<meta property=\"article:published_time\" content=\"2024-05-30T07:51:57+00:00\" \/>\n<meta property=\"article:modified_time\" content=\"2024-11-11T04:03:33+00:00\" \/>\n<meta property=\"og:image\" content=\"https:\/\/www.m-q.ch\/wp-content\/uploads\/2024\/05\/monika-wieneke-cro-axa-ch_Bild1_ps.jpg\" \/>\n<meta name=\"author\" content=\"Adelisa Kalajdzini\" \/>\n<meta name=\"twitter:card\" content=\"summary_large_image\" \/>\n<script type=\"application\/ld+json\" class=\"yoast-schema-graph\">{\"@context\":\"https:\\\/\\\/schema.org\",\"@graph\":[{\"@type\":\"Article\",\"@id\":\"https:\\\/\\\/www.organisator.ch\\\/operational-excellence\\\/2024-05-30\\\/monika-wieneke-wird-neue-leiterin-risk-actuarial-security\\\/#article\",\"isPartOf\":{\"@id\":\"https:\\\/\\\/www.organisator.ch\\\/operational-excellence\\\/2024-05-30\\\/monika-wieneke-wird-neue-leiterin-risk-actuarial-security\\\/\"},\"author\":{\"name\":\"Adelisa Kalajdzini\",\"@id\":\"https:\\\/\\\/www.organisator.ch\\\/#\\\/schema\\\/person\\\/2e1314a2172123f874db408d8911d3f3\"},\"headline\":\"Monika Wieneke wird neue Leiterin \u00abRisk, Actuarial &amp; Security\u00bb\",\"datePublished\":\"2024-05-30T07:51:57+00:00\",\"dateModified\":\"2024-11-11T04:03:33+00:00\",\"mainEntityOfPage\":{\"@id\":\"https:\\\/\\\/www.organisator.ch\\\/operational-excellence\\\/2024-05-30\\\/monika-wieneke-wird-neue-leiterin-risk-actuarial-security\\\/\"},\"wordCount\":271,\"publisher\":{\"@id\":\"https:\\\/\\\/www.organisator.ch\\\/#organization\"},\"image\":{\"@id\":\"https:\\\/\\\/www.organisator.ch\\\/operational-excellence\\\/2024-05-30\\\/monika-wieneke-wird-neue-leiterin-risk-actuarial-security\\\/#primaryimage\"},\"thumbnailUrl\":\"https:\\\/\\\/www.m-q.ch\\\/wp-content\\\/uploads\\\/2024\\\/05\\\/monika-wieneke-cro-axa-ch_Bild1_ps.jpg\",\"keywords\":[\"CEO\",\"Risikomanagement\",\"Schweiz\",\"Unternehmen\"],\"articleSection\":[\"OPERATIONAL EXCELLENCE\"],\"inLanguage\":\"fr-FR\"},{\"@type\":\"WebPage\",\"@id\":\"https:\\\/\\\/www.organisator.ch\\\/operational-excellence\\\/2024-05-30\\\/monika-wieneke-wird-neue-leiterin-risk-actuarial-security\\\/\",\"url\":\"https:\\\/\\\/www.organisator.ch\\\/operational-excellence\\\/2024-05-30\\\/monika-wieneke-wird-neue-leiterin-risk-actuarial-security\\\/\",\"name\":\"Monika Wieneke wird neue Leiterin \u00abRisk, Actuarial &amp; Security\u00bb - Organisator\",\"isPartOf\":{\"@id\":\"https:\\\/\\\/www.organisator.ch\\\/#website\"},\"primaryImageOfPage\":{\"@id\":\"https:\\\/\\\/www.organisator.ch\\\/operational-excellence\\\/2024-05-30\\\/monika-wieneke-wird-neue-leiterin-risk-actuarial-security\\\/#primaryimage\"},\"image\":{\"@id\":\"https:\\\/\\\/www.organisator.ch\\\/operational-excellence\\\/2024-05-30\\\/monika-wieneke-wird-neue-leiterin-risk-actuarial-security\\\/#primaryimage\"},\"thumbnailUrl\":\"https:\\\/\\\/www.m-q.ch\\\/wp-content\\\/uploads\\\/2024\\\/05\\\/monika-wieneke-cro-axa-ch_Bild1_ps.jpg\",\"datePublished\":\"2024-05-30T07:51:57+00:00\",\"dateModified\":\"2024-11-11T04:03:33+00:00\",\"description\":\"Monika Wieneke wird neue Leiterin \\\"Risk, Actuarial & Security\\\" bei AXA Schweiz. Ihre Berufung erfolgt im September.\",\"breadcrumb\":{\"@id\":\"https:\\\/\\\/www.organisator.ch\\\/operational-excellence\\\/2024-05-30\\\/monika-wieneke-wird-neue-leiterin-risk-actuarial-security\\\/#breadcrumb\"},\"inLanguage\":\"fr-FR\",\"potentialAction\":[{\"@type\":\"ReadAction\",\"target\":[\"https:\\\/\\\/www.organisator.ch\\\/operational-excellence\\\/2024-05-30\\\/monika-wieneke-wird-neue-leiterin-risk-actuarial-security\\\/\"]}]},{\"@type\":\"ImageObject\",\"inLanguage\":\"fr-FR\",\"@id\":\"https:\\\/\\\/www.organisator.ch\\\/operational-excellence\\\/2024-05-30\\\/monika-wieneke-wird-neue-leiterin-risk-actuarial-security\\\/#primaryimage\",\"url\":\"https:\\\/\\\/www.m-q.ch\\\/wp-content\\\/uploads\\\/2024\\\/05\\\/monika-wieneke-cro-axa-ch_Bild1_ps.jpg\",\"contentUrl\":\"https:\\\/\\\/www.m-q.ch\\\/wp-content\\\/uploads\\\/2024\\\/05\\\/monika-wieneke-cro-axa-ch_Bild1_ps.jpg\"},{\"@type\":\"BreadcrumbList\",\"@id\":\"https:\\\/\\\/www.organisator.ch\\\/operational-excellence\\\/2024-05-30\\\/monika-wieneke-wird-neue-leiterin-risk-actuarial-security\\\/#breadcrumb\",\"itemListElement\":[{\"@type\":\"ListItem\",\"position\":1,\"name\":\"Home\",\"item\":\"https:\\\/\\\/www.organisator.ch\\\/\"},{\"@type\":\"ListItem\",\"position\":2,\"name\":\"Monika Wieneke wird neue Leiterin \u00abRisk, Actuarial &amp; Security\u00bb\"}]},{\"@type\":\"WebSite\",\"@id\":\"https:\\\/\\\/www.organisator.ch\\\/#website\",\"url\":\"https:\\\/\\\/www.organisator.ch\\\/\",\"name\":\"Organisator\",\"description\":\"Kompetent. Praxisnah. Der ORGANISATOR bereitet in 10 Ausgaben pro Jahr die wesentlichen Themen f\u00fcr F\u00fchrungskr\u00e4fte von KMU auf.\",\"publisher\":{\"@id\":\"https:\\\/\\\/www.organisator.ch\\\/#organization\"},\"potentialAction\":[{\"@type\":\"SearchAction\",\"target\":{\"@type\":\"EntryPoint\",\"urlTemplate\":\"https:\\\/\\\/www.organisator.ch\\\/?s={search_term_string}\"},\"query-input\":{\"@type\":\"PropertyValueSpecification\",\"valueRequired\":true,\"valueName\":\"search_term_string\"}}],\"inLanguage\":\"fr-FR\"},{\"@type\":\"Organization\",\"@id\":\"https:\\\/\\\/www.organisator.ch\\\/#organization\",\"name\":\"Organisator\",\"url\":\"https:\\\/\\\/www.organisator.ch\\\/\",\"logo\":{\"@type\":\"ImageObject\",\"inLanguage\":\"fr-FR\",\"@id\":\"https:\\\/\\\/www.organisator.ch\\\/#\\\/schema\\\/logo\\\/image\\\/\",\"url\":\"https:\\\/\\\/www.organisator.ch\\\/wp-content\\\/uploads\\\/2022\\\/01\\\/Logo_Organisator_Website.png\",\"contentUrl\":\"https:\\\/\\\/www.organisator.ch\\\/wp-content\\\/uploads\\\/2022\\\/01\\\/Logo_Organisator_Website.png\",\"width\":800,\"height\":77,\"caption\":\"Organisator\"},\"image\":{\"@id\":\"https:\\\/\\\/www.organisator.ch\\\/#\\\/schema\\\/logo\\\/image\\\/\"},\"sameAs\":[\"https:\\\/\\\/www.facebook.com\\\/OrganisatorFachmagazin\",\"https:\\\/\\\/www.linkedin.com\\\/showcase\\\/organisator-das-magazin-fr-kmu\",\"https:\\\/\\\/www.xing.com\\\/news\\\/pages\\\/organisator-ch-695\",\"https:\\\/\\\/www.youtube.com\\\/channel\\\/UCGP2Sq0iWaZwT3BdIAQFYpw\"]},{\"@type\":\"Person\",\"@id\":\"https:\\\/\\\/www.organisator.ch\\\/#\\\/schema\\\/person\\\/2e1314a2172123f874db408d8911d3f3\",\"name\":\"Adelisa Kalajdzini\",\"image\":{\"@type\":\"ImageObject\",\"inLanguage\":\"fr-FR\",\"@id\":\"https:\\\/\\\/secure.gravatar.com\\\/avatar\\\/09a397c22ac58cad6f160ee8306348599df9df58a8ede73696226897b9fa4b24?s=96&d=mm&r=g\",\"url\":\"https:\\\/\\\/secure.gravatar.com\\\/avatar\\\/09a397c22ac58cad6f160ee8306348599df9df58a8ede73696226897b9fa4b24?s=96&d=mm&r=g\",\"contentUrl\":\"https:\\\/\\\/secure.gravatar.com\\\/avatar\\\/09a397c22ac58cad6f160ee8306348599df9df58a8ede73696226897b9fa4b24?s=96&d=mm&r=g\",\"caption\":\"Adelisa Kalajdzini\"},\"url\":\"https:\\\/\\\/www.organisator.ch\\\/fr\\\/author\\\/adelisa-kalajdzini\\\/\"}]}<\/script>\n<!-- \/ Yoast SEO plugin. -->","yoast_head_json":{"title":"Monika Wieneke devient la nouvelle responsable \"Risk, Actuarial &amp; Security\" - Organisateur","description":"Monika Wieneke sera la nouvelle responsable \"Risk, Actuarial &amp; Security\" chez AXA Suisse. Elle sera nomm\u00e9e en septembre.","robots":{"index":"index","follow":"follow","max-snippet":"max-snippet:-1","max-image-preview":"max-image-preview:large","max-video-preview":"max-video-preview:-1"},"canonical":"https:\/\/www.organisator.ch\/fr\/excellence-operationnelle\/2024-05-30\/monika-wieneke-wird-neue-leiterin-risk-actuarial-security\/","og_locale":"fr_FR","og_type":"article","og_title":"Monika Wieneke wird neue Leiterin \u00abRisk, Actuarial &amp; Security\u00bb - Organisator","og_description":"Monika Wieneke wird neue Leiterin \"Risk, Actuarial & Security\" bei AXA Schweiz. Ihre Berufung erfolgt im September.","og_url":"https:\/\/www.organisator.ch\/fr\/excellence-operationnelle\/2024-05-30\/monika-wieneke-wird-neue-leiterin-risk-actuarial-security\/","og_site_name":"Organisator","article_publisher":"https:\/\/www.facebook.com\/OrganisatorFachmagazin","article_published_time":"2024-05-30T07:51:57+00:00","article_modified_time":"2024-11-11T04:03:33+00:00","og_image":[{"url":"https:\/\/www.m-q.ch\/wp-content\/uploads\/2024\/05\/monika-wieneke-cro-axa-ch_Bild1_ps.jpg","type":"","width":"","height":""}],"author":"Adelisa Kalajdzini","twitter_card":"summary_large_image","schema":{"@context":"https:\/\/schema.org","@graph":[{"@type":"Article","@id":"https:\/\/www.organisator.ch\/operational-excellence\/2024-05-30\/monika-wieneke-wird-neue-leiterin-risk-actuarial-security\/#article","isPartOf":{"@id":"https:\/\/www.organisator.ch\/operational-excellence\/2024-05-30\/monika-wieneke-wird-neue-leiterin-risk-actuarial-security\/"},"author":{"name":"Adelisa Kalajdzini","@id":"https:\/\/www.organisator.ch\/#\/schema\/person\/2e1314a2172123f874db408d8911d3f3"},"headline":"Monika Wieneke wird neue Leiterin \u00abRisk, Actuarial &amp; Security\u00bb","datePublished":"2024-05-30T07:51:57+00:00","dateModified":"2024-11-11T04:03:33+00:00","mainEntityOfPage":{"@id":"https:\/\/www.organisator.ch\/operational-excellence\/2024-05-30\/monika-wieneke-wird-neue-leiterin-risk-actuarial-security\/"},"wordCount":271,"publisher":{"@id":"https:\/\/www.organisator.ch\/#organization"},"image":{"@id":"https:\/\/www.organisator.ch\/operational-excellence\/2024-05-30\/monika-wieneke-wird-neue-leiterin-risk-actuarial-security\/#primaryimage"},"thumbnailUrl":"https:\/\/www.m-q.ch\/wp-content\/uploads\/2024\/05\/monika-wieneke-cro-axa-ch_Bild1_ps.jpg","keywords":["CEO","Risikomanagement","Schweiz","Unternehmen"],"articleSection":["OPERATIONAL EXCELLENCE"],"inLanguage":"fr-FR"},{"@type":"WebPage","@id":"https:\/\/www.organisator.ch\/operational-excellence\/2024-05-30\/monika-wieneke-wird-neue-leiterin-risk-actuarial-security\/","url":"https:\/\/www.organisator.ch\/operational-excellence\/2024-05-30\/monika-wieneke-wird-neue-leiterin-risk-actuarial-security\/","name":"Monika Wieneke devient la nouvelle responsable \"Risk, Actuarial &amp; Security\" - Organisateur","isPartOf":{"@id":"https:\/\/www.organisator.ch\/#website"},"primaryImageOfPage":{"@id":"https:\/\/www.organisator.ch\/operational-excellence\/2024-05-30\/monika-wieneke-wird-neue-leiterin-risk-actuarial-security\/#primaryimage"},"image":{"@id":"https:\/\/www.organisator.ch\/operational-excellence\/2024-05-30\/monika-wieneke-wird-neue-leiterin-risk-actuarial-security\/#primaryimage"},"thumbnailUrl":"https:\/\/www.m-q.ch\/wp-content\/uploads\/2024\/05\/monika-wieneke-cro-axa-ch_Bild1_ps.jpg","datePublished":"2024-05-30T07:51:57+00:00","dateModified":"2024-11-11T04:03:33+00:00","description":"Monika Wieneke sera la nouvelle responsable \"Risk, Actuarial &amp; Security\" chez AXA Suisse. Elle sera nomm\u00e9e en septembre.","breadcrumb":{"@id":"https:\/\/www.organisator.ch\/operational-excellence\/2024-05-30\/monika-wieneke-wird-neue-leiterin-risk-actuarial-security\/#breadcrumb"},"inLanguage":"fr-FR","potentialAction":[{"@type":"ReadAction","target":["https:\/\/www.organisator.ch\/operational-excellence\/2024-05-30\/monika-wieneke-wird-neue-leiterin-risk-actuarial-security\/"]}]},{"@type":"ImageObject","inLanguage":"fr-FR","@id":"https:\/\/www.organisator.ch\/operational-excellence\/2024-05-30\/monika-wieneke-wird-neue-leiterin-risk-actuarial-security\/#primaryimage","url":"https:\/\/www.m-q.ch\/wp-content\/uploads\/2024\/05\/monika-wieneke-cro-axa-ch_Bild1_ps.jpg","contentUrl":"https:\/\/www.m-q.ch\/wp-content\/uploads\/2024\/05\/monika-wieneke-cro-axa-ch_Bild1_ps.jpg"},{"@type":"BreadcrumbList","@id":"https:\/\/www.organisator.ch\/operational-excellence\/2024-05-30\/monika-wieneke-wird-neue-leiterin-risk-actuarial-security\/#breadcrumb","itemListElement":[{"@type":"ListItem","position":1,"name":"Home","item":"https:\/\/www.organisator.ch\/"},{"@type":"ListItem","position":2,"name":"Monika Wieneke wird neue Leiterin \u00abRisk, Actuarial &amp; Security\u00bb"}]},{"@type":"WebSite","@id":"https:\/\/www.organisator.ch\/#website","url":"https:\/\/www.organisator.ch\/","name":"Organisateur","description":"Comp\u00e9tence et comp\u00e9tence. Proches de la pratique. L'ORGANISATEUR pr\u00e9pare 10 num\u00e9ros par an sur les th\u00e8mes essentiels pour les dirigeants de PME.","publisher":{"@id":"https:\/\/www.organisator.ch\/#organization"},"potentialAction":[{"@type":"SearchAction","target":{"@type":"EntryPoint","urlTemplate":"https:\/\/www.organisator.ch\/?s={search_term_string}"},"query-input":{"@type":"PropertyValueSpecification","valueRequired":true,"valueName":"search_term_string"}}],"inLanguage":"fr-FR"},{"@type":"Organization","@id":"https:\/\/www.organisator.ch\/#organization","name":"Organisateur","url":"https:\/\/www.organisator.ch\/","logo":{"@type":"ImageObject","inLanguage":"fr-FR","@id":"https:\/\/www.organisator.ch\/#\/schema\/logo\/image\/","url":"https:\/\/www.organisator.ch\/wp-content\/uploads\/2022\/01\/Logo_Organisator_Website.png","contentUrl":"https:\/\/www.organisator.ch\/wp-content\/uploads\/2022\/01\/Logo_Organisator_Website.png","width":800,"height":77,"caption":"Organisator"},"image":{"@id":"https:\/\/www.organisator.ch\/#\/schema\/logo\/image\/"},"sameAs":["https:\/\/www.facebook.com\/OrganisatorFachmagazin","https:\/\/www.linkedin.com\/showcase\/organisator-das-magazin-fr-kmu","https:\/\/www.xing.com\/news\/pages\/organisator-ch-695","https:\/\/www.youtube.com\/channel\/UCGP2Sq0iWaZwT3BdIAQFYpw"]},{"@type":"Person","@id":"https:\/\/www.organisator.ch\/#\/schema\/person\/2e1314a2172123f874db408d8911d3f3","name":"Adelisa Kalajdzini","image":{"@type":"ImageObject","inLanguage":"fr-FR","@id":"https:\/\/secure.gravatar.com\/avatar\/09a397c22ac58cad6f160ee8306348599df9df58a8ede73696226897b9fa4b24?s=96&d=mm&r=g","url":"https:\/\/secure.gravatar.com\/avatar\/09a397c22ac58cad6f160ee8306348599df9df58a8ede73696226897b9fa4b24?s=96&d=mm&r=g","contentUrl":"https:\/\/secure.gravatar.com\/avatar\/09a397c22ac58cad6f160ee8306348599df9df58a8ede73696226897b9fa4b24?s=96&d=mm&r=g","caption":"Adelisa Kalajdzini"},"url":"https:\/\/www.organisator.ch\/fr\/author\/adelisa-kalajdzini\/"}]}},"_links":{"self":[{"href":"https:\/\/www.organisator.ch\/fr\/wp-json\/wp\/v2\/posts\/27364","targetHints":{"allow":["GET"]}}],"collection":[{"href":"https:\/\/www.organisator.ch\/fr\/wp-json\/wp\/v2\/posts"}],"about":[{"href":"https:\/\/www.organisator.ch\/fr\/wp-json\/wp\/v2\/types\/post"}],"author":[{"embeddable":true,"href":"https:\/\/www.organisator.ch\/fr\/wp-json\/wp\/v2\/users\/58"}],"replies":[{"embeddable":true,"href":"https:\/\/www.organisator.ch\/fr\/wp-json\/wp\/v2\/comments?post=27364"}],"version-history":[{"count":6,"href":"https:\/\/www.organisator.ch\/fr\/wp-json\/wp\/v2\/posts\/27364\/revisions"}],"predecessor-version":[{"id":32223,"href":"https:\/\/www.organisator.ch\/fr\/wp-json\/wp\/v2\/posts\/27364\/revisions\/32223"}],"wp:attachment":[{"href":"https:\/\/www.organisator.ch\/fr\/wp-json\/wp\/v2\/media?parent=27364"}],"wp:term":[{"taxonomy":"category","embeddable":true,"href":"https:\/\/www.organisator.ch\/fr\/wp-json\/wp\/v2\/categories?post=27364"},{"taxonomy":"post_tag","embeddable":true,"href":"https:\/\/www.organisator.ch\/fr\/wp-json\/wp\/v2\/tags?post=27364"}],"curies":[{"name":"wp","href":"https:\/\/api.w.org\/{rel}","templated":true}]}}