{"id":27417,"date":"2024-06-03T14:23:44","date_gmt":"2024-06-03T12:23:44","guid":{"rendered":"https:\/\/www.organisator.ch\/?p=27417"},"modified":"2024-06-03T13:24:07","modified_gmt":"2024-06-03T11:24:07","slug":"one-fachforum-fuer-kmu-smart-digital-business","status":"publish","type":"post","link":"https:\/\/www.organisator.ch\/fr\/management\/2024-06-03\/one-fachforum-fuer-kmu-smart-digital-business\/","title":{"rendered":"ONE Forum professionnel pour les PME - Smart Digital Business"},"content":{"rendered":"<figure id=\"attachment_27419\" aria-describedby=\"caption-attachment-27419\" style=\"width: 680px\" class=\"wp-caption alignnone\"><img loading=\"lazy\" decoding=\"async\" class=\"size-full wp-image-27419\" src=\"https:\/\/www.organisator.ch\/wp-content\/uploads\/2024\/06\/ONE-Fachforum_Bild1_ps.jpg\" alt=\"\" width=\"680\" height=\"454\" srcset=\"https:\/\/www.organisator.ch\/wp-content\/uploads\/2024\/06\/ONE-Fachforum_Bild1_ps.jpg 680w, https:\/\/www.organisator.ch\/wp-content\/uploads\/2024\/06\/ONE-Fachforum_Bild1_ps-18x12.jpg 18w, https:\/\/www.organisator.ch\/wp-content\/uploads\/2024\/06\/ONE-Fachforum_Bild1_ps-375x250.jpg 375w, https:\/\/www.organisator.ch\/wp-content\/uploads\/2024\/06\/ONE-Fachforum_Bild1_ps-524x350.jpg 524w\" sizes=\"auto, (max-width: 680px) 100vw, 680px\" \/><figcaption id=\"caption-attachment-27419\" class=\"wp-caption-text\">Le forum professionnel ONE aura lieu le 12 septembre \u00e0 Heuboden. (Image : www.topsoft.ch \/ www.flickr.com)<\/figcaption><\/figure>\n<p>Les d\u00e9fis de la num\u00e9risation et du changement num\u00e9rique n'\u00e9chappent \u00e0 aucune PME suisse. Il n'est souvent pas facile de garder une vue d'ensemble - les exp\u00e9riences des autres sont alors utiles.<\/p>\n<p>Lors de la deuxi\u00e8me \u00e9dition du forum sp\u00e9cialis\u00e9 ONE du 12 septembre 2024, les participants apprendront de la part de sp\u00e9cialistes d'entreprises suisses comment ces derni\u00e8res ont r\u00e9solu des probl\u00e8mes concrets, ouvert de nouveaux champs d'activit\u00e9 et transform\u00e9 des d\u00e9fis en opportunit\u00e9s gr\u00e2ce \u00e0 des strat\u00e9gies, des id\u00e9es et des solutions informatiques appropri\u00e9es. Des informations et du savoir-faire de PME \u00e0 PME - actuels, directs, sans d\u00e9tours.<\/p>\n<h3><strong>Un lieu inspirant <\/strong><\/h3>\n<p>Le lieu de la manifestation est unique : directement \u00e0 l'or\u00e9e de la for\u00eat et pourtant au centre, l'idyllique fenil attend les invit\u00e9s.<\/p>\n<p>La keynote intitul\u00e9e \"Au secours ! Nous avons \u00e9t\u00e9 pirat\u00e9s !\" sera consacr\u00e9e au th\u00e8me tr\u00e8s actuel de la cybers\u00e9curit\u00e9. Deux sessions seront ensuite propos\u00e9es, au cours desquelles des repr\u00e9sentants de PME suisses parleront de leurs initiatives num\u00e9riques et seront \u00e9galement disponibles pour un \u00e9change.\u00a0<\/p>\n<p>Sawsan Studer de Belimed AG raconte par exemple comment son entreprise a abord\u00e9 l'optimisation du Customer Journey. Et Urs Rindlisbacher, d'Auditrium AG, montre notamment les avantages qu'il y a \u00e0 adapter les processus au syst\u00e8me plut\u00f4t que l'inverse.<\/p>\n<p>Dans une atmosph\u00e8re stimulante, de pr\u00e9cieuses impulsions et id\u00e9es seront \u00e0 nouveau transmises pour r\u00e9ussir dans l'avenir num\u00e9rique. Par ailleurs, le r\u00e9seautage ne sera pas en reste. Ainsi, des pauses g\u00e9n\u00e9reuses permettront aux participants de prendre contact avec d'autres invit\u00e9s. L'apr\u00e8s-midi informatif se terminera par un ap\u00e9ritif et un d\u00eener.<\/p>\n<p><em>Source et informations compl\u00e9mentaires sur l'inscription : <a href=\"http:\/\/www.one-fachforum.ch\">www.one-fachforum.ch<\/a><\/em><\/p>","protected":false},"excerpt":{"rendered":"<p>Apr\u00e8s le succ\u00e8s de la premi\u00e8re \u00e9dition, les repr\u00e9sentants des PME suisses se retrouveront \u00e0 nouveau le 12 septembre 2024 au forum sp\u00e9cialis\u00e9 ONE \u00e0 Holzh\u00e4usern ZG. Des impulsions et des id\u00e9es pour le succ\u00e8s de leur entreprise dans l'avenir num\u00e9rique les attendent.<\/p>","protected":false},"author":58,"featured_media":27419,"comment_status":"closed","ping_status":"closed","sticky":false,"template":"","format":"standard","meta":{"_acf_changed":false,"_yoast_wpseo_focuskw":"ONE","_yoast_wpseo_metadesc":"Nach der erfolgreichen Premiere treffen sich Vertreterinnen und Vertreter aus Schweizer KMU am 12. September 2024 wieder am ONE Fachforum.","articlekey":"","footnotes":""},"categories":[28],"tags":[4243,286,301,334],"class_list":["post-27417","post","type-post","status-publish","format-standard","has-post-thumbnail","hentry","category-management","tag-fachforum","tag-it","tag-kmu","tag-management"],"acf":[],"yoast_head":"<!-- This site is optimized with the Yoast SEO plugin v27.4 - https:\/\/yoast.com\/product\/yoast-seo-wordpress\/ -->\n<title>ONE Fachforum f\u00fcr KMU \u2013 Smart Digital Business - Organisator<\/title>\n<meta name=\"description\" content=\"Nach der erfolgreichen Premiere treffen sich Vertreterinnen und Vertreter aus Schweizer KMU am 12. September 2024 wieder am ONE Fachforum.\" \/>\n<meta name=\"robots\" content=\"index, follow, max-snippet:-1, max-image-preview:large, max-video-preview:-1\" \/>\n<link rel=\"canonical\" href=\"https:\/\/www.organisator.ch\/fr\/gestion-2\/2024-06-03\/one-fachforum-fuer-kmu-smart-digital-business\/\" \/>\n<meta property=\"og:locale\" content=\"fr_FR\" \/>\n<meta property=\"og:type\" content=\"article\" \/>\n<meta property=\"og:title\" content=\"ONE Fachforum f\u00fcr KMU \u2013 Smart Digital Business\" \/>\n<meta property=\"og:description\" content=\"Nach der erfolgreichen Premiere treffen sich Vertreterinnen und Vertreter aus Schweizer KMU am 12. September 2024 wieder am ONE Fachforum.\" \/>\n<meta property=\"og:url\" content=\"https:\/\/www.organisator.ch\/fr\/gestion-2\/2024-06-03\/one-fachforum-fuer-kmu-smart-digital-business\/\" \/>\n<meta property=\"og:site_name\" content=\"Organisator\" \/>\n<meta property=\"article:publisher\" content=\"https:\/\/www.facebook.com\/OrganisatorFachmagazin\" \/>\n<meta property=\"article:published_time\" content=\"2024-06-03T12:23:44+00:00\" \/>\n<meta property=\"og:image\" content=\"https:\/\/www.organisator.ch\/wp-content\/uploads\/2024\/06\/ONE-Fachforum_Bild1_ps.jpg\" \/>\n\t<meta property=\"og:image:width\" content=\"680\" \/>\n\t<meta property=\"og:image:height\" content=\"454\" \/>\n\t<meta property=\"og:image:type\" content=\"image\/jpeg\" \/>\n<meta name=\"author\" content=\"Adelisa Kalajdzini\" \/>\n<meta name=\"twitter:card\" content=\"summary_large_image\" \/>\n<meta name=\"twitter:title\" content=\"ONE Fachforum f\u00fcr KMU \u2013 Smart Digital Business\" \/>\n<meta name=\"twitter:description\" content=\"Nach der erfolgreichen Premiere treffen sich Vertreterinnen und Vertreter aus #Schweizer #KMU am 12. September 2024 wieder am #ONE #Fachforum.\" \/>\n<meta name=\"twitter:image\" content=\"https:\/\/www.organisator.ch\/wp-content\/uploads\/2024\/06\/ONE-Fachforum_Bild1_ps.jpg\" \/>\n<script type=\"application\/ld+json\" class=\"yoast-schema-graph\">{\"@context\":\"https:\\\/\\\/schema.org\",\"@graph\":[{\"@type\":\"Article\",\"@id\":\"https:\\\/\\\/www.organisator.ch\\\/management\\\/2024-06-03\\\/one-fachforum-fuer-kmu-smart-digital-business\\\/#article\",\"isPartOf\":{\"@id\":\"https:\\\/\\\/www.organisator.ch\\\/management\\\/2024-06-03\\\/one-fachforum-fuer-kmu-smart-digital-business\\\/\"},\"author\":{\"name\":\"Adelisa Kalajdzini\",\"@id\":\"https:\\\/\\\/www.organisator.ch\\\/#\\\/schema\\\/person\\\/2e1314a2172123f874db408d8911d3f3\"},\"headline\":\"ONE Fachforum f\u00fcr KMU \u2013 Smart Digital Business\",\"datePublished\":\"2024-06-03T12:23:44+00:00\",\"mainEntityOfPage\":{\"@id\":\"https:\\\/\\\/www.organisator.ch\\\/management\\\/2024-06-03\\\/one-fachforum-fuer-kmu-smart-digital-business\\\/\"},\"wordCount\":290,\"publisher\":{\"@id\":\"https:\\\/\\\/www.organisator.ch\\\/#organization\"},\"image\":{\"@id\":\"https:\\\/\\\/www.organisator.ch\\\/management\\\/2024-06-03\\\/one-fachforum-fuer-kmu-smart-digital-business\\\/#primaryimage\"},\"thumbnailUrl\":\"https:\\\/\\\/www.organisator.ch\\\/wp-content\\\/uploads\\\/2024\\\/06\\\/ONE-Fachforum_Bild1_ps.jpg\",\"keywords\":[\"Fachforum\",\"IT\",\"KMU\",\"Management\"],\"articleSection\":[\"MANAGEMENT\"],\"inLanguage\":\"fr-FR\"},{\"@type\":\"WebPage\",\"@id\":\"https:\\\/\\\/www.organisator.ch\\\/management\\\/2024-06-03\\\/one-fachforum-fuer-kmu-smart-digital-business\\\/\",\"url\":\"https:\\\/\\\/www.organisator.ch\\\/management\\\/2024-06-03\\\/one-fachforum-fuer-kmu-smart-digital-business\\\/\",\"name\":\"ONE Fachforum f\u00fcr KMU \u2013 Smart Digital Business - Organisator\",\"isPartOf\":{\"@id\":\"https:\\\/\\\/www.organisator.ch\\\/#website\"},\"primaryImageOfPage\":{\"@id\":\"https:\\\/\\\/www.organisator.ch\\\/management\\\/2024-06-03\\\/one-fachforum-fuer-kmu-smart-digital-business\\\/#primaryimage\"},\"image\":{\"@id\":\"https:\\\/\\\/www.organisator.ch\\\/management\\\/2024-06-03\\\/one-fachforum-fuer-kmu-smart-digital-business\\\/#primaryimage\"},\"thumbnailUrl\":\"https:\\\/\\\/www.organisator.ch\\\/wp-content\\\/uploads\\\/2024\\\/06\\\/ONE-Fachforum_Bild1_ps.jpg\",\"datePublished\":\"2024-06-03T12:23:44+00:00\",\"description\":\"Nach der erfolgreichen Premiere treffen sich Vertreterinnen und Vertreter aus Schweizer KMU am 12. September 2024 wieder am ONE Fachforum.\",\"breadcrumb\":{\"@id\":\"https:\\\/\\\/www.organisator.ch\\\/management\\\/2024-06-03\\\/one-fachforum-fuer-kmu-smart-digital-business\\\/#breadcrumb\"},\"inLanguage\":\"fr-FR\",\"potentialAction\":[{\"@type\":\"ReadAction\",\"target\":[\"https:\\\/\\\/www.organisator.ch\\\/management\\\/2024-06-03\\\/one-fachforum-fuer-kmu-smart-digital-business\\\/\"]}]},{\"@type\":\"ImageObject\",\"inLanguage\":\"fr-FR\",\"@id\":\"https:\\\/\\\/www.organisator.ch\\\/management\\\/2024-06-03\\\/one-fachforum-fuer-kmu-smart-digital-business\\\/#primaryimage\",\"url\":\"https:\\\/\\\/www.organisator.ch\\\/wp-content\\\/uploads\\\/2024\\\/06\\\/ONE-Fachforum_Bild1_ps.jpg\",\"contentUrl\":\"https:\\\/\\\/www.organisator.ch\\\/wp-content\\\/uploads\\\/2024\\\/06\\\/ONE-Fachforum_Bild1_ps.jpg\",\"width\":680,\"height\":454,\"caption\":\"Das ONE Fachforum findet am 12. September in Heuboden statt. (Bild: www.topsoft.ch \\\/ www.flickr.com)\"},{\"@type\":\"BreadcrumbList\",\"@id\":\"https:\\\/\\\/www.organisator.ch\\\/management\\\/2024-06-03\\\/one-fachforum-fuer-kmu-smart-digital-business\\\/#breadcrumb\",\"itemListElement\":[{\"@type\":\"ListItem\",\"position\":1,\"name\":\"Home\",\"item\":\"https:\\\/\\\/www.organisator.ch\\\/\"},{\"@type\":\"ListItem\",\"position\":2,\"name\":\"ONE Fachforum f\u00fcr KMU \u2013 Smart Digital Business\"}]},{\"@type\":\"WebSite\",\"@id\":\"https:\\\/\\\/www.organisator.ch\\\/#website\",\"url\":\"https:\\\/\\\/www.organisator.ch\\\/\",\"name\":\"Organisator\",\"description\":\"Kompetent. Praxisnah. Der ORGANISATOR bereitet in 10 Ausgaben pro Jahr die wesentlichen Themen f\u00fcr F\u00fchrungskr\u00e4fte von KMU auf.\",\"publisher\":{\"@id\":\"https:\\\/\\\/www.organisator.ch\\\/#organization\"},\"potentialAction\":[{\"@type\":\"SearchAction\",\"target\":{\"@type\":\"EntryPoint\",\"urlTemplate\":\"https:\\\/\\\/www.organisator.ch\\\/?s={search_term_string}\"},\"query-input\":{\"@type\":\"PropertyValueSpecification\",\"valueRequired\":true,\"valueName\":\"search_term_string\"}}],\"inLanguage\":\"fr-FR\"},{\"@type\":\"Organization\",\"@id\":\"https:\\\/\\\/www.organisator.ch\\\/#organization\",\"name\":\"Organisator\",\"url\":\"https:\\\/\\\/www.organisator.ch\\\/\",\"logo\":{\"@type\":\"ImageObject\",\"inLanguage\":\"fr-FR\",\"@id\":\"https:\\\/\\\/www.organisator.ch\\\/#\\\/schema\\\/logo\\\/image\\\/\",\"url\":\"https:\\\/\\\/www.organisator.ch\\\/wp-content\\\/uploads\\\/2022\\\/01\\\/Logo_Organisator_Website.png\",\"contentUrl\":\"https:\\\/\\\/www.organisator.ch\\\/wp-content\\\/uploads\\\/2022\\\/01\\\/Logo_Organisator_Website.png\",\"width\":800,\"height\":77,\"caption\":\"Organisator\"},\"image\":{\"@id\":\"https:\\\/\\\/www.organisator.ch\\\/#\\\/schema\\\/logo\\\/image\\\/\"},\"sameAs\":[\"https:\\\/\\\/www.facebook.com\\\/OrganisatorFachmagazin\",\"https:\\\/\\\/www.linkedin.com\\\/showcase\\\/organisator-das-magazin-fr-kmu\",\"https:\\\/\\\/www.xing.com\\\/news\\\/pages\\\/organisator-ch-695\",\"https:\\\/\\\/www.youtube.com\\\/channel\\\/UCGP2Sq0iWaZwT3BdIAQFYpw\"]},{\"@type\":\"Person\",\"@id\":\"https:\\\/\\\/www.organisator.ch\\\/#\\\/schema\\\/person\\\/2e1314a2172123f874db408d8911d3f3\",\"name\":\"Adelisa Kalajdzini\",\"image\":{\"@type\":\"ImageObject\",\"inLanguage\":\"fr-FR\",\"@id\":\"https:\\\/\\\/secure.gravatar.com\\\/avatar\\\/09a397c22ac58cad6f160ee8306348599df9df58a8ede73696226897b9fa4b24?s=96&d=mm&r=g\",\"url\":\"https:\\\/\\\/secure.gravatar.com\\\/avatar\\\/09a397c22ac58cad6f160ee8306348599df9df58a8ede73696226897b9fa4b24?s=96&d=mm&r=g\",\"contentUrl\":\"https:\\\/\\\/secure.gravatar.com\\\/avatar\\\/09a397c22ac58cad6f160ee8306348599df9df58a8ede73696226897b9fa4b24?s=96&d=mm&r=g\",\"caption\":\"Adelisa Kalajdzini\"},\"url\":\"https:\\\/\\\/www.organisator.ch\\\/fr\\\/author\\\/adelisa-kalajdzini\\\/\"}]}<\/script>\n<!-- \/ Yoast SEO plugin. -->","yoast_head_json":{"title":"ONE Forum professionnel pour les PME - Smart Digital Business - Organisateur","description":"Apr\u00e8s le succ\u00e8s de la premi\u00e8re \u00e9dition, les repr\u00e9sentants des PME suisses se retrouveront \u00e0 nouveau le 12 septembre 2024 pour le forum professionnel ONE.","robots":{"index":"index","follow":"follow","max-snippet":"max-snippet:-1","max-image-preview":"max-image-preview:large","max-video-preview":"max-video-preview:-1"},"canonical":"https:\/\/www.organisator.ch\/fr\/gestion-2\/2024-06-03\/one-fachforum-fuer-kmu-smart-digital-business\/","og_locale":"fr_FR","og_type":"article","og_title":"ONE Fachforum f\u00fcr KMU \u2013 Smart Digital Business","og_description":"Nach der erfolgreichen Premiere treffen sich Vertreterinnen und Vertreter aus Schweizer KMU am 12. September 2024 wieder am ONE Fachforum.","og_url":"https:\/\/www.organisator.ch\/fr\/gestion-2\/2024-06-03\/one-fachforum-fuer-kmu-smart-digital-business\/","og_site_name":"Organisator","article_publisher":"https:\/\/www.facebook.com\/OrganisatorFachmagazin","article_published_time":"2024-06-03T12:23:44+00:00","og_image":[{"width":680,"height":454,"url":"https:\/\/www.organisator.ch\/wp-content\/uploads\/2024\/06\/ONE-Fachforum_Bild1_ps.jpg","type":"image\/jpeg"}],"author":"Adelisa Kalajdzini","twitter_card":"summary_large_image","twitter_title":"ONE Fachforum f\u00fcr KMU \u2013 Smart Digital Business","twitter_description":"Nach der erfolgreichen Premiere treffen sich Vertreterinnen und Vertreter aus #Schweizer #KMU am 12. September 2024 wieder am #ONE #Fachforum.","twitter_image":"https:\/\/www.organisator.ch\/wp-content\/uploads\/2024\/06\/ONE-Fachforum_Bild1_ps.jpg","schema":{"@context":"https:\/\/schema.org","@graph":[{"@type":"Article","@id":"https:\/\/www.organisator.ch\/management\/2024-06-03\/one-fachforum-fuer-kmu-smart-digital-business\/#article","isPartOf":{"@id":"https:\/\/www.organisator.ch\/management\/2024-06-03\/one-fachforum-fuer-kmu-smart-digital-business\/"},"author":{"name":"Adelisa Kalajdzini","@id":"https:\/\/www.organisator.ch\/#\/schema\/person\/2e1314a2172123f874db408d8911d3f3"},"headline":"ONE Fachforum f\u00fcr KMU \u2013 Smart Digital Business","datePublished":"2024-06-03T12:23:44+00:00","mainEntityOfPage":{"@id":"https:\/\/www.organisator.ch\/management\/2024-06-03\/one-fachforum-fuer-kmu-smart-digital-business\/"},"wordCount":290,"publisher":{"@id":"https:\/\/www.organisator.ch\/#organization"},"image":{"@id":"https:\/\/www.organisator.ch\/management\/2024-06-03\/one-fachforum-fuer-kmu-smart-digital-business\/#primaryimage"},"thumbnailUrl":"https:\/\/www.organisator.ch\/wp-content\/uploads\/2024\/06\/ONE-Fachforum_Bild1_ps.jpg","keywords":["Fachforum","IT","KMU","Management"],"articleSection":["MANAGEMENT"],"inLanguage":"fr-FR"},{"@type":"WebPage","@id":"https:\/\/www.organisator.ch\/management\/2024-06-03\/one-fachforum-fuer-kmu-smart-digital-business\/","url":"https:\/\/www.organisator.ch\/management\/2024-06-03\/one-fachforum-fuer-kmu-smart-digital-business\/","name":"ONE Forum professionnel pour les PME - Smart Digital Business - Organisateur","isPartOf":{"@id":"https:\/\/www.organisator.ch\/#website"},"primaryImageOfPage":{"@id":"https:\/\/www.organisator.ch\/management\/2024-06-03\/one-fachforum-fuer-kmu-smart-digital-business\/#primaryimage"},"image":{"@id":"https:\/\/www.organisator.ch\/management\/2024-06-03\/one-fachforum-fuer-kmu-smart-digital-business\/#primaryimage"},"thumbnailUrl":"https:\/\/www.organisator.ch\/wp-content\/uploads\/2024\/06\/ONE-Fachforum_Bild1_ps.jpg","datePublished":"2024-06-03T12:23:44+00:00","description":"Apr\u00e8s le succ\u00e8s de la premi\u00e8re \u00e9dition, les repr\u00e9sentants des PME suisses se retrouveront \u00e0 nouveau le 12 septembre 2024 pour le forum professionnel ONE.","breadcrumb":{"@id":"https:\/\/www.organisator.ch\/management\/2024-06-03\/one-fachforum-fuer-kmu-smart-digital-business\/#breadcrumb"},"inLanguage":"fr-FR","potentialAction":[{"@type":"ReadAction","target":["https:\/\/www.organisator.ch\/management\/2024-06-03\/one-fachforum-fuer-kmu-smart-digital-business\/"]}]},{"@type":"ImageObject","inLanguage":"fr-FR","@id":"https:\/\/www.organisator.ch\/management\/2024-06-03\/one-fachforum-fuer-kmu-smart-digital-business\/#primaryimage","url":"https:\/\/www.organisator.ch\/wp-content\/uploads\/2024\/06\/ONE-Fachforum_Bild1_ps.jpg","contentUrl":"https:\/\/www.organisator.ch\/wp-content\/uploads\/2024\/06\/ONE-Fachforum_Bild1_ps.jpg","width":680,"height":454,"caption":"Das ONE Fachforum findet am 12. September in Heuboden statt. (Bild: www.topsoft.ch \/ www.flickr.com)"},{"@type":"BreadcrumbList","@id":"https:\/\/www.organisator.ch\/management\/2024-06-03\/one-fachforum-fuer-kmu-smart-digital-business\/#breadcrumb","itemListElement":[{"@type":"ListItem","position":1,"name":"Home","item":"https:\/\/www.organisator.ch\/"},{"@type":"ListItem","position":2,"name":"ONE Fachforum f\u00fcr KMU \u2013 Smart Digital Business"}]},{"@type":"WebSite","@id":"https:\/\/www.organisator.ch\/#website","url":"https:\/\/www.organisator.ch\/","name":"Organisateur","description":"Comp\u00e9tence et comp\u00e9tence. Proches de la pratique. L'ORGANISATEUR pr\u00e9pare 10 num\u00e9ros par an sur les th\u00e8mes essentiels pour les dirigeants de PME.","publisher":{"@id":"https:\/\/www.organisator.ch\/#organization"},"potentialAction":[{"@type":"SearchAction","target":{"@type":"EntryPoint","urlTemplate":"https:\/\/www.organisator.ch\/?s={search_term_string}"},"query-input":{"@type":"PropertyValueSpecification","valueRequired":true,"valueName":"search_term_string"}}],"inLanguage":"fr-FR"},{"@type":"Organization","@id":"https:\/\/www.organisator.ch\/#organization","name":"Organisateur","url":"https:\/\/www.organisator.ch\/","logo":{"@type":"ImageObject","inLanguage":"fr-FR","@id":"https:\/\/www.organisator.ch\/#\/schema\/logo\/image\/","url":"https:\/\/www.organisator.ch\/wp-content\/uploads\/2022\/01\/Logo_Organisator_Website.png","contentUrl":"https:\/\/www.organisator.ch\/wp-content\/uploads\/2022\/01\/Logo_Organisator_Website.png","width":800,"height":77,"caption":"Organisator"},"image":{"@id":"https:\/\/www.organisator.ch\/#\/schema\/logo\/image\/"},"sameAs":["https:\/\/www.facebook.com\/OrganisatorFachmagazin","https:\/\/www.linkedin.com\/showcase\/organisator-das-magazin-fr-kmu","https:\/\/www.xing.com\/news\/pages\/organisator-ch-695","https:\/\/www.youtube.com\/channel\/UCGP2Sq0iWaZwT3BdIAQFYpw"]},{"@type":"Person","@id":"https:\/\/www.organisator.ch\/#\/schema\/person\/2e1314a2172123f874db408d8911d3f3","name":"Adelisa Kalajdzini","image":{"@type":"ImageObject","inLanguage":"fr-FR","@id":"https:\/\/secure.gravatar.com\/avatar\/09a397c22ac58cad6f160ee8306348599df9df58a8ede73696226897b9fa4b24?s=96&d=mm&r=g","url":"https:\/\/secure.gravatar.com\/avatar\/09a397c22ac58cad6f160ee8306348599df9df58a8ede73696226897b9fa4b24?s=96&d=mm&r=g","contentUrl":"https:\/\/secure.gravatar.com\/avatar\/09a397c22ac58cad6f160ee8306348599df9df58a8ede73696226897b9fa4b24?s=96&d=mm&r=g","caption":"Adelisa Kalajdzini"},"url":"https:\/\/www.organisator.ch\/fr\/author\/adelisa-kalajdzini\/"}]}},"_links":{"self":[{"href":"https:\/\/www.organisator.ch\/fr\/wp-json\/wp\/v2\/posts\/27417","targetHints":{"allow":["GET"]}}],"collection":[{"href":"https:\/\/www.organisator.ch\/fr\/wp-json\/wp\/v2\/posts"}],"about":[{"href":"https:\/\/www.organisator.ch\/fr\/wp-json\/wp\/v2\/types\/post"}],"author":[{"embeddable":true,"href":"https:\/\/www.organisator.ch\/fr\/wp-json\/wp\/v2\/users\/58"}],"replies":[{"embeddable":true,"href":"https:\/\/www.organisator.ch\/fr\/wp-json\/wp\/v2\/comments?post=27417"}],"version-history":[{"count":3,"href":"https:\/\/www.organisator.ch\/fr\/wp-json\/wp\/v2\/posts\/27417\/revisions"}],"predecessor-version":[{"id":27430,"href":"https:\/\/www.organisator.ch\/fr\/wp-json\/wp\/v2\/posts\/27417\/revisions\/27430"}],"wp:featuredmedia":[{"embeddable":true,"href":"https:\/\/www.organisator.ch\/fr\/wp-json\/wp\/v2\/media\/27419"}],"wp:attachment":[{"href":"https:\/\/www.organisator.ch\/fr\/wp-json\/wp\/v2\/media?parent=27417"}],"wp:term":[{"taxonomy":"category","embeddable":true,"href":"https:\/\/www.organisator.ch\/fr\/wp-json\/wp\/v2\/categories?post=27417"},{"taxonomy":"post_tag","embeddable":true,"href":"https:\/\/www.organisator.ch\/fr\/wp-json\/wp\/v2\/tags?post=27417"}],"curies":[{"name":"wp","href":"https:\/\/api.w.org\/{rel}","templated":true}]}}