{"id":27426,"date":"2024-06-03T14:49:03","date_gmt":"2024-06-03T12:49:03","guid":{"rendered":"https:\/\/www.werbewoche.ch\/?p=215975"},"modified":"2024-11-11T04:51:44","modified_gmt":"2024-11-11T03:51:44","slug":"scholtysik-bewegtes-logo-und-neuer-autritt-fuer-das-psi","status":"publish","type":"post","link":"https:\/\/www.organisator.ch\/fr\/marketing\/2024-06-03\/scholtysik-bewegtes-logo-und-neuer-autritt-fuer-das-psi\/","title":{"rendered":"Scholtysik : Un logo qui bouge et une nouvelle identit\u00e9 visuelle pour l'ISP"},"content":{"rendered":"<p><img class=\"alignnone wp-image-215979 size-full\" src=\"https:\/\/www.werbewoche.ch\/wp-content\/uploads\/2024\/06\/PSI3.jpg\" alt=\"Nouvelle pr\u00e9sentation de la marque PSI \" width=\"1200\" height=\"800\" \/>Avec 2300 collaborateurs et quelque 3000 chercheurs invit\u00e9s, le PSI est le plus grand institut de recherche en sciences naturelles et en ing\u00e9nierie de Suisse. Il exploite les grandes installations de recherche suisses bas\u00e9es sur les acc\u00e9l\u00e9rateurs de particules, qui sont uniques au monde dans cette combinaison. Le PSI fait partie du domaine des EPF et m\u00e8ne des recherches dans les domaines des technologies d'avenir, de l'\u00e9nergie et du climat, de l'innovation en mati\u00e8re de sant\u00e9 et des principes fondamentaux de la nature.<\/p>\r\n<h3>Marque anim\u00e9e et design variable<\/h3>\r\n<p>L'institut a d\u00e9sormais une nouvelle image. Scholtysik a d\u00e9velopp\u00e9 pour cela un logo dynamique qui se forme en permanence \u00e0 partir de particules minuscules. Les formes qui en r\u00e9sultent s'inspirent des multiples recherches men\u00e9es au PSI, comme la technologie quantique, la diffusion des neutrons, le repliement des prot\u00e9ines ou la chimie atmosph\u00e9rique.  Les couleurs spectrales, qui apparaissent souvent dans les proc\u00e9d\u00e9s d'imagerie du PSI, doivent illustrer l'\u00e9tendue et la fascination de la recherche au PSI. Le nouveau logo est enregistr\u00e9 au registre suisse des marques aussi bien en tant que marque anim\u00e9e qu'en quatre \u00e9tats statiques.<\/p>\r\n<p><\/p>\r\n<h3>Sous-marques pour les centres PSI<\/h3>\r\n<p>Les diff\u00e9rents domaines de recherche seront d\u00e9sormais g\u00e9r\u00e9s comme des PSI Centers avec leurs propres sous-marques. Ils seront ainsi plus visibles dans le monde entier au sein de leurs communaut\u00e9s de recherche respectives et contribueront \u00e0 attirer les meilleurs cerveaux en Suisse et \u00e0 augmenter la force d'innovation de la place \u00e9conomique.<\/p>\r\n<p><img class=\"alignnone size-full wp-image-215978\" src=\"https:\/\/www.werbewoche.ch\/wp-content\/uploads\/2024\/06\/PSI2.jpg\" alt=\"\" width=\"1200\" height=\"800\" \/><\/p>\r\n<h3>Site web centr\u00e9 sur l'utilisateur<\/h3>\r\n<p>Scholtysik d\u00e9veloppe le nouveau site web sur la base des objectifs de l'institut, d'une recherche cibl\u00e9e sur les utilisateurs et d'un test de prototype en deux \u00e9tapes. La nouvelle conception de l'interface utilisateur bas\u00e9e sur des composants permet un contenu plus riche et plus flexible, garantit un acc\u00e8s sans barri\u00e8res et am\u00e9liore la lisibilit\u00e9 et la vue d'ensemble.<\/p>\r\n<p><img class=\"alignnone size-full wp-image-215977\" src=\"https:\/\/www.werbewoche.ch\/wp-content\/uploads\/2024\/06\/PSI1.jpg\" alt=\"\" width=\"1200\" height=\"800\" \/><\/p>\r\n<p><\/p>","protected":false},"excerpt":{"rendered":"<p>L'Institut Paul Scherrer se dote d'une image moderne qui doit transmettre une recherche internationale de pointe et permettre une communication efficace \u00e0 l'\u00e8re du num\u00e9rique. Scholtysik est responsable de la strat\u00e9gie de marque, de la conception UX, du design et de la r\u00e9alisation, du web et de la vid\u00e9o \u00e0 la signal\u00e9tique et aux \u00e9v\u00e9nements.<\/p>","protected":false},"author":8,"featured_media":0,"comment_status":"closed","ping_status":"closed","sticky":false,"template":"","format":"standard","meta":{"_acf_changed":false,"_yoast_wpseo_focuskw":"PSI neuer Markenauftritt","_yoast_wpseo_metadesc":"PSI pr\u00e4sentiert neuen Markenauftritt: Dynamisches Logo und Submarken f\u00fcr Forschungsbereiche. Nutzerzentrierte Website.","articlekey":"","footnotes":""},"categories":[29],"tags":[2617,4244,3675],"class_list":["post-27426","post","type-post","status-publish","format-standard","hentry","category-marketing","tag-marken","tag-paul-scherrer","tag-scholtysik"],"acf":[],"yoast_head":"<!-- This site is optimized with the Yoast SEO plugin v27.5 - https:\/\/yoast.com\/product\/yoast-seo-wordpress\/ -->\n<title>Scholtysik: Bewegtes Logo und neuer Autritt f\u00fcr das PSI - Organisator<\/title>\n<meta name=\"description\" content=\"PSI pr\u00e4sentiert neuen Markenauftritt: Dynamisches Logo und Submarken f\u00fcr Forschungsbereiche. Nutzerzentrierte Website.\" \/>\n<meta name=\"robots\" content=\"index, follow, max-snippet:-1, max-image-preview:large, max-video-preview:-1\" \/>\n<link rel=\"canonical\" href=\"https:\/\/www.organisator.ch\/fr\/marketing\/2024-06-03\/scholtysik-bewegtes-logo-und-neuer-autritt-fuer-das-psi\/\" \/>\n<meta property=\"og:locale\" content=\"fr_FR\" \/>\n<meta property=\"og:type\" content=\"article\" \/>\n<meta property=\"og:title\" content=\"Scholtysik: Bewegtes Logo und neuer Autritt f\u00fcr das PSI - Organisator\" \/>\n<meta property=\"og:description\" content=\"PSI pr\u00e4sentiert neuen Markenauftritt: Dynamisches Logo und Submarken f\u00fcr Forschungsbereiche. Nutzerzentrierte Website.\" \/>\n<meta property=\"og:url\" content=\"https:\/\/www.organisator.ch\/fr\/marketing\/2024-06-03\/scholtysik-bewegtes-logo-und-neuer-autritt-fuer-das-psi\/\" \/>\n<meta property=\"og:site_name\" content=\"Organisator\" \/>\n<meta property=\"article:publisher\" content=\"https:\/\/www.facebook.com\/OrganisatorFachmagazin\" \/>\n<meta property=\"article:published_time\" content=\"2024-06-03T12:49:03+00:00\" \/>\n<meta property=\"article:modified_time\" content=\"2024-11-11T03:51:44+00:00\" \/>\n<meta property=\"og:image\" content=\"https:\/\/www.werbewoche.ch\/wp-content\/uploads\/2024\/06\/PSI3.jpg\" \/>\n<meta name=\"author\" content=\"galledia\" \/>\n<meta name=\"twitter:card\" content=\"summary_large_image\" \/>\n<meta name=\"twitter:creator\" content=\"@admin\" \/>\n<script type=\"application\/ld+json\" class=\"yoast-schema-graph\">{\"@context\":\"https:\\\/\\\/schema.org\",\"@graph\":[{\"@type\":\"Article\",\"@id\":\"https:\\\/\\\/www.organisator.ch\\\/marketing\\\/2024-06-03\\\/scholtysik-bewegtes-logo-und-neuer-autritt-fuer-das-psi\\\/#article\",\"isPartOf\":{\"@id\":\"https:\\\/\\\/www.organisator.ch\\\/marketing\\\/2024-06-03\\\/scholtysik-bewegtes-logo-und-neuer-autritt-fuer-das-psi\\\/\"},\"author\":{\"name\":\"galledia\",\"@id\":\"https:\\\/\\\/www.organisator.ch\\\/#\\\/schema\\\/person\\\/4e51799071cd2dd1232ac003643ef5f0\"},\"headline\":\"Scholtysik: Bewegtes Logo und neuer Autritt f\u00fcr das PSI\",\"datePublished\":\"2024-06-03T12:49:03+00:00\",\"dateModified\":\"2024-11-11T03:51:44+00:00\",\"mainEntityOfPage\":{\"@id\":\"https:\\\/\\\/www.organisator.ch\\\/marketing\\\/2024-06-03\\\/scholtysik-bewegtes-logo-und-neuer-autritt-fuer-das-psi\\\/\"},\"wordCount\":239,\"publisher\":{\"@id\":\"https:\\\/\\\/www.organisator.ch\\\/#organization\"},\"image\":{\"@id\":\"https:\\\/\\\/www.organisator.ch\\\/marketing\\\/2024-06-03\\\/scholtysik-bewegtes-logo-und-neuer-autritt-fuer-das-psi\\\/#primaryimage\"},\"thumbnailUrl\":\"https:\\\/\\\/www.werbewoche.ch\\\/wp-content\\\/uploads\\\/2024\\\/06\\\/PSI3.jpg\",\"keywords\":[\"Marken\",\"paul scherrer\",\"Scholtysik\"],\"articleSection\":[\"MARKETING\"],\"inLanguage\":\"fr-FR\"},{\"@type\":\"WebPage\",\"@id\":\"https:\\\/\\\/www.organisator.ch\\\/marketing\\\/2024-06-03\\\/scholtysik-bewegtes-logo-und-neuer-autritt-fuer-das-psi\\\/\",\"url\":\"https:\\\/\\\/www.organisator.ch\\\/marketing\\\/2024-06-03\\\/scholtysik-bewegtes-logo-und-neuer-autritt-fuer-das-psi\\\/\",\"name\":\"Scholtysik: Bewegtes Logo und neuer Autritt f\u00fcr das PSI - Organisator\",\"isPartOf\":{\"@id\":\"https:\\\/\\\/www.organisator.ch\\\/#website\"},\"primaryImageOfPage\":{\"@id\":\"https:\\\/\\\/www.organisator.ch\\\/marketing\\\/2024-06-03\\\/scholtysik-bewegtes-logo-und-neuer-autritt-fuer-das-psi\\\/#primaryimage\"},\"image\":{\"@id\":\"https:\\\/\\\/www.organisator.ch\\\/marketing\\\/2024-06-03\\\/scholtysik-bewegtes-logo-und-neuer-autritt-fuer-das-psi\\\/#primaryimage\"},\"thumbnailUrl\":\"https:\\\/\\\/www.werbewoche.ch\\\/wp-content\\\/uploads\\\/2024\\\/06\\\/PSI3.jpg\",\"datePublished\":\"2024-06-03T12:49:03+00:00\",\"dateModified\":\"2024-11-11T03:51:44+00:00\",\"description\":\"PSI pr\u00e4sentiert neuen Markenauftritt: Dynamisches Logo und Submarken f\u00fcr Forschungsbereiche. Nutzerzentrierte Website.\",\"breadcrumb\":{\"@id\":\"https:\\\/\\\/www.organisator.ch\\\/marketing\\\/2024-06-03\\\/scholtysik-bewegtes-logo-und-neuer-autritt-fuer-das-psi\\\/#breadcrumb\"},\"inLanguage\":\"fr-FR\",\"potentialAction\":[{\"@type\":\"ReadAction\",\"target\":[\"https:\\\/\\\/www.organisator.ch\\\/marketing\\\/2024-06-03\\\/scholtysik-bewegtes-logo-und-neuer-autritt-fuer-das-psi\\\/\"]}]},{\"@type\":\"ImageObject\",\"inLanguage\":\"fr-FR\",\"@id\":\"https:\\\/\\\/www.organisator.ch\\\/marketing\\\/2024-06-03\\\/scholtysik-bewegtes-logo-und-neuer-autritt-fuer-das-psi\\\/#primaryimage\",\"url\":\"https:\\\/\\\/www.werbewoche.ch\\\/wp-content\\\/uploads\\\/2024\\\/06\\\/PSI3.jpg\",\"contentUrl\":\"https:\\\/\\\/www.werbewoche.ch\\\/wp-content\\\/uploads\\\/2024\\\/06\\\/PSI3.jpg\"},{\"@type\":\"BreadcrumbList\",\"@id\":\"https:\\\/\\\/www.organisator.ch\\\/marketing\\\/2024-06-03\\\/scholtysik-bewegtes-logo-und-neuer-autritt-fuer-das-psi\\\/#breadcrumb\",\"itemListElement\":[{\"@type\":\"ListItem\",\"position\":1,\"name\":\"Home\",\"item\":\"https:\\\/\\\/www.organisator.ch\\\/\"},{\"@type\":\"ListItem\",\"position\":2,\"name\":\"Scholtysik: Bewegtes Logo und neuer Autritt f\u00fcr das PSI\"}]},{\"@type\":\"WebSite\",\"@id\":\"https:\\\/\\\/www.organisator.ch\\\/#website\",\"url\":\"https:\\\/\\\/www.organisator.ch\\\/\",\"name\":\"Organisator\",\"description\":\"Kompetent. Praxisnah. Der ORGANISATOR bereitet in 10 Ausgaben pro Jahr die wesentlichen Themen f\u00fcr F\u00fchrungskr\u00e4fte von KMU auf.\",\"publisher\":{\"@id\":\"https:\\\/\\\/www.organisator.ch\\\/#organization\"},\"potentialAction\":[{\"@type\":\"SearchAction\",\"target\":{\"@type\":\"EntryPoint\",\"urlTemplate\":\"https:\\\/\\\/www.organisator.ch\\\/?s={search_term_string}\"},\"query-input\":{\"@type\":\"PropertyValueSpecification\",\"valueRequired\":true,\"valueName\":\"search_term_string\"}}],\"inLanguage\":\"fr-FR\"},{\"@type\":\"Organization\",\"@id\":\"https:\\\/\\\/www.organisator.ch\\\/#organization\",\"name\":\"Organisator\",\"url\":\"https:\\\/\\\/www.organisator.ch\\\/\",\"logo\":{\"@type\":\"ImageObject\",\"inLanguage\":\"fr-FR\",\"@id\":\"https:\\\/\\\/www.organisator.ch\\\/#\\\/schema\\\/logo\\\/image\\\/\",\"url\":\"https:\\\/\\\/www.organisator.ch\\\/wp-content\\\/uploads\\\/2022\\\/01\\\/Logo_Organisator_Website.png\",\"contentUrl\":\"https:\\\/\\\/www.organisator.ch\\\/wp-content\\\/uploads\\\/2022\\\/01\\\/Logo_Organisator_Website.png\",\"width\":800,\"height\":77,\"caption\":\"Organisator\"},\"image\":{\"@id\":\"https:\\\/\\\/www.organisator.ch\\\/#\\\/schema\\\/logo\\\/image\\\/\"},\"sameAs\":[\"https:\\\/\\\/www.facebook.com\\\/OrganisatorFachmagazin\",\"https:\\\/\\\/www.linkedin.com\\\/showcase\\\/organisator-das-magazin-fr-kmu\",\"https:\\\/\\\/www.xing.com\\\/news\\\/pages\\\/organisator-ch-695\",\"https:\\\/\\\/www.youtube.com\\\/channel\\\/UCGP2Sq0iWaZwT3BdIAQFYpw\"]},{\"@type\":\"Person\",\"@id\":\"https:\\\/\\\/www.organisator.ch\\\/#\\\/schema\\\/person\\\/4e51799071cd2dd1232ac003643ef5f0\",\"name\":\"galledia\",\"image\":{\"@type\":\"ImageObject\",\"inLanguage\":\"fr-FR\",\"@id\":\"https:\\\/\\\/secure.gravatar.com\\\/avatar\\\/78a7f90c01fc2bfc875782a0d4922b37cde2cf184ce347b91316d23cd7f69a36?s=96&d=mm&r=g\",\"url\":\"https:\\\/\\\/secure.gravatar.com\\\/avatar\\\/78a7f90c01fc2bfc875782a0d4922b37cde2cf184ce347b91316d23cd7f69a36?s=96&d=mm&r=g\",\"contentUrl\":\"https:\\\/\\\/secure.gravatar.com\\\/avatar\\\/78a7f90c01fc2bfc875782a0d4922b37cde2cf184ce347b91316d23cd7f69a36?s=96&d=mm&r=g\",\"caption\":\"galledia\"},\"sameAs\":[\"https:\\\/\\\/x.com\\\/admin\"],\"url\":\"https:\\\/\\\/www.organisator.ch\\\/fr\\\/author\\\/galledia\\\/\"}]}<\/script>\n<!-- \/ Yoast SEO plugin. -->","yoast_head_json":{"title":"Scholtysik : Logo en mouvement et nouvelle identit\u00e9 visuelle pour le PSI - Organisateur","description":"PSI pr\u00e9sente sa nouvelle image de marque : un logo dynamique et des sous-marques pour les domaines de recherche. Un site web centr\u00e9 sur l'utilisateur.","robots":{"index":"index","follow":"follow","max-snippet":"max-snippet:-1","max-image-preview":"max-image-preview:large","max-video-preview":"max-video-preview:-1"},"canonical":"https:\/\/www.organisator.ch\/fr\/marketing\/2024-06-03\/scholtysik-bewegtes-logo-und-neuer-autritt-fuer-das-psi\/","og_locale":"fr_FR","og_type":"article","og_title":"Scholtysik: Bewegtes Logo und neuer Autritt f\u00fcr das PSI - Organisator","og_description":"PSI pr\u00e4sentiert neuen Markenauftritt: Dynamisches Logo und Submarken f\u00fcr Forschungsbereiche. Nutzerzentrierte Website.","og_url":"https:\/\/www.organisator.ch\/fr\/marketing\/2024-06-03\/scholtysik-bewegtes-logo-und-neuer-autritt-fuer-das-psi\/","og_site_name":"Organisator","article_publisher":"https:\/\/www.facebook.com\/OrganisatorFachmagazin","article_published_time":"2024-06-03T12:49:03+00:00","article_modified_time":"2024-11-11T03:51:44+00:00","og_image":[{"url":"https:\/\/www.werbewoche.ch\/wp-content\/uploads\/2024\/06\/PSI3.jpg","type":"","width":"","height":""}],"author":"galledia","twitter_card":"summary_large_image","twitter_creator":"@admin","schema":{"@context":"https:\/\/schema.org","@graph":[{"@type":"Article","@id":"https:\/\/www.organisator.ch\/marketing\/2024-06-03\/scholtysik-bewegtes-logo-und-neuer-autritt-fuer-das-psi\/#article","isPartOf":{"@id":"https:\/\/www.organisator.ch\/marketing\/2024-06-03\/scholtysik-bewegtes-logo-und-neuer-autritt-fuer-das-psi\/"},"author":{"name":"galledia","@id":"https:\/\/www.organisator.ch\/#\/schema\/person\/4e51799071cd2dd1232ac003643ef5f0"},"headline":"Scholtysik: Bewegtes Logo und neuer Autritt f\u00fcr das PSI","datePublished":"2024-06-03T12:49:03+00:00","dateModified":"2024-11-11T03:51:44+00:00","mainEntityOfPage":{"@id":"https:\/\/www.organisator.ch\/marketing\/2024-06-03\/scholtysik-bewegtes-logo-und-neuer-autritt-fuer-das-psi\/"},"wordCount":239,"publisher":{"@id":"https:\/\/www.organisator.ch\/#organization"},"image":{"@id":"https:\/\/www.organisator.ch\/marketing\/2024-06-03\/scholtysik-bewegtes-logo-und-neuer-autritt-fuer-das-psi\/#primaryimage"},"thumbnailUrl":"https:\/\/www.werbewoche.ch\/wp-content\/uploads\/2024\/06\/PSI3.jpg","keywords":["Marken","paul scherrer","Scholtysik"],"articleSection":["MARKETING"],"inLanguage":"fr-FR"},{"@type":"WebPage","@id":"https:\/\/www.organisator.ch\/marketing\/2024-06-03\/scholtysik-bewegtes-logo-und-neuer-autritt-fuer-das-psi\/","url":"https:\/\/www.organisator.ch\/marketing\/2024-06-03\/scholtysik-bewegtes-logo-und-neuer-autritt-fuer-das-psi\/","name":"Scholtysik : Logo en mouvement et nouvelle identit\u00e9 visuelle pour le PSI - Organisateur","isPartOf":{"@id":"https:\/\/www.organisator.ch\/#website"},"primaryImageOfPage":{"@id":"https:\/\/www.organisator.ch\/marketing\/2024-06-03\/scholtysik-bewegtes-logo-und-neuer-autritt-fuer-das-psi\/#primaryimage"},"image":{"@id":"https:\/\/www.organisator.ch\/marketing\/2024-06-03\/scholtysik-bewegtes-logo-und-neuer-autritt-fuer-das-psi\/#primaryimage"},"thumbnailUrl":"https:\/\/www.werbewoche.ch\/wp-content\/uploads\/2024\/06\/PSI3.jpg","datePublished":"2024-06-03T12:49:03+00:00","dateModified":"2024-11-11T03:51:44+00:00","description":"PSI pr\u00e9sente sa nouvelle image de marque : un logo dynamique et des sous-marques pour les domaines de recherche. Un site web centr\u00e9 sur l'utilisateur.","breadcrumb":{"@id":"https:\/\/www.organisator.ch\/marketing\/2024-06-03\/scholtysik-bewegtes-logo-und-neuer-autritt-fuer-das-psi\/#breadcrumb"},"inLanguage":"fr-FR","potentialAction":[{"@type":"ReadAction","target":["https:\/\/www.organisator.ch\/marketing\/2024-06-03\/scholtysik-bewegtes-logo-und-neuer-autritt-fuer-das-psi\/"]}]},{"@type":"ImageObject","inLanguage":"fr-FR","@id":"https:\/\/www.organisator.ch\/marketing\/2024-06-03\/scholtysik-bewegtes-logo-und-neuer-autritt-fuer-das-psi\/#primaryimage","url":"https:\/\/www.werbewoche.ch\/wp-content\/uploads\/2024\/06\/PSI3.jpg","contentUrl":"https:\/\/www.werbewoche.ch\/wp-content\/uploads\/2024\/06\/PSI3.jpg"},{"@type":"BreadcrumbList","@id":"https:\/\/www.organisator.ch\/marketing\/2024-06-03\/scholtysik-bewegtes-logo-und-neuer-autritt-fuer-das-psi\/#breadcrumb","itemListElement":[{"@type":"ListItem","position":1,"name":"Home","item":"https:\/\/www.organisator.ch\/"},{"@type":"ListItem","position":2,"name":"Scholtysik: Bewegtes Logo und neuer Autritt f\u00fcr das PSI"}]},{"@type":"WebSite","@id":"https:\/\/www.organisator.ch\/#website","url":"https:\/\/www.organisator.ch\/","name":"Organisateur","description":"Comp\u00e9tence et comp\u00e9tence. Proches de la pratique. L'ORGANISATEUR pr\u00e9pare 10 num\u00e9ros par an sur les th\u00e8mes essentiels pour les dirigeants de PME.","publisher":{"@id":"https:\/\/www.organisator.ch\/#organization"},"potentialAction":[{"@type":"SearchAction","target":{"@type":"EntryPoint","urlTemplate":"https:\/\/www.organisator.ch\/?s={search_term_string}"},"query-input":{"@type":"PropertyValueSpecification","valueRequired":true,"valueName":"search_term_string"}}],"inLanguage":"fr-FR"},{"@type":"Organization","@id":"https:\/\/www.organisator.ch\/#organization","name":"Organisateur","url":"https:\/\/www.organisator.ch\/","logo":{"@type":"ImageObject","inLanguage":"fr-FR","@id":"https:\/\/www.organisator.ch\/#\/schema\/logo\/image\/","url":"https:\/\/www.organisator.ch\/wp-content\/uploads\/2022\/01\/Logo_Organisator_Website.png","contentUrl":"https:\/\/www.organisator.ch\/wp-content\/uploads\/2022\/01\/Logo_Organisator_Website.png","width":800,"height":77,"caption":"Organisator"},"image":{"@id":"https:\/\/www.organisator.ch\/#\/schema\/logo\/image\/"},"sameAs":["https:\/\/www.facebook.com\/OrganisatorFachmagazin","https:\/\/www.linkedin.com\/showcase\/organisator-das-magazin-fr-kmu","https:\/\/www.xing.com\/news\/pages\/organisator-ch-695","https:\/\/www.youtube.com\/channel\/UCGP2Sq0iWaZwT3BdIAQFYpw"]},{"@type":"Person","@id":"https:\/\/www.organisator.ch\/#\/schema\/person\/4e51799071cd2dd1232ac003643ef5f0","name":"galledia","image":{"@type":"ImageObject","inLanguage":"fr-FR","@id":"https:\/\/secure.gravatar.com\/avatar\/78a7f90c01fc2bfc875782a0d4922b37cde2cf184ce347b91316d23cd7f69a36?s=96&d=mm&r=g","url":"https:\/\/secure.gravatar.com\/avatar\/78a7f90c01fc2bfc875782a0d4922b37cde2cf184ce347b91316d23cd7f69a36?s=96&d=mm&r=g","contentUrl":"https:\/\/secure.gravatar.com\/avatar\/78a7f90c01fc2bfc875782a0d4922b37cde2cf184ce347b91316d23cd7f69a36?s=96&d=mm&r=g","caption":"galledia"},"sameAs":["https:\/\/x.com\/admin"],"url":"https:\/\/www.organisator.ch\/fr\/author\/galledia\/"}]}},"_links":{"self":[{"href":"https:\/\/www.organisator.ch\/fr\/wp-json\/wp\/v2\/posts\/27426","targetHints":{"allow":["GET"]}}],"collection":[{"href":"https:\/\/www.organisator.ch\/fr\/wp-json\/wp\/v2\/posts"}],"about":[{"href":"https:\/\/www.organisator.ch\/fr\/wp-json\/wp\/v2\/types\/post"}],"author":[{"embeddable":true,"href":"https:\/\/www.organisator.ch\/fr\/wp-json\/wp\/v2\/users\/8"}],"replies":[{"embeddable":true,"href":"https:\/\/www.organisator.ch\/fr\/wp-json\/wp\/v2\/comments?post=27426"}],"version-history":[{"count":4,"href":"https:\/\/www.organisator.ch\/fr\/wp-json\/wp\/v2\/posts\/27426\/revisions"}],"predecessor-version":[{"id":32219,"href":"https:\/\/www.organisator.ch\/fr\/wp-json\/wp\/v2\/posts\/27426\/revisions\/32219"}],"wp:attachment":[{"href":"https:\/\/www.organisator.ch\/fr\/wp-json\/wp\/v2\/media?parent=27426"}],"wp:term":[{"taxonomy":"category","embeddable":true,"href":"https:\/\/www.organisator.ch\/fr\/wp-json\/wp\/v2\/categories?post=27426"},{"taxonomy":"post_tag","embeddable":true,"href":"https:\/\/www.organisator.ch\/fr\/wp-json\/wp\/v2\/tags?post=27426"}],"curies":[{"name":"wp","href":"https:\/\/api.w.org\/{rel}","templated":true}]}}