{"id":27443,"date":"2024-06-05T09:37:46","date_gmt":"2024-06-05T07:37:46","guid":{"rendered":"https:\/\/www.organisator.ch\/?p=27443"},"modified":"2024-06-05T09:37:57","modified_gmt":"2024-06-05T07:37:57","slug":"erste-foerderrunde-2024-chf-13-mio-fuer-10-klima-innovative-projekte","status":"publish","type":"post","link":"https:\/\/www.organisator.ch\/fr\/sustainability\/2024-06-05\/erste-foerderrunde-2024-chf-13-mio-fuer-10-klima-innovative-projekte\/","title":{"rendered":"Premier cycle de financement 2024 : CHF 1,3 million pour 10 projets innovants en mati\u00e8re de climat"},"content":{"rendered":"<figure id=\"attachment_27445\" aria-describedby=\"caption-attachment-27445\" style=\"width: 680px\" class=\"wp-caption alignnone\"><img loading=\"lazy\" decoding=\"async\" class=\"size-full wp-image-27445\" src=\"https:\/\/www.organisator.ch\/wp-content\/uploads\/2024\/06\/Klimastiftung_Bild1_ps.jpg\" alt=\"\" width=\"680\" height=\"399\" srcset=\"https:\/\/www.organisator.ch\/wp-content\/uploads\/2024\/06\/Klimastiftung_Bild1_ps.jpg 680w, https:\/\/www.organisator.ch\/wp-content\/uploads\/2024\/06\/Klimastiftung_Bild1_ps-18x12.jpg 18w, https:\/\/www.organisator.ch\/wp-content\/uploads\/2024\/06\/Klimastiftung_Bild1_ps-375x220.jpg 375w, https:\/\/www.organisator.ch\/wp-content\/uploads\/2024\/06\/Klimastiftung_Bild1_ps-596x350.jpg 596w\" sizes=\"auto, (max-width: 680px) 100vw, 680px\" \/><figcaption id=\"caption-attachment-27445\" class=\"wp-caption-text\">VentoStream SA convainc la Fondation Suisse pour le Climat avec son projet \"Tornado 1\". (Image : VentoStream AG \/ www.maxcomm-green.com)<\/figcaption><\/figure>\n<p>\"Si nous atteignons ce montant impressionnant, c'est gr\u00e2ce \u00e0 l'engagement et \u00e0 la confiance de longue date de nos entreprises partenaires\", souligne Thomas H\u00fcgli, pr\u00e9sident du conseil de fondation.<\/p>\n<p>La Suisse est un pays innovant. Nulle part ailleurs en Europe, on ne d\u00e9pose autant de nouveaux brevets par million d'habitants. 966 demandes de brevets par million d'habitants ont \u00e9t\u00e9 d\u00e9pos\u00e9es en 2020, contre 146 par million d'habitants dans l'UE. Cette soif d'innovation se manifeste \u00e9galement chez les PME qui soumettent des projets \u00e0 la Fondation Suisse pour le Climat et demandent un soutien. \"Nous enregistrons un nombre accru de demandes de haute qualit\u00e9 avec un r\u00e9el potentiel pour la protection du climat\", se r\u00e9jouit Vincent Eckert, directeur de la Fondation, \"c'est une bonne chose que l'\u00e9conomie soit aussi active pour le climat et le site d'innovation qu'est la Suisse et le Liechtenstein\".<\/p>\n<h3><strong>Cinq des projets financ\u00e9s lors du premier cycle de financement 2024 : <\/strong><\/h3>\n<h3><strong>Une taupe de livre pour enfants comme parrain pour le projet \"Grabowski\" de Winterthur\/ZH<\/strong><\/h3>\n<p>La soci\u00e9t\u00e9 Borobotics GmbH de Winterthour est encourag\u00e9e avec le projet \"Grabowski\" qu'elle a soumis. Il s'agit d'un robot de forage con\u00e7u pour les forages g\u00e9othermiques dans des espaces restreints comme les centres urbains. Borobotics a invent\u00e9 une nouvelle m\u00e9thode de forage de puits pour la g\u00e9othermie proche de la surface, en int\u00e9grant l'ensemble de l'installation de forage dans le puits. Cela rend l'ensemble de la structure au-dessus du sol beaucoup plus mince et plus petite, la machine de forage r\u00e9duit les \u00e9missions de CO2 et rend la g\u00e9othermie beaucoup plus accessible, Le nom du projet vient d'ailleurs du livre pour enfants \"La taupe Grabowski\" de Luis Murschetz.<\/p>\n<h3><strong>La mini-\u00e9olienne innovante de Bubendorf\/BL<\/strong><\/h3>\n<p>La soci\u00e9t\u00e9 VentoStream AG de Bubendorf est active dans le domaine de l'\u00e9nergie \u00e9olienne et a convaincu la Fondation Suisse pour le Climat avec son projet \"Tornado 1\". Avec un diam\u00e8tre de 3,2 m\u00e8tres, une \u00e9olienne VentoStream est plus petite et plus compacte que les \u00e9oliennes traditionnelles. \"Notre technologie est trois fois plus efficace et plus \u00e9conomique que les \u00e9oliennes traditionnelles\", promet le CEO Manuel Bernsau. \"Neuf petites \u00e9oliennes VentoStream produisent autant d'\u00e9lectricit\u00e9 qu'une \u00e9olienne de 3 m\u00e9gawatts de plus de 200 m\u00e8tres de haut. Gr\u00e2ce \u00e0 leur conception innovante, il n'y a pas d'ombre, d'oiseaux ou de glace et les \u00e9missions sonores sont r\u00e9duites\".<\/p>\n<h3><strong>Tondeuse l\u00e9g\u00e8re de Rotkreuz\/ZG<\/strong><\/h3>\n<p>Parmi les projets soutenus figure l'id\u00e9e de \"faucheuse autonome l\u00e9g\u00e8re pour l'agriculture\" de la soci\u00e9t\u00e9 zougoise HILLBOT GmbH. \"Avec notre solution, une exploitation agricole moyenne peut \u00e9conomiser 4 tonnes de CO2 par an\", souligne l'initiateur Amadeo Kn\u00fcsel. L'exploitation des surfaces agricoles est gourmande en \u00e9nergie, l'utilisation de nombreuses machines lourdes entra\u00eene un compactage des sols et contribue \u00e0 l'\u00e9rosion des sols. Avec l'utilisation de la faucheuse l\u00e9g\u00e8re qui ne p\u00e8se qu'environ 50 kg, HILLBOT offre une solution globale avec un impact prouv\u00e9 sur la protection du climat.<\/p>\n<h3><strong>Amplificateur de puissance \u00e0 l'\u00e9tat solide de Pully\/VD<\/strong><\/h3>\n<p>\"Nous \u00e9lectrifions l'industrie en fournissant des micro-ondes pour chauffer les processus industriels\", explique Markus Aicheler de SolidWatts. Pour y parvenir, l'entreprise d\u00e9veloppe, construit et fournit des g\u00e9n\u00e9rateurs de micro-ondes \u00e0 base de transistors. C'est la premi\u00e8re fois que cette technique permet de g\u00e9n\u00e9rer des micro-ondes \u00e0 grande \u00e9chelle pour produire de la chaleur dans les mat\u00e9riaux des processus industriels. Selon SolidWatts, l'efficacit\u00e9 \u00e9nerg\u00e9tique globale du syst\u00e8me est sup\u00e9rieure \u00e0 85 %.<\/p>\n<h3><strong>Avec de l'argile pour r\u00e9duire les \u00e9missions de CO2 dans le secteur de la construction de Gen\u00e8ve\/GE<\/strong><\/h3>\n<p>Dans une nouvelle construction, les plafonds sont souvent \u00e0 l'origine d'\u00e9missions de CO2 en raison de l'utilisation de b\u00e9ton. C'est l\u00e0 qu'intervient la soci\u00e9t\u00e9 genevoise Terrabloc SA avec le projet qu'elle vient de soutenir. Pour la production de plafonds, l'entreprise d\u00e9veloppe un bloc de bois et de terre - donc d'argile - de forme innovante. Ce bloc est plac\u00e9 entre les poutres d'un plancher en bois. Apr\u00e8s 2019 et 2020, Terrabloc b\u00e9n\u00e9ficie pour la troisi\u00e8me fois d'un soutien de la Fondation Suisse pour le Climat.<\/p>\n<h3><strong>Prochain d\u00e9lai de soumission : 1er septembre<\/strong><\/h3>\n<p>Depuis 16 ans, la fondation alloue des fonds de soutien \u00e0 des projets innovants en mati\u00e8re de climat qui ont un impact durable sur la protection du climat. Avec les fonds allou\u00e9s lors de la premi\u00e8re s\u00e9rie de subventions en 2024, le montant des subventions engag\u00e9es jusqu'\u00e0 pr\u00e9sent d\u00e9passe la barre des 40 millions de francs. Le conseil de la Fondation Suisse pour le Climat se prononce deux fois par an sur les demandes re\u00e7ues. Outre le cycle d'encouragement du printemps, il y a aussi celui de l'automne. Le prochain d\u00e9lai de d\u00e9p\u00f4t des dossiers est fix\u00e9 au 1er septembre 2024.<\/p>\n<p><em>Source : <a href=\"http:\/\/www.klimastiftung.ch\">www.klimastiftung.ch<\/a><\/em><\/p>","protected":false},"excerpt":{"rendered":"<p>La Fondation Suisse pour le Climat alloue plus de 1,3 million de francs \u00e0 10 projets et technologies innovants en mati\u00e8re de climat lors de la premi\u00e8re phase de financement en 2024. Le montant total des subventions de la fondation passe ainsi \u00e0 plus de 40 millions de francs.<\/p>","protected":false},"author":58,"featured_media":27445,"comment_status":"closed","ping_status":"closed","sticky":false,"template":"","format":"standard","meta":{"_acf_changed":false,"_yoast_wpseo_focuskw":"F\u00f6rderrunde","_yoast_wpseo_metadesc":"Die Klimastiftung Schweiz spricht in der ersten F\u00f6rderrunde 2024 mehr als 1,3 Millionen Franken f\u00fcr 10 klima-innovative Projekte.","articlekey":"","footnotes":""},"categories":[580],"tags":[1520,1525,2246,492],"class_list":["post-27443","post","type-post","status-publish","format-standard","has-post-thumbnail","hentry","category-sustainability","tag-klimaprojekte","tag-klimastiftung","tag-sustainability","tag-unternehmen"],"acf":[],"yoast_head":"<!-- This site is optimized with the Yoast SEO plugin v27.4 - https:\/\/yoast.com\/product\/yoast-seo-wordpress\/ -->\n<title>Erste F\u00f6rderrunde 2024: CHF 1,3 Mio. f\u00fcr 10 klima-innovative Projekte - Organisator<\/title>\n<meta name=\"description\" content=\"Die Klimastiftung Schweiz spricht in der ersten F\u00f6rderrunde 2024 mehr als 1,3 Millionen Franken f\u00fcr 10 klima-innovative Projekte.\" \/>\n<meta name=\"robots\" content=\"index, follow, max-snippet:-1, max-image-preview:large, max-video-preview:-1\" \/>\n<link rel=\"canonical\" href=\"https:\/\/www.organisator.ch\/fr\/sustainability\/2024-06-05\/erste-foerderrunde-2024-chf-13-mio-fuer-10-klima-innovative-projekte\/\" \/>\n<meta property=\"og:locale\" content=\"fr_FR\" \/>\n<meta property=\"og:type\" content=\"article\" \/>\n<meta property=\"og:title\" content=\"Erste F\u00f6rderrunde 2024: CHF 1,3 Mio. f\u00fcr 10 klima-innovative Projekte\" \/>\n<meta property=\"og:description\" content=\"Die Klimastiftung Schweiz spricht in der ersten F\u00f6rderrunde 2024 mehr als 1,3 Millionen Franken f\u00fcr 10 klima-innovative Projekte.\" \/>\n<meta property=\"og:url\" content=\"https:\/\/www.organisator.ch\/fr\/sustainability\/2024-06-05\/erste-foerderrunde-2024-chf-13-mio-fuer-10-klima-innovative-projekte\/\" \/>\n<meta property=\"og:site_name\" content=\"Organisator\" \/>\n<meta property=\"article:publisher\" content=\"https:\/\/www.facebook.com\/OrganisatorFachmagazin\" \/>\n<meta property=\"article:published_time\" content=\"2024-06-05T07:37:46+00:00\" \/>\n<meta property=\"article:modified_time\" content=\"2024-06-05T07:37:57+00:00\" \/>\n<meta property=\"og:image\" content=\"https:\/\/www.organisator.ch\/wp-content\/uploads\/2024\/06\/Klimastiftung_Bild1_ps.jpg\" \/>\n\t<meta property=\"og:image:width\" content=\"680\" \/>\n\t<meta property=\"og:image:height\" content=\"399\" \/>\n\t<meta property=\"og:image:type\" content=\"image\/jpeg\" \/>\n<meta name=\"author\" content=\"Adelisa Kalajdzini\" \/>\n<meta name=\"twitter:card\" content=\"summary_large_image\" \/>\n<meta name=\"twitter:title\" content=\"Erste F\u00f6rderrunde 2024: CHF 1,3 Mio. f\u00fcr 10 klima-innovative Projekte\" \/>\n<meta name=\"twitter:description\" content=\"Die #Klimastiftung Schweiz spricht in der ersten #F\u00f6rderrunde 2024 mehr als 1,3 Millionen Franken f\u00fcr 10 #klima-innovative #Projekte.\" \/>\n<meta name=\"twitter:image\" content=\"https:\/\/www.organisator.ch\/wp-content\/uploads\/2024\/06\/Klimastiftung_Bild1_ps.jpg\" \/>\n<script type=\"application\/ld+json\" class=\"yoast-schema-graph\">{\"@context\":\"https:\\\/\\\/schema.org\",\"@graph\":[{\"@type\":\"Article\",\"@id\":\"https:\\\/\\\/www.organisator.ch\\\/sustainability\\\/2024-06-05\\\/erste-foerderrunde-2024-chf-13-mio-fuer-10-klima-innovative-projekte\\\/#article\",\"isPartOf\":{\"@id\":\"https:\\\/\\\/www.organisator.ch\\\/sustainability\\\/2024-06-05\\\/erste-foerderrunde-2024-chf-13-mio-fuer-10-klima-innovative-projekte\\\/\"},\"author\":{\"name\":\"Adelisa Kalajdzini\",\"@id\":\"https:\\\/\\\/www.organisator.ch\\\/#\\\/schema\\\/person\\\/2e1314a2172123f874db408d8911d3f3\"},\"headline\":\"Erste F\u00f6rderrunde 2024: CHF 1,3 Mio. f\u00fcr 10 klima-innovative Projekte\",\"datePublished\":\"2024-06-05T07:37:46+00:00\",\"dateModified\":\"2024-06-05T07:37:57+00:00\",\"mainEntityOfPage\":{\"@id\":\"https:\\\/\\\/www.organisator.ch\\\/sustainability\\\/2024-06-05\\\/erste-foerderrunde-2024-chf-13-mio-fuer-10-klima-innovative-projekte\\\/\"},\"wordCount\":676,\"publisher\":{\"@id\":\"https:\\\/\\\/www.organisator.ch\\\/#organization\"},\"image\":{\"@id\":\"https:\\\/\\\/www.organisator.ch\\\/sustainability\\\/2024-06-05\\\/erste-foerderrunde-2024-chf-13-mio-fuer-10-klima-innovative-projekte\\\/#primaryimage\"},\"thumbnailUrl\":\"https:\\\/\\\/www.organisator.ch\\\/wp-content\\\/uploads\\\/2024\\\/06\\\/Klimastiftung_Bild1_ps.jpg\",\"keywords\":[\"Klimaprojekte\",\"Klimastiftung\",\"Sustainability\",\"Unternehmen\"],\"articleSection\":[\"SUSTAINABILITY\"],\"inLanguage\":\"fr-FR\"},{\"@type\":\"WebPage\",\"@id\":\"https:\\\/\\\/www.organisator.ch\\\/sustainability\\\/2024-06-05\\\/erste-foerderrunde-2024-chf-13-mio-fuer-10-klima-innovative-projekte\\\/\",\"url\":\"https:\\\/\\\/www.organisator.ch\\\/sustainability\\\/2024-06-05\\\/erste-foerderrunde-2024-chf-13-mio-fuer-10-klima-innovative-projekte\\\/\",\"name\":\"Erste F\u00f6rderrunde 2024: CHF 1,3 Mio. f\u00fcr 10 klima-innovative Projekte - Organisator\",\"isPartOf\":{\"@id\":\"https:\\\/\\\/www.organisator.ch\\\/#website\"},\"primaryImageOfPage\":{\"@id\":\"https:\\\/\\\/www.organisator.ch\\\/sustainability\\\/2024-06-05\\\/erste-foerderrunde-2024-chf-13-mio-fuer-10-klima-innovative-projekte\\\/#primaryimage\"},\"image\":{\"@id\":\"https:\\\/\\\/www.organisator.ch\\\/sustainability\\\/2024-06-05\\\/erste-foerderrunde-2024-chf-13-mio-fuer-10-klima-innovative-projekte\\\/#primaryimage\"},\"thumbnailUrl\":\"https:\\\/\\\/www.organisator.ch\\\/wp-content\\\/uploads\\\/2024\\\/06\\\/Klimastiftung_Bild1_ps.jpg\",\"datePublished\":\"2024-06-05T07:37:46+00:00\",\"dateModified\":\"2024-06-05T07:37:57+00:00\",\"description\":\"Die Klimastiftung Schweiz spricht in der ersten F\u00f6rderrunde 2024 mehr als 1,3 Millionen Franken f\u00fcr 10 klima-innovative Projekte.\",\"breadcrumb\":{\"@id\":\"https:\\\/\\\/www.organisator.ch\\\/sustainability\\\/2024-06-05\\\/erste-foerderrunde-2024-chf-13-mio-fuer-10-klima-innovative-projekte\\\/#breadcrumb\"},\"inLanguage\":\"fr-FR\",\"potentialAction\":[{\"@type\":\"ReadAction\",\"target\":[\"https:\\\/\\\/www.organisator.ch\\\/sustainability\\\/2024-06-05\\\/erste-foerderrunde-2024-chf-13-mio-fuer-10-klima-innovative-projekte\\\/\"]}]},{\"@type\":\"ImageObject\",\"inLanguage\":\"fr-FR\",\"@id\":\"https:\\\/\\\/www.organisator.ch\\\/sustainability\\\/2024-06-05\\\/erste-foerderrunde-2024-chf-13-mio-fuer-10-klima-innovative-projekte\\\/#primaryimage\",\"url\":\"https:\\\/\\\/www.organisator.ch\\\/wp-content\\\/uploads\\\/2024\\\/06\\\/Klimastiftung_Bild1_ps.jpg\",\"contentUrl\":\"https:\\\/\\\/www.organisator.ch\\\/wp-content\\\/uploads\\\/2024\\\/06\\\/Klimastiftung_Bild1_ps.jpg\",\"width\":680,\"height\":399,\"caption\":\"VentoStream AG \u00fcberzeugt die Klimastiftung Schweiz mit dem Projekt \u00abTornado 1\u00bb. (Bild: VentoStream AG \\\/ www.maxcomm-green.com)\"},{\"@type\":\"BreadcrumbList\",\"@id\":\"https:\\\/\\\/www.organisator.ch\\\/sustainability\\\/2024-06-05\\\/erste-foerderrunde-2024-chf-13-mio-fuer-10-klima-innovative-projekte\\\/#breadcrumb\",\"itemListElement\":[{\"@type\":\"ListItem\",\"position\":1,\"name\":\"Home\",\"item\":\"https:\\\/\\\/www.organisator.ch\\\/\"},{\"@type\":\"ListItem\",\"position\":2,\"name\":\"Erste F\u00f6rderrunde 2024: CHF 1,3 Mio. f\u00fcr 10 klima-innovative Projekte\"}]},{\"@type\":\"WebSite\",\"@id\":\"https:\\\/\\\/www.organisator.ch\\\/#website\",\"url\":\"https:\\\/\\\/www.organisator.ch\\\/\",\"name\":\"Organisator\",\"description\":\"Kompetent. Praxisnah. Der ORGANISATOR bereitet in 10 Ausgaben pro Jahr die wesentlichen Themen f\u00fcr F\u00fchrungskr\u00e4fte von KMU auf.\",\"publisher\":{\"@id\":\"https:\\\/\\\/www.organisator.ch\\\/#organization\"},\"potentialAction\":[{\"@type\":\"SearchAction\",\"target\":{\"@type\":\"EntryPoint\",\"urlTemplate\":\"https:\\\/\\\/www.organisator.ch\\\/?s={search_term_string}\"},\"query-input\":{\"@type\":\"PropertyValueSpecification\",\"valueRequired\":true,\"valueName\":\"search_term_string\"}}],\"inLanguage\":\"fr-FR\"},{\"@type\":\"Organization\",\"@id\":\"https:\\\/\\\/www.organisator.ch\\\/#organization\",\"name\":\"Organisator\",\"url\":\"https:\\\/\\\/www.organisator.ch\\\/\",\"logo\":{\"@type\":\"ImageObject\",\"inLanguage\":\"fr-FR\",\"@id\":\"https:\\\/\\\/www.organisator.ch\\\/#\\\/schema\\\/logo\\\/image\\\/\",\"url\":\"https:\\\/\\\/www.organisator.ch\\\/wp-content\\\/uploads\\\/2022\\\/01\\\/Logo_Organisator_Website.png\",\"contentUrl\":\"https:\\\/\\\/www.organisator.ch\\\/wp-content\\\/uploads\\\/2022\\\/01\\\/Logo_Organisator_Website.png\",\"width\":800,\"height\":77,\"caption\":\"Organisator\"},\"image\":{\"@id\":\"https:\\\/\\\/www.organisator.ch\\\/#\\\/schema\\\/logo\\\/image\\\/\"},\"sameAs\":[\"https:\\\/\\\/www.facebook.com\\\/OrganisatorFachmagazin\",\"https:\\\/\\\/www.linkedin.com\\\/showcase\\\/organisator-das-magazin-fr-kmu\",\"https:\\\/\\\/www.xing.com\\\/news\\\/pages\\\/organisator-ch-695\",\"https:\\\/\\\/www.youtube.com\\\/channel\\\/UCGP2Sq0iWaZwT3BdIAQFYpw\"]},{\"@type\":\"Person\",\"@id\":\"https:\\\/\\\/www.organisator.ch\\\/#\\\/schema\\\/person\\\/2e1314a2172123f874db408d8911d3f3\",\"name\":\"Adelisa Kalajdzini\",\"image\":{\"@type\":\"ImageObject\",\"inLanguage\":\"fr-FR\",\"@id\":\"https:\\\/\\\/secure.gravatar.com\\\/avatar\\\/09a397c22ac58cad6f160ee8306348599df9df58a8ede73696226897b9fa4b24?s=96&d=mm&r=g\",\"url\":\"https:\\\/\\\/secure.gravatar.com\\\/avatar\\\/09a397c22ac58cad6f160ee8306348599df9df58a8ede73696226897b9fa4b24?s=96&d=mm&r=g\",\"contentUrl\":\"https:\\\/\\\/secure.gravatar.com\\\/avatar\\\/09a397c22ac58cad6f160ee8306348599df9df58a8ede73696226897b9fa4b24?s=96&d=mm&r=g\",\"caption\":\"Adelisa Kalajdzini\"},\"url\":\"https:\\\/\\\/www.organisator.ch\\\/fr\\\/author\\\/adelisa-kalajdzini\\\/\"}]}<\/script>\n<!-- \/ Yoast SEO plugin. -->","yoast_head_json":{"title":"Premier cycle de financement 2024 : CHF 1,3 million pour 10 projets innovants en mati\u00e8re de climat - Organisateur","description":"La Fondation Suisse pour le Climat alloue plus de 1,3 million de francs \u00e0 10 projets innovants en mati\u00e8re de climat lors de la premi\u00e8re phase de financement en 2024.","robots":{"index":"index","follow":"follow","max-snippet":"max-snippet:-1","max-image-preview":"max-image-preview:large","max-video-preview":"max-video-preview:-1"},"canonical":"https:\/\/www.organisator.ch\/fr\/sustainability\/2024-06-05\/erste-foerderrunde-2024-chf-13-mio-fuer-10-klima-innovative-projekte\/","og_locale":"fr_FR","og_type":"article","og_title":"Erste F\u00f6rderrunde 2024: CHF 1,3 Mio. f\u00fcr 10 klima-innovative Projekte","og_description":"Die Klimastiftung Schweiz spricht in der ersten F\u00f6rderrunde 2024 mehr als 1,3 Millionen Franken f\u00fcr 10 klima-innovative Projekte.","og_url":"https:\/\/www.organisator.ch\/fr\/sustainability\/2024-06-05\/erste-foerderrunde-2024-chf-13-mio-fuer-10-klima-innovative-projekte\/","og_site_name":"Organisator","article_publisher":"https:\/\/www.facebook.com\/OrganisatorFachmagazin","article_published_time":"2024-06-05T07:37:46+00:00","article_modified_time":"2024-06-05T07:37:57+00:00","og_image":[{"width":680,"height":399,"url":"https:\/\/www.organisator.ch\/wp-content\/uploads\/2024\/06\/Klimastiftung_Bild1_ps.jpg","type":"image\/jpeg"}],"author":"Adelisa Kalajdzini","twitter_card":"summary_large_image","twitter_title":"Erste F\u00f6rderrunde 2024: CHF 1,3 Mio. f\u00fcr 10 klima-innovative Projekte","twitter_description":"Die #Klimastiftung Schweiz spricht in der ersten #F\u00f6rderrunde 2024 mehr als 1,3 Millionen Franken f\u00fcr 10 #klima-innovative #Projekte.","twitter_image":"https:\/\/www.organisator.ch\/wp-content\/uploads\/2024\/06\/Klimastiftung_Bild1_ps.jpg","schema":{"@context":"https:\/\/schema.org","@graph":[{"@type":"Article","@id":"https:\/\/www.organisator.ch\/sustainability\/2024-06-05\/erste-foerderrunde-2024-chf-13-mio-fuer-10-klima-innovative-projekte\/#article","isPartOf":{"@id":"https:\/\/www.organisator.ch\/sustainability\/2024-06-05\/erste-foerderrunde-2024-chf-13-mio-fuer-10-klima-innovative-projekte\/"},"author":{"name":"Adelisa Kalajdzini","@id":"https:\/\/www.organisator.ch\/#\/schema\/person\/2e1314a2172123f874db408d8911d3f3"},"headline":"Erste F\u00f6rderrunde 2024: CHF 1,3 Mio. f\u00fcr 10 klima-innovative Projekte","datePublished":"2024-06-05T07:37:46+00:00","dateModified":"2024-06-05T07:37:57+00:00","mainEntityOfPage":{"@id":"https:\/\/www.organisator.ch\/sustainability\/2024-06-05\/erste-foerderrunde-2024-chf-13-mio-fuer-10-klima-innovative-projekte\/"},"wordCount":676,"publisher":{"@id":"https:\/\/www.organisator.ch\/#organization"},"image":{"@id":"https:\/\/www.organisator.ch\/sustainability\/2024-06-05\/erste-foerderrunde-2024-chf-13-mio-fuer-10-klima-innovative-projekte\/#primaryimage"},"thumbnailUrl":"https:\/\/www.organisator.ch\/wp-content\/uploads\/2024\/06\/Klimastiftung_Bild1_ps.jpg","keywords":["Klimaprojekte","Klimastiftung","Sustainability","Unternehmen"],"articleSection":["SUSTAINABILITY"],"inLanguage":"fr-FR"},{"@type":"WebPage","@id":"https:\/\/www.organisator.ch\/sustainability\/2024-06-05\/erste-foerderrunde-2024-chf-13-mio-fuer-10-klima-innovative-projekte\/","url":"https:\/\/www.organisator.ch\/sustainability\/2024-06-05\/erste-foerderrunde-2024-chf-13-mio-fuer-10-klima-innovative-projekte\/","name":"Premier cycle de financement 2024 : CHF 1,3 million pour 10 projets innovants en mati\u00e8re de climat - Organisateur","isPartOf":{"@id":"https:\/\/www.organisator.ch\/#website"},"primaryImageOfPage":{"@id":"https:\/\/www.organisator.ch\/sustainability\/2024-06-05\/erste-foerderrunde-2024-chf-13-mio-fuer-10-klima-innovative-projekte\/#primaryimage"},"image":{"@id":"https:\/\/www.organisator.ch\/sustainability\/2024-06-05\/erste-foerderrunde-2024-chf-13-mio-fuer-10-klima-innovative-projekte\/#primaryimage"},"thumbnailUrl":"https:\/\/www.organisator.ch\/wp-content\/uploads\/2024\/06\/Klimastiftung_Bild1_ps.jpg","datePublished":"2024-06-05T07:37:46+00:00","dateModified":"2024-06-05T07:37:57+00:00","description":"La Fondation Suisse pour le Climat alloue plus de 1,3 million de francs \u00e0 10 projets innovants en mati\u00e8re de climat lors de la premi\u00e8re phase de financement en 2024.","breadcrumb":{"@id":"https:\/\/www.organisator.ch\/sustainability\/2024-06-05\/erste-foerderrunde-2024-chf-13-mio-fuer-10-klima-innovative-projekte\/#breadcrumb"},"inLanguage":"fr-FR","potentialAction":[{"@type":"ReadAction","target":["https:\/\/www.organisator.ch\/sustainability\/2024-06-05\/erste-foerderrunde-2024-chf-13-mio-fuer-10-klima-innovative-projekte\/"]}]},{"@type":"ImageObject","inLanguage":"fr-FR","@id":"https:\/\/www.organisator.ch\/sustainability\/2024-06-05\/erste-foerderrunde-2024-chf-13-mio-fuer-10-klima-innovative-projekte\/#primaryimage","url":"https:\/\/www.organisator.ch\/wp-content\/uploads\/2024\/06\/Klimastiftung_Bild1_ps.jpg","contentUrl":"https:\/\/www.organisator.ch\/wp-content\/uploads\/2024\/06\/Klimastiftung_Bild1_ps.jpg","width":680,"height":399,"caption":"VentoStream AG \u00fcberzeugt die Klimastiftung Schweiz mit dem Projekt \u00abTornado 1\u00bb. (Bild: VentoStream AG \/ www.maxcomm-green.com)"},{"@type":"BreadcrumbList","@id":"https:\/\/www.organisator.ch\/sustainability\/2024-06-05\/erste-foerderrunde-2024-chf-13-mio-fuer-10-klima-innovative-projekte\/#breadcrumb","itemListElement":[{"@type":"ListItem","position":1,"name":"Home","item":"https:\/\/www.organisator.ch\/"},{"@type":"ListItem","position":2,"name":"Erste F\u00f6rderrunde 2024: CHF 1,3 Mio. f\u00fcr 10 klima-innovative Projekte"}]},{"@type":"WebSite","@id":"https:\/\/www.organisator.ch\/#website","url":"https:\/\/www.organisator.ch\/","name":"Organisateur","description":"Comp\u00e9tence et comp\u00e9tence. Proches de la pratique. L'ORGANISATEUR pr\u00e9pare 10 num\u00e9ros par an sur les th\u00e8mes essentiels pour les dirigeants de PME.","publisher":{"@id":"https:\/\/www.organisator.ch\/#organization"},"potentialAction":[{"@type":"SearchAction","target":{"@type":"EntryPoint","urlTemplate":"https:\/\/www.organisator.ch\/?s={search_term_string}"},"query-input":{"@type":"PropertyValueSpecification","valueRequired":true,"valueName":"search_term_string"}}],"inLanguage":"fr-FR"},{"@type":"Organization","@id":"https:\/\/www.organisator.ch\/#organization","name":"Organisateur","url":"https:\/\/www.organisator.ch\/","logo":{"@type":"ImageObject","inLanguage":"fr-FR","@id":"https:\/\/www.organisator.ch\/#\/schema\/logo\/image\/","url":"https:\/\/www.organisator.ch\/wp-content\/uploads\/2022\/01\/Logo_Organisator_Website.png","contentUrl":"https:\/\/www.organisator.ch\/wp-content\/uploads\/2022\/01\/Logo_Organisator_Website.png","width":800,"height":77,"caption":"Organisator"},"image":{"@id":"https:\/\/www.organisator.ch\/#\/schema\/logo\/image\/"},"sameAs":["https:\/\/www.facebook.com\/OrganisatorFachmagazin","https:\/\/www.linkedin.com\/showcase\/organisator-das-magazin-fr-kmu","https:\/\/www.xing.com\/news\/pages\/organisator-ch-695","https:\/\/www.youtube.com\/channel\/UCGP2Sq0iWaZwT3BdIAQFYpw"]},{"@type":"Person","@id":"https:\/\/www.organisator.ch\/#\/schema\/person\/2e1314a2172123f874db408d8911d3f3","name":"Adelisa Kalajdzini","image":{"@type":"ImageObject","inLanguage":"fr-FR","@id":"https:\/\/secure.gravatar.com\/avatar\/09a397c22ac58cad6f160ee8306348599df9df58a8ede73696226897b9fa4b24?s=96&d=mm&r=g","url":"https:\/\/secure.gravatar.com\/avatar\/09a397c22ac58cad6f160ee8306348599df9df58a8ede73696226897b9fa4b24?s=96&d=mm&r=g","contentUrl":"https:\/\/secure.gravatar.com\/avatar\/09a397c22ac58cad6f160ee8306348599df9df58a8ede73696226897b9fa4b24?s=96&d=mm&r=g","caption":"Adelisa Kalajdzini"},"url":"https:\/\/www.organisator.ch\/fr\/author\/adelisa-kalajdzini\/"}]}},"_links":{"self":[{"href":"https:\/\/www.organisator.ch\/fr\/wp-json\/wp\/v2\/posts\/27443","targetHints":{"allow":["GET"]}}],"collection":[{"href":"https:\/\/www.organisator.ch\/fr\/wp-json\/wp\/v2\/posts"}],"about":[{"href":"https:\/\/www.organisator.ch\/fr\/wp-json\/wp\/v2\/types\/post"}],"author":[{"embeddable":true,"href":"https:\/\/www.organisator.ch\/fr\/wp-json\/wp\/v2\/users\/58"}],"replies":[{"embeddable":true,"href":"https:\/\/www.organisator.ch\/fr\/wp-json\/wp\/v2\/comments?post=27443"}],"version-history":[{"count":6,"href":"https:\/\/www.organisator.ch\/fr\/wp-json\/wp\/v2\/posts\/27443\/revisions"}],"predecessor-version":[{"id":27447,"href":"https:\/\/www.organisator.ch\/fr\/wp-json\/wp\/v2\/posts\/27443\/revisions\/27447"}],"wp:featuredmedia":[{"embeddable":true,"href":"https:\/\/www.organisator.ch\/fr\/wp-json\/wp\/v2\/media\/27445"}],"wp:attachment":[{"href":"https:\/\/www.organisator.ch\/fr\/wp-json\/wp\/v2\/media?parent=27443"}],"wp:term":[{"taxonomy":"category","embeddable":true,"href":"https:\/\/www.organisator.ch\/fr\/wp-json\/wp\/v2\/categories?post=27443"},{"taxonomy":"post_tag","embeddable":true,"href":"https:\/\/www.organisator.ch\/fr\/wp-json\/wp\/v2\/tags?post=27443"}],"curies":[{"name":"wp","href":"https:\/\/api.w.org\/{rel}","templated":true}]}}